{"id":2110,"date":"2023-12-27T10:57:51","date_gmt":"2023-12-27T13:57:51","guid":{"rendered":"https:\/\/nuevodigitaldeescobar.com.ar\/?p=2110"},"modified":"2023-12-27T10:58:03","modified_gmt":"2023-12-27T13:58:03","slug":"milei-propuso-la-creacion-de-la-tasa-kicillof-para-pagar-el-juicio-de-ypf-en-eeuu","status":"publish","type":"post","link":"https:\/\/nuevodigitaldeescobar.com.ar\/?p=2110","title":{"rendered":"Milei propuso la creaci\u00f3n de la \u201ctasa Kicillof\u201d para pagar el juicio de YPF en EEUU"},"content":{"rendered":"<p><span style=\"color: #003366;\"><strong><em>El Presidente anticip\u00f3 que se est\u00e1 trabajando en la propuesta de un \u201cbono perpetuo\u201d que afrontar\u00edan todos los argentinos \u201cpara pagar el desaguisado de un amateur\u201d, en referencia al gobernador bonaerense y ex ministro de Econom\u00eda.<\/em><\/strong><\/span><\/p>\n<p><!--more--><\/p>\n<hr \/>\n<p>El presidente de la Naci\u00f3n, Javier Milei, asegur\u00f3 que crear\u00e1 un impuesto con el nombre del gobernador de Buenos Aires, Axel Kicillof, para hacer frente a la deuda de USD 16.000 millones que tiene la Argentina con Burford Capital, por la reestatizaci\u00f3n de YPF.<\/p>\n<p><em>\u201cHay un problema, porque la plata no la tenemos, pero s\u00ed tenemos la voluntad de pagar. Una de las ideas en las que estamos trabajando, es crear la \u2018tasa Kicillof\u2019; que es pagarle a este fondo con un bono perpetuo. La idea es que los argentinos tengamos que pagar todos los a\u00f1os una determinada cantidad de d\u00f3lares gracias al error monstruoso que cometi\u00f3 Kicillof\u201d<\/em>, coment\u00f3 Milei en una entrevista.<\/p>\n<p><em>\u201cTodos los argentinos recordaremos esa barbaridad que hizo y que hace que todos los d\u00edas tengamos que estar poniendo una determinada cantidad de d\u00f3lares para pagar el error de un chico cuya perspectiva ideol\u00f3gica perjudic\u00f3 a 46 millones de argentinos\u201d<\/em>, agreg\u00f3.<\/p>\n<p><em>\u201cVamos a tener un nuevo impuesto que se llama tasa Kicillof, que es para pagar el desaguisado de un amateur, porque por m\u00e1s que sea doctor de la UBA, parece que esas materias no las estudi\u00f3. Es alguien que no tiene muy en claro c\u00f3mo funcionan las finanzas y los mercados\u201d<\/em>, agreg\u00f3 el primer mandatario.<\/p>\n<h3><span style=\"color: #003366;\"><strong>El rol de Kicillof en el juicio<\/strong><\/span><\/h3>\n<p>La Argentina perdi\u00f3 el juicio iniciado por Burford por una raz\u00f3n sencilla: viol\u00f3 el estatuto de la compa\u00f1\u00eda que expropi\u00f3, uno de cuyos art\u00edculos obligaba a quien quisiera adquirir la mayor\u00eda a hacer su oferta extensiva al conjunto de los accionistas.<\/p>\n<p>Entre los argumentos m\u00e1s contundentes que presentaron los demandantes y sopes\u00f3 la jueza estuvieron las palabras del entonces ministro de Econom\u00eda ante el Congreso de la Naci\u00f3n, flanqueado por el entonces ministro de Planificaci\u00f3n, Julio De Vido. All\u00ed, en un pasaje, Kicillof dijo <em>\u201cNo le vamos a pagar lo que ellos quieran, esos USD 10.000 millones. Los tarados son los que piensan que el Estado debe ser est\u00fapido y cumplir lo que dice la propia empresa\u201d<\/em>, en referencia al estatuto de YPF.<\/p>\n<p>El problema es que YPF cotizaba (y a\u00fan cotiza) en la bolsa de EEUU y su estatuto estaba registrado ante la SEC, la Comisi\u00f3n de Valores de ese pa\u00eds, por lo que deb\u00eda responder no solo ante la ley argentina, sino tambi\u00e9n ante la de EEUU.<\/p>\n<p>Fue por ese motivo que en julio de 2019 Guillermo Nielsen, considerado entonces <em>\u201cministeriable\u201d<\/em> del candidato Alberto Fern\u00e1ndez tild\u00f3 a Kicillof de <em>\u201cignorante\u201d<\/em> por la forma en que procedi\u00f3 a expropiar YPF. <em>\u201cUn ministro de Econom\u00eda, adem\u00e1s de saber de econom\u00eda, tiene que saber de leyes y el funcionamiento legal de los mercados de capitales. La legislaci\u00f3n en Argentina, y en el mercado central del planeta, que es Wall Street. Uno no hace lo que quiere. Uno hace lo que la ley le permite\u201d<\/em>, asegur\u00f3 entonces Nielsen.<\/p>\n<h3><span style=\"color: #003366;\"><strong>Negativa a la pr\u00f3rroga<\/strong><\/span><\/h3>\n<p>En el marco del juicio multimillonario en el que el Estado argentino ya fue condenado a pagar USD 16.000 millones por haberse quedado de manera indebida con la mayor\u00eda accionaria de la petrolera en 2012, la jueza Loretta Preska, a cargo de una corte del Distrito sur de Manhattan, determin\u00f3 que no le otorgar\u00e1 al pa\u00eds una pr\u00f3rroga de 30 d\u00edas que hab\u00eda solicitado para presentar avales. As\u00ed, si el pr\u00f3ximo 10 de enero, en 20 d\u00edas corridos, no se presentan avales por el total del monto en cuesti\u00f3n, el demandante del juicio podr\u00eda comenzar a pedir embargos contra el Estado.<\/p>\n<p>El juicio lo gan\u00f3 el estudio ingl\u00e9s Burford Capital, quien a su vez compr\u00f3 el derecho a litigar hace a\u00f1os a socios minoritarios de la empresa que aseguraron haber sido perjudicados porque Argentina no les dio el mismo tratamiento que a la espa\u00f1ola Repsol, a quien se le compr\u00f3 su paquete accionario por unos USD 5.000 millones. Finalmente, este a\u00f1o la jueza dijo que ese reclamo era v\u00e1lido y conden\u00f3 al Estado argentino.<\/p>\n<p><em>(Infobae)<\/em><\/p>\n","protected":false},"excerpt":{"rendered":"<p>El Presidente anticip\u00f3 que se est\u00e1 trabajando en la propuesta de un \u201cbono perpetuo\u201d que afrontar\u00edan todos los argentinos \u201cpara pagar el desaguisado de un [&hellip;]<\/p>\n","protected":false},"author":1,"featured_media":2111,"comment_status":"open","ping_status":"closed","sticky":false,"template":"","format":"standard","meta":{"footnotes":""},"categories":[10,6],"tags":[],"class_list":["post-2110","post","type-post","status-publish","format-standard","has-post-thumbnail","hentry","category-economia","category-politica"],"better_featured_image":{"id":2111,"alt_text":"","caption":"","description":"","media_type":"image","media_details":{"width":768,"height":432,"file":"2023\/12\/milei-kicillof.jpg","filesize":54270,"sizes":{"medium":{"file":"milei-kicillof-300x169.jpg","width":300,"height":169,"mime-type":"image\/jpeg","filesize":9770,"source_url":"https:\/\/nuevodigitaldeescobar.com.ar\/wp-content\/uploads\/2023\/12\/milei-kicillof-300x169.jpg"},"thumbnail":{"file":"milei-kicillof-150x150.jpg","width":150,"height":150,"mime-type":"image\/jpeg","filesize":4905,"source_url":"https:\/\/nuevodigitaldeescobar.com.ar\/wp-content\/uploads\/2023\/12\/milei-kicillof-150x150.jpg"},"covernews-medium":{"file":"milei-kicillof-540x340.jpg","width":540,"height":340,"mime-type":"image\/jpeg","filesize":25889,"source_url":"https:\/\/nuevodigitaldeescobar.com.ar\/wp-content\/uploads\/2023\/12\/milei-kicillof-540x340.jpg"},"covernews-medium-square":{"file":"milei-kicillof-400x250.jpg","width":400,"height":250,"mime-type":"image\/jpeg","filesize":16458,"source_url":"https:\/\/nuevodigitaldeescobar.com.ar\/wp-content\/uploads\/2023\/12\/milei-kicillof-400x250.jpg"}},"image_meta":{"aperture":"0","credit":"","camera":"","caption":"","created_timestamp":"0","copyright":"","focal_length":"0","iso":"0","shutter_speed":"0","title":"","orientation":"0","keywords":[]}},"post":2110,"source_url":"https:\/\/nuevodigitaldeescobar.com.ar\/wp-content\/uploads\/2023\/12\/milei-kicillof.jpg"},"yoast_head":"<!-- This site is optimized with the Yoast SEO plugin v26.1.1 - https:\/\/yoast.com\/wordpress\/plugins\/seo\/ -->\n<title>Milei propuso la creaci\u00f3n de la \u201ctasa Kicillof\u201d para pagar el juicio de YPF en EEUU - Nuevo Digital de Escobar<\/title>\n<meta name=\"robots\" content=\"index, follow, max-snippet:-1, max-image-preview:large, max-video-preview:-1\" \/>\n<link rel=\"canonical\" href=\"https:\/\/nuevodigitaldeescobar.com.ar\/?p=2110\" \/>\n<meta property=\"og:locale\" content=\"es_ES\" \/>\n<meta property=\"og:type\" content=\"article\" \/>\n<meta property=\"og:title\" content=\"Milei propuso la creaci\u00f3n de la \u201ctasa Kicillof\u201d para pagar el juicio de YPF en EEUU - Nuevo Digital de Escobar\" \/>\n<meta property=\"og:description\" content=\"El Presidente anticip\u00f3 que se est\u00e1 trabajando en la propuesta de un \u201cbono perpetuo\u201d que afrontar\u00edan todos los argentinos \u201cpara pagar el desaguisado de un [&hellip;]\" \/>\n<meta property=\"og:url\" content=\"https:\/\/nuevodigitaldeescobar.com.ar\/?p=2110\" \/>\n<meta property=\"og:site_name\" content=\"Nuevo Digital de Escobar\" \/>\n<meta property=\"article:publisher\" content=\"https:\/\/www.facebook.com\/NUEVODigitalDeEscobar\" \/>\n<meta property=\"article:published_time\" content=\"2023-12-27T13:57:51+00:00\" \/>\n<meta property=\"article:modified_time\" content=\"2023-12-27T13:58:03+00:00\" \/>\n<meta property=\"og:image\" content=\"https:\/\/nuevodigitaldeescobar.com.ar\/wp-content\/uploads\/2023\/12\/milei-kicillof.jpg\" \/>\n\t<meta property=\"og:image:width\" content=\"768\" \/>\n\t<meta property=\"og:image:height\" content=\"432\" \/>\n\t<meta property=\"og:image:type\" content=\"image\/jpeg\" \/>\n<meta name=\"author\" content=\"Redacci\u00f3n\" \/>\n<meta name=\"twitter:card\" content=\"summary_large_image\" \/>\n<meta name=\"twitter:creator\" content=\"@nuevodigescobar\" \/>\n<meta name=\"twitter:site\" content=\"@nuevodigescobar\" \/>\n<meta name=\"twitter:label1\" content=\"Escrito por\" \/>\n\t<meta name=\"twitter:data1\" content=\"Redacci\u00f3n\" \/>\n\t<meta name=\"twitter:label2\" content=\"Tiempo de lectura\" \/>\n\t<meta name=\"twitter:data2\" content=\"4 minutos\" \/>\n<script type=\"application\/ld+json\" class=\"yoast-schema-graph\">{\"@context\":\"https:\/\/schema.org\",\"@graph\":[{\"@type\":\"Article\",\"@id\":\"https:\/\/nuevodigitaldeescobar.com.ar\/?p=2110#article\",\"isPartOf\":{\"@id\":\"https:\/\/nuevodigitaldeescobar.com.ar\/?p=2110\"},\"author\":{\"name\":\"Redacci\u00f3n\",\"@id\":\"https:\/\/nuevodigitaldeescobar.com.ar\/#\/schema\/person\/035e90a8efe9a80e6eec22656ad6ea4c\"},\"headline\":\"Milei propuso la creaci\u00f3n de la \u201ctasa Kicillof\u201d para pagar el juicio de YPF en EEUU\",\"datePublished\":\"2023-12-27T13:57:51+00:00\",\"dateModified\":\"2023-12-27T13:58:03+00:00\",\"mainEntityOfPage\":{\"@id\":\"https:\/\/nuevodigitaldeescobar.com.ar\/?p=2110\"},\"wordCount\":739,\"commentCount\":0,\"publisher\":{\"@id\":\"https:\/\/nuevodigitaldeescobar.com.ar\/#organization\"},\"image\":{\"@id\":\"https:\/\/nuevodigitaldeescobar.com.ar\/?p=2110#primaryimage\"},\"thumbnailUrl\":\"https:\/\/nuevodigitaldeescobar.com.ar\/wp-content\/uploads\/2023\/12\/milei-kicillof.jpg\",\"articleSection\":[\"Econom\u00eda\",\"Pol\u00edtica\"],\"inLanguage\":\"es\",\"potentialAction\":[{\"@type\":\"CommentAction\",\"name\":\"Comment\",\"target\":[\"https:\/\/nuevodigitaldeescobar.com.ar\/?p=2110#respond\"]}]},{\"@type\":\"WebPage\",\"@id\":\"https:\/\/nuevodigitaldeescobar.com.ar\/?p=2110\",\"url\":\"https:\/\/nuevodigitaldeescobar.com.ar\/?p=2110\",\"name\":\"Milei propuso la creaci\u00f3n de la \u201ctasa Kicillof\u201d para pagar el juicio de YPF en EEUU - Nuevo Digital de Escobar\",\"isPartOf\":{\"@id\":\"https:\/\/nuevodigitaldeescobar.com.ar\/#website\"},\"primaryImageOfPage\":{\"@id\":\"https:\/\/nuevodigitaldeescobar.com.ar\/?p=2110#primaryimage\"},\"image\":{\"@id\":\"https:\/\/nuevodigitaldeescobar.com.ar\/?p=2110#primaryimage\"},\"thumbnailUrl\":\"https:\/\/nuevodigitaldeescobar.com.ar\/wp-content\/uploads\/2023\/12\/milei-kicillof.jpg\",\"datePublished\":\"2023-12-27T13:57:51+00:00\",\"dateModified\":\"2023-12-27T13:58:03+00:00\",\"breadcrumb\":{\"@id\":\"https:\/\/nuevodigitaldeescobar.com.ar\/?p=2110#breadcrumb\"},\"inLanguage\":\"es\",\"potentialAction\":[{\"@type\":\"ReadAction\",\"target\":[\"https:\/\/nuevodigitaldeescobar.com.ar\/?p=2110\"]}]},{\"@type\":\"ImageObject\",\"inLanguage\":\"es\",\"@id\":\"https:\/\/nuevodigitaldeescobar.com.ar\/?p=2110#primaryimage\",\"url\":\"https:\/\/nuevodigitaldeescobar.com.ar\/wp-content\/uploads\/2023\/12\/milei-kicillof.jpg\",\"contentUrl\":\"https:\/\/nuevodigitaldeescobar.com.ar\/wp-content\/uploads\/2023\/12\/milei-kicillof.jpg\",\"width\":768,\"height\":432},{\"@type\":\"BreadcrumbList\",\"@id\":\"https:\/\/nuevodigitaldeescobar.com.ar\/?p=2110#breadcrumb\",\"itemListElement\":[{\"@type\":\"ListItem\",\"position\":1,\"name\":\"Portada\",\"item\":\"https:\/\/nuevodigitaldeescobar.com.ar\/\"},{\"@type\":\"ListItem\",\"position\":2,\"name\":\"Milei propuso la creaci\u00f3n de la \u201ctasa Kicillof\u201d para pagar el juicio de YPF en EEUU\"}]},{\"@type\":\"WebSite\",\"@id\":\"https:\/\/nuevodigitaldeescobar.com.ar\/#website\",\"url\":\"https:\/\/nuevodigitaldeescobar.com.ar\/\",\"name\":\"Nuevo Digital de Escobar\",\"description\":\"La vida escobarense. Directora: Rosana Brunner\",\"publisher\":{\"@id\":\"https:\/\/nuevodigitaldeescobar.com.ar\/#organization\"},\"potentialAction\":[{\"@type\":\"SearchAction\",\"target\":{\"@type\":\"EntryPoint\",\"urlTemplate\":\"https:\/\/nuevodigitaldeescobar.com.ar\/?s={search_term_string}\"},\"query-input\":{\"@type\":\"PropertyValueSpecification\",\"valueRequired\":true,\"valueName\":\"search_term_string\"}}],\"inLanguage\":\"es\"},{\"@type\":\"Organization\",\"@id\":\"https:\/\/nuevodigitaldeescobar.com.ar\/#organization\",\"name\":\"Nuevo Digital de Escobar\",\"url\":\"https:\/\/nuevodigitaldeescobar.com.ar\/\",\"logo\":{\"@type\":\"ImageObject\",\"inLanguage\":\"es\",\"@id\":\"https:\/\/nuevodigitaldeescobar.com.ar\/#\/schema\/logo\/image\/\",\"url\":\"https:\/\/nuevodigitaldeescobar.com.ar\/wp-content\/uploads\/2025\/05\/cropped-logo-nuevo2.jpg\",\"contentUrl\":\"https:\/\/nuevodigitaldeescobar.com.ar\/wp-content\/uploads\/2025\/05\/cropped-logo-nuevo2.jpg\",\"width\":305,\"height\":305,\"caption\":\"Nuevo Digital de Escobar\"},\"image\":{\"@id\":\"https:\/\/nuevodigitaldeescobar.com.ar\/#\/schema\/logo\/image\/\"},\"sameAs\":[\"https:\/\/www.facebook.com\/NUEVODigitalDeEscobar\",\"https:\/\/x.com\/nuevodigescobar\",\"https:\/\/www.instagram.com\/nuevodigitaldeescobar\"]},{\"@type\":\"Person\",\"@id\":\"https:\/\/nuevodigitaldeescobar.com.ar\/#\/schema\/person\/035e90a8efe9a80e6eec22656ad6ea4c\",\"name\":\"Redacci\u00f3n\",\"image\":{\"@type\":\"ImageObject\",\"inLanguage\":\"es\",\"@id\":\"https:\/\/nuevodigitaldeescobar.com.ar\/#\/schema\/person\/image\/\",\"url\":\"https:\/\/secure.gravatar.com\/avatar\/8af8f40000c24e9eef3034f2be5998a372bb1389e64b1a4a36b3a7979142220d?s=96&d=mm&r=g\",\"contentUrl\":\"https:\/\/secure.gravatar.com\/avatar\/8af8f40000c24e9eef3034f2be5998a372bb1389e64b1a4a36b3a7979142220d?s=96&d=mm&r=g\",\"caption\":\"Redacci\u00f3n\"},\"sameAs\":[\"http:\/\/nuevodigitaldeescobar.com.ar\"],\"url\":\"https:\/\/nuevodigitaldeescobar.com.ar\/?author=1\"}]}<\/script>\n<!-- \/ Yoast SEO plugin. -->","yoast_head_json":{"title":"Milei propuso la creaci\u00f3n de la \u201ctasa Kicillof\u201d para pagar el juicio de YPF en EEUU - Nuevo Digital de Escobar","robots":{"index":"index","follow":"follow","max-snippet":"max-snippet:-1","max-image-preview":"max-image-preview:large","max-video-preview":"max-video-preview:-1"},"canonical":"https:\/\/nuevodigitaldeescobar.com.ar\/?p=2110","og_locale":"es_ES","og_type":"article","og_title":"Milei propuso la creaci\u00f3n de la \u201ctasa Kicillof\u201d para pagar el juicio de YPF en EEUU - Nuevo Digital de Escobar","og_description":"El Presidente anticip\u00f3 que se est\u00e1 trabajando en la propuesta de un \u201cbono perpetuo\u201d que afrontar\u00edan todos los argentinos \u201cpara pagar el desaguisado de un [&hellip;]","og_url":"https:\/\/nuevodigitaldeescobar.com.ar\/?p=2110","og_site_name":"Nuevo Digital de Escobar","article_publisher":"https:\/\/www.facebook.com\/NUEVODigitalDeEscobar","article_published_time":"2023-12-27T13:57:51+00:00","article_modified_time":"2023-12-27T13:58:03+00:00","og_image":[{"width":768,"height":432,"url":"https:\/\/nuevodigitaldeescobar.com.ar\/wp-content\/uploads\/2023\/12\/milei-kicillof.jpg","type":"image\/jpeg"}],"author":"Redacci\u00f3n","twitter_card":"summary_large_image","twitter_creator":"@nuevodigescobar","twitter_site":"@nuevodigescobar","twitter_misc":{"Escrito por":"Redacci\u00f3n","Tiempo de lectura":"4 minutos"},"schema":{"@context":"https:\/\/schema.org","@graph":[{"@type":"Article","@id":"https:\/\/nuevodigitaldeescobar.com.ar\/?p=2110#article","isPartOf":{"@id":"https:\/\/nuevodigitaldeescobar.com.ar\/?p=2110"},"author":{"name":"Redacci\u00f3n","@id":"https:\/\/nuevodigitaldeescobar.com.ar\/#\/schema\/person\/035e90a8efe9a80e6eec22656ad6ea4c"},"headline":"Milei propuso la creaci\u00f3n de la \u201ctasa Kicillof\u201d para pagar el juicio de YPF en EEUU","datePublished":"2023-12-27T13:57:51+00:00","dateModified":"2023-12-27T13:58:03+00:00","mainEntityOfPage":{"@id":"https:\/\/nuevodigitaldeescobar.com.ar\/?p=2110"},"wordCount":739,"commentCount":0,"publisher":{"@id":"https:\/\/nuevodigitaldeescobar.com.ar\/#organization"},"image":{"@id":"https:\/\/nuevodigitaldeescobar.com.ar\/?p=2110#primaryimage"},"thumbnailUrl":"https:\/\/nuevodigitaldeescobar.com.ar\/wp-content\/uploads\/2023\/12\/milei-kicillof.jpg","articleSection":["Econom\u00eda","Pol\u00edtica"],"inLanguage":"es","potentialAction":[{"@type":"CommentAction","name":"Comment","target":["https:\/\/nuevodigitaldeescobar.com.ar\/?p=2110#respond"]}]},{"@type":"WebPage","@id":"https:\/\/nuevodigitaldeescobar.com.ar\/?p=2110","url":"https:\/\/nuevodigitaldeescobar.com.ar\/?p=2110","name":"Milei propuso la creaci\u00f3n de la \u201ctasa Kicillof\u201d para pagar el juicio de YPF en EEUU - Nuevo Digital de Escobar","isPartOf":{"@id":"https:\/\/nuevodigitaldeescobar.com.ar\/#website"},"primaryImageOfPage":{"@id":"https:\/\/nuevodigitaldeescobar.com.ar\/?p=2110#primaryimage"},"image":{"@id":"https:\/\/nuevodigitaldeescobar.com.ar\/?p=2110#primaryimage"},"thumbnailUrl":"https:\/\/nuevodigitaldeescobar.com.ar\/wp-content\/uploads\/2023\/12\/milei-kicillof.jpg","datePublished":"2023-12-27T13:57:51+00:00","dateModified":"2023-12-27T13:58:03+00:00","breadcrumb":{"@id":"https:\/\/nuevodigitaldeescobar.com.ar\/?p=2110#breadcrumb"},"inLanguage":"es","potentialAction":[{"@type":"ReadAction","target":["https:\/\/nuevodigitaldeescobar.com.ar\/?p=2110"]}]},{"@type":"ImageObject","inLanguage":"es","@id":"https:\/\/nuevodigitaldeescobar.com.ar\/?p=2110#primaryimage","url":"https:\/\/nuevodigitaldeescobar.com.ar\/wp-content\/uploads\/2023\/12\/milei-kicillof.jpg","contentUrl":"https:\/\/nuevodigitaldeescobar.com.ar\/wp-content\/uploads\/2023\/12\/milei-kicillof.jpg","width":768,"height":432},{"@type":"BreadcrumbList","@id":"https:\/\/nuevodigitaldeescobar.com.ar\/?p=2110#breadcrumb","itemListElement":[{"@type":"ListItem","position":1,"name":"Portada","item":"https:\/\/nuevodigitaldeescobar.com.ar\/"},{"@type":"ListItem","position":2,"name":"Milei propuso la creaci\u00f3n de la \u201ctasa Kicillof\u201d para pagar el juicio de YPF en EEUU"}]},{"@type":"WebSite","@id":"https:\/\/nuevodigitaldeescobar.com.ar\/#website","url":"https:\/\/nuevodigitaldeescobar.com.ar\/","name":"Nuevo Digital de Escobar","description":"La vida escobarense. Directora: Rosana Brunner","publisher":{"@id":"https:\/\/nuevodigitaldeescobar.com.ar\/#organization"},"potentialAction":[{"@type":"SearchAction","target":{"@type":"EntryPoint","urlTemplate":"https:\/\/nuevodigitaldeescobar.com.ar\/?s={search_term_string}"},"query-input":{"@type":"PropertyValueSpecification","valueRequired":true,"valueName":"search_term_string"}}],"inLanguage":"es"},{"@type":"Organization","@id":"https:\/\/nuevodigitaldeescobar.com.ar\/#organization","name":"Nuevo Digital de Escobar","url":"https:\/\/nuevodigitaldeescobar.com.ar\/","logo":{"@type":"ImageObject","inLanguage":"es","@id":"https:\/\/nuevodigitaldeescobar.com.ar\/#\/schema\/logo\/image\/","url":"https:\/\/nuevodigitaldeescobar.com.ar\/wp-content\/uploads\/2025\/05\/cropped-logo-nuevo2.jpg","contentUrl":"https:\/\/nuevodigitaldeescobar.com.ar\/wp-content\/uploads\/2025\/05\/cropped-logo-nuevo2.jpg","width":305,"height":305,"caption":"Nuevo Digital de Escobar"},"image":{"@id":"https:\/\/nuevodigitaldeescobar.com.ar\/#\/schema\/logo\/image\/"},"sameAs":["https:\/\/www.facebook.com\/NUEVODigitalDeEscobar","https:\/\/x.com\/nuevodigescobar","https:\/\/www.instagram.com\/nuevodigitaldeescobar"]},{"@type":"Person","@id":"https:\/\/nuevodigitaldeescobar.com.ar\/#\/schema\/person\/035e90a8efe9a80e6eec22656ad6ea4c","name":"Redacci\u00f3n","image":{"@type":"ImageObject","inLanguage":"es","@id":"https:\/\/nuevodigitaldeescobar.com.ar\/#\/schema\/person\/image\/","url":"https:\/\/secure.gravatar.com\/avatar\/8af8f40000c24e9eef3034f2be5998a372bb1389e64b1a4a36b3a7979142220d?s=96&d=mm&r=g","contentUrl":"https:\/\/secure.gravatar.com\/avatar\/8af8f40000c24e9eef3034f2be5998a372bb1389e64b1a4a36b3a7979142220d?s=96&d=mm&r=g","caption":"Redacci\u00f3n"},"sameAs":["http:\/\/nuevodigitaldeescobar.com.ar"],"url":"https:\/\/nuevodigitaldeescobar.com.ar\/?author=1"}]}},"featured_image_urls":{"full":["https:\/\/nuevodigitaldeescobar.com.ar\/wp-content\/uploads\/2023\/12\/milei-kicillof.jpg",768,432,false],"thumbnail":["https:\/\/nuevodigitaldeescobar.com.ar\/wp-content\/uploads\/2023\/12\/milei-kicillof-150x150.jpg",150,150,true],"medium":["https:\/\/nuevodigitaldeescobar.com.ar\/wp-content\/uploads\/2023\/12\/milei-kicillof-300x169.jpg",300,169,true],"medium_large":["https:\/\/nuevodigitaldeescobar.com.ar\/wp-content\/uploads\/2023\/12\/milei-kicillof.jpg",640,360,false],"large":["https:\/\/nuevodigitaldeescobar.com.ar\/wp-content\/uploads\/2023\/12\/milei-kicillof.jpg",640,360,false],"1536x1536":["https:\/\/nuevodigitaldeescobar.com.ar\/wp-content\/uploads\/2023\/12\/milei-kicillof.jpg",768,432,false],"2048x2048":["https:\/\/nuevodigitaldeescobar.com.ar\/wp-content\/uploads\/2023\/12\/milei-kicillof.jpg",768,432,false]},"author_info":{"display_name":"Redacci\u00f3n","author_link":"https:\/\/nuevodigitaldeescobar.com.ar\/?author=1"},"category_info":"<a href=\"https:\/\/nuevodigitaldeescobar.com.ar\/?cat=10\" rel=\"category\">Econom\u00eda<\/a> <a href=\"https:\/\/nuevodigitaldeescobar.com.ar\/?cat=6\" rel=\"category\">Pol\u00edtica<\/a>","tag_info":"Pol\u00edtica","comment_count":"0","_links":{"self":[{"href":"https:\/\/nuevodigitaldeescobar.com.ar\/index.php?rest_route=\/wp\/v2\/posts\/2110","targetHints":{"allow":["GET"]}}],"collection":[{"href":"https:\/\/nuevodigitaldeescobar.com.ar\/index.php?rest_route=\/wp\/v2\/posts"}],"about":[{"href":"https:\/\/nuevodigitaldeescobar.com.ar\/index.php?rest_route=\/wp\/v2\/types\/post"}],"author":[{"embeddable":true,"href":"https:\/\/nuevodigitaldeescobar.com.ar\/index.php?rest_route=\/wp\/v2\/users\/1"}],"replies":[{"embeddable":true,"href":"https:\/\/nuevodigitaldeescobar.com.ar\/index.php?rest_route=%2Fwp%2Fv2%2Fcomments&post=2110"}],"version-history":[{"count":1,"href":"https:\/\/nuevodigitaldeescobar.com.ar\/index.php?rest_route=\/wp\/v2\/posts\/2110\/revisions"}],"predecessor-version":[{"id":2112,"href":"https:\/\/nuevodigitaldeescobar.com.ar\/index.php?rest_route=\/wp\/v2\/posts\/2110\/revisions\/2112"}],"wp:featuredmedia":[{"embeddable":true,"href":"https:\/\/nuevodigitaldeescobar.com.ar\/index.php?rest_route=\/wp\/v2\/media\/2111"}],"wp:attachment":[{"href":"https:\/\/nuevodigitaldeescobar.com.ar\/index.php?rest_route=%2Fwp%2Fv2%2Fmedia&parent=2110"}],"wp:term":[{"taxonomy":"category","embeddable":true,"href":"https:\/\/nuevodigitaldeescobar.com.ar\/index.php?rest_route=%2Fwp%2Fv2%2Fcategories&post=2110"},{"taxonomy":"post_tag","embeddable":true,"href":"https:\/\/nuevodigitaldeescobar.com.ar\/index.php?rest_route=%2Fwp%2Fv2%2Ftags&post=2110"}],"curies":[{"name":"wp","href":"https:\/\/api.w.org\/{rel}","templated":true}]}}