{"id":2116,"date":"2023-12-27T12:35:32","date_gmt":"2023-12-27T15:35:32","guid":{"rendered":"https:\/\/nuevodigitaldeescobar.com.ar\/?p=2116"},"modified":"2023-12-27T12:35:43","modified_gmt":"2023-12-27T15:35:43","slug":"el-gobierno-delego-el-control-de-varias-areas-estatales-al-ministerio-de-capital-humano","status":"publish","type":"post","link":"https:\/\/nuevodigitaldeescobar.com.ar\/?p=2116","title":{"rendered":"El Gobierno deleg\u00f3 el control de varias \u00e1reas estatales al Ministerio de Capital Humano"},"content":{"rendered":"<p><span style=\"color: #003366;\"><strong><em>A partir de la asunci\u00f3n de Milei como presidente, la administraci\u00f3n nacional fue modificada en su funcionamiento, ya que se dispuso que varios ministerios se transformen en secretar\u00edas y subsecretar\u00edas.<\/em><\/strong><\/span><\/p>\n<p><!--more--><\/p>\n<hr \/>\n<p>El Gobierno nacional oficializ\u00f3 una nueva reforma en la distribuci\u00f3n de los organismos descentralizados, debido a que varios de ellos dejar\u00e1n de depender del Poder Ejecutivo Nacional y pasar\u00e1n a estar bajo la \u00f3rbita del Ministerio de Capital Humano. De esta manera, solo quedar\u00e1n dos entes a cargo de la Presidencia de la Naci\u00f3n.<\/p>\n<p>Por medio del <a href=\"https:\/\/www.boletinoficial.gob.ar\/detalleAviso\/primera\/301353\/20231227\">Decreto 86\/2023<\/a> publicado en el Bolet\u00edn Oficial, el presidente Javier Milei dispuso que el Consejo Nacional de Coordinaci\u00f3n de Pol\u00edticas Sociales comenzar\u00e1 a depender de la ministra de Capital Humano, Sandra Pettovello, quien asumir\u00e1 la responsabilidad de planificar y coordinar la gesti\u00f3n, formulaci\u00f3n y definici\u00f3n de pol\u00edticas sociales con el objetivo de optimizar la asignaci\u00f3n de los recursos estatales.<\/p>\n<p>En cuanto a la Casa Patria Grande <em>\u201cPresidente N\u00e9stor Carlos Kirchner\u201d<\/em>, \u00e9sta funcionar\u00e1 como un ente desconcentrado dentro de la \u00f3rbita del superministerio y mantendr\u00e1 como misi\u00f3n la promoci\u00f3n de la integraci\u00f3n cultural, pol\u00edtica, econ\u00f3mica y social de los pueblos latinoamericanos. Adem\u00e1s, tendr\u00e1 la finalidad de constituirse en un espacio especial para la juventud.<\/p>\n<p>Por otro lado, el nuevo organigrama de las subsecretar\u00edas que depender\u00e1n del Ministerio de Capital Humano quedar\u00e1 conformado de la siguiente manera:<\/p>\n<p><span style=\"color: #003366;\"><strong>-Ministerio de Capital Humano<\/strong><\/span><\/p>\n<ul>\n<li>Unidad Gabinete de Asesores<\/li>\n<li>Subsecretar\u00eda de Protecci\u00f3n contra la Violencia de G\u00e9nero<\/li>\n<\/ul>\n<p><span style=\"color: #003366;\"><strong>-Secretar\u00eda de Coordinaci\u00f3n Legal y Administrativa<\/strong><\/span><\/p>\n<ul>\n<li>Subsecretar\u00eda Legal<\/li>\n<li>Subsecretar\u00eda de Gesti\u00f3n Administrativa<\/li>\n<\/ul>\n<p><span style=\"color: #003366;\"><strong>-Secretar\u00eda de Educaci\u00f3n<\/strong><\/span><\/p>\n<ul>\n<li>Subsecretar\u00eda de Pol\u00edticas e Innovaci\u00f3n Educativa<\/li>\n<li>Subsecretar\u00eda de Informaci\u00f3n y Evaluaci\u00f3n Educativa<\/li>\n<li>Subsecretar\u00eda de Pol\u00edticas Universitarias<\/li>\n<li>Subsecretar\u00eda de Gesti\u00f3n Administrativa de Educaci\u00f3n<\/li>\n<\/ul>\n<p><span style=\"color: #003366;\"><strong>-Secretar\u00eda de Trabajo, Empleo y Seguridad Social<\/strong><\/span><\/p>\n<ul>\n<li>Subsecretar\u00eda de Relaciones del Trabajo<\/li>\n<li>Subsecretar\u00eda de Empleo y Formaci\u00f3n Laboral<\/li>\n<li>Subsecretar\u00eda de Seguridad Social<\/li>\n<li>Subsecretar\u00eda de Gesti\u00f3n Administrativa de Trabajo, Empleo y Seguridad Social<\/li>\n<\/ul>\n<p><span style=\"color: #003366;\"><strong>-Secretar\u00eda de Cultura<\/strong><\/span><\/p>\n<ul>\n<li>Subsecretar\u00eda de Gesti\u00f3n y Desarrollo Cultural<\/li>\n<li>Subsecretar\u00eda de Patrimonio Cultural<\/li>\n<li>Subsecretar\u00eda de Promoci\u00f3n Cultural y Art\u00edstica<\/li>\n<\/ul>\n<p><span style=\"color: #003366;\"><strong>-Secretar\u00eda Nacional de Ni\u00f1ez, Adolescencia y Familia<\/strong><\/span><\/p>\n<ul>\n<li>Subsecretar\u00eda de Pol\u00edticas Familiares<\/li>\n<li>Subsecretar\u00eda de Pol\u00edticas Sociales<\/li>\n<li>Subsecretar\u00eda de Pol\u00edticas Territoriales y Desarrollo Humano<\/li>\n<li>Subsecretar\u00eda de Innovaci\u00f3n en Econom\u00eda Solidaria<\/li>\n<li>Subsecretar\u00eda de Gesti\u00f3n Administrativa de Ni\u00f1ez, Adolescencia y Familia<\/li>\n<\/ul>\n<p>En el caso del organigrama que quedar\u00e1 supeditado a la Presidencia de la Naci\u00f3n, \u00e9ste solamente ser\u00e1 conformado por la Sindicatura General de la Naci\u00f3n, encargado de coordinar las actividades del sector p\u00fablico nacional, y la Agencia Federal de Inteligencia (AFI) que fue creada para velar por la protecci\u00f3n y el cuidado de los argentinos.<\/p>\n<p>Por otro lado, el diagrama organizativo de los entes que estar\u00e1n subordinados al Ministerio de Capital Humano incluir\u00e1 a los siguientes organismos desconcentrados:<\/p>\n<p><span style=\"color: #003366;\"><strong>-Casa Patria Grande \u201cPresidente N\u00e9stor Carlos Kirchner\u201d<\/strong><\/span><\/p>\n<p><span style=\"color: #003366;\"><strong>-Instituto Nacional de Juventudes (INJUVE)<\/strong><\/span><\/p>\n<p><span style=\"color: #003366;\"><strong>-Consejo Nacional de Coordinaci\u00f3n de Pol\u00edticas Sociales<\/strong><\/span><\/p>\n<p><span style=\"color: #003366;\"><strong>-Secretar\u00eda de Educaci\u00f3n<\/strong><\/span><\/p>\n<ul>\n<li>Instituto Nacional de Educaci\u00f3n Tecnol\u00f3gica<\/li>\n<li>Instituto Nacional de Formaci\u00f3n Docente<\/li>\n<\/ul>\n<p><span style=\"color: #003366;\"><strong>-Secretar\u00eda de Cultura<\/strong><\/span><\/p>\n<ul>\n<li>Comisi\u00f3n Nacional Protectora de Bibliotecas Populares<\/li>\n<li>Comisi\u00f3n Nacional de Monumentos, de Lugares y de Bienes Hist\u00f3ricos<\/li>\n<\/ul>\n<p><span style=\"color: #003366;\"><strong>-Subsecretar\u00eda de Gesti\u00f3n y Desarrollo Cultural<\/strong><\/span><\/p>\n<ul>\n<li>Centro Cultural del Bicentenario \u201cPresidente Dr. N\u00e9stor Carlos Kirchner\u201d<\/li>\n<li>Parque Tecn\u00f3polis del Bicentenario, Ciencia, Tecnolog\u00eda, Cultura y Arte<\/li>\n<\/ul>\n<p><span style=\"color: #003366;\"><strong>-Subsecretar\u00eda de Patrimonio Cultural<\/strong><\/span><\/p>\n<ul>\n<li>Museo Nacional de Bellas Artes<\/li>\n<li>Instituto Nacional Sanmartiniano<\/li>\n<li>Instituto Nacional Yeigoyeneano<\/li>\n<li>Instituto Nacional Belgraniano<\/li>\n<li>Instituto Nacional de Investigaciones Hist\u00f3ricas \u201cJuan Manuel de Rosas\u201d<\/li>\n<li>Instituto Nacional Browniano<\/li>\n<li>Instituto Nacional Newberiano<\/li>\n<li>Instituto Nacional de Investigaciones Hist\u00f3ricas \u201cEva Per\u00f3n\u201d<\/li>\n<\/ul>\n<p><span style=\"color: #003366;\"><strong>-Secretar\u00eda Nacional de Ni\u00f1ez, Adolescencia y Familia<\/strong><\/span><\/p>\n<p><span style=\"color: #003366;\"><strong>-Comisi\u00f3n Nacional de Coordinaci\u00f3n del Programa de Promoci\u00f3n del Microcr\u00e9dito para el Desarrollo de la Econom\u00eda Social.<\/strong><\/span><\/p>\n<p>Los organismos descentralizados que se concentrar\u00e1n en la cartera administrada por Pettovello ser\u00e1n:<\/p>\n<ul>\n<li>Biblioteca Nacional Doctor Mariano Moreno<\/li>\n<li>Cinemateca y Archivo de la Imagen Nacional<\/li>\n<li>Instituto Nacional \u201cJuan D. Per\u00f3n\u201d de Estudios e Investigaciones Hist\u00f3ricas, Sociales y Pol\u00edticas<\/li>\n<li>Ballet Nacional<\/li>\n<li>Instituto Nacional de Asociativismo y Econom\u00eda Social (INAES)<\/li>\n<li>Instituto Nacional de la Agricultura Familiar, Campesina e Indigena<\/li>\n<li>Fundaci\u00f3n Miguel Lillo<\/li>\n<\/ul>\n<p><span style=\"color: #003366;\"><strong>-Subsecretar\u00eda de Pol\u00edticas Universitarias<\/strong><\/span><\/p>\n<ul>\n<li>Comisi\u00f3n Nacional de Evaluaci\u00f3n y Acreditaci\u00f3n Universitaria (CONEAU)<\/li>\n<\/ul>\n<p><span style=\"color: #003366;\"><strong>-Secretar\u00eda de Trabajo, Empleo y Seguridad Social<\/strong><\/span><\/p>\n<ul>\n<li>Superintendencia de Riesgo del Trabajo<\/li>\n<li>Subsecretar\u00eda de Seguridad Social<\/li>\n<li>Administraci\u00f3n Nacional de la Seguridad Social (ANSES)<\/li>\n<\/ul>\n<p><span style=\"color: #003366;\"><strong>-Secretar\u00eda de Cultura<\/strong><\/span><\/p>\n<ul>\n<li>Fondo Nacional de las Artes<\/li>\n<li>Teatro Nacional Cervantes<\/li>\n<li>Instituto Nacional del Teatro<\/li>\n<li>Empresas y Entes del Sector P\u00fablico Nacional<\/li>\n<\/ul>\n<p><span style=\"color: #003366;\"><strong>-Secretar\u00eda de Educaci\u00f3n<\/strong><\/span><\/p>\n<ul>\n<li>Servicio de Radio y Televisi\u00f3n de la Universidad Nacional de C\u00f3rdoba (SRT-UNC)<\/li>\n<li>Radio de la Universidad Nacional del Litoral (LT10-UNL)<\/li>\n<li>AR Sociedad del Estado<\/li>\n<\/ul>\n<p><span style=\"color: #003366;\"><strong>-Secretar\u00eda de Trabajo, Empleo y Seguridad Social<\/strong><\/span><\/p>\n<ul>\n<li>Registro Nacional de Trabajadores Rurales y Empleadores (RENATRE)<\/li>\n<\/ul>\n<p><span style=\"color: #003366;\"><strong>-Secretar\u00eda de Cultura<\/strong><\/span><\/p>\n<ul>\n<li>Instituto Nacional de Cine y Artes Audiovisuales (INCAA)<\/li>\n<li>Instituto Nacional de la M\u00fasica<\/li>\n<\/ul>\n<p><em>(Infobae)<\/em><\/p>\n","protected":false},"excerpt":{"rendered":"<p>A partir de la asunci\u00f3n de Milei como presidente, la administraci\u00f3n nacional fue modificada en su funcionamiento, ya que se dispuso que varios ministerios se [&hellip;]<\/p>\n","protected":false},"author":1,"featured_media":2117,"comment_status":"open","ping_status":"closed","sticky":false,"template":"","format":"standard","meta":{"footnotes":""},"categories":[7],"tags":[],"class_list":["post-2116","post","type-post","status-publish","format-standard","has-post-thumbnail","hentry","category-interes-general"],"better_featured_image":{"id":2117,"alt_text":"","caption":"","description":"","media_type":"image","media_details":{"width":768,"height":432,"file":"2023\/12\/casa-rosada-1.jpg","filesize":104958,"sizes":{"medium":{"file":"casa-rosada-1-300x169.jpg","width":300,"height":169,"mime-type":"image\/jpeg","filesize":13203,"source_url":"https:\/\/nuevodigitaldeescobar.com.ar\/wp-content\/uploads\/2023\/12\/casa-rosada-1-300x169.jpg"},"thumbnail":{"file":"casa-rosada-1-150x150.jpg","width":150,"height":150,"mime-type":"image\/jpeg","filesize":6121,"source_url":"https:\/\/nuevodigitaldeescobar.com.ar\/wp-content\/uploads\/2023\/12\/casa-rosada-1-150x150.jpg"},"covernews-medium":{"file":"casa-rosada-1-540x340.jpg","width":540,"height":340,"mime-type":"image\/jpeg","filesize":40891,"source_url":"https:\/\/nuevodigitaldeescobar.com.ar\/wp-content\/uploads\/2023\/12\/casa-rosada-1-540x340.jpg"},"covernews-medium-square":{"file":"casa-rosada-1-400x250.jpg","width":400,"height":250,"mime-type":"image\/jpeg","filesize":23701,"source_url":"https:\/\/nuevodigitaldeescobar.com.ar\/wp-content\/uploads\/2023\/12\/casa-rosada-1-400x250.jpg"}},"image_meta":{"aperture":"0","credit":"","camera":"","caption":"","created_timestamp":"0","copyright":"","focal_length":"0","iso":"0","shutter_speed":"0","title":"","orientation":"0","keywords":[]}},"post":2116,"source_url":"https:\/\/nuevodigitaldeescobar.com.ar\/wp-content\/uploads\/2023\/12\/casa-rosada-1.jpg"},"yoast_head":"<!-- This site is optimized with the Yoast SEO plugin v26.1.1 - https:\/\/yoast.com\/wordpress\/plugins\/seo\/ -->\n<title>El Gobierno deleg\u00f3 el control de varias \u00e1reas estatales al Ministerio de Capital Humano - Nuevo Digital de Escobar<\/title>\n<meta name=\"robots\" content=\"index, follow, max-snippet:-1, max-image-preview:large, max-video-preview:-1\" \/>\n<link rel=\"canonical\" href=\"https:\/\/nuevodigitaldeescobar.com.ar\/?p=2116\" \/>\n<meta property=\"og:locale\" content=\"es_ES\" \/>\n<meta property=\"og:type\" content=\"article\" \/>\n<meta property=\"og:title\" content=\"El Gobierno deleg\u00f3 el control de varias \u00e1reas estatales al Ministerio de Capital Humano - Nuevo Digital de Escobar\" \/>\n<meta property=\"og:description\" content=\"A partir de la asunci\u00f3n de Milei como presidente, la administraci\u00f3n nacional fue modificada en su funcionamiento, ya que se dispuso que varios ministerios se [&hellip;]\" \/>\n<meta property=\"og:url\" content=\"https:\/\/nuevodigitaldeescobar.com.ar\/?p=2116\" \/>\n<meta property=\"og:site_name\" content=\"Nuevo Digital de Escobar\" \/>\n<meta property=\"article:publisher\" content=\"https:\/\/www.facebook.com\/NUEVODigitalDeEscobar\" \/>\n<meta property=\"article:published_time\" content=\"2023-12-27T15:35:32+00:00\" \/>\n<meta property=\"article:modified_time\" content=\"2023-12-27T15:35:43+00:00\" \/>\n<meta property=\"og:image\" content=\"https:\/\/nuevodigitaldeescobar.com.ar\/wp-content\/uploads\/2023\/12\/casa-rosada-1.jpg\" \/>\n\t<meta property=\"og:image:width\" content=\"768\" \/>\n\t<meta property=\"og:image:height\" content=\"432\" \/>\n\t<meta property=\"og:image:type\" content=\"image\/jpeg\" \/>\n<meta name=\"author\" content=\"Redacci\u00f3n\" \/>\n<meta name=\"twitter:card\" content=\"summary_large_image\" \/>\n<meta name=\"twitter:creator\" content=\"@nuevodigescobar\" \/>\n<meta name=\"twitter:site\" content=\"@nuevodigescobar\" \/>\n<meta name=\"twitter:label1\" content=\"Escrito por\" \/>\n\t<meta name=\"twitter:data1\" content=\"Redacci\u00f3n\" \/>\n\t<meta name=\"twitter:label2\" content=\"Tiempo de lectura\" \/>\n\t<meta name=\"twitter:data2\" content=\"4 minutos\" \/>\n<script type=\"application\/ld+json\" class=\"yoast-schema-graph\">{\"@context\":\"https:\/\/schema.org\",\"@graph\":[{\"@type\":\"Article\",\"@id\":\"https:\/\/nuevodigitaldeescobar.com.ar\/?p=2116#article\",\"isPartOf\":{\"@id\":\"https:\/\/nuevodigitaldeescobar.com.ar\/?p=2116\"},\"author\":{\"name\":\"Redacci\u00f3n\",\"@id\":\"https:\/\/nuevodigitaldeescobar.com.ar\/#\/schema\/person\/035e90a8efe9a80e6eec22656ad6ea4c\"},\"headline\":\"El Gobierno deleg\u00f3 el control de varias \u00e1reas estatales al Ministerio de Capital Humano\",\"datePublished\":\"2023-12-27T15:35:32+00:00\",\"dateModified\":\"2023-12-27T15:35:43+00:00\",\"mainEntityOfPage\":{\"@id\":\"https:\/\/nuevodigitaldeescobar.com.ar\/?p=2116\"},\"wordCount\":902,\"commentCount\":0,\"publisher\":{\"@id\":\"https:\/\/nuevodigitaldeescobar.com.ar\/#organization\"},\"image\":{\"@id\":\"https:\/\/nuevodigitaldeescobar.com.ar\/?p=2116#primaryimage\"},\"thumbnailUrl\":\"https:\/\/nuevodigitaldeescobar.com.ar\/wp-content\/uploads\/2023\/12\/casa-rosada-1.jpg\",\"articleSection\":[\"Inter\u00e9s general\"],\"inLanguage\":\"es\",\"potentialAction\":[{\"@type\":\"CommentAction\",\"name\":\"Comment\",\"target\":[\"https:\/\/nuevodigitaldeescobar.com.ar\/?p=2116#respond\"]}]},{\"@type\":\"WebPage\",\"@id\":\"https:\/\/nuevodigitaldeescobar.com.ar\/?p=2116\",\"url\":\"https:\/\/nuevodigitaldeescobar.com.ar\/?p=2116\",\"name\":\"El Gobierno deleg\u00f3 el control de varias \u00e1reas estatales al Ministerio de Capital Humano - Nuevo Digital de Escobar\",\"isPartOf\":{\"@id\":\"https:\/\/nuevodigitaldeescobar.com.ar\/#website\"},\"primaryImageOfPage\":{\"@id\":\"https:\/\/nuevodigitaldeescobar.com.ar\/?p=2116#primaryimage\"},\"image\":{\"@id\":\"https:\/\/nuevodigitaldeescobar.com.ar\/?p=2116#primaryimage\"},\"thumbnailUrl\":\"https:\/\/nuevodigitaldeescobar.com.ar\/wp-content\/uploads\/2023\/12\/casa-rosada-1.jpg\",\"datePublished\":\"2023-12-27T15:35:32+00:00\",\"dateModified\":\"2023-12-27T15:35:43+00:00\",\"breadcrumb\":{\"@id\":\"https:\/\/nuevodigitaldeescobar.com.ar\/?p=2116#breadcrumb\"},\"inLanguage\":\"es\",\"potentialAction\":[{\"@type\":\"ReadAction\",\"target\":[\"https:\/\/nuevodigitaldeescobar.com.ar\/?p=2116\"]}]},{\"@type\":\"ImageObject\",\"inLanguage\":\"es\",\"@id\":\"https:\/\/nuevodigitaldeescobar.com.ar\/?p=2116#primaryimage\",\"url\":\"https:\/\/nuevodigitaldeescobar.com.ar\/wp-content\/uploads\/2023\/12\/casa-rosada-1.jpg\",\"contentUrl\":\"https:\/\/nuevodigitaldeescobar.com.ar\/wp-content\/uploads\/2023\/12\/casa-rosada-1.jpg\",\"width\":768,\"height\":432},{\"@type\":\"BreadcrumbList\",\"@id\":\"https:\/\/nuevodigitaldeescobar.com.ar\/?p=2116#breadcrumb\",\"itemListElement\":[{\"@type\":\"ListItem\",\"position\":1,\"name\":\"Portada\",\"item\":\"https:\/\/nuevodigitaldeescobar.com.ar\/\"},{\"@type\":\"ListItem\",\"position\":2,\"name\":\"El Gobierno deleg\u00f3 el control de varias \u00e1reas estatales al Ministerio de Capital Humano\"}]},{\"@type\":\"WebSite\",\"@id\":\"https:\/\/nuevodigitaldeescobar.com.ar\/#website\",\"url\":\"https:\/\/nuevodigitaldeescobar.com.ar\/\",\"name\":\"Nuevo Digital de Escobar\",\"description\":\"La vida escobarense. Directora: Rosana Brunner\",\"publisher\":{\"@id\":\"https:\/\/nuevodigitaldeescobar.com.ar\/#organization\"},\"potentialAction\":[{\"@type\":\"SearchAction\",\"target\":{\"@type\":\"EntryPoint\",\"urlTemplate\":\"https:\/\/nuevodigitaldeescobar.com.ar\/?s={search_term_string}\"},\"query-input\":{\"@type\":\"PropertyValueSpecification\",\"valueRequired\":true,\"valueName\":\"search_term_string\"}}],\"inLanguage\":\"es\"},{\"@type\":\"Organization\",\"@id\":\"https:\/\/nuevodigitaldeescobar.com.ar\/#organization\",\"name\":\"Nuevo Digital de Escobar\",\"url\":\"https:\/\/nuevodigitaldeescobar.com.ar\/\",\"logo\":{\"@type\":\"ImageObject\",\"inLanguage\":\"es\",\"@id\":\"https:\/\/nuevodigitaldeescobar.com.ar\/#\/schema\/logo\/image\/\",\"url\":\"https:\/\/nuevodigitaldeescobar.com.ar\/wp-content\/uploads\/2025\/05\/cropped-logo-nuevo2.jpg\",\"contentUrl\":\"https:\/\/nuevodigitaldeescobar.com.ar\/wp-content\/uploads\/2025\/05\/cropped-logo-nuevo2.jpg\",\"width\":305,\"height\":305,\"caption\":\"Nuevo Digital de Escobar\"},\"image\":{\"@id\":\"https:\/\/nuevodigitaldeescobar.com.ar\/#\/schema\/logo\/image\/\"},\"sameAs\":[\"https:\/\/www.facebook.com\/NUEVODigitalDeEscobar\",\"https:\/\/x.com\/nuevodigescobar\",\"https:\/\/www.instagram.com\/nuevodigitaldeescobar\"]},{\"@type\":\"Person\",\"@id\":\"https:\/\/nuevodigitaldeescobar.com.ar\/#\/schema\/person\/035e90a8efe9a80e6eec22656ad6ea4c\",\"name\":\"Redacci\u00f3n\",\"image\":{\"@type\":\"ImageObject\",\"inLanguage\":\"es\",\"@id\":\"https:\/\/nuevodigitaldeescobar.com.ar\/#\/schema\/person\/image\/\",\"url\":\"https:\/\/secure.gravatar.com\/avatar\/8af8f40000c24e9eef3034f2be5998a372bb1389e64b1a4a36b3a7979142220d?s=96&d=mm&r=g\",\"contentUrl\":\"https:\/\/secure.gravatar.com\/avatar\/8af8f40000c24e9eef3034f2be5998a372bb1389e64b1a4a36b3a7979142220d?s=96&d=mm&r=g\",\"caption\":\"Redacci\u00f3n\"},\"sameAs\":[\"http:\/\/nuevodigitaldeescobar.com.ar\"],\"url\":\"https:\/\/nuevodigitaldeescobar.com.ar\/?author=1\"}]}<\/script>\n<!-- \/ Yoast SEO plugin. -->","yoast_head_json":{"title":"El Gobierno deleg\u00f3 el control de varias \u00e1reas estatales al Ministerio de Capital Humano - Nuevo Digital de Escobar","robots":{"index":"index","follow":"follow","max-snippet":"max-snippet:-1","max-image-preview":"max-image-preview:large","max-video-preview":"max-video-preview:-1"},"canonical":"https:\/\/nuevodigitaldeescobar.com.ar\/?p=2116","og_locale":"es_ES","og_type":"article","og_title":"El Gobierno deleg\u00f3 el control de varias \u00e1reas estatales al Ministerio de Capital Humano - Nuevo Digital de Escobar","og_description":"A partir de la asunci\u00f3n de Milei como presidente, la administraci\u00f3n nacional fue modificada en su funcionamiento, ya que se dispuso que varios ministerios se [&hellip;]","og_url":"https:\/\/nuevodigitaldeescobar.com.ar\/?p=2116","og_site_name":"Nuevo Digital de Escobar","article_publisher":"https:\/\/www.facebook.com\/NUEVODigitalDeEscobar","article_published_time":"2023-12-27T15:35:32+00:00","article_modified_time":"2023-12-27T15:35:43+00:00","og_image":[{"width":768,"height":432,"url":"https:\/\/nuevodigitaldeescobar.com.ar\/wp-content\/uploads\/2023\/12\/casa-rosada-1.jpg","type":"image\/jpeg"}],"author":"Redacci\u00f3n","twitter_card":"summary_large_image","twitter_creator":"@nuevodigescobar","twitter_site":"@nuevodigescobar","twitter_misc":{"Escrito por":"Redacci\u00f3n","Tiempo de lectura":"4 minutos"},"schema":{"@context":"https:\/\/schema.org","@graph":[{"@type":"Article","@id":"https:\/\/nuevodigitaldeescobar.com.ar\/?p=2116#article","isPartOf":{"@id":"https:\/\/nuevodigitaldeescobar.com.ar\/?p=2116"},"author":{"name":"Redacci\u00f3n","@id":"https:\/\/nuevodigitaldeescobar.com.ar\/#\/schema\/person\/035e90a8efe9a80e6eec22656ad6ea4c"},"headline":"El Gobierno deleg\u00f3 el control de varias \u00e1reas estatales al Ministerio de Capital Humano","datePublished":"2023-12-27T15:35:32+00:00","dateModified":"2023-12-27T15:35:43+00:00","mainEntityOfPage":{"@id":"https:\/\/nuevodigitaldeescobar.com.ar\/?p=2116"},"wordCount":902,"commentCount":0,"publisher":{"@id":"https:\/\/nuevodigitaldeescobar.com.ar\/#organization"},"image":{"@id":"https:\/\/nuevodigitaldeescobar.com.ar\/?p=2116#primaryimage"},"thumbnailUrl":"https:\/\/nuevodigitaldeescobar.com.ar\/wp-content\/uploads\/2023\/12\/casa-rosada-1.jpg","articleSection":["Inter\u00e9s general"],"inLanguage":"es","potentialAction":[{"@type":"CommentAction","name":"Comment","target":["https:\/\/nuevodigitaldeescobar.com.ar\/?p=2116#respond"]}]},{"@type":"WebPage","@id":"https:\/\/nuevodigitaldeescobar.com.ar\/?p=2116","url":"https:\/\/nuevodigitaldeescobar.com.ar\/?p=2116","name":"El Gobierno deleg\u00f3 el control de varias \u00e1reas estatales al Ministerio de Capital Humano - Nuevo Digital de Escobar","isPartOf":{"@id":"https:\/\/nuevodigitaldeescobar.com.ar\/#website"},"primaryImageOfPage":{"@id":"https:\/\/nuevodigitaldeescobar.com.ar\/?p=2116#primaryimage"},"image":{"@id":"https:\/\/nuevodigitaldeescobar.com.ar\/?p=2116#primaryimage"},"thumbnailUrl":"https:\/\/nuevodigitaldeescobar.com.ar\/wp-content\/uploads\/2023\/12\/casa-rosada-1.jpg","datePublished":"2023-12-27T15:35:32+00:00","dateModified":"2023-12-27T15:35:43+00:00","breadcrumb":{"@id":"https:\/\/nuevodigitaldeescobar.com.ar\/?p=2116#breadcrumb"},"inLanguage":"es","potentialAction":[{"@type":"ReadAction","target":["https:\/\/nuevodigitaldeescobar.com.ar\/?p=2116"]}]},{"@type":"ImageObject","inLanguage":"es","@id":"https:\/\/nuevodigitaldeescobar.com.ar\/?p=2116#primaryimage","url":"https:\/\/nuevodigitaldeescobar.com.ar\/wp-content\/uploads\/2023\/12\/casa-rosada-1.jpg","contentUrl":"https:\/\/nuevodigitaldeescobar.com.ar\/wp-content\/uploads\/2023\/12\/casa-rosada-1.jpg","width":768,"height":432},{"@type":"BreadcrumbList","@id":"https:\/\/nuevodigitaldeescobar.com.ar\/?p=2116#breadcrumb","itemListElement":[{"@type":"ListItem","position":1,"name":"Portada","item":"https:\/\/nuevodigitaldeescobar.com.ar\/"},{"@type":"ListItem","position":2,"name":"El Gobierno deleg\u00f3 el control de varias \u00e1reas estatales al Ministerio de Capital Humano"}]},{"@type":"WebSite","@id":"https:\/\/nuevodigitaldeescobar.com.ar\/#website","url":"https:\/\/nuevodigitaldeescobar.com.ar\/","name":"Nuevo Digital de Escobar","description":"La vida escobarense. Directora: Rosana Brunner","publisher":{"@id":"https:\/\/nuevodigitaldeescobar.com.ar\/#organization"},"potentialAction":[{"@type":"SearchAction","target":{"@type":"EntryPoint","urlTemplate":"https:\/\/nuevodigitaldeescobar.com.ar\/?s={search_term_string}"},"query-input":{"@type":"PropertyValueSpecification","valueRequired":true,"valueName":"search_term_string"}}],"inLanguage":"es"},{"@type":"Organization","@id":"https:\/\/nuevodigitaldeescobar.com.ar\/#organization","name":"Nuevo Digital de Escobar","url":"https:\/\/nuevodigitaldeescobar.com.ar\/","logo":{"@type":"ImageObject","inLanguage":"es","@id":"https:\/\/nuevodigitaldeescobar.com.ar\/#\/schema\/logo\/image\/","url":"https:\/\/nuevodigitaldeescobar.com.ar\/wp-content\/uploads\/2025\/05\/cropped-logo-nuevo2.jpg","contentUrl":"https:\/\/nuevodigitaldeescobar.com.ar\/wp-content\/uploads\/2025\/05\/cropped-logo-nuevo2.jpg","width":305,"height":305,"caption":"Nuevo Digital de Escobar"},"image":{"@id":"https:\/\/nuevodigitaldeescobar.com.ar\/#\/schema\/logo\/image\/"},"sameAs":["https:\/\/www.facebook.com\/NUEVODigitalDeEscobar","https:\/\/x.com\/nuevodigescobar","https:\/\/www.instagram.com\/nuevodigitaldeescobar"]},{"@type":"Person","@id":"https:\/\/nuevodigitaldeescobar.com.ar\/#\/schema\/person\/035e90a8efe9a80e6eec22656ad6ea4c","name":"Redacci\u00f3n","image":{"@type":"ImageObject","inLanguage":"es","@id":"https:\/\/nuevodigitaldeescobar.com.ar\/#\/schema\/person\/image\/","url":"https:\/\/secure.gravatar.com\/avatar\/8af8f40000c24e9eef3034f2be5998a372bb1389e64b1a4a36b3a7979142220d?s=96&d=mm&r=g","contentUrl":"https:\/\/secure.gravatar.com\/avatar\/8af8f40000c24e9eef3034f2be5998a372bb1389e64b1a4a36b3a7979142220d?s=96&d=mm&r=g","caption":"Redacci\u00f3n"},"sameAs":["http:\/\/nuevodigitaldeescobar.com.ar"],"url":"https:\/\/nuevodigitaldeescobar.com.ar\/?author=1"}]}},"featured_image_urls":{"full":["https:\/\/nuevodigitaldeescobar.com.ar\/wp-content\/uploads\/2023\/12\/casa-rosada-1.jpg",768,432,false],"thumbnail":["https:\/\/nuevodigitaldeescobar.com.ar\/wp-content\/uploads\/2023\/12\/casa-rosada-1-150x150.jpg",150,150,true],"medium":["https:\/\/nuevodigitaldeescobar.com.ar\/wp-content\/uploads\/2023\/12\/casa-rosada-1-300x169.jpg",300,169,true],"medium_large":["https:\/\/nuevodigitaldeescobar.com.ar\/wp-content\/uploads\/2023\/12\/casa-rosada-1.jpg",640,360,false],"large":["https:\/\/nuevodigitaldeescobar.com.ar\/wp-content\/uploads\/2023\/12\/casa-rosada-1.jpg",640,360,false],"1536x1536":["https:\/\/nuevodigitaldeescobar.com.ar\/wp-content\/uploads\/2023\/12\/casa-rosada-1.jpg",768,432,false],"2048x2048":["https:\/\/nuevodigitaldeescobar.com.ar\/wp-content\/uploads\/2023\/12\/casa-rosada-1.jpg",768,432,false]},"author_info":{"display_name":"Redacci\u00f3n","author_link":"https:\/\/nuevodigitaldeescobar.com.ar\/?author=1"},"category_info":"<a href=\"https:\/\/nuevodigitaldeescobar.com.ar\/?cat=7\" rel=\"category\">Inter\u00e9s general<\/a>","tag_info":"Inter\u00e9s general","comment_count":"0","_links":{"self":[{"href":"https:\/\/nuevodigitaldeescobar.com.ar\/index.php?rest_route=\/wp\/v2\/posts\/2116","targetHints":{"allow":["GET"]}}],"collection":[{"href":"https:\/\/nuevodigitaldeescobar.com.ar\/index.php?rest_route=\/wp\/v2\/posts"}],"about":[{"href":"https:\/\/nuevodigitaldeescobar.com.ar\/index.php?rest_route=\/wp\/v2\/types\/post"}],"author":[{"embeddable":true,"href":"https:\/\/nuevodigitaldeescobar.com.ar\/index.php?rest_route=\/wp\/v2\/users\/1"}],"replies":[{"embeddable":true,"href":"https:\/\/nuevodigitaldeescobar.com.ar\/index.php?rest_route=%2Fwp%2Fv2%2Fcomments&post=2116"}],"version-history":[{"count":1,"href":"https:\/\/nuevodigitaldeescobar.com.ar\/index.php?rest_route=\/wp\/v2\/posts\/2116\/revisions"}],"predecessor-version":[{"id":2118,"href":"https:\/\/nuevodigitaldeescobar.com.ar\/index.php?rest_route=\/wp\/v2\/posts\/2116\/revisions\/2118"}],"wp:featuredmedia":[{"embeddable":true,"href":"https:\/\/nuevodigitaldeescobar.com.ar\/index.php?rest_route=\/wp\/v2\/media\/2117"}],"wp:attachment":[{"href":"https:\/\/nuevodigitaldeescobar.com.ar\/index.php?rest_route=%2Fwp%2Fv2%2Fmedia&parent=2116"}],"wp:term":[{"taxonomy":"category","embeddable":true,"href":"https:\/\/nuevodigitaldeescobar.com.ar\/index.php?rest_route=%2Fwp%2Fv2%2Fcategories&post=2116"},{"taxonomy":"post_tag","embeddable":true,"href":"https:\/\/nuevodigitaldeescobar.com.ar\/index.php?rest_route=%2Fwp%2Fv2%2Ftags&post=2116"}],"curies":[{"name":"wp","href":"https:\/\/api.w.org\/{rel}","templated":true}]}}