{"id":2125,"date":"2023-12-27T13:56:02","date_gmt":"2023-12-27T16:56:02","guid":{"rendered":"https:\/\/nuevodigitaldeescobar.com.ar\/?p=2125"},"modified":"2023-12-27T13:56:06","modified_gmt":"2023-12-27T16:56:06","slug":"sindrome-de-diciembre-por-que-en-las-fiestas-aumenta-el-riesgo-cardiaco","status":"publish","type":"post","link":"https:\/\/nuevodigitaldeescobar.com.ar\/?p=2125","title":{"rendered":"S\u00edndrome de diciembre: por qu\u00e9 en las Fiestas aumenta el riesgo card\u00edaco"},"content":{"rendered":"<p><span style=\"color: #003366;\"><strong><em>En estas fechas crece la cantidad de pacientes que sufren eventos cardiovasculares. Sergio Baratta*, jefe de Cardiolog\u00eda del Hospital Austral explic\u00f3 c\u00f3mo act\u00faa el estr\u00e9s, la ingesta de alcohol y los excesos alimentarios.<\/em><\/strong><\/span><\/p>\n<p><!--more--><\/p>\n<hr \/>\n<p>En esta \u00e9poca del a\u00f1o, suele registrarse un aumento de la tasa de infarto y muerte, fen\u00f3meno conocido como el <em>\u201cEfecto del D\u00eda Festivo\u201d<\/em>. Una explicaci\u00f3n posible es el aumento de la vulnerabilidad emocional y el estr\u00e9s agudo, sumado a los excesos alimentarios, la ingesta de alcohol y las quemaduras por uso de pirotecnia de venta masiva.<\/p>\n<p>Los sentimientos de soledad, angustia y tristeza \u2014por frustraciones personales, por la ausencia de seres queridos, etc\u00e9tera\u2014 suelen ser prevalentes previo al evento cardiovascular. El estr\u00e9s agudo genera una activaci\u00f3n s\u00fabita de la frecuencia card\u00edaca y de la presi\u00f3n arterial, y favorece el desarrollo de arritmias. Una investigaci\u00f3n realizada en Suecia demostr\u00f3 un incremento de la tasa de infarto de un poco m\u00e1s de un tercio durante las Fiestas.<\/p>\n<p>Las siguientes son algunas sugerencias para cuidar el coraz\u00f3n en esta \u00e9poca del a\u00f1o:<\/p>\n<ul>\n<li>Respetar las horas de descanso.<\/li>\n<li>Mantener la pr\u00e1ctica de ejercicio.<\/li>\n<li>Evitar fumar o intentar abandonar el tabaco.<\/li>\n<li>Planificar la ingesta de alimentos desde los d\u00edas previos y para los posteriores a las Fiestas, para limitar el balance positivo cal\u00f3rico.<\/li>\n<li>Pensar en un men\u00fa rico con diferentes opciones seg\u00fan las personas invitadas y tratar de balancear las cantidades.<\/li>\n<li>Limitar el uso de sal en la cocci\u00f3n de los alimentos y en la mesa y la ingesta de pan.<\/li>\n<li>Moderar la ingesta de bebidas alcoh\u00f3licas \u2014no m\u00e1s de dos copas en el hombre y una en la mujer\u2014 y de bebidas azucaradas. Beber m\u00e1s agua, especialmente en este contexto de temperaturas elevadas.<\/li>\n<li>No suspender los medicamentos habituales y preguntar al m\u00e9dico por las interacciones con bebidas alcoh\u00f3licas, especialmente por f\u00e1rmacos sedantes, anticonvulsivantes, psicotr\u00f3picos.<\/li>\n<li>Tomarse un tiempo para meditar.<\/li>\n<li>Recordar el sentido profundo de las Fiestas: valorar el encuentro amigable con las personas queridas y acercarse afectivamente y con palabras de empat\u00eda a quienes atraviesan un momento de vulnerabilidad.<\/li>\n<li>Consultar precozmente ante la presencia de dolor de pecho de inicio s\u00fabito, falta de aire, palpitaciones o p\u00e9rdida de sensibilidad o movilidad, trastorno del habla o de la visi\u00f3n.<\/li>\n<\/ul>\n<p>Paracelso, m\u00e9dico, alquimista y astr\u00f3logo suizo (1493-1541), sosten\u00eda que, m\u00e1s all\u00e1 de su composici\u00f3n qu\u00edmica, la dosis hace al veneno. Los excesos explican muchos de los malestares y el aumento de las consultas m\u00e9dicas. El bienestar y los cuidados de salud se basan en una vida balanceada.<\/p>\n<p>Las sugerencias para evitar desajustes m\u00e9dicos son simples y con una mirada filos\u00f3fica: es importante disfrutar de las Fiestas en t\u00e9rminos humanos y no alimentarios; es importante tener l\u00edmites sanadores, aprender a decir que <em>\u201cno\u201d<\/em> y evitar los excesos alimentarios. M\u00e1s que nunca, hay que condimentar estos encuentros festivos con una dosis \u00f3ptima de templanza, empat\u00eda y misericordia, y mucho pero mucho amor.<\/p>\n<p><em>*Sergio Baratta es jefe de Cardiolog\u00eda del Hospital Universitario Austral de Buenos Aires, una entidad sin fines de lucro dedicada a la asistencia, la docencia y la investigaci\u00f3n biom\u00e9dica. Director asociado del Departamento de Medicina Interna y profesor adjunto de la Facultad de Medicina de la Universidad Austral.<\/em><\/p>\n<p><em>(Infobae)<\/em><\/p>\n","protected":false},"excerpt":{"rendered":"<p>En estas fechas crece la cantidad de pacientes que sufren eventos cardiovasculares. Sergio Baratta*, jefe de Cardiolog\u00eda del Hospital Austral explic\u00f3 c\u00f3mo act\u00faa el estr\u00e9s, [&hellip;]<\/p>\n","protected":false},"author":1,"featured_media":1217,"comment_status":"open","ping_status":"closed","sticky":false,"template":"","format":"standard","meta":{"footnotes":""},"categories":[3,15],"tags":[],"class_list":["post-2125","post","type-post","status-publish","format-standard","has-post-thumbnail","hentry","category-nutricion","category-sociedad"],"better_featured_image":{"id":1217,"alt_text":"","caption":"","description":"","media_type":"image","media_details":{"width":720,"height":407,"file":"2023\/11\/salud-epi-8.jpg","filesize":33767,"sizes":{"medium":{"file":"salud-epi-8-300x170.jpg","width":300,"height":170,"mime-type":"image\/jpeg","filesize":12231,"source_url":"https:\/\/nuevodigitaldeescobar.com.ar\/wp-content\/uploads\/2023\/11\/salud-epi-8-300x170.jpg"},"thumbnail":{"file":"salud-epi-8-150x150.jpg","width":150,"height":150,"mime-type":"image\/jpeg","filesize":7187,"source_url":"https:\/\/nuevodigitaldeescobar.com.ar\/wp-content\/uploads\/2023\/11\/salud-epi-8-150x150.jpg"},"covernews-medium":{"file":"salud-epi-8-540x340.jpg","width":540,"height":340,"mime-type":"image\/jpeg","filesize":24797,"source_url":"https:\/\/nuevodigitaldeescobar.com.ar\/wp-content\/uploads\/2023\/11\/salud-epi-8-540x340.jpg"},"covernews-medium-square":{"file":"salud-epi-8-400x250.jpg","width":400,"height":250,"mime-type":"image\/jpeg","filesize":17099,"source_url":"https:\/\/nuevodigitaldeescobar.com.ar\/wp-content\/uploads\/2023\/11\/salud-epi-8-400x250.jpg"}},"image_meta":{"aperture":"0","credit":"","camera":"","caption":"","created_timestamp":"0","copyright":"","focal_length":"0","iso":"0","shutter_speed":"0","title":"","orientation":"0","keywords":[]}},"post":1209,"source_url":"https:\/\/nuevodigitaldeescobar.com.ar\/wp-content\/uploads\/2023\/11\/salud-epi-8.jpg"},"yoast_head":"<!-- This site is optimized with the Yoast SEO plugin v26.1.1 - https:\/\/yoast.com\/wordpress\/plugins\/seo\/ -->\n<title>S\u00edndrome de diciembre: por qu\u00e9 en las Fiestas aumenta el riesgo card\u00edaco - Nuevo Digital de Escobar<\/title>\n<meta name=\"robots\" content=\"index, follow, max-snippet:-1, max-image-preview:large, max-video-preview:-1\" \/>\n<link rel=\"canonical\" href=\"https:\/\/nuevodigitaldeescobar.com.ar\/?p=2125\" \/>\n<meta property=\"og:locale\" content=\"es_ES\" \/>\n<meta property=\"og:type\" content=\"article\" \/>\n<meta property=\"og:title\" content=\"S\u00edndrome de diciembre: por qu\u00e9 en las Fiestas aumenta el riesgo card\u00edaco - Nuevo Digital de Escobar\" \/>\n<meta property=\"og:description\" content=\"En estas fechas crece la cantidad de pacientes que sufren eventos cardiovasculares. Sergio Baratta*, jefe de Cardiolog\u00eda del Hospital Austral explic\u00f3 c\u00f3mo act\u00faa el estr\u00e9s, [&hellip;]\" \/>\n<meta property=\"og:url\" content=\"https:\/\/nuevodigitaldeescobar.com.ar\/?p=2125\" \/>\n<meta property=\"og:site_name\" content=\"Nuevo Digital de Escobar\" \/>\n<meta property=\"article:publisher\" content=\"https:\/\/www.facebook.com\/NUEVODigitalDeEscobar\" \/>\n<meta property=\"article:published_time\" content=\"2023-12-27T16:56:02+00:00\" \/>\n<meta property=\"article:modified_time\" content=\"2023-12-27T16:56:06+00:00\" \/>\n<meta property=\"og:image\" content=\"https:\/\/nuevodigitaldeescobar.com.ar\/wp-content\/uploads\/2023\/11\/salud-epi-8.jpg\" \/>\n\t<meta property=\"og:image:width\" content=\"720\" \/>\n\t<meta property=\"og:image:height\" content=\"407\" \/>\n\t<meta property=\"og:image:type\" content=\"image\/jpeg\" \/>\n<meta name=\"author\" content=\"Redacci\u00f3n\" \/>\n<meta name=\"twitter:card\" content=\"summary_large_image\" \/>\n<meta name=\"twitter:creator\" content=\"@nuevodigescobar\" \/>\n<meta name=\"twitter:site\" content=\"@nuevodigescobar\" \/>\n<meta name=\"twitter:label1\" content=\"Escrito por\" \/>\n\t<meta name=\"twitter:data1\" content=\"Redacci\u00f3n\" \/>\n\t<meta name=\"twitter:label2\" content=\"Tiempo de lectura\" \/>\n\t<meta name=\"twitter:data2\" content=\"3 minutos\" \/>\n<script type=\"application\/ld+json\" class=\"yoast-schema-graph\">{\"@context\":\"https:\/\/schema.org\",\"@graph\":[{\"@type\":\"Article\",\"@id\":\"https:\/\/nuevodigitaldeescobar.com.ar\/?p=2125#article\",\"isPartOf\":{\"@id\":\"https:\/\/nuevodigitaldeescobar.com.ar\/?p=2125\"},\"author\":{\"name\":\"Redacci\u00f3n\",\"@id\":\"https:\/\/nuevodigitaldeescobar.com.ar\/#\/schema\/person\/035e90a8efe9a80e6eec22656ad6ea4c\"},\"headline\":\"S\u00edndrome de diciembre: por qu\u00e9 en las Fiestas aumenta el riesgo card\u00edaco\",\"datePublished\":\"2023-12-27T16:56:02+00:00\",\"dateModified\":\"2023-12-27T16:56:06+00:00\",\"mainEntityOfPage\":{\"@id\":\"https:\/\/nuevodigitaldeescobar.com.ar\/?p=2125\"},\"wordCount\":592,\"commentCount\":0,\"publisher\":{\"@id\":\"https:\/\/nuevodigitaldeescobar.com.ar\/#organization\"},\"image\":{\"@id\":\"https:\/\/nuevodigitaldeescobar.com.ar\/?p=2125#primaryimage\"},\"thumbnailUrl\":\"https:\/\/nuevodigitaldeescobar.com.ar\/wp-content\/uploads\/2023\/11\/salud-epi-8.jpg\",\"articleSection\":[\"Salud y Nutrici\u00f3n\",\"Sociedad\"],\"inLanguage\":\"es\",\"potentialAction\":[{\"@type\":\"CommentAction\",\"name\":\"Comment\",\"target\":[\"https:\/\/nuevodigitaldeescobar.com.ar\/?p=2125#respond\"]}]},{\"@type\":\"WebPage\",\"@id\":\"https:\/\/nuevodigitaldeescobar.com.ar\/?p=2125\",\"url\":\"https:\/\/nuevodigitaldeescobar.com.ar\/?p=2125\",\"name\":\"S\u00edndrome de diciembre: por qu\u00e9 en las Fiestas aumenta el riesgo card\u00edaco - Nuevo Digital de Escobar\",\"isPartOf\":{\"@id\":\"https:\/\/nuevodigitaldeescobar.com.ar\/#website\"},\"primaryImageOfPage\":{\"@id\":\"https:\/\/nuevodigitaldeescobar.com.ar\/?p=2125#primaryimage\"},\"image\":{\"@id\":\"https:\/\/nuevodigitaldeescobar.com.ar\/?p=2125#primaryimage\"},\"thumbnailUrl\":\"https:\/\/nuevodigitaldeescobar.com.ar\/wp-content\/uploads\/2023\/11\/salud-epi-8.jpg\",\"datePublished\":\"2023-12-27T16:56:02+00:00\",\"dateModified\":\"2023-12-27T16:56:06+00:00\",\"breadcrumb\":{\"@id\":\"https:\/\/nuevodigitaldeescobar.com.ar\/?p=2125#breadcrumb\"},\"inLanguage\":\"es\",\"potentialAction\":[{\"@type\":\"ReadAction\",\"target\":[\"https:\/\/nuevodigitaldeescobar.com.ar\/?p=2125\"]}]},{\"@type\":\"ImageObject\",\"inLanguage\":\"es\",\"@id\":\"https:\/\/nuevodigitaldeescobar.com.ar\/?p=2125#primaryimage\",\"url\":\"https:\/\/nuevodigitaldeescobar.com.ar\/wp-content\/uploads\/2023\/11\/salud-epi-8.jpg\",\"contentUrl\":\"https:\/\/nuevodigitaldeescobar.com.ar\/wp-content\/uploads\/2023\/11\/salud-epi-8.jpg\",\"width\":720,\"height\":407},{\"@type\":\"BreadcrumbList\",\"@id\":\"https:\/\/nuevodigitaldeescobar.com.ar\/?p=2125#breadcrumb\",\"itemListElement\":[{\"@type\":\"ListItem\",\"position\":1,\"name\":\"Portada\",\"item\":\"https:\/\/nuevodigitaldeescobar.com.ar\/\"},{\"@type\":\"ListItem\",\"position\":2,\"name\":\"S\u00edndrome de diciembre: por qu\u00e9 en las Fiestas aumenta el riesgo card\u00edaco\"}]},{\"@type\":\"WebSite\",\"@id\":\"https:\/\/nuevodigitaldeescobar.com.ar\/#website\",\"url\":\"https:\/\/nuevodigitaldeescobar.com.ar\/\",\"name\":\"Nuevo Digital de Escobar\",\"description\":\"La vida escobarense. Directora: Rosana Brunner\",\"publisher\":{\"@id\":\"https:\/\/nuevodigitaldeescobar.com.ar\/#organization\"},\"potentialAction\":[{\"@type\":\"SearchAction\",\"target\":{\"@type\":\"EntryPoint\",\"urlTemplate\":\"https:\/\/nuevodigitaldeescobar.com.ar\/?s={search_term_string}\"},\"query-input\":{\"@type\":\"PropertyValueSpecification\",\"valueRequired\":true,\"valueName\":\"search_term_string\"}}],\"inLanguage\":\"es\"},{\"@type\":\"Organization\",\"@id\":\"https:\/\/nuevodigitaldeescobar.com.ar\/#organization\",\"name\":\"Nuevo Digital de Escobar\",\"url\":\"https:\/\/nuevodigitaldeescobar.com.ar\/\",\"logo\":{\"@type\":\"ImageObject\",\"inLanguage\":\"es\",\"@id\":\"https:\/\/nuevodigitaldeescobar.com.ar\/#\/schema\/logo\/image\/\",\"url\":\"https:\/\/nuevodigitaldeescobar.com.ar\/wp-content\/uploads\/2025\/05\/cropped-logo-nuevo2.jpg\",\"contentUrl\":\"https:\/\/nuevodigitaldeescobar.com.ar\/wp-content\/uploads\/2025\/05\/cropped-logo-nuevo2.jpg\",\"width\":305,\"height\":305,\"caption\":\"Nuevo Digital de Escobar\"},\"image\":{\"@id\":\"https:\/\/nuevodigitaldeescobar.com.ar\/#\/schema\/logo\/image\/\"},\"sameAs\":[\"https:\/\/www.facebook.com\/NUEVODigitalDeEscobar\",\"https:\/\/x.com\/nuevodigescobar\",\"https:\/\/www.instagram.com\/nuevodigitaldeescobar\"]},{\"@type\":\"Person\",\"@id\":\"https:\/\/nuevodigitaldeescobar.com.ar\/#\/schema\/person\/035e90a8efe9a80e6eec22656ad6ea4c\",\"name\":\"Redacci\u00f3n\",\"image\":{\"@type\":\"ImageObject\",\"inLanguage\":\"es\",\"@id\":\"https:\/\/nuevodigitaldeescobar.com.ar\/#\/schema\/person\/image\/\",\"url\":\"https:\/\/secure.gravatar.com\/avatar\/8af8f40000c24e9eef3034f2be5998a372bb1389e64b1a4a36b3a7979142220d?s=96&d=mm&r=g\",\"contentUrl\":\"https:\/\/secure.gravatar.com\/avatar\/8af8f40000c24e9eef3034f2be5998a372bb1389e64b1a4a36b3a7979142220d?s=96&d=mm&r=g\",\"caption\":\"Redacci\u00f3n\"},\"sameAs\":[\"http:\/\/nuevodigitaldeescobar.com.ar\"],\"url\":\"https:\/\/nuevodigitaldeescobar.com.ar\/?author=1\"}]}<\/script>\n<!-- \/ Yoast SEO plugin. -->","yoast_head_json":{"title":"S\u00edndrome de diciembre: por qu\u00e9 en las Fiestas aumenta el riesgo card\u00edaco - Nuevo Digital de Escobar","robots":{"index":"index","follow":"follow","max-snippet":"max-snippet:-1","max-image-preview":"max-image-preview:large","max-video-preview":"max-video-preview:-1"},"canonical":"https:\/\/nuevodigitaldeescobar.com.ar\/?p=2125","og_locale":"es_ES","og_type":"article","og_title":"S\u00edndrome de diciembre: por qu\u00e9 en las Fiestas aumenta el riesgo card\u00edaco - Nuevo Digital de Escobar","og_description":"En estas fechas crece la cantidad de pacientes que sufren eventos cardiovasculares. Sergio Baratta*, jefe de Cardiolog\u00eda del Hospital Austral explic\u00f3 c\u00f3mo act\u00faa el estr\u00e9s, [&hellip;]","og_url":"https:\/\/nuevodigitaldeescobar.com.ar\/?p=2125","og_site_name":"Nuevo Digital de Escobar","article_publisher":"https:\/\/www.facebook.com\/NUEVODigitalDeEscobar","article_published_time":"2023-12-27T16:56:02+00:00","article_modified_time":"2023-12-27T16:56:06+00:00","og_image":[{"width":720,"height":407,"url":"https:\/\/nuevodigitaldeescobar.com.ar\/wp-content\/uploads\/2023\/11\/salud-epi-8.jpg","type":"image\/jpeg"}],"author":"Redacci\u00f3n","twitter_card":"summary_large_image","twitter_creator":"@nuevodigescobar","twitter_site":"@nuevodigescobar","twitter_misc":{"Escrito por":"Redacci\u00f3n","Tiempo de lectura":"3 minutos"},"schema":{"@context":"https:\/\/schema.org","@graph":[{"@type":"Article","@id":"https:\/\/nuevodigitaldeescobar.com.ar\/?p=2125#article","isPartOf":{"@id":"https:\/\/nuevodigitaldeescobar.com.ar\/?p=2125"},"author":{"name":"Redacci\u00f3n","@id":"https:\/\/nuevodigitaldeescobar.com.ar\/#\/schema\/person\/035e90a8efe9a80e6eec22656ad6ea4c"},"headline":"S\u00edndrome de diciembre: por qu\u00e9 en las Fiestas aumenta el riesgo card\u00edaco","datePublished":"2023-12-27T16:56:02+00:00","dateModified":"2023-12-27T16:56:06+00:00","mainEntityOfPage":{"@id":"https:\/\/nuevodigitaldeescobar.com.ar\/?p=2125"},"wordCount":592,"commentCount":0,"publisher":{"@id":"https:\/\/nuevodigitaldeescobar.com.ar\/#organization"},"image":{"@id":"https:\/\/nuevodigitaldeescobar.com.ar\/?p=2125#primaryimage"},"thumbnailUrl":"https:\/\/nuevodigitaldeescobar.com.ar\/wp-content\/uploads\/2023\/11\/salud-epi-8.jpg","articleSection":["Salud y Nutrici\u00f3n","Sociedad"],"inLanguage":"es","potentialAction":[{"@type":"CommentAction","name":"Comment","target":["https:\/\/nuevodigitaldeescobar.com.ar\/?p=2125#respond"]}]},{"@type":"WebPage","@id":"https:\/\/nuevodigitaldeescobar.com.ar\/?p=2125","url":"https:\/\/nuevodigitaldeescobar.com.ar\/?p=2125","name":"S\u00edndrome de diciembre: por qu\u00e9 en las Fiestas aumenta el riesgo card\u00edaco - Nuevo Digital de Escobar","isPartOf":{"@id":"https:\/\/nuevodigitaldeescobar.com.ar\/#website"},"primaryImageOfPage":{"@id":"https:\/\/nuevodigitaldeescobar.com.ar\/?p=2125#primaryimage"},"image":{"@id":"https:\/\/nuevodigitaldeescobar.com.ar\/?p=2125#primaryimage"},"thumbnailUrl":"https:\/\/nuevodigitaldeescobar.com.ar\/wp-content\/uploads\/2023\/11\/salud-epi-8.jpg","datePublished":"2023-12-27T16:56:02+00:00","dateModified":"2023-12-27T16:56:06+00:00","breadcrumb":{"@id":"https:\/\/nuevodigitaldeescobar.com.ar\/?p=2125#breadcrumb"},"inLanguage":"es","potentialAction":[{"@type":"ReadAction","target":["https:\/\/nuevodigitaldeescobar.com.ar\/?p=2125"]}]},{"@type":"ImageObject","inLanguage":"es","@id":"https:\/\/nuevodigitaldeescobar.com.ar\/?p=2125#primaryimage","url":"https:\/\/nuevodigitaldeescobar.com.ar\/wp-content\/uploads\/2023\/11\/salud-epi-8.jpg","contentUrl":"https:\/\/nuevodigitaldeescobar.com.ar\/wp-content\/uploads\/2023\/11\/salud-epi-8.jpg","width":720,"height":407},{"@type":"BreadcrumbList","@id":"https:\/\/nuevodigitaldeescobar.com.ar\/?p=2125#breadcrumb","itemListElement":[{"@type":"ListItem","position":1,"name":"Portada","item":"https:\/\/nuevodigitaldeescobar.com.ar\/"},{"@type":"ListItem","position":2,"name":"S\u00edndrome de diciembre: por qu\u00e9 en las Fiestas aumenta el riesgo card\u00edaco"}]},{"@type":"WebSite","@id":"https:\/\/nuevodigitaldeescobar.com.ar\/#website","url":"https:\/\/nuevodigitaldeescobar.com.ar\/","name":"Nuevo Digital de Escobar","description":"La vida escobarense. Directora: Rosana Brunner","publisher":{"@id":"https:\/\/nuevodigitaldeescobar.com.ar\/#organization"},"potentialAction":[{"@type":"SearchAction","target":{"@type":"EntryPoint","urlTemplate":"https:\/\/nuevodigitaldeescobar.com.ar\/?s={search_term_string}"},"query-input":{"@type":"PropertyValueSpecification","valueRequired":true,"valueName":"search_term_string"}}],"inLanguage":"es"},{"@type":"Organization","@id":"https:\/\/nuevodigitaldeescobar.com.ar\/#organization","name":"Nuevo Digital de Escobar","url":"https:\/\/nuevodigitaldeescobar.com.ar\/","logo":{"@type":"ImageObject","inLanguage":"es","@id":"https:\/\/nuevodigitaldeescobar.com.ar\/#\/schema\/logo\/image\/","url":"https:\/\/nuevodigitaldeescobar.com.ar\/wp-content\/uploads\/2025\/05\/cropped-logo-nuevo2.jpg","contentUrl":"https:\/\/nuevodigitaldeescobar.com.ar\/wp-content\/uploads\/2025\/05\/cropped-logo-nuevo2.jpg","width":305,"height":305,"caption":"Nuevo Digital de Escobar"},"image":{"@id":"https:\/\/nuevodigitaldeescobar.com.ar\/#\/schema\/logo\/image\/"},"sameAs":["https:\/\/www.facebook.com\/NUEVODigitalDeEscobar","https:\/\/x.com\/nuevodigescobar","https:\/\/www.instagram.com\/nuevodigitaldeescobar"]},{"@type":"Person","@id":"https:\/\/nuevodigitaldeescobar.com.ar\/#\/schema\/person\/035e90a8efe9a80e6eec22656ad6ea4c","name":"Redacci\u00f3n","image":{"@type":"ImageObject","inLanguage":"es","@id":"https:\/\/nuevodigitaldeescobar.com.ar\/#\/schema\/person\/image\/","url":"https:\/\/secure.gravatar.com\/avatar\/8af8f40000c24e9eef3034f2be5998a372bb1389e64b1a4a36b3a7979142220d?s=96&d=mm&r=g","contentUrl":"https:\/\/secure.gravatar.com\/avatar\/8af8f40000c24e9eef3034f2be5998a372bb1389e64b1a4a36b3a7979142220d?s=96&d=mm&r=g","caption":"Redacci\u00f3n"},"sameAs":["http:\/\/nuevodigitaldeescobar.com.ar"],"url":"https:\/\/nuevodigitaldeescobar.com.ar\/?author=1"}]}},"featured_image_urls":{"full":["https:\/\/nuevodigitaldeescobar.com.ar\/wp-content\/uploads\/2023\/11\/salud-epi-8.jpg",720,407,false],"thumbnail":["https:\/\/nuevodigitaldeescobar.com.ar\/wp-content\/uploads\/2023\/11\/salud-epi-8-150x150.jpg",150,150,true],"medium":["https:\/\/nuevodigitaldeescobar.com.ar\/wp-content\/uploads\/2023\/11\/salud-epi-8-300x170.jpg",300,170,true],"medium_large":["https:\/\/nuevodigitaldeescobar.com.ar\/wp-content\/uploads\/2023\/11\/salud-epi-8.jpg",640,362,false],"large":["https:\/\/nuevodigitaldeescobar.com.ar\/wp-content\/uploads\/2023\/11\/salud-epi-8.jpg",640,362,false],"1536x1536":["https:\/\/nuevodigitaldeescobar.com.ar\/wp-content\/uploads\/2023\/11\/salud-epi-8.jpg",720,407,false],"2048x2048":["https:\/\/nuevodigitaldeescobar.com.ar\/wp-content\/uploads\/2023\/11\/salud-epi-8.jpg",720,407,false]},"author_info":{"display_name":"Redacci\u00f3n","author_link":"https:\/\/nuevodigitaldeescobar.com.ar\/?author=1"},"category_info":"<a href=\"https:\/\/nuevodigitaldeescobar.com.ar\/?cat=3\" rel=\"category\">Salud y Nutrici\u00f3n<\/a> <a href=\"https:\/\/nuevodigitaldeescobar.com.ar\/?cat=15\" rel=\"category\">Sociedad<\/a>","tag_info":"Sociedad","comment_count":"0","_links":{"self":[{"href":"https:\/\/nuevodigitaldeescobar.com.ar\/index.php?rest_route=\/wp\/v2\/posts\/2125","targetHints":{"allow":["GET"]}}],"collection":[{"href":"https:\/\/nuevodigitaldeescobar.com.ar\/index.php?rest_route=\/wp\/v2\/posts"}],"about":[{"href":"https:\/\/nuevodigitaldeescobar.com.ar\/index.php?rest_route=\/wp\/v2\/types\/post"}],"author":[{"embeddable":true,"href":"https:\/\/nuevodigitaldeescobar.com.ar\/index.php?rest_route=\/wp\/v2\/users\/1"}],"replies":[{"embeddable":true,"href":"https:\/\/nuevodigitaldeescobar.com.ar\/index.php?rest_route=%2Fwp%2Fv2%2Fcomments&post=2125"}],"version-history":[{"count":1,"href":"https:\/\/nuevodigitaldeescobar.com.ar\/index.php?rest_route=\/wp\/v2\/posts\/2125\/revisions"}],"predecessor-version":[{"id":2126,"href":"https:\/\/nuevodigitaldeescobar.com.ar\/index.php?rest_route=\/wp\/v2\/posts\/2125\/revisions\/2126"}],"wp:featuredmedia":[{"embeddable":true,"href":"https:\/\/nuevodigitaldeescobar.com.ar\/index.php?rest_route=\/wp\/v2\/media\/1217"}],"wp:attachment":[{"href":"https:\/\/nuevodigitaldeescobar.com.ar\/index.php?rest_route=%2Fwp%2Fv2%2Fmedia&parent=2125"}],"wp:term":[{"taxonomy":"category","embeddable":true,"href":"https:\/\/nuevodigitaldeescobar.com.ar\/index.php?rest_route=%2Fwp%2Fv2%2Fcategories&post=2125"},{"taxonomy":"post_tag","embeddable":true,"href":"https:\/\/nuevodigitaldeescobar.com.ar\/index.php?rest_route=%2Fwp%2Fv2%2Ftags&post=2125"}],"curies":[{"name":"wp","href":"https:\/\/api.w.org\/{rel}","templated":true}]}}