{"id":2202,"date":"2023-12-29T16:32:32","date_gmt":"2023-12-29T19:32:32","guid":{"rendered":"https:\/\/nuevodigitaldeescobar.com.ar\/?p=2202"},"modified":"2023-12-29T16:32:44","modified_gmt":"2023-12-29T19:32:44","slug":"lanzan-la-25a-edicion-de-escuelas-abiertas-en-verano","status":"publish","type":"post","link":"https:\/\/nuevodigitaldeescobar.com.ar\/?p=2202","title":{"rendered":"Lanzan la 25\u00aa edici\u00f3n de Escuelas Abiertas en Verano"},"content":{"rendered":"<p><span style=\"color: #003366;\"><strong><em>Con 2465 inscriptos, la Municipalidad de Escobar dar\u00e1 inicio a la 25\u00aa edici\u00f3n de Escuelas Abiertas en Verano, que se desarrollar\u00e1 del 2 al 26 de enero en distintos polideportivos y establecimientos educativos del distrito, con el objetivo de acompa\u00f1ar e impulsar la inclusi\u00f3n social, la concientizaci\u00f3n sobre la problem\u00e1tica ambiental, la integraci\u00f3n y el desarrollo de pr\u00e1cticas l\u00fadicas, recreativas, deportivas y art\u00edsticas.<\/em><\/strong><\/span><\/p>\n<p><!--more--><\/p>\n<hr \/>\n<p>El programa se encuentra destinado a ni\u00f1os y adolescentes de 3 a 17 a\u00f1os, que fueron anotados en los polideportivos e instituciones educativas donde se desarrollar\u00e1n las distintas actividades como caminatas, armado de carpas, aprendizaje ambiental, manualidades, talleres de teatro y dibujo, juegos acu\u00e1ticos y cooperativos, entre otras.<\/p>\n<p>Desde el a\u00f1o 2000 se lleva adelante esta iniciativa de la Direcci\u00f3n General de Cultura y Educaci\u00f3n de la provincia de Buenos Aires, en articulaci\u00f3n con la jefatura de Educaci\u00f3n del partido de Escobar y las subsecretar\u00edas de Educaci\u00f3n y Deportes locales que proporcionan los elementos para la pr\u00e1ctica de deportes y alimentos para las y los participantes.<\/p>\n<p>Las actividades tendr\u00e1n lugar en los siguientes polideportivos municipales e instituciones educativas:<\/p>\n<h3><span style=\"color: #003366;\"><strong>Polideportivos:<\/strong><\/span><\/h3>\n<ul>\n<li>Luis Monti (Av. Tapia de Cruz 1280, Bel\u00e9n de Escobar)<\/li>\n<li>Ingeniero Maschwitz (Av. Villanueva y El Dorado)<\/li>\n<li>Islas Malvinas (Boulevard Presidente Per\u00f3n 380, Gar\u00edn)<\/li>\n<li>Loma Verde (Los Aromos y Arrayanes)<\/li>\n<li>Juan Domingo Per\u00f3n (Boulevard 5 de Junio 1240, Maquinista Savio)<\/li>\n<li>Matheu (Domingo Nazarre 813)<\/li>\n<\/ul>\n<h3><span style=\"color: #003366;\"><strong>Instituciones educativas:<\/strong><\/span><\/h3>\n<ul>\n<li>Escuela Primaria N\u00ba 1 <em>\u201cGeneral Jos\u00e9 de San Mart\u00edn\u201d<\/em> (Carlos Pellegrini 351, Bel\u00e9n de Escobar)<\/li>\n<li>Consejo de Educaci\u00f3n Cat\u00f3lica 801 (Almafuerte 1471, Bel\u00e9n de Escobar)<\/li>\n<li>Escuela Primaria N\u00ba 34 <em>\u201cLeopoldo Marechal\u201d<\/em> (Colombres 1745, Ingeniero Maschwitz)<\/li>\n<li>Escuela Primaria N\u00ba 5 <em>\u201cHip\u00f3lito Yrigoyen\u201d<\/em> (Cabo Primero Sullings 1083, Gar\u00edn)<\/li>\n<li>Escuela Primaria N\u00ba 3 <em>\u201cRicardo Rojas\u201d<\/em> (Ricardo Rojas 1761, Loma Verde)<\/li>\n<li>Escuela Primaria N\u00ba 21 <em>\u201cJos\u00e9 Hern\u00e1ndez\u201d<\/em> (Carlos Del Garc\u00eda y Dalias, Maquinista Savio)<\/li>\n<li>Escuela Primaria N\u00ba 6 <em>\u201cLibertador General Jos\u00e9 de San Mart\u00edn\u201d<\/em> (Av. Hip\u00f3lito Yrigoyen 50, Matheu)<\/li>\n<\/ul>\n","protected":false},"excerpt":{"rendered":"<p>Con 2465 inscriptos, la Municipalidad de Escobar dar\u00e1 inicio a la 25\u00aa edici\u00f3n de Escuelas Abiertas en Verano, que se desarrollar\u00e1 del 2 al 26 [&hellip;]<\/p>\n","protected":false},"author":1,"featured_media":2203,"comment_status":"open","ping_status":"closed","sticky":false,"template":"","format":"standard","meta":{"footnotes":""},"categories":[7],"tags":[],"class_list":["post-2202","post","type-post","status-publish","format-standard","has-post-thumbnail","hentry","category-interes-general"],"better_featured_image":{"id":2203,"alt_text":"","caption":"","description":"","media_type":"image","media_details":{"width":720,"height":481,"file":"2023\/12\/escuelas-de-verano-e1703878345151.jpg","filesize":468186,"sizes":{"medium":{"file":"escuelas-de-verano-300x201.jpg","width":300,"height":201,"mime-type":"image\/jpeg","filesize":28981,"source_url":"https:\/\/nuevodigitaldeescobar.com.ar\/wp-content\/uploads\/2023\/12\/escuelas-de-verano-300x201.jpg"},"large":{"file":"escuelas-de-verano-1024x684.jpg","width":1024,"height":684,"mime-type":"image\/jpeg","filesize":240388,"source_url":"https:\/\/nuevodigitaldeescobar.com.ar\/wp-content\/uploads\/2023\/12\/escuelas-de-verano-1024x684.jpg"},"thumbnail":{"file":"escuelas-de-verano-150x150.jpg","width":150,"height":150,"mime-type":"image\/jpeg","filesize":12377,"source_url":"https:\/\/nuevodigitaldeescobar.com.ar\/wp-content\/uploads\/2023\/12\/escuelas-de-verano-150x150.jpg"},"medium_large":{"file":"escuelas-de-verano-768x513.jpg","width":768,"height":513,"mime-type":"image\/jpeg","filesize":143419,"source_url":"https:\/\/nuevodigitaldeescobar.com.ar\/wp-content\/uploads\/2023\/12\/escuelas-de-verano-768x513.jpg"},"covernews-slider-full":{"file":"escuelas-de-verano-1115x715.jpg","width":1115,"height":715,"mime-type":"image\/jpeg","filesize":272651,"source_url":"https:\/\/nuevodigitaldeescobar.com.ar\/wp-content\/uploads\/2023\/12\/escuelas-de-verano-1115x715.jpg"},"covernews-slider-center":{"file":"escuelas-de-verano-800x500.jpg","width":800,"height":500,"mime-type":"image\/jpeg","filesize":145695,"source_url":"https:\/\/nuevodigitaldeescobar.com.ar\/wp-content\/uploads\/2023\/12\/escuelas-de-verano-800x500.jpg"},"covernews-featured":{"file":"escuelas-de-verano-1024x684.jpg","width":1024,"height":684,"mime-type":"image\/jpeg","filesize":240388,"source_url":"https:\/\/nuevodigitaldeescobar.com.ar\/wp-content\/uploads\/2023\/12\/escuelas-de-verano-1024x684.jpg"},"covernews-medium":{"file":"escuelas-de-verano-540x340.jpg","width":540,"height":340,"mime-type":"image\/jpeg","filesize":74176,"source_url":"https:\/\/nuevodigitaldeescobar.com.ar\/wp-content\/uploads\/2023\/12\/escuelas-de-verano-540x340.jpg"},"covernews-medium-square":{"file":"escuelas-de-verano-400x250.jpg","width":400,"height":250,"mime-type":"image\/jpeg","filesize":43515,"source_url":"https:\/\/nuevodigitaldeescobar.com.ar\/wp-content\/uploads\/2023\/12\/escuelas-de-verano-400x250.jpg"}},"image_meta":{"aperture":"0","credit":"","camera":"","caption":"","created_timestamp":"0","copyright":"","focal_length":"0","iso":"0","shutter_speed":"0","title":"","orientation":"0","keywords":[]}},"post":2202,"source_url":"https:\/\/nuevodigitaldeescobar.com.ar\/wp-content\/uploads\/2023\/12\/escuelas-de-verano-e1703878345151.jpg"},"yoast_head":"<!-- This site is optimized with the Yoast SEO plugin v26.1.1 - https:\/\/yoast.com\/wordpress\/plugins\/seo\/ -->\n<title>Lanzan la 25\u00aa edici\u00f3n de Escuelas Abiertas en Verano - Nuevo Digital de Escobar<\/title>\n<meta name=\"robots\" content=\"index, follow, max-snippet:-1, max-image-preview:large, max-video-preview:-1\" \/>\n<link rel=\"canonical\" href=\"https:\/\/nuevodigitaldeescobar.com.ar\/?p=2202\" \/>\n<meta property=\"og:locale\" content=\"es_ES\" \/>\n<meta property=\"og:type\" content=\"article\" \/>\n<meta property=\"og:title\" content=\"Lanzan la 25\u00aa edici\u00f3n de Escuelas Abiertas en Verano - Nuevo Digital de Escobar\" \/>\n<meta property=\"og:description\" content=\"Con 2465 inscriptos, la Municipalidad de Escobar dar\u00e1 inicio a la 25\u00aa edici\u00f3n de Escuelas Abiertas en Verano, que se desarrollar\u00e1 del 2 al 26 [&hellip;]\" \/>\n<meta property=\"og:url\" content=\"https:\/\/nuevodigitaldeescobar.com.ar\/?p=2202\" \/>\n<meta property=\"og:site_name\" content=\"Nuevo Digital de Escobar\" \/>\n<meta property=\"article:publisher\" content=\"https:\/\/www.facebook.com\/NUEVODigitalDeEscobar\" \/>\n<meta property=\"article:published_time\" content=\"2023-12-29T19:32:32+00:00\" \/>\n<meta property=\"article:modified_time\" content=\"2023-12-29T19:32:44+00:00\" \/>\n<meta property=\"og:image\" content=\"https:\/\/nuevodigitaldeescobar.com.ar\/wp-content\/uploads\/2023\/12\/escuelas-de-verano-e1703878345151.jpg\" \/>\n\t<meta property=\"og:image:width\" content=\"720\" \/>\n\t<meta property=\"og:image:height\" content=\"481\" \/>\n\t<meta property=\"og:image:type\" content=\"image\/jpeg\" \/>\n<meta name=\"author\" content=\"Redacci\u00f3n\" \/>\n<meta name=\"twitter:card\" content=\"summary_large_image\" \/>\n<meta name=\"twitter:creator\" content=\"@nuevodigescobar\" \/>\n<meta name=\"twitter:site\" content=\"@nuevodigescobar\" \/>\n<meta name=\"twitter:label1\" content=\"Escrito por\" \/>\n\t<meta name=\"twitter:data1\" content=\"Redacci\u00f3n\" \/>\n\t<meta name=\"twitter:label2\" content=\"Tiempo de lectura\" \/>\n\t<meta name=\"twitter:data2\" content=\"2 minutos\" \/>\n<script type=\"application\/ld+json\" class=\"yoast-schema-graph\">{\"@context\":\"https:\/\/schema.org\",\"@graph\":[{\"@type\":\"Article\",\"@id\":\"https:\/\/nuevodigitaldeescobar.com.ar\/?p=2202#article\",\"isPartOf\":{\"@id\":\"https:\/\/nuevodigitaldeescobar.com.ar\/?p=2202\"},\"author\":{\"name\":\"Redacci\u00f3n\",\"@id\":\"https:\/\/nuevodigitaldeescobar.com.ar\/#\/schema\/person\/035e90a8efe9a80e6eec22656ad6ea4c\"},\"headline\":\"Lanzan la 25\u00aa edici\u00f3n de Escuelas Abiertas en Verano\",\"datePublished\":\"2023-12-29T19:32:32+00:00\",\"dateModified\":\"2023-12-29T19:32:44+00:00\",\"mainEntityOfPage\":{\"@id\":\"https:\/\/nuevodigitaldeescobar.com.ar\/?p=2202\"},\"wordCount\":334,\"commentCount\":0,\"publisher\":{\"@id\":\"https:\/\/nuevodigitaldeescobar.com.ar\/#organization\"},\"image\":{\"@id\":\"https:\/\/nuevodigitaldeescobar.com.ar\/?p=2202#primaryimage\"},\"thumbnailUrl\":\"https:\/\/nuevodigitaldeescobar.com.ar\/wp-content\/uploads\/2023\/12\/escuelas-de-verano-e1703878345151.jpg\",\"articleSection\":[\"Inter\u00e9s general\"],\"inLanguage\":\"es\",\"potentialAction\":[{\"@type\":\"CommentAction\",\"name\":\"Comment\",\"target\":[\"https:\/\/nuevodigitaldeescobar.com.ar\/?p=2202#respond\"]}]},{\"@type\":\"WebPage\",\"@id\":\"https:\/\/nuevodigitaldeescobar.com.ar\/?p=2202\",\"url\":\"https:\/\/nuevodigitaldeescobar.com.ar\/?p=2202\",\"name\":\"Lanzan la 25\u00aa edici\u00f3n de Escuelas Abiertas en Verano - Nuevo Digital de Escobar\",\"isPartOf\":{\"@id\":\"https:\/\/nuevodigitaldeescobar.com.ar\/#website\"},\"primaryImageOfPage\":{\"@id\":\"https:\/\/nuevodigitaldeescobar.com.ar\/?p=2202#primaryimage\"},\"image\":{\"@id\":\"https:\/\/nuevodigitaldeescobar.com.ar\/?p=2202#primaryimage\"},\"thumbnailUrl\":\"https:\/\/nuevodigitaldeescobar.com.ar\/wp-content\/uploads\/2023\/12\/escuelas-de-verano-e1703878345151.jpg\",\"datePublished\":\"2023-12-29T19:32:32+00:00\",\"dateModified\":\"2023-12-29T19:32:44+00:00\",\"breadcrumb\":{\"@id\":\"https:\/\/nuevodigitaldeescobar.com.ar\/?p=2202#breadcrumb\"},\"inLanguage\":\"es\",\"potentialAction\":[{\"@type\":\"ReadAction\",\"target\":[\"https:\/\/nuevodigitaldeescobar.com.ar\/?p=2202\"]}]},{\"@type\":\"ImageObject\",\"inLanguage\":\"es\",\"@id\":\"https:\/\/nuevodigitaldeescobar.com.ar\/?p=2202#primaryimage\",\"url\":\"https:\/\/nuevodigitaldeescobar.com.ar\/wp-content\/uploads\/2023\/12\/escuelas-de-verano-e1703878345151.jpg\",\"contentUrl\":\"https:\/\/nuevodigitaldeescobar.com.ar\/wp-content\/uploads\/2023\/12\/escuelas-de-verano-e1703878345151.jpg\",\"width\":720,\"height\":481},{\"@type\":\"BreadcrumbList\",\"@id\":\"https:\/\/nuevodigitaldeescobar.com.ar\/?p=2202#breadcrumb\",\"itemListElement\":[{\"@type\":\"ListItem\",\"position\":1,\"name\":\"Portada\",\"item\":\"https:\/\/nuevodigitaldeescobar.com.ar\/\"},{\"@type\":\"ListItem\",\"position\":2,\"name\":\"Lanzan la 25\u00aa edici\u00f3n de Escuelas Abiertas en Verano\"}]},{\"@type\":\"WebSite\",\"@id\":\"https:\/\/nuevodigitaldeescobar.com.ar\/#website\",\"url\":\"https:\/\/nuevodigitaldeescobar.com.ar\/\",\"name\":\"Nuevo Digital de Escobar\",\"description\":\"La vida escobarense. Directora: Rosana Brunner\",\"publisher\":{\"@id\":\"https:\/\/nuevodigitaldeescobar.com.ar\/#organization\"},\"potentialAction\":[{\"@type\":\"SearchAction\",\"target\":{\"@type\":\"EntryPoint\",\"urlTemplate\":\"https:\/\/nuevodigitaldeescobar.com.ar\/?s={search_term_string}\"},\"query-input\":{\"@type\":\"PropertyValueSpecification\",\"valueRequired\":true,\"valueName\":\"search_term_string\"}}],\"inLanguage\":\"es\"},{\"@type\":\"Organization\",\"@id\":\"https:\/\/nuevodigitaldeescobar.com.ar\/#organization\",\"name\":\"Nuevo Digital de Escobar\",\"url\":\"https:\/\/nuevodigitaldeescobar.com.ar\/\",\"logo\":{\"@type\":\"ImageObject\",\"inLanguage\":\"es\",\"@id\":\"https:\/\/nuevodigitaldeescobar.com.ar\/#\/schema\/logo\/image\/\",\"url\":\"https:\/\/nuevodigitaldeescobar.com.ar\/wp-content\/uploads\/2025\/05\/cropped-logo-nuevo2.jpg\",\"contentUrl\":\"https:\/\/nuevodigitaldeescobar.com.ar\/wp-content\/uploads\/2025\/05\/cropped-logo-nuevo2.jpg\",\"width\":305,\"height\":305,\"caption\":\"Nuevo Digital de Escobar\"},\"image\":{\"@id\":\"https:\/\/nuevodigitaldeescobar.com.ar\/#\/schema\/logo\/image\/\"},\"sameAs\":[\"https:\/\/www.facebook.com\/NUEVODigitalDeEscobar\",\"https:\/\/x.com\/nuevodigescobar\",\"https:\/\/www.instagram.com\/nuevodigitaldeescobar\"]},{\"@type\":\"Person\",\"@id\":\"https:\/\/nuevodigitaldeescobar.com.ar\/#\/schema\/person\/035e90a8efe9a80e6eec22656ad6ea4c\",\"name\":\"Redacci\u00f3n\",\"image\":{\"@type\":\"ImageObject\",\"inLanguage\":\"es\",\"@id\":\"https:\/\/nuevodigitaldeescobar.com.ar\/#\/schema\/person\/image\/\",\"url\":\"https:\/\/secure.gravatar.com\/avatar\/8af8f40000c24e9eef3034f2be5998a372bb1389e64b1a4a36b3a7979142220d?s=96&d=mm&r=g\",\"contentUrl\":\"https:\/\/secure.gravatar.com\/avatar\/8af8f40000c24e9eef3034f2be5998a372bb1389e64b1a4a36b3a7979142220d?s=96&d=mm&r=g\",\"caption\":\"Redacci\u00f3n\"},\"sameAs\":[\"http:\/\/nuevodigitaldeescobar.com.ar\"],\"url\":\"https:\/\/nuevodigitaldeescobar.com.ar\/?author=1\"}]}<\/script>\n<!-- \/ Yoast SEO plugin. -->","yoast_head_json":{"title":"Lanzan la 25\u00aa edici\u00f3n de Escuelas Abiertas en Verano - Nuevo Digital de Escobar","robots":{"index":"index","follow":"follow","max-snippet":"max-snippet:-1","max-image-preview":"max-image-preview:large","max-video-preview":"max-video-preview:-1"},"canonical":"https:\/\/nuevodigitaldeescobar.com.ar\/?p=2202","og_locale":"es_ES","og_type":"article","og_title":"Lanzan la 25\u00aa edici\u00f3n de Escuelas Abiertas en Verano - Nuevo Digital de Escobar","og_description":"Con 2465 inscriptos, la Municipalidad de Escobar dar\u00e1 inicio a la 25\u00aa edici\u00f3n de Escuelas Abiertas en Verano, que se desarrollar\u00e1 del 2 al 26 [&hellip;]","og_url":"https:\/\/nuevodigitaldeescobar.com.ar\/?p=2202","og_site_name":"Nuevo Digital de Escobar","article_publisher":"https:\/\/www.facebook.com\/NUEVODigitalDeEscobar","article_published_time":"2023-12-29T19:32:32+00:00","article_modified_time":"2023-12-29T19:32:44+00:00","og_image":[{"width":720,"height":481,"url":"https:\/\/nuevodigitaldeescobar.com.ar\/wp-content\/uploads\/2023\/12\/escuelas-de-verano-e1703878345151.jpg","type":"image\/jpeg"}],"author":"Redacci\u00f3n","twitter_card":"summary_large_image","twitter_creator":"@nuevodigescobar","twitter_site":"@nuevodigescobar","twitter_misc":{"Escrito por":"Redacci\u00f3n","Tiempo de lectura":"2 minutos"},"schema":{"@context":"https:\/\/schema.org","@graph":[{"@type":"Article","@id":"https:\/\/nuevodigitaldeescobar.com.ar\/?p=2202#article","isPartOf":{"@id":"https:\/\/nuevodigitaldeescobar.com.ar\/?p=2202"},"author":{"name":"Redacci\u00f3n","@id":"https:\/\/nuevodigitaldeescobar.com.ar\/#\/schema\/person\/035e90a8efe9a80e6eec22656ad6ea4c"},"headline":"Lanzan la 25\u00aa edici\u00f3n de Escuelas Abiertas en Verano","datePublished":"2023-12-29T19:32:32+00:00","dateModified":"2023-12-29T19:32:44+00:00","mainEntityOfPage":{"@id":"https:\/\/nuevodigitaldeescobar.com.ar\/?p=2202"},"wordCount":334,"commentCount":0,"publisher":{"@id":"https:\/\/nuevodigitaldeescobar.com.ar\/#organization"},"image":{"@id":"https:\/\/nuevodigitaldeescobar.com.ar\/?p=2202#primaryimage"},"thumbnailUrl":"https:\/\/nuevodigitaldeescobar.com.ar\/wp-content\/uploads\/2023\/12\/escuelas-de-verano-e1703878345151.jpg","articleSection":["Inter\u00e9s general"],"inLanguage":"es","potentialAction":[{"@type":"CommentAction","name":"Comment","target":["https:\/\/nuevodigitaldeescobar.com.ar\/?p=2202#respond"]}]},{"@type":"WebPage","@id":"https:\/\/nuevodigitaldeescobar.com.ar\/?p=2202","url":"https:\/\/nuevodigitaldeescobar.com.ar\/?p=2202","name":"Lanzan la 25\u00aa edici\u00f3n de Escuelas Abiertas en Verano - Nuevo Digital de Escobar","isPartOf":{"@id":"https:\/\/nuevodigitaldeescobar.com.ar\/#website"},"primaryImageOfPage":{"@id":"https:\/\/nuevodigitaldeescobar.com.ar\/?p=2202#primaryimage"},"image":{"@id":"https:\/\/nuevodigitaldeescobar.com.ar\/?p=2202#primaryimage"},"thumbnailUrl":"https:\/\/nuevodigitaldeescobar.com.ar\/wp-content\/uploads\/2023\/12\/escuelas-de-verano-e1703878345151.jpg","datePublished":"2023-12-29T19:32:32+00:00","dateModified":"2023-12-29T19:32:44+00:00","breadcrumb":{"@id":"https:\/\/nuevodigitaldeescobar.com.ar\/?p=2202#breadcrumb"},"inLanguage":"es","potentialAction":[{"@type":"ReadAction","target":["https:\/\/nuevodigitaldeescobar.com.ar\/?p=2202"]}]},{"@type":"ImageObject","inLanguage":"es","@id":"https:\/\/nuevodigitaldeescobar.com.ar\/?p=2202#primaryimage","url":"https:\/\/nuevodigitaldeescobar.com.ar\/wp-content\/uploads\/2023\/12\/escuelas-de-verano-e1703878345151.jpg","contentUrl":"https:\/\/nuevodigitaldeescobar.com.ar\/wp-content\/uploads\/2023\/12\/escuelas-de-verano-e1703878345151.jpg","width":720,"height":481},{"@type":"BreadcrumbList","@id":"https:\/\/nuevodigitaldeescobar.com.ar\/?p=2202#breadcrumb","itemListElement":[{"@type":"ListItem","position":1,"name":"Portada","item":"https:\/\/nuevodigitaldeescobar.com.ar\/"},{"@type":"ListItem","position":2,"name":"Lanzan la 25\u00aa edici\u00f3n de Escuelas Abiertas en Verano"}]},{"@type":"WebSite","@id":"https:\/\/nuevodigitaldeescobar.com.ar\/#website","url":"https:\/\/nuevodigitaldeescobar.com.ar\/","name":"Nuevo Digital de Escobar","description":"La vida escobarense. Directora: Rosana Brunner","publisher":{"@id":"https:\/\/nuevodigitaldeescobar.com.ar\/#organization"},"potentialAction":[{"@type":"SearchAction","target":{"@type":"EntryPoint","urlTemplate":"https:\/\/nuevodigitaldeescobar.com.ar\/?s={search_term_string}"},"query-input":{"@type":"PropertyValueSpecification","valueRequired":true,"valueName":"search_term_string"}}],"inLanguage":"es"},{"@type":"Organization","@id":"https:\/\/nuevodigitaldeescobar.com.ar\/#organization","name":"Nuevo Digital de Escobar","url":"https:\/\/nuevodigitaldeescobar.com.ar\/","logo":{"@type":"ImageObject","inLanguage":"es","@id":"https:\/\/nuevodigitaldeescobar.com.ar\/#\/schema\/logo\/image\/","url":"https:\/\/nuevodigitaldeescobar.com.ar\/wp-content\/uploads\/2025\/05\/cropped-logo-nuevo2.jpg","contentUrl":"https:\/\/nuevodigitaldeescobar.com.ar\/wp-content\/uploads\/2025\/05\/cropped-logo-nuevo2.jpg","width":305,"height":305,"caption":"Nuevo Digital de Escobar"},"image":{"@id":"https:\/\/nuevodigitaldeescobar.com.ar\/#\/schema\/logo\/image\/"},"sameAs":["https:\/\/www.facebook.com\/NUEVODigitalDeEscobar","https:\/\/x.com\/nuevodigescobar","https:\/\/www.instagram.com\/nuevodigitaldeescobar"]},{"@type":"Person","@id":"https:\/\/nuevodigitaldeescobar.com.ar\/#\/schema\/person\/035e90a8efe9a80e6eec22656ad6ea4c","name":"Redacci\u00f3n","image":{"@type":"ImageObject","inLanguage":"es","@id":"https:\/\/nuevodigitaldeescobar.com.ar\/#\/schema\/person\/image\/","url":"https:\/\/secure.gravatar.com\/avatar\/8af8f40000c24e9eef3034f2be5998a372bb1389e64b1a4a36b3a7979142220d?s=96&d=mm&r=g","contentUrl":"https:\/\/secure.gravatar.com\/avatar\/8af8f40000c24e9eef3034f2be5998a372bb1389e64b1a4a36b3a7979142220d?s=96&d=mm&r=g","caption":"Redacci\u00f3n"},"sameAs":["http:\/\/nuevodigitaldeescobar.com.ar"],"url":"https:\/\/nuevodigitaldeescobar.com.ar\/?author=1"}]}},"featured_image_urls":{"full":["https:\/\/nuevodigitaldeescobar.com.ar\/wp-content\/uploads\/2023\/12\/escuelas-de-verano-e1703878345151.jpg",720,481,false],"thumbnail":["https:\/\/nuevodigitaldeescobar.com.ar\/wp-content\/uploads\/2023\/12\/escuelas-de-verano-150x150.jpg",150,150,true],"medium":["https:\/\/nuevodigitaldeescobar.com.ar\/wp-content\/uploads\/2023\/12\/escuelas-de-verano-300x201.jpg",300,201,true],"medium_large":["https:\/\/nuevodigitaldeescobar.com.ar\/wp-content\/uploads\/2023\/12\/escuelas-de-verano-768x513.jpg",640,428,true],"large":["https:\/\/nuevodigitaldeescobar.com.ar\/wp-content\/uploads\/2023\/12\/escuelas-de-verano-1024x684.jpg",640,428,true],"1536x1536":["https:\/\/nuevodigitaldeescobar.com.ar\/wp-content\/uploads\/2023\/12\/escuelas-de-verano-e1703878345151.jpg",720,481,false],"2048x2048":["https:\/\/nuevodigitaldeescobar.com.ar\/wp-content\/uploads\/2023\/12\/escuelas-de-verano-e1703878345151.jpg",720,481,false]},"author_info":{"display_name":"Redacci\u00f3n","author_link":"https:\/\/nuevodigitaldeescobar.com.ar\/?author=1"},"category_info":"<a href=\"https:\/\/nuevodigitaldeescobar.com.ar\/?cat=7\" rel=\"category\">Inter\u00e9s general<\/a>","tag_info":"Inter\u00e9s general","comment_count":"0","_links":{"self":[{"href":"https:\/\/nuevodigitaldeescobar.com.ar\/index.php?rest_route=\/wp\/v2\/posts\/2202","targetHints":{"allow":["GET"]}}],"collection":[{"href":"https:\/\/nuevodigitaldeescobar.com.ar\/index.php?rest_route=\/wp\/v2\/posts"}],"about":[{"href":"https:\/\/nuevodigitaldeescobar.com.ar\/index.php?rest_route=\/wp\/v2\/types\/post"}],"author":[{"embeddable":true,"href":"https:\/\/nuevodigitaldeescobar.com.ar\/index.php?rest_route=\/wp\/v2\/users\/1"}],"replies":[{"embeddable":true,"href":"https:\/\/nuevodigitaldeescobar.com.ar\/index.php?rest_route=%2Fwp%2Fv2%2Fcomments&post=2202"}],"version-history":[{"count":1,"href":"https:\/\/nuevodigitaldeescobar.com.ar\/index.php?rest_route=\/wp\/v2\/posts\/2202\/revisions"}],"predecessor-version":[{"id":2204,"href":"https:\/\/nuevodigitaldeescobar.com.ar\/index.php?rest_route=\/wp\/v2\/posts\/2202\/revisions\/2204"}],"wp:featuredmedia":[{"embeddable":true,"href":"https:\/\/nuevodigitaldeescobar.com.ar\/index.php?rest_route=\/wp\/v2\/media\/2203"}],"wp:attachment":[{"href":"https:\/\/nuevodigitaldeescobar.com.ar\/index.php?rest_route=%2Fwp%2Fv2%2Fmedia&parent=2202"}],"wp:term":[{"taxonomy":"category","embeddable":true,"href":"https:\/\/nuevodigitaldeescobar.com.ar\/index.php?rest_route=%2Fwp%2Fv2%2Fcategories&post=2202"},{"taxonomy":"post_tag","embeddable":true,"href":"https:\/\/nuevodigitaldeescobar.com.ar\/index.php?rest_route=%2Fwp%2Fv2%2Ftags&post=2202"}],"curies":[{"name":"wp","href":"https:\/\/api.w.org\/{rel}","templated":true}]}}