{"id":2217,"date":"2023-12-31T07:00:00","date_gmt":"2023-12-31T10:00:00","guid":{"rendered":"https:\/\/nuevodigitaldeescobar.com.ar\/?p=2217"},"modified":"2023-12-29T20:39:23","modified_gmt":"2023-12-29T23:39:23","slug":"un-juez-se-declaro-competente-para-tratar-la-inconstitucionalidad-de-los-aumentos-en-las-prepagas","status":"publish","type":"post","link":"https:\/\/nuevodigitaldeescobar.com.ar\/?p=2217","title":{"rendered":"Un juez se declar\u00f3 competente para tratar la inconstitucionalidad de los aumentos en las prepagas"},"content":{"rendered":"<p><span style=\"color: #003366;\"><strong><em>La presentaci\u00f3n la hizo un abogado socio de Swiss Medical, la prepaga de la que es due\u00f1o Claudio Belocopitt, quien fue el encargado de anunciar los incrementos.<\/em><\/strong><\/span><\/p>\n<p><!--more--><\/p>\n<hr \/>\n<p>Un juez federal se declar\u00f3 este viernes <em>\u00abcompetente\u00bb<\/em> para tratar un pedido de recurso de amparo para frenar los aumentos en la medicina privada, que rondar\u00e1n el 40 por ciento en enero.<\/p>\n<p>La presentaci\u00f3n fue realizada por un abogado que es asociado de la prepaga Swiss Medical -la segunda m\u00e1s importante del mercado-, ante el Juzgado Civil y Comercial Federal N\u00b03.<\/p>\n<p>Ahora, lo que queda por ver es si el juez de Primera Instancia en lo Civil y Comercial Federal N\u00ba3, Jos\u00e9 Luis Cassinerio, da curso al amparo, o lo rechaza.<\/p>\n<p>Empresas de medicina prepaga comenzaron a informar hace una semana a sus asociados incrementos del orden del 40% en el valor de sus cuotas a partir de enero pr\u00f3ximo, a la luz de las decisiones contenidas en el decreto de necesidad y urgencia 70\/2023 del Gobierno nacional.<\/p>\n<p>OSDE, la m\u00e1s grande con casi 2 millones de afiliados, envi\u00f3 este viernes una carta v\u00eda mail en la cual record\u00f3 el Decreto de Necesidad y Urgencia 70\/2023 emitido por el Poder Ejecutivo Nacional, mediante el cual se derog\u00f3 el inciso <em>\u201cg\u201d<\/em> del Art\u00edculo 5\u00b0 de la Ley 26.682, y <em>\u201cen consecuencia las entidades que comercializan planes superadores podr\u00e1n regular en forma aut\u00f3noma el valor de sus cuotas mensuales\u201d<\/em>.<\/p>\n<p><em>\u201cA tenor de lo expuesto, nuestra Organizaci\u00f3n proceder\u00e1 a ajustar el valor de la cuota mensual del enero de 2024, cuyo vencimiento opera a partir del 14 de febrero de 2024, en un 39,80% respecto del valor del plan de servicio vigente al 31 de diciembre de 2023, con el \u00fanico objetivo de intentar alcanzar el equilibrio econ\u00f3mico entre la prestaci\u00f3n que nuestros socios demandan y el costo de los servicios que brindan los efectores contratados\u201d<\/em>, indic\u00f3.<\/p>\n<p>OSDE resalt\u00f3 que <em>\u201clas normas derogadas han causado un retraso significativo en la composici\u00f3n de nuestro valor de cuotas, debido a las distorsiones de precios en medicamentos e insumos, as\u00ed como a la imposici\u00f3n de nuevas obligaciones prestacionales sin su correspondiente financiaci\u00f3n\u201d<\/em>.<\/p>\n<p>Por su parte, Swiss Medical se\u00f1al\u00f3 que <em>\u00abse proceder\u00e1 a incrementar el valor de las cuotas de enero del 2024 en un 40%, calculado sobre el valor de la cuota de diciembre de 2023, prorrogando la fecha de vencimiento de la cuota para el 22 de enero de 2024\u00bb<\/em>.<\/p>\n<p>Adem\u00e1s, las prepagas precisaron que ese incremento <em>\u00abincluir\u00e1 el que le fuese informado en noviembre pasado\u00bb<\/em>.<\/p>\n<p><em>\u00abSe proceder\u00e1 a incrementar el valor de las cuotas de enero del 2024 en un 40%, calculado sobre el valor de la cuota de diciembre de 2023, prorrogando la fecha de vencimiento para el d\u00eda 22 de enero 2024\u00bb<\/em>, indic\u00f3 el comunicado de Swiss Medical, similar a los que enviaron otras prepagas, como OSDE, Galeno, Medicus, Omint y Medif\u00e9, y el resto.<\/p>\n<p>En el caso de Omint, comunic\u00f3 a sus afiliados un aumento de 40,80% que se aplicar\u00e1 para las cuotas con vencimiento en enero. El incremento -indicaron- se fundamenta en la <em>\u00abimportante devaluaci\u00f3n del peso respecto del d\u00f3lar, transcurrida durante el \u00faltimo mes, que se reflej\u00f3 en insumos, medicamentos y pr\u00f3tesis, entre otros\u00bb<\/em>.<\/p>\n<p>Tambi\u00e9n habl\u00f3 del impacto que tuvo el <em>\u00abaumento paritario suscripto entre las C\u00e1maras que representan a los efectores y el sindicato que nuclea a los empleados de sanidad\u00bb<\/em>.<\/p>\n<p>Omint tambi\u00e9n aludi\u00f3 al <em>\u00abgran desfasaje que se ha producido entre los aumentos de cuota autorizados por el \u00cdndice de Costos de Salud, y la inflaci\u00f3n real reflejada entre otros indicadores por el \u00cdndice de Precios al Consumidor\u00bb<\/em>. Tambi\u00e9n aclar\u00f3 que <em>\u00ablos valores de los reintegros y copagos\u00bb<\/em> tambi\u00e9n ser\u00e1n <em>\u00abadecuados en la misma proporci\u00f3n\u00bb<\/em>. Al igual que Swiss Medical, la firma justific\u00f3 el aumento en la letra del DNU 70\/23.<\/p>\n<p><em>(NA)<\/em><\/p>\n","protected":false},"excerpt":{"rendered":"<p>La presentaci\u00f3n la hizo un abogado socio de Swiss Medical, la prepaga de la que es due\u00f1o Claudio Belocopitt, quien fue el encargado de anunciar [&hellip;]<\/p>\n","protected":false},"author":1,"featured_media":2218,"comment_status":"open","ping_status":"closed","sticky":false,"template":"","format":"standard","meta":{"footnotes":""},"categories":[10,15],"tags":[90,89,88],"class_list":["post-2217","post","type-post","status-publish","format-standard","has-post-thumbnail","hentry","category-economia","category-sociedad","tag-amparo","tag-aumento","tag-obras-sociales"],"better_featured_image":{"id":2218,"alt_text":"","caption":"","description":"","media_type":"image","media_details":{"width":720,"height":361,"file":"2023\/12\/swiss-medical-e1703893120464.jpg","filesize":163650,"sizes":{"medium":{"file":"swiss-medical-e1703893120464-300x150.jpg","width":300,"height":150,"mime-type":"image\/jpeg","filesize":7956,"source_url":"https:\/\/nuevodigitaldeescobar.com.ar\/wp-content\/uploads\/2023\/12\/swiss-medical-e1703893120464-300x150.jpg"},"large":{"file":"swiss-medical-1024x654.jpg","width":1024,"height":654,"mime-type":"image\/jpeg","filesize":91604,"source_url":"https:\/\/nuevodigitaldeescobar.com.ar\/wp-content\/uploads\/2023\/12\/swiss-medical-1024x654.jpg"},"thumbnail":{"file":"swiss-medical-e1703893120464-150x150.jpg","width":150,"height":150,"mime-type":"image\/jpeg","filesize":5115,"source_url":"https:\/\/nuevodigitaldeescobar.com.ar\/wp-content\/uploads\/2023\/12\/swiss-medical-e1703893120464-150x150.jpg"},"medium_large":{"file":"swiss-medical-768x491.jpg","width":768,"height":491,"mime-type":"image\/jpeg","filesize":55094,"source_url":"https:\/\/nuevodigitaldeescobar.com.ar\/wp-content\/uploads\/2023\/12\/swiss-medical-768x491.jpg"},"covernews-slider-full":{"file":"swiss-medical-1115x715.jpg","width":1115,"height":715,"mime-type":"image\/jpeg","filesize":107152,"source_url":"https:\/\/nuevodigitaldeescobar.com.ar\/wp-content\/uploads\/2023\/12\/swiss-medical-1115x715.jpg"},"covernews-slider-center":{"file":"swiss-medical-800x500.jpg","width":800,"height":500,"mime-type":"image\/jpeg","filesize":58530,"source_url":"https:\/\/nuevodigitaldeescobar.com.ar\/wp-content\/uploads\/2023\/12\/swiss-medical-800x500.jpg"},"covernews-featured":{"file":"swiss-medical-1024x654.jpg","width":1024,"height":654,"mime-type":"image\/jpeg","filesize":91604,"source_url":"https:\/\/nuevodigitaldeescobar.com.ar\/wp-content\/uploads\/2023\/12\/swiss-medical-1024x654.jpg"},"covernews-medium":{"file":"swiss-medical-e1703893120464-540x340.jpg","width":540,"height":340,"mime-type":"image\/jpeg","filesize":28266,"source_url":"https:\/\/nuevodigitaldeescobar.com.ar\/wp-content\/uploads\/2023\/12\/swiss-medical-e1703893120464-540x340.jpg"},"covernews-medium-square":{"file":"swiss-medical-e1703893120464-400x250.jpg","width":400,"height":250,"mime-type":"image\/jpeg","filesize":16549,"source_url":"https:\/\/nuevodigitaldeescobar.com.ar\/wp-content\/uploads\/2023\/12\/swiss-medical-e1703893120464-400x250.jpg"}},"image_meta":{"aperture":"0","credit":"","camera":"","caption":"","created_timestamp":"0","copyright":"","focal_length":"0","iso":"0","shutter_speed":"0","title":"","orientation":"0","keywords":[]}},"post":2217,"source_url":"https:\/\/nuevodigitaldeescobar.com.ar\/wp-content\/uploads\/2023\/12\/swiss-medical-e1703893120464.jpg"},"yoast_head":"<!-- This site is optimized with the Yoast SEO plugin v26.1.1 - https:\/\/yoast.com\/wordpress\/plugins\/seo\/ -->\n<title>Un juez se declar\u00f3 competente para tratar la inconstitucionalidad de los aumentos en las prepagas - Nuevo Digital de Escobar<\/title>\n<meta name=\"robots\" content=\"index, follow, max-snippet:-1, max-image-preview:large, max-video-preview:-1\" \/>\n<link rel=\"canonical\" href=\"https:\/\/nuevodigitaldeescobar.com.ar\/?p=2217\" \/>\n<meta property=\"og:locale\" content=\"es_ES\" \/>\n<meta property=\"og:type\" content=\"article\" \/>\n<meta property=\"og:title\" content=\"Un juez se declar\u00f3 competente para tratar la inconstitucionalidad de los aumentos en las prepagas - Nuevo Digital de Escobar\" \/>\n<meta property=\"og:description\" content=\"La presentaci\u00f3n la hizo un abogado socio de Swiss Medical, la prepaga de la que es due\u00f1o Claudio Belocopitt, quien fue el encargado de anunciar [&hellip;]\" \/>\n<meta property=\"og:url\" content=\"https:\/\/nuevodigitaldeescobar.com.ar\/?p=2217\" \/>\n<meta property=\"og:site_name\" content=\"Nuevo Digital de Escobar\" \/>\n<meta property=\"article:publisher\" content=\"https:\/\/www.facebook.com\/NUEVODigitalDeEscobar\" \/>\n<meta property=\"article:published_time\" content=\"2023-12-31T10:00:00+00:00\" \/>\n<meta property=\"og:image\" content=\"https:\/\/nuevodigitaldeescobar.com.ar\/wp-content\/uploads\/2023\/12\/swiss-medical-e1703893120464.jpg\" \/>\n\t<meta property=\"og:image:width\" content=\"720\" \/>\n\t<meta property=\"og:image:height\" content=\"361\" \/>\n\t<meta property=\"og:image:type\" content=\"image\/jpeg\" \/>\n<meta name=\"author\" content=\"Redacci\u00f3n\" \/>\n<meta name=\"twitter:card\" content=\"summary_large_image\" \/>\n<meta name=\"twitter:creator\" content=\"@nuevodigescobar\" \/>\n<meta name=\"twitter:site\" content=\"@nuevodigescobar\" \/>\n<meta name=\"twitter:label1\" content=\"Escrito por\" \/>\n\t<meta name=\"twitter:data1\" content=\"Redacci\u00f3n\" \/>\n\t<meta name=\"twitter:label2\" content=\"Tiempo de lectura\" \/>\n\t<meta name=\"twitter:data2\" content=\"3 minutos\" \/>\n<script type=\"application\/ld+json\" class=\"yoast-schema-graph\">{\"@context\":\"https:\/\/schema.org\",\"@graph\":[{\"@type\":\"Article\",\"@id\":\"https:\/\/nuevodigitaldeescobar.com.ar\/?p=2217#article\",\"isPartOf\":{\"@id\":\"https:\/\/nuevodigitaldeescobar.com.ar\/?p=2217\"},\"author\":{\"name\":\"Redacci\u00f3n\",\"@id\":\"https:\/\/nuevodigitaldeescobar.com.ar\/#\/schema\/person\/035e90a8efe9a80e6eec22656ad6ea4c\"},\"headline\":\"Un juez se declar\u00f3 competente para tratar la inconstitucionalidad de los aumentos en las prepagas\",\"datePublished\":\"2023-12-31T10:00:00+00:00\",\"mainEntityOfPage\":{\"@id\":\"https:\/\/nuevodigitaldeescobar.com.ar\/?p=2217\"},\"wordCount\":653,\"commentCount\":0,\"publisher\":{\"@id\":\"https:\/\/nuevodigitaldeescobar.com.ar\/#organization\"},\"image\":{\"@id\":\"https:\/\/nuevodigitaldeescobar.com.ar\/?p=2217#primaryimage\"},\"thumbnailUrl\":\"https:\/\/nuevodigitaldeescobar.com.ar\/wp-content\/uploads\/2023\/12\/swiss-medical-e1703893120464.jpg\",\"keywords\":[\"amparo\",\"aumento\",\"obras sociales\"],\"articleSection\":[\"Econom\u00eda\",\"Sociedad\"],\"inLanguage\":\"es\",\"potentialAction\":[{\"@type\":\"CommentAction\",\"name\":\"Comment\",\"target\":[\"https:\/\/nuevodigitaldeescobar.com.ar\/?p=2217#respond\"]}]},{\"@type\":\"WebPage\",\"@id\":\"https:\/\/nuevodigitaldeescobar.com.ar\/?p=2217\",\"url\":\"https:\/\/nuevodigitaldeescobar.com.ar\/?p=2217\",\"name\":\"Un juez se declar\u00f3 competente para tratar la inconstitucionalidad de los aumentos en las prepagas - Nuevo Digital de Escobar\",\"isPartOf\":{\"@id\":\"https:\/\/nuevodigitaldeescobar.com.ar\/#website\"},\"primaryImageOfPage\":{\"@id\":\"https:\/\/nuevodigitaldeescobar.com.ar\/?p=2217#primaryimage\"},\"image\":{\"@id\":\"https:\/\/nuevodigitaldeescobar.com.ar\/?p=2217#primaryimage\"},\"thumbnailUrl\":\"https:\/\/nuevodigitaldeescobar.com.ar\/wp-content\/uploads\/2023\/12\/swiss-medical-e1703893120464.jpg\",\"datePublished\":\"2023-12-31T10:00:00+00:00\",\"breadcrumb\":{\"@id\":\"https:\/\/nuevodigitaldeescobar.com.ar\/?p=2217#breadcrumb\"},\"inLanguage\":\"es\",\"potentialAction\":[{\"@type\":\"ReadAction\",\"target\":[\"https:\/\/nuevodigitaldeescobar.com.ar\/?p=2217\"]}]},{\"@type\":\"ImageObject\",\"inLanguage\":\"es\",\"@id\":\"https:\/\/nuevodigitaldeescobar.com.ar\/?p=2217#primaryimage\",\"url\":\"https:\/\/nuevodigitaldeescobar.com.ar\/wp-content\/uploads\/2023\/12\/swiss-medical-e1703893120464.jpg\",\"contentUrl\":\"https:\/\/nuevodigitaldeescobar.com.ar\/wp-content\/uploads\/2023\/12\/swiss-medical-e1703893120464.jpg\",\"width\":720,\"height\":361},{\"@type\":\"BreadcrumbList\",\"@id\":\"https:\/\/nuevodigitaldeescobar.com.ar\/?p=2217#breadcrumb\",\"itemListElement\":[{\"@type\":\"ListItem\",\"position\":1,\"name\":\"Portada\",\"item\":\"https:\/\/nuevodigitaldeescobar.com.ar\/\"},{\"@type\":\"ListItem\",\"position\":2,\"name\":\"Un juez se declar\u00f3 competente para tratar la inconstitucionalidad de los aumentos en las prepagas\"}]},{\"@type\":\"WebSite\",\"@id\":\"https:\/\/nuevodigitaldeescobar.com.ar\/#website\",\"url\":\"https:\/\/nuevodigitaldeescobar.com.ar\/\",\"name\":\"Nuevo Digital de Escobar\",\"description\":\"La vida escobarense. Directora: Rosana Brunner\",\"publisher\":{\"@id\":\"https:\/\/nuevodigitaldeescobar.com.ar\/#organization\"},\"potentialAction\":[{\"@type\":\"SearchAction\",\"target\":{\"@type\":\"EntryPoint\",\"urlTemplate\":\"https:\/\/nuevodigitaldeescobar.com.ar\/?s={search_term_string}\"},\"query-input\":{\"@type\":\"PropertyValueSpecification\",\"valueRequired\":true,\"valueName\":\"search_term_string\"}}],\"inLanguage\":\"es\"},{\"@type\":\"Organization\",\"@id\":\"https:\/\/nuevodigitaldeescobar.com.ar\/#organization\",\"name\":\"Nuevo Digital de Escobar\",\"url\":\"https:\/\/nuevodigitaldeescobar.com.ar\/\",\"logo\":{\"@type\":\"ImageObject\",\"inLanguage\":\"es\",\"@id\":\"https:\/\/nuevodigitaldeescobar.com.ar\/#\/schema\/logo\/image\/\",\"url\":\"https:\/\/nuevodigitaldeescobar.com.ar\/wp-content\/uploads\/2025\/05\/cropped-logo-nuevo2.jpg\",\"contentUrl\":\"https:\/\/nuevodigitaldeescobar.com.ar\/wp-content\/uploads\/2025\/05\/cropped-logo-nuevo2.jpg\",\"width\":305,\"height\":305,\"caption\":\"Nuevo Digital de Escobar\"},\"image\":{\"@id\":\"https:\/\/nuevodigitaldeescobar.com.ar\/#\/schema\/logo\/image\/\"},\"sameAs\":[\"https:\/\/www.facebook.com\/NUEVODigitalDeEscobar\",\"https:\/\/x.com\/nuevodigescobar\",\"https:\/\/www.instagram.com\/nuevodigitaldeescobar\"]},{\"@type\":\"Person\",\"@id\":\"https:\/\/nuevodigitaldeescobar.com.ar\/#\/schema\/person\/035e90a8efe9a80e6eec22656ad6ea4c\",\"name\":\"Redacci\u00f3n\",\"image\":{\"@type\":\"ImageObject\",\"inLanguage\":\"es\",\"@id\":\"https:\/\/nuevodigitaldeescobar.com.ar\/#\/schema\/person\/image\/\",\"url\":\"https:\/\/secure.gravatar.com\/avatar\/8af8f40000c24e9eef3034f2be5998a372bb1389e64b1a4a36b3a7979142220d?s=96&d=mm&r=g\",\"contentUrl\":\"https:\/\/secure.gravatar.com\/avatar\/8af8f40000c24e9eef3034f2be5998a372bb1389e64b1a4a36b3a7979142220d?s=96&d=mm&r=g\",\"caption\":\"Redacci\u00f3n\"},\"sameAs\":[\"http:\/\/nuevodigitaldeescobar.com.ar\"],\"url\":\"https:\/\/nuevodigitaldeescobar.com.ar\/?author=1\"}]}<\/script>\n<!-- \/ Yoast SEO plugin. -->","yoast_head_json":{"title":"Un juez se declar\u00f3 competente para tratar la inconstitucionalidad de los aumentos en las prepagas - Nuevo Digital de Escobar","robots":{"index":"index","follow":"follow","max-snippet":"max-snippet:-1","max-image-preview":"max-image-preview:large","max-video-preview":"max-video-preview:-1"},"canonical":"https:\/\/nuevodigitaldeescobar.com.ar\/?p=2217","og_locale":"es_ES","og_type":"article","og_title":"Un juez se declar\u00f3 competente para tratar la inconstitucionalidad de los aumentos en las prepagas - Nuevo Digital de Escobar","og_description":"La presentaci\u00f3n la hizo un abogado socio de Swiss Medical, la prepaga de la que es due\u00f1o Claudio Belocopitt, quien fue el encargado de anunciar [&hellip;]","og_url":"https:\/\/nuevodigitaldeescobar.com.ar\/?p=2217","og_site_name":"Nuevo Digital de Escobar","article_publisher":"https:\/\/www.facebook.com\/NUEVODigitalDeEscobar","article_published_time":"2023-12-31T10:00:00+00:00","og_image":[{"width":720,"height":361,"url":"https:\/\/nuevodigitaldeescobar.com.ar\/wp-content\/uploads\/2023\/12\/swiss-medical-e1703893120464.jpg","type":"image\/jpeg"}],"author":"Redacci\u00f3n","twitter_card":"summary_large_image","twitter_creator":"@nuevodigescobar","twitter_site":"@nuevodigescobar","twitter_misc":{"Escrito por":"Redacci\u00f3n","Tiempo de lectura":"3 minutos"},"schema":{"@context":"https:\/\/schema.org","@graph":[{"@type":"Article","@id":"https:\/\/nuevodigitaldeescobar.com.ar\/?p=2217#article","isPartOf":{"@id":"https:\/\/nuevodigitaldeescobar.com.ar\/?p=2217"},"author":{"name":"Redacci\u00f3n","@id":"https:\/\/nuevodigitaldeescobar.com.ar\/#\/schema\/person\/035e90a8efe9a80e6eec22656ad6ea4c"},"headline":"Un juez se declar\u00f3 competente para tratar la inconstitucionalidad de los aumentos en las prepagas","datePublished":"2023-12-31T10:00:00+00:00","mainEntityOfPage":{"@id":"https:\/\/nuevodigitaldeescobar.com.ar\/?p=2217"},"wordCount":653,"commentCount":0,"publisher":{"@id":"https:\/\/nuevodigitaldeescobar.com.ar\/#organization"},"image":{"@id":"https:\/\/nuevodigitaldeescobar.com.ar\/?p=2217#primaryimage"},"thumbnailUrl":"https:\/\/nuevodigitaldeescobar.com.ar\/wp-content\/uploads\/2023\/12\/swiss-medical-e1703893120464.jpg","keywords":["amparo","aumento","obras sociales"],"articleSection":["Econom\u00eda","Sociedad"],"inLanguage":"es","potentialAction":[{"@type":"CommentAction","name":"Comment","target":["https:\/\/nuevodigitaldeescobar.com.ar\/?p=2217#respond"]}]},{"@type":"WebPage","@id":"https:\/\/nuevodigitaldeescobar.com.ar\/?p=2217","url":"https:\/\/nuevodigitaldeescobar.com.ar\/?p=2217","name":"Un juez se declar\u00f3 competente para tratar la inconstitucionalidad de los aumentos en las prepagas - Nuevo Digital de Escobar","isPartOf":{"@id":"https:\/\/nuevodigitaldeescobar.com.ar\/#website"},"primaryImageOfPage":{"@id":"https:\/\/nuevodigitaldeescobar.com.ar\/?p=2217#primaryimage"},"image":{"@id":"https:\/\/nuevodigitaldeescobar.com.ar\/?p=2217#primaryimage"},"thumbnailUrl":"https:\/\/nuevodigitaldeescobar.com.ar\/wp-content\/uploads\/2023\/12\/swiss-medical-e1703893120464.jpg","datePublished":"2023-12-31T10:00:00+00:00","breadcrumb":{"@id":"https:\/\/nuevodigitaldeescobar.com.ar\/?p=2217#breadcrumb"},"inLanguage":"es","potentialAction":[{"@type":"ReadAction","target":["https:\/\/nuevodigitaldeescobar.com.ar\/?p=2217"]}]},{"@type":"ImageObject","inLanguage":"es","@id":"https:\/\/nuevodigitaldeescobar.com.ar\/?p=2217#primaryimage","url":"https:\/\/nuevodigitaldeescobar.com.ar\/wp-content\/uploads\/2023\/12\/swiss-medical-e1703893120464.jpg","contentUrl":"https:\/\/nuevodigitaldeescobar.com.ar\/wp-content\/uploads\/2023\/12\/swiss-medical-e1703893120464.jpg","width":720,"height":361},{"@type":"BreadcrumbList","@id":"https:\/\/nuevodigitaldeescobar.com.ar\/?p=2217#breadcrumb","itemListElement":[{"@type":"ListItem","position":1,"name":"Portada","item":"https:\/\/nuevodigitaldeescobar.com.ar\/"},{"@type":"ListItem","position":2,"name":"Un juez se declar\u00f3 competente para tratar la inconstitucionalidad de los aumentos en las prepagas"}]},{"@type":"WebSite","@id":"https:\/\/nuevodigitaldeescobar.com.ar\/#website","url":"https:\/\/nuevodigitaldeescobar.com.ar\/","name":"Nuevo Digital de Escobar","description":"La vida escobarense. Directora: Rosana Brunner","publisher":{"@id":"https:\/\/nuevodigitaldeescobar.com.ar\/#organization"},"potentialAction":[{"@type":"SearchAction","target":{"@type":"EntryPoint","urlTemplate":"https:\/\/nuevodigitaldeescobar.com.ar\/?s={search_term_string}"},"query-input":{"@type":"PropertyValueSpecification","valueRequired":true,"valueName":"search_term_string"}}],"inLanguage":"es"},{"@type":"Organization","@id":"https:\/\/nuevodigitaldeescobar.com.ar\/#organization","name":"Nuevo Digital de Escobar","url":"https:\/\/nuevodigitaldeescobar.com.ar\/","logo":{"@type":"ImageObject","inLanguage":"es","@id":"https:\/\/nuevodigitaldeescobar.com.ar\/#\/schema\/logo\/image\/","url":"https:\/\/nuevodigitaldeescobar.com.ar\/wp-content\/uploads\/2025\/05\/cropped-logo-nuevo2.jpg","contentUrl":"https:\/\/nuevodigitaldeescobar.com.ar\/wp-content\/uploads\/2025\/05\/cropped-logo-nuevo2.jpg","width":305,"height":305,"caption":"Nuevo Digital de Escobar"},"image":{"@id":"https:\/\/nuevodigitaldeescobar.com.ar\/#\/schema\/logo\/image\/"},"sameAs":["https:\/\/www.facebook.com\/NUEVODigitalDeEscobar","https:\/\/x.com\/nuevodigescobar","https:\/\/www.instagram.com\/nuevodigitaldeescobar"]},{"@type":"Person","@id":"https:\/\/nuevodigitaldeescobar.com.ar\/#\/schema\/person\/035e90a8efe9a80e6eec22656ad6ea4c","name":"Redacci\u00f3n","image":{"@type":"ImageObject","inLanguage":"es","@id":"https:\/\/nuevodigitaldeescobar.com.ar\/#\/schema\/person\/image\/","url":"https:\/\/secure.gravatar.com\/avatar\/8af8f40000c24e9eef3034f2be5998a372bb1389e64b1a4a36b3a7979142220d?s=96&d=mm&r=g","contentUrl":"https:\/\/secure.gravatar.com\/avatar\/8af8f40000c24e9eef3034f2be5998a372bb1389e64b1a4a36b3a7979142220d?s=96&d=mm&r=g","caption":"Redacci\u00f3n"},"sameAs":["http:\/\/nuevodigitaldeescobar.com.ar"],"url":"https:\/\/nuevodigitaldeescobar.com.ar\/?author=1"}]}},"featured_image_urls":{"full":["https:\/\/nuevodigitaldeescobar.com.ar\/wp-content\/uploads\/2023\/12\/swiss-medical-e1703893120464.jpg",720,361,false],"thumbnail":["https:\/\/nuevodigitaldeescobar.com.ar\/wp-content\/uploads\/2023\/12\/swiss-medical-e1703893120464-150x150.jpg",150,150,true],"medium":["https:\/\/nuevodigitaldeescobar.com.ar\/wp-content\/uploads\/2023\/12\/swiss-medical-e1703893120464-300x150.jpg",300,150,true],"medium_large":["https:\/\/nuevodigitaldeescobar.com.ar\/wp-content\/uploads\/2023\/12\/swiss-medical-768x491.jpg",640,409,true],"large":["https:\/\/nuevodigitaldeescobar.com.ar\/wp-content\/uploads\/2023\/12\/swiss-medical-1024x654.jpg",640,409,true],"1536x1536":["https:\/\/nuevodigitaldeescobar.com.ar\/wp-content\/uploads\/2023\/12\/swiss-medical-e1703893120464.jpg",720,361,false],"2048x2048":["https:\/\/nuevodigitaldeescobar.com.ar\/wp-content\/uploads\/2023\/12\/swiss-medical-e1703893120464.jpg",720,361,false]},"author_info":{"display_name":"Redacci\u00f3n","author_link":"https:\/\/nuevodigitaldeescobar.com.ar\/?author=1"},"category_info":"<a href=\"https:\/\/nuevodigitaldeescobar.com.ar\/?cat=10\" rel=\"category\">Econom\u00eda<\/a> <a href=\"https:\/\/nuevodigitaldeescobar.com.ar\/?cat=15\" rel=\"category\">Sociedad<\/a>","tag_info":"Sociedad","comment_count":"0","_links":{"self":[{"href":"https:\/\/nuevodigitaldeescobar.com.ar\/index.php?rest_route=\/wp\/v2\/posts\/2217","targetHints":{"allow":["GET"]}}],"collection":[{"href":"https:\/\/nuevodigitaldeescobar.com.ar\/index.php?rest_route=\/wp\/v2\/posts"}],"about":[{"href":"https:\/\/nuevodigitaldeescobar.com.ar\/index.php?rest_route=\/wp\/v2\/types\/post"}],"author":[{"embeddable":true,"href":"https:\/\/nuevodigitaldeescobar.com.ar\/index.php?rest_route=\/wp\/v2\/users\/1"}],"replies":[{"embeddable":true,"href":"https:\/\/nuevodigitaldeescobar.com.ar\/index.php?rest_route=%2Fwp%2Fv2%2Fcomments&post=2217"}],"version-history":[{"count":1,"href":"https:\/\/nuevodigitaldeescobar.com.ar\/index.php?rest_route=\/wp\/v2\/posts\/2217\/revisions"}],"predecessor-version":[{"id":2219,"href":"https:\/\/nuevodigitaldeescobar.com.ar\/index.php?rest_route=\/wp\/v2\/posts\/2217\/revisions\/2219"}],"wp:featuredmedia":[{"embeddable":true,"href":"https:\/\/nuevodigitaldeescobar.com.ar\/index.php?rest_route=\/wp\/v2\/media\/2218"}],"wp:attachment":[{"href":"https:\/\/nuevodigitaldeescobar.com.ar\/index.php?rest_route=%2Fwp%2Fv2%2Fmedia&parent=2217"}],"wp:term":[{"taxonomy":"category","embeddable":true,"href":"https:\/\/nuevodigitaldeescobar.com.ar\/index.php?rest_route=%2Fwp%2Fv2%2Fcategories&post=2217"},{"taxonomy":"post_tag","embeddable":true,"href":"https:\/\/nuevodigitaldeescobar.com.ar\/index.php?rest_route=%2Fwp%2Fv2%2Ftags&post=2217"}],"curies":[{"name":"wp","href":"https:\/\/api.w.org\/{rel}","templated":true}]}}