{"id":222,"date":"2023-10-19T11:04:51","date_gmt":"2023-10-19T14:04:51","guid":{"rendered":"https:\/\/nuevodigitaldeescobar.com.ar\/?p=222"},"modified":"2023-10-19T11:05:03","modified_gmt":"2023-10-19T14:05:03","slug":"padres-organizados-entrego-una-carta-con-mas-de-5-000-firmas-en-casa-rosada","status":"publish","type":"post","link":"https:\/\/nuevodigitaldeescobar.com.ar\/?p=222","title":{"rendered":"Padres Organizados entreg\u00f3 una carta con m\u00e1s de 5.000 firmas en Casa Rosada"},"content":{"rendered":"<p><span style=\"color: #ff6600;\"><strong><em>Este mi\u00e9rcoles, 18 de octubre, a las 12.30 hs. en Casa Rosada, la Red de Familias y Padres Organizados por la Educaci\u00f3n entreg\u00f3 una carta con m\u00e1s de 5.000 firmas:<\/em><\/strong><\/span><\/p>\n<p><!--more--><\/p>\n<p><em>\u201cAl Presidente que cerr\u00f3 las escuelas.<\/em><\/p>\n<p><em>Al Ministro de Educaci\u00f3n que permite que sigan siendo lo primero en cerrar por cualquier motivo.<\/em><\/p>\n<p><em>Al Congreso que no declar\u00f3 la Educaci\u00f3n esencial.<\/em><\/p>\n<p><em>Al pr\u00f3ximo gobierno y pr\u00f3xima formaci\u00f3n legislativa para que reviertan esta situaci\u00f3n.<\/em><\/p>\n<p><strong><em><u>Priorizar la educaci\u00f3n es fundamental para la sociedad democr\u00e1tica que necesitamos sostener.<\/u><\/em><\/strong><\/p>\n<p><em>Desde Padres Organizados nos preguntamos: qu\u00e9 pasa con los cientos de miles de ni\u00f1os, ni\u00f1as y adolescentes que tendr\u00e1n negado su derecho a ir a la escuela, una vez m\u00e1s. \u00bfCualquier reclamo, tenga o no que ver con educaci\u00f3n, es m\u00e1s importante que el derecho a educarse?<\/em><\/p>\n<p><em>\u00bfQu\u00e9 mensaje reciben los chicos de parte de los adultos? \u00bfDa lo mismo ir a la escuela que no ir? \u00bfCu\u00e1ndo vamos a ense\u00f1arles que los conflictos se resuelvan mediante los procedimientos institucionales establecidos? \u00bfQu\u00e9 percibir\u00e1n sobre su propia educaci\u00f3n y sobre el lugar que ocupan en la sociedad?<\/em><\/p>\n<p><em>Una vez m\u00e1s, los intereses de los adultos se ponen por encima de los ni\u00f1os para privarlos de un derecho b\u00e1sico, para silenciar sus anhelos y para negarles un presente y un futuro dignos. Priorizar la educaci\u00f3n es fundamental para la sociedad democr\u00e1tica que necesitamos sostener\u201d<\/em>.<\/p>\n<p>Posteriormente se dirigir\u00e1n al Congreso de la Naci\u00f3n para dejar una copia.<\/p>\n<p>Para mayor informaci\u00f3n, se pueden visitar las redes de Padres Organizados: X: @PadresOrgFed; Instagram: @padresorgfed; Facebook: @padresorganizados2020.<\/p>\n","protected":false},"excerpt":{"rendered":"<p>Este mi\u00e9rcoles, 18 de octubre, a las 12.30 hs. en Casa Rosada, la Red de Familias y Padres Organizados por la Educaci\u00f3n entreg\u00f3 una carta [&hellip;]<\/p>\n","protected":false},"author":1,"featured_media":223,"comment_status":"open","ping_status":"closed","sticky":false,"template":"","format":"standard","meta":{"footnotes":""},"categories":[4,6,15],"tags":[],"class_list":["post-222","post","type-post","status-publish","format-standard","has-post-thumbnail","hentry","category-educacion","category-politica","category-sociedad"],"better_featured_image":{"id":223,"alt_text":"","caption":"","description":"","media_type":"image","media_details":{"width":718,"height":703,"file":"2023\/10\/padres-organizador-e1697724284501.jpg","filesize":435812,"sizes":{"medium":{"file":"padres-organizador-e1697724284501-300x294.jpg","width":300,"height":294,"mime-type":"image\/jpeg","filesize":26554,"source_url":"https:\/\/nuevodigitaldeescobar.com.ar\/wp-content\/uploads\/2023\/10\/padres-organizador-e1697724284501-300x294.jpg"},"large":{"file":"padres-organizador-821x1024.jpg","width":821,"height":1024,"mime-type":"image\/jpeg","filesize":210355,"source_url":"https:\/\/nuevodigitaldeescobar.com.ar\/wp-content\/uploads\/2023\/10\/padres-organizador-821x1024.jpg"},"thumbnail":{"file":"padres-organizador-e1697724284501-150x150.jpg","width":150,"height":150,"mime-type":"image\/jpeg","filesize":8626,"source_url":"https:\/\/nuevodigitaldeescobar.com.ar\/wp-content\/uploads\/2023\/10\/padres-organizador-e1697724284501-150x150.jpg"},"medium_large":{"file":"padres-organizador-768x958.jpg","width":768,"height":958,"mime-type":"image\/jpeg","filesize":186567,"source_url":"https:\/\/nuevodigitaldeescobar.com.ar\/wp-content\/uploads\/2023\/10\/padres-organizador-768x958.jpg"},"1536x1536":{"file":"padres-organizador-1232x1536.jpg","width":1232,"height":1536,"mime-type":"image\/jpeg","filesize":413995,"source_url":"https:\/\/nuevodigitaldeescobar.com.ar\/wp-content\/uploads\/2023\/10\/padres-organizador-1232x1536.jpg"},"covernews-slider-full":{"file":"padres-organizador-1115x715.jpg","width":1115,"height":715,"mime-type":"image\/jpeg","filesize":161062,"source_url":"https:\/\/nuevodigitaldeescobar.com.ar\/wp-content\/uploads\/2023\/10\/padres-organizador-1115x715.jpg"},"covernews-slider-center":{"file":"padres-organizador-e1697724284501-718x500.jpg","width":718,"height":500,"mime-type":"image\/jpeg","filesize":86986,"source_url":"https:\/\/nuevodigitaldeescobar.com.ar\/wp-content\/uploads\/2023\/10\/padres-organizador-e1697724284501-718x500.jpg"},"covernews-featured":{"file":"padres-organizador-1024x1277.jpg","width":1024,"height":1277,"mime-type":"image\/jpeg","filesize":307569,"source_url":"https:\/\/nuevodigitaldeescobar.com.ar\/wp-content\/uploads\/2023\/10\/padres-organizador-1024x1277.jpg"},"covernews-medium":{"file":"padres-organizador-e1697724284501-540x340.jpg","width":540,"height":340,"mime-type":"image\/jpeg","filesize":45366,"source_url":"https:\/\/nuevodigitaldeescobar.com.ar\/wp-content\/uploads\/2023\/10\/padres-organizador-e1697724284501-540x340.jpg"},"covernews-medium-square":{"file":"padres-organizador-e1697724284501-400x250.jpg","width":400,"height":250,"mime-type":"image\/jpeg","filesize":27313,"source_url":"https:\/\/nuevodigitaldeescobar.com.ar\/wp-content\/uploads\/2023\/10\/padres-organizador-e1697724284501-400x250.jpg"}},"image_meta":{"aperture":"0","credit":"","camera":"","caption":"","created_timestamp":"0","copyright":"","focal_length":"0","iso":"0","shutter_speed":"0","title":"","orientation":"0","keywords":[]}},"post":222,"source_url":"https:\/\/nuevodigitaldeescobar.com.ar\/wp-content\/uploads\/2023\/10\/padres-organizador-e1697724284501.jpg"},"yoast_head":"<!-- This site is optimized with the Yoast SEO plugin v26.1.1 - https:\/\/yoast.com\/wordpress\/plugins\/seo\/ -->\n<title>Padres Organizados entreg\u00f3 una carta con m\u00e1s de 5.000 firmas en Casa Rosada - Nuevo Digital de Escobar<\/title>\n<meta name=\"robots\" content=\"index, follow, max-snippet:-1, max-image-preview:large, max-video-preview:-1\" \/>\n<link rel=\"canonical\" href=\"https:\/\/nuevodigitaldeescobar.com.ar\/?p=222\" \/>\n<meta property=\"og:locale\" content=\"es_ES\" \/>\n<meta property=\"og:type\" content=\"article\" \/>\n<meta property=\"og:title\" content=\"Padres Organizados entreg\u00f3 una carta con m\u00e1s de 5.000 firmas en Casa Rosada - Nuevo Digital de Escobar\" \/>\n<meta property=\"og:description\" content=\"Este mi\u00e9rcoles, 18 de octubre, a las 12.30 hs. en Casa Rosada, la Red de Familias y Padres Organizados por la Educaci\u00f3n entreg\u00f3 una carta [&hellip;]\" \/>\n<meta property=\"og:url\" content=\"https:\/\/nuevodigitaldeescobar.com.ar\/?p=222\" \/>\n<meta property=\"og:site_name\" content=\"Nuevo Digital de Escobar\" \/>\n<meta property=\"article:publisher\" content=\"https:\/\/www.facebook.com\/NUEVODigitalDeEscobar\" \/>\n<meta property=\"article:published_time\" content=\"2023-10-19T14:04:51+00:00\" \/>\n<meta property=\"article:modified_time\" content=\"2023-10-19T14:05:03+00:00\" \/>\n<meta property=\"og:image\" content=\"https:\/\/nuevodigitaldeescobar.com.ar\/wp-content\/uploads\/2023\/10\/padres-organizador-e1697724284501.jpg\" \/>\n\t<meta property=\"og:image:width\" content=\"718\" \/>\n\t<meta property=\"og:image:height\" content=\"703\" \/>\n\t<meta property=\"og:image:type\" content=\"image\/jpeg\" \/>\n<meta name=\"author\" content=\"Redacci\u00f3n\" \/>\n<meta name=\"twitter:card\" content=\"summary_large_image\" \/>\n<meta name=\"twitter:creator\" content=\"@nuevodigescobar\" \/>\n<meta name=\"twitter:site\" content=\"@nuevodigescobar\" \/>\n<meta name=\"twitter:label1\" content=\"Escrito por\" \/>\n\t<meta name=\"twitter:data1\" content=\"Redacci\u00f3n\" \/>\n\t<meta name=\"twitter:label2\" content=\"Tiempo de lectura\" \/>\n\t<meta name=\"twitter:data2\" content=\"1 minuto\" \/>\n<script type=\"application\/ld+json\" class=\"yoast-schema-graph\">{\"@context\":\"https:\/\/schema.org\",\"@graph\":[{\"@type\":\"Article\",\"@id\":\"https:\/\/nuevodigitaldeescobar.com.ar\/?p=222#article\",\"isPartOf\":{\"@id\":\"https:\/\/nuevodigitaldeescobar.com.ar\/?p=222\"},\"author\":{\"name\":\"Redacci\u00f3n\",\"@id\":\"https:\/\/nuevodigitaldeescobar.com.ar\/#\/schema\/person\/035e90a8efe9a80e6eec22656ad6ea4c\"},\"headline\":\"Padres Organizados entreg\u00f3 una carta con m\u00e1s de 5.000 firmas en Casa Rosada\",\"datePublished\":\"2023-10-19T14:04:51+00:00\",\"dateModified\":\"2023-10-19T14:05:03+00:00\",\"mainEntityOfPage\":{\"@id\":\"https:\/\/nuevodigitaldeescobar.com.ar\/?p=222\"},\"wordCount\":294,\"commentCount\":0,\"publisher\":{\"@id\":\"https:\/\/nuevodigitaldeescobar.com.ar\/#organization\"},\"image\":{\"@id\":\"https:\/\/nuevodigitaldeescobar.com.ar\/?p=222#primaryimage\"},\"thumbnailUrl\":\"https:\/\/nuevodigitaldeescobar.com.ar\/wp-content\/uploads\/2023\/10\/padres-organizador-e1697724284501.jpg\",\"articleSection\":[\"Educaci\u00f3n\",\"Pol\u00edtica\",\"Sociedad\"],\"inLanguage\":\"es\",\"potentialAction\":[{\"@type\":\"CommentAction\",\"name\":\"Comment\",\"target\":[\"https:\/\/nuevodigitaldeescobar.com.ar\/?p=222#respond\"]}]},{\"@type\":\"WebPage\",\"@id\":\"https:\/\/nuevodigitaldeescobar.com.ar\/?p=222\",\"url\":\"https:\/\/nuevodigitaldeescobar.com.ar\/?p=222\",\"name\":\"Padres Organizados entreg\u00f3 una carta con m\u00e1s de 5.000 firmas en Casa Rosada - Nuevo Digital de Escobar\",\"isPartOf\":{\"@id\":\"https:\/\/nuevodigitaldeescobar.com.ar\/#website\"},\"primaryImageOfPage\":{\"@id\":\"https:\/\/nuevodigitaldeescobar.com.ar\/?p=222#primaryimage\"},\"image\":{\"@id\":\"https:\/\/nuevodigitaldeescobar.com.ar\/?p=222#primaryimage\"},\"thumbnailUrl\":\"https:\/\/nuevodigitaldeescobar.com.ar\/wp-content\/uploads\/2023\/10\/padres-organizador-e1697724284501.jpg\",\"datePublished\":\"2023-10-19T14:04:51+00:00\",\"dateModified\":\"2023-10-19T14:05:03+00:00\",\"breadcrumb\":{\"@id\":\"https:\/\/nuevodigitaldeescobar.com.ar\/?p=222#breadcrumb\"},\"inLanguage\":\"es\",\"potentialAction\":[{\"@type\":\"ReadAction\",\"target\":[\"https:\/\/nuevodigitaldeescobar.com.ar\/?p=222\"]}]},{\"@type\":\"ImageObject\",\"inLanguage\":\"es\",\"@id\":\"https:\/\/nuevodigitaldeescobar.com.ar\/?p=222#primaryimage\",\"url\":\"https:\/\/nuevodigitaldeescobar.com.ar\/wp-content\/uploads\/2023\/10\/padres-organizador-e1697724284501.jpg\",\"contentUrl\":\"https:\/\/nuevodigitaldeescobar.com.ar\/wp-content\/uploads\/2023\/10\/padres-organizador-e1697724284501.jpg\",\"width\":718,\"height\":703},{\"@type\":\"BreadcrumbList\",\"@id\":\"https:\/\/nuevodigitaldeescobar.com.ar\/?p=222#breadcrumb\",\"itemListElement\":[{\"@type\":\"ListItem\",\"position\":1,\"name\":\"Portada\",\"item\":\"https:\/\/nuevodigitaldeescobar.com.ar\/\"},{\"@type\":\"ListItem\",\"position\":2,\"name\":\"Padres Organizados entreg\u00f3 una carta con m\u00e1s de 5.000 firmas en Casa Rosada\"}]},{\"@type\":\"WebSite\",\"@id\":\"https:\/\/nuevodigitaldeescobar.com.ar\/#website\",\"url\":\"https:\/\/nuevodigitaldeescobar.com.ar\/\",\"name\":\"Nuevo Digital de Escobar\",\"description\":\"La vida escobarense. Directora: Rosana Brunner\",\"publisher\":{\"@id\":\"https:\/\/nuevodigitaldeescobar.com.ar\/#organization\"},\"potentialAction\":[{\"@type\":\"SearchAction\",\"target\":{\"@type\":\"EntryPoint\",\"urlTemplate\":\"https:\/\/nuevodigitaldeescobar.com.ar\/?s={search_term_string}\"},\"query-input\":{\"@type\":\"PropertyValueSpecification\",\"valueRequired\":true,\"valueName\":\"search_term_string\"}}],\"inLanguage\":\"es\"},{\"@type\":\"Organization\",\"@id\":\"https:\/\/nuevodigitaldeescobar.com.ar\/#organization\",\"name\":\"Nuevo Digital de Escobar\",\"url\":\"https:\/\/nuevodigitaldeescobar.com.ar\/\",\"logo\":{\"@type\":\"ImageObject\",\"inLanguage\":\"es\",\"@id\":\"https:\/\/nuevodigitaldeescobar.com.ar\/#\/schema\/logo\/image\/\",\"url\":\"https:\/\/nuevodigitaldeescobar.com.ar\/wp-content\/uploads\/2025\/05\/cropped-logo-nuevo2.jpg\",\"contentUrl\":\"https:\/\/nuevodigitaldeescobar.com.ar\/wp-content\/uploads\/2025\/05\/cropped-logo-nuevo2.jpg\",\"width\":305,\"height\":305,\"caption\":\"Nuevo Digital de Escobar\"},\"image\":{\"@id\":\"https:\/\/nuevodigitaldeescobar.com.ar\/#\/schema\/logo\/image\/\"},\"sameAs\":[\"https:\/\/www.facebook.com\/NUEVODigitalDeEscobar\",\"https:\/\/x.com\/nuevodigescobar\",\"https:\/\/www.instagram.com\/nuevodigitaldeescobar\"]},{\"@type\":\"Person\",\"@id\":\"https:\/\/nuevodigitaldeescobar.com.ar\/#\/schema\/person\/035e90a8efe9a80e6eec22656ad6ea4c\",\"name\":\"Redacci\u00f3n\",\"image\":{\"@type\":\"ImageObject\",\"inLanguage\":\"es\",\"@id\":\"https:\/\/nuevodigitaldeescobar.com.ar\/#\/schema\/person\/image\/\",\"url\":\"https:\/\/secure.gravatar.com\/avatar\/8af8f40000c24e9eef3034f2be5998a372bb1389e64b1a4a36b3a7979142220d?s=96&d=mm&r=g\",\"contentUrl\":\"https:\/\/secure.gravatar.com\/avatar\/8af8f40000c24e9eef3034f2be5998a372bb1389e64b1a4a36b3a7979142220d?s=96&d=mm&r=g\",\"caption\":\"Redacci\u00f3n\"},\"sameAs\":[\"http:\/\/nuevodigitaldeescobar.com.ar\"],\"url\":\"https:\/\/nuevodigitaldeescobar.com.ar\/?author=1\"}]}<\/script>\n<!-- \/ Yoast SEO plugin. -->","yoast_head_json":{"title":"Padres Organizados entreg\u00f3 una carta con m\u00e1s de 5.000 firmas en Casa Rosada - Nuevo Digital de Escobar","robots":{"index":"index","follow":"follow","max-snippet":"max-snippet:-1","max-image-preview":"max-image-preview:large","max-video-preview":"max-video-preview:-1"},"canonical":"https:\/\/nuevodigitaldeescobar.com.ar\/?p=222","og_locale":"es_ES","og_type":"article","og_title":"Padres Organizados entreg\u00f3 una carta con m\u00e1s de 5.000 firmas en Casa Rosada - Nuevo Digital de Escobar","og_description":"Este mi\u00e9rcoles, 18 de octubre, a las 12.30 hs. en Casa Rosada, la Red de Familias y Padres Organizados por la Educaci\u00f3n entreg\u00f3 una carta [&hellip;]","og_url":"https:\/\/nuevodigitaldeescobar.com.ar\/?p=222","og_site_name":"Nuevo Digital de Escobar","article_publisher":"https:\/\/www.facebook.com\/NUEVODigitalDeEscobar","article_published_time":"2023-10-19T14:04:51+00:00","article_modified_time":"2023-10-19T14:05:03+00:00","og_image":[{"width":718,"height":703,"url":"https:\/\/nuevodigitaldeescobar.com.ar\/wp-content\/uploads\/2023\/10\/padres-organizador-e1697724284501.jpg","type":"image\/jpeg"}],"author":"Redacci\u00f3n","twitter_card":"summary_large_image","twitter_creator":"@nuevodigescobar","twitter_site":"@nuevodigescobar","twitter_misc":{"Escrito por":"Redacci\u00f3n","Tiempo de lectura":"1 minuto"},"schema":{"@context":"https:\/\/schema.org","@graph":[{"@type":"Article","@id":"https:\/\/nuevodigitaldeescobar.com.ar\/?p=222#article","isPartOf":{"@id":"https:\/\/nuevodigitaldeescobar.com.ar\/?p=222"},"author":{"name":"Redacci\u00f3n","@id":"https:\/\/nuevodigitaldeescobar.com.ar\/#\/schema\/person\/035e90a8efe9a80e6eec22656ad6ea4c"},"headline":"Padres Organizados entreg\u00f3 una carta con m\u00e1s de 5.000 firmas en Casa Rosada","datePublished":"2023-10-19T14:04:51+00:00","dateModified":"2023-10-19T14:05:03+00:00","mainEntityOfPage":{"@id":"https:\/\/nuevodigitaldeescobar.com.ar\/?p=222"},"wordCount":294,"commentCount":0,"publisher":{"@id":"https:\/\/nuevodigitaldeescobar.com.ar\/#organization"},"image":{"@id":"https:\/\/nuevodigitaldeescobar.com.ar\/?p=222#primaryimage"},"thumbnailUrl":"https:\/\/nuevodigitaldeescobar.com.ar\/wp-content\/uploads\/2023\/10\/padres-organizador-e1697724284501.jpg","articleSection":["Educaci\u00f3n","Pol\u00edtica","Sociedad"],"inLanguage":"es","potentialAction":[{"@type":"CommentAction","name":"Comment","target":["https:\/\/nuevodigitaldeescobar.com.ar\/?p=222#respond"]}]},{"@type":"WebPage","@id":"https:\/\/nuevodigitaldeescobar.com.ar\/?p=222","url":"https:\/\/nuevodigitaldeescobar.com.ar\/?p=222","name":"Padres Organizados entreg\u00f3 una carta con m\u00e1s de 5.000 firmas en Casa Rosada - Nuevo Digital de Escobar","isPartOf":{"@id":"https:\/\/nuevodigitaldeescobar.com.ar\/#website"},"primaryImageOfPage":{"@id":"https:\/\/nuevodigitaldeescobar.com.ar\/?p=222#primaryimage"},"image":{"@id":"https:\/\/nuevodigitaldeescobar.com.ar\/?p=222#primaryimage"},"thumbnailUrl":"https:\/\/nuevodigitaldeescobar.com.ar\/wp-content\/uploads\/2023\/10\/padres-organizador-e1697724284501.jpg","datePublished":"2023-10-19T14:04:51+00:00","dateModified":"2023-10-19T14:05:03+00:00","breadcrumb":{"@id":"https:\/\/nuevodigitaldeescobar.com.ar\/?p=222#breadcrumb"},"inLanguage":"es","potentialAction":[{"@type":"ReadAction","target":["https:\/\/nuevodigitaldeescobar.com.ar\/?p=222"]}]},{"@type":"ImageObject","inLanguage":"es","@id":"https:\/\/nuevodigitaldeescobar.com.ar\/?p=222#primaryimage","url":"https:\/\/nuevodigitaldeescobar.com.ar\/wp-content\/uploads\/2023\/10\/padres-organizador-e1697724284501.jpg","contentUrl":"https:\/\/nuevodigitaldeescobar.com.ar\/wp-content\/uploads\/2023\/10\/padres-organizador-e1697724284501.jpg","width":718,"height":703},{"@type":"BreadcrumbList","@id":"https:\/\/nuevodigitaldeescobar.com.ar\/?p=222#breadcrumb","itemListElement":[{"@type":"ListItem","position":1,"name":"Portada","item":"https:\/\/nuevodigitaldeescobar.com.ar\/"},{"@type":"ListItem","position":2,"name":"Padres Organizados entreg\u00f3 una carta con m\u00e1s de 5.000 firmas en Casa Rosada"}]},{"@type":"WebSite","@id":"https:\/\/nuevodigitaldeescobar.com.ar\/#website","url":"https:\/\/nuevodigitaldeescobar.com.ar\/","name":"Nuevo Digital de Escobar","description":"La vida escobarense. Directora: Rosana Brunner","publisher":{"@id":"https:\/\/nuevodigitaldeescobar.com.ar\/#organization"},"potentialAction":[{"@type":"SearchAction","target":{"@type":"EntryPoint","urlTemplate":"https:\/\/nuevodigitaldeescobar.com.ar\/?s={search_term_string}"},"query-input":{"@type":"PropertyValueSpecification","valueRequired":true,"valueName":"search_term_string"}}],"inLanguage":"es"},{"@type":"Organization","@id":"https:\/\/nuevodigitaldeescobar.com.ar\/#organization","name":"Nuevo Digital de Escobar","url":"https:\/\/nuevodigitaldeescobar.com.ar\/","logo":{"@type":"ImageObject","inLanguage":"es","@id":"https:\/\/nuevodigitaldeescobar.com.ar\/#\/schema\/logo\/image\/","url":"https:\/\/nuevodigitaldeescobar.com.ar\/wp-content\/uploads\/2025\/05\/cropped-logo-nuevo2.jpg","contentUrl":"https:\/\/nuevodigitaldeescobar.com.ar\/wp-content\/uploads\/2025\/05\/cropped-logo-nuevo2.jpg","width":305,"height":305,"caption":"Nuevo Digital de Escobar"},"image":{"@id":"https:\/\/nuevodigitaldeescobar.com.ar\/#\/schema\/logo\/image\/"},"sameAs":["https:\/\/www.facebook.com\/NUEVODigitalDeEscobar","https:\/\/x.com\/nuevodigescobar","https:\/\/www.instagram.com\/nuevodigitaldeescobar"]},{"@type":"Person","@id":"https:\/\/nuevodigitaldeescobar.com.ar\/#\/schema\/person\/035e90a8efe9a80e6eec22656ad6ea4c","name":"Redacci\u00f3n","image":{"@type":"ImageObject","inLanguage":"es","@id":"https:\/\/nuevodigitaldeescobar.com.ar\/#\/schema\/person\/image\/","url":"https:\/\/secure.gravatar.com\/avatar\/8af8f40000c24e9eef3034f2be5998a372bb1389e64b1a4a36b3a7979142220d?s=96&d=mm&r=g","contentUrl":"https:\/\/secure.gravatar.com\/avatar\/8af8f40000c24e9eef3034f2be5998a372bb1389e64b1a4a36b3a7979142220d?s=96&d=mm&r=g","caption":"Redacci\u00f3n"},"sameAs":["http:\/\/nuevodigitaldeescobar.com.ar"],"url":"https:\/\/nuevodigitaldeescobar.com.ar\/?author=1"}]}},"featured_image_urls":{"full":["https:\/\/nuevodigitaldeescobar.com.ar\/wp-content\/uploads\/2023\/10\/padres-organizador-e1697724284501.jpg",718,703,false],"thumbnail":["https:\/\/nuevodigitaldeescobar.com.ar\/wp-content\/uploads\/2023\/10\/padres-organizador-e1697724284501-150x150.jpg",150,150,true],"medium":["https:\/\/nuevodigitaldeescobar.com.ar\/wp-content\/uploads\/2023\/10\/padres-organizador-e1697724284501-300x294.jpg",300,294,true],"medium_large":["https:\/\/nuevodigitaldeescobar.com.ar\/wp-content\/uploads\/2023\/10\/padres-organizador-768x958.jpg",640,798,true],"large":["https:\/\/nuevodigitaldeescobar.com.ar\/wp-content\/uploads\/2023\/10\/padres-organizador-821x1024.jpg",640,798,true],"1536x1536":["https:\/\/nuevodigitaldeescobar.com.ar\/wp-content\/uploads\/2023\/10\/padres-organizador-1232x1536.jpg",1232,1536,true],"2048x2048":["https:\/\/nuevodigitaldeescobar.com.ar\/wp-content\/uploads\/2023\/10\/padres-organizador-e1697724284501.jpg",718,703,false]},"author_info":{"display_name":"Redacci\u00f3n","author_link":"https:\/\/nuevodigitaldeescobar.com.ar\/?author=1"},"category_info":"<a href=\"https:\/\/nuevodigitaldeescobar.com.ar\/?cat=4\" rel=\"category\">Educaci\u00f3n<\/a> <a href=\"https:\/\/nuevodigitaldeescobar.com.ar\/?cat=6\" rel=\"category\">Pol\u00edtica<\/a> <a href=\"https:\/\/nuevodigitaldeescobar.com.ar\/?cat=15\" rel=\"category\">Sociedad<\/a>","tag_info":"Sociedad","comment_count":"0","_links":{"self":[{"href":"https:\/\/nuevodigitaldeescobar.com.ar\/index.php?rest_route=\/wp\/v2\/posts\/222","targetHints":{"allow":["GET"]}}],"collection":[{"href":"https:\/\/nuevodigitaldeescobar.com.ar\/index.php?rest_route=\/wp\/v2\/posts"}],"about":[{"href":"https:\/\/nuevodigitaldeescobar.com.ar\/index.php?rest_route=\/wp\/v2\/types\/post"}],"author":[{"embeddable":true,"href":"https:\/\/nuevodigitaldeescobar.com.ar\/index.php?rest_route=\/wp\/v2\/users\/1"}],"replies":[{"embeddable":true,"href":"https:\/\/nuevodigitaldeescobar.com.ar\/index.php?rest_route=%2Fwp%2Fv2%2Fcomments&post=222"}],"version-history":[{"count":1,"href":"https:\/\/nuevodigitaldeescobar.com.ar\/index.php?rest_route=\/wp\/v2\/posts\/222\/revisions"}],"predecessor-version":[{"id":224,"href":"https:\/\/nuevodigitaldeescobar.com.ar\/index.php?rest_route=\/wp\/v2\/posts\/222\/revisions\/224"}],"wp:featuredmedia":[{"embeddable":true,"href":"https:\/\/nuevodigitaldeescobar.com.ar\/index.php?rest_route=\/wp\/v2\/media\/223"}],"wp:attachment":[{"href":"https:\/\/nuevodigitaldeescobar.com.ar\/index.php?rest_route=%2Fwp%2Fv2%2Fmedia&parent=222"}],"wp:term":[{"taxonomy":"category","embeddable":true,"href":"https:\/\/nuevodigitaldeescobar.com.ar\/index.php?rest_route=%2Fwp%2Fv2%2Fcategories&post=222"},{"taxonomy":"post_tag","embeddable":true,"href":"https:\/\/nuevodigitaldeescobar.com.ar\/index.php?rest_route=%2Fwp%2Fv2%2Ftags&post=222"}],"curies":[{"name":"wp","href":"https:\/\/api.w.org\/{rel}","templated":true}]}}