{"id":2223,"date":"2024-01-02T07:00:00","date_gmt":"2024-01-02T10:00:00","guid":{"rendered":"https:\/\/nuevodigitaldeescobar.com.ar\/?p=2223"},"modified":"2023-12-29T21:47:27","modified_gmt":"2023-12-30T00:47:27","slug":"calendario-de-feriados-2024-cuantos-fines-de-semana-largos-habra","status":"publish","type":"post","link":"https:\/\/nuevodigitaldeescobar.com.ar\/?p=2223","title":{"rendered":"Calendario de feriados 2024: \u00bfcu\u00e1ntos fines de semana largos habr\u00e1?"},"content":{"rendered":"<p><span style=\"color: #003366;\"><strong><em>Ya se sabe cu\u00e1ndo ser\u00e1n los d\u00edas festivos y de descanso de este a\u00f1o. Todas las fechas inamovibles, trasladables y tur\u00edsticas.<\/em><\/strong><\/span><\/p>\n<p><!--more--><\/p>\n<hr \/>\n<p>Comenzando el a\u00f1o, los calendarios vuelven a ser consultados para descubrir qu\u00e9 feriados marcar\u00e1n el curso del 2024. Los motivos pueden ser diversos: planificar una escapada, tomarse un merecido respiro o administrar de manera m\u00e1s eficiente el tiempo dedicado a las labores cotidianas. Cualquier raz\u00f3n es v\u00e1lida a la hora de proyectar el tiempo libre que se avecina.<\/p>\n<p>Mediante el <a href=\"https:\/\/www.boletinoficial.gob.ar\/detalleAviso\/primera\/301434\/20231229\">Decreto 106\/2023<\/a>, publicado este viernes en el Bolet\u00edn Oficial, el Gobierno nacional determin\u00f3 las fechas <em>\u201ccon fines tur\u00edsticos\u201d<\/em> de este a\u00f1o. De acuerdo con la Ley N\u00b0 27.399, el documento, suscrito por el presidente Javier Milei, el jefe de Gabinete, Nicol\u00e1s Posse, y el ministro del Interior, Guillermo Francos, aclara que <em>\u201clos feriados nacionales trasladables cuyas fechas coincidan con los d\u00edas martes y mi\u00e9rcoles ser\u00e1n trasladados al d\u00eda lunes anterior y los que coincidan con los d\u00edas jueves y viernes, al d\u00eda lunes siguiente\u201d<\/em>.<\/p>\n<p>Asimismo, el Poder Ejecutivo Nacional est\u00e1 facultado a <em>\u201cfijar anualmente hasta tres d\u00edas feriados o no laborables destinados a promover la actividad tur\u00edstica, que deber\u00e1n coincidir con los d\u00edas lunes o viernes\u201d<\/em>. En el 2024, se contabilizan un total de 19 d\u00edas festivos.<\/p>\n<p><img fetchpriority=\"high\" decoding=\"async\" class=\"alignnone size-full wp-image-2225\" src=\"http:\/\/nuevodigitaldeescobar.com.ar\/wp-content\/uploads\/2023\/12\/feriados-2024.jpg\" alt=\"\" width=\"534\" height=\"720\" srcset=\"https:\/\/nuevodigitaldeescobar.com.ar\/wp-content\/uploads\/2023\/12\/feriados-2024.jpg 534w, https:\/\/nuevodigitaldeescobar.com.ar\/wp-content\/uploads\/2023\/12\/feriados-2024-223x300.jpg 223w\" sizes=\"(max-width: 534px) 100vw, 534px\" \/><\/p>\n<h3><span style=\"color: #003366;\"><strong>Todos los feriados de 2024, mes a mes<\/strong><\/span><\/h3>\n<h4><span style=\"color: #003366;\"><strong>Enero<\/strong><\/span><\/h4>\n<ul>\n<li>Lunes 1\u00b0 de enero: A\u00f1o Nuevo. Feriado inamovible.<\/li>\n<\/ul>\n<h4><span style=\"color: #003366;\"><strong>Febrero<\/strong><\/span><\/h4>\n<ul>\n<li>Lunes 12 y martes 13 de febrero: Carnaval. Feriados inamovibles.<\/li>\n<\/ul>\n<h4><span style=\"color: #003366;\"><strong>Marzo<\/strong><\/span><\/h4>\n<ul>\n<li>Domingo 24 de marzo: D\u00eda Nacional de la Memoria por la Verdad y la Justicia. Feriado inamovible.<\/li>\n<li>28 de marzo. Jueves Santo &#8211; Festividad cristiana. D\u00eda no laborable.<\/li>\n<li>29 de marzo. Viernes Santo &#8211; Festividad cristiana. Feriado inamovible.<\/li>\n<\/ul>\n<h4><span style=\"color: #003366;\"><strong>Abril<\/strong><\/span><\/h4>\n<ul>\n<li>Lunes 1\u00b0 de abril. Feriado con fines tur\u00edsticos.<\/li>\n<li>Martes 2 de abril: D\u00eda del Veterano y de los Ca\u00eddos en la Guerra de Malvinas. Feriado inamovible.<\/li>\n<\/ul>\n<h4><span style=\"color: #003366;\"><strong>Mayo<\/strong><\/span><\/h4>\n<ul>\n<li>Mi\u00e9rcoles 1\u00b0 de mayo: D\u00eda del Trabajo. Feriado inamovible.<\/li>\n<li>S\u00e1bado 25 de mayo: D\u00eda de la Revoluci\u00f3n de Mayo. Feriado inamovible.<\/li>\n<\/ul>\n<h4><span style=\"color: #003366;\"><strong>Junio<\/strong><\/span><\/h4>\n<ul>\n<li>Lunes 17 de junio: Paso a la Inmortalidad del General Don Mart\u00edn Miguel de G\u00fcemes. Feriado trasladable.<\/li>\n<li>Jueves 20 de junio: Paso a la Inmortalidad del General Don Manuel Belgrano. Feriado inamovible.<\/li>\n<li>Viernes 21 de junio. Feriado con fines tur\u00edsticos.<\/li>\n<\/ul>\n<h4><span style=\"color: #003366;\"><strong>Julio<\/strong><\/span><\/h4>\n<ul>\n<li>Martes 9 de julio: D\u00eda de la Independencia. Feriado inamovible.<\/li>\n<\/ul>\n<h4><span style=\"color: #003366;\"><strong>Agosto<\/strong><\/span><\/h4>\n<ul>\n<li>S\u00e1bado 17 de agosto: Paso a la Inmortalidad del General Don Jos\u00e9 de San Mart\u00edn. Feriado trasladable.<\/li>\n<\/ul>\n<h4><span style=\"color: #003366;\"><strong>Septiembre<\/strong><\/span><\/h4>\n<ul>\n<li>Es el \u00fanico mes en el que no habr\u00e1 feriados.<\/li>\n<\/ul>\n<h4><span style=\"color: #003366;\"><strong>Octubre<\/strong><\/span><\/h4>\n<ul>\n<li>Jueves 3 y viernes 4. A\u00f1o Nuevo Jud\u00edo.<\/li>\n<li>Viernes 11 de octubre. Feriado con fines tur\u00edsticos.<\/li>\n<li>S\u00e1bado 12 de octubre. D\u00eda del Perd\u00f3n.<\/li>\n<li>S\u00e1bado 12 de octubre: D\u00eda del Respeto a la Diversidad Cultural. Feriado trasladable.<\/li>\n<\/ul>\n<h4><span style=\"color: #003366;\"><strong>Noviembre<\/strong><\/span><\/h4>\n<ul>\n<li>Mi\u00e9rcoles 20 de noviembre: D\u00eda de la Soberan\u00eda Nacional. Feriado trasladable al lunes 18.<\/li>\n<\/ul>\n<h4><span style=\"color: #003366;\"><strong>Diciembre<\/strong><\/span><\/h4>\n<ul>\n<li>Domingo 8 de diciembre: D\u00eda de la Inmaculada Concepci\u00f3n de Mar\u00eda. Feriado inamovible.<\/li>\n<li>Mi\u00e9rcoles 25 de diciembre: Navidad. Feriado inamovible.<\/li>\n<\/ul>\n<h3><span style=\"color: #003366;\"><strong>\u00bfCu\u00e1ntos fines de semana largos habr\u00e1?<\/strong><\/span><\/h3>\n<ul>\n<li>Del 30 de diciembre de 2023 al 1 de enero de 2024: 3 d\u00edas de descanso para empezar el a\u00f1o.<\/li>\n<li>Del 10 de febrero al 13 de febrero: 4 d\u00edas de descanso.<\/li>\n<li>Del 29 de marzo al 2 de abril: 5 d\u00edas de descanso.<\/li>\n<li>Del 15 de junio al 17 de junio: 3 d\u00edas de descanso.<\/li>\n<li>Del 20 de junio al 23 de junio: 4 d\u00edas de descanso.<\/li>\n<li>Del 11 de octubre al 13 de octubre: 3 d\u00edas de descanso.<\/li>\n<li>Del 16 de noviembre al 18 de noviembre: 3 d\u00edas de descanso.<\/li>\n<\/ul>\n<h3><span style=\"color: #003366;\"><strong>\u00bfCu\u00e1les son los feriados puente?<\/strong><\/span><\/h3>\n<p>El Gobierno decret\u00f3 como d\u00edas feriados con fines tur\u00edsticos de 2024: el lunes 1\u00b0 de abril, en la antesala del 2 de abril -D\u00eda del Veterano y de los Ca\u00eddos en la Guerra de Malvinas-; el viernes 21 de junio, luego del 20 -d\u00eda en que se conmemora el Paso a la Inmortalidad del General Manuel Belgrano-: y el 11 de octubre, que tambi\u00e9n cae viernes, previo al D\u00eda del Respeto a la Diversidad Cultural.<\/p>\n<p>Estos feriados, destinados a <em>\u201cfomentar la actividad tur\u00edstica en el territorio nacional, as\u00ed como desestacionalizar el turismo interno\u201d<\/em>, seg\u00fan inform\u00f3 el Ministerio del Interior, se suman a los 12 feriados inamovibles y a los 4 feriados trasladables.<\/p>\n<p><em>(Infobae)<\/em><\/p>\n","protected":false},"excerpt":{"rendered":"<p>Ya se sabe cu\u00e1ndo ser\u00e1n los d\u00edas festivos y de descanso de este a\u00f1o. Todas las fechas inamovibles, trasladables y tur\u00edsticas.<\/p>\n","protected":false},"author":1,"featured_media":2224,"comment_status":"open","ping_status":"closed","sticky":false,"template":"","format":"standard","meta":{"footnotes":""},"categories":[15],"tags":[],"class_list":["post-2223","post","type-post","status-publish","format-standard","has-post-thumbnail","hentry","category-sociedad"],"better_featured_image":{"id":2224,"alt_text":"","caption":"","description":"","media_type":"image","media_details":{"width":720,"height":405,"file":"2023\/12\/calendario-feriados.jpg","filesize":24850,"sizes":{"medium":{"file":"calendario-feriados-300x169.jpg","width":300,"height":169,"mime-type":"image\/jpeg","filesize":10494,"source_url":"https:\/\/nuevodigitaldeescobar.com.ar\/wp-content\/uploads\/2023\/12\/calendario-feriados-300x169.jpg"},"thumbnail":{"file":"calendario-feriados-150x150.jpg","width":150,"height":150,"mime-type":"image\/jpeg","filesize":7453,"source_url":"https:\/\/nuevodigitaldeescobar.com.ar\/wp-content\/uploads\/2023\/12\/calendario-feriados-150x150.jpg"},"covernews-medium":{"file":"calendario-feriados-540x340.jpg","width":540,"height":340,"mime-type":"image\/jpeg","filesize":19467,"source_url":"https:\/\/nuevodigitaldeescobar.com.ar\/wp-content\/uploads\/2023\/12\/calendario-feriados-540x340.jpg"},"covernews-medium-square":{"file":"calendario-feriados-400x250.jpg","width":400,"height":250,"mime-type":"image\/jpeg","filesize":14136,"source_url":"https:\/\/nuevodigitaldeescobar.com.ar\/wp-content\/uploads\/2023\/12\/calendario-feriados-400x250.jpg"}},"image_meta":{"aperture":"0","credit":"","camera":"","caption":"","created_timestamp":"0","copyright":"","focal_length":"0","iso":"0","shutter_speed":"0","title":"","orientation":"0","keywords":[]}},"post":2223,"source_url":"https:\/\/nuevodigitaldeescobar.com.ar\/wp-content\/uploads\/2023\/12\/calendario-feriados.jpg"},"yoast_head":"<!-- This site is optimized with the Yoast SEO plugin v26.1.1 - https:\/\/yoast.com\/wordpress\/plugins\/seo\/ -->\n<title>Calendario de feriados 2024: \u00bfcu\u00e1ntos fines de semana largos habr\u00e1? - Nuevo Digital de Escobar<\/title>\n<meta name=\"robots\" content=\"index, follow, max-snippet:-1, max-image-preview:large, max-video-preview:-1\" \/>\n<link rel=\"canonical\" href=\"https:\/\/nuevodigitaldeescobar.com.ar\/?p=2223\" \/>\n<meta property=\"og:locale\" content=\"es_ES\" \/>\n<meta property=\"og:type\" content=\"article\" \/>\n<meta property=\"og:title\" content=\"Calendario de feriados 2024: \u00bfcu\u00e1ntos fines de semana largos habr\u00e1? - Nuevo Digital de Escobar\" \/>\n<meta property=\"og:description\" content=\"Ya se sabe cu\u00e1ndo ser\u00e1n los d\u00edas festivos y de descanso de este a\u00f1o. Todas las fechas inamovibles, trasladables y tur\u00edsticas.\" \/>\n<meta property=\"og:url\" content=\"https:\/\/nuevodigitaldeescobar.com.ar\/?p=2223\" \/>\n<meta property=\"og:site_name\" content=\"Nuevo Digital de Escobar\" \/>\n<meta property=\"article:publisher\" content=\"https:\/\/www.facebook.com\/NUEVODigitalDeEscobar\" \/>\n<meta property=\"article:published_time\" content=\"2024-01-02T10:00:00+00:00\" \/>\n<meta property=\"og:image\" content=\"https:\/\/nuevodigitaldeescobar.com.ar\/wp-content\/uploads\/2023\/12\/calendario-feriados.jpg\" \/>\n\t<meta property=\"og:image:width\" content=\"720\" \/>\n\t<meta property=\"og:image:height\" content=\"405\" \/>\n\t<meta property=\"og:image:type\" content=\"image\/jpeg\" \/>\n<meta name=\"author\" content=\"Redacci\u00f3n\" \/>\n<meta name=\"twitter:card\" content=\"summary_large_image\" \/>\n<meta name=\"twitter:creator\" content=\"@nuevodigescobar\" \/>\n<meta name=\"twitter:site\" content=\"@nuevodigescobar\" \/>\n<meta name=\"twitter:label1\" content=\"Escrito por\" \/>\n\t<meta name=\"twitter:data1\" content=\"Redacci\u00f3n\" \/>\n\t<meta name=\"twitter:label2\" content=\"Tiempo de lectura\" \/>\n\t<meta name=\"twitter:data2\" content=\"4 minutos\" \/>\n<script type=\"application\/ld+json\" class=\"yoast-schema-graph\">{\"@context\":\"https:\/\/schema.org\",\"@graph\":[{\"@type\":\"Article\",\"@id\":\"https:\/\/nuevodigitaldeescobar.com.ar\/?p=2223#article\",\"isPartOf\":{\"@id\":\"https:\/\/nuevodigitaldeescobar.com.ar\/?p=2223\"},\"author\":{\"name\":\"Redacci\u00f3n\",\"@id\":\"https:\/\/nuevodigitaldeescobar.com.ar\/#\/schema\/person\/035e90a8efe9a80e6eec22656ad6ea4c\"},\"headline\":\"Calendario de feriados 2024: \u00bfcu\u00e1ntos fines de semana largos habr\u00e1?\",\"datePublished\":\"2024-01-02T10:00:00+00:00\",\"mainEntityOfPage\":{\"@id\":\"https:\/\/nuevodigitaldeescobar.com.ar\/?p=2223\"},\"wordCount\":719,\"commentCount\":0,\"publisher\":{\"@id\":\"https:\/\/nuevodigitaldeescobar.com.ar\/#organization\"},\"image\":{\"@id\":\"https:\/\/nuevodigitaldeescobar.com.ar\/?p=2223#primaryimage\"},\"thumbnailUrl\":\"https:\/\/nuevodigitaldeescobar.com.ar\/wp-content\/uploads\/2023\/12\/calendario-feriados.jpg\",\"articleSection\":[\"Sociedad\"],\"inLanguage\":\"es\",\"potentialAction\":[{\"@type\":\"CommentAction\",\"name\":\"Comment\",\"target\":[\"https:\/\/nuevodigitaldeescobar.com.ar\/?p=2223#respond\"]}]},{\"@type\":\"WebPage\",\"@id\":\"https:\/\/nuevodigitaldeescobar.com.ar\/?p=2223\",\"url\":\"https:\/\/nuevodigitaldeescobar.com.ar\/?p=2223\",\"name\":\"Calendario de feriados 2024: \u00bfcu\u00e1ntos fines de semana largos habr\u00e1? - Nuevo Digital de Escobar\",\"isPartOf\":{\"@id\":\"https:\/\/nuevodigitaldeescobar.com.ar\/#website\"},\"primaryImageOfPage\":{\"@id\":\"https:\/\/nuevodigitaldeescobar.com.ar\/?p=2223#primaryimage\"},\"image\":{\"@id\":\"https:\/\/nuevodigitaldeescobar.com.ar\/?p=2223#primaryimage\"},\"thumbnailUrl\":\"https:\/\/nuevodigitaldeescobar.com.ar\/wp-content\/uploads\/2023\/12\/calendario-feriados.jpg\",\"datePublished\":\"2024-01-02T10:00:00+00:00\",\"breadcrumb\":{\"@id\":\"https:\/\/nuevodigitaldeescobar.com.ar\/?p=2223#breadcrumb\"},\"inLanguage\":\"es\",\"potentialAction\":[{\"@type\":\"ReadAction\",\"target\":[\"https:\/\/nuevodigitaldeescobar.com.ar\/?p=2223\"]}]},{\"@type\":\"ImageObject\",\"inLanguage\":\"es\",\"@id\":\"https:\/\/nuevodigitaldeescobar.com.ar\/?p=2223#primaryimage\",\"url\":\"https:\/\/nuevodigitaldeescobar.com.ar\/wp-content\/uploads\/2023\/12\/calendario-feriados.jpg\",\"contentUrl\":\"https:\/\/nuevodigitaldeescobar.com.ar\/wp-content\/uploads\/2023\/12\/calendario-feriados.jpg\",\"width\":720,\"height\":405},{\"@type\":\"BreadcrumbList\",\"@id\":\"https:\/\/nuevodigitaldeescobar.com.ar\/?p=2223#breadcrumb\",\"itemListElement\":[{\"@type\":\"ListItem\",\"position\":1,\"name\":\"Portada\",\"item\":\"https:\/\/nuevodigitaldeescobar.com.ar\/\"},{\"@type\":\"ListItem\",\"position\":2,\"name\":\"Calendario de feriados 2024: \u00bfcu\u00e1ntos fines de semana largos habr\u00e1?\"}]},{\"@type\":\"WebSite\",\"@id\":\"https:\/\/nuevodigitaldeescobar.com.ar\/#website\",\"url\":\"https:\/\/nuevodigitaldeescobar.com.ar\/\",\"name\":\"Nuevo Digital de Escobar\",\"description\":\"La vida escobarense. Directora: Rosana Brunner\",\"publisher\":{\"@id\":\"https:\/\/nuevodigitaldeescobar.com.ar\/#organization\"},\"potentialAction\":[{\"@type\":\"SearchAction\",\"target\":{\"@type\":\"EntryPoint\",\"urlTemplate\":\"https:\/\/nuevodigitaldeescobar.com.ar\/?s={search_term_string}\"},\"query-input\":{\"@type\":\"PropertyValueSpecification\",\"valueRequired\":true,\"valueName\":\"search_term_string\"}}],\"inLanguage\":\"es\"},{\"@type\":\"Organization\",\"@id\":\"https:\/\/nuevodigitaldeescobar.com.ar\/#organization\",\"name\":\"Nuevo Digital de Escobar\",\"url\":\"https:\/\/nuevodigitaldeescobar.com.ar\/\",\"logo\":{\"@type\":\"ImageObject\",\"inLanguage\":\"es\",\"@id\":\"https:\/\/nuevodigitaldeescobar.com.ar\/#\/schema\/logo\/image\/\",\"url\":\"https:\/\/nuevodigitaldeescobar.com.ar\/wp-content\/uploads\/2025\/05\/cropped-logo-nuevo2.jpg\",\"contentUrl\":\"https:\/\/nuevodigitaldeescobar.com.ar\/wp-content\/uploads\/2025\/05\/cropped-logo-nuevo2.jpg\",\"width\":305,\"height\":305,\"caption\":\"Nuevo Digital de Escobar\"},\"image\":{\"@id\":\"https:\/\/nuevodigitaldeescobar.com.ar\/#\/schema\/logo\/image\/\"},\"sameAs\":[\"https:\/\/www.facebook.com\/NUEVODigitalDeEscobar\",\"https:\/\/x.com\/nuevodigescobar\",\"https:\/\/www.instagram.com\/nuevodigitaldeescobar\"]},{\"@type\":\"Person\",\"@id\":\"https:\/\/nuevodigitaldeescobar.com.ar\/#\/schema\/person\/035e90a8efe9a80e6eec22656ad6ea4c\",\"name\":\"Redacci\u00f3n\",\"image\":{\"@type\":\"ImageObject\",\"inLanguage\":\"es\",\"@id\":\"https:\/\/nuevodigitaldeescobar.com.ar\/#\/schema\/person\/image\/\",\"url\":\"https:\/\/secure.gravatar.com\/avatar\/8af8f40000c24e9eef3034f2be5998a372bb1389e64b1a4a36b3a7979142220d?s=96&d=mm&r=g\",\"contentUrl\":\"https:\/\/secure.gravatar.com\/avatar\/8af8f40000c24e9eef3034f2be5998a372bb1389e64b1a4a36b3a7979142220d?s=96&d=mm&r=g\",\"caption\":\"Redacci\u00f3n\"},\"sameAs\":[\"http:\/\/nuevodigitaldeescobar.com.ar\"],\"url\":\"https:\/\/nuevodigitaldeescobar.com.ar\/?author=1\"}]}<\/script>\n<!-- \/ Yoast SEO plugin. -->","yoast_head_json":{"title":"Calendario de feriados 2024: \u00bfcu\u00e1ntos fines de semana largos habr\u00e1? - Nuevo Digital de Escobar","robots":{"index":"index","follow":"follow","max-snippet":"max-snippet:-1","max-image-preview":"max-image-preview:large","max-video-preview":"max-video-preview:-1"},"canonical":"https:\/\/nuevodigitaldeescobar.com.ar\/?p=2223","og_locale":"es_ES","og_type":"article","og_title":"Calendario de feriados 2024: \u00bfcu\u00e1ntos fines de semana largos habr\u00e1? - Nuevo Digital de Escobar","og_description":"Ya se sabe cu\u00e1ndo ser\u00e1n los d\u00edas festivos y de descanso de este a\u00f1o. Todas las fechas inamovibles, trasladables y tur\u00edsticas.","og_url":"https:\/\/nuevodigitaldeescobar.com.ar\/?p=2223","og_site_name":"Nuevo Digital de Escobar","article_publisher":"https:\/\/www.facebook.com\/NUEVODigitalDeEscobar","article_published_time":"2024-01-02T10:00:00+00:00","og_image":[{"width":720,"height":405,"url":"https:\/\/nuevodigitaldeescobar.com.ar\/wp-content\/uploads\/2023\/12\/calendario-feriados.jpg","type":"image\/jpeg"}],"author":"Redacci\u00f3n","twitter_card":"summary_large_image","twitter_creator":"@nuevodigescobar","twitter_site":"@nuevodigescobar","twitter_misc":{"Escrito por":"Redacci\u00f3n","Tiempo de lectura":"4 minutos"},"schema":{"@context":"https:\/\/schema.org","@graph":[{"@type":"Article","@id":"https:\/\/nuevodigitaldeescobar.com.ar\/?p=2223#article","isPartOf":{"@id":"https:\/\/nuevodigitaldeescobar.com.ar\/?p=2223"},"author":{"name":"Redacci\u00f3n","@id":"https:\/\/nuevodigitaldeescobar.com.ar\/#\/schema\/person\/035e90a8efe9a80e6eec22656ad6ea4c"},"headline":"Calendario de feriados 2024: \u00bfcu\u00e1ntos fines de semana largos habr\u00e1?","datePublished":"2024-01-02T10:00:00+00:00","mainEntityOfPage":{"@id":"https:\/\/nuevodigitaldeescobar.com.ar\/?p=2223"},"wordCount":719,"commentCount":0,"publisher":{"@id":"https:\/\/nuevodigitaldeescobar.com.ar\/#organization"},"image":{"@id":"https:\/\/nuevodigitaldeescobar.com.ar\/?p=2223#primaryimage"},"thumbnailUrl":"https:\/\/nuevodigitaldeescobar.com.ar\/wp-content\/uploads\/2023\/12\/calendario-feriados.jpg","articleSection":["Sociedad"],"inLanguage":"es","potentialAction":[{"@type":"CommentAction","name":"Comment","target":["https:\/\/nuevodigitaldeescobar.com.ar\/?p=2223#respond"]}]},{"@type":"WebPage","@id":"https:\/\/nuevodigitaldeescobar.com.ar\/?p=2223","url":"https:\/\/nuevodigitaldeescobar.com.ar\/?p=2223","name":"Calendario de feriados 2024: \u00bfcu\u00e1ntos fines de semana largos habr\u00e1? - Nuevo Digital de Escobar","isPartOf":{"@id":"https:\/\/nuevodigitaldeescobar.com.ar\/#website"},"primaryImageOfPage":{"@id":"https:\/\/nuevodigitaldeescobar.com.ar\/?p=2223#primaryimage"},"image":{"@id":"https:\/\/nuevodigitaldeescobar.com.ar\/?p=2223#primaryimage"},"thumbnailUrl":"https:\/\/nuevodigitaldeescobar.com.ar\/wp-content\/uploads\/2023\/12\/calendario-feriados.jpg","datePublished":"2024-01-02T10:00:00+00:00","breadcrumb":{"@id":"https:\/\/nuevodigitaldeescobar.com.ar\/?p=2223#breadcrumb"},"inLanguage":"es","potentialAction":[{"@type":"ReadAction","target":["https:\/\/nuevodigitaldeescobar.com.ar\/?p=2223"]}]},{"@type":"ImageObject","inLanguage":"es","@id":"https:\/\/nuevodigitaldeescobar.com.ar\/?p=2223#primaryimage","url":"https:\/\/nuevodigitaldeescobar.com.ar\/wp-content\/uploads\/2023\/12\/calendario-feriados.jpg","contentUrl":"https:\/\/nuevodigitaldeescobar.com.ar\/wp-content\/uploads\/2023\/12\/calendario-feriados.jpg","width":720,"height":405},{"@type":"BreadcrumbList","@id":"https:\/\/nuevodigitaldeescobar.com.ar\/?p=2223#breadcrumb","itemListElement":[{"@type":"ListItem","position":1,"name":"Portada","item":"https:\/\/nuevodigitaldeescobar.com.ar\/"},{"@type":"ListItem","position":2,"name":"Calendario de feriados 2024: \u00bfcu\u00e1ntos fines de semana largos habr\u00e1?"}]},{"@type":"WebSite","@id":"https:\/\/nuevodigitaldeescobar.com.ar\/#website","url":"https:\/\/nuevodigitaldeescobar.com.ar\/","name":"Nuevo Digital de Escobar","description":"La vida escobarense. Directora: Rosana Brunner","publisher":{"@id":"https:\/\/nuevodigitaldeescobar.com.ar\/#organization"},"potentialAction":[{"@type":"SearchAction","target":{"@type":"EntryPoint","urlTemplate":"https:\/\/nuevodigitaldeescobar.com.ar\/?s={search_term_string}"},"query-input":{"@type":"PropertyValueSpecification","valueRequired":true,"valueName":"search_term_string"}}],"inLanguage":"es"},{"@type":"Organization","@id":"https:\/\/nuevodigitaldeescobar.com.ar\/#organization","name":"Nuevo Digital de Escobar","url":"https:\/\/nuevodigitaldeescobar.com.ar\/","logo":{"@type":"ImageObject","inLanguage":"es","@id":"https:\/\/nuevodigitaldeescobar.com.ar\/#\/schema\/logo\/image\/","url":"https:\/\/nuevodigitaldeescobar.com.ar\/wp-content\/uploads\/2025\/05\/cropped-logo-nuevo2.jpg","contentUrl":"https:\/\/nuevodigitaldeescobar.com.ar\/wp-content\/uploads\/2025\/05\/cropped-logo-nuevo2.jpg","width":305,"height":305,"caption":"Nuevo Digital de Escobar"},"image":{"@id":"https:\/\/nuevodigitaldeescobar.com.ar\/#\/schema\/logo\/image\/"},"sameAs":["https:\/\/www.facebook.com\/NUEVODigitalDeEscobar","https:\/\/x.com\/nuevodigescobar","https:\/\/www.instagram.com\/nuevodigitaldeescobar"]},{"@type":"Person","@id":"https:\/\/nuevodigitaldeescobar.com.ar\/#\/schema\/person\/035e90a8efe9a80e6eec22656ad6ea4c","name":"Redacci\u00f3n","image":{"@type":"ImageObject","inLanguage":"es","@id":"https:\/\/nuevodigitaldeescobar.com.ar\/#\/schema\/person\/image\/","url":"https:\/\/secure.gravatar.com\/avatar\/8af8f40000c24e9eef3034f2be5998a372bb1389e64b1a4a36b3a7979142220d?s=96&d=mm&r=g","contentUrl":"https:\/\/secure.gravatar.com\/avatar\/8af8f40000c24e9eef3034f2be5998a372bb1389e64b1a4a36b3a7979142220d?s=96&d=mm&r=g","caption":"Redacci\u00f3n"},"sameAs":["http:\/\/nuevodigitaldeescobar.com.ar"],"url":"https:\/\/nuevodigitaldeescobar.com.ar\/?author=1"}]}},"featured_image_urls":{"full":["https:\/\/nuevodigitaldeescobar.com.ar\/wp-content\/uploads\/2023\/12\/calendario-feriados.jpg",720,405,false],"thumbnail":["https:\/\/nuevodigitaldeescobar.com.ar\/wp-content\/uploads\/2023\/12\/calendario-feriados-150x150.jpg",150,150,true],"medium":["https:\/\/nuevodigitaldeescobar.com.ar\/wp-content\/uploads\/2023\/12\/calendario-feriados-300x169.jpg",300,169,true],"medium_large":["https:\/\/nuevodigitaldeescobar.com.ar\/wp-content\/uploads\/2023\/12\/calendario-feriados.jpg",640,360,false],"large":["https:\/\/nuevodigitaldeescobar.com.ar\/wp-content\/uploads\/2023\/12\/calendario-feriados.jpg",640,360,false],"1536x1536":["https:\/\/nuevodigitaldeescobar.com.ar\/wp-content\/uploads\/2023\/12\/calendario-feriados.jpg",720,405,false],"2048x2048":["https:\/\/nuevodigitaldeescobar.com.ar\/wp-content\/uploads\/2023\/12\/calendario-feriados.jpg",720,405,false]},"author_info":{"display_name":"Redacci\u00f3n","author_link":"https:\/\/nuevodigitaldeescobar.com.ar\/?author=1"},"category_info":"<a href=\"https:\/\/nuevodigitaldeescobar.com.ar\/?cat=15\" rel=\"category\">Sociedad<\/a>","tag_info":"Sociedad","comment_count":"0","_links":{"self":[{"href":"https:\/\/nuevodigitaldeescobar.com.ar\/index.php?rest_route=\/wp\/v2\/posts\/2223","targetHints":{"allow":["GET"]}}],"collection":[{"href":"https:\/\/nuevodigitaldeescobar.com.ar\/index.php?rest_route=\/wp\/v2\/posts"}],"about":[{"href":"https:\/\/nuevodigitaldeescobar.com.ar\/index.php?rest_route=\/wp\/v2\/types\/post"}],"author":[{"embeddable":true,"href":"https:\/\/nuevodigitaldeescobar.com.ar\/index.php?rest_route=\/wp\/v2\/users\/1"}],"replies":[{"embeddable":true,"href":"https:\/\/nuevodigitaldeescobar.com.ar\/index.php?rest_route=%2Fwp%2Fv2%2Fcomments&post=2223"}],"version-history":[{"count":1,"href":"https:\/\/nuevodigitaldeescobar.com.ar\/index.php?rest_route=\/wp\/v2\/posts\/2223\/revisions"}],"predecessor-version":[{"id":2226,"href":"https:\/\/nuevodigitaldeescobar.com.ar\/index.php?rest_route=\/wp\/v2\/posts\/2223\/revisions\/2226"}],"wp:featuredmedia":[{"embeddable":true,"href":"https:\/\/nuevodigitaldeescobar.com.ar\/index.php?rest_route=\/wp\/v2\/media\/2224"}],"wp:attachment":[{"href":"https:\/\/nuevodigitaldeescobar.com.ar\/index.php?rest_route=%2Fwp%2Fv2%2Fmedia&parent=2223"}],"wp:term":[{"taxonomy":"category","embeddable":true,"href":"https:\/\/nuevodigitaldeescobar.com.ar\/index.php?rest_route=%2Fwp%2Fv2%2Fcategories&post=2223"},{"taxonomy":"post_tag","embeddable":true,"href":"https:\/\/nuevodigitaldeescobar.com.ar\/index.php?rest_route=%2Fwp%2Fv2%2Ftags&post=2223"}],"curies":[{"name":"wp","href":"https:\/\/api.w.org\/{rel}","templated":true}]}}