{"id":22439,"date":"2026-08-31T11:12:16","date_gmt":"2026-08-31T14:12:16","guid":{"rendered":"https:\/\/nuevodigitaldeescobar.com.ar\/?p=22439"},"modified":"2026-08-31T11:12:18","modified_gmt":"2026-08-31T14:12:18","slug":"calendario-de-pagos-de-septiembre","status":"publish","type":"post","link":"https:\/\/nuevodigitaldeescobar.com.ar\/?p=22439","title":{"rendered":"Calendario de pagos de septiembre"},"content":{"rendered":"\n<p>ANSES, organismo dependiente del Ministerio de Capital Humano, comunica los calendarios de pagos de&nbsp;<strong>septiembre<\/strong>&nbsp;para jubilados, pensionados y titulares de Pensiones No Contributivas, Asignaci\u00f3n Universal por Hijo, Asignaciones Familiares, Asignaci\u00f3n por Embarazo, por Prenatal, por Maternidad, de Pago \u00danico y Prestaci\u00f3n por Desempleo.<\/p>\n\n\n\n<!--more-->\n\n\n\n<p><strong>Jubilaciones y pensiones que no superen un haber m\u00ednimo<\/strong><\/p>\n\n\n\n<p>\u2022 DNI terminados en 0: 8 de septiembre<\/p>\n\n\n\n<p>\u2022 DNI terminados en 1: 9 de septiembre<\/p>\n\n\n\n<p>\u2022 DNI terminados en 2: 10 de septiembre<\/p>\n\n\n\n<p>\u2022 DNI terminados en 3: 11 de septiembre<\/p>\n\n\n\n<p>\u2022 DNI terminados en 4: 14 de septiembre&nbsp;&nbsp;&nbsp;&nbsp;&nbsp;&nbsp;&nbsp;<\/p>\n\n\n\n<p>\u2022 DNI terminados en 5: 15 de septiembre<\/p>\n\n\n\n<p>\u2022 DNI terminados en 6: 16 de septiembre<\/p>\n\n\n\n<p>\u2022 DNI terminados en 7: 17 de septiembre<\/p>\n\n\n\n<p>\u2022 DNI terminados en 8: 18 de septiembre<strong><\/strong><\/p>\n\n\n\n<p>\u2022 DNI terminados en 9: 21 de septiembre<\/p>\n\n\n\n<p><strong>Jubilaciones y pensiones que superen un haber m\u00ednimo<\/strong><\/p>\n\n\n\n<p>\u2022 DNI terminados en 0 y 1: 22 de septiembre<\/p>\n\n\n\n<p>\u2022 DNI terminados en 2 y 3: 23 de septiembre<\/p>\n\n\n\n<p>\u2022 DNI terminados en 4 y 5: 24 de septiembre<\/p>\n\n\n\n<p>\u2022 DNI terminados en 6 y 7: 25 de septiembre<\/p>\n\n\n\n<p>\u2022 DNI terminados en 8 y 9: 28 de septiembre<\/p>\n\n\n\n<p><strong>Asignaci\u00f3n Universal por Hijo y Asignaci\u00f3n Familiar por Hijo<\/strong><\/p>\n\n\n\n<p>\u2022 DNI terminados en 0: 8 de septiembre<\/p>\n\n\n\n<p>\u2022 DNI terminados en 1: 9 de septiembre<\/p>\n\n\n\n<p>\u2022 DNI terminados en 2: 10 de septiembre<\/p>\n\n\n\n<p>\u2022 DNI terminados en 3: 11 de septiembre<\/p>\n\n\n\n<p>\u2022 DNI terminados en 4: 14 de septiembre<\/p>\n\n\n\n<p>\u2022 DNI terminados en 5: 15 de septiembre<\/p>\n\n\n\n<p>\u2022 DNI terminados en 6: 16 de septiembre<\/p>\n\n\n\n<p>\u2022 DNI terminados en 7: 17 de septiembre<\/p>\n\n\n\n<p>\u2022 DNI terminados en 8: 18 de septiembre<\/p>\n\n\n\n<p>\u2022 DNI terminados en 9: 21 de septiembre<\/p>\n\n\n\n<p><strong>Asignaci\u00f3n por Embarazo<\/strong><\/p>\n\n\n\n<p>\u2022 DNI terminados en 0: 10 de septiembre<\/p>\n\n\n\n<p>\u2022 DNI terminados en 1: 11 de septiembre<\/p>\n\n\n\n<p>\u2022 DNI terminados en 2: 14 de septiembre<\/p>\n\n\n\n<p>\u2022 DNI terminados en 3: 15 de septiembre<\/p>\n\n\n\n<p>\u2022 DNI terminados en 4: 16 de septiembre<\/p>\n\n\n\n<p>\u2022 DNI terminados en 5: 17 de septiembre<\/p>\n\n\n\n<p>\u2022 DNI terminados en 6: 18 de septiembre<\/p>\n\n\n\n<p>\u2022 DNI terminados en 7: 21 de septiembre<\/p>\n\n\n\n<p>\u2022 DNI terminados en 8: 22 de septiembre<\/p>\n\n\n\n<p>\u2022 DNI terminados en 9: 23 de septiembre<\/p>\n\n\n\n<p><strong>Asignaci\u00f3n por Prenatal<\/strong><\/p>\n\n\n\n<p>\u2022 DNI terminados en 0 y 1: 10 de septiembre<\/p>\n\n\n\n<p>\u2022 DNI terminados en 2 y 3: 11 de septiembre<\/p>\n\n\n\n<p>\u2022 DNI terminados en 4 y 5: 14 de septiembre<\/p>\n\n\n\n<p>\u2022 DNI terminados en 6 y 7: 15 de septiembre<\/p>\n\n\n\n<p>\u2022 DNI terminados en 8 y 9: 16 de septiembre<\/p>\n\n\n\n<p><strong>Asignaci\u00f3n por Maternidad<\/strong><\/p>\n\n\n\n<p><strong><\/strong>\u2022 Todas las terminaciones de documento: 10 de septiembre al 09 de octubre<\/p>\n\n\n\n<p><strong>Asignaciones Pago \u00danico (Matrimonio, Nacimiento, Adopci\u00f3n)<\/strong><\/p>\n\n\n\n<p>\u2022 Todas las terminaciones de documento: 09 de septiembre al 09 de octubre<\/p>\n\n\n\n<p><strong>Pensiones No Contributivas<\/strong><\/p>\n\n\n\n<p>\u2022 DNI terminados en 0 y 1: 8 de septiembre<\/p>\n\n\n\n<p>\u2022 DNI terminados en 2 y 3: 9 de septiembre<\/p>\n\n\n\n<p>\u2022 DNI terminados en 4 y 5: 10 de septiembre<\/p>\n\n\n\n<p>\u2022 DNI terminados en 6 y 7: 11 de septiembre<\/p>\n\n\n\n<p>\u2022 DNI terminados en 8 y 9: 14 de septiembre<\/p>\n\n\n\n<p><strong>Asignaciones Familiares de Pensiones No Contributivas<\/strong><\/p>\n\n\n\n<p>\u2022 Todas las terminaciones de documento: 08 de septiembre al 09 de octubre.<\/p>\n\n\n\n<p><strong>Prestaci\u00f3n por Desempleo<\/strong><\/p>\n\n\n\n<p>\u2022 DNI terminados en 0 y 1: 22 de septiembre<\/p>\n\n\n\n<p>\u2022 DNI terminados en 2 y 3: 23 de septiembre<\/p>\n\n\n\n<p>\u2022 DNI terminados en 4 y 5: 24 de septiembre<\/p>\n\n\n\n<p>\u2022 DNI terminados en 6 y 7: 25 de septiembre<\/p>\n\n\n\n<p>\u2022 DNI terminados en 8 y 9: 28 de septiembre<\/p>\n","protected":false},"excerpt":{"rendered":"<p>ANSES, organismo dependiente del Ministerio de Capital Humano, comunica los calendarios de pagos de&nbsp;septiembre&nbsp;para jubilados, pensionados y titulares de Pensiones No Contributivas, Asignaci\u00f3n Universal por [&hellip;]<\/p>\n","protected":false},"author":1,"featured_media":7176,"comment_status":"open","ping_status":"open","sticky":false,"template":"","format":"standard","meta":{"footnotes":""},"categories":[7],"tags":[94,493],"class_list":["post-22439","post","type-post","status-publish","format-standard","has-post-thumbnail","hentry","category-interes-general","tag-anses","tag-calendario-de-pagos"],"yoast_head":"<!-- This site is optimized with the Yoast SEO plugin v28.1 - https:\/\/yoast.com\/product\/yoast-seo-wordpress\/ -->\n<title>Calendario de pagos de septiembre - Nuevo Digital de Escobar<\/title>\n<meta name=\"description\" content=\"ANSES comunica los calendarios de pagos de\u00a0septiembre\u00a0para jubilados, pensionados y titulares de Pensiones No Contributivas, Asignaci\u00f3n Universal por Hijo, Asignaciones Familiares, Asignaci\u00f3n por Embarazo, por Prenatal, por Maternidad, de Pago \u00danico y Prestaci\u00f3n por Desempleo.\" \/>\n<meta name=\"robots\" content=\"index, follow, max-snippet:-1, max-image-preview:large, max-video-preview:-1\" \/>\n<link rel=\"canonical\" href=\"https:\/\/nuevodigitaldeescobar.com.ar\/?p=22439\" \/>\n<meta property=\"og:locale\" content=\"es_ES\" \/>\n<meta property=\"og:type\" content=\"article\" \/>\n<meta property=\"og:title\" content=\"Calendario de pagos de septiembre\" \/>\n<meta property=\"og:description\" content=\"ANSES comunica los calendarios de pagos de\u00a0septiembre\u00a0para jubilados, pensionados y titulares de Pensiones No Contributivas, Asignaci\u00f3n Universal por Hijo, Asignaciones Familiares, Asignaci\u00f3n por Embarazo, por Prenatal, por Maternidad, de Pago \u00danico y Prestaci\u00f3n por Desempleo.\" \/>\n<meta property=\"og:url\" content=\"https:\/\/nuevodigitaldeescobar.com.ar\/?p=22439\" \/>\n<meta property=\"og:site_name\" content=\"Nuevo Digital de Escobar\" \/>\n<meta property=\"article:publisher\" content=\"https:\/\/www.facebook.com\/NUEVODigitalDeEscobar\" \/>\n<meta property=\"article:published_time\" content=\"2026-08-31T14:12:16+00:00\" \/>\n<meta property=\"article:modified_time\" content=\"2026-08-31T14:12:18+00:00\" \/>\n<meta property=\"og:image\" content=\"https:\/\/nuevodigitaldeescobar.com.ar\/wp-content\/uploads\/2024\/08\/jubilada-cajero-e1722708608748.jpg\" \/>\n\t<meta property=\"og:image:width\" content=\"745\" \/>\n\t<meta property=\"og:image:height\" content=\"465\" \/>\n\t<meta property=\"og:image:type\" content=\"image\/jpeg\" \/>\n<meta name=\"author\" content=\"Redacci\u00f3n\" \/>\n<meta name=\"twitter:card\" content=\"summary_large_image\" \/>\n<meta name=\"twitter:creator\" content=\"@nuevodigescobar\" \/>\n<meta name=\"twitter:site\" content=\"@nuevodigescobar\" \/>\n<meta name=\"twitter:label1\" content=\"Escrito por\" \/>\n\t<meta name=\"twitter:data1\" content=\"Redacci\u00f3n\" \/>\n\t<meta name=\"twitter:label2\" content=\"Tiempo de lectura\" \/>\n\t<meta name=\"twitter:data2\" content=\"3 minutos\" \/>\n<script type=\"application\/ld+json\" class=\"yoast-schema-graph\">{\"@context\":\"https:\\\/\\\/schema.org\",\"@graph\":[{\"@type\":\"Article\",\"@id\":\"https:\\\/\\\/nuevodigitaldeescobar.com.ar\\\/?p=22439#article\",\"isPartOf\":{\"@id\":\"https:\\\/\\\/nuevodigitaldeescobar.com.ar\\\/?p=22439\"},\"author\":{\"name\":\"Redacci\u00f3n\",\"@id\":\"https:\\\/\\\/nuevodigitaldeescobar.com.ar\\\/#\\\/schema\\\/person\\\/035e90a8efe9a80e6eec22656ad6ea4c\"},\"headline\":\"Calendario de pagos de septiembre\",\"datePublished\":\"2026-08-31T14:12:16+00:00\",\"dateModified\":\"2026-08-31T14:12:18+00:00\",\"mainEntityOfPage\":{\"@id\":\"https:\\\/\\\/nuevodigitaldeescobar.com.ar\\\/?p=22439\"},\"wordCount\":423,\"commentCount\":0,\"publisher\":{\"@id\":\"https:\\\/\\\/nuevodigitaldeescobar.com.ar\\\/#organization\"},\"image\":{\"@id\":\"https:\\\/\\\/nuevodigitaldeescobar.com.ar\\\/?p=22439#primaryimage\"},\"thumbnailUrl\":\"https:\\\/\\\/nuevodigitaldeescobar.com.ar\\\/wp-content\\\/uploads\\\/2024\\\/08\\\/jubilada-cajero-e1722708608748.jpg\",\"keywords\":[\"anses\",\"calendario de pagos\"],\"articleSection\":[\"Inter\u00e9s general\"],\"inLanguage\":\"es\",\"potentialAction\":[{\"@type\":\"CommentAction\",\"name\":\"Comment\",\"target\":[\"https:\\\/\\\/nuevodigitaldeescobar.com.ar\\\/?p=22439#respond\"]}]},{\"@type\":\"WebPage\",\"@id\":\"https:\\\/\\\/nuevodigitaldeescobar.com.ar\\\/?p=22439\",\"url\":\"https:\\\/\\\/nuevodigitaldeescobar.com.ar\\\/?p=22439\",\"name\":\"Calendario de pagos de septiembre - Nuevo Digital de Escobar\",\"isPartOf\":{\"@id\":\"https:\\\/\\\/nuevodigitaldeescobar.com.ar\\\/#website\"},\"primaryImageOfPage\":{\"@id\":\"https:\\\/\\\/nuevodigitaldeescobar.com.ar\\\/?p=22439#primaryimage\"},\"image\":{\"@id\":\"https:\\\/\\\/nuevodigitaldeescobar.com.ar\\\/?p=22439#primaryimage\"},\"thumbnailUrl\":\"https:\\\/\\\/nuevodigitaldeescobar.com.ar\\\/wp-content\\\/uploads\\\/2024\\\/08\\\/jubilada-cajero-e1722708608748.jpg\",\"datePublished\":\"2026-08-31T14:12:16+00:00\",\"dateModified\":\"2026-08-31T14:12:18+00:00\",\"description\":\"ANSES comunica los calendarios de pagos de\u00a0septiembre\u00a0para jubilados, pensionados y titulares de Pensiones No Contributivas, Asignaci\u00f3n Universal por Hijo, Asignaciones Familiares, Asignaci\u00f3n por Embarazo, por Prenatal, por Maternidad, de Pago \u00danico y Prestaci\u00f3n por Desempleo.\",\"breadcrumb\":{\"@id\":\"https:\\\/\\\/nuevodigitaldeescobar.com.ar\\\/?p=22439#breadcrumb\"},\"inLanguage\":\"es\",\"potentialAction\":[{\"@type\":\"ReadAction\",\"target\":[\"https:\\\/\\\/nuevodigitaldeescobar.com.ar\\\/?p=22439\"]}]},{\"@type\":\"ImageObject\",\"inLanguage\":\"es\",\"@id\":\"https:\\\/\\\/nuevodigitaldeescobar.com.ar\\\/?p=22439#primaryimage\",\"url\":\"https:\\\/\\\/nuevodigitaldeescobar.com.ar\\\/wp-content\\\/uploads\\\/2024\\\/08\\\/jubilada-cajero-e1722708608748.jpg\",\"contentUrl\":\"https:\\\/\\\/nuevodigitaldeescobar.com.ar\\\/wp-content\\\/uploads\\\/2024\\\/08\\\/jubilada-cajero-e1722708608748.jpg\",\"width\":745,\"height\":465},{\"@type\":\"BreadcrumbList\",\"@id\":\"https:\\\/\\\/nuevodigitaldeescobar.com.ar\\\/?p=22439#breadcrumb\",\"itemListElement\":[{\"@type\":\"ListItem\",\"position\":1,\"name\":\"Portada\",\"item\":\"https:\\\/\\\/nuevodigitaldeescobar.com.ar\\\/\"},{\"@type\":\"ListItem\",\"position\":2,\"name\":\"Calendario de pagos de septiembre\"}]},{\"@type\":\"WebSite\",\"@id\":\"https:\\\/\\\/nuevodigitaldeescobar.com.ar\\\/#website\",\"url\":\"https:\\\/\\\/nuevodigitaldeescobar.com.ar\\\/\",\"name\":\"Nuevo Digital de Escobar\",\"description\":\"La vida escobarense. Directora: Rosana Brunner\",\"publisher\":{\"@id\":\"https:\\\/\\\/nuevodigitaldeescobar.com.ar\\\/#organization\"},\"potentialAction\":[{\"@type\":\"SearchAction\",\"target\":{\"@type\":\"EntryPoint\",\"urlTemplate\":\"https:\\\/\\\/nuevodigitaldeescobar.com.ar\\\/?s={search_term_string}\"},\"query-input\":{\"@type\":\"PropertyValueSpecification\",\"valueRequired\":true,\"valueName\":\"search_term_string\"}}],\"inLanguage\":\"es\"},{\"@type\":\"Organization\",\"@id\":\"https:\\\/\\\/nuevodigitaldeescobar.com.ar\\\/#organization\",\"name\":\"Nuevo Digital de Escobar\",\"url\":\"https:\\\/\\\/nuevodigitaldeescobar.com.ar\\\/\",\"logo\":{\"@type\":\"ImageObject\",\"inLanguage\":\"es\",\"@id\":\"https:\\\/\\\/nuevodigitaldeescobar.com.ar\\\/#\\\/schema\\\/logo\\\/image\\\/\",\"url\":\"https:\\\/\\\/nuevodigitaldeescobar.com.ar\\\/wp-content\\\/uploads\\\/2025\\\/05\\\/cropped-logo-nuevo2.jpg\",\"contentUrl\":\"https:\\\/\\\/nuevodigitaldeescobar.com.ar\\\/wp-content\\\/uploads\\\/2025\\\/05\\\/cropped-logo-nuevo2.jpg\",\"width\":305,\"height\":305,\"caption\":\"Nuevo Digital de Escobar\"},\"image\":{\"@id\":\"https:\\\/\\\/nuevodigitaldeescobar.com.ar\\\/#\\\/schema\\\/logo\\\/image\\\/\"},\"sameAs\":[\"https:\\\/\\\/www.facebook.com\\\/NUEVODigitalDeEscobar\",\"https:\\\/\\\/x.com\\\/nuevodigescobar\",\"https:\\\/\\\/www.instagram.com\\\/nuevodigitaldeescobar\"]},{\"@type\":\"Person\",\"@id\":\"https:\\\/\\\/nuevodigitaldeescobar.com.ar\\\/#\\\/schema\\\/person\\\/035e90a8efe9a80e6eec22656ad6ea4c\",\"name\":\"Redacci\u00f3n\",\"image\":{\"@type\":\"ImageObject\",\"inLanguage\":\"es\",\"@id\":\"https:\\\/\\\/secure.gravatar.com\\\/avatar\\\/8af8f40000c24e9eef3034f2be5998a372bb1389e64b1a4a36b3a7979142220d?s=96&d=mm&r=g\",\"url\":\"https:\\\/\\\/secure.gravatar.com\\\/avatar\\\/8af8f40000c24e9eef3034f2be5998a372bb1389e64b1a4a36b3a7979142220d?s=96&d=mm&r=g\",\"contentUrl\":\"https:\\\/\\\/secure.gravatar.com\\\/avatar\\\/8af8f40000c24e9eef3034f2be5998a372bb1389e64b1a4a36b3a7979142220d?s=96&d=mm&r=g\",\"caption\":\"Redacci\u00f3n\"},\"sameAs\":[\"http:\\\/\\\/nuevodigitaldeescobar.com.ar\"],\"url\":\"https:\\\/\\\/nuevodigitaldeescobar.com.ar\\\/?author=1\"}]}<\/script>\n<!-- \/ Yoast SEO plugin. -->","yoast_head_json":{"title":"Calendario de pagos de septiembre - Nuevo Digital de Escobar","description":"ANSES comunica los calendarios de pagos de\u00a0septiembre\u00a0para jubilados, pensionados y titulares de Pensiones No Contributivas, Asignaci\u00f3n Universal por Hijo, Asignaciones Familiares, Asignaci\u00f3n por Embarazo, por Prenatal, por Maternidad, de Pago \u00danico y Prestaci\u00f3n por Desempleo.","robots":{"index":"index","follow":"follow","max-snippet":"max-snippet:-1","max-image-preview":"max-image-preview:large","max-video-preview":"max-video-preview:-1"},"canonical":"https:\/\/nuevodigitaldeescobar.com.ar\/?p=22439","og_locale":"es_ES","og_type":"article","og_title":"Calendario de pagos de septiembre","og_description":"ANSES comunica los calendarios de pagos de\u00a0septiembre\u00a0para jubilados, pensionados y titulares de Pensiones No Contributivas, Asignaci\u00f3n Universal por Hijo, Asignaciones Familiares, Asignaci\u00f3n por Embarazo, por Prenatal, por Maternidad, de Pago \u00danico y Prestaci\u00f3n por Desempleo.","og_url":"https:\/\/nuevodigitaldeescobar.com.ar\/?p=22439","og_site_name":"Nuevo Digital de Escobar","article_publisher":"https:\/\/www.facebook.com\/NUEVODigitalDeEscobar","article_published_time":"2026-08-31T14:12:16+00:00","article_modified_time":"2026-08-31T14:12:18+00:00","og_image":[{"width":745,"height":465,"url":"https:\/\/nuevodigitaldeescobar.com.ar\/wp-content\/uploads\/2024\/08\/jubilada-cajero-e1722708608748.jpg","type":"image\/jpeg"}],"author":"Redacci\u00f3n","twitter_card":"summary_large_image","twitter_creator":"@nuevodigescobar","twitter_site":"@nuevodigescobar","twitter_misc":{"Escrito por":"Redacci\u00f3n","Tiempo de lectura":"3 minutos"},"schema":{"@context":"https:\/\/schema.org","@graph":[{"@type":"Article","@id":"https:\/\/nuevodigitaldeescobar.com.ar\/?p=22439#article","isPartOf":{"@id":"https:\/\/nuevodigitaldeescobar.com.ar\/?p=22439"},"author":{"name":"Redacci\u00f3n","@id":"https:\/\/nuevodigitaldeescobar.com.ar\/#\/schema\/person\/035e90a8efe9a80e6eec22656ad6ea4c"},"headline":"Calendario de pagos de septiembre","datePublished":"2026-08-31T14:12:16+00:00","dateModified":"2026-08-31T14:12:18+00:00","mainEntityOfPage":{"@id":"https:\/\/nuevodigitaldeescobar.com.ar\/?p=22439"},"wordCount":423,"commentCount":0,"publisher":{"@id":"https:\/\/nuevodigitaldeescobar.com.ar\/#organization"},"image":{"@id":"https:\/\/nuevodigitaldeescobar.com.ar\/?p=22439#primaryimage"},"thumbnailUrl":"https:\/\/nuevodigitaldeescobar.com.ar\/wp-content\/uploads\/2024\/08\/jubilada-cajero-e1722708608748.jpg","keywords":["anses","calendario de pagos"],"articleSection":["Inter\u00e9s general"],"inLanguage":"es","potentialAction":[{"@type":"CommentAction","name":"Comment","target":["https:\/\/nuevodigitaldeescobar.com.ar\/?p=22439#respond"]}]},{"@type":"WebPage","@id":"https:\/\/nuevodigitaldeescobar.com.ar\/?p=22439","url":"https:\/\/nuevodigitaldeescobar.com.ar\/?p=22439","name":"Calendario de pagos de septiembre - Nuevo Digital de Escobar","isPartOf":{"@id":"https:\/\/nuevodigitaldeescobar.com.ar\/#website"},"primaryImageOfPage":{"@id":"https:\/\/nuevodigitaldeescobar.com.ar\/?p=22439#primaryimage"},"image":{"@id":"https:\/\/nuevodigitaldeescobar.com.ar\/?p=22439#primaryimage"},"thumbnailUrl":"https:\/\/nuevodigitaldeescobar.com.ar\/wp-content\/uploads\/2024\/08\/jubilada-cajero-e1722708608748.jpg","datePublished":"2026-08-31T14:12:16+00:00","dateModified":"2026-08-31T14:12:18+00:00","description":"ANSES comunica los calendarios de pagos de\u00a0septiembre\u00a0para jubilados, pensionados y titulares de Pensiones No Contributivas, Asignaci\u00f3n Universal por Hijo, Asignaciones Familiares, Asignaci\u00f3n por Embarazo, por Prenatal, por Maternidad, de Pago \u00danico y Prestaci\u00f3n por Desempleo.","breadcrumb":{"@id":"https:\/\/nuevodigitaldeescobar.com.ar\/?p=22439#breadcrumb"},"inLanguage":"es","potentialAction":[{"@type":"ReadAction","target":["https:\/\/nuevodigitaldeescobar.com.ar\/?p=22439"]}]},{"@type":"ImageObject","inLanguage":"es","@id":"https:\/\/nuevodigitaldeescobar.com.ar\/?p=22439#primaryimage","url":"https:\/\/nuevodigitaldeescobar.com.ar\/wp-content\/uploads\/2024\/08\/jubilada-cajero-e1722708608748.jpg","contentUrl":"https:\/\/nuevodigitaldeescobar.com.ar\/wp-content\/uploads\/2024\/08\/jubilada-cajero-e1722708608748.jpg","width":745,"height":465},{"@type":"BreadcrumbList","@id":"https:\/\/nuevodigitaldeescobar.com.ar\/?p=22439#breadcrumb","itemListElement":[{"@type":"ListItem","position":1,"name":"Portada","item":"https:\/\/nuevodigitaldeescobar.com.ar\/"},{"@type":"ListItem","position":2,"name":"Calendario de pagos de septiembre"}]},{"@type":"WebSite","@id":"https:\/\/nuevodigitaldeescobar.com.ar\/#website","url":"https:\/\/nuevodigitaldeescobar.com.ar\/","name":"Nuevo Digital de Escobar","description":"La vida escobarense. Directora: Rosana Brunner","publisher":{"@id":"https:\/\/nuevodigitaldeescobar.com.ar\/#organization"},"potentialAction":[{"@type":"SearchAction","target":{"@type":"EntryPoint","urlTemplate":"https:\/\/nuevodigitaldeescobar.com.ar\/?s={search_term_string}"},"query-input":{"@type":"PropertyValueSpecification","valueRequired":true,"valueName":"search_term_string"}}],"inLanguage":"es"},{"@type":"Organization","@id":"https:\/\/nuevodigitaldeescobar.com.ar\/#organization","name":"Nuevo Digital de Escobar","url":"https:\/\/nuevodigitaldeescobar.com.ar\/","logo":{"@type":"ImageObject","inLanguage":"es","@id":"https:\/\/nuevodigitaldeescobar.com.ar\/#\/schema\/logo\/image\/","url":"https:\/\/nuevodigitaldeescobar.com.ar\/wp-content\/uploads\/2025\/05\/cropped-logo-nuevo2.jpg","contentUrl":"https:\/\/nuevodigitaldeescobar.com.ar\/wp-content\/uploads\/2025\/05\/cropped-logo-nuevo2.jpg","width":305,"height":305,"caption":"Nuevo Digital de Escobar"},"image":{"@id":"https:\/\/nuevodigitaldeescobar.com.ar\/#\/schema\/logo\/image\/"},"sameAs":["https:\/\/www.facebook.com\/NUEVODigitalDeEscobar","https:\/\/x.com\/nuevodigescobar","https:\/\/www.instagram.com\/nuevodigitaldeescobar"]},{"@type":"Person","@id":"https:\/\/nuevodigitaldeescobar.com.ar\/#\/schema\/person\/035e90a8efe9a80e6eec22656ad6ea4c","name":"Redacci\u00f3n","image":{"@type":"ImageObject","inLanguage":"es","@id":"https:\/\/secure.gravatar.com\/avatar\/8af8f40000c24e9eef3034f2be5998a372bb1389e64b1a4a36b3a7979142220d?s=96&d=mm&r=g","url":"https:\/\/secure.gravatar.com\/avatar\/8af8f40000c24e9eef3034f2be5998a372bb1389e64b1a4a36b3a7979142220d?s=96&d=mm&r=g","contentUrl":"https:\/\/secure.gravatar.com\/avatar\/8af8f40000c24e9eef3034f2be5998a372bb1389e64b1a4a36b3a7979142220d?s=96&d=mm&r=g","caption":"Redacci\u00f3n"},"sameAs":["http:\/\/nuevodigitaldeescobar.com.ar"],"url":"https:\/\/nuevodigitaldeescobar.com.ar\/?author=1"}]}},"featured_image_urls":{"full":["https:\/\/nuevodigitaldeescobar.com.ar\/wp-content\/uploads\/2024\/08\/jubilada-cajero-e1722708608748.jpg",745,465,false],"thumbnail":["https:\/\/nuevodigitaldeescobar.com.ar\/wp-content\/uploads\/2024\/08\/jubilada-cajero-e1722708608748-150x150.jpg",150,150,true],"medium":["https:\/\/nuevodigitaldeescobar.com.ar\/wp-content\/uploads\/2024\/08\/jubilada-cajero-e1722708608748-300x187.jpg",300,187,true],"medium_large":["https:\/\/nuevodigitaldeescobar.com.ar\/wp-content\/uploads\/2024\/08\/jubilada-cajero-768x576.jpg",640,480,true],"large":["https:\/\/nuevodigitaldeescobar.com.ar\/wp-content\/uploads\/2024\/08\/jubilada-cajero-e1722708608748.jpg",640,399,false],"1536x1536":["https:\/\/nuevodigitaldeescobar.com.ar\/wp-content\/uploads\/2024\/08\/jubilada-cajero-e1722708608748.jpg",745,465,false],"2048x2048":["https:\/\/nuevodigitaldeescobar.com.ar\/wp-content\/uploads\/2024\/08\/jubilada-cajero-e1722708608748.jpg",745,465,false]},"author_info":{"display_name":"Redacci\u00f3n","author_link":"https:\/\/nuevodigitaldeescobar.com.ar\/?author=1"},"category_info":"<a href=\"https:\/\/nuevodigitaldeescobar.com.ar\/?cat=7\" rel=\"category\">Inter\u00e9s general<\/a>","tag_info":"Inter\u00e9s general","comment_count":"0","_links":{"self":[{"href":"https:\/\/nuevodigitaldeescobar.com.ar\/index.php?rest_route=\/wp\/v2\/posts\/22439","targetHints":{"allow":["GET"]}}],"collection":[{"href":"https:\/\/nuevodigitaldeescobar.com.ar\/index.php?rest_route=\/wp\/v2\/posts"}],"about":[{"href":"https:\/\/nuevodigitaldeescobar.com.ar\/index.php?rest_route=\/wp\/v2\/types\/post"}],"author":[{"embeddable":true,"href":"https:\/\/nuevodigitaldeescobar.com.ar\/index.php?rest_route=\/wp\/v2\/users\/1"}],"replies":[{"embeddable":true,"href":"https:\/\/nuevodigitaldeescobar.com.ar\/index.php?rest_route=%2Fwp%2Fv2%2Fcomments&post=22439"}],"version-history":[{"count":1,"href":"https:\/\/nuevodigitaldeescobar.com.ar\/index.php?rest_route=\/wp\/v2\/posts\/22439\/revisions"}],"predecessor-version":[{"id":22440,"href":"https:\/\/nuevodigitaldeescobar.com.ar\/index.php?rest_route=\/wp\/v2\/posts\/22439\/revisions\/22440"}],"wp:featuredmedia":[{"embeddable":true,"href":"https:\/\/nuevodigitaldeescobar.com.ar\/index.php?rest_route=\/wp\/v2\/media\/7176"}],"wp:attachment":[{"href":"https:\/\/nuevodigitaldeescobar.com.ar\/index.php?rest_route=%2Fwp%2Fv2%2Fmedia&parent=22439"}],"wp:term":[{"taxonomy":"category","embeddable":true,"href":"https:\/\/nuevodigitaldeescobar.com.ar\/index.php?rest_route=%2Fwp%2Fv2%2Fcategories&post=22439"},{"taxonomy":"post_tag","embeddable":true,"href":"https:\/\/nuevodigitaldeescobar.com.ar\/index.php?rest_route=%2Fwp%2Fv2%2Ftags&post=22439"}],"curies":[{"name":"wp","href":"https:\/\/api.w.org\/{rel}","templated":true}]}}