{"id":22447,"date":"2026-08-31T13:17:18","date_gmt":"2026-08-31T16:17:18","guid":{"rendered":"https:\/\/nuevodigitaldeescobar.com.ar\/?p=22447"},"modified":"2026-08-31T13:17:19","modified_gmt":"2026-08-31T16:17:19","slug":"messi-anuncio-su-retiro-de-la-seleccion-argentina-me-vacie-ya-no-tengo-mas-para-dar","status":"publish","type":"post","link":"https:\/\/nuevodigitaldeescobar.com.ar\/?p=22447","title":{"rendered":"Messi anunci\u00f3 su retiro de la Selecci\u00f3n Argentina: \u201cMe vaci\u00e9, ya no tengo m\u00e1s para dar\u201d"},"content":{"rendered":"\n<p class=\"has-vivid-cyan-blue-color has-text-color has-link-color wp-elements-25180cfa675ef8f093c01808cccf8e49\"><strong><em>El capit\u00e1n de la Albiceleste confirm\u00f3 este lunes que no volver\u00e1 a vestir la camiseta argentina. A los 39 a\u00f1os, Lionel Messi puso punto final a una historia de m\u00e1s de dos d\u00e9cadas, cuatro t\u00edtulos y 207 partidos con la Selecci\u00f3n.<\/em><\/strong><\/p>\n\n\n\n<!--more-->\n\n\n\n<p><\/p>\n\n\n\n<p>Lionel Messi anunci\u00f3 este lunes su retiro definitivo de la Selecci\u00f3n Argentina. El capit\u00e1n de la Albiceleste comunic\u00f3 la decisi\u00f3n a trav\u00e9s de sus redes sociales, en un emotivo mensaje en el que reconoci\u00f3 que se trata de una despedida dolorosa, pero que entiende que lleg\u00f3 el momento de cerrar una etapa.<\/p>\n\n\n\n<p>\u201cMe retiro de la Selecci\u00f3n\u2026 Fue una decisi\u00f3n que doli\u00f3 y duele en el alma pero entiendo que es el momento\u201d, expres\u00f3 Messi en el comienzo de su mensaje.<\/p>\n\n\n\n<p>El rosarino explic\u00f3 que siente que ya dio todo por la camiseta argentina y que es tiempo de darle lugar a las nuevas generaciones. \u201cMe vaci\u00e9, ya no tengo m\u00e1s para dar y aparte vienen chicos muy grandes atr\u00e1s que merecen estar\u201d, se\u00f1al\u00f3.<\/p>\n\n\n\n<p>La decisi\u00f3n llega despu\u00e9s del Mundial 2026, en el que Argentina alcanz\u00f3 nuevamente la final, aunque cay\u00f3 1-0 ante Espa\u00f1a. Ese encuentro termin\u00f3 siendo el \u00faltimo partido de Messi con la camiseta de la Selecci\u00f3n.<\/p>\n\n\n\n<p>Messi cont\u00f3 adem\u00e1s que hab\u00eda escrito sus palabras el 21 de julio, apenas dos d\u00edas despu\u00e9s de la final, pero que decidi\u00f3 esperar para hacer p\u00fablico el anuncio. La muerte de su padre, Jorge Messi, ocurrida semanas despu\u00e9s, termin\u00f3 de convencerlo de que era el momento indicado para cerrar definitivamente su ciclo con la Albiceleste.<\/p>\n\n\n\n<h2 class=\"wp-block-heading\">Una historia que comenz\u00f3 hace m\u00e1s de 20 a\u00f1os<\/h2>\n\n\n\n<p>Messi debut\u00f3 con la Selecci\u00f3n mayor en 2005 y desde entonces construy\u00f3 una de las carreras m\u00e1s importantes de la historia del f\u00fatbol argentino. Durante m\u00e1s de dos d\u00e9cadas disput\u00f3 207 partidos y convirti\u00f3 125 goles, registros que lo mantienen como el futbolista con m\u00e1s presencias y m\u00e1s tantos en la historia de la Selecci\u00f3n.<\/p>\n\n\n\n<p>Pero su recorrido con la camiseta argentina tuvo tambi\u00e9n momentos de enorme frustraci\u00f3n. Perdi\u00f3 la final del Mundial de Brasil 2014 y las finales de las Copas Am\u00e9rica de 2015 y 2016. En 2016, despu\u00e9s de perder ante Chile, incluso hab\u00eda anunciado su retiro, aunque finalmente regres\u00f3 y continu\u00f3 su historia con la Albiceleste.<\/p>\n\n\n\n<p>A partir de entonces lleg\u00f3 la etapa m\u00e1s gloriosa.<\/p>\n\n\n\n<p>En 2021 conquist\u00f3 su primer gran t\u00edtulo con la Selecci\u00f3n mayor al ganar la Copa Am\u00e9rica en Brasil. Un a\u00f1o despu\u00e9s levant\u00f3 la Finalissima ante Italia y, en diciembre de 2022, consigui\u00f3 finalmente el trofeo que durante tantos a\u00f1os hab\u00eda buscado: la Copa del Mundo en Qatar.<\/p>\n\n\n\n<p>Luego lleg\u00f3 otra Copa Am\u00e9rica, en 2024, y el Mundial de 2026, donde Argentina volvi\u00f3 a disputar la final.<\/p>\n\n\n\n<h2 class=\"wp-block-heading\">\u201cAhora voy a ser uno m\u00e1s de ustedes\u201d<\/h2>\n\n\n\n<p>En su despedida, Messi eligi\u00f3 poner el foco en el v\u00ednculo que construy\u00f3 con los argentinos durante todos estos a\u00f1os.<\/p>\n\n\n\n<p>\u201cGracias por todo el cari\u00f1o de estos 20 a\u00f1os. Voy a extra\u00f1ar mucho escucharlos desde adentro. Ahora voy a ser uno m\u00e1s de ustedes, alentando y bancando siempre desde afuera\u201d, escribi\u00f3.<\/p>\n\n\n\n<p>Tambi\u00e9n agradeci\u00f3 a su familia, entrenadores, compa\u00f1eros y dirigentes que lo acompa\u00f1aron durante su carrera internacional.<\/p>\n\n\n\n<p>\u201cMe voy con la tranquilidad y el orgullo de haberles regalado, junto con mis compa\u00f1eros, momentos so\u00f1ados\u201d, afirm\u00f3.<\/p>\n\n\n\n<p>Y cerr\u00f3 el mensaje con una frase que resume el v\u00ednculo que mantuvo con el pa\u00eds durante toda su carrera: \u201cGracias Dios por hacerme argentino. \u00a1Vamos Argentina!\u201d.<\/p>\n\n\n\n<p>Con su decisi\u00f3n, Messi deja definitivamente la Selecci\u00f3n Argentina. Se termina una era que comenz\u00f3 cuando aquel joven rosarino debut\u00f3 con la camiseta celeste y blanca y que termin\u00f3 convertido en capit\u00e1n, campe\u00f3n del mundo y m\u00e1ximo goleador hist\u00f3rico de la Albiceleste.<\/p>\n\n\n\n<p>Ahora, por primera vez en m\u00e1s de 20 a\u00f1os, Argentina tendr\u00e1 que aprender a mirar hacia adelante sin el n\u00famero 10 dentro de la cancha.<\/p>\n\n\n\n<p><\/p>\n","protected":false},"excerpt":{"rendered":"<p>El capit\u00e1n de la Albiceleste confirm\u00f3 este lunes que no volver\u00e1 a vestir la camiseta argentina. A los 39 a\u00f1os, Lionel Messi puso punto final [&hellip;]<\/p>\n","protected":false},"author":1,"featured_media":14758,"comment_status":"open","ping_status":"open","sticky":false,"template":"","format":"standard","meta":{"footnotes":""},"categories":[8],"tags":[581],"class_list":["post-22447","post","type-post","status-publish","format-standard","has-post-thumbnail","hentry","category-deportes","tag-lionel-messi"],"yoast_head":"<!-- This site is optimized with the Yoast SEO plugin v28.1 - https:\/\/yoast.com\/product\/yoast-seo-wordpress\/ -->\n<title>Messi anunci\u00f3 su retiro de la Selecci\u00f3n Argentina: \u201cMe vaci\u00e9, ya no tengo m\u00e1s para dar\u201d - Nuevo Digital de Escobar<\/title>\n<meta name=\"description\" content=\"El capit\u00e1n de la Albiceleste confirm\u00f3 este lunes que no volver\u00e1 a vestir la camiseta argentina. A los 39 a\u00f1os, Lionel Messi puso punto final a una historia de m\u00e1s de dos d\u00e9cadas, cuatro t\u00edtulos y 207 partidos con la Selecci\u00f3n.\" \/>\n<meta name=\"robots\" content=\"index, follow, max-snippet:-1, max-image-preview:large, max-video-preview:-1\" \/>\n<link rel=\"canonical\" href=\"https:\/\/nuevodigitaldeescobar.com.ar\/?p=22447\" \/>\n<meta property=\"og:locale\" content=\"es_ES\" \/>\n<meta property=\"og:type\" content=\"article\" \/>\n<meta property=\"og:title\" content=\"Messi anunci\u00f3 su retiro de la Selecci\u00f3n Argentina: \u201cMe vaci\u00e9, ya no tengo m\u00e1s para dar\u201d\" \/>\n<meta property=\"og:description\" content=\"El capit\u00e1n de la Albiceleste confirm\u00f3 este lunes que no volver\u00e1 a vestir la camiseta argentina. A los 39 a\u00f1os, Lionel Messi puso punto final a una historia de m\u00e1s de dos d\u00e9cadas, cuatro t\u00edtulos y 207 partidos con la Selecci\u00f3n.\" \/>\n<meta property=\"og:url\" content=\"https:\/\/nuevodigitaldeescobar.com.ar\/?p=22447\" \/>\n<meta property=\"og:site_name\" content=\"Nuevo Digital de Escobar\" \/>\n<meta property=\"article:publisher\" content=\"https:\/\/www.facebook.com\/NUEVODigitalDeEscobar\" \/>\n<meta property=\"article:published_time\" content=\"2026-08-31T16:17:18+00:00\" \/>\n<meta property=\"article:modified_time\" content=\"2026-08-31T16:17:19+00:00\" \/>\n<meta property=\"og:image\" content=\"https:\/\/nuevodigitaldeescobar.com.ar\/wp-content\/uploads\/2025\/09\/17004977366794_1600_1067-6Gftxm.jpg\" \/>\n\t<meta property=\"og:image:width\" content=\"1600\" \/>\n\t<meta property=\"og:image:height\" content=\"1067\" \/>\n\t<meta property=\"og:image:type\" content=\"image\/jpeg\" \/>\n<meta name=\"author\" content=\"Redacci\u00f3n\" \/>\n<meta name=\"twitter:card\" content=\"summary_large_image\" \/>\n<meta name=\"twitter:creator\" content=\"@nuevodigescobar\" \/>\n<meta name=\"twitter:site\" content=\"@nuevodigescobar\" \/>\n<meta name=\"twitter:label1\" content=\"Escrito por\" \/>\n\t<meta name=\"twitter:data1\" content=\"Redacci\u00f3n\" \/>\n\t<meta name=\"twitter:label2\" content=\"Tiempo de lectura\" \/>\n\t<meta name=\"twitter:data2\" content=\"4 minutos\" \/>\n<script type=\"application\/ld+json\" class=\"yoast-schema-graph\">{\"@context\":\"https:\\\/\\\/schema.org\",\"@graph\":[{\"@type\":\"Article\",\"@id\":\"https:\\\/\\\/nuevodigitaldeescobar.com.ar\\\/?p=22447#article\",\"isPartOf\":{\"@id\":\"https:\\\/\\\/nuevodigitaldeescobar.com.ar\\\/?p=22447\"},\"author\":{\"name\":\"Redacci\u00f3n\",\"@id\":\"https:\\\/\\\/nuevodigitaldeescobar.com.ar\\\/#\\\/schema\\\/person\\\/035e90a8efe9a80e6eec22656ad6ea4c\"},\"headline\":\"Messi anunci\u00f3 su retiro de la Selecci\u00f3n Argentina: \u201cMe vaci\u00e9, ya no tengo m\u00e1s para dar\u201d\",\"datePublished\":\"2026-08-31T16:17:18+00:00\",\"dateModified\":\"2026-08-31T16:17:19+00:00\",\"mainEntityOfPage\":{\"@id\":\"https:\\\/\\\/nuevodigitaldeescobar.com.ar\\\/?p=22447\"},\"wordCount\":706,\"commentCount\":0,\"publisher\":{\"@id\":\"https:\\\/\\\/nuevodigitaldeescobar.com.ar\\\/#organization\"},\"image\":{\"@id\":\"https:\\\/\\\/nuevodigitaldeescobar.com.ar\\\/?p=22447#primaryimage\"},\"thumbnailUrl\":\"https:\\\/\\\/nuevodigitaldeescobar.com.ar\\\/wp-content\\\/uploads\\\/2025\\\/05\\\/goal-blank-web-facebook-2023-06-13t135350847png_1600_1067-NXr7l1.jpeg\",\"keywords\":[\"Lionel Messi\"],\"articleSection\":[\"Deportes\"],\"inLanguage\":\"es\",\"potentialAction\":[{\"@type\":\"CommentAction\",\"name\":\"Comment\",\"target\":[\"https:\\\/\\\/nuevodigitaldeescobar.com.ar\\\/?p=22447#respond\"]}]},{\"@type\":\"WebPage\",\"@id\":\"https:\\\/\\\/nuevodigitaldeescobar.com.ar\\\/?p=22447\",\"url\":\"https:\\\/\\\/nuevodigitaldeescobar.com.ar\\\/?p=22447\",\"name\":\"Messi anunci\u00f3 su retiro de la Selecci\u00f3n Argentina: \u201cMe vaci\u00e9, ya no tengo m\u00e1s para dar\u201d - Nuevo Digital de Escobar\",\"isPartOf\":{\"@id\":\"https:\\\/\\\/nuevodigitaldeescobar.com.ar\\\/#website\"},\"primaryImageOfPage\":{\"@id\":\"https:\\\/\\\/nuevodigitaldeescobar.com.ar\\\/?p=22447#primaryimage\"},\"image\":{\"@id\":\"https:\\\/\\\/nuevodigitaldeescobar.com.ar\\\/?p=22447#primaryimage\"},\"thumbnailUrl\":\"https:\\\/\\\/nuevodigitaldeescobar.com.ar\\\/wp-content\\\/uploads\\\/2025\\\/05\\\/goal-blank-web-facebook-2023-06-13t135350847png_1600_1067-NXr7l1.jpeg\",\"datePublished\":\"2026-08-31T16:17:18+00:00\",\"dateModified\":\"2026-08-31T16:17:19+00:00\",\"description\":\"El capit\u00e1n de la Albiceleste confirm\u00f3 este lunes que no volver\u00e1 a vestir la camiseta argentina. A los 39 a\u00f1os, Lionel Messi puso punto final a una historia de m\u00e1s de dos d\u00e9cadas, cuatro t\u00edtulos y 207 partidos con la Selecci\u00f3n.\",\"breadcrumb\":{\"@id\":\"https:\\\/\\\/nuevodigitaldeescobar.com.ar\\\/?p=22447#breadcrumb\"},\"inLanguage\":\"es\",\"potentialAction\":[{\"@type\":\"ReadAction\",\"target\":[\"https:\\\/\\\/nuevodigitaldeescobar.com.ar\\\/?p=22447\"]}]},{\"@type\":\"ImageObject\",\"inLanguage\":\"es\",\"@id\":\"https:\\\/\\\/nuevodigitaldeescobar.com.ar\\\/?p=22447#primaryimage\",\"url\":\"https:\\\/\\\/nuevodigitaldeescobar.com.ar\\\/wp-content\\\/uploads\\\/2025\\\/05\\\/goal-blank-web-facebook-2023-06-13t135350847png_1600_1067-NXr7l1.jpeg\",\"contentUrl\":\"https:\\\/\\\/nuevodigitaldeescobar.com.ar\\\/wp-content\\\/uploads\\\/2025\\\/05\\\/goal-blank-web-facebook-2023-06-13t135350847png_1600_1067-NXr7l1.jpeg\",\"width\":1600,\"height\":1067},{\"@type\":\"BreadcrumbList\",\"@id\":\"https:\\\/\\\/nuevodigitaldeescobar.com.ar\\\/?p=22447#breadcrumb\",\"itemListElement\":[{\"@type\":\"ListItem\",\"position\":1,\"name\":\"Portada\",\"item\":\"https:\\\/\\\/nuevodigitaldeescobar.com.ar\\\/\"},{\"@type\":\"ListItem\",\"position\":2,\"name\":\"Messi anunci\u00f3 su retiro de la Selecci\u00f3n Argentina: \u201cMe vaci\u00e9, ya no tengo m\u00e1s para dar\u201d\"}]},{\"@type\":\"WebSite\",\"@id\":\"https:\\\/\\\/nuevodigitaldeescobar.com.ar\\\/#website\",\"url\":\"https:\\\/\\\/nuevodigitaldeescobar.com.ar\\\/\",\"name\":\"Nuevo Digital de Escobar\",\"description\":\"La vida escobarense. Directora: Rosana Brunner\",\"publisher\":{\"@id\":\"https:\\\/\\\/nuevodigitaldeescobar.com.ar\\\/#organization\"},\"potentialAction\":[{\"@type\":\"SearchAction\",\"target\":{\"@type\":\"EntryPoint\",\"urlTemplate\":\"https:\\\/\\\/nuevodigitaldeescobar.com.ar\\\/?s={search_term_string}\"},\"query-input\":{\"@type\":\"PropertyValueSpecification\",\"valueRequired\":true,\"valueName\":\"search_term_string\"}}],\"inLanguage\":\"es\"},{\"@type\":\"Organization\",\"@id\":\"https:\\\/\\\/nuevodigitaldeescobar.com.ar\\\/#organization\",\"name\":\"Nuevo Digital de Escobar\",\"url\":\"https:\\\/\\\/nuevodigitaldeescobar.com.ar\\\/\",\"logo\":{\"@type\":\"ImageObject\",\"inLanguage\":\"es\",\"@id\":\"https:\\\/\\\/nuevodigitaldeescobar.com.ar\\\/#\\\/schema\\\/logo\\\/image\\\/\",\"url\":\"https:\\\/\\\/nuevodigitaldeescobar.com.ar\\\/wp-content\\\/uploads\\\/2025\\\/05\\\/cropped-logo-nuevo2.jpg\",\"contentUrl\":\"https:\\\/\\\/nuevodigitaldeescobar.com.ar\\\/wp-content\\\/uploads\\\/2025\\\/05\\\/cropped-logo-nuevo2.jpg\",\"width\":305,\"height\":305,\"caption\":\"Nuevo Digital de Escobar\"},\"image\":{\"@id\":\"https:\\\/\\\/nuevodigitaldeescobar.com.ar\\\/#\\\/schema\\\/logo\\\/image\\\/\"},\"sameAs\":[\"https:\\\/\\\/www.facebook.com\\\/NUEVODigitalDeEscobar\",\"https:\\\/\\\/x.com\\\/nuevodigescobar\",\"https:\\\/\\\/www.instagram.com\\\/nuevodigitaldeescobar\"]},{\"@type\":\"Person\",\"@id\":\"https:\\\/\\\/nuevodigitaldeescobar.com.ar\\\/#\\\/schema\\\/person\\\/035e90a8efe9a80e6eec22656ad6ea4c\",\"name\":\"Redacci\u00f3n\",\"image\":{\"@type\":\"ImageObject\",\"inLanguage\":\"es\",\"@id\":\"https:\\\/\\\/secure.gravatar.com\\\/avatar\\\/8af8f40000c24e9eef3034f2be5998a372bb1389e64b1a4a36b3a7979142220d?s=96&d=mm&r=g\",\"url\":\"https:\\\/\\\/secure.gravatar.com\\\/avatar\\\/8af8f40000c24e9eef3034f2be5998a372bb1389e64b1a4a36b3a7979142220d?s=96&d=mm&r=g\",\"contentUrl\":\"https:\\\/\\\/secure.gravatar.com\\\/avatar\\\/8af8f40000c24e9eef3034f2be5998a372bb1389e64b1a4a36b3a7979142220d?s=96&d=mm&r=g\",\"caption\":\"Redacci\u00f3n\"},\"sameAs\":[\"http:\\\/\\\/nuevodigitaldeescobar.com.ar\"],\"url\":\"https:\\\/\\\/nuevodigitaldeescobar.com.ar\\\/?author=1\"}]}<\/script>\n<!-- \/ Yoast SEO plugin. -->","yoast_head_json":{"title":"Messi anunci\u00f3 su retiro de la Selecci\u00f3n Argentina: \u201cMe vaci\u00e9, ya no tengo m\u00e1s para dar\u201d - Nuevo Digital de Escobar","description":"El capit\u00e1n de la Albiceleste confirm\u00f3 este lunes que no volver\u00e1 a vestir la camiseta argentina. A los 39 a\u00f1os, Lionel Messi puso punto final a una historia de m\u00e1s de dos d\u00e9cadas, cuatro t\u00edtulos y 207 partidos con la Selecci\u00f3n.","robots":{"index":"index","follow":"follow","max-snippet":"max-snippet:-1","max-image-preview":"max-image-preview:large","max-video-preview":"max-video-preview:-1"},"canonical":"https:\/\/nuevodigitaldeescobar.com.ar\/?p=22447","og_locale":"es_ES","og_type":"article","og_title":"Messi anunci\u00f3 su retiro de la Selecci\u00f3n Argentina: \u201cMe vaci\u00e9, ya no tengo m\u00e1s para dar\u201d","og_description":"El capit\u00e1n de la Albiceleste confirm\u00f3 este lunes que no volver\u00e1 a vestir la camiseta argentina. A los 39 a\u00f1os, Lionel Messi puso punto final a una historia de m\u00e1s de dos d\u00e9cadas, cuatro t\u00edtulos y 207 partidos con la Selecci\u00f3n.","og_url":"https:\/\/nuevodigitaldeescobar.com.ar\/?p=22447","og_site_name":"Nuevo Digital de Escobar","article_publisher":"https:\/\/www.facebook.com\/NUEVODigitalDeEscobar","article_published_time":"2026-08-31T16:17:18+00:00","article_modified_time":"2026-08-31T16:17:19+00:00","og_image":[{"width":1600,"height":1067,"url":"https:\/\/nuevodigitaldeescobar.com.ar\/wp-content\/uploads\/2025\/09\/17004977366794_1600_1067-6Gftxm.jpg","type":"image\/jpeg"}],"author":"Redacci\u00f3n","twitter_card":"summary_large_image","twitter_creator":"@nuevodigescobar","twitter_site":"@nuevodigescobar","twitter_misc":{"Escrito por":"Redacci\u00f3n","Tiempo de lectura":"4 minutos"},"schema":{"@context":"https:\/\/schema.org","@graph":[{"@type":"Article","@id":"https:\/\/nuevodigitaldeescobar.com.ar\/?p=22447#article","isPartOf":{"@id":"https:\/\/nuevodigitaldeescobar.com.ar\/?p=22447"},"author":{"name":"Redacci\u00f3n","@id":"https:\/\/nuevodigitaldeescobar.com.ar\/#\/schema\/person\/035e90a8efe9a80e6eec22656ad6ea4c"},"headline":"Messi anunci\u00f3 su retiro de la Selecci\u00f3n Argentina: \u201cMe vaci\u00e9, ya no tengo m\u00e1s para dar\u201d","datePublished":"2026-08-31T16:17:18+00:00","dateModified":"2026-08-31T16:17:19+00:00","mainEntityOfPage":{"@id":"https:\/\/nuevodigitaldeescobar.com.ar\/?p=22447"},"wordCount":706,"commentCount":0,"publisher":{"@id":"https:\/\/nuevodigitaldeescobar.com.ar\/#organization"},"image":{"@id":"https:\/\/nuevodigitaldeescobar.com.ar\/?p=22447#primaryimage"},"thumbnailUrl":"https:\/\/nuevodigitaldeescobar.com.ar\/wp-content\/uploads\/2025\/05\/goal-blank-web-facebook-2023-06-13t135350847png_1600_1067-NXr7l1.jpeg","keywords":["Lionel Messi"],"articleSection":["Deportes"],"inLanguage":"es","potentialAction":[{"@type":"CommentAction","name":"Comment","target":["https:\/\/nuevodigitaldeescobar.com.ar\/?p=22447#respond"]}]},{"@type":"WebPage","@id":"https:\/\/nuevodigitaldeescobar.com.ar\/?p=22447","url":"https:\/\/nuevodigitaldeescobar.com.ar\/?p=22447","name":"Messi anunci\u00f3 su retiro de la Selecci\u00f3n Argentina: \u201cMe vaci\u00e9, ya no tengo m\u00e1s para dar\u201d - Nuevo Digital de Escobar","isPartOf":{"@id":"https:\/\/nuevodigitaldeescobar.com.ar\/#website"},"primaryImageOfPage":{"@id":"https:\/\/nuevodigitaldeescobar.com.ar\/?p=22447#primaryimage"},"image":{"@id":"https:\/\/nuevodigitaldeescobar.com.ar\/?p=22447#primaryimage"},"thumbnailUrl":"https:\/\/nuevodigitaldeescobar.com.ar\/wp-content\/uploads\/2025\/05\/goal-blank-web-facebook-2023-06-13t135350847png_1600_1067-NXr7l1.jpeg","datePublished":"2026-08-31T16:17:18+00:00","dateModified":"2026-08-31T16:17:19+00:00","description":"El capit\u00e1n de la Albiceleste confirm\u00f3 este lunes que no volver\u00e1 a vestir la camiseta argentina. A los 39 a\u00f1os, Lionel Messi puso punto final a una historia de m\u00e1s de dos d\u00e9cadas, cuatro t\u00edtulos y 207 partidos con la Selecci\u00f3n.","breadcrumb":{"@id":"https:\/\/nuevodigitaldeescobar.com.ar\/?p=22447#breadcrumb"},"inLanguage":"es","potentialAction":[{"@type":"ReadAction","target":["https:\/\/nuevodigitaldeescobar.com.ar\/?p=22447"]}]},{"@type":"ImageObject","inLanguage":"es","@id":"https:\/\/nuevodigitaldeescobar.com.ar\/?p=22447#primaryimage","url":"https:\/\/nuevodigitaldeescobar.com.ar\/wp-content\/uploads\/2025\/05\/goal-blank-web-facebook-2023-06-13t135350847png_1600_1067-NXr7l1.jpeg","contentUrl":"https:\/\/nuevodigitaldeescobar.com.ar\/wp-content\/uploads\/2025\/05\/goal-blank-web-facebook-2023-06-13t135350847png_1600_1067-NXr7l1.jpeg","width":1600,"height":1067},{"@type":"BreadcrumbList","@id":"https:\/\/nuevodigitaldeescobar.com.ar\/?p=22447#breadcrumb","itemListElement":[{"@type":"ListItem","position":1,"name":"Portada","item":"https:\/\/nuevodigitaldeescobar.com.ar\/"},{"@type":"ListItem","position":2,"name":"Messi anunci\u00f3 su retiro de la Selecci\u00f3n Argentina: \u201cMe vaci\u00e9, ya no tengo m\u00e1s para dar\u201d"}]},{"@type":"WebSite","@id":"https:\/\/nuevodigitaldeescobar.com.ar\/#website","url":"https:\/\/nuevodigitaldeescobar.com.ar\/","name":"Nuevo Digital de Escobar","description":"La vida escobarense. Directora: Rosana Brunner","publisher":{"@id":"https:\/\/nuevodigitaldeescobar.com.ar\/#organization"},"potentialAction":[{"@type":"SearchAction","target":{"@type":"EntryPoint","urlTemplate":"https:\/\/nuevodigitaldeescobar.com.ar\/?s={search_term_string}"},"query-input":{"@type":"PropertyValueSpecification","valueRequired":true,"valueName":"search_term_string"}}],"inLanguage":"es"},{"@type":"Organization","@id":"https:\/\/nuevodigitaldeescobar.com.ar\/#organization","name":"Nuevo Digital de Escobar","url":"https:\/\/nuevodigitaldeescobar.com.ar\/","logo":{"@type":"ImageObject","inLanguage":"es","@id":"https:\/\/nuevodigitaldeescobar.com.ar\/#\/schema\/logo\/image\/","url":"https:\/\/nuevodigitaldeescobar.com.ar\/wp-content\/uploads\/2025\/05\/cropped-logo-nuevo2.jpg","contentUrl":"https:\/\/nuevodigitaldeescobar.com.ar\/wp-content\/uploads\/2025\/05\/cropped-logo-nuevo2.jpg","width":305,"height":305,"caption":"Nuevo Digital de Escobar"},"image":{"@id":"https:\/\/nuevodigitaldeescobar.com.ar\/#\/schema\/logo\/image\/"},"sameAs":["https:\/\/www.facebook.com\/NUEVODigitalDeEscobar","https:\/\/x.com\/nuevodigescobar","https:\/\/www.instagram.com\/nuevodigitaldeescobar"]},{"@type":"Person","@id":"https:\/\/nuevodigitaldeescobar.com.ar\/#\/schema\/person\/035e90a8efe9a80e6eec22656ad6ea4c","name":"Redacci\u00f3n","image":{"@type":"ImageObject","inLanguage":"es","@id":"https:\/\/secure.gravatar.com\/avatar\/8af8f40000c24e9eef3034f2be5998a372bb1389e64b1a4a36b3a7979142220d?s=96&d=mm&r=g","url":"https:\/\/secure.gravatar.com\/avatar\/8af8f40000c24e9eef3034f2be5998a372bb1389e64b1a4a36b3a7979142220d?s=96&d=mm&r=g","contentUrl":"https:\/\/secure.gravatar.com\/avatar\/8af8f40000c24e9eef3034f2be5998a372bb1389e64b1a4a36b3a7979142220d?s=96&d=mm&r=g","caption":"Redacci\u00f3n"},"sameAs":["http:\/\/nuevodigitaldeescobar.com.ar"],"url":"https:\/\/nuevodigitaldeescobar.com.ar\/?author=1"}]}},"featured_image_urls":{"full":["https:\/\/nuevodigitaldeescobar.com.ar\/wp-content\/uploads\/2025\/05\/goal-blank-web-facebook-2023-06-13t135350847png_1600_1067-NXr7l1.jpeg",1600,1067,false],"thumbnail":["https:\/\/nuevodigitaldeescobar.com.ar\/wp-content\/uploads\/2025\/05\/goal-blank-web-facebook-2023-06-13t135350847png_1600_1067-NXr7l1-150x150.jpeg",150,150,true],"medium":["https:\/\/nuevodigitaldeescobar.com.ar\/wp-content\/uploads\/2025\/05\/goal-blank-web-facebook-2023-06-13t135350847png_1600_1067-NXr7l1-300x200.jpeg",300,200,true],"medium_large":["https:\/\/nuevodigitaldeescobar.com.ar\/wp-content\/uploads\/2025\/05\/goal-blank-web-facebook-2023-06-13t135350847png_1600_1067-NXr7l1-768x512.jpeg",640,427,true],"large":["https:\/\/nuevodigitaldeescobar.com.ar\/wp-content\/uploads\/2025\/05\/goal-blank-web-facebook-2023-06-13t135350847png_1600_1067-NXr7l1-1024x683.jpeg",640,427,true],"1536x1536":["https:\/\/nuevodigitaldeescobar.com.ar\/wp-content\/uploads\/2025\/05\/goal-blank-web-facebook-2023-06-13t135350847png_1600_1067-NXr7l1-1536x1024.jpeg",1536,1024,true],"2048x2048":["https:\/\/nuevodigitaldeescobar.com.ar\/wp-content\/uploads\/2025\/05\/goal-blank-web-facebook-2023-06-13t135350847png_1600_1067-NXr7l1.jpeg",1600,1067,false]},"author_info":{"display_name":"Redacci\u00f3n","author_link":"https:\/\/nuevodigitaldeescobar.com.ar\/?author=1"},"category_info":"<a href=\"https:\/\/nuevodigitaldeescobar.com.ar\/?cat=8\" rel=\"category\">Deportes<\/a>","tag_info":"Deportes","comment_count":"0","_links":{"self":[{"href":"https:\/\/nuevodigitaldeescobar.com.ar\/index.php?rest_route=\/wp\/v2\/posts\/22447","targetHints":{"allow":["GET"]}}],"collection":[{"href":"https:\/\/nuevodigitaldeescobar.com.ar\/index.php?rest_route=\/wp\/v2\/posts"}],"about":[{"href":"https:\/\/nuevodigitaldeescobar.com.ar\/index.php?rest_route=\/wp\/v2\/types\/post"}],"author":[{"embeddable":true,"href":"https:\/\/nuevodigitaldeescobar.com.ar\/index.php?rest_route=\/wp\/v2\/users\/1"}],"replies":[{"embeddable":true,"href":"https:\/\/nuevodigitaldeescobar.com.ar\/index.php?rest_route=%2Fwp%2Fv2%2Fcomments&post=22447"}],"version-history":[{"count":1,"href":"https:\/\/nuevodigitaldeescobar.com.ar\/index.php?rest_route=\/wp\/v2\/posts\/22447\/revisions"}],"predecessor-version":[{"id":22448,"href":"https:\/\/nuevodigitaldeescobar.com.ar\/index.php?rest_route=\/wp\/v2\/posts\/22447\/revisions\/22448"}],"wp:featuredmedia":[{"embeddable":true,"href":"https:\/\/nuevodigitaldeescobar.com.ar\/index.php?rest_route=\/wp\/v2\/media\/14758"}],"wp:attachment":[{"href":"https:\/\/nuevodigitaldeescobar.com.ar\/index.php?rest_route=%2Fwp%2Fv2%2Fmedia&parent=22447"}],"wp:term":[{"taxonomy":"category","embeddable":true,"href":"https:\/\/nuevodigitaldeescobar.com.ar\/index.php?rest_route=%2Fwp%2Fv2%2Fcategories&post=22447"},{"taxonomy":"post_tag","embeddable":true,"href":"https:\/\/nuevodigitaldeescobar.com.ar\/index.php?rest_route=%2Fwp%2Fv2%2Ftags&post=22447"}],"curies":[{"name":"wp","href":"https:\/\/api.w.org\/{rel}","templated":true}]}}