{"id":22466,"date":"2026-09-02T11:05:41","date_gmt":"2026-09-02T14:05:41","guid":{"rendered":"https:\/\/nuevodigitaldeescobar.com.ar\/?p=22466"},"modified":"2026-09-02T11:05:43","modified_gmt":"2026-09-02T14:05:43","slug":"septiembre-llego-con-nuevos-aumentos-cuanto-suben-el-transporte-alquileres-prepagas-y-servicios","status":"publish","type":"post","link":"https:\/\/nuevodigitaldeescobar.com.ar\/?p=22466","title":{"rendered":"Septiembre lleg\u00f3 con nuevos aumentos: cu\u00e1nto suben el transporte, alquileres, prepagas y servicios"},"content":{"rendered":"\n<p class=\"has-vivid-cyan-blue-color has-text-color has-link-color wp-elements-4d76533d1ac031a36ebf5c75679da5e4\"><strong><em>El noveno mes del a\u00f1o comenz\u00f3 con una nueva tanda de incrementos que impactar\u00e1 en los gastos de los hogares. Colectivos, trenes, colegios privados, prepagas, alquileres y servicios tendr\u00e1n distintos ajustes durante septiembre.<\/em><\/strong><\/p>\n\n\n\n<!--more-->\n\n\n\n<p>Septiembre comenz\u00f3 con nuevos aumentos que presionar\u00e1n sobre el presupuesto de las familias. Los incrementos alcanzan a distintos servicios y gastos habituales, con subas que en algunos casos superan la inflaci\u00f3n mensual de referencia.<\/p>\n\n\n\n<p>En el <strong>\u00c1rea Metropolitana de Buenos Aires (AMBA)<\/strong>, uno de los principales impactos se sentir\u00e1 en el transporte p\u00fablico.<\/p>\n\n\n\n<h3 class=\"wp-block-heading\">Colectivos: hasta 4,7% m\u00e1s caros<\/h3>\n\n\n\n<p>Desde el 1\u00b0 de septiembre, las tarifas de los colectivos que circulan por la Provincia de Buenos Aires aumentaron <strong>4,7%<\/strong>, mientras que las l\u00edneas bajo jurisdicci\u00f3n de la Ciudad de Buenos Aires tuvieron una actualizaci\u00f3n del <strong>4,1%<\/strong>.<\/p>\n\n\n\n<p>En el caso de los colectivos bonaerenses, el boleto m\u00ednimo pas\u00f3 a <strong>$1.158,97<\/strong>, mientras que el tramo de entre 3 y 6 kil\u00f3metros qued\u00f3 en <strong>$1.303,83<\/strong>.<\/p>\n\n\n\n<h3 class=\"wp-block-heading\">Trenes: el m\u00ednimo pas\u00f3 a $480<\/h3>\n\n\n\n<p>Tambi\u00e9n aumentaron los boletos de las l\u00edneas ferroviarias del AMBA. Desde septiembre, el pasaje m\u00ednimo con SUBE registrada pas\u00f3 de <strong>$420 a $480<\/strong>, lo que representa una suba del <strong>14,29%<\/strong>.<\/p>\n\n\n\n<p>Para recorridos de segunda secci\u00f3n, el boleto qued\u00f3 en <strong>$669<\/strong>, mientras que para la tercera secci\u00f3n pas\u00f3 a <strong>$833<\/strong>. El nuevo cuadro alcanza a las l\u00edneas Mitre, Sarmiento, San Mart\u00edn, Urquiza, Roca, Belgrano Norte y Belgrano Sur.<\/p>\n\n\n\n<h3 class=\"wp-block-heading\">Subte y peajes<\/h3>\n\n\n\n<p>En la Ciudad de Buenos Aires, el boleto del subte aument\u00f3 <strong>4,1%<\/strong> y pas\u00f3 de $1.621 a <strong>$1.753<\/strong>. Para quienes no cuentan con una tarjeta SUBE registrada, el valor es de $2.541,10.<\/p>\n\n\n\n<p>Los peajes porte\u00f1os tambi\u00e9n tuvieron una actualizaci\u00f3n del <strong>4,1%<\/strong> durante septiembre.<\/p>\n\n\n\n<h3 class=\"wp-block-heading\">Alquileres: aumentos de hasta 35,52%<\/h3>\n\n\n\n<p>Los contratos de alquiler que todav\u00eda se encuentran alcanzados por el esquema de la antigua Ley de Alquileres tienen en septiembre una actualizaci\u00f3n del <strong>35,52%<\/strong>, de acuerdo con el \u00cdndice de Contratos de Locaci\u00f3n (ICL).<\/p>\n\n\n\n<p>El porcentaje es superior al aplicado en agosto, cuando el aumento hab\u00eda sido del 34,95%.<\/p>\n\n\n\n<h3 class=\"wp-block-heading\">Prepagas: subas de hasta 2,5%<\/h3>\n\n\n\n<p>Las empresas de medicina prepaga comenzaron a aplicar aumentos de hasta <strong>2,5%<\/strong> en septiembre, seg\u00fan los planes y las compa\u00f1\u00edas.<\/p>\n\n\n\n<p>En algunos casos, el incremento tambi\u00e9n alcanza a los copagos. Las empresas justificaron las actualizaciones por el aumento de los costos de insumos m\u00e9dicos, honorarios y otros gastos del sistema de salud.<\/p>\n\n\n\n<h3 class=\"wp-block-heading\">Colegios privados bonaerenses<\/h3>\n\n\n\n<p>Las cuotas de los colegios privados de la Provincia de Buenos Aires con aporte estatal aumentaron <strong>2,5%<\/strong> durante septiembre.<\/p>\n\n\n\n<p>Los nuevos valores dependen del nivel educativo y del porcentaje de subvenci\u00f3n estatal que recibe cada establecimiento.<\/p>\n\n\n\n<h3 class=\"wp-block-heading\">Luz y gas: tambi\u00e9n aumentan<\/h3>\n\n\n\n<p>En el caso de la electricidad, el Gobierno estableci\u00f3 para septiembre un incremento promedio del <strong>1,75%<\/strong> en las facturas de los usuarios de Edenor y Edesur del AMBA.<\/p>\n\n\n\n<p>La tarifa del gas natural, en tanto, tiene un aumento promedio del <strong>1,40%<\/strong> a nivel nacional. El Gobierno tambi\u00e9n modific\u00f3 el esquema de bonificaciones para los usuarios que reciben subsidios.<\/p>\n\n\n\n<p>Para la electricidad, adem\u00e1s, se elev\u00f3 a <strong>200 kWh mensuales<\/strong> el consumo base alcanzado por la bonificaci\u00f3n para los usuarios residenciales beneficiarios del r\u00e9gimen de subsidios energ\u00e9ticos focalizados.<\/p>\n\n\n\n<h3 class=\"wp-block-heading\">Internet, cable y telefon\u00eda<\/h3>\n\n\n\n<p>Las empresas de telecomunicaciones tambi\u00e9n comunicaron ajustes para septiembre. Los incrementos rondan el <strong>2,5%<\/strong>, aunque pueden variar de acuerdo con la empresa y el servicio contratado.<\/p>\n\n\n\n<p>As\u00ed, septiembre comienza con una nueva serie de aumentos que impactan sobre varios de los gastos fijos de las familias: desde el transporte y los servicios p\u00fablicos hasta el alquiler, la salud privada y la educaci\u00f3n.<\/p>\n\n\n\n<p><\/p>\n","protected":false},"excerpt":{"rendered":"<p>El noveno mes del a\u00f1o comenz\u00f3 con una nueva tanda de incrementos que impactar\u00e1 en los gastos de los hogares. Colectivos, trenes, colegios privados, prepagas, [&hellip;]<\/p>\n","protected":false},"author":1,"featured_media":2828,"comment_status":"open","ping_status":"open","sticky":false,"template":"","format":"standard","meta":{"footnotes":""},"categories":[7],"tags":[],"class_list":["post-22466","post","type-post","status-publish","format-standard","has-post-thumbnail","hentry","category-interes-general"],"yoast_head":"<!-- This site is optimized with the Yoast SEO plugin v28.1 - https:\/\/yoast.com\/product\/yoast-seo-wordpress\/ -->\n<title>Septiembre lleg\u00f3 con nuevos aumentos: cu\u00e1nto suben el transporte, alquileres, prepagas y servicios - Nuevo Digital de Escobar<\/title>\n<meta name=\"robots\" content=\"index, follow, max-snippet:-1, max-image-preview:large, max-video-preview:-1\" \/>\n<link rel=\"canonical\" href=\"https:\/\/nuevodigitaldeescobar.com.ar\/?p=22466\" \/>\n<meta property=\"og:locale\" content=\"es_ES\" \/>\n<meta property=\"og:type\" content=\"article\" \/>\n<meta property=\"og:title\" content=\"Septiembre lleg\u00f3 con nuevos aumentos: cu\u00e1nto suben el transporte, alquileres, prepagas y servicios\" \/>\n<meta property=\"og:description\" content=\"El noveno mes del a\u00f1o comenz\u00f3 con una nueva tanda de incrementos que impactar\u00e1 en los gastos de los hogares. Colectivos, trenes, colegios privados, prepagas, [&hellip;]\" \/>\n<meta property=\"og:url\" content=\"https:\/\/nuevodigitaldeescobar.com.ar\/?p=22466\" \/>\n<meta property=\"og:site_name\" content=\"Nuevo Digital de Escobar\" \/>\n<meta property=\"article:publisher\" content=\"https:\/\/www.facebook.com\/NUEVODigitalDeEscobar\" \/>\n<meta property=\"article:published_time\" content=\"2026-09-02T14:05:41+00:00\" \/>\n<meta property=\"article:modified_time\" content=\"2026-09-02T14:05:43+00:00\" \/>\n<meta property=\"og:image\" content=\"https:\/\/nuevodigitaldeescobar.com.ar\/wp-content\/uploads\/2024\/07\/colectivo-transporte-e1721864258782.jpg\" \/>\n\t<meta property=\"og:image:width\" content=\"720\" \/>\n\t<meta property=\"og:image:height\" content=\"462\" \/>\n\t<meta property=\"og:image:type\" content=\"image\/jpeg\" \/>\n<meta name=\"author\" content=\"Redacci\u00f3n\" \/>\n<meta name=\"twitter:card\" content=\"summary_large_image\" \/>\n<meta name=\"twitter:creator\" content=\"@nuevodigescobar\" \/>\n<meta name=\"twitter:site\" content=\"@nuevodigescobar\" \/>\n<meta name=\"twitter:label1\" content=\"Escrito por\" \/>\n\t<meta name=\"twitter:data1\" content=\"Redacci\u00f3n\" \/>\n\t<meta name=\"twitter:label2\" content=\"Tiempo de lectura\" \/>\n\t<meta name=\"twitter:data2\" content=\"3 minutos\" \/>\n<script type=\"application\/ld+json\" class=\"yoast-schema-graph\">{\"@context\":\"https:\\\/\\\/schema.org\",\"@graph\":[{\"@type\":\"Article\",\"@id\":\"https:\\\/\\\/nuevodigitaldeescobar.com.ar\\\/?p=22466#article\",\"isPartOf\":{\"@id\":\"https:\\\/\\\/nuevodigitaldeescobar.com.ar\\\/?p=22466\"},\"author\":{\"name\":\"Redacci\u00f3n\",\"@id\":\"https:\\\/\\\/nuevodigitaldeescobar.com.ar\\\/#\\\/schema\\\/person\\\/035e90a8efe9a80e6eec22656ad6ea4c\"},\"headline\":\"Septiembre lleg\u00f3 con nuevos aumentos: cu\u00e1nto suben el transporte, alquileres, prepagas y servicios\",\"datePublished\":\"2026-09-02T14:05:41+00:00\",\"dateModified\":\"2026-09-02T14:05:43+00:00\",\"mainEntityOfPage\":{\"@id\":\"https:\\\/\\\/nuevodigitaldeescobar.com.ar\\\/?p=22466\"},\"wordCount\":607,\"commentCount\":0,\"publisher\":{\"@id\":\"https:\\\/\\\/nuevodigitaldeescobar.com.ar\\\/#organization\"},\"image\":{\"@id\":\"https:\\\/\\\/nuevodigitaldeescobar.com.ar\\\/?p=22466#primaryimage\"},\"thumbnailUrl\":\"https:\\\/\\\/nuevodigitaldeescobar.com.ar\\\/wp-content\\\/uploads\\\/2024\\\/01\\\/colectivos-transporte-e1706055078590.jpg\",\"articleSection\":[\"Inter\u00e9s general\"],\"inLanguage\":\"es\",\"potentialAction\":[{\"@type\":\"CommentAction\",\"name\":\"Comment\",\"target\":[\"https:\\\/\\\/nuevodigitaldeescobar.com.ar\\\/?p=22466#respond\"]}]},{\"@type\":\"WebPage\",\"@id\":\"https:\\\/\\\/nuevodigitaldeescobar.com.ar\\\/?p=22466\",\"url\":\"https:\\\/\\\/nuevodigitaldeescobar.com.ar\\\/?p=22466\",\"name\":\"Septiembre lleg\u00f3 con nuevos aumentos: cu\u00e1nto suben el transporte, alquileres, prepagas y servicios - Nuevo Digital de Escobar\",\"isPartOf\":{\"@id\":\"https:\\\/\\\/nuevodigitaldeescobar.com.ar\\\/#website\"},\"primaryImageOfPage\":{\"@id\":\"https:\\\/\\\/nuevodigitaldeescobar.com.ar\\\/?p=22466#primaryimage\"},\"image\":{\"@id\":\"https:\\\/\\\/nuevodigitaldeescobar.com.ar\\\/?p=22466#primaryimage\"},\"thumbnailUrl\":\"https:\\\/\\\/nuevodigitaldeescobar.com.ar\\\/wp-content\\\/uploads\\\/2024\\\/01\\\/colectivos-transporte-e1706055078590.jpg\",\"datePublished\":\"2026-09-02T14:05:41+00:00\",\"dateModified\":\"2026-09-02T14:05:43+00:00\",\"breadcrumb\":{\"@id\":\"https:\\\/\\\/nuevodigitaldeescobar.com.ar\\\/?p=22466#breadcrumb\"},\"inLanguage\":\"es\",\"potentialAction\":[{\"@type\":\"ReadAction\",\"target\":[\"https:\\\/\\\/nuevodigitaldeescobar.com.ar\\\/?p=22466\"]}]},{\"@type\":\"ImageObject\",\"inLanguage\":\"es\",\"@id\":\"https:\\\/\\\/nuevodigitaldeescobar.com.ar\\\/?p=22466#primaryimage\",\"url\":\"https:\\\/\\\/nuevodigitaldeescobar.com.ar\\\/wp-content\\\/uploads\\\/2024\\\/01\\\/colectivos-transporte-e1706055078590.jpg\",\"contentUrl\":\"https:\\\/\\\/nuevodigitaldeescobar.com.ar\\\/wp-content\\\/uploads\\\/2024\\\/01\\\/colectivos-transporte-e1706055078590.jpg\",\"width\":720,\"height\":405},{\"@type\":\"BreadcrumbList\",\"@id\":\"https:\\\/\\\/nuevodigitaldeescobar.com.ar\\\/?p=22466#breadcrumb\",\"itemListElement\":[{\"@type\":\"ListItem\",\"position\":1,\"name\":\"Portada\",\"item\":\"https:\\\/\\\/nuevodigitaldeescobar.com.ar\\\/\"},{\"@type\":\"ListItem\",\"position\":2,\"name\":\"Septiembre lleg\u00f3 con nuevos aumentos: cu\u00e1nto suben el transporte, alquileres, prepagas y servicios\"}]},{\"@type\":\"WebSite\",\"@id\":\"https:\\\/\\\/nuevodigitaldeescobar.com.ar\\\/#website\",\"url\":\"https:\\\/\\\/nuevodigitaldeescobar.com.ar\\\/\",\"name\":\"Nuevo Digital de Escobar\",\"description\":\"La vida escobarense. Directora: Rosana Brunner\",\"publisher\":{\"@id\":\"https:\\\/\\\/nuevodigitaldeescobar.com.ar\\\/#organization\"},\"potentialAction\":[{\"@type\":\"SearchAction\",\"target\":{\"@type\":\"EntryPoint\",\"urlTemplate\":\"https:\\\/\\\/nuevodigitaldeescobar.com.ar\\\/?s={search_term_string}\"},\"query-input\":{\"@type\":\"PropertyValueSpecification\",\"valueRequired\":true,\"valueName\":\"search_term_string\"}}],\"inLanguage\":\"es\"},{\"@type\":\"Organization\",\"@id\":\"https:\\\/\\\/nuevodigitaldeescobar.com.ar\\\/#organization\",\"name\":\"Nuevo Digital de Escobar\",\"url\":\"https:\\\/\\\/nuevodigitaldeescobar.com.ar\\\/\",\"logo\":{\"@type\":\"ImageObject\",\"inLanguage\":\"es\",\"@id\":\"https:\\\/\\\/nuevodigitaldeescobar.com.ar\\\/#\\\/schema\\\/logo\\\/image\\\/\",\"url\":\"https:\\\/\\\/nuevodigitaldeescobar.com.ar\\\/wp-content\\\/uploads\\\/2025\\\/05\\\/cropped-logo-nuevo2.jpg\",\"contentUrl\":\"https:\\\/\\\/nuevodigitaldeescobar.com.ar\\\/wp-content\\\/uploads\\\/2025\\\/05\\\/cropped-logo-nuevo2.jpg\",\"width\":305,\"height\":305,\"caption\":\"Nuevo Digital de Escobar\"},\"image\":{\"@id\":\"https:\\\/\\\/nuevodigitaldeescobar.com.ar\\\/#\\\/schema\\\/logo\\\/image\\\/\"},\"sameAs\":[\"https:\\\/\\\/www.facebook.com\\\/NUEVODigitalDeEscobar\",\"https:\\\/\\\/x.com\\\/nuevodigescobar\",\"https:\\\/\\\/www.instagram.com\\\/nuevodigitaldeescobar\"]},{\"@type\":\"Person\",\"@id\":\"https:\\\/\\\/nuevodigitaldeescobar.com.ar\\\/#\\\/schema\\\/person\\\/035e90a8efe9a80e6eec22656ad6ea4c\",\"name\":\"Redacci\u00f3n\",\"image\":{\"@type\":\"ImageObject\",\"inLanguage\":\"es\",\"@id\":\"https:\\\/\\\/secure.gravatar.com\\\/avatar\\\/8af8f40000c24e9eef3034f2be5998a372bb1389e64b1a4a36b3a7979142220d?s=96&d=mm&r=g\",\"url\":\"https:\\\/\\\/secure.gravatar.com\\\/avatar\\\/8af8f40000c24e9eef3034f2be5998a372bb1389e64b1a4a36b3a7979142220d?s=96&d=mm&r=g\",\"contentUrl\":\"https:\\\/\\\/secure.gravatar.com\\\/avatar\\\/8af8f40000c24e9eef3034f2be5998a372bb1389e64b1a4a36b3a7979142220d?s=96&d=mm&r=g\",\"caption\":\"Redacci\u00f3n\"},\"sameAs\":[\"http:\\\/\\\/nuevodigitaldeescobar.com.ar\"],\"url\":\"https:\\\/\\\/nuevodigitaldeescobar.com.ar\\\/?author=1\"}]}<\/script>\n<!-- \/ Yoast SEO plugin. -->","yoast_head_json":{"title":"Septiembre lleg\u00f3 con nuevos aumentos: cu\u00e1nto suben el transporte, alquileres, prepagas y servicios - Nuevo Digital de Escobar","robots":{"index":"index","follow":"follow","max-snippet":"max-snippet:-1","max-image-preview":"max-image-preview:large","max-video-preview":"max-video-preview:-1"},"canonical":"https:\/\/nuevodigitaldeescobar.com.ar\/?p=22466","og_locale":"es_ES","og_type":"article","og_title":"Septiembre lleg\u00f3 con nuevos aumentos: cu\u00e1nto suben el transporte, alquileres, prepagas y servicios","og_description":"El noveno mes del a\u00f1o comenz\u00f3 con una nueva tanda de incrementos que impactar\u00e1 en los gastos de los hogares. Colectivos, trenes, colegios privados, prepagas, [&hellip;]","og_url":"https:\/\/nuevodigitaldeescobar.com.ar\/?p=22466","og_site_name":"Nuevo Digital de Escobar","article_publisher":"https:\/\/www.facebook.com\/NUEVODigitalDeEscobar","article_published_time":"2026-09-02T14:05:41+00:00","article_modified_time":"2026-09-02T14:05:43+00:00","og_image":[{"width":720,"height":462,"url":"https:\/\/nuevodigitaldeescobar.com.ar\/wp-content\/uploads\/2024\/07\/colectivo-transporte-e1721864258782.jpg","type":"image\/jpeg"}],"author":"Redacci\u00f3n","twitter_card":"summary_large_image","twitter_creator":"@nuevodigescobar","twitter_site":"@nuevodigescobar","twitter_misc":{"Escrito por":"Redacci\u00f3n","Tiempo de lectura":"3 minutos"},"schema":{"@context":"https:\/\/schema.org","@graph":[{"@type":"Article","@id":"https:\/\/nuevodigitaldeescobar.com.ar\/?p=22466#article","isPartOf":{"@id":"https:\/\/nuevodigitaldeescobar.com.ar\/?p=22466"},"author":{"name":"Redacci\u00f3n","@id":"https:\/\/nuevodigitaldeescobar.com.ar\/#\/schema\/person\/035e90a8efe9a80e6eec22656ad6ea4c"},"headline":"Septiembre lleg\u00f3 con nuevos aumentos: cu\u00e1nto suben el transporte, alquileres, prepagas y servicios","datePublished":"2026-09-02T14:05:41+00:00","dateModified":"2026-09-02T14:05:43+00:00","mainEntityOfPage":{"@id":"https:\/\/nuevodigitaldeescobar.com.ar\/?p=22466"},"wordCount":607,"commentCount":0,"publisher":{"@id":"https:\/\/nuevodigitaldeescobar.com.ar\/#organization"},"image":{"@id":"https:\/\/nuevodigitaldeescobar.com.ar\/?p=22466#primaryimage"},"thumbnailUrl":"https:\/\/nuevodigitaldeescobar.com.ar\/wp-content\/uploads\/2024\/01\/colectivos-transporte-e1706055078590.jpg","articleSection":["Inter\u00e9s general"],"inLanguage":"es","potentialAction":[{"@type":"CommentAction","name":"Comment","target":["https:\/\/nuevodigitaldeescobar.com.ar\/?p=22466#respond"]}]},{"@type":"WebPage","@id":"https:\/\/nuevodigitaldeescobar.com.ar\/?p=22466","url":"https:\/\/nuevodigitaldeescobar.com.ar\/?p=22466","name":"Septiembre lleg\u00f3 con nuevos aumentos: cu\u00e1nto suben el transporte, alquileres, prepagas y servicios - Nuevo Digital de Escobar","isPartOf":{"@id":"https:\/\/nuevodigitaldeescobar.com.ar\/#website"},"primaryImageOfPage":{"@id":"https:\/\/nuevodigitaldeescobar.com.ar\/?p=22466#primaryimage"},"image":{"@id":"https:\/\/nuevodigitaldeescobar.com.ar\/?p=22466#primaryimage"},"thumbnailUrl":"https:\/\/nuevodigitaldeescobar.com.ar\/wp-content\/uploads\/2024\/01\/colectivos-transporte-e1706055078590.jpg","datePublished":"2026-09-02T14:05:41+00:00","dateModified":"2026-09-02T14:05:43+00:00","breadcrumb":{"@id":"https:\/\/nuevodigitaldeescobar.com.ar\/?p=22466#breadcrumb"},"inLanguage":"es","potentialAction":[{"@type":"ReadAction","target":["https:\/\/nuevodigitaldeescobar.com.ar\/?p=22466"]}]},{"@type":"ImageObject","inLanguage":"es","@id":"https:\/\/nuevodigitaldeescobar.com.ar\/?p=22466#primaryimage","url":"https:\/\/nuevodigitaldeescobar.com.ar\/wp-content\/uploads\/2024\/01\/colectivos-transporte-e1706055078590.jpg","contentUrl":"https:\/\/nuevodigitaldeescobar.com.ar\/wp-content\/uploads\/2024\/01\/colectivos-transporte-e1706055078590.jpg","width":720,"height":405},{"@type":"BreadcrumbList","@id":"https:\/\/nuevodigitaldeescobar.com.ar\/?p=22466#breadcrumb","itemListElement":[{"@type":"ListItem","position":1,"name":"Portada","item":"https:\/\/nuevodigitaldeescobar.com.ar\/"},{"@type":"ListItem","position":2,"name":"Septiembre lleg\u00f3 con nuevos aumentos: cu\u00e1nto suben el transporte, alquileres, prepagas y servicios"}]},{"@type":"WebSite","@id":"https:\/\/nuevodigitaldeescobar.com.ar\/#website","url":"https:\/\/nuevodigitaldeescobar.com.ar\/","name":"Nuevo Digital de Escobar","description":"La vida escobarense. Directora: Rosana Brunner","publisher":{"@id":"https:\/\/nuevodigitaldeescobar.com.ar\/#organization"},"potentialAction":[{"@type":"SearchAction","target":{"@type":"EntryPoint","urlTemplate":"https:\/\/nuevodigitaldeescobar.com.ar\/?s={search_term_string}"},"query-input":{"@type":"PropertyValueSpecification","valueRequired":true,"valueName":"search_term_string"}}],"inLanguage":"es"},{"@type":"Organization","@id":"https:\/\/nuevodigitaldeescobar.com.ar\/#organization","name":"Nuevo Digital de Escobar","url":"https:\/\/nuevodigitaldeescobar.com.ar\/","logo":{"@type":"ImageObject","inLanguage":"es","@id":"https:\/\/nuevodigitaldeescobar.com.ar\/#\/schema\/logo\/image\/","url":"https:\/\/nuevodigitaldeescobar.com.ar\/wp-content\/uploads\/2025\/05\/cropped-logo-nuevo2.jpg","contentUrl":"https:\/\/nuevodigitaldeescobar.com.ar\/wp-content\/uploads\/2025\/05\/cropped-logo-nuevo2.jpg","width":305,"height":305,"caption":"Nuevo Digital de Escobar"},"image":{"@id":"https:\/\/nuevodigitaldeescobar.com.ar\/#\/schema\/logo\/image\/"},"sameAs":["https:\/\/www.facebook.com\/NUEVODigitalDeEscobar","https:\/\/x.com\/nuevodigescobar","https:\/\/www.instagram.com\/nuevodigitaldeescobar"]},{"@type":"Person","@id":"https:\/\/nuevodigitaldeescobar.com.ar\/#\/schema\/person\/035e90a8efe9a80e6eec22656ad6ea4c","name":"Redacci\u00f3n","image":{"@type":"ImageObject","inLanguage":"es","@id":"https:\/\/secure.gravatar.com\/avatar\/8af8f40000c24e9eef3034f2be5998a372bb1389e64b1a4a36b3a7979142220d?s=96&d=mm&r=g","url":"https:\/\/secure.gravatar.com\/avatar\/8af8f40000c24e9eef3034f2be5998a372bb1389e64b1a4a36b3a7979142220d?s=96&d=mm&r=g","contentUrl":"https:\/\/secure.gravatar.com\/avatar\/8af8f40000c24e9eef3034f2be5998a372bb1389e64b1a4a36b3a7979142220d?s=96&d=mm&r=g","caption":"Redacci\u00f3n"},"sameAs":["http:\/\/nuevodigitaldeescobar.com.ar"],"url":"https:\/\/nuevodigitaldeescobar.com.ar\/?author=1"}]}},"featured_image_urls":{"full":["https:\/\/nuevodigitaldeescobar.com.ar\/wp-content\/uploads\/2024\/01\/colectivos-transporte-e1706055078590.jpg",720,405,false],"thumbnail":["https:\/\/nuevodigitaldeescobar.com.ar\/wp-content\/uploads\/2024\/01\/colectivos-transporte-150x150.jpg",150,150,true],"medium":["https:\/\/nuevodigitaldeescobar.com.ar\/wp-content\/uploads\/2024\/01\/colectivos-transporte-300x169.jpg",300,169,true],"medium_large":["https:\/\/nuevodigitaldeescobar.com.ar\/wp-content\/uploads\/2024\/01\/colectivos-transporte-e1706055078590.jpg",640,360,false],"large":["https:\/\/nuevodigitaldeescobar.com.ar\/wp-content\/uploads\/2024\/01\/colectivos-transporte-e1706055078590.jpg",640,360,false],"1536x1536":["https:\/\/nuevodigitaldeescobar.com.ar\/wp-content\/uploads\/2024\/01\/colectivos-transporte-e1706055078590.jpg",720,405,false],"2048x2048":["https:\/\/nuevodigitaldeescobar.com.ar\/wp-content\/uploads\/2024\/01\/colectivos-transporte-e1706055078590.jpg",720,405,false]},"author_info":{"display_name":"Redacci\u00f3n","author_link":"https:\/\/nuevodigitaldeescobar.com.ar\/?author=1"},"category_info":"<a href=\"https:\/\/nuevodigitaldeescobar.com.ar\/?cat=7\" rel=\"category\">Inter\u00e9s general<\/a>","tag_info":"Inter\u00e9s general","comment_count":"0","_links":{"self":[{"href":"https:\/\/nuevodigitaldeescobar.com.ar\/index.php?rest_route=\/wp\/v2\/posts\/22466","targetHints":{"allow":["GET"]}}],"collection":[{"href":"https:\/\/nuevodigitaldeescobar.com.ar\/index.php?rest_route=\/wp\/v2\/posts"}],"about":[{"href":"https:\/\/nuevodigitaldeescobar.com.ar\/index.php?rest_route=\/wp\/v2\/types\/post"}],"author":[{"embeddable":true,"href":"https:\/\/nuevodigitaldeescobar.com.ar\/index.php?rest_route=\/wp\/v2\/users\/1"}],"replies":[{"embeddable":true,"href":"https:\/\/nuevodigitaldeescobar.com.ar\/index.php?rest_route=%2Fwp%2Fv2%2Fcomments&post=22466"}],"version-history":[{"count":1,"href":"https:\/\/nuevodigitaldeescobar.com.ar\/index.php?rest_route=\/wp\/v2\/posts\/22466\/revisions"}],"predecessor-version":[{"id":22467,"href":"https:\/\/nuevodigitaldeescobar.com.ar\/index.php?rest_route=\/wp\/v2\/posts\/22466\/revisions\/22467"}],"wp:featuredmedia":[{"embeddable":true,"href":"https:\/\/nuevodigitaldeescobar.com.ar\/index.php?rest_route=\/wp\/v2\/media\/2828"}],"wp:attachment":[{"href":"https:\/\/nuevodigitaldeescobar.com.ar\/index.php?rest_route=%2Fwp%2Fv2%2Fmedia&parent=22466"}],"wp:term":[{"taxonomy":"category","embeddable":true,"href":"https:\/\/nuevodigitaldeescobar.com.ar\/index.php?rest_route=%2Fwp%2Fv2%2Fcategories&post=22466"},{"taxonomy":"post_tag","embeddable":true,"href":"https:\/\/nuevodigitaldeescobar.com.ar\/index.php?rest_route=%2Fwp%2Fv2%2Ftags&post=22466"}],"curies":[{"name":"wp","href":"https:\/\/api.w.org\/{rel}","templated":true}]}}