{"id":22482,"date":"2026-09-03T18:28:00","date_gmt":"2026-09-03T21:28:00","guid":{"rendered":"https:\/\/nuevodigitaldeescobar.com.ar\/?p=22482"},"modified":"2026-09-03T18:28:01","modified_gmt":"2026-09-03T21:28:01","slug":"el-cierre-del-puente-garin-genera-demoras-en-el-curvon-y-mayor-transito-en-maschwitz","status":"publish","type":"post","link":"https:\/\/nuevodigitaldeescobar.com.ar\/?p=22482","title":{"rendered":"El cierre del Puente Gar\u00edn genera demoras en el Curv\u00f3n y mayor tr\u00e1nsito en Maschwitz"},"content":{"rendered":"\n<p>El cierre total del Puente Gar\u00edn, en el kil\u00f3metro 39 del Ramal Campana del Acceso Norte, contin\u00faa generando complicaciones para quienes circulan por la zona y se espera que el impacto se mantenga durante las pr\u00f3ximas semanas.<\/p>\n\n\n\n<!--more-->\n\n\n\n<p>El puente que conecta las calles Belgrano, en Escobar, y Chilavert, en Tigre, permanece cerrado al tr\u00e1nsito vehicular en ambos sentidos debido a trabajos de mantenimiento estructural que, seg\u00fan inform\u00f3 Autopistas del Sol, demandar\u00e1n aproximadamente 30 d\u00edas.<\/p>\n\n\n\n<p>Una de las zonas que m\u00e1s est\u00e1 sintiendo el impacto es <strong>el Curv\u00f3n de Benav\u00eddez\/Gar\u00edn<\/strong>, donde el incremento del flujo vehicular provoca importantes demoras, especialmente en los horarios de mayor circulaci\u00f3n.<\/p>\n\n\n\n<p>Pero las complicaciones no se limitan a ese sector. <strong>En Ingeniero Maschwitz tambi\u00e9n se registra mayor presencia de veh\u00edculos<\/strong>, producto de los recorridos alternativos utilizados para cruzar la autopista y evitar el puente cerrado.<\/p>\n\n\n\n<p>Como alternativa, Autopistas del Sol recomienda utilizar el cruce de <strong>avenida J. D. Per\u00f3n\/Santiago del Estero, a la altura del kil\u00f3metro 40<\/strong>, lo que deriva parte del tr\u00e1nsito hacia los accesos y calles de la zona.<\/p>\n\n\n\n<p>La empresa inform\u00f3 que el <strong>paso peatonal permanece habilitado<\/strong> y que las paradas de colectivos contin\u00faan funcionando con normalidad.<\/p>\n\n\n\n<p>Mientras duren las obras, se recomienda a los conductores <strong>planificar los recorridos con anticipaci\u00f3n, circular con precauci\u00f3n y respetar la carteler\u00eda preventiva y las indicaciones del personal apostado en la zona<\/strong>.<\/p>\n\n\n\n<p>El cierre se mantendr\u00e1 por un per\u00edodo m\u00ednimo estimado de 30 d\u00edas, por lo que el impacto sobre la circulaci\u00f3n podr\u00eda continuar durante las pr\u00f3ximas semanas.<\/p>\n\n\n\n<p><\/p>\n","protected":false},"excerpt":{"rendered":"<p>El cierre total del Puente Gar\u00edn, en el kil\u00f3metro 39 del Ramal Campana del Acceso Norte, contin\u00faa generando complicaciones para quienes circulan por la zona [&hellip;]<\/p>\n","protected":false},"author":1,"featured_media":22483,"comment_status":"open","ping_status":"open","sticky":false,"template":"","format":"standard","meta":{"footnotes":""},"categories":[7],"tags":[],"class_list":["post-22482","post","type-post","status-publish","format-standard","has-post-thumbnail","hentry","category-interes-general"],"yoast_head":"<!-- This site is optimized with the Yoast SEO plugin v28.1 - https:\/\/yoast.com\/product\/yoast-seo-wordpress\/ -->\n<title>El cierre del Puente Gar\u00edn genera demoras en el Curv\u00f3n y mayor tr\u00e1nsito en Maschwitz - Nuevo Digital de Escobar<\/title>\n<meta name=\"description\" content=\"El cierre se mantendr\u00e1 por un per\u00edodo m\u00ednimo estimado de 30 d\u00edas, por lo que el impacto sobre la circulaci\u00f3n podr\u00eda continuar durante las pr\u00f3ximas semanas.\" \/>\n<meta name=\"robots\" content=\"index, follow, max-snippet:-1, max-image-preview:large, max-video-preview:-1\" \/>\n<link rel=\"canonical\" href=\"https:\/\/nuevodigitaldeescobar.com.ar\/?p=22482\" \/>\n<meta property=\"og:locale\" content=\"es_ES\" \/>\n<meta property=\"og:type\" content=\"article\" \/>\n<meta property=\"og:title\" content=\"El cierre del Puente Gar\u00edn genera demoras en el Curv\u00f3n y mayor tr\u00e1nsito en Maschwitz\" \/>\n<meta property=\"og:description\" content=\"El cierre se mantendr\u00e1 por un per\u00edodo m\u00ednimo estimado de 30 d\u00edas, por lo que el impacto sobre la circulaci\u00f3n podr\u00eda continuar durante las pr\u00f3ximas semanas.\" \/>\n<meta property=\"og:url\" content=\"https:\/\/nuevodigitaldeescobar.com.ar\/?p=22482\" \/>\n<meta property=\"og:site_name\" content=\"Nuevo Digital de Escobar\" \/>\n<meta property=\"article:publisher\" content=\"https:\/\/www.facebook.com\/NUEVODigitalDeEscobar\" \/>\n<meta property=\"article:published_time\" content=\"2026-09-03T21:28:00+00:00\" \/>\n<meta property=\"article:modified_time\" content=\"2026-09-03T21:28:01+00:00\" \/>\n<meta property=\"og:image\" content=\"https:\/\/nuevodigitaldeescobar.com.ar\/wp-content\/uploads\/2026\/09\/9103f346-e964-4163-bed6-c37770e8c20f-e1788470825608-1024x626.png\" \/>\n\t<meta property=\"og:image:width\" content=\"1024\" \/>\n\t<meta property=\"og:image:height\" content=\"626\" \/>\n\t<meta property=\"og:image:type\" content=\"image\/png\" \/>\n<meta name=\"author\" content=\"Redacci\u00f3n\" \/>\n<meta name=\"twitter:card\" content=\"summary_large_image\" \/>\n<meta name=\"twitter:creator\" content=\"@nuevodigescobar\" \/>\n<meta name=\"twitter:site\" content=\"@nuevodigescobar\" \/>\n<meta name=\"twitter:label1\" content=\"Escrito por\" \/>\n\t<meta name=\"twitter:data1\" content=\"Redacci\u00f3n\" \/>\n\t<meta name=\"twitter:label2\" content=\"Tiempo de lectura\" \/>\n\t<meta name=\"twitter:data2\" content=\"2 minutos\" \/>\n<script type=\"application\/ld+json\" class=\"yoast-schema-graph\">{\"@context\":\"https:\\\/\\\/schema.org\",\"@graph\":[{\"@type\":\"Article\",\"@id\":\"https:\\\/\\\/nuevodigitaldeescobar.com.ar\\\/?p=22482#article\",\"isPartOf\":{\"@id\":\"https:\\\/\\\/nuevodigitaldeescobar.com.ar\\\/?p=22482\"},\"author\":{\"name\":\"Redacci\u00f3n\",\"@id\":\"https:\\\/\\\/nuevodigitaldeescobar.com.ar\\\/#\\\/schema\\\/person\\\/035e90a8efe9a80e6eec22656ad6ea4c\"},\"headline\":\"El cierre del Puente Gar\u00edn genera demoras en el Curv\u00f3n y mayor tr\u00e1nsito en Maschwitz\",\"datePublished\":\"2026-09-03T21:28:00+00:00\",\"dateModified\":\"2026-09-03T21:28:01+00:00\",\"mainEntityOfPage\":{\"@id\":\"https:\\\/\\\/nuevodigitaldeescobar.com.ar\\\/?p=22482\"},\"wordCount\":295,\"commentCount\":0,\"publisher\":{\"@id\":\"https:\\\/\\\/nuevodigitaldeescobar.com.ar\\\/#organization\"},\"image\":{\"@id\":\"https:\\\/\\\/nuevodigitaldeescobar.com.ar\\\/?p=22482#primaryimage\"},\"thumbnailUrl\":\"https:\\\/\\\/nuevodigitaldeescobar.com.ar\\\/wp-content\\\/uploads\\\/2026\\\/09\\\/9103f346-e964-4163-bed6-c37770e8c20f-e1788470825608.png\",\"articleSection\":[\"Inter\u00e9s general\"],\"inLanguage\":\"es\",\"potentialAction\":[{\"@type\":\"CommentAction\",\"name\":\"Comment\",\"target\":[\"https:\\\/\\\/nuevodigitaldeescobar.com.ar\\\/?p=22482#respond\"]}]},{\"@type\":\"WebPage\",\"@id\":\"https:\\\/\\\/nuevodigitaldeescobar.com.ar\\\/?p=22482\",\"url\":\"https:\\\/\\\/nuevodigitaldeescobar.com.ar\\\/?p=22482\",\"name\":\"El cierre del Puente Gar\u00edn genera demoras en el Curv\u00f3n y mayor tr\u00e1nsito en Maschwitz - Nuevo Digital de Escobar\",\"isPartOf\":{\"@id\":\"https:\\\/\\\/nuevodigitaldeescobar.com.ar\\\/#website\"},\"primaryImageOfPage\":{\"@id\":\"https:\\\/\\\/nuevodigitaldeescobar.com.ar\\\/?p=22482#primaryimage\"},\"image\":{\"@id\":\"https:\\\/\\\/nuevodigitaldeescobar.com.ar\\\/?p=22482#primaryimage\"},\"thumbnailUrl\":\"https:\\\/\\\/nuevodigitaldeescobar.com.ar\\\/wp-content\\\/uploads\\\/2026\\\/09\\\/9103f346-e964-4163-bed6-c37770e8c20f-e1788470825608.png\",\"datePublished\":\"2026-09-03T21:28:00+00:00\",\"dateModified\":\"2026-09-03T21:28:01+00:00\",\"description\":\"El cierre se mantendr\u00e1 por un per\u00edodo m\u00ednimo estimado de 30 d\u00edas, por lo que el impacto sobre la circulaci\u00f3n podr\u00eda continuar durante las pr\u00f3ximas semanas.\",\"breadcrumb\":{\"@id\":\"https:\\\/\\\/nuevodigitaldeescobar.com.ar\\\/?p=22482#breadcrumb\"},\"inLanguage\":\"es\",\"potentialAction\":[{\"@type\":\"ReadAction\",\"target\":[\"https:\\\/\\\/nuevodigitaldeescobar.com.ar\\\/?p=22482\"]}]},{\"@type\":\"ImageObject\",\"inLanguage\":\"es\",\"@id\":\"https:\\\/\\\/nuevodigitaldeescobar.com.ar\\\/?p=22482#primaryimage\",\"url\":\"https:\\\/\\\/nuevodigitaldeescobar.com.ar\\\/wp-content\\\/uploads\\\/2026\\\/09\\\/9103f346-e964-4163-bed6-c37770e8c20f-e1788470825608.png\",\"contentUrl\":\"https:\\\/\\\/nuevodigitaldeescobar.com.ar\\\/wp-content\\\/uploads\\\/2026\\\/09\\\/9103f346-e964-4163-bed6-c37770e8c20f-e1788470825608.png\",\"width\":1254,\"height\":767},{\"@type\":\"BreadcrumbList\",\"@id\":\"https:\\\/\\\/nuevodigitaldeescobar.com.ar\\\/?p=22482#breadcrumb\",\"itemListElement\":[{\"@type\":\"ListItem\",\"position\":1,\"name\":\"Portada\",\"item\":\"https:\\\/\\\/nuevodigitaldeescobar.com.ar\\\/\"},{\"@type\":\"ListItem\",\"position\":2,\"name\":\"El cierre del Puente Gar\u00edn genera demoras en el Curv\u00f3n y mayor tr\u00e1nsito en Maschwitz\"}]},{\"@type\":\"WebSite\",\"@id\":\"https:\\\/\\\/nuevodigitaldeescobar.com.ar\\\/#website\",\"url\":\"https:\\\/\\\/nuevodigitaldeescobar.com.ar\\\/\",\"name\":\"Nuevo Digital de Escobar\",\"description\":\"La vida escobarense. Directora: Rosana Brunner\",\"publisher\":{\"@id\":\"https:\\\/\\\/nuevodigitaldeescobar.com.ar\\\/#organization\"},\"potentialAction\":[{\"@type\":\"SearchAction\",\"target\":{\"@type\":\"EntryPoint\",\"urlTemplate\":\"https:\\\/\\\/nuevodigitaldeescobar.com.ar\\\/?s={search_term_string}\"},\"query-input\":{\"@type\":\"PropertyValueSpecification\",\"valueRequired\":true,\"valueName\":\"search_term_string\"}}],\"inLanguage\":\"es\"},{\"@type\":\"Organization\",\"@id\":\"https:\\\/\\\/nuevodigitaldeescobar.com.ar\\\/#organization\",\"name\":\"Nuevo Digital de Escobar\",\"url\":\"https:\\\/\\\/nuevodigitaldeescobar.com.ar\\\/\",\"logo\":{\"@type\":\"ImageObject\",\"inLanguage\":\"es\",\"@id\":\"https:\\\/\\\/nuevodigitaldeescobar.com.ar\\\/#\\\/schema\\\/logo\\\/image\\\/\",\"url\":\"https:\\\/\\\/nuevodigitaldeescobar.com.ar\\\/wp-content\\\/uploads\\\/2025\\\/05\\\/cropped-logo-nuevo2.jpg\",\"contentUrl\":\"https:\\\/\\\/nuevodigitaldeescobar.com.ar\\\/wp-content\\\/uploads\\\/2025\\\/05\\\/cropped-logo-nuevo2.jpg\",\"width\":305,\"height\":305,\"caption\":\"Nuevo Digital de Escobar\"},\"image\":{\"@id\":\"https:\\\/\\\/nuevodigitaldeescobar.com.ar\\\/#\\\/schema\\\/logo\\\/image\\\/\"},\"sameAs\":[\"https:\\\/\\\/www.facebook.com\\\/NUEVODigitalDeEscobar\",\"https:\\\/\\\/x.com\\\/nuevodigescobar\",\"https:\\\/\\\/www.instagram.com\\\/nuevodigitaldeescobar\"]},{\"@type\":\"Person\",\"@id\":\"https:\\\/\\\/nuevodigitaldeescobar.com.ar\\\/#\\\/schema\\\/person\\\/035e90a8efe9a80e6eec22656ad6ea4c\",\"name\":\"Redacci\u00f3n\",\"image\":{\"@type\":\"ImageObject\",\"inLanguage\":\"es\",\"@id\":\"https:\\\/\\\/secure.gravatar.com\\\/avatar\\\/8af8f40000c24e9eef3034f2be5998a372bb1389e64b1a4a36b3a7979142220d?s=96&d=mm&r=g\",\"url\":\"https:\\\/\\\/secure.gravatar.com\\\/avatar\\\/8af8f40000c24e9eef3034f2be5998a372bb1389e64b1a4a36b3a7979142220d?s=96&d=mm&r=g\",\"contentUrl\":\"https:\\\/\\\/secure.gravatar.com\\\/avatar\\\/8af8f40000c24e9eef3034f2be5998a372bb1389e64b1a4a36b3a7979142220d?s=96&d=mm&r=g\",\"caption\":\"Redacci\u00f3n\"},\"sameAs\":[\"http:\\\/\\\/nuevodigitaldeescobar.com.ar\"],\"url\":\"https:\\\/\\\/nuevodigitaldeescobar.com.ar\\\/?author=1\"}]}<\/script>\n<!-- \/ Yoast SEO plugin. -->","yoast_head_json":{"title":"El cierre del Puente Gar\u00edn genera demoras en el Curv\u00f3n y mayor tr\u00e1nsito en Maschwitz - Nuevo Digital de Escobar","description":"El cierre se mantendr\u00e1 por un per\u00edodo m\u00ednimo estimado de 30 d\u00edas, por lo que el impacto sobre la circulaci\u00f3n podr\u00eda continuar durante las pr\u00f3ximas semanas.","robots":{"index":"index","follow":"follow","max-snippet":"max-snippet:-1","max-image-preview":"max-image-preview:large","max-video-preview":"max-video-preview:-1"},"canonical":"https:\/\/nuevodigitaldeescobar.com.ar\/?p=22482","og_locale":"es_ES","og_type":"article","og_title":"El cierre del Puente Gar\u00edn genera demoras en el Curv\u00f3n y mayor tr\u00e1nsito en Maschwitz","og_description":"El cierre se mantendr\u00e1 por un per\u00edodo m\u00ednimo estimado de 30 d\u00edas, por lo que el impacto sobre la circulaci\u00f3n podr\u00eda continuar durante las pr\u00f3ximas semanas.","og_url":"https:\/\/nuevodigitaldeescobar.com.ar\/?p=22482","og_site_name":"Nuevo Digital de Escobar","article_publisher":"https:\/\/www.facebook.com\/NUEVODigitalDeEscobar","article_published_time":"2026-09-03T21:28:00+00:00","article_modified_time":"2026-09-03T21:28:01+00:00","og_image":[{"width":1024,"height":626,"url":"https:\/\/nuevodigitaldeescobar.com.ar\/wp-content\/uploads\/2026\/09\/9103f346-e964-4163-bed6-c37770e8c20f-e1788470825608-1024x626.png","type":"image\/png"}],"author":"Redacci\u00f3n","twitter_card":"summary_large_image","twitter_creator":"@nuevodigescobar","twitter_site":"@nuevodigescobar","twitter_misc":{"Escrito por":"Redacci\u00f3n","Tiempo de lectura":"2 minutos"},"schema":{"@context":"https:\/\/schema.org","@graph":[{"@type":"Article","@id":"https:\/\/nuevodigitaldeescobar.com.ar\/?p=22482#article","isPartOf":{"@id":"https:\/\/nuevodigitaldeescobar.com.ar\/?p=22482"},"author":{"name":"Redacci\u00f3n","@id":"https:\/\/nuevodigitaldeescobar.com.ar\/#\/schema\/person\/035e90a8efe9a80e6eec22656ad6ea4c"},"headline":"El cierre del Puente Gar\u00edn genera demoras en el Curv\u00f3n y mayor tr\u00e1nsito en Maschwitz","datePublished":"2026-09-03T21:28:00+00:00","dateModified":"2026-09-03T21:28:01+00:00","mainEntityOfPage":{"@id":"https:\/\/nuevodigitaldeescobar.com.ar\/?p=22482"},"wordCount":295,"commentCount":0,"publisher":{"@id":"https:\/\/nuevodigitaldeescobar.com.ar\/#organization"},"image":{"@id":"https:\/\/nuevodigitaldeescobar.com.ar\/?p=22482#primaryimage"},"thumbnailUrl":"https:\/\/nuevodigitaldeescobar.com.ar\/wp-content\/uploads\/2026\/09\/9103f346-e964-4163-bed6-c37770e8c20f-e1788470825608.png","articleSection":["Inter\u00e9s general"],"inLanguage":"es","potentialAction":[{"@type":"CommentAction","name":"Comment","target":["https:\/\/nuevodigitaldeescobar.com.ar\/?p=22482#respond"]}]},{"@type":"WebPage","@id":"https:\/\/nuevodigitaldeescobar.com.ar\/?p=22482","url":"https:\/\/nuevodigitaldeescobar.com.ar\/?p=22482","name":"El cierre del Puente Gar\u00edn genera demoras en el Curv\u00f3n y mayor tr\u00e1nsito en Maschwitz - Nuevo Digital de Escobar","isPartOf":{"@id":"https:\/\/nuevodigitaldeescobar.com.ar\/#website"},"primaryImageOfPage":{"@id":"https:\/\/nuevodigitaldeescobar.com.ar\/?p=22482#primaryimage"},"image":{"@id":"https:\/\/nuevodigitaldeescobar.com.ar\/?p=22482#primaryimage"},"thumbnailUrl":"https:\/\/nuevodigitaldeescobar.com.ar\/wp-content\/uploads\/2026\/09\/9103f346-e964-4163-bed6-c37770e8c20f-e1788470825608.png","datePublished":"2026-09-03T21:28:00+00:00","dateModified":"2026-09-03T21:28:01+00:00","description":"El cierre se mantendr\u00e1 por un per\u00edodo m\u00ednimo estimado de 30 d\u00edas, por lo que el impacto sobre la circulaci\u00f3n podr\u00eda continuar durante las pr\u00f3ximas semanas.","breadcrumb":{"@id":"https:\/\/nuevodigitaldeescobar.com.ar\/?p=22482#breadcrumb"},"inLanguage":"es","potentialAction":[{"@type":"ReadAction","target":["https:\/\/nuevodigitaldeescobar.com.ar\/?p=22482"]}]},{"@type":"ImageObject","inLanguage":"es","@id":"https:\/\/nuevodigitaldeescobar.com.ar\/?p=22482#primaryimage","url":"https:\/\/nuevodigitaldeescobar.com.ar\/wp-content\/uploads\/2026\/09\/9103f346-e964-4163-bed6-c37770e8c20f-e1788470825608.png","contentUrl":"https:\/\/nuevodigitaldeescobar.com.ar\/wp-content\/uploads\/2026\/09\/9103f346-e964-4163-bed6-c37770e8c20f-e1788470825608.png","width":1254,"height":767},{"@type":"BreadcrumbList","@id":"https:\/\/nuevodigitaldeescobar.com.ar\/?p=22482#breadcrumb","itemListElement":[{"@type":"ListItem","position":1,"name":"Portada","item":"https:\/\/nuevodigitaldeescobar.com.ar\/"},{"@type":"ListItem","position":2,"name":"El cierre del Puente Gar\u00edn genera demoras en el Curv\u00f3n y mayor tr\u00e1nsito en Maschwitz"}]},{"@type":"WebSite","@id":"https:\/\/nuevodigitaldeescobar.com.ar\/#website","url":"https:\/\/nuevodigitaldeescobar.com.ar\/","name":"Nuevo Digital de Escobar","description":"La vida escobarense. Directora: Rosana Brunner","publisher":{"@id":"https:\/\/nuevodigitaldeescobar.com.ar\/#organization"},"potentialAction":[{"@type":"SearchAction","target":{"@type":"EntryPoint","urlTemplate":"https:\/\/nuevodigitaldeescobar.com.ar\/?s={search_term_string}"},"query-input":{"@type":"PropertyValueSpecification","valueRequired":true,"valueName":"search_term_string"}}],"inLanguage":"es"},{"@type":"Organization","@id":"https:\/\/nuevodigitaldeescobar.com.ar\/#organization","name":"Nuevo Digital de Escobar","url":"https:\/\/nuevodigitaldeescobar.com.ar\/","logo":{"@type":"ImageObject","inLanguage":"es","@id":"https:\/\/nuevodigitaldeescobar.com.ar\/#\/schema\/logo\/image\/","url":"https:\/\/nuevodigitaldeescobar.com.ar\/wp-content\/uploads\/2025\/05\/cropped-logo-nuevo2.jpg","contentUrl":"https:\/\/nuevodigitaldeescobar.com.ar\/wp-content\/uploads\/2025\/05\/cropped-logo-nuevo2.jpg","width":305,"height":305,"caption":"Nuevo Digital de Escobar"},"image":{"@id":"https:\/\/nuevodigitaldeescobar.com.ar\/#\/schema\/logo\/image\/"},"sameAs":["https:\/\/www.facebook.com\/NUEVODigitalDeEscobar","https:\/\/x.com\/nuevodigescobar","https:\/\/www.instagram.com\/nuevodigitaldeescobar"]},{"@type":"Person","@id":"https:\/\/nuevodigitaldeescobar.com.ar\/#\/schema\/person\/035e90a8efe9a80e6eec22656ad6ea4c","name":"Redacci\u00f3n","image":{"@type":"ImageObject","inLanguage":"es","@id":"https:\/\/secure.gravatar.com\/avatar\/8af8f40000c24e9eef3034f2be5998a372bb1389e64b1a4a36b3a7979142220d?s=96&d=mm&r=g","url":"https:\/\/secure.gravatar.com\/avatar\/8af8f40000c24e9eef3034f2be5998a372bb1389e64b1a4a36b3a7979142220d?s=96&d=mm&r=g","contentUrl":"https:\/\/secure.gravatar.com\/avatar\/8af8f40000c24e9eef3034f2be5998a372bb1389e64b1a4a36b3a7979142220d?s=96&d=mm&r=g","caption":"Redacci\u00f3n"},"sameAs":["http:\/\/nuevodigitaldeescobar.com.ar"],"url":"https:\/\/nuevodigitaldeescobar.com.ar\/?author=1"}]}},"featured_image_urls":{"full":["https:\/\/nuevodigitaldeescobar.com.ar\/wp-content\/uploads\/2026\/09\/9103f346-e964-4163-bed6-c37770e8c20f-e1788470825608.png",1254,767,false],"thumbnail":["https:\/\/nuevodigitaldeescobar.com.ar\/wp-content\/uploads\/2026\/09\/9103f346-e964-4163-bed6-c37770e8c20f-e1788470825608-150x150.png",150,150,true],"medium":["https:\/\/nuevodigitaldeescobar.com.ar\/wp-content\/uploads\/2026\/09\/9103f346-e964-4163-bed6-c37770e8c20f-e1788470825608-300x183.png",300,183,true],"medium_large":["https:\/\/nuevodigitaldeescobar.com.ar\/wp-content\/uploads\/2026\/09\/9103f346-e964-4163-bed6-c37770e8c20f-e1788470825608-768x470.png",640,392,true],"large":["https:\/\/nuevodigitaldeescobar.com.ar\/wp-content\/uploads\/2026\/09\/9103f346-e964-4163-bed6-c37770e8c20f-e1788470825608-1024x626.png",640,391,true],"1536x1536":["https:\/\/nuevodigitaldeescobar.com.ar\/wp-content\/uploads\/2026\/09\/9103f346-e964-4163-bed6-c37770e8c20f-e1788470825608.png",1254,767,false],"2048x2048":["https:\/\/nuevodigitaldeescobar.com.ar\/wp-content\/uploads\/2026\/09\/9103f346-e964-4163-bed6-c37770e8c20f-e1788470825608.png",1254,767,false]},"author_info":{"display_name":"Redacci\u00f3n","author_link":"https:\/\/nuevodigitaldeescobar.com.ar\/?author=1"},"category_info":"<a href=\"https:\/\/nuevodigitaldeescobar.com.ar\/?cat=7\" rel=\"category\">Inter\u00e9s general<\/a>","tag_info":"Inter\u00e9s general","comment_count":"0","_links":{"self":[{"href":"https:\/\/nuevodigitaldeescobar.com.ar\/index.php?rest_route=\/wp\/v2\/posts\/22482","targetHints":{"allow":["GET"]}}],"collection":[{"href":"https:\/\/nuevodigitaldeescobar.com.ar\/index.php?rest_route=\/wp\/v2\/posts"}],"about":[{"href":"https:\/\/nuevodigitaldeescobar.com.ar\/index.php?rest_route=\/wp\/v2\/types\/post"}],"author":[{"embeddable":true,"href":"https:\/\/nuevodigitaldeescobar.com.ar\/index.php?rest_route=\/wp\/v2\/users\/1"}],"replies":[{"embeddable":true,"href":"https:\/\/nuevodigitaldeescobar.com.ar\/index.php?rest_route=%2Fwp%2Fv2%2Fcomments&post=22482"}],"version-history":[{"count":1,"href":"https:\/\/nuevodigitaldeescobar.com.ar\/index.php?rest_route=\/wp\/v2\/posts\/22482\/revisions"}],"predecessor-version":[{"id":22484,"href":"https:\/\/nuevodigitaldeescobar.com.ar\/index.php?rest_route=\/wp\/v2\/posts\/22482\/revisions\/22484"}],"wp:featuredmedia":[{"embeddable":true,"href":"https:\/\/nuevodigitaldeescobar.com.ar\/index.php?rest_route=\/wp\/v2\/media\/22483"}],"wp:attachment":[{"href":"https:\/\/nuevodigitaldeescobar.com.ar\/index.php?rest_route=%2Fwp%2Fv2%2Fmedia&parent=22482"}],"wp:term":[{"taxonomy":"category","embeddable":true,"href":"https:\/\/nuevodigitaldeescobar.com.ar\/index.php?rest_route=%2Fwp%2Fv2%2Fcategories&post=22482"},{"taxonomy":"post_tag","embeddable":true,"href":"https:\/\/nuevodigitaldeescobar.com.ar\/index.php?rest_route=%2Fwp%2Fv2%2Ftags&post=22482"}],"curies":[{"name":"wp","href":"https:\/\/api.w.org\/{rel}","templated":true}]}}