{"id":22488,"date":"2026-09-04T16:23:21","date_gmt":"2026-09-04T19:23:21","guid":{"rendered":"https:\/\/nuevodigitaldeescobar.com.ar\/?p=22488"},"modified":"2026-09-04T16:23:23","modified_gmt":"2026-09-04T19:23:23","slug":"283-nuevos-profesionales-se-incorporaron-a-la-region-sanitaria-v-el-hospital-erill-de-escobar-suma-residentes","status":"publish","type":"post","link":"https:\/\/nuevodigitaldeescobar.com.ar\/?p=22488","title":{"rendered":"283 nuevos profesionales se incorporaron a la Regi\u00f3n Sanitaria V: el Hospital Erill de Escobar suma residentes"},"content":{"rendered":"\n<p class=\"has-vivid-cyan-blue-color has-text-color has-link-color wp-elements-a8364b18686a40ef2141b4011ad6d60b\"><em><strong>El Ministerio de Salud bonaerense inform\u00f3 el ingreso de 1.793 residentes y pre-residentes al sistema sanitario provincial. En la Regi\u00f3n Sanitaria V fueron 283 los profesionales que comenzaron su formaci\u00f3n en hospitales y centros de salud de distintos municipios, entre ellos el Hospital Dr. Erill de Escobar.<\/strong><\/em><\/p>\n\n\n\n<!--more-->\n\n\n\n<p><\/p>\n\n\n\n<p>El sistema de salud bonaerense incorpor\u00f3 recientemente <strong>1.793 j\u00f3venes profesionales<\/strong> que, luego de rendir el Examen de Residencias del Equipo de Salud Bonaerense (ERES Bonaerense), eligieron hospitales y centros de salud de la provincia para continuar su formaci\u00f3n en distintas especialidades.<\/p>\n\n\n\n<p>En la <strong>Regi\u00f3n Sanitaria V<\/strong>, que incluye a Escobar y otros distritos del norte del \u00c1rea Metropolitana, se incorporaron <strong>283 profesionales<\/strong> a establecimientos provinciales y municipales.<\/p>\n\n\n\n<p>Entre los hospitales provinciales que recibieron nuevos residentes se encuentra el <strong>Hospital Provincial Dr. Enrique Erill de Escobar<\/strong>, uno de los principales establecimientos p\u00fablicos de referencia del distrito.<\/p>\n\n\n\n<p>La incorporaci\u00f3n forma parte de una pol\u00edtica de fortalecimiento de los equipos de salud mediante la formaci\u00f3n de nuevos profesionales en hospitales y centros sanitarios de la provincia.<\/p>\n\n\n\n<p>Adem\u00e1s del Erill, en la Regi\u00f3n Sanitaria V se sumaron residentes a los hospitales provinciales Dr. Cetr\u00e1ngolo de Vicente L\u00f3pez, Gobernador Domingo Mercante de Jos\u00e9 C. Paz, Virgen del Carmen de Z\u00e1rate, Petrona V. de Cordero de San Fernando, Magdalena V. de Mart\u00ednez de General Pacheco, Dr. Juan Ubaldo Carrea de Olivos y Eva Per\u00f3n y Manuel Belgrano de San Mart\u00edn.<\/p>\n\n\n\n<p>Tambi\u00e9n se adjudicaron cargos en distintos establecimientos municipales de Vicente L\u00f3pez, San Isidro, Tigre y San Mart\u00edn.<\/p>\n\n\n\n<p>El ministro de Salud bonaerense, <strong>Nicol\u00e1s Kreplak<\/strong>, destac\u00f3 la importancia de las residencias como instancia de formaci\u00f3n profesional y, al mismo tiempo, como una herramienta para fortalecer la atenci\u00f3n sanitaria.<\/p>\n\n\n\n<p>\u201cIncorporar residentes al sistema de salud es invertir en el futuro de la salud p\u00fablica\u201d, sostuvo el funcionario, al remarcar que los profesionales que ingresan a las residencias ya participan de la atenci\u00f3n de la poblaci\u00f3n mientras completan su formaci\u00f3n.<\/p>\n\n\n<div class=\"wp-block-image\">\n<figure class=\"aligncenter size-full\"><img fetchpriority=\"high\" decoding=\"async\" width=\"600\" height=\"400\" src=\"https:\/\/nuevodigitaldeescobar.com.ar\/wp-content\/uploads\/2026\/09\/56f6d4ff-30b6-4ee9-8d94-86c4f2e7c469.jpg\" alt=\"\" class=\"wp-image-22489\" srcset=\"https:\/\/nuevodigitaldeescobar.com.ar\/wp-content\/uploads\/2026\/09\/56f6d4ff-30b6-4ee9-8d94-86c4f2e7c469.jpg 600w, https:\/\/nuevodigitaldeescobar.com.ar\/wp-content\/uploads\/2026\/09\/56f6d4ff-30b6-4ee9-8d94-86c4f2e7c469-300x200.jpg 300w\" sizes=\"(max-width: 600px) 100vw, 600px\" \/><\/figure><\/div>\n\n\n<p>Desde la cartera sanitaria se\u00f1alaron que el ingreso de residentes y pre-residentes permitir\u00e1 <strong>fortalecer los equipos de salud y ampliar la capacidad de atenci\u00f3n<\/strong> en los distintos establecimientos de la Regi\u00f3n Sanitaria V.<\/p>\n\n\n\n<p>En el caso de Escobar, la incorporaci\u00f3n de nuevos profesionales al <strong>Hospital Erill<\/strong> se suma al funcionamiento de uno de los principales centros hospitalarios p\u00fablicos del distrito, que recibe pacientes de Escobar y de localidades de la regi\u00f3n.<\/p>\n","protected":false},"excerpt":{"rendered":"<p>El Ministerio de Salud bonaerense inform\u00f3 el ingreso de 1.793 residentes y pre-residentes al sistema sanitario provincial. En la Regi\u00f3n Sanitaria V fueron 283 los [&hellip;]<\/p>\n","protected":false},"author":1,"featured_media":13157,"comment_status":"open","ping_status":"open","sticky":false,"template":"","format":"standard","meta":{"footnotes":""},"categories":[3],"tags":[],"class_list":["post-22488","post","type-post","status-publish","format-standard","has-post-thumbnail","hentry","category-nutricion"],"yoast_head":"<!-- This site is optimized with the Yoast SEO plugin v28.1 - https:\/\/yoast.com\/product\/yoast-seo-wordpress\/ -->\n<title>283 nuevos profesionales se incorporaron a la Regi\u00f3n Sanitaria V: el Hospital Erill de Escobar suma residentes - Nuevo Digital de Escobar<\/title>\n<meta name=\"description\" content=\"El Ministerio de Salud bonaerense inform\u00f3 el ingreso de 1.793 residentes y pre-residentes al sistema sanitario provincial. En la Regi\u00f3n Sanitaria V fueron 283 los profesionales que comenzaron su formaci\u00f3n en hospitales y centros de salud de distintos municipios, entre ellos el Hospital Dr. Erill de Escobar.\" \/>\n<meta name=\"robots\" content=\"index, follow, max-snippet:-1, max-image-preview:large, max-video-preview:-1\" \/>\n<link rel=\"canonical\" href=\"https:\/\/nuevodigitaldeescobar.com.ar\/?p=22488\" \/>\n<meta property=\"og:locale\" content=\"es_ES\" \/>\n<meta property=\"og:type\" content=\"article\" \/>\n<meta property=\"og:title\" content=\"283 nuevos profesionales se incorporaron a la Regi\u00f3n Sanitaria V: el Hospital Erill de Escobar suma residentes\" \/>\n<meta property=\"og:description\" content=\"El Ministerio de Salud bonaerense inform\u00f3 el ingreso de 1.793 residentes y pre-residentes al sistema sanitario provincial. En la Regi\u00f3n Sanitaria V fueron 283 los profesionales que comenzaron su formaci\u00f3n en hospitales y centros de salud de distintos municipios, entre ellos el Hospital Dr. Erill de Escobar.\" \/>\n<meta property=\"og:url\" content=\"https:\/\/nuevodigitaldeescobar.com.ar\/?p=22488\" \/>\n<meta property=\"og:site_name\" content=\"Nuevo Digital de Escobar\" \/>\n<meta property=\"article:publisher\" content=\"https:\/\/www.facebook.com\/NUEVODigitalDeEscobar\" \/>\n<meta property=\"article:published_time\" content=\"2026-09-04T19:23:21+00:00\" \/>\n<meta property=\"article:modified_time\" content=\"2026-09-04T19:23:23+00:00\" \/>\n<meta property=\"og:image\" content=\"https:\/\/nuevodigitaldeescobar.com.ar\/wp-content\/uploads\/2025\/03\/hospitalerill21.png\" \/>\n\t<meta property=\"og:image:width\" content=\"908\" \/>\n\t<meta property=\"og:image:height\" content=\"565\" \/>\n\t<meta property=\"og:image:type\" content=\"image\/png\" \/>\n<meta name=\"author\" content=\"Redacci\u00f3n\" \/>\n<meta name=\"twitter:card\" content=\"summary_large_image\" \/>\n<meta name=\"twitter:creator\" content=\"@nuevodigescobar\" \/>\n<meta name=\"twitter:site\" content=\"@nuevodigescobar\" \/>\n<meta name=\"twitter:label1\" content=\"Escrito por\" \/>\n\t<meta name=\"twitter:data1\" content=\"Redacci\u00f3n\" \/>\n\t<meta name=\"twitter:label2\" content=\"Tiempo de lectura\" \/>\n\t<meta name=\"twitter:data2\" content=\"3 minutos\" \/>\n<script type=\"application\/ld+json\" class=\"yoast-schema-graph\">{\"@context\":\"https:\\\/\\\/schema.org\",\"@graph\":[{\"@type\":\"Article\",\"@id\":\"https:\\\/\\\/nuevodigitaldeescobar.com.ar\\\/?p=22488#article\",\"isPartOf\":{\"@id\":\"https:\\\/\\\/nuevodigitaldeescobar.com.ar\\\/?p=22488\"},\"author\":{\"name\":\"Redacci\u00f3n\",\"@id\":\"https:\\\/\\\/nuevodigitaldeescobar.com.ar\\\/#\\\/schema\\\/person\\\/035e90a8efe9a80e6eec22656ad6ea4c\"},\"headline\":\"283 nuevos profesionales se incorporaron a la Regi\u00f3n Sanitaria V: el Hospital Erill de Escobar suma residentes\",\"datePublished\":\"2026-09-04T19:23:21+00:00\",\"dateModified\":\"2026-09-04T19:23:23+00:00\",\"mainEntityOfPage\":{\"@id\":\"https:\\\/\\\/nuevodigitaldeescobar.com.ar\\\/?p=22488\"},\"wordCount\":435,\"commentCount\":0,\"publisher\":{\"@id\":\"https:\\\/\\\/nuevodigitaldeescobar.com.ar\\\/#organization\"},\"image\":{\"@id\":\"https:\\\/\\\/nuevodigitaldeescobar.com.ar\\\/?p=22488#primaryimage\"},\"thumbnailUrl\":\"https:\\\/\\\/nuevodigitaldeescobar.com.ar\\\/wp-content\\\/uploads\\\/2025\\\/03\\\/hospitalerill21.png\",\"articleSection\":[\"Salud y Nutrici\u00f3n\"],\"inLanguage\":\"es\",\"potentialAction\":[{\"@type\":\"CommentAction\",\"name\":\"Comment\",\"target\":[\"https:\\\/\\\/nuevodigitaldeescobar.com.ar\\\/?p=22488#respond\"]}]},{\"@type\":\"WebPage\",\"@id\":\"https:\\\/\\\/nuevodigitaldeescobar.com.ar\\\/?p=22488\",\"url\":\"https:\\\/\\\/nuevodigitaldeescobar.com.ar\\\/?p=22488\",\"name\":\"283 nuevos profesionales se incorporaron a la Regi\u00f3n Sanitaria V: el Hospital Erill de Escobar suma residentes - Nuevo Digital de Escobar\",\"isPartOf\":{\"@id\":\"https:\\\/\\\/nuevodigitaldeescobar.com.ar\\\/#website\"},\"primaryImageOfPage\":{\"@id\":\"https:\\\/\\\/nuevodigitaldeescobar.com.ar\\\/?p=22488#primaryimage\"},\"image\":{\"@id\":\"https:\\\/\\\/nuevodigitaldeescobar.com.ar\\\/?p=22488#primaryimage\"},\"thumbnailUrl\":\"https:\\\/\\\/nuevodigitaldeescobar.com.ar\\\/wp-content\\\/uploads\\\/2025\\\/03\\\/hospitalerill21.png\",\"datePublished\":\"2026-09-04T19:23:21+00:00\",\"dateModified\":\"2026-09-04T19:23:23+00:00\",\"description\":\"El Ministerio de Salud bonaerense inform\u00f3 el ingreso de 1.793 residentes y pre-residentes al sistema sanitario provincial. En la Regi\u00f3n Sanitaria V fueron 283 los profesionales que comenzaron su formaci\u00f3n en hospitales y centros de salud de distintos municipios, entre ellos el Hospital Dr. Erill de Escobar.\",\"breadcrumb\":{\"@id\":\"https:\\\/\\\/nuevodigitaldeescobar.com.ar\\\/?p=22488#breadcrumb\"},\"inLanguage\":\"es\",\"potentialAction\":[{\"@type\":\"ReadAction\",\"target\":[\"https:\\\/\\\/nuevodigitaldeescobar.com.ar\\\/?p=22488\"]}]},{\"@type\":\"ImageObject\",\"inLanguage\":\"es\",\"@id\":\"https:\\\/\\\/nuevodigitaldeescobar.com.ar\\\/?p=22488#primaryimage\",\"url\":\"https:\\\/\\\/nuevodigitaldeescobar.com.ar\\\/wp-content\\\/uploads\\\/2025\\\/03\\\/hospitalerill21.png\",\"contentUrl\":\"https:\\\/\\\/nuevodigitaldeescobar.com.ar\\\/wp-content\\\/uploads\\\/2025\\\/03\\\/hospitalerill21.png\",\"width\":908,\"height\":565},{\"@type\":\"BreadcrumbList\",\"@id\":\"https:\\\/\\\/nuevodigitaldeescobar.com.ar\\\/?p=22488#breadcrumb\",\"itemListElement\":[{\"@type\":\"ListItem\",\"position\":1,\"name\":\"Portada\",\"item\":\"https:\\\/\\\/nuevodigitaldeescobar.com.ar\\\/\"},{\"@type\":\"ListItem\",\"position\":2,\"name\":\"283 nuevos profesionales se incorporaron a la Regi\u00f3n Sanitaria V: el Hospital Erill de Escobar suma residentes\"}]},{\"@type\":\"WebSite\",\"@id\":\"https:\\\/\\\/nuevodigitaldeescobar.com.ar\\\/#website\",\"url\":\"https:\\\/\\\/nuevodigitaldeescobar.com.ar\\\/\",\"name\":\"Nuevo Digital de Escobar\",\"description\":\"La vida escobarense. Directora: Rosana Brunner\",\"publisher\":{\"@id\":\"https:\\\/\\\/nuevodigitaldeescobar.com.ar\\\/#organization\"},\"potentialAction\":[{\"@type\":\"SearchAction\",\"target\":{\"@type\":\"EntryPoint\",\"urlTemplate\":\"https:\\\/\\\/nuevodigitaldeescobar.com.ar\\\/?s={search_term_string}\"},\"query-input\":{\"@type\":\"PropertyValueSpecification\",\"valueRequired\":true,\"valueName\":\"search_term_string\"}}],\"inLanguage\":\"es\"},{\"@type\":\"Organization\",\"@id\":\"https:\\\/\\\/nuevodigitaldeescobar.com.ar\\\/#organization\",\"name\":\"Nuevo Digital de Escobar\",\"url\":\"https:\\\/\\\/nuevodigitaldeescobar.com.ar\\\/\",\"logo\":{\"@type\":\"ImageObject\",\"inLanguage\":\"es\",\"@id\":\"https:\\\/\\\/nuevodigitaldeescobar.com.ar\\\/#\\\/schema\\\/logo\\\/image\\\/\",\"url\":\"https:\\\/\\\/nuevodigitaldeescobar.com.ar\\\/wp-content\\\/uploads\\\/2025\\\/05\\\/cropped-logo-nuevo2.jpg\",\"contentUrl\":\"https:\\\/\\\/nuevodigitaldeescobar.com.ar\\\/wp-content\\\/uploads\\\/2025\\\/05\\\/cropped-logo-nuevo2.jpg\",\"width\":305,\"height\":305,\"caption\":\"Nuevo Digital de Escobar\"},\"image\":{\"@id\":\"https:\\\/\\\/nuevodigitaldeescobar.com.ar\\\/#\\\/schema\\\/logo\\\/image\\\/\"},\"sameAs\":[\"https:\\\/\\\/www.facebook.com\\\/NUEVODigitalDeEscobar\",\"https:\\\/\\\/x.com\\\/nuevodigescobar\",\"https:\\\/\\\/www.instagram.com\\\/nuevodigitaldeescobar\"]},{\"@type\":\"Person\",\"@id\":\"https:\\\/\\\/nuevodigitaldeescobar.com.ar\\\/#\\\/schema\\\/person\\\/035e90a8efe9a80e6eec22656ad6ea4c\",\"name\":\"Redacci\u00f3n\",\"image\":{\"@type\":\"ImageObject\",\"inLanguage\":\"es\",\"@id\":\"https:\\\/\\\/secure.gravatar.com\\\/avatar\\\/8af8f40000c24e9eef3034f2be5998a372bb1389e64b1a4a36b3a7979142220d?s=96&d=mm&r=g\",\"url\":\"https:\\\/\\\/secure.gravatar.com\\\/avatar\\\/8af8f40000c24e9eef3034f2be5998a372bb1389e64b1a4a36b3a7979142220d?s=96&d=mm&r=g\",\"contentUrl\":\"https:\\\/\\\/secure.gravatar.com\\\/avatar\\\/8af8f40000c24e9eef3034f2be5998a372bb1389e64b1a4a36b3a7979142220d?s=96&d=mm&r=g\",\"caption\":\"Redacci\u00f3n\"},\"sameAs\":[\"http:\\\/\\\/nuevodigitaldeescobar.com.ar\"],\"url\":\"https:\\\/\\\/nuevodigitaldeescobar.com.ar\\\/?author=1\"}]}<\/script>\n<!-- \/ Yoast SEO plugin. -->","yoast_head_json":{"title":"283 nuevos profesionales se incorporaron a la Regi\u00f3n Sanitaria V: el Hospital Erill de Escobar suma residentes - Nuevo Digital de Escobar","description":"El Ministerio de Salud bonaerense inform\u00f3 el ingreso de 1.793 residentes y pre-residentes al sistema sanitario provincial. En la Regi\u00f3n Sanitaria V fueron 283 los profesionales que comenzaron su formaci\u00f3n en hospitales y centros de salud de distintos municipios, entre ellos el Hospital Dr. Erill de Escobar.","robots":{"index":"index","follow":"follow","max-snippet":"max-snippet:-1","max-image-preview":"max-image-preview:large","max-video-preview":"max-video-preview:-1"},"canonical":"https:\/\/nuevodigitaldeescobar.com.ar\/?p=22488","og_locale":"es_ES","og_type":"article","og_title":"283 nuevos profesionales se incorporaron a la Regi\u00f3n Sanitaria V: el Hospital Erill de Escobar suma residentes","og_description":"El Ministerio de Salud bonaerense inform\u00f3 el ingreso de 1.793 residentes y pre-residentes al sistema sanitario provincial. En la Regi\u00f3n Sanitaria V fueron 283 los profesionales que comenzaron su formaci\u00f3n en hospitales y centros de salud de distintos municipios, entre ellos el Hospital Dr. Erill de Escobar.","og_url":"https:\/\/nuevodigitaldeescobar.com.ar\/?p=22488","og_site_name":"Nuevo Digital de Escobar","article_publisher":"https:\/\/www.facebook.com\/NUEVODigitalDeEscobar","article_published_time":"2026-09-04T19:23:21+00:00","article_modified_time":"2026-09-04T19:23:23+00:00","og_image":[{"width":908,"height":565,"url":"https:\/\/nuevodigitaldeescobar.com.ar\/wp-content\/uploads\/2025\/03\/hospitalerill21.png","type":"image\/png"}],"author":"Redacci\u00f3n","twitter_card":"summary_large_image","twitter_creator":"@nuevodigescobar","twitter_site":"@nuevodigescobar","twitter_misc":{"Escrito por":"Redacci\u00f3n","Tiempo de lectura":"3 minutos"},"schema":{"@context":"https:\/\/schema.org","@graph":[{"@type":"Article","@id":"https:\/\/nuevodigitaldeescobar.com.ar\/?p=22488#article","isPartOf":{"@id":"https:\/\/nuevodigitaldeescobar.com.ar\/?p=22488"},"author":{"name":"Redacci\u00f3n","@id":"https:\/\/nuevodigitaldeescobar.com.ar\/#\/schema\/person\/035e90a8efe9a80e6eec22656ad6ea4c"},"headline":"283 nuevos profesionales se incorporaron a la Regi\u00f3n Sanitaria V: el Hospital Erill de Escobar suma residentes","datePublished":"2026-09-04T19:23:21+00:00","dateModified":"2026-09-04T19:23:23+00:00","mainEntityOfPage":{"@id":"https:\/\/nuevodigitaldeescobar.com.ar\/?p=22488"},"wordCount":435,"commentCount":0,"publisher":{"@id":"https:\/\/nuevodigitaldeescobar.com.ar\/#organization"},"image":{"@id":"https:\/\/nuevodigitaldeescobar.com.ar\/?p=22488#primaryimage"},"thumbnailUrl":"https:\/\/nuevodigitaldeescobar.com.ar\/wp-content\/uploads\/2025\/03\/hospitalerill21.png","articleSection":["Salud y Nutrici\u00f3n"],"inLanguage":"es","potentialAction":[{"@type":"CommentAction","name":"Comment","target":["https:\/\/nuevodigitaldeescobar.com.ar\/?p=22488#respond"]}]},{"@type":"WebPage","@id":"https:\/\/nuevodigitaldeescobar.com.ar\/?p=22488","url":"https:\/\/nuevodigitaldeescobar.com.ar\/?p=22488","name":"283 nuevos profesionales se incorporaron a la Regi\u00f3n Sanitaria V: el Hospital Erill de Escobar suma residentes - Nuevo Digital de Escobar","isPartOf":{"@id":"https:\/\/nuevodigitaldeescobar.com.ar\/#website"},"primaryImageOfPage":{"@id":"https:\/\/nuevodigitaldeescobar.com.ar\/?p=22488#primaryimage"},"image":{"@id":"https:\/\/nuevodigitaldeescobar.com.ar\/?p=22488#primaryimage"},"thumbnailUrl":"https:\/\/nuevodigitaldeescobar.com.ar\/wp-content\/uploads\/2025\/03\/hospitalerill21.png","datePublished":"2026-09-04T19:23:21+00:00","dateModified":"2026-09-04T19:23:23+00:00","description":"El Ministerio de Salud bonaerense inform\u00f3 el ingreso de 1.793 residentes y pre-residentes al sistema sanitario provincial. En la Regi\u00f3n Sanitaria V fueron 283 los profesionales que comenzaron su formaci\u00f3n en hospitales y centros de salud de distintos municipios, entre ellos el Hospital Dr. Erill de Escobar.","breadcrumb":{"@id":"https:\/\/nuevodigitaldeescobar.com.ar\/?p=22488#breadcrumb"},"inLanguage":"es","potentialAction":[{"@type":"ReadAction","target":["https:\/\/nuevodigitaldeescobar.com.ar\/?p=22488"]}]},{"@type":"ImageObject","inLanguage":"es","@id":"https:\/\/nuevodigitaldeescobar.com.ar\/?p=22488#primaryimage","url":"https:\/\/nuevodigitaldeescobar.com.ar\/wp-content\/uploads\/2025\/03\/hospitalerill21.png","contentUrl":"https:\/\/nuevodigitaldeescobar.com.ar\/wp-content\/uploads\/2025\/03\/hospitalerill21.png","width":908,"height":565},{"@type":"BreadcrumbList","@id":"https:\/\/nuevodigitaldeescobar.com.ar\/?p=22488#breadcrumb","itemListElement":[{"@type":"ListItem","position":1,"name":"Portada","item":"https:\/\/nuevodigitaldeescobar.com.ar\/"},{"@type":"ListItem","position":2,"name":"283 nuevos profesionales se incorporaron a la Regi\u00f3n Sanitaria V: el Hospital Erill de Escobar suma residentes"}]},{"@type":"WebSite","@id":"https:\/\/nuevodigitaldeescobar.com.ar\/#website","url":"https:\/\/nuevodigitaldeescobar.com.ar\/","name":"Nuevo Digital de Escobar","description":"La vida escobarense. Directora: Rosana Brunner","publisher":{"@id":"https:\/\/nuevodigitaldeescobar.com.ar\/#organization"},"potentialAction":[{"@type":"SearchAction","target":{"@type":"EntryPoint","urlTemplate":"https:\/\/nuevodigitaldeescobar.com.ar\/?s={search_term_string}"},"query-input":{"@type":"PropertyValueSpecification","valueRequired":true,"valueName":"search_term_string"}}],"inLanguage":"es"},{"@type":"Organization","@id":"https:\/\/nuevodigitaldeescobar.com.ar\/#organization","name":"Nuevo Digital de Escobar","url":"https:\/\/nuevodigitaldeescobar.com.ar\/","logo":{"@type":"ImageObject","inLanguage":"es","@id":"https:\/\/nuevodigitaldeescobar.com.ar\/#\/schema\/logo\/image\/","url":"https:\/\/nuevodigitaldeescobar.com.ar\/wp-content\/uploads\/2025\/05\/cropped-logo-nuevo2.jpg","contentUrl":"https:\/\/nuevodigitaldeescobar.com.ar\/wp-content\/uploads\/2025\/05\/cropped-logo-nuevo2.jpg","width":305,"height":305,"caption":"Nuevo Digital de Escobar"},"image":{"@id":"https:\/\/nuevodigitaldeescobar.com.ar\/#\/schema\/logo\/image\/"},"sameAs":["https:\/\/www.facebook.com\/NUEVODigitalDeEscobar","https:\/\/x.com\/nuevodigescobar","https:\/\/www.instagram.com\/nuevodigitaldeescobar"]},{"@type":"Person","@id":"https:\/\/nuevodigitaldeescobar.com.ar\/#\/schema\/person\/035e90a8efe9a80e6eec22656ad6ea4c","name":"Redacci\u00f3n","image":{"@type":"ImageObject","inLanguage":"es","@id":"https:\/\/secure.gravatar.com\/avatar\/8af8f40000c24e9eef3034f2be5998a372bb1389e64b1a4a36b3a7979142220d?s=96&d=mm&r=g","url":"https:\/\/secure.gravatar.com\/avatar\/8af8f40000c24e9eef3034f2be5998a372bb1389e64b1a4a36b3a7979142220d?s=96&d=mm&r=g","contentUrl":"https:\/\/secure.gravatar.com\/avatar\/8af8f40000c24e9eef3034f2be5998a372bb1389e64b1a4a36b3a7979142220d?s=96&d=mm&r=g","caption":"Redacci\u00f3n"},"sameAs":["http:\/\/nuevodigitaldeescobar.com.ar"],"url":"https:\/\/nuevodigitaldeescobar.com.ar\/?author=1"}]}},"featured_image_urls":{"full":["https:\/\/nuevodigitaldeescobar.com.ar\/wp-content\/uploads\/2025\/03\/hospitalerill21.png",908,565,false],"thumbnail":["https:\/\/nuevodigitaldeescobar.com.ar\/wp-content\/uploads\/2025\/03\/hospitalerill21-150x150.png",150,150,true],"medium":["https:\/\/nuevodigitaldeescobar.com.ar\/wp-content\/uploads\/2025\/03\/hospitalerill21-300x187.png",300,187,true],"medium_large":["https:\/\/nuevodigitaldeescobar.com.ar\/wp-content\/uploads\/2025\/03\/hospitalerill21-768x478.png",640,398,true],"large":["https:\/\/nuevodigitaldeescobar.com.ar\/wp-content\/uploads\/2025\/03\/hospitalerill21.png",640,398,false],"1536x1536":["https:\/\/nuevodigitaldeescobar.com.ar\/wp-content\/uploads\/2025\/03\/hospitalerill21.png",908,565,false],"2048x2048":["https:\/\/nuevodigitaldeescobar.com.ar\/wp-content\/uploads\/2025\/03\/hospitalerill21.png",908,565,false]},"author_info":{"display_name":"Redacci\u00f3n","author_link":"https:\/\/nuevodigitaldeescobar.com.ar\/?author=1"},"category_info":"<a href=\"https:\/\/nuevodigitaldeescobar.com.ar\/?cat=3\" rel=\"category\">Salud y Nutrici\u00f3n<\/a>","tag_info":"Salud y Nutrici\u00f3n","comment_count":"0","_links":{"self":[{"href":"https:\/\/nuevodigitaldeescobar.com.ar\/index.php?rest_route=\/wp\/v2\/posts\/22488","targetHints":{"allow":["GET"]}}],"collection":[{"href":"https:\/\/nuevodigitaldeescobar.com.ar\/index.php?rest_route=\/wp\/v2\/posts"}],"about":[{"href":"https:\/\/nuevodigitaldeescobar.com.ar\/index.php?rest_route=\/wp\/v2\/types\/post"}],"author":[{"embeddable":true,"href":"https:\/\/nuevodigitaldeescobar.com.ar\/index.php?rest_route=\/wp\/v2\/users\/1"}],"replies":[{"embeddable":true,"href":"https:\/\/nuevodigitaldeescobar.com.ar\/index.php?rest_route=%2Fwp%2Fv2%2Fcomments&post=22488"}],"version-history":[{"count":1,"href":"https:\/\/nuevodigitaldeescobar.com.ar\/index.php?rest_route=\/wp\/v2\/posts\/22488\/revisions"}],"predecessor-version":[{"id":22490,"href":"https:\/\/nuevodigitaldeescobar.com.ar\/index.php?rest_route=\/wp\/v2\/posts\/22488\/revisions\/22490"}],"wp:featuredmedia":[{"embeddable":true,"href":"https:\/\/nuevodigitaldeescobar.com.ar\/index.php?rest_route=\/wp\/v2\/media\/13157"}],"wp:attachment":[{"href":"https:\/\/nuevodigitaldeescobar.com.ar\/index.php?rest_route=%2Fwp%2Fv2%2Fmedia&parent=22488"}],"wp:term":[{"taxonomy":"category","embeddable":true,"href":"https:\/\/nuevodigitaldeescobar.com.ar\/index.php?rest_route=%2Fwp%2Fv2%2Fcategories&post=22488"},{"taxonomy":"post_tag","embeddable":true,"href":"https:\/\/nuevodigitaldeescobar.com.ar\/index.php?rest_route=%2Fwp%2Fv2%2Ftags&post=22488"}],"curies":[{"name":"wp","href":"https:\/\/api.w.org\/{rel}","templated":true}]}}