{"id":2256,"date":"2024-01-03T07:00:00","date_gmt":"2024-01-03T10:00:00","guid":{"rendered":"https:\/\/nuevodigitaldeescobar.com.ar\/?p=2256"},"modified":"2024-01-02T12:44:42","modified_gmt":"2024-01-02T15:44:42","slug":"la-corte-obligo-a-una-obra-social-a-cubrir-el-costo-del-aceite-de-cannabis-para-un-menor-con-epilepsia","status":"publish","type":"post","link":"https:\/\/nuevodigitaldeescobar.com.ar\/?p=2256","title":{"rendered":"La Corte oblig\u00f3 a una obra social a cubrir el costo del aceite de cannabis para un menor con epilepsia"},"content":{"rendered":"<p><span style=\"color: #003366;\"><strong><em>El M\u00e1ximo Tribunal se apoy\u00f3 en un caso similar resuelto en 2021, donde se consideraron las \u201cmejoras sustanciales\u201d en el estado de salud y en la calidad de vida de un chico con epilepsia refractaria tratado con aceite medicinal.<\/em><\/strong><\/span><\/p>\n<p><!--more--><\/p>\n<hr \/>\n<p>La Corte Suprema de Justicia conden\u00f3 a una obra social a cubrir el 100% del costo del aceite de cannabis para el tratamiento de un menor con epilepsia. Para decidir de esa forma, el M\u00e1ximo Tribunal se remiti\u00f3 a un caso similar resuelto en 2021, donde se tuvieron en cuenta las <em>\u201cmejoras sustanciales\u201d<\/em> en el estado de salud y en la calidad de vida de otro menor luego de consumir dicho aceite medicinal.<\/p>\n<p>El padre del menor, oriundo de Rosario del Tala, Entre R\u00edos, se present\u00f3 con un amparo ante la Justicia provincial para demandar a su obra social con el objeto de conseguir <em>\u201ccon car\u00e1cter urgente y de manera gratuita e integral\u201d<\/em> la cobertura del medicamento antiepil\u00e9ptico SULTIAME y el <em>\u201ctratamiento compasivo con aceite de cannabis medicinal\u201d<\/em>, ambos prescriptos por su neur\u00f3logo en virtud del cuadro cl\u00ednico de <em>\u201cepilepsia y s\u00edndromes epil\u00e9pticos\u201d<\/em> del chico.<\/p>\n<p>En marzo de 2021, la jueza de garant\u00edas Silvina Cabrera hizo lugar a la acci\u00f3n de amparo contra la obra social, que se negaba a cubrir el producto cann\u00e1bico por considerar que, seg\u00fan los t\u00e9rminos de la <a href=\"https:\/\/servicios.infoleg.gob.ar\/infolegInternet\/anexos\/270000-274999\/273801\/norma.htm\">Ley N\u00b0 27.350<\/a>, <em>\u201ces el Estado Nacional quien debe suministrar el aceite de cannabis\u201d<\/em>.<\/p>\n<p>Un mes despu\u00e9s, el Superior Tribunal de Justicia de Entre R\u00edos resolvi\u00f3 por mayor\u00eda hacer lugar parcialmente al recurso de apelaci\u00f3n presentado por la entidad de salud, revocando de ese modo la cobertura del tratamiento compasivo con aceite medicinal en tanto <em>\u201cno surge de la ley mencionada -N\u00b0 27.350- (&#8230;) que en la actualidad sea el demandado el sujeto directamente obligado a proveer lo pretendido, desde que el propio Estado Nacional, cumplidas determinadas condiciones, se autoimpuso el deber de suministrarlo en forma gratuita\u201d<\/em>.<\/p>\n<p>Impugnaci\u00f3n mediante, el caso lleg\u00f3 hasta la Corte Suprema de Justicia, que a fines de diciembre pasado y con la firma de los ministros Horacio Rosatti, Carlos Rosenkrantz, Juan Carlos Maqueda y Ricardo Lorenzetti, resolvi\u00f3 dejar sin efecto el pronunciamiento apelado y hacer lugar a la acci\u00f3n invocada por el padre del paciente.<\/p>\n<figure id=\"attachment_2258\" aria-describedby=\"caption-attachment-2258\" style=\"width: 720px\" class=\"wp-caption alignnone\"><img fetchpriority=\"high\" decoding=\"async\" class=\"size-full wp-image-2258\" src=\"http:\/\/nuevodigitaldeescobar.com.ar\/wp-content\/uploads\/2024\/01\/cannabis-2-e1704210217516.jpg\" alt=\"\" width=\"720\" height=\"480\" \/><figcaption id=\"caption-attachment-2258\" class=\"wp-caption-text\">La Corte, en un caso similiar, hab\u00eda tenido en cuenta que el uso de aceite de cannabis para el tratamiento de un menor con epilepsia \u00abprodujo mejoras sustanciales en su estado de salud y en su calidad de vida\u00bb.<\/figcaption><\/figure>\n<p>Para decidir de esa forma, el M\u00e1ximo Tribunal evalu\u00f3 que <em>\u201clas cuestiones planteadas\u201d<\/em> resultaban <em>\u201can\u00e1logas a las examinadas y resueltas\u201d<\/em> en otra causa de octubre de 2021, donde de forma un\u00e1nime se hab\u00eda resuelto la cobertura total del tratamiento con aceite de cannabis medicinal para un menor de 6 a\u00f1os con epilepsia refractaria.<\/p>\n<p><em>\u201cQue no se encuentra discutido que, luego de un a\u00f1o de tratamiento, el uso del aceite de cannabis por parte de A.M., produjo mejoras sustanciales en su estado de salud y en su calidad de vida. En efecto, no solo redujo notablemente sus convulsiones, sino que -adem\u00e1s- mejor\u00f3 su alimentaci\u00f3n, movilidad, control de esf\u00ednteres, postura, atenci\u00f3n, interacci\u00f3n e incluso comunicaci\u00f3n con el entorno, lo que implica una adquisici\u00f3n y restauraci\u00f3n de aptitudes e intereses para lograr su integraci\u00f3n social\u201d<\/em>, dijeron los jueces de la Corte en el fallo que sirvi\u00f3 de sustento para fundamentar la reciente resoluci\u00f3n.<\/p>\n<p>Adem\u00e1s, en esa misma sentencia de 2021, el juez Rosatti elabor\u00f3 su propio voto y afirm\u00f3 que <em>\u201cla preferente tutela de la que goza el hijo de los actores por encontrarse incapacitado y ser paciente epil\u00e9ptico, y el principio de progresividad en la satisfacci\u00f3n plena de sus derechos fundamentales, seg\u00fan se encuentra prescripto en el transcripto inc. 23 del art. 75 de la Constituci\u00f3n Nacional, debi\u00f3 desterrar definitivamente interpretaciones que conduzcan a resultados regresivos (&#8230;), lo que ocurre cuando, como en el caso, se limita la cobertura de salud por una interpretaci\u00f3n excesivamente amplia de las resoluciones reglamentarias de otra norma o la lisa y llana exclusi\u00f3n de las leyes orientadas a la espec\u00edfica protecci\u00f3n de las personas discapacitadas, esto es, las leyes 24.90 -Sistema de Prestaciones B\u00e1sicas a favor de las Personas con Discapacidad- y 25.404 -Medidas especiales de protecci\u00f3n para las personas que padecen epilepsia-\u201d<\/em>.<\/p>\n<p>A su vez remarc\u00f3: <em>\u201cQue, en suma, acreditada la prescripci\u00f3n m\u00e9dica, la falta de efectividad de los tratamientos convencionales, el consentimiento informado del paciente, las mejoras sustanciales del estado de salud y de la calidad de vida de A.M., y la autorizaci\u00f3n otorgada por la ANMAT en el contexto del R\u00e9gimen de Acceso de Excepci\u00f3n a Medicamentos, el joven cuyo amparo se reclama ten\u00eda derecho a la cobertura integral del tratamiento, pesando sobre las demandadas la obligaci\u00f3n de asumir su costo conforme las disposiciones de la ley 24.901 y la ley provincial 9891\u2033<\/em>.<\/p>\n<p>Con esa resoluci\u00f3n como base, la Corte conden\u00f3 a la obra social a cubrir el 100% del costo del aceite de cannabis, <em>\u201ccuyo nombre comercial es Aphiria CBD (&#8230;), conforme la prescripci\u00f3n m\u00e9dica en cada caso y en los t\u00e9rminos del decreto 883\/2020\u2033<\/em>.<\/p>\n<p><em>(Infobae)<\/em><\/p>\n","protected":false},"excerpt":{"rendered":"<p>El M\u00e1ximo Tribunal se apoy\u00f3 en un caso similar resuelto en 2021, donde se consideraron las \u201cmejoras sustanciales\u201d en el estado de salud y en [&hellip;]<\/p>\n","protected":false},"author":1,"featured_media":2257,"comment_status":"open","ping_status":"closed","sticky":false,"template":"","format":"standard","meta":{"footnotes":""},"categories":[7],"tags":[],"class_list":["post-2256","post","type-post","status-publish","format-standard","has-post-thumbnail","hentry","category-interes-general"],"better_featured_image":{"id":2257,"alt_text":"","caption":"","description":"","media_type":"image","media_details":{"width":720,"height":405,"file":"2024\/01\/cannabis-1-e1704210247141.jpg","filesize":44447,"sizes":{"medium":{"file":"cannabis-1-300x169.jpg","width":300,"height":169,"mime-type":"image\/jpeg","filesize":8272,"source_url":"https:\/\/nuevodigitaldeescobar.com.ar\/wp-content\/uploads\/2024\/01\/cannabis-1-300x169.jpg"},"thumbnail":{"file":"cannabis-1-150x150.jpg","width":150,"height":150,"mime-type":"image\/jpeg","filesize":4751,"source_url":"https:\/\/nuevodigitaldeescobar.com.ar\/wp-content\/uploads\/2024\/01\/cannabis-1-150x150.jpg"},"covernews-medium":{"file":"cannabis-1-540x340.jpg","width":540,"height":340,"mime-type":"image\/jpeg","filesize":21533,"source_url":"https:\/\/nuevodigitaldeescobar.com.ar\/wp-content\/uploads\/2024\/01\/cannabis-1-540x340.jpg"},"covernews-medium-square":{"file":"cannabis-1-400x250.jpg","width":400,"height":250,"mime-type":"image\/jpeg","filesize":13811,"source_url":"https:\/\/nuevodigitaldeescobar.com.ar\/wp-content\/uploads\/2024\/01\/cannabis-1-400x250.jpg"}},"image_meta":{"aperture":"0","credit":"","camera":"","caption":"","created_timestamp":"0","copyright":"","focal_length":"0","iso":"0","shutter_speed":"0","title":"","orientation":"0","keywords":[]}},"post":2256,"source_url":"https:\/\/nuevodigitaldeescobar.com.ar\/wp-content\/uploads\/2024\/01\/cannabis-1-e1704210247141.jpg"},"yoast_head":"<!-- This site is optimized with the Yoast SEO plugin v26.1.1 - https:\/\/yoast.com\/wordpress\/plugins\/seo\/ -->\n<title>La Corte oblig\u00f3 a una obra social a cubrir el costo del aceite de cannabis para un menor con epilepsia - Nuevo Digital de Escobar<\/title>\n<meta name=\"robots\" content=\"index, follow, max-snippet:-1, max-image-preview:large, max-video-preview:-1\" \/>\n<link rel=\"canonical\" href=\"https:\/\/nuevodigitaldeescobar.com.ar\/?p=2256\" \/>\n<meta property=\"og:locale\" content=\"es_ES\" \/>\n<meta property=\"og:type\" content=\"article\" \/>\n<meta property=\"og:title\" content=\"La Corte oblig\u00f3 a una obra social a cubrir el costo del aceite de cannabis para un menor con epilepsia - Nuevo Digital de Escobar\" \/>\n<meta property=\"og:description\" content=\"El M\u00e1ximo Tribunal se apoy\u00f3 en un caso similar resuelto en 2021, donde se consideraron las \u201cmejoras sustanciales\u201d en el estado de salud y en [&hellip;]\" \/>\n<meta property=\"og:url\" content=\"https:\/\/nuevodigitaldeescobar.com.ar\/?p=2256\" \/>\n<meta property=\"og:site_name\" content=\"Nuevo Digital de Escobar\" \/>\n<meta property=\"article:publisher\" content=\"https:\/\/www.facebook.com\/NUEVODigitalDeEscobar\" \/>\n<meta property=\"article:published_time\" content=\"2024-01-03T10:00:00+00:00\" \/>\n<meta property=\"og:image\" content=\"https:\/\/nuevodigitaldeescobar.com.ar\/wp-content\/uploads\/2024\/01\/cannabis-1-e1704210247141.jpg\" \/>\n\t<meta property=\"og:image:width\" content=\"720\" \/>\n\t<meta property=\"og:image:height\" content=\"405\" \/>\n\t<meta property=\"og:image:type\" content=\"image\/jpeg\" \/>\n<meta name=\"author\" content=\"Redacci\u00f3n\" \/>\n<meta name=\"twitter:card\" content=\"summary_large_image\" \/>\n<meta name=\"twitter:creator\" content=\"@nuevodigescobar\" \/>\n<meta name=\"twitter:site\" content=\"@nuevodigescobar\" \/>\n<meta name=\"twitter:label1\" content=\"Escrito por\" \/>\n\t<meta name=\"twitter:data1\" content=\"Redacci\u00f3n\" \/>\n\t<meta name=\"twitter:label2\" content=\"Tiempo de lectura\" \/>\n\t<meta name=\"twitter:data2\" content=\"4 minutos\" \/>\n<script type=\"application\/ld+json\" class=\"yoast-schema-graph\">{\"@context\":\"https:\/\/schema.org\",\"@graph\":[{\"@type\":\"Article\",\"@id\":\"https:\/\/nuevodigitaldeescobar.com.ar\/?p=2256#article\",\"isPartOf\":{\"@id\":\"https:\/\/nuevodigitaldeescobar.com.ar\/?p=2256\"},\"author\":{\"name\":\"Redacci\u00f3n\",\"@id\":\"https:\/\/nuevodigitaldeescobar.com.ar\/#\/schema\/person\/035e90a8efe9a80e6eec22656ad6ea4c\"},\"headline\":\"La Corte oblig\u00f3 a una obra social a cubrir el costo del aceite de cannabis para un menor con epilepsia\",\"datePublished\":\"2024-01-03T10:00:00+00:00\",\"mainEntityOfPage\":{\"@id\":\"https:\/\/nuevodigitaldeescobar.com.ar\/?p=2256\"},\"wordCount\":913,\"commentCount\":0,\"publisher\":{\"@id\":\"https:\/\/nuevodigitaldeescobar.com.ar\/#organization\"},\"image\":{\"@id\":\"https:\/\/nuevodigitaldeescobar.com.ar\/?p=2256#primaryimage\"},\"thumbnailUrl\":\"https:\/\/nuevodigitaldeescobar.com.ar\/wp-content\/uploads\/2024\/01\/cannabis-1-e1704210247141.jpg\",\"articleSection\":[\"Inter\u00e9s general\"],\"inLanguage\":\"es\",\"potentialAction\":[{\"@type\":\"CommentAction\",\"name\":\"Comment\",\"target\":[\"https:\/\/nuevodigitaldeescobar.com.ar\/?p=2256#respond\"]}]},{\"@type\":\"WebPage\",\"@id\":\"https:\/\/nuevodigitaldeescobar.com.ar\/?p=2256\",\"url\":\"https:\/\/nuevodigitaldeescobar.com.ar\/?p=2256\",\"name\":\"La Corte oblig\u00f3 a una obra social a cubrir el costo del aceite de cannabis para un menor con epilepsia - Nuevo Digital de Escobar\",\"isPartOf\":{\"@id\":\"https:\/\/nuevodigitaldeescobar.com.ar\/#website\"},\"primaryImageOfPage\":{\"@id\":\"https:\/\/nuevodigitaldeescobar.com.ar\/?p=2256#primaryimage\"},\"image\":{\"@id\":\"https:\/\/nuevodigitaldeescobar.com.ar\/?p=2256#primaryimage\"},\"thumbnailUrl\":\"https:\/\/nuevodigitaldeescobar.com.ar\/wp-content\/uploads\/2024\/01\/cannabis-1-e1704210247141.jpg\",\"datePublished\":\"2024-01-03T10:00:00+00:00\",\"breadcrumb\":{\"@id\":\"https:\/\/nuevodigitaldeescobar.com.ar\/?p=2256#breadcrumb\"},\"inLanguage\":\"es\",\"potentialAction\":[{\"@type\":\"ReadAction\",\"target\":[\"https:\/\/nuevodigitaldeescobar.com.ar\/?p=2256\"]}]},{\"@type\":\"ImageObject\",\"inLanguage\":\"es\",\"@id\":\"https:\/\/nuevodigitaldeescobar.com.ar\/?p=2256#primaryimage\",\"url\":\"https:\/\/nuevodigitaldeescobar.com.ar\/wp-content\/uploads\/2024\/01\/cannabis-1-e1704210247141.jpg\",\"contentUrl\":\"https:\/\/nuevodigitaldeescobar.com.ar\/wp-content\/uploads\/2024\/01\/cannabis-1-e1704210247141.jpg\",\"width\":720,\"height\":405},{\"@type\":\"BreadcrumbList\",\"@id\":\"https:\/\/nuevodigitaldeescobar.com.ar\/?p=2256#breadcrumb\",\"itemListElement\":[{\"@type\":\"ListItem\",\"position\":1,\"name\":\"Portada\",\"item\":\"https:\/\/nuevodigitaldeescobar.com.ar\/\"},{\"@type\":\"ListItem\",\"position\":2,\"name\":\"La Corte oblig\u00f3 a una obra social a cubrir el costo del aceite de cannabis para un menor con epilepsia\"}]},{\"@type\":\"WebSite\",\"@id\":\"https:\/\/nuevodigitaldeescobar.com.ar\/#website\",\"url\":\"https:\/\/nuevodigitaldeescobar.com.ar\/\",\"name\":\"Nuevo Digital de Escobar\",\"description\":\"La vida escobarense. Directora: Rosana Brunner\",\"publisher\":{\"@id\":\"https:\/\/nuevodigitaldeescobar.com.ar\/#organization\"},\"potentialAction\":[{\"@type\":\"SearchAction\",\"target\":{\"@type\":\"EntryPoint\",\"urlTemplate\":\"https:\/\/nuevodigitaldeescobar.com.ar\/?s={search_term_string}\"},\"query-input\":{\"@type\":\"PropertyValueSpecification\",\"valueRequired\":true,\"valueName\":\"search_term_string\"}}],\"inLanguage\":\"es\"},{\"@type\":\"Organization\",\"@id\":\"https:\/\/nuevodigitaldeescobar.com.ar\/#organization\",\"name\":\"Nuevo Digital de Escobar\",\"url\":\"https:\/\/nuevodigitaldeescobar.com.ar\/\",\"logo\":{\"@type\":\"ImageObject\",\"inLanguage\":\"es\",\"@id\":\"https:\/\/nuevodigitaldeescobar.com.ar\/#\/schema\/logo\/image\/\",\"url\":\"https:\/\/nuevodigitaldeescobar.com.ar\/wp-content\/uploads\/2025\/05\/cropped-logo-nuevo2.jpg\",\"contentUrl\":\"https:\/\/nuevodigitaldeescobar.com.ar\/wp-content\/uploads\/2025\/05\/cropped-logo-nuevo2.jpg\",\"width\":305,\"height\":305,\"caption\":\"Nuevo Digital de Escobar\"},\"image\":{\"@id\":\"https:\/\/nuevodigitaldeescobar.com.ar\/#\/schema\/logo\/image\/\"},\"sameAs\":[\"https:\/\/www.facebook.com\/NUEVODigitalDeEscobar\",\"https:\/\/x.com\/nuevodigescobar\",\"https:\/\/www.instagram.com\/nuevodigitaldeescobar\"]},{\"@type\":\"Person\",\"@id\":\"https:\/\/nuevodigitaldeescobar.com.ar\/#\/schema\/person\/035e90a8efe9a80e6eec22656ad6ea4c\",\"name\":\"Redacci\u00f3n\",\"image\":{\"@type\":\"ImageObject\",\"inLanguage\":\"es\",\"@id\":\"https:\/\/nuevodigitaldeescobar.com.ar\/#\/schema\/person\/image\/\",\"url\":\"https:\/\/secure.gravatar.com\/avatar\/8af8f40000c24e9eef3034f2be5998a372bb1389e64b1a4a36b3a7979142220d?s=96&d=mm&r=g\",\"contentUrl\":\"https:\/\/secure.gravatar.com\/avatar\/8af8f40000c24e9eef3034f2be5998a372bb1389e64b1a4a36b3a7979142220d?s=96&d=mm&r=g\",\"caption\":\"Redacci\u00f3n\"},\"sameAs\":[\"http:\/\/nuevodigitaldeescobar.com.ar\"],\"url\":\"https:\/\/nuevodigitaldeescobar.com.ar\/?author=1\"}]}<\/script>\n<!-- \/ Yoast SEO plugin. -->","yoast_head_json":{"title":"La Corte oblig\u00f3 a una obra social a cubrir el costo del aceite de cannabis para un menor con epilepsia - Nuevo Digital de Escobar","robots":{"index":"index","follow":"follow","max-snippet":"max-snippet:-1","max-image-preview":"max-image-preview:large","max-video-preview":"max-video-preview:-1"},"canonical":"https:\/\/nuevodigitaldeescobar.com.ar\/?p=2256","og_locale":"es_ES","og_type":"article","og_title":"La Corte oblig\u00f3 a una obra social a cubrir el costo del aceite de cannabis para un menor con epilepsia - Nuevo Digital de Escobar","og_description":"El M\u00e1ximo Tribunal se apoy\u00f3 en un caso similar resuelto en 2021, donde se consideraron las \u201cmejoras sustanciales\u201d en el estado de salud y en [&hellip;]","og_url":"https:\/\/nuevodigitaldeescobar.com.ar\/?p=2256","og_site_name":"Nuevo Digital de Escobar","article_publisher":"https:\/\/www.facebook.com\/NUEVODigitalDeEscobar","article_published_time":"2024-01-03T10:00:00+00:00","og_image":[{"width":720,"height":405,"url":"https:\/\/nuevodigitaldeescobar.com.ar\/wp-content\/uploads\/2024\/01\/cannabis-1-e1704210247141.jpg","type":"image\/jpeg"}],"author":"Redacci\u00f3n","twitter_card":"summary_large_image","twitter_creator":"@nuevodigescobar","twitter_site":"@nuevodigescobar","twitter_misc":{"Escrito por":"Redacci\u00f3n","Tiempo de lectura":"4 minutos"},"schema":{"@context":"https:\/\/schema.org","@graph":[{"@type":"Article","@id":"https:\/\/nuevodigitaldeescobar.com.ar\/?p=2256#article","isPartOf":{"@id":"https:\/\/nuevodigitaldeescobar.com.ar\/?p=2256"},"author":{"name":"Redacci\u00f3n","@id":"https:\/\/nuevodigitaldeescobar.com.ar\/#\/schema\/person\/035e90a8efe9a80e6eec22656ad6ea4c"},"headline":"La Corte oblig\u00f3 a una obra social a cubrir el costo del aceite de cannabis para un menor con epilepsia","datePublished":"2024-01-03T10:00:00+00:00","mainEntityOfPage":{"@id":"https:\/\/nuevodigitaldeescobar.com.ar\/?p=2256"},"wordCount":913,"commentCount":0,"publisher":{"@id":"https:\/\/nuevodigitaldeescobar.com.ar\/#organization"},"image":{"@id":"https:\/\/nuevodigitaldeescobar.com.ar\/?p=2256#primaryimage"},"thumbnailUrl":"https:\/\/nuevodigitaldeescobar.com.ar\/wp-content\/uploads\/2024\/01\/cannabis-1-e1704210247141.jpg","articleSection":["Inter\u00e9s general"],"inLanguage":"es","potentialAction":[{"@type":"CommentAction","name":"Comment","target":["https:\/\/nuevodigitaldeescobar.com.ar\/?p=2256#respond"]}]},{"@type":"WebPage","@id":"https:\/\/nuevodigitaldeescobar.com.ar\/?p=2256","url":"https:\/\/nuevodigitaldeescobar.com.ar\/?p=2256","name":"La Corte oblig\u00f3 a una obra social a cubrir el costo del aceite de cannabis para un menor con epilepsia - Nuevo Digital de Escobar","isPartOf":{"@id":"https:\/\/nuevodigitaldeescobar.com.ar\/#website"},"primaryImageOfPage":{"@id":"https:\/\/nuevodigitaldeescobar.com.ar\/?p=2256#primaryimage"},"image":{"@id":"https:\/\/nuevodigitaldeescobar.com.ar\/?p=2256#primaryimage"},"thumbnailUrl":"https:\/\/nuevodigitaldeescobar.com.ar\/wp-content\/uploads\/2024\/01\/cannabis-1-e1704210247141.jpg","datePublished":"2024-01-03T10:00:00+00:00","breadcrumb":{"@id":"https:\/\/nuevodigitaldeescobar.com.ar\/?p=2256#breadcrumb"},"inLanguage":"es","potentialAction":[{"@type":"ReadAction","target":["https:\/\/nuevodigitaldeescobar.com.ar\/?p=2256"]}]},{"@type":"ImageObject","inLanguage":"es","@id":"https:\/\/nuevodigitaldeescobar.com.ar\/?p=2256#primaryimage","url":"https:\/\/nuevodigitaldeescobar.com.ar\/wp-content\/uploads\/2024\/01\/cannabis-1-e1704210247141.jpg","contentUrl":"https:\/\/nuevodigitaldeescobar.com.ar\/wp-content\/uploads\/2024\/01\/cannabis-1-e1704210247141.jpg","width":720,"height":405},{"@type":"BreadcrumbList","@id":"https:\/\/nuevodigitaldeescobar.com.ar\/?p=2256#breadcrumb","itemListElement":[{"@type":"ListItem","position":1,"name":"Portada","item":"https:\/\/nuevodigitaldeescobar.com.ar\/"},{"@type":"ListItem","position":2,"name":"La Corte oblig\u00f3 a una obra social a cubrir el costo del aceite de cannabis para un menor con epilepsia"}]},{"@type":"WebSite","@id":"https:\/\/nuevodigitaldeescobar.com.ar\/#website","url":"https:\/\/nuevodigitaldeescobar.com.ar\/","name":"Nuevo Digital de Escobar","description":"La vida escobarense. Directora: Rosana Brunner","publisher":{"@id":"https:\/\/nuevodigitaldeescobar.com.ar\/#organization"},"potentialAction":[{"@type":"SearchAction","target":{"@type":"EntryPoint","urlTemplate":"https:\/\/nuevodigitaldeescobar.com.ar\/?s={search_term_string}"},"query-input":{"@type":"PropertyValueSpecification","valueRequired":true,"valueName":"search_term_string"}}],"inLanguage":"es"},{"@type":"Organization","@id":"https:\/\/nuevodigitaldeescobar.com.ar\/#organization","name":"Nuevo Digital de Escobar","url":"https:\/\/nuevodigitaldeescobar.com.ar\/","logo":{"@type":"ImageObject","inLanguage":"es","@id":"https:\/\/nuevodigitaldeescobar.com.ar\/#\/schema\/logo\/image\/","url":"https:\/\/nuevodigitaldeescobar.com.ar\/wp-content\/uploads\/2025\/05\/cropped-logo-nuevo2.jpg","contentUrl":"https:\/\/nuevodigitaldeescobar.com.ar\/wp-content\/uploads\/2025\/05\/cropped-logo-nuevo2.jpg","width":305,"height":305,"caption":"Nuevo Digital de Escobar"},"image":{"@id":"https:\/\/nuevodigitaldeescobar.com.ar\/#\/schema\/logo\/image\/"},"sameAs":["https:\/\/www.facebook.com\/NUEVODigitalDeEscobar","https:\/\/x.com\/nuevodigescobar","https:\/\/www.instagram.com\/nuevodigitaldeescobar"]},{"@type":"Person","@id":"https:\/\/nuevodigitaldeescobar.com.ar\/#\/schema\/person\/035e90a8efe9a80e6eec22656ad6ea4c","name":"Redacci\u00f3n","image":{"@type":"ImageObject","inLanguage":"es","@id":"https:\/\/nuevodigitaldeescobar.com.ar\/#\/schema\/person\/image\/","url":"https:\/\/secure.gravatar.com\/avatar\/8af8f40000c24e9eef3034f2be5998a372bb1389e64b1a4a36b3a7979142220d?s=96&d=mm&r=g","contentUrl":"https:\/\/secure.gravatar.com\/avatar\/8af8f40000c24e9eef3034f2be5998a372bb1389e64b1a4a36b3a7979142220d?s=96&d=mm&r=g","caption":"Redacci\u00f3n"},"sameAs":["http:\/\/nuevodigitaldeescobar.com.ar"],"url":"https:\/\/nuevodigitaldeescobar.com.ar\/?author=1"}]}},"featured_image_urls":{"full":["https:\/\/nuevodigitaldeescobar.com.ar\/wp-content\/uploads\/2024\/01\/cannabis-1-e1704210247141.jpg",720,405,false],"thumbnail":["https:\/\/nuevodigitaldeescobar.com.ar\/wp-content\/uploads\/2024\/01\/cannabis-1-150x150.jpg",150,150,true],"medium":["https:\/\/nuevodigitaldeescobar.com.ar\/wp-content\/uploads\/2024\/01\/cannabis-1-300x169.jpg",300,169,true],"medium_large":["https:\/\/nuevodigitaldeescobar.com.ar\/wp-content\/uploads\/2024\/01\/cannabis-1-e1704210247141.jpg",640,360,false],"large":["https:\/\/nuevodigitaldeescobar.com.ar\/wp-content\/uploads\/2024\/01\/cannabis-1-e1704210247141.jpg",640,360,false],"1536x1536":["https:\/\/nuevodigitaldeescobar.com.ar\/wp-content\/uploads\/2024\/01\/cannabis-1-e1704210247141.jpg",720,405,false],"2048x2048":["https:\/\/nuevodigitaldeescobar.com.ar\/wp-content\/uploads\/2024\/01\/cannabis-1-e1704210247141.jpg",720,405,false]},"author_info":{"display_name":"Redacci\u00f3n","author_link":"https:\/\/nuevodigitaldeescobar.com.ar\/?author=1"},"category_info":"<a href=\"https:\/\/nuevodigitaldeescobar.com.ar\/?cat=7\" rel=\"category\">Inter\u00e9s general<\/a>","tag_info":"Inter\u00e9s general","comment_count":"0","_links":{"self":[{"href":"https:\/\/nuevodigitaldeescobar.com.ar\/index.php?rest_route=\/wp\/v2\/posts\/2256","targetHints":{"allow":["GET"]}}],"collection":[{"href":"https:\/\/nuevodigitaldeescobar.com.ar\/index.php?rest_route=\/wp\/v2\/posts"}],"about":[{"href":"https:\/\/nuevodigitaldeescobar.com.ar\/index.php?rest_route=\/wp\/v2\/types\/post"}],"author":[{"embeddable":true,"href":"https:\/\/nuevodigitaldeescobar.com.ar\/index.php?rest_route=\/wp\/v2\/users\/1"}],"replies":[{"embeddable":true,"href":"https:\/\/nuevodigitaldeescobar.com.ar\/index.php?rest_route=%2Fwp%2Fv2%2Fcomments&post=2256"}],"version-history":[{"count":1,"href":"https:\/\/nuevodigitaldeescobar.com.ar\/index.php?rest_route=\/wp\/v2\/posts\/2256\/revisions"}],"predecessor-version":[{"id":2259,"href":"https:\/\/nuevodigitaldeescobar.com.ar\/index.php?rest_route=\/wp\/v2\/posts\/2256\/revisions\/2259"}],"wp:featuredmedia":[{"embeddable":true,"href":"https:\/\/nuevodigitaldeescobar.com.ar\/index.php?rest_route=\/wp\/v2\/media\/2257"}],"wp:attachment":[{"href":"https:\/\/nuevodigitaldeescobar.com.ar\/index.php?rest_route=%2Fwp%2Fv2%2Fmedia&parent=2256"}],"wp:term":[{"taxonomy":"category","embeddable":true,"href":"https:\/\/nuevodigitaldeescobar.com.ar\/index.php?rest_route=%2Fwp%2Fv2%2Fcategories&post=2256"},{"taxonomy":"post_tag","embeddable":true,"href":"https:\/\/nuevodigitaldeescobar.com.ar\/index.php?rest_route=%2Fwp%2Fv2%2Ftags&post=2256"}],"curies":[{"name":"wp","href":"https:\/\/api.w.org\/{rel}","templated":true}]}}