{"id":2275,"date":"2024-01-04T07:00:00","date_gmt":"2024-01-04T10:00:00","guid":{"rendered":"https:\/\/nuevodigitaldeescobar.com.ar\/?p=2275"},"modified":"2024-01-02T19:28:27","modified_gmt":"2024-01-02T22:28:27","slug":"como-disminuir-la-posibilidad-de-otitis-por-la-pileta-el-mar-o-el-rio-en-el-verano","status":"publish","type":"post","link":"https:\/\/nuevodigitaldeescobar.com.ar\/?p=2275","title":{"rendered":"C\u00f3mo disminuir la posibilidad de otitis por la pileta, el mar o el r\u00edo en el verano"},"content":{"rendered":"<p><span style=\"color: #003366;\"><strong><em>Especialistas se\u00f1alaron que para poder disfrutar del agua en verano cuidando el o\u00eddo hay que seguir ciertas pautas preventivas y evitar errores comunes como la limpieza profunda con hisopos.<\/em><\/strong><\/span><\/p>\n<p><!--more--><\/p>\n<hr \/>\n<p>Evitar la limpieza profunda con hisopos, utilizar alcohol boricado en algunos casos y sin excederse y consultar antes de la temporada estival en caso de ser un paciente con otitis a repetici\u00f3n, son algunas de las recomendaciones que especialistas brindan en el inicio del verano para cuidar la salud del o\u00eddo y que no impida el disfrute del agua.<\/p>\n<p><em>\u00abLa otitis externa es una infecci\u00f3n del conducto auditivo externo. Esta afecci\u00f3n suele ser causada por la proliferaci\u00f3n de bacterias y hongos en el canal auditivo, favorecida por la humedad y el calor. La exposici\u00f3n prolongada al agua, como la que experimentan los nadadores y los ni\u00f1os que disfrutan de actividades acu\u00e1ticas, aumenta significativamente el riesgo de contraer esta afecci\u00f3n\u00bb<\/em>, se\u00f1al\u00f3 la m\u00e9dica Romina Stawski, de la Divisi\u00f3n Otorrinolaringolog\u00eda del Hospital de Cl\u00ednicas.<\/p>\n<p>La especialista explic\u00f3 que <em>\u00abla cera tiene propiedades anti microbianas que nos protegen de las infecciones y del agua, es por esto que el uso de hisopos, adem\u00e1s de irritar la piel del conducto auditivo externo, nos quita esta protecci\u00f3n\u00bb<\/em>.<\/p>\n<p><em>\u00abOtro problema con el uso de hisopos es que suelen existir tapones de cera y lo \u00fanico que se logra es empujarlos hacia atr\u00e1s y en casos extremos, adherirlos al t\u00edmpano o perforarlo\u00bb<\/em>, sostuvo.<\/p>\n<p>En este contexto, la primera recomendaci\u00f3n para toda la poblaci\u00f3n es evitar la limpieza excesiva: <em>\u00abSiempre se desaconseja la limpieza profunda del canal auditivo, ya que como explicamos antes esto puede eliminar la capa protectora de cerumen y aumentar el riesgo de infecci\u00f3n\u00bb<\/em>, dijo.<\/p>\n<p>Y continu\u00f3: <em>\u00abLo que se recomienda al momento de salir de la ducha o la pileta, es un secado superficial. Una de las maneras de hacerlo es envolviendo el dedo en una toalla haciendo movimientos circulares en la entrada del conducto\u00bb<\/em>.<\/p>\n<p>Respecto al uso de alcohol boricado, Stawski explic\u00f3 que <em>\u00absi la persona no tiene problemas en el o\u00eddo y no suele hacer otitis externas no es necesario; ahora bien, si es de hacer otitis externas cuando va a piletas porque, por ejemplo, queda humedad porque su conducto auditivo es \u00abm\u00e1s estrecho\u00bb, lo que se puede hacer es cuando se termina el d\u00eda entero de pileta (no despu\u00e9s de cada vez que la persona se sumerge), poner 3 o 4 gotas de alcohol boricado para evaporar el agua\u00bb<\/em>.<\/p>\n<p><em>\u00abSin embargo -alert\u00f3- no es bueno usarlo dem\u00e1s porque genera sequedad en la piel como todos los alcoholes\u00bb<\/em>.<\/p>\n<p>En el caso de ser una persona con antecedentes de otitis externas (conocida tambi\u00e9n como <em>\u00abotitis del nadador\u00bb<\/em>), que suelen desarrollar tapones de cera o que se tiene eczema cr\u00f3nico (una descamaci\u00f3n de la piel interna del o\u00eddo), la especialista sugiere consultar con un otorrino antes de la temporada de verano.<\/p>\n<p><em>\u00abPor lo general esos pacientes ya saben que tienen que prepararse, a veces es con una gota o con una crema espec\u00edfica, pero eso es individual dependiendo el caso, no se puede generalizar\u00bb<\/em>, sostuvo.<\/p>\n<p>Y a\u00f1adi\u00f3 que <em>\u00aben caso de querer usar protectores de o\u00eddo en la pileta, tambi\u00e9n es recomendable consultar a un especialista en otorrinolaringolog\u00eda\u00bb<\/em>.<\/p>\n<p>La especialista describi\u00f3 que <em>\u00abla pileta suele ser m\u00e1s nociva para los o\u00eddos que el agua del r\u00edo o del mar, ya que por m\u00e1s cloro que tenga sigue siendo agua estancada que favorece la proliferaci\u00f3n bacteriana; especialmente en casos donde existen irritabilidad o alergias en sectores del o\u00eddo\u00bb<\/em>.<\/p>\n<p>En la misma l\u00ednea, Daniel P\u00e9rez Gramajo, jefe del Servicio de Otorrinolaringolog\u00eda en el Hospital Eva Per\u00f3n de San Mart\u00edn, describi\u00f3 que <em>\u00abel conducto auditivo externo tiene una forma tubular y conecta el pabell\u00f3n de la oreja con el t\u00edmpano, y est\u00e1 formado por hueso y cart\u00edlago cubierto de piel, el cual contiene pH \u00e1cido, que funciona como protecci\u00f3n contra las infecciones\u00bb<\/em>.<\/p>\n<p>Y a\u00f1adi\u00f3: <em>\u00abLos productos con los que se limpia la pileta y el tiempo de exposici\u00f3n en el agua pueden hacer que esa piel pierda su integridad con los ba\u00f1os prolongados y, en ese caso, los g\u00e9rmenes act\u00faan con m\u00e1s facilidad\u00bb<\/em>.<\/p>\n<p>Respecto a los s\u00edntomas, Stawski describi\u00f3 que pueden incluir picaz\u00f3n, enrojecimiento, dolor al tirar del l\u00f3bulo de la oreja e incluso p\u00e9rdida parcial de la audici\u00f3n.<\/p>\n<p><em>\u00abEn casos m\u00e1s avanzados, se pueden desarrollar secreciones. Ante la presencia de estos signos, es crucial consultar a un profesional de la salud para un diagn\u00f3stico preciso\u00bb<\/em>, indic\u00f3.<\/p>\n<p>Respecto al tratamiento, se suelen recetar gotas \u00f3ticas antibi\u00f3ticas o antif\u00fangicas, seg\u00fan la causa de la otitis. <em>\u00abEn casos m\u00e1s graves, puede ser necesario un tratamiento antibi\u00f3tico oral y en otros, corticoides inyectables\u00bb<\/em>, concluy\u00f3 la m\u00e9dica.<\/p>\n<p><em>\u00abEn cualquier caso, incluso en los leves -sostuvo P\u00e9rez Gramajo- es muy importante tratar estos cuadros que en verano son altamente frecuentes y que muchas veces se menosprecian por ser enfermedades conocidas\u00bb<\/em>.<\/p>\n<p>Seg\u00fan los Institutos Nacionales de Salud de Estado Unidos (NIH por sus siglas en ingl\u00e9s), la otitis externa es una afecci\u00f3n com\u00fan y puede ocurrir en todos los grupos de edad.<\/p>\n<p><em>\u00abEs poco com\u00fan en pacientes menores de 2 a\u00f1os. Su incidencia es desconocida, pero alcanza su punto m\u00e1ximo alrededor de los 7-14 a\u00f1os. Aproximadamente el 10% de las personas desarrollar\u00e1 otitis externa durante su vida y la mayor\u00eda de los casos (95%) son agudos\u00bb<\/em>, es decir, se resuelven en un periodo corto de tiempo.<\/p>\n<p><em>(T\u00e9lam)<\/em><\/p>\n","protected":false},"excerpt":{"rendered":"<p>Especialistas se\u00f1alaron que para poder disfrutar del agua en verano cuidando el o\u00eddo hay que seguir ciertas pautas preventivas y evitar errores comunes como la [&hellip;]<\/p>\n","protected":false},"author":1,"featured_media":2276,"comment_status":"open","ping_status":"closed","sticky":false,"template":"","format":"standard","meta":{"footnotes":""},"categories":[3],"tags":[],"class_list":["post-2275","post","type-post","status-publish","format-standard","has-post-thumbnail","hentry","category-nutricion"],"better_featured_image":{"id":2276,"alt_text":"","caption":"","description":"","media_type":"image","media_details":{"width":720,"height":405,"file":"2024\/01\/otitis-piletas-e1704216155853.jpg","filesize":105559,"sizes":{"medium":{"file":"otitis-piletas-300x169.jpg","width":300,"height":169,"mime-type":"image\/jpeg","filesize":9897,"source_url":"https:\/\/nuevodigitaldeescobar.com.ar\/wp-content\/uploads\/2024\/01\/otitis-piletas-300x169.jpg"},"large":{"file":"otitis-piletas-1024x576.jpg","width":1024,"height":576,"mime-type":"image\/jpeg","filesize":66071,"source_url":"https:\/\/nuevodigitaldeescobar.com.ar\/wp-content\/uploads\/2024\/01\/otitis-piletas-1024x576.jpg"},"thumbnail":{"file":"otitis-piletas-150x150.jpg","width":150,"height":150,"mime-type":"image\/jpeg","filesize":5513,"source_url":"https:\/\/nuevodigitaldeescobar.com.ar\/wp-content\/uploads\/2024\/01\/otitis-piletas-150x150.jpg"},"medium_large":{"file":"otitis-piletas-768x432.jpg","width":768,"height":432,"mime-type":"image\/jpeg","filesize":42624,"source_url":"https:\/\/nuevodigitaldeescobar.com.ar\/wp-content\/uploads\/2024\/01\/otitis-piletas-768x432.jpg"},"covernews-slider-full":{"file":"otitis-piletas-1115x675.jpg","width":1115,"height":675,"mime-type":"image\/jpeg","filesize":83579,"source_url":"https:\/\/nuevodigitaldeescobar.com.ar\/wp-content\/uploads\/2024\/01\/otitis-piletas-1115x675.jpg"},"covernews-slider-center":{"file":"otitis-piletas-800x500.jpg","width":800,"height":500,"mime-type":"image\/jpeg","filesize":50823,"source_url":"https:\/\/nuevodigitaldeescobar.com.ar\/wp-content\/uploads\/2024\/01\/otitis-piletas-800x500.jpg"},"covernews-featured":{"file":"otitis-piletas-1024x576.jpg","width":1024,"height":576,"mime-type":"image\/jpeg","filesize":66071,"source_url":"https:\/\/nuevodigitaldeescobar.com.ar\/wp-content\/uploads\/2024\/01\/otitis-piletas-1024x576.jpg"},"covernews-medium":{"file":"otitis-piletas-540x340.jpg","width":540,"height":340,"mime-type":"image\/jpeg","filesize":27837,"source_url":"https:\/\/nuevodigitaldeescobar.com.ar\/wp-content\/uploads\/2024\/01\/otitis-piletas-540x340.jpg"},"covernews-medium-square":{"file":"otitis-piletas-400x250.jpg","width":400,"height":250,"mime-type":"image\/jpeg","filesize":17031,"source_url":"https:\/\/nuevodigitaldeescobar.com.ar\/wp-content\/uploads\/2024\/01\/otitis-piletas-400x250.jpg"}},"image_meta":{"aperture":"0","credit":"","camera":"","caption":"","created_timestamp":"0","copyright":"","focal_length":"0","iso":"0","shutter_speed":"0","title":"","orientation":"0","keywords":[]}},"post":2275,"source_url":"https:\/\/nuevodigitaldeescobar.com.ar\/wp-content\/uploads\/2024\/01\/otitis-piletas-e1704216155853.jpg"},"yoast_head":"<!-- This site is optimized with the Yoast SEO plugin v26.1.1 - https:\/\/yoast.com\/wordpress\/plugins\/seo\/ -->\n<title>C\u00f3mo disminuir la posibilidad de otitis por la pileta, el mar o el r\u00edo en el verano - Nuevo Digital de Escobar<\/title>\n<meta name=\"robots\" content=\"index, follow, max-snippet:-1, max-image-preview:large, max-video-preview:-1\" \/>\n<link rel=\"canonical\" href=\"https:\/\/nuevodigitaldeescobar.com.ar\/?p=2275\" \/>\n<meta property=\"og:locale\" content=\"es_ES\" \/>\n<meta property=\"og:type\" content=\"article\" \/>\n<meta property=\"og:title\" content=\"C\u00f3mo disminuir la posibilidad de otitis por la pileta, el mar o el r\u00edo en el verano - Nuevo Digital de Escobar\" \/>\n<meta property=\"og:description\" content=\"Especialistas se\u00f1alaron que para poder disfrutar del agua en verano cuidando el o\u00eddo hay que seguir ciertas pautas preventivas y evitar errores comunes como la [&hellip;]\" \/>\n<meta property=\"og:url\" content=\"https:\/\/nuevodigitaldeescobar.com.ar\/?p=2275\" \/>\n<meta property=\"og:site_name\" content=\"Nuevo Digital de Escobar\" \/>\n<meta property=\"article:publisher\" content=\"https:\/\/www.facebook.com\/NUEVODigitalDeEscobar\" \/>\n<meta property=\"article:published_time\" content=\"2024-01-04T10:00:00+00:00\" \/>\n<meta property=\"og:image\" content=\"https:\/\/nuevodigitaldeescobar.com.ar\/wp-content\/uploads\/2024\/01\/otitis-piletas-e1704216155853.jpg\" \/>\n\t<meta property=\"og:image:width\" content=\"720\" \/>\n\t<meta property=\"og:image:height\" content=\"405\" \/>\n\t<meta property=\"og:image:type\" content=\"image\/jpeg\" \/>\n<meta name=\"author\" content=\"Redacci\u00f3n\" \/>\n<meta name=\"twitter:card\" content=\"summary_large_image\" \/>\n<meta name=\"twitter:creator\" content=\"@nuevodigescobar\" \/>\n<meta name=\"twitter:site\" content=\"@nuevodigescobar\" \/>\n<meta name=\"twitter:label1\" content=\"Escrito por\" \/>\n\t<meta name=\"twitter:data1\" content=\"Redacci\u00f3n\" \/>\n\t<meta name=\"twitter:label2\" content=\"Tiempo de lectura\" \/>\n\t<meta name=\"twitter:data2\" content=\"5 minutos\" \/>\n<script type=\"application\/ld+json\" class=\"yoast-schema-graph\">{\"@context\":\"https:\/\/schema.org\",\"@graph\":[{\"@type\":\"Article\",\"@id\":\"https:\/\/nuevodigitaldeescobar.com.ar\/?p=2275#article\",\"isPartOf\":{\"@id\":\"https:\/\/nuevodigitaldeescobar.com.ar\/?p=2275\"},\"author\":{\"name\":\"Redacci\u00f3n\",\"@id\":\"https:\/\/nuevodigitaldeescobar.com.ar\/#\/schema\/person\/035e90a8efe9a80e6eec22656ad6ea4c\"},\"headline\":\"C\u00f3mo disminuir la posibilidad de otitis por la pileta, el mar o el r\u00edo en el verano\",\"datePublished\":\"2024-01-04T10:00:00+00:00\",\"mainEntityOfPage\":{\"@id\":\"https:\/\/nuevodigitaldeescobar.com.ar\/?p=2275\"},\"wordCount\":990,\"commentCount\":0,\"publisher\":{\"@id\":\"https:\/\/nuevodigitaldeescobar.com.ar\/#organization\"},\"image\":{\"@id\":\"https:\/\/nuevodigitaldeescobar.com.ar\/?p=2275#primaryimage\"},\"thumbnailUrl\":\"https:\/\/nuevodigitaldeescobar.com.ar\/wp-content\/uploads\/2024\/01\/otitis-piletas-e1704216155853.jpg\",\"articleSection\":[\"Salud y Nutrici\u00f3n\"],\"inLanguage\":\"es\",\"potentialAction\":[{\"@type\":\"CommentAction\",\"name\":\"Comment\",\"target\":[\"https:\/\/nuevodigitaldeescobar.com.ar\/?p=2275#respond\"]}]},{\"@type\":\"WebPage\",\"@id\":\"https:\/\/nuevodigitaldeescobar.com.ar\/?p=2275\",\"url\":\"https:\/\/nuevodigitaldeescobar.com.ar\/?p=2275\",\"name\":\"C\u00f3mo disminuir la posibilidad de otitis por la pileta, el mar o el r\u00edo en el verano - Nuevo Digital de Escobar\",\"isPartOf\":{\"@id\":\"https:\/\/nuevodigitaldeescobar.com.ar\/#website\"},\"primaryImageOfPage\":{\"@id\":\"https:\/\/nuevodigitaldeescobar.com.ar\/?p=2275#primaryimage\"},\"image\":{\"@id\":\"https:\/\/nuevodigitaldeescobar.com.ar\/?p=2275#primaryimage\"},\"thumbnailUrl\":\"https:\/\/nuevodigitaldeescobar.com.ar\/wp-content\/uploads\/2024\/01\/otitis-piletas-e1704216155853.jpg\",\"datePublished\":\"2024-01-04T10:00:00+00:00\",\"breadcrumb\":{\"@id\":\"https:\/\/nuevodigitaldeescobar.com.ar\/?p=2275#breadcrumb\"},\"inLanguage\":\"es\",\"potentialAction\":[{\"@type\":\"ReadAction\",\"target\":[\"https:\/\/nuevodigitaldeescobar.com.ar\/?p=2275\"]}]},{\"@type\":\"ImageObject\",\"inLanguage\":\"es\",\"@id\":\"https:\/\/nuevodigitaldeescobar.com.ar\/?p=2275#primaryimage\",\"url\":\"https:\/\/nuevodigitaldeescobar.com.ar\/wp-content\/uploads\/2024\/01\/otitis-piletas-e1704216155853.jpg\",\"contentUrl\":\"https:\/\/nuevodigitaldeescobar.com.ar\/wp-content\/uploads\/2024\/01\/otitis-piletas-e1704216155853.jpg\",\"width\":720,\"height\":405},{\"@type\":\"BreadcrumbList\",\"@id\":\"https:\/\/nuevodigitaldeescobar.com.ar\/?p=2275#breadcrumb\",\"itemListElement\":[{\"@type\":\"ListItem\",\"position\":1,\"name\":\"Portada\",\"item\":\"https:\/\/nuevodigitaldeescobar.com.ar\/\"},{\"@type\":\"ListItem\",\"position\":2,\"name\":\"C\u00f3mo disminuir la posibilidad de otitis por la pileta, el mar o el r\u00edo en el verano\"}]},{\"@type\":\"WebSite\",\"@id\":\"https:\/\/nuevodigitaldeescobar.com.ar\/#website\",\"url\":\"https:\/\/nuevodigitaldeescobar.com.ar\/\",\"name\":\"Nuevo Digital de Escobar\",\"description\":\"La vida escobarense. Directora: Rosana Brunner\",\"publisher\":{\"@id\":\"https:\/\/nuevodigitaldeescobar.com.ar\/#organization\"},\"potentialAction\":[{\"@type\":\"SearchAction\",\"target\":{\"@type\":\"EntryPoint\",\"urlTemplate\":\"https:\/\/nuevodigitaldeescobar.com.ar\/?s={search_term_string}\"},\"query-input\":{\"@type\":\"PropertyValueSpecification\",\"valueRequired\":true,\"valueName\":\"search_term_string\"}}],\"inLanguage\":\"es\"},{\"@type\":\"Organization\",\"@id\":\"https:\/\/nuevodigitaldeescobar.com.ar\/#organization\",\"name\":\"Nuevo Digital de Escobar\",\"url\":\"https:\/\/nuevodigitaldeescobar.com.ar\/\",\"logo\":{\"@type\":\"ImageObject\",\"inLanguage\":\"es\",\"@id\":\"https:\/\/nuevodigitaldeescobar.com.ar\/#\/schema\/logo\/image\/\",\"url\":\"https:\/\/nuevodigitaldeescobar.com.ar\/wp-content\/uploads\/2025\/05\/cropped-logo-nuevo2.jpg\",\"contentUrl\":\"https:\/\/nuevodigitaldeescobar.com.ar\/wp-content\/uploads\/2025\/05\/cropped-logo-nuevo2.jpg\",\"width\":305,\"height\":305,\"caption\":\"Nuevo Digital de Escobar\"},\"image\":{\"@id\":\"https:\/\/nuevodigitaldeescobar.com.ar\/#\/schema\/logo\/image\/\"},\"sameAs\":[\"https:\/\/www.facebook.com\/NUEVODigitalDeEscobar\",\"https:\/\/x.com\/nuevodigescobar\",\"https:\/\/www.instagram.com\/nuevodigitaldeescobar\"]},{\"@type\":\"Person\",\"@id\":\"https:\/\/nuevodigitaldeescobar.com.ar\/#\/schema\/person\/035e90a8efe9a80e6eec22656ad6ea4c\",\"name\":\"Redacci\u00f3n\",\"image\":{\"@type\":\"ImageObject\",\"inLanguage\":\"es\",\"@id\":\"https:\/\/nuevodigitaldeescobar.com.ar\/#\/schema\/person\/image\/\",\"url\":\"https:\/\/secure.gravatar.com\/avatar\/8af8f40000c24e9eef3034f2be5998a372bb1389e64b1a4a36b3a7979142220d?s=96&d=mm&r=g\",\"contentUrl\":\"https:\/\/secure.gravatar.com\/avatar\/8af8f40000c24e9eef3034f2be5998a372bb1389e64b1a4a36b3a7979142220d?s=96&d=mm&r=g\",\"caption\":\"Redacci\u00f3n\"},\"sameAs\":[\"http:\/\/nuevodigitaldeescobar.com.ar\"],\"url\":\"https:\/\/nuevodigitaldeescobar.com.ar\/?author=1\"}]}<\/script>\n<!-- \/ Yoast SEO plugin. -->","yoast_head_json":{"title":"C\u00f3mo disminuir la posibilidad de otitis por la pileta, el mar o el r\u00edo en el verano - Nuevo Digital de Escobar","robots":{"index":"index","follow":"follow","max-snippet":"max-snippet:-1","max-image-preview":"max-image-preview:large","max-video-preview":"max-video-preview:-1"},"canonical":"https:\/\/nuevodigitaldeescobar.com.ar\/?p=2275","og_locale":"es_ES","og_type":"article","og_title":"C\u00f3mo disminuir la posibilidad de otitis por la pileta, el mar o el r\u00edo en el verano - Nuevo Digital de Escobar","og_description":"Especialistas se\u00f1alaron que para poder disfrutar del agua en verano cuidando el o\u00eddo hay que seguir ciertas pautas preventivas y evitar errores comunes como la [&hellip;]","og_url":"https:\/\/nuevodigitaldeescobar.com.ar\/?p=2275","og_site_name":"Nuevo Digital de Escobar","article_publisher":"https:\/\/www.facebook.com\/NUEVODigitalDeEscobar","article_published_time":"2024-01-04T10:00:00+00:00","og_image":[{"width":720,"height":405,"url":"https:\/\/nuevodigitaldeescobar.com.ar\/wp-content\/uploads\/2024\/01\/otitis-piletas-e1704216155853.jpg","type":"image\/jpeg"}],"author":"Redacci\u00f3n","twitter_card":"summary_large_image","twitter_creator":"@nuevodigescobar","twitter_site":"@nuevodigescobar","twitter_misc":{"Escrito por":"Redacci\u00f3n","Tiempo de lectura":"5 minutos"},"schema":{"@context":"https:\/\/schema.org","@graph":[{"@type":"Article","@id":"https:\/\/nuevodigitaldeescobar.com.ar\/?p=2275#article","isPartOf":{"@id":"https:\/\/nuevodigitaldeescobar.com.ar\/?p=2275"},"author":{"name":"Redacci\u00f3n","@id":"https:\/\/nuevodigitaldeescobar.com.ar\/#\/schema\/person\/035e90a8efe9a80e6eec22656ad6ea4c"},"headline":"C\u00f3mo disminuir la posibilidad de otitis por la pileta, el mar o el r\u00edo en el verano","datePublished":"2024-01-04T10:00:00+00:00","mainEntityOfPage":{"@id":"https:\/\/nuevodigitaldeescobar.com.ar\/?p=2275"},"wordCount":990,"commentCount":0,"publisher":{"@id":"https:\/\/nuevodigitaldeescobar.com.ar\/#organization"},"image":{"@id":"https:\/\/nuevodigitaldeescobar.com.ar\/?p=2275#primaryimage"},"thumbnailUrl":"https:\/\/nuevodigitaldeescobar.com.ar\/wp-content\/uploads\/2024\/01\/otitis-piletas-e1704216155853.jpg","articleSection":["Salud y Nutrici\u00f3n"],"inLanguage":"es","potentialAction":[{"@type":"CommentAction","name":"Comment","target":["https:\/\/nuevodigitaldeescobar.com.ar\/?p=2275#respond"]}]},{"@type":"WebPage","@id":"https:\/\/nuevodigitaldeescobar.com.ar\/?p=2275","url":"https:\/\/nuevodigitaldeescobar.com.ar\/?p=2275","name":"C\u00f3mo disminuir la posibilidad de otitis por la pileta, el mar o el r\u00edo en el verano - Nuevo Digital de Escobar","isPartOf":{"@id":"https:\/\/nuevodigitaldeescobar.com.ar\/#website"},"primaryImageOfPage":{"@id":"https:\/\/nuevodigitaldeescobar.com.ar\/?p=2275#primaryimage"},"image":{"@id":"https:\/\/nuevodigitaldeescobar.com.ar\/?p=2275#primaryimage"},"thumbnailUrl":"https:\/\/nuevodigitaldeescobar.com.ar\/wp-content\/uploads\/2024\/01\/otitis-piletas-e1704216155853.jpg","datePublished":"2024-01-04T10:00:00+00:00","breadcrumb":{"@id":"https:\/\/nuevodigitaldeescobar.com.ar\/?p=2275#breadcrumb"},"inLanguage":"es","potentialAction":[{"@type":"ReadAction","target":["https:\/\/nuevodigitaldeescobar.com.ar\/?p=2275"]}]},{"@type":"ImageObject","inLanguage":"es","@id":"https:\/\/nuevodigitaldeescobar.com.ar\/?p=2275#primaryimage","url":"https:\/\/nuevodigitaldeescobar.com.ar\/wp-content\/uploads\/2024\/01\/otitis-piletas-e1704216155853.jpg","contentUrl":"https:\/\/nuevodigitaldeescobar.com.ar\/wp-content\/uploads\/2024\/01\/otitis-piletas-e1704216155853.jpg","width":720,"height":405},{"@type":"BreadcrumbList","@id":"https:\/\/nuevodigitaldeescobar.com.ar\/?p=2275#breadcrumb","itemListElement":[{"@type":"ListItem","position":1,"name":"Portada","item":"https:\/\/nuevodigitaldeescobar.com.ar\/"},{"@type":"ListItem","position":2,"name":"C\u00f3mo disminuir la posibilidad de otitis por la pileta, el mar o el r\u00edo en el verano"}]},{"@type":"WebSite","@id":"https:\/\/nuevodigitaldeescobar.com.ar\/#website","url":"https:\/\/nuevodigitaldeescobar.com.ar\/","name":"Nuevo Digital de Escobar","description":"La vida escobarense. Directora: Rosana Brunner","publisher":{"@id":"https:\/\/nuevodigitaldeescobar.com.ar\/#organization"},"potentialAction":[{"@type":"SearchAction","target":{"@type":"EntryPoint","urlTemplate":"https:\/\/nuevodigitaldeescobar.com.ar\/?s={search_term_string}"},"query-input":{"@type":"PropertyValueSpecification","valueRequired":true,"valueName":"search_term_string"}}],"inLanguage":"es"},{"@type":"Organization","@id":"https:\/\/nuevodigitaldeescobar.com.ar\/#organization","name":"Nuevo Digital de Escobar","url":"https:\/\/nuevodigitaldeescobar.com.ar\/","logo":{"@type":"ImageObject","inLanguage":"es","@id":"https:\/\/nuevodigitaldeescobar.com.ar\/#\/schema\/logo\/image\/","url":"https:\/\/nuevodigitaldeescobar.com.ar\/wp-content\/uploads\/2025\/05\/cropped-logo-nuevo2.jpg","contentUrl":"https:\/\/nuevodigitaldeescobar.com.ar\/wp-content\/uploads\/2025\/05\/cropped-logo-nuevo2.jpg","width":305,"height":305,"caption":"Nuevo Digital de Escobar"},"image":{"@id":"https:\/\/nuevodigitaldeescobar.com.ar\/#\/schema\/logo\/image\/"},"sameAs":["https:\/\/www.facebook.com\/NUEVODigitalDeEscobar","https:\/\/x.com\/nuevodigescobar","https:\/\/www.instagram.com\/nuevodigitaldeescobar"]},{"@type":"Person","@id":"https:\/\/nuevodigitaldeescobar.com.ar\/#\/schema\/person\/035e90a8efe9a80e6eec22656ad6ea4c","name":"Redacci\u00f3n","image":{"@type":"ImageObject","inLanguage":"es","@id":"https:\/\/nuevodigitaldeescobar.com.ar\/#\/schema\/person\/image\/","url":"https:\/\/secure.gravatar.com\/avatar\/8af8f40000c24e9eef3034f2be5998a372bb1389e64b1a4a36b3a7979142220d?s=96&d=mm&r=g","contentUrl":"https:\/\/secure.gravatar.com\/avatar\/8af8f40000c24e9eef3034f2be5998a372bb1389e64b1a4a36b3a7979142220d?s=96&d=mm&r=g","caption":"Redacci\u00f3n"},"sameAs":["http:\/\/nuevodigitaldeescobar.com.ar"],"url":"https:\/\/nuevodigitaldeescobar.com.ar\/?author=1"}]}},"featured_image_urls":{"full":["https:\/\/nuevodigitaldeescobar.com.ar\/wp-content\/uploads\/2024\/01\/otitis-piletas-e1704216155853.jpg",720,405,false],"thumbnail":["https:\/\/nuevodigitaldeescobar.com.ar\/wp-content\/uploads\/2024\/01\/otitis-piletas-150x150.jpg",150,150,true],"medium":["https:\/\/nuevodigitaldeescobar.com.ar\/wp-content\/uploads\/2024\/01\/otitis-piletas-300x169.jpg",300,169,true],"medium_large":["https:\/\/nuevodigitaldeescobar.com.ar\/wp-content\/uploads\/2024\/01\/otitis-piletas-768x432.jpg",640,360,true],"large":["https:\/\/nuevodigitaldeescobar.com.ar\/wp-content\/uploads\/2024\/01\/otitis-piletas-1024x576.jpg",640,360,true],"1536x1536":["https:\/\/nuevodigitaldeescobar.com.ar\/wp-content\/uploads\/2024\/01\/otitis-piletas-e1704216155853.jpg",720,405,false],"2048x2048":["https:\/\/nuevodigitaldeescobar.com.ar\/wp-content\/uploads\/2024\/01\/otitis-piletas-e1704216155853.jpg",720,405,false]},"author_info":{"display_name":"Redacci\u00f3n","author_link":"https:\/\/nuevodigitaldeescobar.com.ar\/?author=1"},"category_info":"<a href=\"https:\/\/nuevodigitaldeescobar.com.ar\/?cat=3\" rel=\"category\">Salud y Nutrici\u00f3n<\/a>","tag_info":"Salud y Nutrici\u00f3n","comment_count":"0","_links":{"self":[{"href":"https:\/\/nuevodigitaldeescobar.com.ar\/index.php?rest_route=\/wp\/v2\/posts\/2275","targetHints":{"allow":["GET"]}}],"collection":[{"href":"https:\/\/nuevodigitaldeescobar.com.ar\/index.php?rest_route=\/wp\/v2\/posts"}],"about":[{"href":"https:\/\/nuevodigitaldeescobar.com.ar\/index.php?rest_route=\/wp\/v2\/types\/post"}],"author":[{"embeddable":true,"href":"https:\/\/nuevodigitaldeescobar.com.ar\/index.php?rest_route=\/wp\/v2\/users\/1"}],"replies":[{"embeddable":true,"href":"https:\/\/nuevodigitaldeescobar.com.ar\/index.php?rest_route=%2Fwp%2Fv2%2Fcomments&post=2275"}],"version-history":[{"count":1,"href":"https:\/\/nuevodigitaldeescobar.com.ar\/index.php?rest_route=\/wp\/v2\/posts\/2275\/revisions"}],"predecessor-version":[{"id":2277,"href":"https:\/\/nuevodigitaldeescobar.com.ar\/index.php?rest_route=\/wp\/v2\/posts\/2275\/revisions\/2277"}],"wp:featuredmedia":[{"embeddable":true,"href":"https:\/\/nuevodigitaldeescobar.com.ar\/index.php?rest_route=\/wp\/v2\/media\/2276"}],"wp:attachment":[{"href":"https:\/\/nuevodigitaldeescobar.com.ar\/index.php?rest_route=%2Fwp%2Fv2%2Fmedia&parent=2275"}],"wp:term":[{"taxonomy":"category","embeddable":true,"href":"https:\/\/nuevodigitaldeescobar.com.ar\/index.php?rest_route=%2Fwp%2Fv2%2Fcategories&post=2275"},{"taxonomy":"post_tag","embeddable":true,"href":"https:\/\/nuevodigitaldeescobar.com.ar\/index.php?rest_route=%2Fwp%2Fv2%2Ftags&post=2275"}],"curies":[{"name":"wp","href":"https:\/\/api.w.org\/{rel}","templated":true}]}}