{"id":2295,"date":"2024-01-03T09:01:00","date_gmt":"2024-01-03T12:01:00","guid":{"rendered":"https:\/\/nuevodigitaldeescobar.com.ar\/?p=2295"},"modified":"2024-01-03T11:16:27","modified_gmt":"2024-01-03T14:16:27","slug":"el-senado-debate-en-comision-el-proyecto-de-boleta-unica-de-papel","status":"publish","type":"post","link":"https:\/\/nuevodigitaldeescobar.com.ar\/?p=2295","title":{"rendered":"El Senado debate en comisi\u00f3n el proyecto de Boleta \u00danica de Papel"},"content":{"rendered":"\n<p class=\"has-vivid-cyan-blue-color has-text-color has-link-color wp-elements-863feaf46f3084168e2b29a934a359c2\"><strong><em>El\u00a0plenario de Asuntos Constitucionales y de Justicia y Asuntos Penales\u00a0discutir\u00e1 este mi\u00e9rcoles los detalles de la iniciativa que ya fue sancionada por Diputados y permanece guardado en la C\u00e1mara alta desde mediados de 2022.<\/em><\/strong><\/p>\n\n\n\n<!--more-->\n\n\n\n<p><\/p>\n\n\n\n<p>Las comisiones de Justicia y Asuntos Penales y de Asuntos Constitucionales de la C\u00e1mara de Senadores&nbsp;<strong>debatir\u00e1n este mi\u00e9rcoles el proyecto de Ley de Boleta \u00danica de Papel (BUP)&nbsp;<\/strong>que ya fue aprobado a mediados de 2022 por Diputados; en tanto que las comisiones de Relaciones Exteriores y de Presupuesto y Hacienda avanzar\u00e1n con la discusi\u00f3n de varios tratados internacionales firmados durante el gobierno de Mauricio Macri.<\/p>\n\n\n\n<p>La semana pasada, Libertad Avanza (LLA) y los bloques no kirchneristas designaron a los legisladores que integrar\u00e1n las comisiones que trabajar\u00e1n durante el Per\u00edodo Extraordinario de Sesiones convocado por el Poder Ejecutivo Nacional, en tanto que el Frente de Todos (FdT) reci\u00e9n lo hizo el martes, por lo que la vicepresidenta de la Naci\u00f3n, Victoria Villarruel, firm\u00f3 el Decreto Presidencial Parlamentario (DPP) 1\/24 incorporando a los esos legisladores.<\/p>\n\n\n\n<p>El viernes, Villarruel hab\u00eda promulgado los DPP 46\/23 y 47\/23, confirmando que el oficialismo y los dem\u00e1s bloques no kirchneristas tendr\u00e1n la mayor\u00eda en cada una de las ocho comisiones informadas.<\/p>\n\n\n\n<p>Entonces, el FdT hab\u00eda decidido no enviar el listado de sus integrantes por considerar que, por ser la primera minor\u00eda parlamentaria, deber\u00eda otorg\u00e1rsele la mayor\u00eda.<\/p>\n\n\n\n<p>Pero el martes\u00a0<strong>la bancada encabezada por Jos\u00e9 Mayans decidi\u00f3 enviar el listado de sus representantes para las comisiones de Acuerdos, Asuntos Constitucionales, Justicia y Asuntos Penales, Relaciones Exteriores, Presupuesto y Hacienda, Legislaci\u00f3n General y Asuntos Administrativos y Municipales<\/strong>.<\/p>\n\n\n\n<p>Ya hab\u00edan presentado a quienes tomar\u00e1n parte de la Comisi\u00f3n Bicameral de Tr\u00e1mite Legislativo que debe analizar los Decretos de Necesidad y Urgencia, en la que ocupar\u00e1n tres de los ocho lugares que le corresponde al Senado.<\/p>\n\n\n\n<p>La decisi\u00f3n de entregar 10 sobre 17 y 11 sobre 19 integrantes de cada comisi\u00f3n al no kirchnerismo fue tomada por el pleno en la sesi\u00f3n del 13 de diciembre y respaldada por una mayor\u00eda de 39 votos contra 29 del FdT.<\/p>\n\n\n\n<p>De ese modo,&nbsp;<strong>el listado de los integrantes de las comisiones cuenta con representantes de La Libertad Avanza, el radicalismo, PRO, el peronismo disidente, de algunos bloques provinciales y, finalmente, del Frente de Todos&nbsp;<\/strong>que, si no designaba a los suyos, no podr\u00eda debatir ni firmar dictamen de los proyectos de ley que se pongan a discusi\u00f3n.<\/p>\n\n\n\n<p><strong>La intenci\u00f3n del oficialismo es constituir, al menos, cuatro de los siete organismos este mi\u00e9rcoles<\/strong>\u00a0para poder sesionar el pr\u00f3ximo 10 u 11 de enero.<\/p>\n\n\n\n<p>Las&nbsp;<strong>comisiones de Relaciones Exteriores y de Presupuesto y Hacienda<\/strong>&nbsp;se reunir\u00e1n desde las dos de la tarde para evaluar la viabilidad de los convenios econ\u00f3micos internacionales firmados por el gobierno de Mauricio Macri con Jap\u00f3n, Luxemburgo, China, Emiratos \u00c1rabes Unidos y Turqu\u00eda para evitar la llamada \u00abdoble imposici\u00f3n en materia de tributos sobre la renta y prevenir la evasi\u00f3n\u00bb, que fueron enviados al Congreso para su ratificaci\u00f3n y que el gobierno de Alberto Fern\u00e1ndez mantuvo cajoneados.<\/p>\n\n\n\n<p>Los oficialistas Francisco Paoltroni y Ezequiel Atauche encabezar\u00e1n las Comisiones de Relaciones Exteriores y de Presupuesto y Hacienda, respectivamente.<\/p>\n\n\n\n<p>Luego, a las 17, se reunir\u00e1 el\u00a0<strong>plenario de Asuntos Constitucionales y de Justicia y Asuntos Penales<\/strong>\u00a0para debatir los detalles del proyecto de Ley de Boleta \u00danica de Papel (BUP) que ya fue sancionado por Diputados y permanece guardado en el Senado desde mediados de 2022.<\/p>\n\n\n\n<p>Para la presidencia de esas comisiones se designar\u00e1 al peronista entrerriano Edgardo Kueider (Asuntos Constitucionales) y al mile\u00edsta riojano Juan Carlos Pagotto (Justicia).<\/p>\n\n\n\n<p>En los Decretos Parlamentarios firmados el viernes, Villarruel tambi\u00e9n design\u00f3 a los integrantes de las Comisiones de Acuerdos (que deber\u00e1n estudiar los pliegos de los embajadores designados por el actual gobierno), Legislaci\u00f3n General y Asuntos Administrativos y Municipales.<\/p>\n\n\n\n<p>Para presidir Acuerdos ser\u00e1 elegida la porte\u00f1a Guadalupe Tagliaferri (PRO); para Legislaci\u00f3n General, el oficialista puntano Bartolom\u00e9 Abdala; y para Asuntos Administrativos y Municipales, el radical pampeano Daniel Kroneberger.<\/p>\n\n\n\n<p><\/p>\n","protected":false},"excerpt":{"rendered":"<p>El\u00a0plenario de Asuntos Constitucionales y de Justicia y Asuntos Penales\u00a0discutir\u00e1 este mi\u00e9rcoles los detalles de la iniciativa que ya fue sancionada por Diputados y permanece [&hellip;]<\/p>\n","protected":false},"author":1,"featured_media":2296,"comment_status":"open","ping_status":"open","sticky":false,"template":"","format":"standard","meta":{"footnotes":""},"categories":[12],"tags":[103,102],"class_list":["post-2295","post","type-post","status-publish","format-standard","has-post-thumbnail","hentry","category-legislativas","tag-boleta-unica-de-papel","tag-senado"],"better_featured_image":{"id":2296,"alt_text":"","caption":"","description":"","media_type":"image","media_details":{"width":1200,"height":675,"file":"2024\/01\/657a0960e4827.12.2023-foto-pepe-mateos_1200.jpg","filesize":148168,"sizes":{"medium":{"file":"657a0960e4827.12.2023-foto-pepe-mateos_1200-300x169.jpg","width":300,"height":169,"mime-type":"image\/jpeg","filesize":16722,"source_url":"https:\/\/nuevodigitaldeescobar.com.ar\/wp-content\/uploads\/2024\/01\/657a0960e4827.12.2023-foto-pepe-mateos_1200-300x169.jpg"},"large":{"file":"657a0960e4827.12.2023-foto-pepe-mateos_1200-1024x576.jpg","width":1024,"height":576,"mime-type":"image\/jpeg","filesize":124769,"source_url":"https:\/\/nuevodigitaldeescobar.com.ar\/wp-content\/uploads\/2024\/01\/657a0960e4827.12.2023-foto-pepe-mateos_1200-1024x576.jpg"},"thumbnail":{"file":"657a0960e4827.12.2023-foto-pepe-mateos_1200-150x150.jpg","width":150,"height":150,"mime-type":"image\/jpeg","filesize":8224,"source_url":"https:\/\/nuevodigitaldeescobar.com.ar\/wp-content\/uploads\/2024\/01\/657a0960e4827.12.2023-foto-pepe-mateos_1200-150x150.jpg"},"medium_large":{"file":"657a0960e4827.12.2023-foto-pepe-mateos_1200-768x432.jpg","width":768,"height":432,"mime-type":"image\/jpeg","filesize":78606,"source_url":"https:\/\/nuevodigitaldeescobar.com.ar\/wp-content\/uploads\/2024\/01\/657a0960e4827.12.2023-foto-pepe-mateos_1200-768x432.jpg"},"covernews-slider-full":{"file":"657a0960e4827.12.2023-foto-pepe-mateos_1200-1115x675.jpg","width":1115,"height":675,"mime-type":"image\/jpeg","filesize":167161,"source_url":"https:\/\/nuevodigitaldeescobar.com.ar\/wp-content\/uploads\/2024\/01\/657a0960e4827.12.2023-foto-pepe-mateos_1200-1115x675.jpg"},"covernews-slider-center":{"file":"657a0960e4827.12.2023-foto-pepe-mateos_1200-800x500.jpg","width":800,"height":500,"mime-type":"image\/jpeg","filesize":92165,"source_url":"https:\/\/nuevodigitaldeescobar.com.ar\/wp-content\/uploads\/2024\/01\/657a0960e4827.12.2023-foto-pepe-mateos_1200-800x500.jpg"},"covernews-featured":{"file":"657a0960e4827.12.2023-foto-pepe-mateos_1200-1024x576.jpg","width":1024,"height":576,"mime-type":"image\/jpeg","filesize":124769,"source_url":"https:\/\/nuevodigitaldeescobar.com.ar\/wp-content\/uploads\/2024\/01\/657a0960e4827.12.2023-foto-pepe-mateos_1200-1024x576.jpg"},"covernews-medium":{"file":"657a0960e4827.12.2023-foto-pepe-mateos_1200-540x340.jpg","width":540,"height":340,"mime-type":"image\/jpeg","filesize":49011,"source_url":"https:\/\/nuevodigitaldeescobar.com.ar\/wp-content\/uploads\/2024\/01\/657a0960e4827.12.2023-foto-pepe-mateos_1200-540x340.jpg"},"covernews-medium-square":{"file":"657a0960e4827.12.2023-foto-pepe-mateos_1200-400x250.jpg","width":400,"height":250,"mime-type":"image\/jpeg","filesize":29296,"source_url":"https:\/\/nuevodigitaldeescobar.com.ar\/wp-content\/uploads\/2024\/01\/657a0960e4827.12.2023-foto-pepe-mateos_1200-400x250.jpg"}},"image_meta":{"aperture":"0","credit":"","camera":"","caption":"","created_timestamp":"0","copyright":"","focal_length":"0","iso":"0","shutter_speed":"0","title":"","orientation":"0","keywords":[]}},"post":2295,"source_url":"https:\/\/nuevodigitaldeescobar.com.ar\/wp-content\/uploads\/2024\/01\/657a0960e4827.12.2023-foto-pepe-mateos_1200.jpg"},"yoast_head":"<!-- This site is optimized with the Yoast SEO plugin v26.1.1 - https:\/\/yoast.com\/wordpress\/plugins\/seo\/ -->\n<title>El Senado debate en comisi\u00f3n el proyecto de Boleta \u00danica de Papel - Nuevo Digital de Escobar<\/title>\n<meta name=\"robots\" content=\"index, follow, max-snippet:-1, max-image-preview:large, max-video-preview:-1\" \/>\n<link rel=\"canonical\" href=\"https:\/\/nuevodigitaldeescobar.com.ar\/?p=2295\" \/>\n<meta property=\"og:locale\" content=\"es_ES\" \/>\n<meta property=\"og:type\" content=\"article\" \/>\n<meta property=\"og:title\" content=\"El Senado debate en comisi\u00f3n el proyecto de Boleta \u00danica de Papel - Nuevo Digital de Escobar\" \/>\n<meta property=\"og:description\" content=\"El\u00a0plenario de Asuntos Constitucionales y de Justicia y Asuntos Penales\u00a0discutir\u00e1 este mi\u00e9rcoles los detalles de la iniciativa que ya fue sancionada por Diputados y permanece [&hellip;]\" \/>\n<meta property=\"og:url\" content=\"https:\/\/nuevodigitaldeescobar.com.ar\/?p=2295\" \/>\n<meta property=\"og:site_name\" content=\"Nuevo Digital de Escobar\" \/>\n<meta property=\"article:publisher\" content=\"https:\/\/www.facebook.com\/NUEVODigitalDeEscobar\" \/>\n<meta property=\"article:published_time\" content=\"2024-01-03T12:01:00+00:00\" \/>\n<meta property=\"article:modified_time\" content=\"2024-01-03T14:16:27+00:00\" \/>\n<meta property=\"og:image\" content=\"https:\/\/nuevodigitaldeescobar.com.ar\/wp-content\/uploads\/2024\/01\/657a0960e4827.12.2023-foto-pepe-mateos_1200.jpg\" \/>\n\t<meta property=\"og:image:width\" content=\"1200\" \/>\n\t<meta property=\"og:image:height\" content=\"675\" \/>\n\t<meta property=\"og:image:type\" content=\"image\/jpeg\" \/>\n<meta name=\"author\" content=\"Redacci\u00f3n\" \/>\n<meta name=\"twitter:card\" content=\"summary_large_image\" \/>\n<meta name=\"twitter:creator\" content=\"@nuevodigescobar\" \/>\n<meta name=\"twitter:site\" content=\"@nuevodigescobar\" \/>\n<meta name=\"twitter:label1\" content=\"Escrito por\" \/>\n\t<meta name=\"twitter:data1\" content=\"Redacci\u00f3n\" \/>\n\t<meta name=\"twitter:label2\" content=\"Tiempo de lectura\" \/>\n\t<meta name=\"twitter:data2\" content=\"4 minutos\" \/>\n<script type=\"application\/ld+json\" class=\"yoast-schema-graph\">{\"@context\":\"https:\/\/schema.org\",\"@graph\":[{\"@type\":\"Article\",\"@id\":\"https:\/\/nuevodigitaldeescobar.com.ar\/?p=2295#article\",\"isPartOf\":{\"@id\":\"https:\/\/nuevodigitaldeescobar.com.ar\/?p=2295\"},\"author\":{\"name\":\"Redacci\u00f3n\",\"@id\":\"https:\/\/nuevodigitaldeescobar.com.ar\/#\/schema\/person\/035e90a8efe9a80e6eec22656ad6ea4c\"},\"headline\":\"El Senado debate en comisi\u00f3n el proyecto de Boleta \u00danica de Papel\",\"datePublished\":\"2024-01-03T12:01:00+00:00\",\"dateModified\":\"2024-01-03T14:16:27+00:00\",\"mainEntityOfPage\":{\"@id\":\"https:\/\/nuevodigitaldeescobar.com.ar\/?p=2295\"},\"wordCount\":714,\"commentCount\":0,\"publisher\":{\"@id\":\"https:\/\/nuevodigitaldeescobar.com.ar\/#organization\"},\"image\":{\"@id\":\"https:\/\/nuevodigitaldeescobar.com.ar\/?p=2295#primaryimage\"},\"thumbnailUrl\":\"https:\/\/nuevodigitaldeescobar.com.ar\/wp-content\/uploads\/2024\/01\/657a0960e4827.12.2023-foto-pepe-mateos_1200.jpg\",\"keywords\":[\"Boleta \u00danica de Papel\",\"Senado\"],\"articleSection\":[\"Legislativas\"],\"inLanguage\":\"es\",\"potentialAction\":[{\"@type\":\"CommentAction\",\"name\":\"Comment\",\"target\":[\"https:\/\/nuevodigitaldeescobar.com.ar\/?p=2295#respond\"]}]},{\"@type\":\"WebPage\",\"@id\":\"https:\/\/nuevodigitaldeescobar.com.ar\/?p=2295\",\"url\":\"https:\/\/nuevodigitaldeescobar.com.ar\/?p=2295\",\"name\":\"El Senado debate en comisi\u00f3n el proyecto de Boleta \u00danica de Papel - Nuevo Digital de Escobar\",\"isPartOf\":{\"@id\":\"https:\/\/nuevodigitaldeescobar.com.ar\/#website\"},\"primaryImageOfPage\":{\"@id\":\"https:\/\/nuevodigitaldeescobar.com.ar\/?p=2295#primaryimage\"},\"image\":{\"@id\":\"https:\/\/nuevodigitaldeescobar.com.ar\/?p=2295#primaryimage\"},\"thumbnailUrl\":\"https:\/\/nuevodigitaldeescobar.com.ar\/wp-content\/uploads\/2024\/01\/657a0960e4827.12.2023-foto-pepe-mateos_1200.jpg\",\"datePublished\":\"2024-01-03T12:01:00+00:00\",\"dateModified\":\"2024-01-03T14:16:27+00:00\",\"breadcrumb\":{\"@id\":\"https:\/\/nuevodigitaldeescobar.com.ar\/?p=2295#breadcrumb\"},\"inLanguage\":\"es\",\"potentialAction\":[{\"@type\":\"ReadAction\",\"target\":[\"https:\/\/nuevodigitaldeescobar.com.ar\/?p=2295\"]}]},{\"@type\":\"ImageObject\",\"inLanguage\":\"es\",\"@id\":\"https:\/\/nuevodigitaldeescobar.com.ar\/?p=2295#primaryimage\",\"url\":\"https:\/\/nuevodigitaldeescobar.com.ar\/wp-content\/uploads\/2024\/01\/657a0960e4827.12.2023-foto-pepe-mateos_1200.jpg\",\"contentUrl\":\"https:\/\/nuevodigitaldeescobar.com.ar\/wp-content\/uploads\/2024\/01\/657a0960e4827.12.2023-foto-pepe-mateos_1200.jpg\",\"width\":1200,\"height\":675},{\"@type\":\"BreadcrumbList\",\"@id\":\"https:\/\/nuevodigitaldeescobar.com.ar\/?p=2295#breadcrumb\",\"itemListElement\":[{\"@type\":\"ListItem\",\"position\":1,\"name\":\"Portada\",\"item\":\"https:\/\/nuevodigitaldeescobar.com.ar\/\"},{\"@type\":\"ListItem\",\"position\":2,\"name\":\"El Senado debate en comisi\u00f3n el proyecto de Boleta \u00danica de Papel\"}]},{\"@type\":\"WebSite\",\"@id\":\"https:\/\/nuevodigitaldeescobar.com.ar\/#website\",\"url\":\"https:\/\/nuevodigitaldeescobar.com.ar\/\",\"name\":\"Nuevo Digital de Escobar\",\"description\":\"La vida escobarense. Directora: Rosana Brunner\",\"publisher\":{\"@id\":\"https:\/\/nuevodigitaldeescobar.com.ar\/#organization\"},\"potentialAction\":[{\"@type\":\"SearchAction\",\"target\":{\"@type\":\"EntryPoint\",\"urlTemplate\":\"https:\/\/nuevodigitaldeescobar.com.ar\/?s={search_term_string}\"},\"query-input\":{\"@type\":\"PropertyValueSpecification\",\"valueRequired\":true,\"valueName\":\"search_term_string\"}}],\"inLanguage\":\"es\"},{\"@type\":\"Organization\",\"@id\":\"https:\/\/nuevodigitaldeescobar.com.ar\/#organization\",\"name\":\"Nuevo Digital de Escobar\",\"url\":\"https:\/\/nuevodigitaldeescobar.com.ar\/\",\"logo\":{\"@type\":\"ImageObject\",\"inLanguage\":\"es\",\"@id\":\"https:\/\/nuevodigitaldeescobar.com.ar\/#\/schema\/logo\/image\/\",\"url\":\"https:\/\/nuevodigitaldeescobar.com.ar\/wp-content\/uploads\/2025\/05\/cropped-logo-nuevo2.jpg\",\"contentUrl\":\"https:\/\/nuevodigitaldeescobar.com.ar\/wp-content\/uploads\/2025\/05\/cropped-logo-nuevo2.jpg\",\"width\":305,\"height\":305,\"caption\":\"Nuevo Digital de Escobar\"},\"image\":{\"@id\":\"https:\/\/nuevodigitaldeescobar.com.ar\/#\/schema\/logo\/image\/\"},\"sameAs\":[\"https:\/\/www.facebook.com\/NUEVODigitalDeEscobar\",\"https:\/\/x.com\/nuevodigescobar\",\"https:\/\/www.instagram.com\/nuevodigitaldeescobar\"]},{\"@type\":\"Person\",\"@id\":\"https:\/\/nuevodigitaldeescobar.com.ar\/#\/schema\/person\/035e90a8efe9a80e6eec22656ad6ea4c\",\"name\":\"Redacci\u00f3n\",\"image\":{\"@type\":\"ImageObject\",\"inLanguage\":\"es\",\"@id\":\"https:\/\/nuevodigitaldeescobar.com.ar\/#\/schema\/person\/image\/\",\"url\":\"https:\/\/secure.gravatar.com\/avatar\/8af8f40000c24e9eef3034f2be5998a372bb1389e64b1a4a36b3a7979142220d?s=96&d=mm&r=g\",\"contentUrl\":\"https:\/\/secure.gravatar.com\/avatar\/8af8f40000c24e9eef3034f2be5998a372bb1389e64b1a4a36b3a7979142220d?s=96&d=mm&r=g\",\"caption\":\"Redacci\u00f3n\"},\"sameAs\":[\"http:\/\/nuevodigitaldeescobar.com.ar\"],\"url\":\"https:\/\/nuevodigitaldeescobar.com.ar\/?author=1\"}]}<\/script>\n<!-- \/ Yoast SEO plugin. -->","yoast_head_json":{"title":"El Senado debate en comisi\u00f3n el proyecto de Boleta \u00danica de Papel - Nuevo Digital de Escobar","robots":{"index":"index","follow":"follow","max-snippet":"max-snippet:-1","max-image-preview":"max-image-preview:large","max-video-preview":"max-video-preview:-1"},"canonical":"https:\/\/nuevodigitaldeescobar.com.ar\/?p=2295","og_locale":"es_ES","og_type":"article","og_title":"El Senado debate en comisi\u00f3n el proyecto de Boleta \u00danica de Papel - Nuevo Digital de Escobar","og_description":"El\u00a0plenario de Asuntos Constitucionales y de Justicia y Asuntos Penales\u00a0discutir\u00e1 este mi\u00e9rcoles los detalles de la iniciativa que ya fue sancionada por Diputados y permanece [&hellip;]","og_url":"https:\/\/nuevodigitaldeescobar.com.ar\/?p=2295","og_site_name":"Nuevo Digital de Escobar","article_publisher":"https:\/\/www.facebook.com\/NUEVODigitalDeEscobar","article_published_time":"2024-01-03T12:01:00+00:00","article_modified_time":"2024-01-03T14:16:27+00:00","og_image":[{"width":1200,"height":675,"url":"https:\/\/nuevodigitaldeescobar.com.ar\/wp-content\/uploads\/2024\/01\/657a0960e4827.12.2023-foto-pepe-mateos_1200.jpg","type":"image\/jpeg"}],"author":"Redacci\u00f3n","twitter_card":"summary_large_image","twitter_creator":"@nuevodigescobar","twitter_site":"@nuevodigescobar","twitter_misc":{"Escrito por":"Redacci\u00f3n","Tiempo de lectura":"4 minutos"},"schema":{"@context":"https:\/\/schema.org","@graph":[{"@type":"Article","@id":"https:\/\/nuevodigitaldeescobar.com.ar\/?p=2295#article","isPartOf":{"@id":"https:\/\/nuevodigitaldeescobar.com.ar\/?p=2295"},"author":{"name":"Redacci\u00f3n","@id":"https:\/\/nuevodigitaldeescobar.com.ar\/#\/schema\/person\/035e90a8efe9a80e6eec22656ad6ea4c"},"headline":"El Senado debate en comisi\u00f3n el proyecto de Boleta \u00danica de Papel","datePublished":"2024-01-03T12:01:00+00:00","dateModified":"2024-01-03T14:16:27+00:00","mainEntityOfPage":{"@id":"https:\/\/nuevodigitaldeescobar.com.ar\/?p=2295"},"wordCount":714,"commentCount":0,"publisher":{"@id":"https:\/\/nuevodigitaldeescobar.com.ar\/#organization"},"image":{"@id":"https:\/\/nuevodigitaldeescobar.com.ar\/?p=2295#primaryimage"},"thumbnailUrl":"https:\/\/nuevodigitaldeescobar.com.ar\/wp-content\/uploads\/2024\/01\/657a0960e4827.12.2023-foto-pepe-mateos_1200.jpg","keywords":["Boleta \u00danica de Papel","Senado"],"articleSection":["Legislativas"],"inLanguage":"es","potentialAction":[{"@type":"CommentAction","name":"Comment","target":["https:\/\/nuevodigitaldeescobar.com.ar\/?p=2295#respond"]}]},{"@type":"WebPage","@id":"https:\/\/nuevodigitaldeescobar.com.ar\/?p=2295","url":"https:\/\/nuevodigitaldeescobar.com.ar\/?p=2295","name":"El Senado debate en comisi\u00f3n el proyecto de Boleta \u00danica de Papel - Nuevo Digital de Escobar","isPartOf":{"@id":"https:\/\/nuevodigitaldeescobar.com.ar\/#website"},"primaryImageOfPage":{"@id":"https:\/\/nuevodigitaldeescobar.com.ar\/?p=2295#primaryimage"},"image":{"@id":"https:\/\/nuevodigitaldeescobar.com.ar\/?p=2295#primaryimage"},"thumbnailUrl":"https:\/\/nuevodigitaldeescobar.com.ar\/wp-content\/uploads\/2024\/01\/657a0960e4827.12.2023-foto-pepe-mateos_1200.jpg","datePublished":"2024-01-03T12:01:00+00:00","dateModified":"2024-01-03T14:16:27+00:00","breadcrumb":{"@id":"https:\/\/nuevodigitaldeescobar.com.ar\/?p=2295#breadcrumb"},"inLanguage":"es","potentialAction":[{"@type":"ReadAction","target":["https:\/\/nuevodigitaldeescobar.com.ar\/?p=2295"]}]},{"@type":"ImageObject","inLanguage":"es","@id":"https:\/\/nuevodigitaldeescobar.com.ar\/?p=2295#primaryimage","url":"https:\/\/nuevodigitaldeescobar.com.ar\/wp-content\/uploads\/2024\/01\/657a0960e4827.12.2023-foto-pepe-mateos_1200.jpg","contentUrl":"https:\/\/nuevodigitaldeescobar.com.ar\/wp-content\/uploads\/2024\/01\/657a0960e4827.12.2023-foto-pepe-mateos_1200.jpg","width":1200,"height":675},{"@type":"BreadcrumbList","@id":"https:\/\/nuevodigitaldeescobar.com.ar\/?p=2295#breadcrumb","itemListElement":[{"@type":"ListItem","position":1,"name":"Portada","item":"https:\/\/nuevodigitaldeescobar.com.ar\/"},{"@type":"ListItem","position":2,"name":"El Senado debate en comisi\u00f3n el proyecto de Boleta \u00danica de Papel"}]},{"@type":"WebSite","@id":"https:\/\/nuevodigitaldeescobar.com.ar\/#website","url":"https:\/\/nuevodigitaldeescobar.com.ar\/","name":"Nuevo Digital de Escobar","description":"La vida escobarense. Directora: Rosana Brunner","publisher":{"@id":"https:\/\/nuevodigitaldeescobar.com.ar\/#organization"},"potentialAction":[{"@type":"SearchAction","target":{"@type":"EntryPoint","urlTemplate":"https:\/\/nuevodigitaldeescobar.com.ar\/?s={search_term_string}"},"query-input":{"@type":"PropertyValueSpecification","valueRequired":true,"valueName":"search_term_string"}}],"inLanguage":"es"},{"@type":"Organization","@id":"https:\/\/nuevodigitaldeescobar.com.ar\/#organization","name":"Nuevo Digital de Escobar","url":"https:\/\/nuevodigitaldeescobar.com.ar\/","logo":{"@type":"ImageObject","inLanguage":"es","@id":"https:\/\/nuevodigitaldeescobar.com.ar\/#\/schema\/logo\/image\/","url":"https:\/\/nuevodigitaldeescobar.com.ar\/wp-content\/uploads\/2025\/05\/cropped-logo-nuevo2.jpg","contentUrl":"https:\/\/nuevodigitaldeescobar.com.ar\/wp-content\/uploads\/2025\/05\/cropped-logo-nuevo2.jpg","width":305,"height":305,"caption":"Nuevo Digital de Escobar"},"image":{"@id":"https:\/\/nuevodigitaldeescobar.com.ar\/#\/schema\/logo\/image\/"},"sameAs":["https:\/\/www.facebook.com\/NUEVODigitalDeEscobar","https:\/\/x.com\/nuevodigescobar","https:\/\/www.instagram.com\/nuevodigitaldeescobar"]},{"@type":"Person","@id":"https:\/\/nuevodigitaldeescobar.com.ar\/#\/schema\/person\/035e90a8efe9a80e6eec22656ad6ea4c","name":"Redacci\u00f3n","image":{"@type":"ImageObject","inLanguage":"es","@id":"https:\/\/nuevodigitaldeescobar.com.ar\/#\/schema\/person\/image\/","url":"https:\/\/secure.gravatar.com\/avatar\/8af8f40000c24e9eef3034f2be5998a372bb1389e64b1a4a36b3a7979142220d?s=96&d=mm&r=g","contentUrl":"https:\/\/secure.gravatar.com\/avatar\/8af8f40000c24e9eef3034f2be5998a372bb1389e64b1a4a36b3a7979142220d?s=96&d=mm&r=g","caption":"Redacci\u00f3n"},"sameAs":["http:\/\/nuevodigitaldeescobar.com.ar"],"url":"https:\/\/nuevodigitaldeescobar.com.ar\/?author=1"}]}},"featured_image_urls":{"full":["https:\/\/nuevodigitaldeescobar.com.ar\/wp-content\/uploads\/2024\/01\/657a0960e4827.12.2023-foto-pepe-mateos_1200.jpg",1200,675,false],"thumbnail":["https:\/\/nuevodigitaldeescobar.com.ar\/wp-content\/uploads\/2024\/01\/657a0960e4827.12.2023-foto-pepe-mateos_1200-150x150.jpg",150,150,true],"medium":["https:\/\/nuevodigitaldeescobar.com.ar\/wp-content\/uploads\/2024\/01\/657a0960e4827.12.2023-foto-pepe-mateos_1200-300x169.jpg",300,169,true],"medium_large":["https:\/\/nuevodigitaldeescobar.com.ar\/wp-content\/uploads\/2024\/01\/657a0960e4827.12.2023-foto-pepe-mateos_1200-768x432.jpg",640,360,true],"large":["https:\/\/nuevodigitaldeescobar.com.ar\/wp-content\/uploads\/2024\/01\/657a0960e4827.12.2023-foto-pepe-mateos_1200-1024x576.jpg",640,360,true],"1536x1536":["https:\/\/nuevodigitaldeescobar.com.ar\/wp-content\/uploads\/2024\/01\/657a0960e4827.12.2023-foto-pepe-mateos_1200.jpg",1200,675,false],"2048x2048":["https:\/\/nuevodigitaldeescobar.com.ar\/wp-content\/uploads\/2024\/01\/657a0960e4827.12.2023-foto-pepe-mateos_1200.jpg",1200,675,false]},"author_info":{"display_name":"Redacci\u00f3n","author_link":"https:\/\/nuevodigitaldeescobar.com.ar\/?author=1"},"category_info":"<a href=\"https:\/\/nuevodigitaldeescobar.com.ar\/?cat=12\" rel=\"category\">Legislativas<\/a>","tag_info":"Legislativas","comment_count":"0","_links":{"self":[{"href":"https:\/\/nuevodigitaldeescobar.com.ar\/index.php?rest_route=\/wp\/v2\/posts\/2295","targetHints":{"allow":["GET"]}}],"collection":[{"href":"https:\/\/nuevodigitaldeescobar.com.ar\/index.php?rest_route=\/wp\/v2\/posts"}],"about":[{"href":"https:\/\/nuevodigitaldeescobar.com.ar\/index.php?rest_route=\/wp\/v2\/types\/post"}],"author":[{"embeddable":true,"href":"https:\/\/nuevodigitaldeescobar.com.ar\/index.php?rest_route=\/wp\/v2\/users\/1"}],"replies":[{"embeddable":true,"href":"https:\/\/nuevodigitaldeescobar.com.ar\/index.php?rest_route=%2Fwp%2Fv2%2Fcomments&post=2295"}],"version-history":[{"count":1,"href":"https:\/\/nuevodigitaldeescobar.com.ar\/index.php?rest_route=\/wp\/v2\/posts\/2295\/revisions"}],"predecessor-version":[{"id":2297,"href":"https:\/\/nuevodigitaldeescobar.com.ar\/index.php?rest_route=\/wp\/v2\/posts\/2295\/revisions\/2297"}],"wp:featuredmedia":[{"embeddable":true,"href":"https:\/\/nuevodigitaldeescobar.com.ar\/index.php?rest_route=\/wp\/v2\/media\/2296"}],"wp:attachment":[{"href":"https:\/\/nuevodigitaldeescobar.com.ar\/index.php?rest_route=%2Fwp%2Fv2%2Fmedia&parent=2295"}],"wp:term":[{"taxonomy":"category","embeddable":true,"href":"https:\/\/nuevodigitaldeescobar.com.ar\/index.php?rest_route=%2Fwp%2Fv2%2Fcategories&post=2295"},{"taxonomy":"post_tag","embeddable":true,"href":"https:\/\/nuevodigitaldeescobar.com.ar\/index.php?rest_route=%2Fwp%2Fv2%2Ftags&post=2295"}],"curies":[{"name":"wp","href":"https:\/\/api.w.org\/{rel}","templated":true}]}}