{"id":231,"date":"2023-10-19T12:01:31","date_gmt":"2023-10-19T15:01:31","guid":{"rendered":"https:\/\/nuevodigitaldeescobar.com.ar\/?p=231"},"modified":"2023-10-19T12:01:42","modified_gmt":"2023-10-19T15:01:42","slug":"la-campana-del-miedo-llego-a-los-trenes-los-gremios-publicaron-un-aviso-que-especula-sobre-el-futuro-valor-del-boleto","status":"publish","type":"post","link":"https:\/\/nuevodigitaldeescobar.com.ar\/?p=231","title":{"rendered":"La campa\u00f1a del miedo lleg\u00f3 a los trenes: los gremios publicaron un aviso que especula sobre el futuro valor del boleto"},"content":{"rendered":"<p><span style=\"color: #ff6600;\"><strong><em>En los monitores que muestran los horarios de llegada y salida de las formaciones, se emiti\u00f3 un anuncio que asegura que Milei y Bullrich llevar\u00e1n el precio del pasaje a $1.100, algo que no fue anunciado por ninguno de los dos candidatos.<\/em><\/strong><\/span><\/p>\n<p><!--more--><\/p>\n<p>En v\u00edsperas de las elecciones generales del pr\u00f3ximo domingo y en medio del debate sobre los subsidios al transporte, la campa\u00f1a pol\u00edtica se hizo presente esta ma\u00f1ana en algunas estaciones ferroviarias del \u00c1rea Metropolitana de Buenos Aires.<\/p>\n<p>En los monitores que muestran los horarios de llegada y salida de los trenes, se emiti\u00f3 un anuncio que conjetura cu\u00e1l ser\u00e1 el costo de los boletos en caso de que los candidatos de Libertad Avanza, Javier Milei; de Juntos por el Cambio, Patricia Bullrich; o el actual ministro de Econom\u00eda y candidato de Uni\u00f3n por la Patria, Sergio Massa, asumieran la presidencia en la Casa Rosada.<\/p>\n<p>Distinguidos por los colores de cada partido pol\u00edtico, la publicidad indicaba, en azul: <em>\u201cTarifas trenes Massa: $56,23\u2033<\/em>, mientras que debajo, en violeta, dec\u00eda: <em>\u201cTarifas Milei: $1100\u2033<\/em>. Por \u00faltimo, en amarillo se mostraba: <em>\u201cTarifas trenes Bullrich: $1100\u2033<\/em>. Al concluir, el anuncio expresaba: <em>\u201cCuando te hablen de subsidios esa es la diferencia en tu precio\u201d<\/em>.<\/p>\n<p><img fetchpriority=\"high\" decoding=\"async\" class=\"alignnone size-full wp-image-233\" src=\"http:\/\/nuevodigitaldeescobar.com.ar\/wp-content\/uploads\/2023\/10\/trenes-2-e1697727655100.jpg\" alt=\"\" width=\"645\" height=\"449\" srcset=\"https:\/\/nuevodigitaldeescobar.com.ar\/wp-content\/uploads\/2023\/10\/trenes-2-e1697727655100.jpg 645w, https:\/\/nuevodigitaldeescobar.com.ar\/wp-content\/uploads\/2023\/10\/trenes-2-e1697727655100-300x209.jpg 300w\" sizes=\"(max-width: 645px) 100vw, 645px\" \/><\/p>\n<p>La especulaci\u00f3n se basa en la posibilidad de que los referentes opositores eliminen los subsidios vigentes actualmente. Sin embargo, ni Bullrich ni Milei hablaron p\u00fablicamente de llevar el precio de los boletos a $1.100.<\/p>\n<p>Fuentes oficiales indicaron que el anuncio fue impulsado por los sindicatos ferroviarios Asociaci\u00f3n Se\u00f1aleros Ferroviarios Argentinos (ASFA), Sindicato La Fraternidad, Asociaci\u00f3n del Personal de Direcci\u00f3n de los Ferrocarriles Argentinos y Puertos (APDFA), as\u00ed como la Uni\u00f3n Ferroviaria, y no pertenece a la campa\u00f1a del Gobierno Nacional. La tipograf\u00eda elegida -similar a las de las comunicaciones oficiales del Ministerio de Transporte- y los colores ayudan a confundir a los pasajeros. Adri\u00e1n Silva, secretario general de APDFA, confirm\u00f3 que los cuatro gremios pautaron el aviso.<\/p>\n<p>La publicidad apareci\u00f3 un d\u00eda despu\u00e9s de que Milei hablara sobre su proyecto presidencial, asegurando que los trenes <em>\u201cdeber\u00edan ser privados\u201d<\/em> y afirmara que <em>\u201ccuando ten\u00edamos el mejor sistema ferroviario del mundo, eran ingleses\u201d<\/em>.<\/p>\n<p>Al respecto, Bullrich realiz\u00f3 una publicaci\u00f3n en su cuenta de X, donde repudi\u00f3 el anuncio y apunt\u00f3 contra el candidato oficialista. <em>\u201cPasaron todos los l\u00edmites. \u00bfDe verdad est\u00e1n usando la plata de la gente para hacer este tipo de campa\u00f1a sucia, ministro Massa? Dan verg\u00fcenza ajena\u201d<\/em>, expres\u00f3.<\/p>\n<p><em>\u201cLos argentinos nos merecemos algo mucho mejor que seguir soportando estas bajezas del kirchnerismo. El domingo vamos a terminar con esto\u201d<\/em>, complet\u00f3 la l\u00edder de JxC.<\/p>\n<p>Algo similar ocurri\u00f3 en los \u00faltimos d\u00edas en el hospital San Mart\u00edn de La Plata, donde aparecieron una serie de carteles pegados en las paredes que comparan el estado actual de la salud p\u00fablica y especulan sobre la situaci\u00f3n que podr\u00eda surgir si el candidato de LLA llega a la presidencia, seg\u00fan informaci\u00f3n del sitio 0221.<\/p>\n<p>Los carteles fueron confeccionados por la Comisi\u00f3n Interna del Sindicato de Salud P\u00fablica y presentan un listado de once estudios m\u00e9dicos que incluyen desde tomograf\u00edas hasta controles ginecol\u00f3gicos. Estos se dividen en dos secciones distintas: <em>\u201cLa salud con Massa\u201d<\/em>, en la que se muestra que todos los estudios son gratuitos, y una segunda secci\u00f3n denominada <em>\u201cLa salud con Milei\u201d<\/em>, en la que se detallan los elevados costos que se conjetura que ser\u00edan necesarios abonar.<\/p>\n<p><em>(Infobae)<\/em><\/p>\n","protected":false},"excerpt":{"rendered":"<p>En los monitores que muestran los horarios de llegada y salida de las formaciones, se emiti\u00f3 un anuncio que asegura que Milei y Bullrich llevar\u00e1n [&hellip;]<\/p>\n","protected":false},"author":1,"featured_media":232,"comment_status":"open","ping_status":"closed","sticky":false,"template":"","format":"standard","meta":{"footnotes":""},"categories":[6],"tags":[],"class_list":["post-231","post","type-post","status-publish","format-standard","has-post-thumbnail","hentry","category-politica"],"better_featured_image":{"id":232,"alt_text":"","caption":"","description":"","media_type":"image","media_details":{"width":720,"height":405,"file":"2023\/10\/trenes-1-e1697727683430.jpg","filesize":403778,"sizes":{"medium":{"file":"trenes-1-300x169.jpg","width":300,"height":169,"mime-type":"image\/jpeg","filesize":14648,"source_url":"https:\/\/nuevodigitaldeescobar.com.ar\/wp-content\/uploads\/2023\/10\/trenes-1-300x169.jpg"},"large":{"file":"trenes-1-1024x576.jpg","width":1024,"height":576,"mime-type":"image\/jpeg","filesize":109650,"source_url":"https:\/\/nuevodigitaldeescobar.com.ar\/wp-content\/uploads\/2023\/10\/trenes-1-1024x576.jpg"},"thumbnail":{"file":"trenes-1-150x150.jpg","width":150,"height":150,"mime-type":"image\/jpeg","filesize":7429,"source_url":"https:\/\/nuevodigitaldeescobar.com.ar\/wp-content\/uploads\/2023\/10\/trenes-1-150x150.jpg"},"medium_large":{"file":"trenes-1-768x432.jpg","width":768,"height":432,"mime-type":"image\/jpeg","filesize":68527,"source_url":"https:\/\/nuevodigitaldeescobar.com.ar\/wp-content\/uploads\/2023\/10\/trenes-1-768x432.jpg"},"1536x1536":{"file":"trenes-1-1536x864.jpg","width":1536,"height":864,"mime-type":"image\/jpeg","filesize":203902,"source_url":"https:\/\/nuevodigitaldeescobar.com.ar\/wp-content\/uploads\/2023\/10\/trenes-1-1536x864.jpg"},"covernews-slider-full":{"file":"trenes-1-1115x715.jpg","width":1115,"height":715,"mime-type":"image\/jpeg","filesize":139664,"source_url":"https:\/\/nuevodigitaldeescobar.com.ar\/wp-content\/uploads\/2023\/10\/trenes-1-1115x715.jpg"},"covernews-slider-center":{"file":"trenes-1-800x500.jpg","width":800,"height":500,"mime-type":"image\/jpeg","filesize":81150,"source_url":"https:\/\/nuevodigitaldeescobar.com.ar\/wp-content\/uploads\/2023\/10\/trenes-1-800x500.jpg"},"covernews-featured":{"file":"trenes-1-1024x576.jpg","width":1024,"height":576,"mime-type":"image\/jpeg","filesize":109650,"source_url":"https:\/\/nuevodigitaldeescobar.com.ar\/wp-content\/uploads\/2023\/10\/trenes-1-1024x576.jpg"},"covernews-medium":{"file":"trenes-1-540x340.jpg","width":540,"height":340,"mime-type":"image\/jpeg","filesize":43648,"source_url":"https:\/\/nuevodigitaldeescobar.com.ar\/wp-content\/uploads\/2023\/10\/trenes-1-540x340.jpg"},"covernews-medium-square":{"file":"trenes-1-400x250.jpg","width":400,"height":250,"mime-type":"image\/jpeg","filesize":26054,"source_url":"https:\/\/nuevodigitaldeescobar.com.ar\/wp-content\/uploads\/2023\/10\/trenes-1-400x250.jpg"}},"image_meta":{"aperture":"0","credit":"","camera":"","caption":"","created_timestamp":"0","copyright":"","focal_length":"0","iso":"0","shutter_speed":"0","title":"","orientation":"0","keywords":[]}},"post":231,"source_url":"https:\/\/nuevodigitaldeescobar.com.ar\/wp-content\/uploads\/2023\/10\/trenes-1-e1697727683430.jpg"},"yoast_head":"<!-- This site is optimized with the Yoast SEO plugin v26.1.1 - https:\/\/yoast.com\/wordpress\/plugins\/seo\/ -->\n<title>La campa\u00f1a del miedo lleg\u00f3 a los trenes: los gremios publicaron un aviso que especula sobre el futuro valor del boleto - Nuevo Digital de Escobar<\/title>\n<meta name=\"robots\" content=\"index, follow, max-snippet:-1, max-image-preview:large, max-video-preview:-1\" \/>\n<link rel=\"canonical\" href=\"https:\/\/nuevodigitaldeescobar.com.ar\/?p=231\" \/>\n<meta property=\"og:locale\" content=\"es_ES\" \/>\n<meta property=\"og:type\" content=\"article\" \/>\n<meta property=\"og:title\" content=\"La campa\u00f1a del miedo lleg\u00f3 a los trenes: los gremios publicaron un aviso que especula sobre el futuro valor del boleto - Nuevo Digital de Escobar\" \/>\n<meta property=\"og:description\" content=\"En los monitores que muestran los horarios de llegada y salida de las formaciones, se emiti\u00f3 un anuncio que asegura que Milei y Bullrich llevar\u00e1n [&hellip;]\" \/>\n<meta property=\"og:url\" content=\"https:\/\/nuevodigitaldeescobar.com.ar\/?p=231\" \/>\n<meta property=\"og:site_name\" content=\"Nuevo Digital de Escobar\" \/>\n<meta property=\"article:publisher\" content=\"https:\/\/www.facebook.com\/NUEVODigitalDeEscobar\" \/>\n<meta property=\"article:published_time\" content=\"2023-10-19T15:01:31+00:00\" \/>\n<meta property=\"article:modified_time\" content=\"2023-10-19T15:01:42+00:00\" \/>\n<meta property=\"og:image\" content=\"https:\/\/nuevodigitaldeescobar.com.ar\/wp-content\/uploads\/2023\/10\/trenes-1-e1697727683430.jpg\" \/>\n\t<meta property=\"og:image:width\" content=\"720\" \/>\n\t<meta property=\"og:image:height\" content=\"405\" \/>\n\t<meta property=\"og:image:type\" content=\"image\/jpeg\" \/>\n<meta name=\"author\" content=\"Redacci\u00f3n\" \/>\n<meta name=\"twitter:card\" content=\"summary_large_image\" \/>\n<meta name=\"twitter:creator\" content=\"@nuevodigescobar\" \/>\n<meta name=\"twitter:site\" content=\"@nuevodigescobar\" \/>\n<meta name=\"twitter:label1\" content=\"Escrito por\" \/>\n\t<meta name=\"twitter:data1\" content=\"Redacci\u00f3n\" \/>\n\t<meta name=\"twitter:label2\" content=\"Tiempo de lectura\" \/>\n\t<meta name=\"twitter:data2\" content=\"3 minutos\" \/>\n<script type=\"application\/ld+json\" class=\"yoast-schema-graph\">{\"@context\":\"https:\/\/schema.org\",\"@graph\":[{\"@type\":\"Article\",\"@id\":\"https:\/\/nuevodigitaldeescobar.com.ar\/?p=231#article\",\"isPartOf\":{\"@id\":\"https:\/\/nuevodigitaldeescobar.com.ar\/?p=231\"},\"author\":{\"name\":\"Redacci\u00f3n\",\"@id\":\"https:\/\/nuevodigitaldeescobar.com.ar\/#\/schema\/person\/035e90a8efe9a80e6eec22656ad6ea4c\"},\"headline\":\"La campa\u00f1a del miedo lleg\u00f3 a los trenes: los gremios publicaron un aviso que especula sobre el futuro valor del boleto\",\"datePublished\":\"2023-10-19T15:01:31+00:00\",\"dateModified\":\"2023-10-19T15:01:42+00:00\",\"mainEntityOfPage\":{\"@id\":\"https:\/\/nuevodigitaldeescobar.com.ar\/?p=231\"},\"wordCount\":615,\"commentCount\":0,\"publisher\":{\"@id\":\"https:\/\/nuevodigitaldeescobar.com.ar\/#organization\"},\"image\":{\"@id\":\"https:\/\/nuevodigitaldeescobar.com.ar\/?p=231#primaryimage\"},\"thumbnailUrl\":\"https:\/\/nuevodigitaldeescobar.com.ar\/wp-content\/uploads\/2023\/10\/trenes-1-e1697727683430.jpg\",\"articleSection\":[\"Pol\u00edtica\"],\"inLanguage\":\"es\",\"potentialAction\":[{\"@type\":\"CommentAction\",\"name\":\"Comment\",\"target\":[\"https:\/\/nuevodigitaldeescobar.com.ar\/?p=231#respond\"]}]},{\"@type\":\"WebPage\",\"@id\":\"https:\/\/nuevodigitaldeescobar.com.ar\/?p=231\",\"url\":\"https:\/\/nuevodigitaldeescobar.com.ar\/?p=231\",\"name\":\"La campa\u00f1a del miedo lleg\u00f3 a los trenes: los gremios publicaron un aviso que especula sobre el futuro valor del boleto - Nuevo Digital de Escobar\",\"isPartOf\":{\"@id\":\"https:\/\/nuevodigitaldeescobar.com.ar\/#website\"},\"primaryImageOfPage\":{\"@id\":\"https:\/\/nuevodigitaldeescobar.com.ar\/?p=231#primaryimage\"},\"image\":{\"@id\":\"https:\/\/nuevodigitaldeescobar.com.ar\/?p=231#primaryimage\"},\"thumbnailUrl\":\"https:\/\/nuevodigitaldeescobar.com.ar\/wp-content\/uploads\/2023\/10\/trenes-1-e1697727683430.jpg\",\"datePublished\":\"2023-10-19T15:01:31+00:00\",\"dateModified\":\"2023-10-19T15:01:42+00:00\",\"breadcrumb\":{\"@id\":\"https:\/\/nuevodigitaldeescobar.com.ar\/?p=231#breadcrumb\"},\"inLanguage\":\"es\",\"potentialAction\":[{\"@type\":\"ReadAction\",\"target\":[\"https:\/\/nuevodigitaldeescobar.com.ar\/?p=231\"]}]},{\"@type\":\"ImageObject\",\"inLanguage\":\"es\",\"@id\":\"https:\/\/nuevodigitaldeescobar.com.ar\/?p=231#primaryimage\",\"url\":\"https:\/\/nuevodigitaldeescobar.com.ar\/wp-content\/uploads\/2023\/10\/trenes-1-e1697727683430.jpg\",\"contentUrl\":\"https:\/\/nuevodigitaldeescobar.com.ar\/wp-content\/uploads\/2023\/10\/trenes-1-e1697727683430.jpg\",\"width\":720,\"height\":405},{\"@type\":\"BreadcrumbList\",\"@id\":\"https:\/\/nuevodigitaldeescobar.com.ar\/?p=231#breadcrumb\",\"itemListElement\":[{\"@type\":\"ListItem\",\"position\":1,\"name\":\"Portada\",\"item\":\"https:\/\/nuevodigitaldeescobar.com.ar\/\"},{\"@type\":\"ListItem\",\"position\":2,\"name\":\"La campa\u00f1a del miedo lleg\u00f3 a los trenes: los gremios publicaron un aviso que especula sobre el futuro valor del boleto\"}]},{\"@type\":\"WebSite\",\"@id\":\"https:\/\/nuevodigitaldeescobar.com.ar\/#website\",\"url\":\"https:\/\/nuevodigitaldeescobar.com.ar\/\",\"name\":\"Nuevo Digital de Escobar\",\"description\":\"La vida escobarense. Directora: Rosana Brunner\",\"publisher\":{\"@id\":\"https:\/\/nuevodigitaldeescobar.com.ar\/#organization\"},\"potentialAction\":[{\"@type\":\"SearchAction\",\"target\":{\"@type\":\"EntryPoint\",\"urlTemplate\":\"https:\/\/nuevodigitaldeescobar.com.ar\/?s={search_term_string}\"},\"query-input\":{\"@type\":\"PropertyValueSpecification\",\"valueRequired\":true,\"valueName\":\"search_term_string\"}}],\"inLanguage\":\"es\"},{\"@type\":\"Organization\",\"@id\":\"https:\/\/nuevodigitaldeescobar.com.ar\/#organization\",\"name\":\"Nuevo Digital de Escobar\",\"url\":\"https:\/\/nuevodigitaldeescobar.com.ar\/\",\"logo\":{\"@type\":\"ImageObject\",\"inLanguage\":\"es\",\"@id\":\"https:\/\/nuevodigitaldeescobar.com.ar\/#\/schema\/logo\/image\/\",\"url\":\"https:\/\/nuevodigitaldeescobar.com.ar\/wp-content\/uploads\/2025\/05\/cropped-logo-nuevo2.jpg\",\"contentUrl\":\"https:\/\/nuevodigitaldeescobar.com.ar\/wp-content\/uploads\/2025\/05\/cropped-logo-nuevo2.jpg\",\"width\":305,\"height\":305,\"caption\":\"Nuevo Digital de Escobar\"},\"image\":{\"@id\":\"https:\/\/nuevodigitaldeescobar.com.ar\/#\/schema\/logo\/image\/\"},\"sameAs\":[\"https:\/\/www.facebook.com\/NUEVODigitalDeEscobar\",\"https:\/\/x.com\/nuevodigescobar\",\"https:\/\/www.instagram.com\/nuevodigitaldeescobar\"]},{\"@type\":\"Person\",\"@id\":\"https:\/\/nuevodigitaldeescobar.com.ar\/#\/schema\/person\/035e90a8efe9a80e6eec22656ad6ea4c\",\"name\":\"Redacci\u00f3n\",\"image\":{\"@type\":\"ImageObject\",\"inLanguage\":\"es\",\"@id\":\"https:\/\/nuevodigitaldeescobar.com.ar\/#\/schema\/person\/image\/\",\"url\":\"https:\/\/secure.gravatar.com\/avatar\/8af8f40000c24e9eef3034f2be5998a372bb1389e64b1a4a36b3a7979142220d?s=96&d=mm&r=g\",\"contentUrl\":\"https:\/\/secure.gravatar.com\/avatar\/8af8f40000c24e9eef3034f2be5998a372bb1389e64b1a4a36b3a7979142220d?s=96&d=mm&r=g\",\"caption\":\"Redacci\u00f3n\"},\"sameAs\":[\"http:\/\/nuevodigitaldeescobar.com.ar\"],\"url\":\"https:\/\/nuevodigitaldeescobar.com.ar\/?author=1\"}]}<\/script>\n<!-- \/ Yoast SEO plugin. -->","yoast_head_json":{"title":"La campa\u00f1a del miedo lleg\u00f3 a los trenes: los gremios publicaron un aviso que especula sobre el futuro valor del boleto - Nuevo Digital de Escobar","robots":{"index":"index","follow":"follow","max-snippet":"max-snippet:-1","max-image-preview":"max-image-preview:large","max-video-preview":"max-video-preview:-1"},"canonical":"https:\/\/nuevodigitaldeescobar.com.ar\/?p=231","og_locale":"es_ES","og_type":"article","og_title":"La campa\u00f1a del miedo lleg\u00f3 a los trenes: los gremios publicaron un aviso que especula sobre el futuro valor del boleto - Nuevo Digital de Escobar","og_description":"En los monitores que muestran los horarios de llegada y salida de las formaciones, se emiti\u00f3 un anuncio que asegura que Milei y Bullrich llevar\u00e1n [&hellip;]","og_url":"https:\/\/nuevodigitaldeescobar.com.ar\/?p=231","og_site_name":"Nuevo Digital de Escobar","article_publisher":"https:\/\/www.facebook.com\/NUEVODigitalDeEscobar","article_published_time":"2023-10-19T15:01:31+00:00","article_modified_time":"2023-10-19T15:01:42+00:00","og_image":[{"width":720,"height":405,"url":"https:\/\/nuevodigitaldeescobar.com.ar\/wp-content\/uploads\/2023\/10\/trenes-1-e1697727683430.jpg","type":"image\/jpeg"}],"author":"Redacci\u00f3n","twitter_card":"summary_large_image","twitter_creator":"@nuevodigescobar","twitter_site":"@nuevodigescobar","twitter_misc":{"Escrito por":"Redacci\u00f3n","Tiempo de lectura":"3 minutos"},"schema":{"@context":"https:\/\/schema.org","@graph":[{"@type":"Article","@id":"https:\/\/nuevodigitaldeescobar.com.ar\/?p=231#article","isPartOf":{"@id":"https:\/\/nuevodigitaldeescobar.com.ar\/?p=231"},"author":{"name":"Redacci\u00f3n","@id":"https:\/\/nuevodigitaldeescobar.com.ar\/#\/schema\/person\/035e90a8efe9a80e6eec22656ad6ea4c"},"headline":"La campa\u00f1a del miedo lleg\u00f3 a los trenes: los gremios publicaron un aviso que especula sobre el futuro valor del boleto","datePublished":"2023-10-19T15:01:31+00:00","dateModified":"2023-10-19T15:01:42+00:00","mainEntityOfPage":{"@id":"https:\/\/nuevodigitaldeescobar.com.ar\/?p=231"},"wordCount":615,"commentCount":0,"publisher":{"@id":"https:\/\/nuevodigitaldeescobar.com.ar\/#organization"},"image":{"@id":"https:\/\/nuevodigitaldeescobar.com.ar\/?p=231#primaryimage"},"thumbnailUrl":"https:\/\/nuevodigitaldeescobar.com.ar\/wp-content\/uploads\/2023\/10\/trenes-1-e1697727683430.jpg","articleSection":["Pol\u00edtica"],"inLanguage":"es","potentialAction":[{"@type":"CommentAction","name":"Comment","target":["https:\/\/nuevodigitaldeescobar.com.ar\/?p=231#respond"]}]},{"@type":"WebPage","@id":"https:\/\/nuevodigitaldeescobar.com.ar\/?p=231","url":"https:\/\/nuevodigitaldeescobar.com.ar\/?p=231","name":"La campa\u00f1a del miedo lleg\u00f3 a los trenes: los gremios publicaron un aviso que especula sobre el futuro valor del boleto - Nuevo Digital de Escobar","isPartOf":{"@id":"https:\/\/nuevodigitaldeescobar.com.ar\/#website"},"primaryImageOfPage":{"@id":"https:\/\/nuevodigitaldeescobar.com.ar\/?p=231#primaryimage"},"image":{"@id":"https:\/\/nuevodigitaldeescobar.com.ar\/?p=231#primaryimage"},"thumbnailUrl":"https:\/\/nuevodigitaldeescobar.com.ar\/wp-content\/uploads\/2023\/10\/trenes-1-e1697727683430.jpg","datePublished":"2023-10-19T15:01:31+00:00","dateModified":"2023-10-19T15:01:42+00:00","breadcrumb":{"@id":"https:\/\/nuevodigitaldeescobar.com.ar\/?p=231#breadcrumb"},"inLanguage":"es","potentialAction":[{"@type":"ReadAction","target":["https:\/\/nuevodigitaldeescobar.com.ar\/?p=231"]}]},{"@type":"ImageObject","inLanguage":"es","@id":"https:\/\/nuevodigitaldeescobar.com.ar\/?p=231#primaryimage","url":"https:\/\/nuevodigitaldeescobar.com.ar\/wp-content\/uploads\/2023\/10\/trenes-1-e1697727683430.jpg","contentUrl":"https:\/\/nuevodigitaldeescobar.com.ar\/wp-content\/uploads\/2023\/10\/trenes-1-e1697727683430.jpg","width":720,"height":405},{"@type":"BreadcrumbList","@id":"https:\/\/nuevodigitaldeescobar.com.ar\/?p=231#breadcrumb","itemListElement":[{"@type":"ListItem","position":1,"name":"Portada","item":"https:\/\/nuevodigitaldeescobar.com.ar\/"},{"@type":"ListItem","position":2,"name":"La campa\u00f1a del miedo lleg\u00f3 a los trenes: los gremios publicaron un aviso que especula sobre el futuro valor del boleto"}]},{"@type":"WebSite","@id":"https:\/\/nuevodigitaldeescobar.com.ar\/#website","url":"https:\/\/nuevodigitaldeescobar.com.ar\/","name":"Nuevo Digital de Escobar","description":"La vida escobarense. Directora: Rosana Brunner","publisher":{"@id":"https:\/\/nuevodigitaldeescobar.com.ar\/#organization"},"potentialAction":[{"@type":"SearchAction","target":{"@type":"EntryPoint","urlTemplate":"https:\/\/nuevodigitaldeescobar.com.ar\/?s={search_term_string}"},"query-input":{"@type":"PropertyValueSpecification","valueRequired":true,"valueName":"search_term_string"}}],"inLanguage":"es"},{"@type":"Organization","@id":"https:\/\/nuevodigitaldeescobar.com.ar\/#organization","name":"Nuevo Digital de Escobar","url":"https:\/\/nuevodigitaldeescobar.com.ar\/","logo":{"@type":"ImageObject","inLanguage":"es","@id":"https:\/\/nuevodigitaldeescobar.com.ar\/#\/schema\/logo\/image\/","url":"https:\/\/nuevodigitaldeescobar.com.ar\/wp-content\/uploads\/2025\/05\/cropped-logo-nuevo2.jpg","contentUrl":"https:\/\/nuevodigitaldeescobar.com.ar\/wp-content\/uploads\/2025\/05\/cropped-logo-nuevo2.jpg","width":305,"height":305,"caption":"Nuevo Digital de Escobar"},"image":{"@id":"https:\/\/nuevodigitaldeescobar.com.ar\/#\/schema\/logo\/image\/"},"sameAs":["https:\/\/www.facebook.com\/NUEVODigitalDeEscobar","https:\/\/x.com\/nuevodigescobar","https:\/\/www.instagram.com\/nuevodigitaldeescobar"]},{"@type":"Person","@id":"https:\/\/nuevodigitaldeescobar.com.ar\/#\/schema\/person\/035e90a8efe9a80e6eec22656ad6ea4c","name":"Redacci\u00f3n","image":{"@type":"ImageObject","inLanguage":"es","@id":"https:\/\/nuevodigitaldeescobar.com.ar\/#\/schema\/person\/image\/","url":"https:\/\/secure.gravatar.com\/avatar\/8af8f40000c24e9eef3034f2be5998a372bb1389e64b1a4a36b3a7979142220d?s=96&d=mm&r=g","contentUrl":"https:\/\/secure.gravatar.com\/avatar\/8af8f40000c24e9eef3034f2be5998a372bb1389e64b1a4a36b3a7979142220d?s=96&d=mm&r=g","caption":"Redacci\u00f3n"},"sameAs":["http:\/\/nuevodigitaldeescobar.com.ar"],"url":"https:\/\/nuevodigitaldeescobar.com.ar\/?author=1"}]}},"featured_image_urls":{"full":["https:\/\/nuevodigitaldeescobar.com.ar\/wp-content\/uploads\/2023\/10\/trenes-1-e1697727683430.jpg",720,405,false],"thumbnail":["https:\/\/nuevodigitaldeescobar.com.ar\/wp-content\/uploads\/2023\/10\/trenes-1-150x150.jpg",150,150,true],"medium":["https:\/\/nuevodigitaldeescobar.com.ar\/wp-content\/uploads\/2023\/10\/trenes-1-300x169.jpg",300,169,true],"medium_large":["https:\/\/nuevodigitaldeescobar.com.ar\/wp-content\/uploads\/2023\/10\/trenes-1-768x432.jpg",640,360,true],"large":["https:\/\/nuevodigitaldeescobar.com.ar\/wp-content\/uploads\/2023\/10\/trenes-1-1024x576.jpg",640,360,true],"1536x1536":["https:\/\/nuevodigitaldeescobar.com.ar\/wp-content\/uploads\/2023\/10\/trenes-1-1536x864.jpg",1536,864,true],"2048x2048":["https:\/\/nuevodigitaldeescobar.com.ar\/wp-content\/uploads\/2023\/10\/trenes-1-e1697727683430.jpg",720,405,false]},"author_info":{"display_name":"Redacci\u00f3n","author_link":"https:\/\/nuevodigitaldeescobar.com.ar\/?author=1"},"category_info":"<a href=\"https:\/\/nuevodigitaldeescobar.com.ar\/?cat=6\" rel=\"category\">Pol\u00edtica<\/a>","tag_info":"Pol\u00edtica","comment_count":"0","_links":{"self":[{"href":"https:\/\/nuevodigitaldeescobar.com.ar\/index.php?rest_route=\/wp\/v2\/posts\/231","targetHints":{"allow":["GET"]}}],"collection":[{"href":"https:\/\/nuevodigitaldeescobar.com.ar\/index.php?rest_route=\/wp\/v2\/posts"}],"about":[{"href":"https:\/\/nuevodigitaldeescobar.com.ar\/index.php?rest_route=\/wp\/v2\/types\/post"}],"author":[{"embeddable":true,"href":"https:\/\/nuevodigitaldeescobar.com.ar\/index.php?rest_route=\/wp\/v2\/users\/1"}],"replies":[{"embeddable":true,"href":"https:\/\/nuevodigitaldeescobar.com.ar\/index.php?rest_route=%2Fwp%2Fv2%2Fcomments&post=231"}],"version-history":[{"count":1,"href":"https:\/\/nuevodigitaldeescobar.com.ar\/index.php?rest_route=\/wp\/v2\/posts\/231\/revisions"}],"predecessor-version":[{"id":234,"href":"https:\/\/nuevodigitaldeescobar.com.ar\/index.php?rest_route=\/wp\/v2\/posts\/231\/revisions\/234"}],"wp:featuredmedia":[{"embeddable":true,"href":"https:\/\/nuevodigitaldeescobar.com.ar\/index.php?rest_route=\/wp\/v2\/media\/232"}],"wp:attachment":[{"href":"https:\/\/nuevodigitaldeescobar.com.ar\/index.php?rest_route=%2Fwp%2Fv2%2Fmedia&parent=231"}],"wp:term":[{"taxonomy":"category","embeddable":true,"href":"https:\/\/nuevodigitaldeescobar.com.ar\/index.php?rest_route=%2Fwp%2Fv2%2Fcategories&post=231"},{"taxonomy":"post_tag","embeddable":true,"href":"https:\/\/nuevodigitaldeescobar.com.ar\/index.php?rest_route=%2Fwp%2Fv2%2Ftags&post=231"}],"curies":[{"name":"wp","href":"https:\/\/api.w.org\/{rel}","templated":true}]}}