{"id":2343,"date":"2024-01-05T20:06:06","date_gmt":"2024-01-05T23:06:06","guid":{"rendered":"https:\/\/nuevodigitaldeescobar.com.ar\/?p=2343"},"modified":"2024-01-05T20:06:18","modified_gmt":"2024-01-05T23:06:18","slug":"karina-milei-nombro-como-funcionaria-a-una-escobarense","status":"publish","type":"post","link":"https:\/\/nuevodigitaldeescobar.com.ar\/?p=2343","title":{"rendered":"Karina Milei nombr\u00f3 como funcionaria a una escobarense"},"content":{"rendered":"<p><strong><em><span style=\"color: #003366;\">Es Mar\u00eda Bel\u00e9n Agudiez, ahora Subsecretaria de Planificaci\u00f3n General. Se conocieron en esta campa\u00f1a.<\/span> <\/em><\/strong><\/p>\n<p><!--more--><\/p>\n<hr \/>\n<p>Karina Milei tiene una preponderancia total en la vida de su hermano y tambi\u00e9n en el Gobierno. De hecho, consideran que es mucho m\u00e1s importante en el d\u00eda a d\u00eda del oficialismo que el propio Presidente. Sin embargo, <em>\u201cel jefe\u201d<\/em> no se caracteriza por tener un equipo muy nutrido, un llamativo dato que a pesar del rol central que tiene en La Libertad Avanza no hab\u00eda nombrado ni a una sola persona en un cargo. Eso cambi\u00f3 hoy.<\/p>\n<p>Es que sali\u00f3 la designaci\u00f3n oficial de Mar\u00eda Bel\u00e9n Agudiez, que ser\u00e1 Subsecretaria de Planificaci\u00f3n General, un cargo que depende de la Secretar\u00eda General de Presidencia que ocupa la menor de los Milei. Su nombramiento qued\u00f3 plasmado en el Bolet\u00edn Oficial, en el <a href=\"https:\/\/www.boletinoficial.gob.ar\/detalleAviso\/primera\/301619\/20240105\">Decreto 17\/2024<\/a>.<\/p>\n<p>Agudiez conoci\u00f3 a <em>\u201cEl Jefe\u201d<\/em> en la campa\u00f1a del a\u00f1o pasado, y desde entonces se hicieron muy cercanas. Algunos la definen como su <em>\u201csombra\u201d<\/em>, ya que siempre est\u00e1 ah\u00ed. Hasta ahora, es la \u00fanica persona del <em>\u201ckarinismo\u201d<\/em> que qued\u00f3 nombrada dentro del Gobierno. Por fuera, la hermana de Milei no tiene mucho m\u00e1s. No hay diputados ni senadores que le respondan, salvo el caso de Romina Diez, diputada muy cercana a la Secretaria General.<\/p>\n<p>Un dato sobre Agudiez: es fan\u00e1tica de San Benito, una c\u00e9lebre figura del cristianismo. Ella no sale de su casa sin la medalla de \u00e9l, que dice <em>\u201cVade retro Satan\u00e1s\u201d<\/em>.<\/p>\n<p>En su perfil del sitio <em>\u201cVot\u00e1 informado\u201d<\/em>, se puede conocer algo m\u00e1s acerca de Agudiez: tiene 31 a\u00f1os, vive en Vicente L\u00f3pez, es vegana y gran defensora de los derechos de los animales.<\/p>\n<p>Adem\u00e1s, manifiesta que le gusta <em>\u201cluchar por lo que quiero. Trabajo desde los 17 y siempre pens\u00e9 que para llegar a lo que uno quiere. El esfuerzo y sacrificio es lo que se necesita para lograr los objetivos\u201d<\/em>.<\/p>\n<p>Relacionista P\u00fablica, trabaj\u00f3 en comunicaci\u00f3n y prensa. En el \u00e1mbito privado trabaj\u00f3 en eventos sociales en salones y hoteles.<\/p>\n<p>En cuanto a su formaci\u00f3n acad\u00e9mica, es Lic. en Relaciones Publicas, UCES; tiene un Posgrado en Defensa Nacional y Militar en UNDEF (Universidad de la Defensa Argentina), se encuentra cursando las \u00faltimas materias de la carrera de Ciencias Pol\u00edticas en UADE. Adem\u00e1s, se encuentra cursando una maestr\u00eda en Estrategia e Inteligencia Nacional en UNLP, donde obtuvo media beca.<\/p>\n<p>En las \u00faltimas elecciones acompa\u00f1\u00f3 a Eduardo Gianfrancesco en su lista como candidata a concejal.<\/p>\n<p>Su funci\u00f3n ser\u00e1 la de atender la planificaci\u00f3n de los servicios necesarios para el funcionamiento de la Secretar\u00eda General de la Presidencia, observar el mantenimiento y funcionamiento de la Casa de Gobierno, las Residencias Presidenciales de Olivos y Chapadmalal, sedes administrativas, cocheras y transporte de Karina Milei. Adem\u00e1s deber\u00e1 ocuparse de la higiene y seguridad de los \u00e1mbitos de trabajo; y tambi\u00e9n participar\u00e1 de un programa integral de puesta en valor de todas las sedes de gobierno y el patrimonio hist\u00f3rico y cultural de la Presidencia, y el dise\u00f1o de la actualizaci\u00f3n tecnol\u00f3gica de las dependencias de la Secretar\u00eda General.<\/p>\n<p>A su vez tendr\u00e1 la responsabilidad del monitoreo y la coordinaci\u00f3n de los traslados del Presidente dentro y fuera del pa\u00eds, adem\u00e1s de la revisi\u00f3n del funcionamiento y mantenimiento de la flota presidencial de aviones en coordinaci\u00f3n con la Casa Militar. Tambi\u00e9n se ocupar\u00e1 de las actividades que se realicen en el Museo del Bicentenario y el Paseo de la Rep\u00fablica de Olivos.<\/p>\n<p><em>(Con informaci\u00f3n de Revista Noticias)<\/em><\/p>\n","protected":false},"excerpt":{"rendered":"<p>Es Mar\u00eda Bel\u00e9n Agudiez, ahora Subsecretaria de Planificaci\u00f3n General. Se conocieron en esta campa\u00f1a.<\/p>\n","protected":false},"author":1,"featured_media":2344,"comment_status":"open","ping_status":"closed","sticky":false,"template":"","format":"standard","meta":{"footnotes":""},"categories":[6],"tags":[],"class_list":["post-2343","post","type-post","status-publish","format-standard","has-post-thumbnail","hentry","category-politica"],"better_featured_image":{"id":2344,"alt_text":"","caption":"","description":"","media_type":"image","media_details":{"width":720,"height":405,"file":"2024\/01\/milei-milei-e1704495960191.jpg","filesize":134469,"sizes":{"medium":{"file":"milei-milei-300x169.jpg","width":300,"height":169,"mime-type":"image\/jpeg","filesize":9944,"source_url":"https:\/\/nuevodigitaldeescobar.com.ar\/wp-content\/uploads\/2024\/01\/milei-milei-300x169.jpg"},"large":{"file":"milei-milei-1024x576.jpg","width":1024,"height":576,"mime-type":"image\/jpeg","filesize":68192,"source_url":"https:\/\/nuevodigitaldeescobar.com.ar\/wp-content\/uploads\/2024\/01\/milei-milei-1024x576.jpg"},"thumbnail":{"file":"milei-milei-150x150.jpg","width":150,"height":150,"mime-type":"image\/jpeg","filesize":5580,"source_url":"https:\/\/nuevodigitaldeescobar.com.ar\/wp-content\/uploads\/2024\/01\/milei-milei-150x150.jpg"},"medium_large":{"file":"milei-milei-768x432.jpg","width":768,"height":432,"mime-type":"image\/jpeg","filesize":43686,"source_url":"https:\/\/nuevodigitaldeescobar.com.ar\/wp-content\/uploads\/2024\/01\/milei-milei-768x432.jpg"},"covernews-slider-full":{"file":"milei-milei-1115x715.jpg","width":1115,"height":715,"mime-type":"image\/jpeg","filesize":90205,"source_url":"https:\/\/nuevodigitaldeescobar.com.ar\/wp-content\/uploads\/2024\/01\/milei-milei-1115x715.jpg"},"covernews-slider-center":{"file":"milei-milei-800x500.jpg","width":800,"height":500,"mime-type":"image\/jpeg","filesize":52371,"source_url":"https:\/\/nuevodigitaldeescobar.com.ar\/wp-content\/uploads\/2024\/01\/milei-milei-800x500.jpg"},"covernews-featured":{"file":"milei-milei-1024x576.jpg","width":1024,"height":576,"mime-type":"image\/jpeg","filesize":68192,"source_url":"https:\/\/nuevodigitaldeescobar.com.ar\/wp-content\/uploads\/2024\/01\/milei-milei-1024x576.jpg"},"covernews-medium":{"file":"milei-milei-540x340.jpg","width":540,"height":340,"mime-type":"image\/jpeg","filesize":28399,"source_url":"https:\/\/nuevodigitaldeescobar.com.ar\/wp-content\/uploads\/2024\/01\/milei-milei-540x340.jpg"},"covernews-medium-square":{"file":"milei-milei-400x250.jpg","width":400,"height":250,"mime-type":"image\/jpeg","filesize":17436,"source_url":"https:\/\/nuevodigitaldeescobar.com.ar\/wp-content\/uploads\/2024\/01\/milei-milei-400x250.jpg"}},"image_meta":{"aperture":"0","credit":"","camera":"","caption":"","created_timestamp":"0","copyright":"","focal_length":"0","iso":"0","shutter_speed":"0","title":"","orientation":"0","keywords":[]}},"post":2343,"source_url":"https:\/\/nuevodigitaldeescobar.com.ar\/wp-content\/uploads\/2024\/01\/milei-milei-e1704495960191.jpg"},"yoast_head":"<!-- This site is optimized with the Yoast SEO plugin v26.1.1 - https:\/\/yoast.com\/wordpress\/plugins\/seo\/ -->\n<title>Karina Milei nombr\u00f3 como funcionaria a una escobarense - Nuevo Digital de Escobar<\/title>\n<meta name=\"robots\" content=\"index, follow, max-snippet:-1, max-image-preview:large, max-video-preview:-1\" \/>\n<link rel=\"canonical\" href=\"https:\/\/nuevodigitaldeescobar.com.ar\/?p=2343\" \/>\n<meta property=\"og:locale\" content=\"es_ES\" \/>\n<meta property=\"og:type\" content=\"article\" \/>\n<meta property=\"og:title\" content=\"Karina Milei nombr\u00f3 como funcionaria a una escobarense - Nuevo Digital de Escobar\" \/>\n<meta property=\"og:description\" content=\"Es Mar\u00eda Bel\u00e9n Agudiez, ahora Subsecretaria de Planificaci\u00f3n General. Se conocieron en esta campa\u00f1a.\" \/>\n<meta property=\"og:url\" content=\"https:\/\/nuevodigitaldeescobar.com.ar\/?p=2343\" \/>\n<meta property=\"og:site_name\" content=\"Nuevo Digital de Escobar\" \/>\n<meta property=\"article:publisher\" content=\"https:\/\/www.facebook.com\/NUEVODigitalDeEscobar\" \/>\n<meta property=\"article:published_time\" content=\"2024-01-05T23:06:06+00:00\" \/>\n<meta property=\"article:modified_time\" content=\"2024-01-05T23:06:18+00:00\" \/>\n<meta property=\"og:image\" content=\"https:\/\/nuevodigitaldeescobar.com.ar\/wp-content\/uploads\/2024\/01\/milei-milei-e1704495960191.jpg\" \/>\n\t<meta property=\"og:image:width\" content=\"720\" \/>\n\t<meta property=\"og:image:height\" content=\"405\" \/>\n\t<meta property=\"og:image:type\" content=\"image\/jpeg\" \/>\n<meta name=\"author\" content=\"Redacci\u00f3n\" \/>\n<meta name=\"twitter:card\" content=\"summary_large_image\" \/>\n<meta name=\"twitter:creator\" content=\"@nuevodigescobar\" \/>\n<meta name=\"twitter:site\" content=\"@nuevodigescobar\" \/>\n<meta name=\"twitter:label1\" content=\"Escrito por\" \/>\n\t<meta name=\"twitter:data1\" content=\"Redacci\u00f3n\" \/>\n\t<meta name=\"twitter:label2\" content=\"Tiempo de lectura\" \/>\n\t<meta name=\"twitter:data2\" content=\"3 minutos\" \/>\n<script type=\"application\/ld+json\" class=\"yoast-schema-graph\">{\"@context\":\"https:\/\/schema.org\",\"@graph\":[{\"@type\":\"Article\",\"@id\":\"https:\/\/nuevodigitaldeescobar.com.ar\/?p=2343#article\",\"isPartOf\":{\"@id\":\"https:\/\/nuevodigitaldeescobar.com.ar\/?p=2343\"},\"author\":{\"name\":\"Redacci\u00f3n\",\"@id\":\"https:\/\/nuevodigitaldeescobar.com.ar\/#\/schema\/person\/035e90a8efe9a80e6eec22656ad6ea4c\"},\"headline\":\"Karina Milei nombr\u00f3 como funcionaria a una escobarense\",\"datePublished\":\"2024-01-05T23:06:06+00:00\",\"dateModified\":\"2024-01-05T23:06:18+00:00\",\"mainEntityOfPage\":{\"@id\":\"https:\/\/nuevodigitaldeescobar.com.ar\/?p=2343\"},\"wordCount\":627,\"commentCount\":0,\"publisher\":{\"@id\":\"https:\/\/nuevodigitaldeescobar.com.ar\/#organization\"},\"image\":{\"@id\":\"https:\/\/nuevodigitaldeescobar.com.ar\/?p=2343#primaryimage\"},\"thumbnailUrl\":\"https:\/\/nuevodigitaldeescobar.com.ar\/wp-content\/uploads\/2024\/01\/milei-milei-e1704495960191.jpg\",\"articleSection\":[\"Pol\u00edtica\"],\"inLanguage\":\"es\",\"potentialAction\":[{\"@type\":\"CommentAction\",\"name\":\"Comment\",\"target\":[\"https:\/\/nuevodigitaldeescobar.com.ar\/?p=2343#respond\"]}]},{\"@type\":\"WebPage\",\"@id\":\"https:\/\/nuevodigitaldeescobar.com.ar\/?p=2343\",\"url\":\"https:\/\/nuevodigitaldeescobar.com.ar\/?p=2343\",\"name\":\"Karina Milei nombr\u00f3 como funcionaria a una escobarense - Nuevo Digital de Escobar\",\"isPartOf\":{\"@id\":\"https:\/\/nuevodigitaldeescobar.com.ar\/#website\"},\"primaryImageOfPage\":{\"@id\":\"https:\/\/nuevodigitaldeescobar.com.ar\/?p=2343#primaryimage\"},\"image\":{\"@id\":\"https:\/\/nuevodigitaldeescobar.com.ar\/?p=2343#primaryimage\"},\"thumbnailUrl\":\"https:\/\/nuevodigitaldeescobar.com.ar\/wp-content\/uploads\/2024\/01\/milei-milei-e1704495960191.jpg\",\"datePublished\":\"2024-01-05T23:06:06+00:00\",\"dateModified\":\"2024-01-05T23:06:18+00:00\",\"breadcrumb\":{\"@id\":\"https:\/\/nuevodigitaldeescobar.com.ar\/?p=2343#breadcrumb\"},\"inLanguage\":\"es\",\"potentialAction\":[{\"@type\":\"ReadAction\",\"target\":[\"https:\/\/nuevodigitaldeescobar.com.ar\/?p=2343\"]}]},{\"@type\":\"ImageObject\",\"inLanguage\":\"es\",\"@id\":\"https:\/\/nuevodigitaldeescobar.com.ar\/?p=2343#primaryimage\",\"url\":\"https:\/\/nuevodigitaldeescobar.com.ar\/wp-content\/uploads\/2024\/01\/milei-milei-e1704495960191.jpg\",\"contentUrl\":\"https:\/\/nuevodigitaldeescobar.com.ar\/wp-content\/uploads\/2024\/01\/milei-milei-e1704495960191.jpg\",\"width\":720,\"height\":405},{\"@type\":\"BreadcrumbList\",\"@id\":\"https:\/\/nuevodigitaldeescobar.com.ar\/?p=2343#breadcrumb\",\"itemListElement\":[{\"@type\":\"ListItem\",\"position\":1,\"name\":\"Portada\",\"item\":\"https:\/\/nuevodigitaldeescobar.com.ar\/\"},{\"@type\":\"ListItem\",\"position\":2,\"name\":\"Karina Milei nombr\u00f3 como funcionaria a una escobarense\"}]},{\"@type\":\"WebSite\",\"@id\":\"https:\/\/nuevodigitaldeescobar.com.ar\/#website\",\"url\":\"https:\/\/nuevodigitaldeescobar.com.ar\/\",\"name\":\"Nuevo Digital de Escobar\",\"description\":\"La vida escobarense. Directora: Rosana Brunner\",\"publisher\":{\"@id\":\"https:\/\/nuevodigitaldeescobar.com.ar\/#organization\"},\"potentialAction\":[{\"@type\":\"SearchAction\",\"target\":{\"@type\":\"EntryPoint\",\"urlTemplate\":\"https:\/\/nuevodigitaldeescobar.com.ar\/?s={search_term_string}\"},\"query-input\":{\"@type\":\"PropertyValueSpecification\",\"valueRequired\":true,\"valueName\":\"search_term_string\"}}],\"inLanguage\":\"es\"},{\"@type\":\"Organization\",\"@id\":\"https:\/\/nuevodigitaldeescobar.com.ar\/#organization\",\"name\":\"Nuevo Digital de Escobar\",\"url\":\"https:\/\/nuevodigitaldeescobar.com.ar\/\",\"logo\":{\"@type\":\"ImageObject\",\"inLanguage\":\"es\",\"@id\":\"https:\/\/nuevodigitaldeescobar.com.ar\/#\/schema\/logo\/image\/\",\"url\":\"https:\/\/nuevodigitaldeescobar.com.ar\/wp-content\/uploads\/2025\/05\/cropped-logo-nuevo2.jpg\",\"contentUrl\":\"https:\/\/nuevodigitaldeescobar.com.ar\/wp-content\/uploads\/2025\/05\/cropped-logo-nuevo2.jpg\",\"width\":305,\"height\":305,\"caption\":\"Nuevo Digital de Escobar\"},\"image\":{\"@id\":\"https:\/\/nuevodigitaldeescobar.com.ar\/#\/schema\/logo\/image\/\"},\"sameAs\":[\"https:\/\/www.facebook.com\/NUEVODigitalDeEscobar\",\"https:\/\/x.com\/nuevodigescobar\",\"https:\/\/www.instagram.com\/nuevodigitaldeescobar\"]},{\"@type\":\"Person\",\"@id\":\"https:\/\/nuevodigitaldeescobar.com.ar\/#\/schema\/person\/035e90a8efe9a80e6eec22656ad6ea4c\",\"name\":\"Redacci\u00f3n\",\"image\":{\"@type\":\"ImageObject\",\"inLanguage\":\"es\",\"@id\":\"https:\/\/nuevodigitaldeescobar.com.ar\/#\/schema\/person\/image\/\",\"url\":\"https:\/\/secure.gravatar.com\/avatar\/8af8f40000c24e9eef3034f2be5998a372bb1389e64b1a4a36b3a7979142220d?s=96&d=mm&r=g\",\"contentUrl\":\"https:\/\/secure.gravatar.com\/avatar\/8af8f40000c24e9eef3034f2be5998a372bb1389e64b1a4a36b3a7979142220d?s=96&d=mm&r=g\",\"caption\":\"Redacci\u00f3n\"},\"sameAs\":[\"http:\/\/nuevodigitaldeescobar.com.ar\"],\"url\":\"https:\/\/nuevodigitaldeescobar.com.ar\/?author=1\"}]}<\/script>\n<!-- \/ Yoast SEO plugin. -->","yoast_head_json":{"title":"Karina Milei nombr\u00f3 como funcionaria a una escobarense - Nuevo Digital de Escobar","robots":{"index":"index","follow":"follow","max-snippet":"max-snippet:-1","max-image-preview":"max-image-preview:large","max-video-preview":"max-video-preview:-1"},"canonical":"https:\/\/nuevodigitaldeescobar.com.ar\/?p=2343","og_locale":"es_ES","og_type":"article","og_title":"Karina Milei nombr\u00f3 como funcionaria a una escobarense - Nuevo Digital de Escobar","og_description":"Es Mar\u00eda Bel\u00e9n Agudiez, ahora Subsecretaria de Planificaci\u00f3n General. Se conocieron en esta campa\u00f1a.","og_url":"https:\/\/nuevodigitaldeescobar.com.ar\/?p=2343","og_site_name":"Nuevo Digital de Escobar","article_publisher":"https:\/\/www.facebook.com\/NUEVODigitalDeEscobar","article_published_time":"2024-01-05T23:06:06+00:00","article_modified_time":"2024-01-05T23:06:18+00:00","og_image":[{"width":720,"height":405,"url":"https:\/\/nuevodigitaldeescobar.com.ar\/wp-content\/uploads\/2024\/01\/milei-milei-e1704495960191.jpg","type":"image\/jpeg"}],"author":"Redacci\u00f3n","twitter_card":"summary_large_image","twitter_creator":"@nuevodigescobar","twitter_site":"@nuevodigescobar","twitter_misc":{"Escrito por":"Redacci\u00f3n","Tiempo de lectura":"3 minutos"},"schema":{"@context":"https:\/\/schema.org","@graph":[{"@type":"Article","@id":"https:\/\/nuevodigitaldeescobar.com.ar\/?p=2343#article","isPartOf":{"@id":"https:\/\/nuevodigitaldeescobar.com.ar\/?p=2343"},"author":{"name":"Redacci\u00f3n","@id":"https:\/\/nuevodigitaldeescobar.com.ar\/#\/schema\/person\/035e90a8efe9a80e6eec22656ad6ea4c"},"headline":"Karina Milei nombr\u00f3 como funcionaria a una escobarense","datePublished":"2024-01-05T23:06:06+00:00","dateModified":"2024-01-05T23:06:18+00:00","mainEntityOfPage":{"@id":"https:\/\/nuevodigitaldeescobar.com.ar\/?p=2343"},"wordCount":627,"commentCount":0,"publisher":{"@id":"https:\/\/nuevodigitaldeescobar.com.ar\/#organization"},"image":{"@id":"https:\/\/nuevodigitaldeescobar.com.ar\/?p=2343#primaryimage"},"thumbnailUrl":"https:\/\/nuevodigitaldeescobar.com.ar\/wp-content\/uploads\/2024\/01\/milei-milei-e1704495960191.jpg","articleSection":["Pol\u00edtica"],"inLanguage":"es","potentialAction":[{"@type":"CommentAction","name":"Comment","target":["https:\/\/nuevodigitaldeescobar.com.ar\/?p=2343#respond"]}]},{"@type":"WebPage","@id":"https:\/\/nuevodigitaldeescobar.com.ar\/?p=2343","url":"https:\/\/nuevodigitaldeescobar.com.ar\/?p=2343","name":"Karina Milei nombr\u00f3 como funcionaria a una escobarense - Nuevo Digital de Escobar","isPartOf":{"@id":"https:\/\/nuevodigitaldeescobar.com.ar\/#website"},"primaryImageOfPage":{"@id":"https:\/\/nuevodigitaldeescobar.com.ar\/?p=2343#primaryimage"},"image":{"@id":"https:\/\/nuevodigitaldeescobar.com.ar\/?p=2343#primaryimage"},"thumbnailUrl":"https:\/\/nuevodigitaldeescobar.com.ar\/wp-content\/uploads\/2024\/01\/milei-milei-e1704495960191.jpg","datePublished":"2024-01-05T23:06:06+00:00","dateModified":"2024-01-05T23:06:18+00:00","breadcrumb":{"@id":"https:\/\/nuevodigitaldeescobar.com.ar\/?p=2343#breadcrumb"},"inLanguage":"es","potentialAction":[{"@type":"ReadAction","target":["https:\/\/nuevodigitaldeescobar.com.ar\/?p=2343"]}]},{"@type":"ImageObject","inLanguage":"es","@id":"https:\/\/nuevodigitaldeescobar.com.ar\/?p=2343#primaryimage","url":"https:\/\/nuevodigitaldeescobar.com.ar\/wp-content\/uploads\/2024\/01\/milei-milei-e1704495960191.jpg","contentUrl":"https:\/\/nuevodigitaldeescobar.com.ar\/wp-content\/uploads\/2024\/01\/milei-milei-e1704495960191.jpg","width":720,"height":405},{"@type":"BreadcrumbList","@id":"https:\/\/nuevodigitaldeescobar.com.ar\/?p=2343#breadcrumb","itemListElement":[{"@type":"ListItem","position":1,"name":"Portada","item":"https:\/\/nuevodigitaldeescobar.com.ar\/"},{"@type":"ListItem","position":2,"name":"Karina Milei nombr\u00f3 como funcionaria a una escobarense"}]},{"@type":"WebSite","@id":"https:\/\/nuevodigitaldeescobar.com.ar\/#website","url":"https:\/\/nuevodigitaldeescobar.com.ar\/","name":"Nuevo Digital de Escobar","description":"La vida escobarense. Directora: Rosana Brunner","publisher":{"@id":"https:\/\/nuevodigitaldeescobar.com.ar\/#organization"},"potentialAction":[{"@type":"SearchAction","target":{"@type":"EntryPoint","urlTemplate":"https:\/\/nuevodigitaldeescobar.com.ar\/?s={search_term_string}"},"query-input":{"@type":"PropertyValueSpecification","valueRequired":true,"valueName":"search_term_string"}}],"inLanguage":"es"},{"@type":"Organization","@id":"https:\/\/nuevodigitaldeescobar.com.ar\/#organization","name":"Nuevo Digital de Escobar","url":"https:\/\/nuevodigitaldeescobar.com.ar\/","logo":{"@type":"ImageObject","inLanguage":"es","@id":"https:\/\/nuevodigitaldeescobar.com.ar\/#\/schema\/logo\/image\/","url":"https:\/\/nuevodigitaldeescobar.com.ar\/wp-content\/uploads\/2025\/05\/cropped-logo-nuevo2.jpg","contentUrl":"https:\/\/nuevodigitaldeescobar.com.ar\/wp-content\/uploads\/2025\/05\/cropped-logo-nuevo2.jpg","width":305,"height":305,"caption":"Nuevo Digital de Escobar"},"image":{"@id":"https:\/\/nuevodigitaldeescobar.com.ar\/#\/schema\/logo\/image\/"},"sameAs":["https:\/\/www.facebook.com\/NUEVODigitalDeEscobar","https:\/\/x.com\/nuevodigescobar","https:\/\/www.instagram.com\/nuevodigitaldeescobar"]},{"@type":"Person","@id":"https:\/\/nuevodigitaldeescobar.com.ar\/#\/schema\/person\/035e90a8efe9a80e6eec22656ad6ea4c","name":"Redacci\u00f3n","image":{"@type":"ImageObject","inLanguage":"es","@id":"https:\/\/nuevodigitaldeescobar.com.ar\/#\/schema\/person\/image\/","url":"https:\/\/secure.gravatar.com\/avatar\/8af8f40000c24e9eef3034f2be5998a372bb1389e64b1a4a36b3a7979142220d?s=96&d=mm&r=g","contentUrl":"https:\/\/secure.gravatar.com\/avatar\/8af8f40000c24e9eef3034f2be5998a372bb1389e64b1a4a36b3a7979142220d?s=96&d=mm&r=g","caption":"Redacci\u00f3n"},"sameAs":["http:\/\/nuevodigitaldeescobar.com.ar"],"url":"https:\/\/nuevodigitaldeescobar.com.ar\/?author=1"}]}},"featured_image_urls":{"full":["https:\/\/nuevodigitaldeescobar.com.ar\/wp-content\/uploads\/2024\/01\/milei-milei-e1704495960191.jpg",720,405,false],"thumbnail":["https:\/\/nuevodigitaldeescobar.com.ar\/wp-content\/uploads\/2024\/01\/milei-milei-150x150.jpg",150,150,true],"medium":["https:\/\/nuevodigitaldeescobar.com.ar\/wp-content\/uploads\/2024\/01\/milei-milei-300x169.jpg",300,169,true],"medium_large":["https:\/\/nuevodigitaldeescobar.com.ar\/wp-content\/uploads\/2024\/01\/milei-milei-768x432.jpg",640,360,true],"large":["https:\/\/nuevodigitaldeescobar.com.ar\/wp-content\/uploads\/2024\/01\/milei-milei-1024x576.jpg",640,360,true],"1536x1536":["https:\/\/nuevodigitaldeescobar.com.ar\/wp-content\/uploads\/2024\/01\/milei-milei-e1704495960191.jpg",720,405,false],"2048x2048":["https:\/\/nuevodigitaldeescobar.com.ar\/wp-content\/uploads\/2024\/01\/milei-milei-e1704495960191.jpg",720,405,false]},"author_info":{"display_name":"Redacci\u00f3n","author_link":"https:\/\/nuevodigitaldeescobar.com.ar\/?author=1"},"category_info":"<a href=\"https:\/\/nuevodigitaldeescobar.com.ar\/?cat=6\" rel=\"category\">Pol\u00edtica<\/a>","tag_info":"Pol\u00edtica","comment_count":"0","_links":{"self":[{"href":"https:\/\/nuevodigitaldeescobar.com.ar\/index.php?rest_route=\/wp\/v2\/posts\/2343","targetHints":{"allow":["GET"]}}],"collection":[{"href":"https:\/\/nuevodigitaldeescobar.com.ar\/index.php?rest_route=\/wp\/v2\/posts"}],"about":[{"href":"https:\/\/nuevodigitaldeescobar.com.ar\/index.php?rest_route=\/wp\/v2\/types\/post"}],"author":[{"embeddable":true,"href":"https:\/\/nuevodigitaldeescobar.com.ar\/index.php?rest_route=\/wp\/v2\/users\/1"}],"replies":[{"embeddable":true,"href":"https:\/\/nuevodigitaldeescobar.com.ar\/index.php?rest_route=%2Fwp%2Fv2%2Fcomments&post=2343"}],"version-history":[{"count":1,"href":"https:\/\/nuevodigitaldeescobar.com.ar\/index.php?rest_route=\/wp\/v2\/posts\/2343\/revisions"}],"predecessor-version":[{"id":2345,"href":"https:\/\/nuevodigitaldeescobar.com.ar\/index.php?rest_route=\/wp\/v2\/posts\/2343\/revisions\/2345"}],"wp:featuredmedia":[{"embeddable":true,"href":"https:\/\/nuevodigitaldeescobar.com.ar\/index.php?rest_route=\/wp\/v2\/media\/2344"}],"wp:attachment":[{"href":"https:\/\/nuevodigitaldeescobar.com.ar\/index.php?rest_route=%2Fwp%2Fv2%2Fmedia&parent=2343"}],"wp:term":[{"taxonomy":"category","embeddable":true,"href":"https:\/\/nuevodigitaldeescobar.com.ar\/index.php?rest_route=%2Fwp%2Fv2%2Fcategories&post=2343"},{"taxonomy":"post_tag","embeddable":true,"href":"https:\/\/nuevodigitaldeescobar.com.ar\/index.php?rest_route=%2Fwp%2Fv2%2Ftags&post=2343"}],"curies":[{"name":"wp","href":"https:\/\/api.w.org\/{rel}","templated":true}]}}