{"id":2381,"date":"2024-01-08T07:00:00","date_gmt":"2024-01-08T10:00:00","guid":{"rendered":"https:\/\/nuevodigitaldeescobar.com.ar\/?p=2381"},"modified":"2024-01-07T22:32:57","modified_gmt":"2024-01-08T01:32:57","slug":"fin-al-espiritu-antipsiquiatrico-en-salud-mental-que-opinan-los-especialistas-de-la-reforma-propuesta-en-la-ley-omnibus","status":"publish","type":"post","link":"https:\/\/nuevodigitaldeescobar.com.ar\/?p=2381","title":{"rendered":"\u00bfFin al esp\u00edritu antipsiqui\u00e1trico en Salud Mental?: qu\u00e9 opinan los especialistas de la reforma propuesta en la ley \u00f3mnibus"},"content":{"rendered":"<p><span style=\"color: #003366;\"><strong><em>La <a style=\"color: #003366;\" href=\"https:\/\/www.argentina.gob.ar\/normativa\/nacional\/ley-26657-175977\">Ley 26657<\/a> de 2010 niega la enfermedad psiqui\u00e1trica y dispone el cierre de hospitales y cl\u00ednicas especializados con el argumento de la estigmatizaci\u00f3n. Los cambios propuestos al Congreso, \u00bfalcanzar\u00e1n para revertir este enfoque?<\/em><\/strong><\/span><\/p>\n<p><!--more--><\/p>\n<hr \/>\n<p>El proyecto de Ley de Bases y Fundamentos para la Libertad de los Argentinos, enviado por el Ejecutivo al Congreso, incluye el cambio de 8 art\u00edculos de la actual Ley de Salud Mental, promulgada en 2010, reglamentada en 2013, y discutida desde el primer d\u00eda por su inaplicabilidad y falta de adecuaci\u00f3n a la realidad social y a los avances de la ciencia m\u00e9dica.<\/p>\n<p>Reformarla es un largo reclamo de las asociaciones de psiquiatras y de los familiares de personas con trastornos mentales o con problemas de adicci\u00f3n.<\/p>\n<p>La Ley de 2010 -N\u00b026657, todav\u00eda vigente- se caracteriza por su inspiraci\u00f3n claramente ideol\u00f3gica: pr\u00e1cticamente niega la enfermedad mental -por <em>\u201cestigmatizante\u201d<\/em>-, equipara en varios aspectos al m\u00e9dico psiquiatra con el psic\u00f3logo, el terapista ocupacional o la asistente social -por caso, cualquiera de ellos puede dirigir un servicio de salud mental, aunque cueste creerlo-, dispone el cierre de los neuropsiqui\u00e1tricos -es decir, de los establecimientos especializados-, califica a la internaci\u00f3n en general como recurso terap\u00e9utico restrictivo, que <em>\u201cdebe ser lo m\u00e1s breve posible\u201d<\/em> y pone trabas burocr\u00e1ticas a la internaci\u00f3n involuntaria. Ordena adem\u00e1s que los pacientes psiqui\u00e1tricos y los adictos sean internados en hospitales generales. En su articulado, la pr\u00e1ctica psiqui\u00e1trica es objeto de las peores sospechas y el \u00f3rgano revisor est\u00e1 formado por ONG de derechos humanos porque la psiquiatr\u00eda est\u00e1 asociada a la tortura.<\/p>\n<p>Dentro de la Ley \u00f3mnibus enviada al Congreso se proponen cambios en los art\u00edculos m\u00e1s pol\u00e9micos de la ley, como las limitaciones a la internaci\u00f3n involuntaria, el cierre de los neuropsiqui\u00e1tricos y la prohibici\u00f3n de crear nuevos. De aprobarse, un juez podr\u00e1 <em>\u201cadoptar medidas de atenci\u00f3n urgentes\u201d<\/em>, lo que incluye internaciones, debiendo luego <em>\u201crealizar la correspondiente evaluaci\u00f3n interdisciplinaria\u201d<\/em>.<\/p>\n<p>Por otra parte, el \u00d3rgano de Revisi\u00f3n de la Ley, actualmente integrado por representantes del Ministerio de Salud, de la Secretar\u00eda de Derechos Humanos, del Ministerio P\u00fablico de la Defensa, de asociaciones de usuarios y familiares y de integrantes de ONG de derechos humanos, pasar\u00e1 a estar integrado por un equipo multidisciplinario formado <em>\u201cpor un m\u00e9dico psiquiatra, un psic\u00f3logo, un t\u00e9cnico especialista en adicciones, un t\u00e9cnico especialista en cuestiones de ni\u00f1ez y adolescencia. y un abogado especialista en la materia\u201d<\/em>, entre otras modificaciones.<\/p>\n<p>Muchos de estos cambios responden a los reclamos de los familiares de personas con problemas de salud mental y adicciones, as\u00ed como a las asociaciones de psiquiatras. Consultando a varios de estos profesionales, sus opiniones est\u00e1n divididas entre quienes las aprueban y quienes creen que, aunque positivas, no son suficientes.<\/p>\n<p><em>\u201cNo es f\u00e1cil describir con pocas palabras, el da\u00f1o que ciertos pol\u00edticos, a trav\u00e9s de la perversa ley 26657, han infligido durante muchos a\u00f1os a innumerables pacientes portadores de diversas patolog\u00edas mentales, y a los psiquiatras y psic\u00f3logos que seria y responsablemente cuidamos de ellos\u201d<\/em>, dice por ejemplo el doctor Andr\u00e9s Mega, que no duda en calificar el texto de 2010 de <em>\u201cnefasto\u201d<\/em> y acusar a <em>\u201csu caprichosa interpretaci\u00f3n por los operadores pol\u00edticos disfrazados de profesionales de salud mental\u201d<\/em> de ser causante del <em>\u201ccierre de instituciones y de la despoblaci\u00f3n de efectores en el sector p\u00fablico y privado\u201d<\/em>, con la consecuente desatenci\u00f3n a pacientes lo que en muchos casos ha llevado a desenlaces fatales, como es de p\u00fablico dominio.<\/p>\n<p>Al hablar de operadores, Mega, que es psiquiatra y psicoterapeuta, forense, profesor y presidente del Cap\u00edtulo de Responsabilidad Profesional de la Asociaci\u00f3n Argentina de Psiquiatras, alude al hecho de que el \u00d3rgano de Revisi\u00f3n de la ley est\u00e1 formado por abogados vinculados a derechos humanos -tanto de la Secretar\u00eda como de ONG- lo que se condice con una visi\u00f3n de la internaci\u00f3n psiqui\u00e1trica como un encierro por motivos ajenos a lo m\u00e9dico, y de los tratamientos como un castigo.<\/p>\n<p>Al defender la ley frente a la intenci\u00f3n del gobierno de reformarla, el psic\u00f3logo Alberto Trimboli, director de la Asociaci\u00f3n Argentina de Salud Mental, dijo que con la reforma propuesta por el Gobierno <em>\u201cvolvemos a lo que pasa en las pel\u00edculas: para sacarse de encima a un familiar se lo mata o se lo interna\u201d<\/em>. Argumento estigmatizante y poco cient\u00edfico.<\/p>\n<p><em>\u201cEst\u00e1n en riesgo nuestras libertades individuales; es un encierro\u201d<\/em>, insisti\u00f3, en referencia a la internaci\u00f3n involuntaria, en una ins\u00f3lita asimilaci\u00f3n a afectaciones a los derechos humanos, de una medida terap\u00e9utica, con frecuencia indispensable para superar crisis e iniciar tratamientos, tanto de enfermedades psiqui\u00e1tricas como de adicciones.<\/p>\n<p>El proyecto del Ejecutivo, si bien mantiene el estatus de recurso terap\u00e9utico excepcional para la internaci\u00f3n involuntaria, la habilita en determinados casos: cuando el paciente no logre adherencia a los abordajes ambulatorios y presente una falta de conciencia de enfermedad, cuando se encuentre en situaci\u00f3n de riesgo cierto e inminente para s\u00ed o para terceros o cuando, ya internado, no hayan cesado las causas que motivaron la internaci\u00f3n. Tambi\u00e9n en el caso de los menores.<\/p>\n<p>Respecto a la internaci\u00f3n involuntaria, el doctor Ricardo G\u00f3mez (M.N. 74326), psiquiatra y m\u00e9dico legista con larga experiencia de trabajo en el Hospital Borda, dijo que <em>\u201clo que plantea la ley 26657 es disparatado porque el concepto de \u2018involuntario\u2019 es un eufemismo ya que las personas que tienen trastornos psiqui\u00e1tricos carecen de capacidad judicativa y por lo tanto de la conciencia de la enfermedad mental, no est\u00e1n en condiciones de solicitar un tratamiento y mucho menos de internarse\u201d<\/em>.<\/p>\n<p>Seg\u00fan Trimboli, la ley actual propone un <em>\u201cabordaje de la salud mental con perspectiva de derechos\u201d<\/em> -como si hiciera falta aclararlo- y concede el derecho <em>\u201ca la internaci\u00f3n en hospitales generales evitando la discriminaci\u00f3n\u201d<\/em>. <em>\u201cNo hay ning\u00fan motivo para que las personas con trastornos mentales o adicciones deban internarse en un manicomio, cl\u00ednica y hospital psiqui\u00e1trico\u201d<\/em>.<\/p>\n<p>Pero s\u00ed lo hay, empezando por el hecho de que los pacientes psiqui\u00e1tricos no pueden estar internados, por ejemplo, junto a convalecientes de un infarto o de una operaci\u00f3n. El enfermo psiqui\u00e1trico no necesariamente debe guardar cama, necesita espacio, actividades recreativas, laborterapia, etc. Todo lo cual requiere de una infraestructura especial.<\/p>\n<p>Adem\u00e1s, se deben evitar los riesgos, como el que le cost\u00f3 la vida a un camillero en el Hospital Posadas que por tratar de evitar que un paciente se arrojara desde un piso alto termin\u00f3 cayendo y muriendo con \u00e9l.<\/p>\n<p>En junio del a\u00f1o pasado, Cristina Fern\u00e1ndez de Kirchner, que ejerc\u00eda la presidencia cuando se promulg\u00f3 la ley de Salud Mental, presidi\u00f3 la inauguraci\u00f3n de la ampliaci\u00f3n del Hospital Regional de R\u00edo Gallegos. Para elogiar la obra realizada, hizo un llamativo comentario sobre c\u00f3mo era el viejo establecimiento: <em>\u201cPor ah\u00ed te pod\u00edas cruzar con una persona en estado psiqui\u00e1trico en el hospital&#8230;\u201d.<\/em> En el p\u00fablico hubo risas y aplausos&#8230; Curiosamente, nadie la acus\u00f3 de estigmatizar\u2026 Tampoco de desconocer su propia ley.<\/p>\n<p>En opini\u00f3n de Ram\u00f3n V\u00e1squez, abogado especialista en Derecho de Familia, ex subsecretario de Coordinaci\u00f3n Administrativa de la Secretar\u00eda de Pol\u00edticas Integrales sobre Drogas de la Naci\u00f3n (Sedronar), <em>\u201clos defensores de la ley actual son simples representantes de una facci\u00f3n ideol\u00f3gica que considera que la salud mental y las adicciones no son patolog\u00edas vinculadas a la salud sino las consecuencias de las sociedades que llevan a las personas a tener \u2018padecimientos\u2019, eufemismo que usan para no decir enfermedades\u201d<\/em>. <em>\u201cSu ideolog\u00eda supera su formaci\u00f3n t\u00e9cnica\u201d<\/em>, sentencia.<\/p>\n<p>Para justificar la demonizaci\u00f3n de la internaci\u00f3n, y luego de admitir que <em>\u201cestad\u00edsticas muchas no hay\u201d<\/em>, Trimboli mencion\u00f3 <em>\u201cun censo que se hizo que mostr\u00f3 que hab\u00eda 12000 personas internadas con un promedio de internaci\u00f3n de 8 a\u00f1os\u201d<\/em>.<\/p>\n<p>La manipulaci\u00f3n estad\u00edstica es un recurso frecuente de los lobbies. Para fundamentar la necesidad de <em>\u201cdesmanicomializar\u201d<\/em>, en 2019 se apel\u00f3 a reflotar ese censo para dar la idea de una proliferaci\u00f3n de manicomios (entendidos como meros dep\u00f3sitos para encierro de pacientes), que hace tiempo no existen en ese formato en nuestro pa\u00eds. Ese supuesto censo, realizado varios a\u00f1os antes, dice V\u00e1squez, fue reproducido <em>\u201csin rigor cient\u00edfico alguno\u201d<\/em> para mostrar adem\u00e1s <em>\u201cun promedio absolutamente falso, muy superior a lo real\u201d<\/em>, porque muchos neuropsiqui\u00e1tricos no fueron censados y tampoco lo fueron las comunidades terap\u00e9uticas que tambi\u00e9n est\u00e1n abarcadas por la Ley. <em>\u201cEl promedio de tiempo de internaci\u00f3n hubiese sido mucho m\u00e1s bajo si el censo se hac\u00eda a la totalidad de efectores a los que alude la Ley, es decir los de Salud Mental y los de Adicciones\u201d<\/em>, se\u00f1ala.<\/p>\n<p>Hay un dato que no reflejan los n\u00fameros de un censo. En hospitales como el Borda, el Moyano y otros, muchos pacientes no son dados de alta porque no tienen a d\u00f3nde ir. Algunos por falta de medios, otros porque no tienen familia o \u00e9sta los ha abandonado. Externarlos implicar\u00eda engrosar el n\u00famero de personas sin hogar. De hecho, adem\u00e1s de la pobreza, con frecuencia la adicci\u00f3n o el trastorno mental explica que algunas personas est\u00e9n en situaci\u00f3n de calle.<\/p>\n<p>Para colmo de males, a los problemas que trajo <em>\u201cuna ley maldita que fren\u00f3 los esfuerzos terap\u00e9uticos de tantos y tantas, creada para sostener una ideolog\u00eda setentista, falsa defensora de los derechos de quienes, en rigor, perjudic\u00f3\u201d<\/em>, dice Andr\u00e9s Mega, se sum\u00f3 la pandemia <em>\u201cque aisl\u00f3 a much\u00edsima gente, especialmente a personas mayores, que vieron in\u00fatilmente acortada su vida emocional con desastrosas e irreparables consecuencias\u201d<\/em>.<\/p>\n<p>El doctor Bernardo Carricart resumi\u00f3 sus cuestionamientos a la actual ley: <em>\u201cSus defensores parten de una negaci\u00f3n de la enfermedad mental como fen\u00f3meno m\u00e9dico, adjudic\u00e1ndole \u00fanicamente causas sociales. Descreen del riesgo que estos trastornos pueden acarrear hacia s\u00ed y hacia terceros. Seg\u00fan ellos, el psiquiatra es un verdugo, los tratamientos, una forma de tortura, y las cl\u00ednicas y hospitales de especialidad, centros de represi\u00f3n\u201d<\/em>.<\/p>\n<p>La ley se inspira en la ins\u00f3lita concepci\u00f3n de que la psiquiatr\u00eda no es una especialidad con el mismo estatus que las dem\u00e1s: <em>\u201cSeg\u00fan la ley, los pacientes deben ser internados en hospitales generales no permitiendo la derivaci\u00f3n a centros de mayor complejidad<\/em> -dice Carricart-. <em>\u00bfAcaso es delito derivar a un paciente cardiol\u00f3gico a una fundaci\u00f3n especializada o a uno pedi\u00e1trico a centros de referencia? \u00bfPor qu\u00e9 lo es en el caso de los psiqui\u00e1tricos?\u201d<\/em>.<\/p>\n<p>Este psiquiatra, que desarrolla su pr\u00e1ctica en Olavarr\u00eda, provincia de Buenos Aires, agrega: <em>\u201cSe desconoce la realidad de los centros urbanos del interior. \u00bfDebe el paciente psiqui\u00e1trico quedarse en su localidad si puede ser derivado a un centro de mayor complejidad?\u201d<\/em>.<\/p>\n<p>En cuanto a las internaciones involuntarias, <em>\u201cel riesgo inminente es un concepto te\u00f3rico de escaso valor cl\u00ednico ya que uno debe intervenir antes de que se genere un da\u00f1o, es como tener un paciente con una angina de pecho y no asistirlo hasta que se suceda el infarto\u201d<\/em>.<\/p>\n<p>Para Carricart, <em>\u201clos cambios propuestos, sujetos a alguna modificaci\u00f3n, son bienvenidos ya que facilitan la internaci\u00f3n para evaluar situaciones que en estos a\u00f1os se han llevado vidas humanas\u201d<\/em>.<\/p>\n<h3><span style=\"color: #003366;\"><strong>Antecedentes de esta reforma<\/strong><\/span><\/h3>\n<p>En el a\u00f1o 2017, el psiquiatra Andy Blake era director nacional de Salud Mental, y estuvo trabajando durante todo aquel a\u00f1o en un proyecto de modificaci\u00f3n del decreto reglamentario de la Ley 26657: <em>\u201cTomamos esa decisi\u00f3n ya que la modificaci\u00f3n de la ley, si bien era la mejor opci\u00f3n, no garantizaba los tiempos, que en ese momento eran exiguos, ya que el tr\u00e1mite parlamentario podr\u00eda extenderse por m\u00e1s de 2 a\u00f1os e incluso ser infructuoso\u201d<\/em>.<\/p>\n<p><em>\u201cLa premura estaba dada porque la Ley establec\u00eda el a\u00f1o 2020 como plazo para el cierre de todas las instituciones monovalentes de salud mental<\/em> -explica Blake-<em>; y, de hecho, como esto no se ha solucionado hasta ahora, todas esas instituciones, p\u00fablicas y privadas, est\u00e1n en infracci\u00f3n desde el 2020\u2033<\/em>.<\/p>\n<p>No era la soluci\u00f3n ideal, admite, pero se buscaba con un decreto reglamentario atenuar los efectos negativos de la Ley. <em>\u201cCuando el doctor Adolfo Rubinstein lleg\u00f3 al ministerio de Salud [en octubre de 2017], se le present\u00f3 el proyecto y se trabaj\u00f3 con \u00e9l durante unos meses hasta que, luego de una reuni\u00f3n que mantuvo con Hugo Cohen y Alberto Trimboli, decidi\u00f3 archivar la iniciativa, motivo por el cual present\u00e9 mi renuncia, en enero del 2018\u2033<\/em>, recuerda Blake.<\/p>\n<p><em>\u201cEn noviembre y diciembre del 2023 varios colegas se comunicaron conmigo <\/em>-sigue contando-<em> solicit\u00e1ndome ese proyecto de decreto reglamentario, incluso actuales funcionarios del ministerio de Salud y del ministerio de Capital Humano\u201d<\/em>.<\/p>\n<p>El trabajo de Blake fue usado como base de los cambios propuestos, pero eso no le impide tener una visi\u00f3n cr\u00edtica: <em>\u201cLo que tenemos en el proyecto de ley \u00f3mnibus es la copia de unos pocos art\u00edculos, inconexos, de aquel proyecto reglamentario. As\u00ed, se est\u00e1 perdiendo la oportunidad de modificar la ley en los puntos cr\u00edticos de modo real, sin lograr atenuarla de manera sustancial, ya que, reitero, s\u00f3lo son algunos art\u00edculos inconexos, y queda sin definir el problema de las comunidades terap\u00e9uticas, el cierre definitivo de las instituciones de salud mental y la obligatoriedad del porcentaje de camas en instituciones polivalentes\u201d<\/em>.<\/p>\n<p>Tambi\u00e9n Ram\u00f3n V\u00e1squez considera que <em>\u201cla reforma de s\u00f3lo 5 art\u00edculos de la Ley de Salud Mental de 2010 podr\u00eda haber incluido muchas m\u00e1s modificaciones a una norma imposible de aplicar, a la que a 13 a\u00f1os de su promulgaci\u00f3n seguimos llamando \u2018nueva ley\u2019 y a 10 a\u00f1os del decreto reglamentario, el presupuesto para salud mental se ha reducido cuando debi\u00f3 ser el 10% del total de los fondos dedicados a Salud\u201d<\/em>.<\/p>\n<p>S\u00ed destaca que el proyecto propuesto pone fin a la <em>\u201cinexplicable\u201d<\/em> disposici\u00f3n de la ley 26657 <em>\u201cde expulsar del sistema de atenci\u00f3n de pacientes de salud mental y adicciones de las instituciones especializadas \u2018monovalentes\u2019, o sea los neuropsiqui\u00e1tricos y comunidades terap\u00e9uticas\u201d<\/em>.<\/p>\n<p>De hecho, aunque deb\u00edan ser excluidas desde 2020, <em>\u201ccontin\u00faan prestando servicios porque los hospitales, cl\u00ednicas y sanatorios generales no est\u00e1n en condiciones de hacerlo, en la mayor\u00eda de las ciudades del pa\u00eds; por lo tanto, es beneficioso que se permita la habilitaci\u00f3n de nuevos centros de tratamiento\u201d<\/em>.<\/p>\n<p>Sin embargo, lamenta que <em>\u201csiga sin reconocerse debidamente la actividad de los psiquiatras, que son m\u00e9dicos y los \u00fanicos integrantes del equipo interdisciplinario con conocimiento integral del cuerpo humano y con aptitud legal para dispensar medicamentos\u201d<\/em>.<\/p>\n<p>V\u00e1squez tambi\u00e9n considera positivo que los jueces puedan disponer internaciones en casos de urgencias y que se hayan ampliado los factores que puedan justificar las internaciones involuntarias, aunque, dice, <em>\u201cen ese art\u00edculo propuesto ser\u00eda m\u00e1s conveniente que en vez de \u2018recurso terap\u00e9utico excepcional\u2019 se consigne que debe quedar \u2018a criterio profesional\u2019 porque de lo contrario se estar\u00edan condicionando las incumbencias t\u00e9cnicas profesionales\u201d<\/em>.<\/p>\n<p>Aqu\u00ed est\u00e1 apuntando a otra caracter\u00edstica de la ley: la pretensi\u00f3n de indicarle al profesional c\u00f3mo y cu\u00e1ndo actuar. <em>\u201cSe estar\u00eda partiendo de la base de que hay \u2018otras\u2019 razones no terap\u00e9uticas excepcionales para ese tipo de internaciones<\/em> -dice V\u00e1squez-. <em>La legislaci\u00f3n sobreabunda al indicarle a los profesionales del arte de curar o colaboradores que deben cumplir con sus incumbencias, excediendo las normas espec\u00edficas de cada profesi\u00f3n\u201d<\/em>.<\/p>\n<p>Para Andr\u00e9s Mega, esto es un comienzo y una luz de esperanza. <em>\u201cLa ley \u00f3mnibus empieza a poner un poco de racionalidad en medio de tanto desastre<\/em> -afirma-. <em>El art 618 de la ley \u00f3mnibus faculta la intervenci\u00f3n del juez para proceder a una internaci\u00f3n, hecho que convalida una decisi\u00f3n para salvar al paciente, no para meterlo en un manicomio, los que por otra parte no existen en Argentina, como falsamente imputan\u201d<\/em>.<\/p>\n<p><em>\u201cEl art\u00edculo 619 ordena la creaci\u00f3n de instituciones y recursos que sigan tratando al paciente en forma ambulatoria, en sus diferentes modalidades, cosa de la que no se ocup\u00f3 la ley anterior, y el 620 otorga diferentes alternativas para que se lleve a cabo la internaci\u00f3n de alguien que no puede, por su estado, decidir tratarse\u201d<\/em>, precisa.<\/p>\n<p><em>\u201cLos art\u00edculos 623 y 624 terminan con la insensatez del hospital p\u00fablico como \u00fanico lugar para la internaci\u00f3n, y finalmente, el 625 pone fin a un organismo de abogados controladores, para convertirlo en un verdadero \u00f3rgano de supervisi\u00f3n con m\u00faltiples profesionales en su integraci\u00f3n\u201d<\/em>, dice, en referencia al \u00d3rgano Revisor.<\/p>\n<p>Su conclusi\u00f3n es que <em>\u201cse termina una \u00e9poca de oscuridad e ideolog\u00eda abyecta, que s\u00f3lo trajo dolor y maltrato a las personas con trastornos ps\u00edquicos, y se da paso a la ciencia psiqui\u00e1trica, con apoyo de la psicolog\u00eda y otras disciplinas, todo en pos del paciente que quiere superar su enfermedad, como sus familias y amigos\u201d<\/em>.<\/p>\n<p><em>\u201cSe atisba la luz al final del t\u00fanel\u201d<\/em>, resume.<\/p>\n<p>El doctor Ricardo G\u00f3mez considera positivas las reformas y aclara que opina como profesional, como m\u00e9dico psiquiatra, y no desde un punto de vista pol\u00edtico partidario.<\/p>\n<p><em>\u201cRespecto a la apertura de hospitales psiqui\u00e1tricos, mal llamados manicomios, me parece que es harto necesario por el creciente requerimiento que tenemos debido al aumento del n\u00famero de personas con trastornos psic\u00f3ticos y por la proporci\u00f3n elevad\u00edsima de personas afectadas por el consumo de drogas, incluyendo el alcohol\u201d<\/em>. Se\u00f1ala, adem\u00e1s, que <em>\u201cno se han abierto los dispositivos alternativos que establec\u00eda la ley, entonces ese art\u00edculo que habilita la apertura de hospitales psiqui\u00e1tricos es correcto y necesario y es requerido por la misma sociedad\u201d<\/em>.<\/p>\n<p><em>\u201cEs un disparate que no tengan la cobertura de un juzgado civil, de familia, que de alguna manera arbitre los medios junto con los profesionales de la medicina para que la familia tenga un amparo legal\u201d<\/em>, agrega, en referencia a las dificultades que enfrentan los familiares de pacientes psiqui\u00e1tricos para obtener la necesaria atenci\u00f3n.<\/p>\n<p><em>\u201cNo veo para nada que esto sea un retroceso como lo quiere plantear esta corriente antipsiqui\u00e1trica\u201d<\/em>, concluye.<\/p>\n<p>La presi\u00f3n de los profesionales y de los familiares abri\u00f3 un espacio de debate en el Congreso sobre la ley durante el a\u00f1o 2022, por impulso de la diputada Marcela Campagnoli y del senador Marcelo Fiad.<\/p>\n<p>Ser\u00eda importante que -m\u00e1s all\u00e1 de la suerte que corra la Ley \u00d3mnibus en sus dem\u00e1s aspectos-, no se desaproveche la oportunidad de reformar una norma que ha demostrado no responder a las necesidades de los que son sus supuestos beneficiarios.<\/p>\n<p><em>(Infobae)<\/em><\/p>\n","protected":false},"excerpt":{"rendered":"<p>La Ley 26657 de 2010 niega la enfermedad psiqui\u00e1trica y dispone el cierre de hospitales y cl\u00ednicas especializados con el argumento de la estigmatizaci\u00f3n. Los [&hellip;]<\/p>\n","protected":false},"author":1,"featured_media":2186,"comment_status":"open","ping_status":"closed","sticky":false,"template":"","format":"standard","meta":{"footnotes":""},"categories":[3],"tags":[],"class_list":["post-2381","post","type-post","status-publish","format-standard","has-post-thumbnail","hentry","category-nutricion"],"better_featured_image":{"id":2186,"alt_text":"","caption":"","description":"","media_type":"image","media_details":{"width":720,"height":405,"file":"2023\/12\/salud-mental-1.jpg","filesize":28947,"sizes":{"medium":{"file":"salud-mental-1-300x169.jpg","width":300,"height":169,"mime-type":"image\/jpeg","filesize":10829,"source_url":"https:\/\/nuevodigitaldeescobar.com.ar\/wp-content\/uploads\/2023\/12\/salud-mental-1-300x169.jpg"},"thumbnail":{"file":"salud-mental-1-150x150.jpg","width":150,"height":150,"mime-type":"image\/jpeg","filesize":8528,"source_url":"https:\/\/nuevodigitaldeescobar.com.ar\/wp-content\/uploads\/2023\/12\/salud-mental-1-150x150.jpg"},"covernews-medium":{"file":"salud-mental-1-540x340.jpg","width":540,"height":340,"mime-type":"image\/jpeg","filesize":23217,"source_url":"https:\/\/nuevodigitaldeescobar.com.ar\/wp-content\/uploads\/2023\/12\/salud-mental-1-540x340.jpg"},"covernews-medium-square":{"file":"salud-mental-1-400x250.jpg","width":400,"height":250,"mime-type":"image\/jpeg","filesize":16130,"source_url":"https:\/\/nuevodigitaldeescobar.com.ar\/wp-content\/uploads\/2023\/12\/salud-mental-1-400x250.jpg"}},"image_meta":{"aperture":"0","credit":"","camera":"","caption":"","created_timestamp":"0","copyright":"","focal_length":"0","iso":"0","shutter_speed":"0","title":"","orientation":"0","keywords":[]}},"post":2179,"source_url":"https:\/\/nuevodigitaldeescobar.com.ar\/wp-content\/uploads\/2023\/12\/salud-mental-1.jpg"},"yoast_head":"<!-- This site is optimized with the Yoast SEO plugin v26.1.1 - https:\/\/yoast.com\/wordpress\/plugins\/seo\/ -->\n<title>\u00bfFin al esp\u00edritu antipsiqui\u00e1trico en Salud Mental?: qu\u00e9 opinan los especialistas de la reforma propuesta en la ley \u00f3mnibus - Nuevo Digital de Escobar<\/title>\n<meta name=\"robots\" content=\"index, follow, max-snippet:-1, max-image-preview:large, max-video-preview:-1\" \/>\n<link rel=\"canonical\" href=\"https:\/\/nuevodigitaldeescobar.com.ar\/?p=2381\" \/>\n<meta property=\"og:locale\" content=\"es_ES\" \/>\n<meta property=\"og:type\" content=\"article\" \/>\n<meta property=\"og:title\" content=\"\u00bfFin al esp\u00edritu antipsiqui\u00e1trico en Salud Mental?: qu\u00e9 opinan los especialistas de la reforma propuesta en la ley \u00f3mnibus - Nuevo Digital de Escobar\" \/>\n<meta property=\"og:description\" content=\"La Ley 26657 de 2010 niega la enfermedad psiqui\u00e1trica y dispone el cierre de hospitales y cl\u00ednicas especializados con el argumento de la estigmatizaci\u00f3n. Los [&hellip;]\" \/>\n<meta property=\"og:url\" content=\"https:\/\/nuevodigitaldeescobar.com.ar\/?p=2381\" \/>\n<meta property=\"og:site_name\" content=\"Nuevo Digital de Escobar\" \/>\n<meta property=\"article:publisher\" content=\"https:\/\/www.facebook.com\/NUEVODigitalDeEscobar\" \/>\n<meta property=\"article:published_time\" content=\"2024-01-08T10:00:00+00:00\" \/>\n<meta property=\"og:image\" content=\"https:\/\/nuevodigitaldeescobar.com.ar\/wp-content\/uploads\/2023\/12\/salud-mental-1.jpg\" \/>\n\t<meta property=\"og:image:width\" content=\"720\" \/>\n\t<meta property=\"og:image:height\" content=\"405\" \/>\n\t<meta property=\"og:image:type\" content=\"image\/jpeg\" \/>\n<meta name=\"author\" content=\"Redacci\u00f3n\" \/>\n<meta name=\"twitter:card\" content=\"summary_large_image\" \/>\n<meta name=\"twitter:creator\" content=\"@nuevodigescobar\" \/>\n<meta name=\"twitter:site\" content=\"@nuevodigescobar\" \/>\n<meta name=\"twitter:label1\" content=\"Escrito por\" \/>\n\t<meta name=\"twitter:data1\" content=\"Redacci\u00f3n\" \/>\n\t<meta name=\"twitter:label2\" content=\"Tiempo de lectura\" \/>\n\t<meta name=\"twitter:data2\" content=\"16 minutos\" \/>\n<script type=\"application\/ld+json\" class=\"yoast-schema-graph\">{\"@context\":\"https:\/\/schema.org\",\"@graph\":[{\"@type\":\"Article\",\"@id\":\"https:\/\/nuevodigitaldeescobar.com.ar\/?p=2381#article\",\"isPartOf\":{\"@id\":\"https:\/\/nuevodigitaldeescobar.com.ar\/?p=2381\"},\"author\":{\"name\":\"Redacci\u00f3n\",\"@id\":\"https:\/\/nuevodigitaldeescobar.com.ar\/#\/schema\/person\/035e90a8efe9a80e6eec22656ad6ea4c\"},\"headline\":\"\u00bfFin al esp\u00edritu antipsiqui\u00e1trico en Salud Mental?: qu\u00e9 opinan los especialistas de la reforma propuesta en la ley \u00f3mnibus\",\"datePublished\":\"2024-01-08T10:00:00+00:00\",\"mainEntityOfPage\":{\"@id\":\"https:\/\/nuevodigitaldeescobar.com.ar\/?p=2381\"},\"wordCount\":3236,\"commentCount\":0,\"publisher\":{\"@id\":\"https:\/\/nuevodigitaldeescobar.com.ar\/#organization\"},\"image\":{\"@id\":\"https:\/\/nuevodigitaldeescobar.com.ar\/?p=2381#primaryimage\"},\"thumbnailUrl\":\"https:\/\/nuevodigitaldeescobar.com.ar\/wp-content\/uploads\/2023\/12\/salud-mental-1.jpg\",\"articleSection\":[\"Salud y Nutrici\u00f3n\"],\"inLanguage\":\"es\",\"potentialAction\":[{\"@type\":\"CommentAction\",\"name\":\"Comment\",\"target\":[\"https:\/\/nuevodigitaldeescobar.com.ar\/?p=2381#respond\"]}]},{\"@type\":\"WebPage\",\"@id\":\"https:\/\/nuevodigitaldeescobar.com.ar\/?p=2381\",\"url\":\"https:\/\/nuevodigitaldeescobar.com.ar\/?p=2381\",\"name\":\"\u00bfFin al esp\u00edritu antipsiqui\u00e1trico en Salud Mental?: qu\u00e9 opinan los especialistas de la reforma propuesta en la ley \u00f3mnibus - Nuevo Digital de Escobar\",\"isPartOf\":{\"@id\":\"https:\/\/nuevodigitaldeescobar.com.ar\/#website\"},\"primaryImageOfPage\":{\"@id\":\"https:\/\/nuevodigitaldeescobar.com.ar\/?p=2381#primaryimage\"},\"image\":{\"@id\":\"https:\/\/nuevodigitaldeescobar.com.ar\/?p=2381#primaryimage\"},\"thumbnailUrl\":\"https:\/\/nuevodigitaldeescobar.com.ar\/wp-content\/uploads\/2023\/12\/salud-mental-1.jpg\",\"datePublished\":\"2024-01-08T10:00:00+00:00\",\"breadcrumb\":{\"@id\":\"https:\/\/nuevodigitaldeescobar.com.ar\/?p=2381#breadcrumb\"},\"inLanguage\":\"es\",\"potentialAction\":[{\"@type\":\"ReadAction\",\"target\":[\"https:\/\/nuevodigitaldeescobar.com.ar\/?p=2381\"]}]},{\"@type\":\"ImageObject\",\"inLanguage\":\"es\",\"@id\":\"https:\/\/nuevodigitaldeescobar.com.ar\/?p=2381#primaryimage\",\"url\":\"https:\/\/nuevodigitaldeescobar.com.ar\/wp-content\/uploads\/2023\/12\/salud-mental-1.jpg\",\"contentUrl\":\"https:\/\/nuevodigitaldeescobar.com.ar\/wp-content\/uploads\/2023\/12\/salud-mental-1.jpg\",\"width\":720,\"height\":405},{\"@type\":\"BreadcrumbList\",\"@id\":\"https:\/\/nuevodigitaldeescobar.com.ar\/?p=2381#breadcrumb\",\"itemListElement\":[{\"@type\":\"ListItem\",\"position\":1,\"name\":\"Portada\",\"item\":\"https:\/\/nuevodigitaldeescobar.com.ar\/\"},{\"@type\":\"ListItem\",\"position\":2,\"name\":\"\u00bfFin al esp\u00edritu antipsiqui\u00e1trico en Salud Mental?: qu\u00e9 opinan los especialistas de la reforma propuesta en la ley \u00f3mnibus\"}]},{\"@type\":\"WebSite\",\"@id\":\"https:\/\/nuevodigitaldeescobar.com.ar\/#website\",\"url\":\"https:\/\/nuevodigitaldeescobar.com.ar\/\",\"name\":\"Nuevo Digital de Escobar\",\"description\":\"La vida escobarense. Directora: Rosana Brunner\",\"publisher\":{\"@id\":\"https:\/\/nuevodigitaldeescobar.com.ar\/#organization\"},\"potentialAction\":[{\"@type\":\"SearchAction\",\"target\":{\"@type\":\"EntryPoint\",\"urlTemplate\":\"https:\/\/nuevodigitaldeescobar.com.ar\/?s={search_term_string}\"},\"query-input\":{\"@type\":\"PropertyValueSpecification\",\"valueRequired\":true,\"valueName\":\"search_term_string\"}}],\"inLanguage\":\"es\"},{\"@type\":\"Organization\",\"@id\":\"https:\/\/nuevodigitaldeescobar.com.ar\/#organization\",\"name\":\"Nuevo Digital de Escobar\",\"url\":\"https:\/\/nuevodigitaldeescobar.com.ar\/\",\"logo\":{\"@type\":\"ImageObject\",\"inLanguage\":\"es\",\"@id\":\"https:\/\/nuevodigitaldeescobar.com.ar\/#\/schema\/logo\/image\/\",\"url\":\"https:\/\/nuevodigitaldeescobar.com.ar\/wp-content\/uploads\/2025\/05\/cropped-logo-nuevo2.jpg\",\"contentUrl\":\"https:\/\/nuevodigitaldeescobar.com.ar\/wp-content\/uploads\/2025\/05\/cropped-logo-nuevo2.jpg\",\"width\":305,\"height\":305,\"caption\":\"Nuevo Digital de Escobar\"},\"image\":{\"@id\":\"https:\/\/nuevodigitaldeescobar.com.ar\/#\/schema\/logo\/image\/\"},\"sameAs\":[\"https:\/\/www.facebook.com\/NUEVODigitalDeEscobar\",\"https:\/\/x.com\/nuevodigescobar\",\"https:\/\/www.instagram.com\/nuevodigitaldeescobar\"]},{\"@type\":\"Person\",\"@id\":\"https:\/\/nuevodigitaldeescobar.com.ar\/#\/schema\/person\/035e90a8efe9a80e6eec22656ad6ea4c\",\"name\":\"Redacci\u00f3n\",\"image\":{\"@type\":\"ImageObject\",\"inLanguage\":\"es\",\"@id\":\"https:\/\/nuevodigitaldeescobar.com.ar\/#\/schema\/person\/image\/\",\"url\":\"https:\/\/secure.gravatar.com\/avatar\/8af8f40000c24e9eef3034f2be5998a372bb1389e64b1a4a36b3a7979142220d?s=96&d=mm&r=g\",\"contentUrl\":\"https:\/\/secure.gravatar.com\/avatar\/8af8f40000c24e9eef3034f2be5998a372bb1389e64b1a4a36b3a7979142220d?s=96&d=mm&r=g\",\"caption\":\"Redacci\u00f3n\"},\"sameAs\":[\"http:\/\/nuevodigitaldeescobar.com.ar\"],\"url\":\"https:\/\/nuevodigitaldeescobar.com.ar\/?author=1\"}]}<\/script>\n<!-- \/ Yoast SEO plugin. -->","yoast_head_json":{"title":"\u00bfFin al esp\u00edritu antipsiqui\u00e1trico en Salud Mental?: qu\u00e9 opinan los especialistas de la reforma propuesta en la ley \u00f3mnibus - Nuevo Digital de Escobar","robots":{"index":"index","follow":"follow","max-snippet":"max-snippet:-1","max-image-preview":"max-image-preview:large","max-video-preview":"max-video-preview:-1"},"canonical":"https:\/\/nuevodigitaldeescobar.com.ar\/?p=2381","og_locale":"es_ES","og_type":"article","og_title":"\u00bfFin al esp\u00edritu antipsiqui\u00e1trico en Salud Mental?: qu\u00e9 opinan los especialistas de la reforma propuesta en la ley \u00f3mnibus - Nuevo Digital de Escobar","og_description":"La Ley 26657 de 2010 niega la enfermedad psiqui\u00e1trica y dispone el cierre de hospitales y cl\u00ednicas especializados con el argumento de la estigmatizaci\u00f3n. Los [&hellip;]","og_url":"https:\/\/nuevodigitaldeescobar.com.ar\/?p=2381","og_site_name":"Nuevo Digital de Escobar","article_publisher":"https:\/\/www.facebook.com\/NUEVODigitalDeEscobar","article_published_time":"2024-01-08T10:00:00+00:00","og_image":[{"width":720,"height":405,"url":"https:\/\/nuevodigitaldeescobar.com.ar\/wp-content\/uploads\/2023\/12\/salud-mental-1.jpg","type":"image\/jpeg"}],"author":"Redacci\u00f3n","twitter_card":"summary_large_image","twitter_creator":"@nuevodigescobar","twitter_site":"@nuevodigescobar","twitter_misc":{"Escrito por":"Redacci\u00f3n","Tiempo de lectura":"16 minutos"},"schema":{"@context":"https:\/\/schema.org","@graph":[{"@type":"Article","@id":"https:\/\/nuevodigitaldeescobar.com.ar\/?p=2381#article","isPartOf":{"@id":"https:\/\/nuevodigitaldeescobar.com.ar\/?p=2381"},"author":{"name":"Redacci\u00f3n","@id":"https:\/\/nuevodigitaldeescobar.com.ar\/#\/schema\/person\/035e90a8efe9a80e6eec22656ad6ea4c"},"headline":"\u00bfFin al esp\u00edritu antipsiqui\u00e1trico en Salud Mental?: qu\u00e9 opinan los especialistas de la reforma propuesta en la ley \u00f3mnibus","datePublished":"2024-01-08T10:00:00+00:00","mainEntityOfPage":{"@id":"https:\/\/nuevodigitaldeescobar.com.ar\/?p=2381"},"wordCount":3236,"commentCount":0,"publisher":{"@id":"https:\/\/nuevodigitaldeescobar.com.ar\/#organization"},"image":{"@id":"https:\/\/nuevodigitaldeescobar.com.ar\/?p=2381#primaryimage"},"thumbnailUrl":"https:\/\/nuevodigitaldeescobar.com.ar\/wp-content\/uploads\/2023\/12\/salud-mental-1.jpg","articleSection":["Salud y Nutrici\u00f3n"],"inLanguage":"es","potentialAction":[{"@type":"CommentAction","name":"Comment","target":["https:\/\/nuevodigitaldeescobar.com.ar\/?p=2381#respond"]}]},{"@type":"WebPage","@id":"https:\/\/nuevodigitaldeescobar.com.ar\/?p=2381","url":"https:\/\/nuevodigitaldeescobar.com.ar\/?p=2381","name":"\u00bfFin al esp\u00edritu antipsiqui\u00e1trico en Salud Mental?: qu\u00e9 opinan los especialistas de la reforma propuesta en la ley \u00f3mnibus - Nuevo Digital de Escobar","isPartOf":{"@id":"https:\/\/nuevodigitaldeescobar.com.ar\/#website"},"primaryImageOfPage":{"@id":"https:\/\/nuevodigitaldeescobar.com.ar\/?p=2381#primaryimage"},"image":{"@id":"https:\/\/nuevodigitaldeescobar.com.ar\/?p=2381#primaryimage"},"thumbnailUrl":"https:\/\/nuevodigitaldeescobar.com.ar\/wp-content\/uploads\/2023\/12\/salud-mental-1.jpg","datePublished":"2024-01-08T10:00:00+00:00","breadcrumb":{"@id":"https:\/\/nuevodigitaldeescobar.com.ar\/?p=2381#breadcrumb"},"inLanguage":"es","potentialAction":[{"@type":"ReadAction","target":["https:\/\/nuevodigitaldeescobar.com.ar\/?p=2381"]}]},{"@type":"ImageObject","inLanguage":"es","@id":"https:\/\/nuevodigitaldeescobar.com.ar\/?p=2381#primaryimage","url":"https:\/\/nuevodigitaldeescobar.com.ar\/wp-content\/uploads\/2023\/12\/salud-mental-1.jpg","contentUrl":"https:\/\/nuevodigitaldeescobar.com.ar\/wp-content\/uploads\/2023\/12\/salud-mental-1.jpg","width":720,"height":405},{"@type":"BreadcrumbList","@id":"https:\/\/nuevodigitaldeescobar.com.ar\/?p=2381#breadcrumb","itemListElement":[{"@type":"ListItem","position":1,"name":"Portada","item":"https:\/\/nuevodigitaldeescobar.com.ar\/"},{"@type":"ListItem","position":2,"name":"\u00bfFin al esp\u00edritu antipsiqui\u00e1trico en Salud Mental?: qu\u00e9 opinan los especialistas de la reforma propuesta en la ley \u00f3mnibus"}]},{"@type":"WebSite","@id":"https:\/\/nuevodigitaldeescobar.com.ar\/#website","url":"https:\/\/nuevodigitaldeescobar.com.ar\/","name":"Nuevo Digital de Escobar","description":"La vida escobarense. Directora: Rosana Brunner","publisher":{"@id":"https:\/\/nuevodigitaldeescobar.com.ar\/#organization"},"potentialAction":[{"@type":"SearchAction","target":{"@type":"EntryPoint","urlTemplate":"https:\/\/nuevodigitaldeescobar.com.ar\/?s={search_term_string}"},"query-input":{"@type":"PropertyValueSpecification","valueRequired":true,"valueName":"search_term_string"}}],"inLanguage":"es"},{"@type":"Organization","@id":"https:\/\/nuevodigitaldeescobar.com.ar\/#organization","name":"Nuevo Digital de Escobar","url":"https:\/\/nuevodigitaldeescobar.com.ar\/","logo":{"@type":"ImageObject","inLanguage":"es","@id":"https:\/\/nuevodigitaldeescobar.com.ar\/#\/schema\/logo\/image\/","url":"https:\/\/nuevodigitaldeescobar.com.ar\/wp-content\/uploads\/2025\/05\/cropped-logo-nuevo2.jpg","contentUrl":"https:\/\/nuevodigitaldeescobar.com.ar\/wp-content\/uploads\/2025\/05\/cropped-logo-nuevo2.jpg","width":305,"height":305,"caption":"Nuevo Digital de Escobar"},"image":{"@id":"https:\/\/nuevodigitaldeescobar.com.ar\/#\/schema\/logo\/image\/"},"sameAs":["https:\/\/www.facebook.com\/NUEVODigitalDeEscobar","https:\/\/x.com\/nuevodigescobar","https:\/\/www.instagram.com\/nuevodigitaldeescobar"]},{"@type":"Person","@id":"https:\/\/nuevodigitaldeescobar.com.ar\/#\/schema\/person\/035e90a8efe9a80e6eec22656ad6ea4c","name":"Redacci\u00f3n","image":{"@type":"ImageObject","inLanguage":"es","@id":"https:\/\/nuevodigitaldeescobar.com.ar\/#\/schema\/person\/image\/","url":"https:\/\/secure.gravatar.com\/avatar\/8af8f40000c24e9eef3034f2be5998a372bb1389e64b1a4a36b3a7979142220d?s=96&d=mm&r=g","contentUrl":"https:\/\/secure.gravatar.com\/avatar\/8af8f40000c24e9eef3034f2be5998a372bb1389e64b1a4a36b3a7979142220d?s=96&d=mm&r=g","caption":"Redacci\u00f3n"},"sameAs":["http:\/\/nuevodigitaldeescobar.com.ar"],"url":"https:\/\/nuevodigitaldeescobar.com.ar\/?author=1"}]}},"featured_image_urls":{"full":["https:\/\/nuevodigitaldeescobar.com.ar\/wp-content\/uploads\/2023\/12\/salud-mental-1.jpg",720,405,false],"thumbnail":["https:\/\/nuevodigitaldeescobar.com.ar\/wp-content\/uploads\/2023\/12\/salud-mental-1-150x150.jpg",150,150,true],"medium":["https:\/\/nuevodigitaldeescobar.com.ar\/wp-content\/uploads\/2023\/12\/salud-mental-1-300x169.jpg",300,169,true],"medium_large":["https:\/\/nuevodigitaldeescobar.com.ar\/wp-content\/uploads\/2023\/12\/salud-mental-1.jpg",640,360,false],"large":["https:\/\/nuevodigitaldeescobar.com.ar\/wp-content\/uploads\/2023\/12\/salud-mental-1.jpg",640,360,false],"1536x1536":["https:\/\/nuevodigitaldeescobar.com.ar\/wp-content\/uploads\/2023\/12\/salud-mental-1.jpg",720,405,false],"2048x2048":["https:\/\/nuevodigitaldeescobar.com.ar\/wp-content\/uploads\/2023\/12\/salud-mental-1.jpg",720,405,false]},"author_info":{"display_name":"Redacci\u00f3n","author_link":"https:\/\/nuevodigitaldeescobar.com.ar\/?author=1"},"category_info":"<a href=\"https:\/\/nuevodigitaldeescobar.com.ar\/?cat=3\" rel=\"category\">Salud y Nutrici\u00f3n<\/a>","tag_info":"Salud y Nutrici\u00f3n","comment_count":"0","_links":{"self":[{"href":"https:\/\/nuevodigitaldeescobar.com.ar\/index.php?rest_route=\/wp\/v2\/posts\/2381","targetHints":{"allow":["GET"]}}],"collection":[{"href":"https:\/\/nuevodigitaldeescobar.com.ar\/index.php?rest_route=\/wp\/v2\/posts"}],"about":[{"href":"https:\/\/nuevodigitaldeescobar.com.ar\/index.php?rest_route=\/wp\/v2\/types\/post"}],"author":[{"embeddable":true,"href":"https:\/\/nuevodigitaldeescobar.com.ar\/index.php?rest_route=\/wp\/v2\/users\/1"}],"replies":[{"embeddable":true,"href":"https:\/\/nuevodigitaldeescobar.com.ar\/index.php?rest_route=%2Fwp%2Fv2%2Fcomments&post=2381"}],"version-history":[{"count":1,"href":"https:\/\/nuevodigitaldeescobar.com.ar\/index.php?rest_route=\/wp\/v2\/posts\/2381\/revisions"}],"predecessor-version":[{"id":2382,"href":"https:\/\/nuevodigitaldeescobar.com.ar\/index.php?rest_route=\/wp\/v2\/posts\/2381\/revisions\/2382"}],"wp:featuredmedia":[{"embeddable":true,"href":"https:\/\/nuevodigitaldeescobar.com.ar\/index.php?rest_route=\/wp\/v2\/media\/2186"}],"wp:attachment":[{"href":"https:\/\/nuevodigitaldeescobar.com.ar\/index.php?rest_route=%2Fwp%2Fv2%2Fmedia&parent=2381"}],"wp:term":[{"taxonomy":"category","embeddable":true,"href":"https:\/\/nuevodigitaldeescobar.com.ar\/index.php?rest_route=%2Fwp%2Fv2%2Fcategories&post=2381"},{"taxonomy":"post_tag","embeddable":true,"href":"https:\/\/nuevodigitaldeescobar.com.ar\/index.php?rest_route=%2Fwp%2Fv2%2Ftags&post=2381"}],"curies":[{"name":"wp","href":"https:\/\/api.w.org\/{rel}","templated":true}]}}