{"id":2484,"date":"2024-01-11T13:19:56","date_gmt":"2024-01-11T16:19:56","guid":{"rendered":"https:\/\/nuevodigitaldeescobar.com.ar\/?p=2484"},"modified":"2024-01-11T13:20:54","modified_gmt":"2024-01-11T16:20:54","slug":"la-respuesta-del-secretario-de-educacion-a-la-izquierda-vayamos-a-china-y-a-cuba-para-ver-que-hacen-con-la-evaluacion-y-los-examenes","status":"publish","type":"post","link":"https:\/\/nuevodigitaldeescobar.com.ar\/?p=2484","title":{"rendered":"Torrendell, secretario de Educaci\u00f3n: \u201cVayamos a China y a Cuba para ver qu\u00e9 hacen con la evaluaci\u00f3n y los ex\u00e1menes\u201d"},"content":{"rendered":"<p><span style=\"color: #003366;\"><strong><em>Carlos Torrendell expuso de ejemplo a las dos dictaduras de izquierda para responder cr\u00edticas de legisladores argentinos a la evaluaci\u00f3n docente promovida en la ley \u00f3mnibus.<\/em><\/strong><\/span><\/p>\n<p><!--more--><\/p>\n<hr \/>\n<p>El secretario de Educaci\u00f3n, Carlos Torrendell, particip\u00f3 este jueves en la sesi\u00f3n informativa del plenario de comisiones que discute el proyecto <em>\u201cBases\u201d<\/em> enviado por el Gobierno, conocido \u2013y mal llamado- popularmente como <em>\u201cLey \u00d3mnibus\u201d<\/em>. En ese contexto, el funcionario contest\u00f3 las cr\u00edticas de la Izquierda al sistema de evaluaci\u00f3n docente contenido en el texto de la norma y a los ex\u00e1menes obligatorios para los alumnos que terminen la educaci\u00f3n secundaria.<\/p>\n<p>El intercambio ocurri\u00f3 cuando la diputada Romina Del Pl\u00e1 abord\u00f3 al secretario en la ronda de preguntas para consultarle por dos de los puntos enumerados en el cap\u00edtulo sobre pol\u00edticas educativas, los cuales calific\u00f3 de <em>\u201ccruciales\u201d<\/em> para el sector.<\/p>\n<p>El primero fue sobre el examen cada cinco a\u00f1os propuesto para revalidar t\u00edtulos. <em>\u201c\u00bfEso tiene una implicancia directa sobre la carrera laboral?, \u00bfc\u00f3mo lo tienen pensado? Porque si es as\u00ed, est\u00e1 claro que va en contra del Estatuto Nacional y de todos los estatutos y las leyes provinciales que garantizan la estabilidad en el cargo, y que es una cuesti\u00f3n b\u00e1sica para defender algo que tiene que ver con una ense\u00f1anza cr\u00edtica, realmente profunda, cient\u00edfica, de avanzada, que no podr\u00eda desenvolverse plenamente en condiciones de precariedad que, sin embargo, ha ido avanzando plenamente\u201d<\/em>, cuestion\u00f3 en primera instancia.<\/p>\n<p>En este aspecto, Torrendel explic\u00f3 que las evaluaciones a los docentes no buscan atacar la estabilidad de los maestros, sino acompa\u00f1arlos en su desarrollo profesional: <em>\u201cLos docentes quieren capacitaci\u00f3n, quieren acompa\u00f1amiento para la mejora, la vocaci\u00f3n docente siempre implica una vocaci\u00f3n por el aprendizaje y lo que queremos es acompa\u00f1ar; no va a haber ninguna norma que limite esa posibilidad\u201d<\/em>, dijo en respuesta a la legisladora.<\/p>\n<p>El segundo punto al que hizo referencia Del Pl\u00e1 fue al que menciona la implementaci\u00f3n del examen de egreso en la secundaria. Sobre este, la diputada del FIT sostuvo que es una medida que tambi\u00e9n minimiza la labor de los profesores y se\u00f1al\u00f3: <em>\u201cEs un avance feroz en todo el proceso privatizador, porque el examen de egreso en la secundaria ignora que los docentes evaluamos permanentemente\u201d<\/em>.<\/p>\n<p>Tras deslizar su interpretaci\u00f3n, le pregunt\u00f3 a Torrendel: <em>\u201c\u00bfPor qu\u00e9 necesitamos un examen de egreso al final si los docentes evaluamos todos los meses, todos los cuatrimestres, todos los a\u00f1os a todos los alumnos? No se entiende cu\u00e1l es el proceso educativo que pretenden evaluar por fuera del proceso educativo cotidiano. El examen de egreso anula todo el proceso educativo que se viene desenvolviendo y el proceso, justamente, de evaluaci\u00f3n de los aprendizajes que desenvolvemos\u201d<\/em>.<\/p>\n<p>A su turno de responder, el secretario se dispuso a dar un amplio detalle sobre los alcances de esta evaluaci\u00f3n final propuesta en la norma y, a diferencia de lo enunciado por Del Pl\u00e1, dijo que no le encontraba relaci\u00f3n con un presunto avance del proceso privatizador, tal como denuncia la Izquierda.<\/p>\n<p>A continuaci\u00f3n, Torrendel elev\u00f3 una propuesta que despert\u00f3 algunos aplausos: <em>\u201cSi logramos financiamiento del Partido Obrero, me gustar\u00eda viajar con usted a China y a Cuba para ver qu\u00e9 hacen con la evaluaci\u00f3n y con los ex\u00e1menes en esos pa\u00edses\u201d<\/em>, se\u00f1al\u00f3 a modo de invitaci\u00f3n.<\/p>\n<p><em>\u201cEs muy llamativo siempre que el marxismo ha sido muy selectivo y estratificador en las l\u00f3gicas de planeamiento educativo y, adem\u00e1s, hoy en d\u00eda, de hecho, China ha ingresado en las pruebas PISA, o sea se ha metido dentro de la OCDE, otra cosa llamativa de este parad\u00f3jico casamiento entre neomarxismo y neoliberalismo que se da en la sociedad posmoderna\u201d<\/em>, complet\u00f3 Torrendel.<\/p>\n<p><em>(Infobae)<\/em><\/p>\n","protected":false},"excerpt":{"rendered":"<p>Carlos Torrendell expuso de ejemplo a las dos dictaduras de izquierda para responder cr\u00edticas de legisladores argentinos a la evaluaci\u00f3n docente promovida en la ley [&hellip;]<\/p>\n","protected":false},"author":1,"featured_media":2485,"comment_status":"open","ping_status":"closed","sticky":false,"template":"","format":"standard","meta":{"footnotes":""},"categories":[4,6],"tags":[],"class_list":["post-2484","post","type-post","status-publish","format-standard","has-post-thumbnail","hentry","category-educacion","category-politica"],"better_featured_image":{"id":2485,"alt_text":"","caption":"","description":"","media_type":"image","media_details":{"width":720,"height":405,"file":"2024\/01\/romina-del-pla-e1704989989632.jpg","filesize":43987,"sizes":{"medium":{"file":"romina-del-pla-300x169.jpg","width":300,"height":169,"mime-type":"image\/jpeg","filesize":9772,"source_url":"https:\/\/nuevodigitaldeescobar.com.ar\/wp-content\/uploads\/2024\/01\/romina-del-pla-300x169.jpg"},"thumbnail":{"file":"romina-del-pla-150x150.jpg","width":150,"height":150,"mime-type":"image\/jpeg","filesize":5094,"source_url":"https:\/\/nuevodigitaldeescobar.com.ar\/wp-content\/uploads\/2024\/01\/romina-del-pla-150x150.jpg"},"covernews-medium":{"file":"romina-del-pla-540x340.jpg","width":540,"height":340,"mime-type":"image\/jpeg","filesize":22678,"source_url":"https:\/\/nuevodigitaldeescobar.com.ar\/wp-content\/uploads\/2024\/01\/romina-del-pla-540x340.jpg"},"covernews-medium-square":{"file":"romina-del-pla-400x250.jpg","width":400,"height":250,"mime-type":"image\/jpeg","filesize":15072,"source_url":"https:\/\/nuevodigitaldeescobar.com.ar\/wp-content\/uploads\/2024\/01\/romina-del-pla-400x250.jpg"}},"image_meta":{"aperture":"0","credit":"","camera":"","caption":"","created_timestamp":"0","copyright":"","focal_length":"0","iso":"0","shutter_speed":"0","title":"","orientation":"0","keywords":[]}},"post":2484,"source_url":"https:\/\/nuevodigitaldeescobar.com.ar\/wp-content\/uploads\/2024\/01\/romina-del-pla-e1704989989632.jpg"},"yoast_head":"<!-- This site is optimized with the Yoast SEO plugin v26.1.1 - https:\/\/yoast.com\/wordpress\/plugins\/seo\/ -->\n<title>Torrendell, secretario de Educaci\u00f3n: \u201cVayamos a China y a Cuba para ver qu\u00e9 hacen con la evaluaci\u00f3n y los ex\u00e1menes\u201d - Nuevo Digital de Escobar<\/title>\n<meta name=\"robots\" content=\"index, follow, max-snippet:-1, max-image-preview:large, max-video-preview:-1\" \/>\n<link rel=\"canonical\" href=\"https:\/\/nuevodigitaldeescobar.com.ar\/?p=2484\" \/>\n<meta property=\"og:locale\" content=\"es_ES\" \/>\n<meta property=\"og:type\" content=\"article\" \/>\n<meta property=\"og:title\" content=\"Torrendell, secretario de Educaci\u00f3n: \u201cVayamos a China y a Cuba para ver qu\u00e9 hacen con la evaluaci\u00f3n y los ex\u00e1menes\u201d - Nuevo Digital de Escobar\" \/>\n<meta property=\"og:description\" content=\"Carlos Torrendell expuso de ejemplo a las dos dictaduras de izquierda para responder cr\u00edticas de legisladores argentinos a la evaluaci\u00f3n docente promovida en la ley [&hellip;]\" \/>\n<meta property=\"og:url\" content=\"https:\/\/nuevodigitaldeescobar.com.ar\/?p=2484\" \/>\n<meta property=\"og:site_name\" content=\"Nuevo Digital de Escobar\" \/>\n<meta property=\"article:publisher\" content=\"https:\/\/www.facebook.com\/NUEVODigitalDeEscobar\" \/>\n<meta property=\"article:published_time\" content=\"2024-01-11T16:19:56+00:00\" \/>\n<meta property=\"article:modified_time\" content=\"2024-01-11T16:20:54+00:00\" \/>\n<meta property=\"og:image\" content=\"https:\/\/nuevodigitaldeescobar.com.ar\/wp-content\/uploads\/2024\/01\/romina-del-pla-e1704989989632.jpg\" \/>\n\t<meta property=\"og:image:width\" content=\"720\" \/>\n\t<meta property=\"og:image:height\" content=\"405\" \/>\n\t<meta property=\"og:image:type\" content=\"image\/jpeg\" \/>\n<meta name=\"author\" content=\"Redacci\u00f3n\" \/>\n<meta name=\"twitter:card\" content=\"summary_large_image\" \/>\n<meta name=\"twitter:creator\" content=\"@nuevodigescobar\" \/>\n<meta name=\"twitter:site\" content=\"@nuevodigescobar\" \/>\n<meta name=\"twitter:label1\" content=\"Escrito por\" \/>\n\t<meta name=\"twitter:data1\" content=\"Redacci\u00f3n\" \/>\n\t<meta name=\"twitter:label2\" content=\"Tiempo de lectura\" \/>\n\t<meta name=\"twitter:data2\" content=\"3 minutos\" \/>\n<script type=\"application\/ld+json\" class=\"yoast-schema-graph\">{\"@context\":\"https:\/\/schema.org\",\"@graph\":[{\"@type\":\"Article\",\"@id\":\"https:\/\/nuevodigitaldeescobar.com.ar\/?p=2484#article\",\"isPartOf\":{\"@id\":\"https:\/\/nuevodigitaldeescobar.com.ar\/?p=2484\"},\"author\":{\"name\":\"Redacci\u00f3n\",\"@id\":\"https:\/\/nuevodigitaldeescobar.com.ar\/#\/schema\/person\/035e90a8efe9a80e6eec22656ad6ea4c\"},\"headline\":\"Torrendell, secretario de Educaci\u00f3n: \u201cVayamos a China y a Cuba para ver qu\u00e9 hacen con la evaluaci\u00f3n y los ex\u00e1menes\u201d\",\"datePublished\":\"2024-01-11T16:19:56+00:00\",\"dateModified\":\"2024-01-11T16:20:54+00:00\",\"mainEntityOfPage\":{\"@id\":\"https:\/\/nuevodigitaldeescobar.com.ar\/?p=2484\"},\"wordCount\":667,\"commentCount\":0,\"publisher\":{\"@id\":\"https:\/\/nuevodigitaldeescobar.com.ar\/#organization\"},\"image\":{\"@id\":\"https:\/\/nuevodigitaldeescobar.com.ar\/?p=2484#primaryimage\"},\"thumbnailUrl\":\"https:\/\/nuevodigitaldeescobar.com.ar\/wp-content\/uploads\/2024\/01\/romina-del-pla-e1704989989632.jpg\",\"articleSection\":[\"Educaci\u00f3n\",\"Pol\u00edtica\"],\"inLanguage\":\"es\",\"potentialAction\":[{\"@type\":\"CommentAction\",\"name\":\"Comment\",\"target\":[\"https:\/\/nuevodigitaldeescobar.com.ar\/?p=2484#respond\"]}]},{\"@type\":\"WebPage\",\"@id\":\"https:\/\/nuevodigitaldeescobar.com.ar\/?p=2484\",\"url\":\"https:\/\/nuevodigitaldeescobar.com.ar\/?p=2484\",\"name\":\"Torrendell, secretario de Educaci\u00f3n: \u201cVayamos a China y a Cuba para ver qu\u00e9 hacen con la evaluaci\u00f3n y los ex\u00e1menes\u201d - Nuevo Digital de Escobar\",\"isPartOf\":{\"@id\":\"https:\/\/nuevodigitaldeescobar.com.ar\/#website\"},\"primaryImageOfPage\":{\"@id\":\"https:\/\/nuevodigitaldeescobar.com.ar\/?p=2484#primaryimage\"},\"image\":{\"@id\":\"https:\/\/nuevodigitaldeescobar.com.ar\/?p=2484#primaryimage\"},\"thumbnailUrl\":\"https:\/\/nuevodigitaldeescobar.com.ar\/wp-content\/uploads\/2024\/01\/romina-del-pla-e1704989989632.jpg\",\"datePublished\":\"2024-01-11T16:19:56+00:00\",\"dateModified\":\"2024-01-11T16:20:54+00:00\",\"breadcrumb\":{\"@id\":\"https:\/\/nuevodigitaldeescobar.com.ar\/?p=2484#breadcrumb\"},\"inLanguage\":\"es\",\"potentialAction\":[{\"@type\":\"ReadAction\",\"target\":[\"https:\/\/nuevodigitaldeescobar.com.ar\/?p=2484\"]}]},{\"@type\":\"ImageObject\",\"inLanguage\":\"es\",\"@id\":\"https:\/\/nuevodigitaldeescobar.com.ar\/?p=2484#primaryimage\",\"url\":\"https:\/\/nuevodigitaldeescobar.com.ar\/wp-content\/uploads\/2024\/01\/romina-del-pla-e1704989989632.jpg\",\"contentUrl\":\"https:\/\/nuevodigitaldeescobar.com.ar\/wp-content\/uploads\/2024\/01\/romina-del-pla-e1704989989632.jpg\",\"width\":720,\"height\":405},{\"@type\":\"BreadcrumbList\",\"@id\":\"https:\/\/nuevodigitaldeescobar.com.ar\/?p=2484#breadcrumb\",\"itemListElement\":[{\"@type\":\"ListItem\",\"position\":1,\"name\":\"Portada\",\"item\":\"https:\/\/nuevodigitaldeescobar.com.ar\/\"},{\"@type\":\"ListItem\",\"position\":2,\"name\":\"Torrendell, secretario de Educaci\u00f3n: \u201cVayamos a China y a Cuba para ver qu\u00e9 hacen con la evaluaci\u00f3n y los ex\u00e1menes\u201d\"}]},{\"@type\":\"WebSite\",\"@id\":\"https:\/\/nuevodigitaldeescobar.com.ar\/#website\",\"url\":\"https:\/\/nuevodigitaldeescobar.com.ar\/\",\"name\":\"Nuevo Digital de Escobar\",\"description\":\"La vida escobarense. Directora: Rosana Brunner\",\"publisher\":{\"@id\":\"https:\/\/nuevodigitaldeescobar.com.ar\/#organization\"},\"potentialAction\":[{\"@type\":\"SearchAction\",\"target\":{\"@type\":\"EntryPoint\",\"urlTemplate\":\"https:\/\/nuevodigitaldeescobar.com.ar\/?s={search_term_string}\"},\"query-input\":{\"@type\":\"PropertyValueSpecification\",\"valueRequired\":true,\"valueName\":\"search_term_string\"}}],\"inLanguage\":\"es\"},{\"@type\":\"Organization\",\"@id\":\"https:\/\/nuevodigitaldeescobar.com.ar\/#organization\",\"name\":\"Nuevo Digital de Escobar\",\"url\":\"https:\/\/nuevodigitaldeescobar.com.ar\/\",\"logo\":{\"@type\":\"ImageObject\",\"inLanguage\":\"es\",\"@id\":\"https:\/\/nuevodigitaldeescobar.com.ar\/#\/schema\/logo\/image\/\",\"url\":\"https:\/\/nuevodigitaldeescobar.com.ar\/wp-content\/uploads\/2025\/05\/cropped-logo-nuevo2.jpg\",\"contentUrl\":\"https:\/\/nuevodigitaldeescobar.com.ar\/wp-content\/uploads\/2025\/05\/cropped-logo-nuevo2.jpg\",\"width\":305,\"height\":305,\"caption\":\"Nuevo Digital de Escobar\"},\"image\":{\"@id\":\"https:\/\/nuevodigitaldeescobar.com.ar\/#\/schema\/logo\/image\/\"},\"sameAs\":[\"https:\/\/www.facebook.com\/NUEVODigitalDeEscobar\",\"https:\/\/x.com\/nuevodigescobar\",\"https:\/\/www.instagram.com\/nuevodigitaldeescobar\"]},{\"@type\":\"Person\",\"@id\":\"https:\/\/nuevodigitaldeescobar.com.ar\/#\/schema\/person\/035e90a8efe9a80e6eec22656ad6ea4c\",\"name\":\"Redacci\u00f3n\",\"image\":{\"@type\":\"ImageObject\",\"inLanguage\":\"es\",\"@id\":\"https:\/\/nuevodigitaldeescobar.com.ar\/#\/schema\/person\/image\/\",\"url\":\"https:\/\/secure.gravatar.com\/avatar\/8af8f40000c24e9eef3034f2be5998a372bb1389e64b1a4a36b3a7979142220d?s=96&d=mm&r=g\",\"contentUrl\":\"https:\/\/secure.gravatar.com\/avatar\/8af8f40000c24e9eef3034f2be5998a372bb1389e64b1a4a36b3a7979142220d?s=96&d=mm&r=g\",\"caption\":\"Redacci\u00f3n\"},\"sameAs\":[\"http:\/\/nuevodigitaldeescobar.com.ar\"],\"url\":\"https:\/\/nuevodigitaldeescobar.com.ar\/?author=1\"}]}<\/script>\n<!-- \/ Yoast SEO plugin. -->","yoast_head_json":{"title":"Torrendell, secretario de Educaci\u00f3n: \u201cVayamos a China y a Cuba para ver qu\u00e9 hacen con la evaluaci\u00f3n y los ex\u00e1menes\u201d - Nuevo Digital de Escobar","robots":{"index":"index","follow":"follow","max-snippet":"max-snippet:-1","max-image-preview":"max-image-preview:large","max-video-preview":"max-video-preview:-1"},"canonical":"https:\/\/nuevodigitaldeescobar.com.ar\/?p=2484","og_locale":"es_ES","og_type":"article","og_title":"Torrendell, secretario de Educaci\u00f3n: \u201cVayamos a China y a Cuba para ver qu\u00e9 hacen con la evaluaci\u00f3n y los ex\u00e1menes\u201d - Nuevo Digital de Escobar","og_description":"Carlos Torrendell expuso de ejemplo a las dos dictaduras de izquierda para responder cr\u00edticas de legisladores argentinos a la evaluaci\u00f3n docente promovida en la ley [&hellip;]","og_url":"https:\/\/nuevodigitaldeescobar.com.ar\/?p=2484","og_site_name":"Nuevo Digital de Escobar","article_publisher":"https:\/\/www.facebook.com\/NUEVODigitalDeEscobar","article_published_time":"2024-01-11T16:19:56+00:00","article_modified_time":"2024-01-11T16:20:54+00:00","og_image":[{"width":720,"height":405,"url":"https:\/\/nuevodigitaldeescobar.com.ar\/wp-content\/uploads\/2024\/01\/romina-del-pla-e1704989989632.jpg","type":"image\/jpeg"}],"author":"Redacci\u00f3n","twitter_card":"summary_large_image","twitter_creator":"@nuevodigescobar","twitter_site":"@nuevodigescobar","twitter_misc":{"Escrito por":"Redacci\u00f3n","Tiempo de lectura":"3 minutos"},"schema":{"@context":"https:\/\/schema.org","@graph":[{"@type":"Article","@id":"https:\/\/nuevodigitaldeescobar.com.ar\/?p=2484#article","isPartOf":{"@id":"https:\/\/nuevodigitaldeescobar.com.ar\/?p=2484"},"author":{"name":"Redacci\u00f3n","@id":"https:\/\/nuevodigitaldeescobar.com.ar\/#\/schema\/person\/035e90a8efe9a80e6eec22656ad6ea4c"},"headline":"Torrendell, secretario de Educaci\u00f3n: \u201cVayamos a China y a Cuba para ver qu\u00e9 hacen con la evaluaci\u00f3n y los ex\u00e1menes\u201d","datePublished":"2024-01-11T16:19:56+00:00","dateModified":"2024-01-11T16:20:54+00:00","mainEntityOfPage":{"@id":"https:\/\/nuevodigitaldeescobar.com.ar\/?p=2484"},"wordCount":667,"commentCount":0,"publisher":{"@id":"https:\/\/nuevodigitaldeescobar.com.ar\/#organization"},"image":{"@id":"https:\/\/nuevodigitaldeescobar.com.ar\/?p=2484#primaryimage"},"thumbnailUrl":"https:\/\/nuevodigitaldeescobar.com.ar\/wp-content\/uploads\/2024\/01\/romina-del-pla-e1704989989632.jpg","articleSection":["Educaci\u00f3n","Pol\u00edtica"],"inLanguage":"es","potentialAction":[{"@type":"CommentAction","name":"Comment","target":["https:\/\/nuevodigitaldeescobar.com.ar\/?p=2484#respond"]}]},{"@type":"WebPage","@id":"https:\/\/nuevodigitaldeescobar.com.ar\/?p=2484","url":"https:\/\/nuevodigitaldeescobar.com.ar\/?p=2484","name":"Torrendell, secretario de Educaci\u00f3n: \u201cVayamos a China y a Cuba para ver qu\u00e9 hacen con la evaluaci\u00f3n y los ex\u00e1menes\u201d - Nuevo Digital de Escobar","isPartOf":{"@id":"https:\/\/nuevodigitaldeescobar.com.ar\/#website"},"primaryImageOfPage":{"@id":"https:\/\/nuevodigitaldeescobar.com.ar\/?p=2484#primaryimage"},"image":{"@id":"https:\/\/nuevodigitaldeescobar.com.ar\/?p=2484#primaryimage"},"thumbnailUrl":"https:\/\/nuevodigitaldeescobar.com.ar\/wp-content\/uploads\/2024\/01\/romina-del-pla-e1704989989632.jpg","datePublished":"2024-01-11T16:19:56+00:00","dateModified":"2024-01-11T16:20:54+00:00","breadcrumb":{"@id":"https:\/\/nuevodigitaldeescobar.com.ar\/?p=2484#breadcrumb"},"inLanguage":"es","potentialAction":[{"@type":"ReadAction","target":["https:\/\/nuevodigitaldeescobar.com.ar\/?p=2484"]}]},{"@type":"ImageObject","inLanguage":"es","@id":"https:\/\/nuevodigitaldeescobar.com.ar\/?p=2484#primaryimage","url":"https:\/\/nuevodigitaldeescobar.com.ar\/wp-content\/uploads\/2024\/01\/romina-del-pla-e1704989989632.jpg","contentUrl":"https:\/\/nuevodigitaldeescobar.com.ar\/wp-content\/uploads\/2024\/01\/romina-del-pla-e1704989989632.jpg","width":720,"height":405},{"@type":"BreadcrumbList","@id":"https:\/\/nuevodigitaldeescobar.com.ar\/?p=2484#breadcrumb","itemListElement":[{"@type":"ListItem","position":1,"name":"Portada","item":"https:\/\/nuevodigitaldeescobar.com.ar\/"},{"@type":"ListItem","position":2,"name":"Torrendell, secretario de Educaci\u00f3n: \u201cVayamos a China y a Cuba para ver qu\u00e9 hacen con la evaluaci\u00f3n y los ex\u00e1menes\u201d"}]},{"@type":"WebSite","@id":"https:\/\/nuevodigitaldeescobar.com.ar\/#website","url":"https:\/\/nuevodigitaldeescobar.com.ar\/","name":"Nuevo Digital de Escobar","description":"La vida escobarense. Directora: Rosana Brunner","publisher":{"@id":"https:\/\/nuevodigitaldeescobar.com.ar\/#organization"},"potentialAction":[{"@type":"SearchAction","target":{"@type":"EntryPoint","urlTemplate":"https:\/\/nuevodigitaldeescobar.com.ar\/?s={search_term_string}"},"query-input":{"@type":"PropertyValueSpecification","valueRequired":true,"valueName":"search_term_string"}}],"inLanguage":"es"},{"@type":"Organization","@id":"https:\/\/nuevodigitaldeescobar.com.ar\/#organization","name":"Nuevo Digital de Escobar","url":"https:\/\/nuevodigitaldeescobar.com.ar\/","logo":{"@type":"ImageObject","inLanguage":"es","@id":"https:\/\/nuevodigitaldeescobar.com.ar\/#\/schema\/logo\/image\/","url":"https:\/\/nuevodigitaldeescobar.com.ar\/wp-content\/uploads\/2025\/05\/cropped-logo-nuevo2.jpg","contentUrl":"https:\/\/nuevodigitaldeescobar.com.ar\/wp-content\/uploads\/2025\/05\/cropped-logo-nuevo2.jpg","width":305,"height":305,"caption":"Nuevo Digital de Escobar"},"image":{"@id":"https:\/\/nuevodigitaldeescobar.com.ar\/#\/schema\/logo\/image\/"},"sameAs":["https:\/\/www.facebook.com\/NUEVODigitalDeEscobar","https:\/\/x.com\/nuevodigescobar","https:\/\/www.instagram.com\/nuevodigitaldeescobar"]},{"@type":"Person","@id":"https:\/\/nuevodigitaldeescobar.com.ar\/#\/schema\/person\/035e90a8efe9a80e6eec22656ad6ea4c","name":"Redacci\u00f3n","image":{"@type":"ImageObject","inLanguage":"es","@id":"https:\/\/nuevodigitaldeescobar.com.ar\/#\/schema\/person\/image\/","url":"https:\/\/secure.gravatar.com\/avatar\/8af8f40000c24e9eef3034f2be5998a372bb1389e64b1a4a36b3a7979142220d?s=96&d=mm&r=g","contentUrl":"https:\/\/secure.gravatar.com\/avatar\/8af8f40000c24e9eef3034f2be5998a372bb1389e64b1a4a36b3a7979142220d?s=96&d=mm&r=g","caption":"Redacci\u00f3n"},"sameAs":["http:\/\/nuevodigitaldeescobar.com.ar"],"url":"https:\/\/nuevodigitaldeescobar.com.ar\/?author=1"}]}},"featured_image_urls":{"full":["https:\/\/nuevodigitaldeescobar.com.ar\/wp-content\/uploads\/2024\/01\/romina-del-pla-e1704989989632.jpg",720,405,false],"thumbnail":["https:\/\/nuevodigitaldeescobar.com.ar\/wp-content\/uploads\/2024\/01\/romina-del-pla-150x150.jpg",150,150,true],"medium":["https:\/\/nuevodigitaldeescobar.com.ar\/wp-content\/uploads\/2024\/01\/romina-del-pla-300x169.jpg",300,169,true],"medium_large":["https:\/\/nuevodigitaldeescobar.com.ar\/wp-content\/uploads\/2024\/01\/romina-del-pla-e1704989989632.jpg",640,360,false],"large":["https:\/\/nuevodigitaldeescobar.com.ar\/wp-content\/uploads\/2024\/01\/romina-del-pla-e1704989989632.jpg",640,360,false],"1536x1536":["https:\/\/nuevodigitaldeescobar.com.ar\/wp-content\/uploads\/2024\/01\/romina-del-pla-e1704989989632.jpg",720,405,false],"2048x2048":["https:\/\/nuevodigitaldeescobar.com.ar\/wp-content\/uploads\/2024\/01\/romina-del-pla-e1704989989632.jpg",720,405,false]},"author_info":{"display_name":"Redacci\u00f3n","author_link":"https:\/\/nuevodigitaldeescobar.com.ar\/?author=1"},"category_info":"<a href=\"https:\/\/nuevodigitaldeescobar.com.ar\/?cat=4\" rel=\"category\">Educaci\u00f3n<\/a> <a href=\"https:\/\/nuevodigitaldeescobar.com.ar\/?cat=6\" rel=\"category\">Pol\u00edtica<\/a>","tag_info":"Pol\u00edtica","comment_count":"0","_links":{"self":[{"href":"https:\/\/nuevodigitaldeescobar.com.ar\/index.php?rest_route=\/wp\/v2\/posts\/2484","targetHints":{"allow":["GET"]}}],"collection":[{"href":"https:\/\/nuevodigitaldeescobar.com.ar\/index.php?rest_route=\/wp\/v2\/posts"}],"about":[{"href":"https:\/\/nuevodigitaldeescobar.com.ar\/index.php?rest_route=\/wp\/v2\/types\/post"}],"author":[{"embeddable":true,"href":"https:\/\/nuevodigitaldeescobar.com.ar\/index.php?rest_route=\/wp\/v2\/users\/1"}],"replies":[{"embeddable":true,"href":"https:\/\/nuevodigitaldeescobar.com.ar\/index.php?rest_route=%2Fwp%2Fv2%2Fcomments&post=2484"}],"version-history":[{"count":2,"href":"https:\/\/nuevodigitaldeescobar.com.ar\/index.php?rest_route=\/wp\/v2\/posts\/2484\/revisions"}],"predecessor-version":[{"id":2487,"href":"https:\/\/nuevodigitaldeescobar.com.ar\/index.php?rest_route=\/wp\/v2\/posts\/2484\/revisions\/2487"}],"wp:featuredmedia":[{"embeddable":true,"href":"https:\/\/nuevodigitaldeescobar.com.ar\/index.php?rest_route=\/wp\/v2\/media\/2485"}],"wp:attachment":[{"href":"https:\/\/nuevodigitaldeescobar.com.ar\/index.php?rest_route=%2Fwp%2Fv2%2Fmedia&parent=2484"}],"wp:term":[{"taxonomy":"category","embeddable":true,"href":"https:\/\/nuevodigitaldeescobar.com.ar\/index.php?rest_route=%2Fwp%2Fv2%2Fcategories&post=2484"},{"taxonomy":"post_tag","embeddable":true,"href":"https:\/\/nuevodigitaldeescobar.com.ar\/index.php?rest_route=%2Fwp%2Fv2%2Ftags&post=2484"}],"curies":[{"name":"wp","href":"https:\/\/api.w.org\/{rel}","templated":true}]}}