{"id":2488,"date":"2024-01-13T07:00:00","date_gmt":"2024-01-13T10:00:00","guid":{"rendered":"https:\/\/nuevodigitaldeescobar.com.ar\/?p=2488"},"modified":"2024-01-11T19:20:47","modified_gmt":"2024-01-11T22:20:47","slug":"por-que-es-importante-ensenar-el-pensamiento-critico-en-las-aulas","status":"publish","type":"post","link":"https:\/\/nuevodigitaldeescobar.com.ar\/?p=2488","title":{"rendered":"\u00bfPor qu\u00e9 es importante ense\u00f1ar el pensamiento cr\u00edtico en las aulas?"},"content":{"rendered":"<p><span style=\"color: #003366;\"><strong><em>El pensamiento cr\u00edtico ha venido tomando importancia dentro de los planes educativos ya que fomentan el cuestionamiento, an\u00e1lisis y toma de decisiones por parte de los estudiantes.<\/em><\/strong><\/span><\/p>\n<p><!--more--><\/p>\n<hr \/>\n<p>Pensar es un acto intr\u00ednseco del ser humano, sin embargo, no siempre se lleva a cabo con la calidad deseada, pues, no todos los pensamientos cotidianos implican un ejercicio de razonamiento cr\u00edtico; sin embargo, este juega un rol crucial cuando se requiere entender y evaluar situaciones complejas. La relevancia de pensar cr\u00edticamente no s\u00f3lo radica en la generaci\u00f3n de opiniones con fundamento, sino tambi\u00e9n en su poder para abordar y solucionar dificultades de m\u00faltiples contextos.<\/p>\n<p>Con base en esto, el fortalecimiento del pensamiento cr\u00edtico se presenta no s\u00f3lo como una posibilidad, sino como una necesidad en la educaci\u00f3n contempor\u00e1nea. Diversos m\u00e9todos y estrategias se han desarrollado para entrenarlo, lo cual sugiere su caracter\u00edstica de habilidad din\u00e1mica y adaptable que puede ser cultivada. En un mundo en constante transformaci\u00f3n, esta competencia se alza como un soporte vital para la toma de decisiones informadas y la resoluci\u00f3n de retos de manera innovadora y efectiva.<\/p>\n<p>Es decir, el pensamiento cr\u00edtico es m\u00e1s que una mera funci\u00f3n mental; es una herramienta poderosa y necesaria que, cuando se educa y perfecciona, beneficia tanto a individuos como a colectividades. Su relevancia en la era moderna es indiscutible y, al mismo tiempo, representa una promesa hacia una sociedad m\u00e1s consciente y anal\u00edtica.<\/p>\n<h3><span style=\"color: #003366;\"><strong>Pensamiento cr\u00edtico: clave para tomar decisiones<\/strong><\/span><\/h3>\n<p>La capacidad de pensar cr\u00edticamente se est\u00e1 enfatizando cada vez m\u00e1s como una habilidad esencial en la vida cotidiana, estudiantil y profesional. Este enfoque permite tomar mejores decisiones mediante el an\u00e1lisis y evaluaci\u00f3n de informaci\u00f3n para determinar su veracidad, relevancia y fundamentaci\u00f3n. A su vez, el cuestionamiento de la informaci\u00f3n antes de aceptarla es un m\u00e9todo que ayuda a formar juicios m\u00e1s informados y precisos.<\/p>\n<h3><span style=\"color: #003366;\"><strong>Fundamental para el trabajo<\/strong><\/span><\/h3>\n<p>En el contexto de una era cada vez m\u00e1s digital, donde la automatizaci\u00f3n amenaza ciertas profesiones, el pensamiento cr\u00edtico, junto con la creatividad, se considera vital para mejorar la empleabilidad. Las habilidades para pensar de manera cr\u00edtica y creativa son vistas como diferentes a las capacidades que una m\u00e1quina puede replicar, brindando as\u00ed ventajas significativas en el mercado laboral.<\/p>\n<h3><span style=\"color: #003366;\"><strong>Clave en la educaci\u00f3n<\/strong><\/span><\/h3>\n<p>La inclusi\u00f3n del pensamiento cr\u00edtico en la educaci\u00f3n ha cobrado relevancia gracias al documento <em>\u201cHabilidades para la vida: fomentar el pensamiento cr\u00edtico\u201d<\/em>, publicado por el investigador St\u00e9phan Vincent-Lancrin. Este art\u00edculo resalta la importancia de integrar estrategias espec\u00edficas para fomentar esta habilidad esencial en los planes de estudio escolares, pese a no constituirse tradicionalmente como una asignatura independiente en los sistemas educativos.<\/p>\n<p>La publicaci\u00f3n, citada por el Banco Interamericano de Desarrollo, recomienda incorporar al pensamiento cr\u00edtico como un objetivo de aprendizaje en los planes de clases y plantear a los estudiantes problemas y tareas que fomenten el cuestionamiento, la evaluaci\u00f3n de supuestos y la exploraci\u00f3n de m\u00faltiples perspectivas. Tales enfoques did\u00e1cticos incentivar\u00edan el desarrollo de habilidades cognitivas esenciales en los alumnos.<\/p>\n<p>En l\u00ednea con la propuesta del documento, es esencial tambi\u00e9n crear un ambiente seguro en las aulas para que los estudiantes puedan expresarse y correr riesgos intelectuales sin temor. Esta atm\u00f3sfera ayuda a que los estudiantes se sientan m\u00e1s c\u00f3modos para compartir expresiones y pensamientos surgidos de su razonamiento. Igualmente, se menciona la importancia de evaluar el pensamiento cr\u00edtico, incluy\u00e9ndolo en ex\u00e1menes y evaluaciones nacionales, para validar y fomentar su desarrollo en la educaci\u00f3n formal.<\/p>\n<p>El informe de Vincent-Lancrin, destacado por presentar esta serie de sugerencias pr\u00e1cticas que pueden ser adoptadas por educadores, finalmente se\u00f1ala que este enfoque no s\u00f3lo repercutir\u00eda positivamente en el rendimiento acad\u00e9mico, sino que tambi\u00e9n preparar\u00eda a los alumnos para enfrentar los desaf\u00edos de la vida cotidiana con una mentalidad anal\u00edtica y reflexiva.<\/p>\n<p><em>(Infobae)<\/em><\/p>\n","protected":false},"excerpt":{"rendered":"<p>El pensamiento cr\u00edtico ha venido tomando importancia dentro de los planes educativos ya que fomentan el cuestionamiento, an\u00e1lisis y toma de decisiones por parte de [&hellip;]<\/p>\n","protected":false},"author":1,"featured_media":2489,"comment_status":"open","ping_status":"closed","sticky":false,"template":"","format":"standard","meta":{"footnotes":""},"categories":[4,15],"tags":[],"class_list":["post-2488","post","type-post","status-publish","format-standard","has-post-thumbnail","hentry","category-educacion","category-sociedad"],"better_featured_image":{"id":2489,"alt_text":"","caption":"","description":"","media_type":"image","media_details":{"width":720,"height":405,"file":"2024\/01\/pensamiento-critico-educacion-e1705011639872.jpg","filesize":65257,"sizes":{"medium":{"file":"pensamiento-critico-educacion-300x169.jpg","width":300,"height":169,"mime-type":"image\/jpeg","filesize":12406,"source_url":"https:\/\/nuevodigitaldeescobar.com.ar\/wp-content\/uploads\/2024\/01\/pensamiento-critico-educacion-300x169.jpg"},"thumbnail":{"file":"pensamiento-critico-educacion-150x150.jpg","width":150,"height":150,"mime-type":"image\/jpeg","filesize":6855,"source_url":"https:\/\/nuevodigitaldeescobar.com.ar\/wp-content\/uploads\/2024\/01\/pensamiento-critico-educacion-150x150.jpg"},"covernews-medium":{"file":"pensamiento-critico-educacion-540x340.jpg","width":540,"height":340,"mime-type":"image\/jpeg","filesize":33196,"source_url":"https:\/\/nuevodigitaldeescobar.com.ar\/wp-content\/uploads\/2024\/01\/pensamiento-critico-educacion-540x340.jpg"},"covernews-medium-square":{"file":"pensamiento-critico-educacion-400x250.jpg","width":400,"height":250,"mime-type":"image\/jpeg","filesize":21418,"source_url":"https:\/\/nuevodigitaldeescobar.com.ar\/wp-content\/uploads\/2024\/01\/pensamiento-critico-educacion-400x250.jpg"}},"image_meta":{"aperture":"0","credit":"","camera":"","caption":"","created_timestamp":"0","copyright":"","focal_length":"0","iso":"0","shutter_speed":"0","title":"","orientation":"0","keywords":[]}},"post":2488,"source_url":"https:\/\/nuevodigitaldeescobar.com.ar\/wp-content\/uploads\/2024\/01\/pensamiento-critico-educacion-e1705011639872.jpg"},"yoast_head":"<!-- This site is optimized with the Yoast SEO plugin v26.1.1 - https:\/\/yoast.com\/wordpress\/plugins\/seo\/ -->\n<title>\u00bfPor qu\u00e9 es importante ense\u00f1ar el pensamiento cr\u00edtico en las aulas? - Nuevo Digital de Escobar<\/title>\n<meta name=\"robots\" content=\"index, follow, max-snippet:-1, max-image-preview:large, max-video-preview:-1\" \/>\n<link rel=\"canonical\" href=\"https:\/\/nuevodigitaldeescobar.com.ar\/?p=2488\" \/>\n<meta property=\"og:locale\" content=\"es_ES\" \/>\n<meta property=\"og:type\" content=\"article\" \/>\n<meta property=\"og:title\" content=\"\u00bfPor qu\u00e9 es importante ense\u00f1ar el pensamiento cr\u00edtico en las aulas? - Nuevo Digital de Escobar\" \/>\n<meta property=\"og:description\" content=\"El pensamiento cr\u00edtico ha venido tomando importancia dentro de los planes educativos ya que fomentan el cuestionamiento, an\u00e1lisis y toma de decisiones por parte de [&hellip;]\" \/>\n<meta property=\"og:url\" content=\"https:\/\/nuevodigitaldeescobar.com.ar\/?p=2488\" \/>\n<meta property=\"og:site_name\" content=\"Nuevo Digital de Escobar\" \/>\n<meta property=\"article:publisher\" content=\"https:\/\/www.facebook.com\/NUEVODigitalDeEscobar\" \/>\n<meta property=\"article:published_time\" content=\"2024-01-13T10:00:00+00:00\" \/>\n<meta property=\"og:image\" content=\"https:\/\/nuevodigitaldeescobar.com.ar\/wp-content\/uploads\/2024\/01\/pensamiento-critico-educacion-e1705011639872.jpg\" \/>\n\t<meta property=\"og:image:width\" content=\"720\" \/>\n\t<meta property=\"og:image:height\" content=\"405\" \/>\n\t<meta property=\"og:image:type\" content=\"image\/jpeg\" \/>\n<meta name=\"author\" content=\"Redacci\u00f3n\" \/>\n<meta name=\"twitter:card\" content=\"summary_large_image\" \/>\n<meta name=\"twitter:creator\" content=\"@nuevodigescobar\" \/>\n<meta name=\"twitter:site\" content=\"@nuevodigescobar\" \/>\n<meta name=\"twitter:label1\" content=\"Escrito por\" \/>\n\t<meta name=\"twitter:data1\" content=\"Redacci\u00f3n\" \/>\n\t<meta name=\"twitter:label2\" content=\"Tiempo de lectura\" \/>\n\t<meta name=\"twitter:data2\" content=\"3 minutos\" \/>\n<script type=\"application\/ld+json\" class=\"yoast-schema-graph\">{\"@context\":\"https:\/\/schema.org\",\"@graph\":[{\"@type\":\"Article\",\"@id\":\"https:\/\/nuevodigitaldeescobar.com.ar\/?p=2488#article\",\"isPartOf\":{\"@id\":\"https:\/\/nuevodigitaldeescobar.com.ar\/?p=2488\"},\"author\":{\"name\":\"Redacci\u00f3n\",\"@id\":\"https:\/\/nuevodigitaldeescobar.com.ar\/#\/schema\/person\/035e90a8efe9a80e6eec22656ad6ea4c\"},\"headline\":\"\u00bfPor qu\u00e9 es importante ense\u00f1ar el pensamiento cr\u00edtico en las aulas?\",\"datePublished\":\"2024-01-13T10:00:00+00:00\",\"mainEntityOfPage\":{\"@id\":\"https:\/\/nuevodigitaldeescobar.com.ar\/?p=2488\"},\"wordCount\":702,\"commentCount\":0,\"publisher\":{\"@id\":\"https:\/\/nuevodigitaldeescobar.com.ar\/#organization\"},\"image\":{\"@id\":\"https:\/\/nuevodigitaldeescobar.com.ar\/?p=2488#primaryimage\"},\"thumbnailUrl\":\"https:\/\/nuevodigitaldeescobar.com.ar\/wp-content\/uploads\/2024\/01\/pensamiento-critico-educacion-e1705011639872.jpg\",\"articleSection\":[\"Educaci\u00f3n\",\"Sociedad\"],\"inLanguage\":\"es\",\"potentialAction\":[{\"@type\":\"CommentAction\",\"name\":\"Comment\",\"target\":[\"https:\/\/nuevodigitaldeescobar.com.ar\/?p=2488#respond\"]}]},{\"@type\":\"WebPage\",\"@id\":\"https:\/\/nuevodigitaldeescobar.com.ar\/?p=2488\",\"url\":\"https:\/\/nuevodigitaldeescobar.com.ar\/?p=2488\",\"name\":\"\u00bfPor qu\u00e9 es importante ense\u00f1ar el pensamiento cr\u00edtico en las aulas? - Nuevo Digital de Escobar\",\"isPartOf\":{\"@id\":\"https:\/\/nuevodigitaldeescobar.com.ar\/#website\"},\"primaryImageOfPage\":{\"@id\":\"https:\/\/nuevodigitaldeescobar.com.ar\/?p=2488#primaryimage\"},\"image\":{\"@id\":\"https:\/\/nuevodigitaldeescobar.com.ar\/?p=2488#primaryimage\"},\"thumbnailUrl\":\"https:\/\/nuevodigitaldeescobar.com.ar\/wp-content\/uploads\/2024\/01\/pensamiento-critico-educacion-e1705011639872.jpg\",\"datePublished\":\"2024-01-13T10:00:00+00:00\",\"breadcrumb\":{\"@id\":\"https:\/\/nuevodigitaldeescobar.com.ar\/?p=2488#breadcrumb\"},\"inLanguage\":\"es\",\"potentialAction\":[{\"@type\":\"ReadAction\",\"target\":[\"https:\/\/nuevodigitaldeescobar.com.ar\/?p=2488\"]}]},{\"@type\":\"ImageObject\",\"inLanguage\":\"es\",\"@id\":\"https:\/\/nuevodigitaldeescobar.com.ar\/?p=2488#primaryimage\",\"url\":\"https:\/\/nuevodigitaldeescobar.com.ar\/wp-content\/uploads\/2024\/01\/pensamiento-critico-educacion-e1705011639872.jpg\",\"contentUrl\":\"https:\/\/nuevodigitaldeescobar.com.ar\/wp-content\/uploads\/2024\/01\/pensamiento-critico-educacion-e1705011639872.jpg\",\"width\":720,\"height\":405},{\"@type\":\"BreadcrumbList\",\"@id\":\"https:\/\/nuevodigitaldeescobar.com.ar\/?p=2488#breadcrumb\",\"itemListElement\":[{\"@type\":\"ListItem\",\"position\":1,\"name\":\"Portada\",\"item\":\"https:\/\/nuevodigitaldeescobar.com.ar\/\"},{\"@type\":\"ListItem\",\"position\":2,\"name\":\"\u00bfPor qu\u00e9 es importante ense\u00f1ar el pensamiento cr\u00edtico en las aulas?\"}]},{\"@type\":\"WebSite\",\"@id\":\"https:\/\/nuevodigitaldeescobar.com.ar\/#website\",\"url\":\"https:\/\/nuevodigitaldeescobar.com.ar\/\",\"name\":\"Nuevo Digital de Escobar\",\"description\":\"La vida escobarense. Directora: Rosana Brunner\",\"publisher\":{\"@id\":\"https:\/\/nuevodigitaldeescobar.com.ar\/#organization\"},\"potentialAction\":[{\"@type\":\"SearchAction\",\"target\":{\"@type\":\"EntryPoint\",\"urlTemplate\":\"https:\/\/nuevodigitaldeescobar.com.ar\/?s={search_term_string}\"},\"query-input\":{\"@type\":\"PropertyValueSpecification\",\"valueRequired\":true,\"valueName\":\"search_term_string\"}}],\"inLanguage\":\"es\"},{\"@type\":\"Organization\",\"@id\":\"https:\/\/nuevodigitaldeescobar.com.ar\/#organization\",\"name\":\"Nuevo Digital de Escobar\",\"url\":\"https:\/\/nuevodigitaldeescobar.com.ar\/\",\"logo\":{\"@type\":\"ImageObject\",\"inLanguage\":\"es\",\"@id\":\"https:\/\/nuevodigitaldeescobar.com.ar\/#\/schema\/logo\/image\/\",\"url\":\"https:\/\/nuevodigitaldeescobar.com.ar\/wp-content\/uploads\/2025\/05\/cropped-logo-nuevo2.jpg\",\"contentUrl\":\"https:\/\/nuevodigitaldeescobar.com.ar\/wp-content\/uploads\/2025\/05\/cropped-logo-nuevo2.jpg\",\"width\":305,\"height\":305,\"caption\":\"Nuevo Digital de Escobar\"},\"image\":{\"@id\":\"https:\/\/nuevodigitaldeescobar.com.ar\/#\/schema\/logo\/image\/\"},\"sameAs\":[\"https:\/\/www.facebook.com\/NUEVODigitalDeEscobar\",\"https:\/\/x.com\/nuevodigescobar\",\"https:\/\/www.instagram.com\/nuevodigitaldeescobar\"]},{\"@type\":\"Person\",\"@id\":\"https:\/\/nuevodigitaldeescobar.com.ar\/#\/schema\/person\/035e90a8efe9a80e6eec22656ad6ea4c\",\"name\":\"Redacci\u00f3n\",\"image\":{\"@type\":\"ImageObject\",\"inLanguage\":\"es\",\"@id\":\"https:\/\/nuevodigitaldeescobar.com.ar\/#\/schema\/person\/image\/\",\"url\":\"https:\/\/secure.gravatar.com\/avatar\/8af8f40000c24e9eef3034f2be5998a372bb1389e64b1a4a36b3a7979142220d?s=96&d=mm&r=g\",\"contentUrl\":\"https:\/\/secure.gravatar.com\/avatar\/8af8f40000c24e9eef3034f2be5998a372bb1389e64b1a4a36b3a7979142220d?s=96&d=mm&r=g\",\"caption\":\"Redacci\u00f3n\"},\"sameAs\":[\"http:\/\/nuevodigitaldeescobar.com.ar\"],\"url\":\"https:\/\/nuevodigitaldeescobar.com.ar\/?author=1\"}]}<\/script>\n<!-- \/ Yoast SEO plugin. -->","yoast_head_json":{"title":"\u00bfPor qu\u00e9 es importante ense\u00f1ar el pensamiento cr\u00edtico en las aulas? - Nuevo Digital de Escobar","robots":{"index":"index","follow":"follow","max-snippet":"max-snippet:-1","max-image-preview":"max-image-preview:large","max-video-preview":"max-video-preview:-1"},"canonical":"https:\/\/nuevodigitaldeescobar.com.ar\/?p=2488","og_locale":"es_ES","og_type":"article","og_title":"\u00bfPor qu\u00e9 es importante ense\u00f1ar el pensamiento cr\u00edtico en las aulas? - Nuevo Digital de Escobar","og_description":"El pensamiento cr\u00edtico ha venido tomando importancia dentro de los planes educativos ya que fomentan el cuestionamiento, an\u00e1lisis y toma de decisiones por parte de [&hellip;]","og_url":"https:\/\/nuevodigitaldeescobar.com.ar\/?p=2488","og_site_name":"Nuevo Digital de Escobar","article_publisher":"https:\/\/www.facebook.com\/NUEVODigitalDeEscobar","article_published_time":"2024-01-13T10:00:00+00:00","og_image":[{"width":720,"height":405,"url":"https:\/\/nuevodigitaldeescobar.com.ar\/wp-content\/uploads\/2024\/01\/pensamiento-critico-educacion-e1705011639872.jpg","type":"image\/jpeg"}],"author":"Redacci\u00f3n","twitter_card":"summary_large_image","twitter_creator":"@nuevodigescobar","twitter_site":"@nuevodigescobar","twitter_misc":{"Escrito por":"Redacci\u00f3n","Tiempo de lectura":"3 minutos"},"schema":{"@context":"https:\/\/schema.org","@graph":[{"@type":"Article","@id":"https:\/\/nuevodigitaldeescobar.com.ar\/?p=2488#article","isPartOf":{"@id":"https:\/\/nuevodigitaldeescobar.com.ar\/?p=2488"},"author":{"name":"Redacci\u00f3n","@id":"https:\/\/nuevodigitaldeescobar.com.ar\/#\/schema\/person\/035e90a8efe9a80e6eec22656ad6ea4c"},"headline":"\u00bfPor qu\u00e9 es importante ense\u00f1ar el pensamiento cr\u00edtico en las aulas?","datePublished":"2024-01-13T10:00:00+00:00","mainEntityOfPage":{"@id":"https:\/\/nuevodigitaldeescobar.com.ar\/?p=2488"},"wordCount":702,"commentCount":0,"publisher":{"@id":"https:\/\/nuevodigitaldeescobar.com.ar\/#organization"},"image":{"@id":"https:\/\/nuevodigitaldeescobar.com.ar\/?p=2488#primaryimage"},"thumbnailUrl":"https:\/\/nuevodigitaldeescobar.com.ar\/wp-content\/uploads\/2024\/01\/pensamiento-critico-educacion-e1705011639872.jpg","articleSection":["Educaci\u00f3n","Sociedad"],"inLanguage":"es","potentialAction":[{"@type":"CommentAction","name":"Comment","target":["https:\/\/nuevodigitaldeescobar.com.ar\/?p=2488#respond"]}]},{"@type":"WebPage","@id":"https:\/\/nuevodigitaldeescobar.com.ar\/?p=2488","url":"https:\/\/nuevodigitaldeescobar.com.ar\/?p=2488","name":"\u00bfPor qu\u00e9 es importante ense\u00f1ar el pensamiento cr\u00edtico en las aulas? - Nuevo Digital de Escobar","isPartOf":{"@id":"https:\/\/nuevodigitaldeescobar.com.ar\/#website"},"primaryImageOfPage":{"@id":"https:\/\/nuevodigitaldeescobar.com.ar\/?p=2488#primaryimage"},"image":{"@id":"https:\/\/nuevodigitaldeescobar.com.ar\/?p=2488#primaryimage"},"thumbnailUrl":"https:\/\/nuevodigitaldeescobar.com.ar\/wp-content\/uploads\/2024\/01\/pensamiento-critico-educacion-e1705011639872.jpg","datePublished":"2024-01-13T10:00:00+00:00","breadcrumb":{"@id":"https:\/\/nuevodigitaldeescobar.com.ar\/?p=2488#breadcrumb"},"inLanguage":"es","potentialAction":[{"@type":"ReadAction","target":["https:\/\/nuevodigitaldeescobar.com.ar\/?p=2488"]}]},{"@type":"ImageObject","inLanguage":"es","@id":"https:\/\/nuevodigitaldeescobar.com.ar\/?p=2488#primaryimage","url":"https:\/\/nuevodigitaldeescobar.com.ar\/wp-content\/uploads\/2024\/01\/pensamiento-critico-educacion-e1705011639872.jpg","contentUrl":"https:\/\/nuevodigitaldeescobar.com.ar\/wp-content\/uploads\/2024\/01\/pensamiento-critico-educacion-e1705011639872.jpg","width":720,"height":405},{"@type":"BreadcrumbList","@id":"https:\/\/nuevodigitaldeescobar.com.ar\/?p=2488#breadcrumb","itemListElement":[{"@type":"ListItem","position":1,"name":"Portada","item":"https:\/\/nuevodigitaldeescobar.com.ar\/"},{"@type":"ListItem","position":2,"name":"\u00bfPor qu\u00e9 es importante ense\u00f1ar el pensamiento cr\u00edtico en las aulas?"}]},{"@type":"WebSite","@id":"https:\/\/nuevodigitaldeescobar.com.ar\/#website","url":"https:\/\/nuevodigitaldeescobar.com.ar\/","name":"Nuevo Digital de Escobar","description":"La vida escobarense. Directora: Rosana Brunner","publisher":{"@id":"https:\/\/nuevodigitaldeescobar.com.ar\/#organization"},"potentialAction":[{"@type":"SearchAction","target":{"@type":"EntryPoint","urlTemplate":"https:\/\/nuevodigitaldeescobar.com.ar\/?s={search_term_string}"},"query-input":{"@type":"PropertyValueSpecification","valueRequired":true,"valueName":"search_term_string"}}],"inLanguage":"es"},{"@type":"Organization","@id":"https:\/\/nuevodigitaldeescobar.com.ar\/#organization","name":"Nuevo Digital de Escobar","url":"https:\/\/nuevodigitaldeescobar.com.ar\/","logo":{"@type":"ImageObject","inLanguage":"es","@id":"https:\/\/nuevodigitaldeescobar.com.ar\/#\/schema\/logo\/image\/","url":"https:\/\/nuevodigitaldeescobar.com.ar\/wp-content\/uploads\/2025\/05\/cropped-logo-nuevo2.jpg","contentUrl":"https:\/\/nuevodigitaldeescobar.com.ar\/wp-content\/uploads\/2025\/05\/cropped-logo-nuevo2.jpg","width":305,"height":305,"caption":"Nuevo Digital de Escobar"},"image":{"@id":"https:\/\/nuevodigitaldeescobar.com.ar\/#\/schema\/logo\/image\/"},"sameAs":["https:\/\/www.facebook.com\/NUEVODigitalDeEscobar","https:\/\/x.com\/nuevodigescobar","https:\/\/www.instagram.com\/nuevodigitaldeescobar"]},{"@type":"Person","@id":"https:\/\/nuevodigitaldeescobar.com.ar\/#\/schema\/person\/035e90a8efe9a80e6eec22656ad6ea4c","name":"Redacci\u00f3n","image":{"@type":"ImageObject","inLanguage":"es","@id":"https:\/\/nuevodigitaldeescobar.com.ar\/#\/schema\/person\/image\/","url":"https:\/\/secure.gravatar.com\/avatar\/8af8f40000c24e9eef3034f2be5998a372bb1389e64b1a4a36b3a7979142220d?s=96&d=mm&r=g","contentUrl":"https:\/\/secure.gravatar.com\/avatar\/8af8f40000c24e9eef3034f2be5998a372bb1389e64b1a4a36b3a7979142220d?s=96&d=mm&r=g","caption":"Redacci\u00f3n"},"sameAs":["http:\/\/nuevodigitaldeescobar.com.ar"],"url":"https:\/\/nuevodigitaldeescobar.com.ar\/?author=1"}]}},"featured_image_urls":{"full":["https:\/\/nuevodigitaldeescobar.com.ar\/wp-content\/uploads\/2024\/01\/pensamiento-critico-educacion-e1705011639872.jpg",720,405,false],"thumbnail":["https:\/\/nuevodigitaldeescobar.com.ar\/wp-content\/uploads\/2024\/01\/pensamiento-critico-educacion-150x150.jpg",150,150,true],"medium":["https:\/\/nuevodigitaldeescobar.com.ar\/wp-content\/uploads\/2024\/01\/pensamiento-critico-educacion-300x169.jpg",300,169,true],"medium_large":["https:\/\/nuevodigitaldeescobar.com.ar\/wp-content\/uploads\/2024\/01\/pensamiento-critico-educacion-e1705011639872.jpg",640,360,false],"large":["https:\/\/nuevodigitaldeescobar.com.ar\/wp-content\/uploads\/2024\/01\/pensamiento-critico-educacion-e1705011639872.jpg",640,360,false],"1536x1536":["https:\/\/nuevodigitaldeescobar.com.ar\/wp-content\/uploads\/2024\/01\/pensamiento-critico-educacion-e1705011639872.jpg",720,405,false],"2048x2048":["https:\/\/nuevodigitaldeescobar.com.ar\/wp-content\/uploads\/2024\/01\/pensamiento-critico-educacion-e1705011639872.jpg",720,405,false]},"author_info":{"display_name":"Redacci\u00f3n","author_link":"https:\/\/nuevodigitaldeescobar.com.ar\/?author=1"},"category_info":"<a href=\"https:\/\/nuevodigitaldeescobar.com.ar\/?cat=4\" rel=\"category\">Educaci\u00f3n<\/a> <a href=\"https:\/\/nuevodigitaldeescobar.com.ar\/?cat=15\" rel=\"category\">Sociedad<\/a>","tag_info":"Sociedad","comment_count":"0","_links":{"self":[{"href":"https:\/\/nuevodigitaldeescobar.com.ar\/index.php?rest_route=\/wp\/v2\/posts\/2488","targetHints":{"allow":["GET"]}}],"collection":[{"href":"https:\/\/nuevodigitaldeescobar.com.ar\/index.php?rest_route=\/wp\/v2\/posts"}],"about":[{"href":"https:\/\/nuevodigitaldeescobar.com.ar\/index.php?rest_route=\/wp\/v2\/types\/post"}],"author":[{"embeddable":true,"href":"https:\/\/nuevodigitaldeescobar.com.ar\/index.php?rest_route=\/wp\/v2\/users\/1"}],"replies":[{"embeddable":true,"href":"https:\/\/nuevodigitaldeescobar.com.ar\/index.php?rest_route=%2Fwp%2Fv2%2Fcomments&post=2488"}],"version-history":[{"count":1,"href":"https:\/\/nuevodigitaldeescobar.com.ar\/index.php?rest_route=\/wp\/v2\/posts\/2488\/revisions"}],"predecessor-version":[{"id":2490,"href":"https:\/\/nuevodigitaldeescobar.com.ar\/index.php?rest_route=\/wp\/v2\/posts\/2488\/revisions\/2490"}],"wp:featuredmedia":[{"embeddable":true,"href":"https:\/\/nuevodigitaldeescobar.com.ar\/index.php?rest_route=\/wp\/v2\/media\/2489"}],"wp:attachment":[{"href":"https:\/\/nuevodigitaldeescobar.com.ar\/index.php?rest_route=%2Fwp%2Fv2%2Fmedia&parent=2488"}],"wp:term":[{"taxonomy":"category","embeddable":true,"href":"https:\/\/nuevodigitaldeescobar.com.ar\/index.php?rest_route=%2Fwp%2Fv2%2Fcategories&post=2488"},{"taxonomy":"post_tag","embeddable":true,"href":"https:\/\/nuevodigitaldeescobar.com.ar\/index.php?rest_route=%2Fwp%2Fv2%2Ftags&post=2488"}],"curies":[{"name":"wp","href":"https:\/\/api.w.org\/{rel}","templated":true}]}}