{"id":2494,"date":"2024-01-14T07:00:00","date_gmt":"2024-01-14T10:00:00","guid":{"rendered":"https:\/\/nuevodigitaldeescobar.com.ar\/?p=2494"},"modified":"2024-01-12T11:22:04","modified_gmt":"2024-01-12T14:22:04","slug":"cuanta-nafta-consume-el-aire-acondicionado-del-auto","status":"publish","type":"post","link":"https:\/\/nuevodigitaldeescobar.com.ar\/?p=2494","title":{"rendered":"\u00bfCu\u00e1nta nafta consume el aire acondicionado del auto?"},"content":{"rendered":"<p><span style=\"color: #003366;\"><strong><em>En el \u00faltimo mes, los combustibles se incrementaron exponencialmente y ahorrarlo resulta necesario. Una de las funciones que m\u00e1s consume es el aire acondicionado, pero hay algunas recomendaciones que pueden ayudar en verano.<\/em><\/strong><\/span><\/p>\n<p><!--more--><\/p>\n<hr \/>\n<p>Con los aumentos de la nafta del \u00faltimo mes, es necesario conocer qu\u00e9 h\u00e1bitos consumen m\u00e1s combustible. Uno de ellos es el uso del aire acondicionado, cuyo uso se incrementa en verano.<\/p>\n<p>De acuerdo a la Gu\u00eda de Conducci\u00f3n Eficiente para Veh\u00edculos Livianos de la Secretar\u00eda de Energ\u00eda, el aire acondicionado puede aumentar el uso de combustible hasta un 25%, lo cual equivale a un consumo aproximado de 300 litros por a\u00f1o.<\/p>\n<h3><span style=\"color: #003366;\"><strong>\u00bfC\u00f3mo hacer para que el aire acondicionado del auto consuma menos nafta?<\/strong><\/span><\/h3>\n<p>Sin embargo, hay algunos trucos que permiten utilizarlo y ahorrar combustible. Uno de ellos es ventilar el veh\u00edculo abriendo las puertas o ventanillas antes de arrancar el motor. Se recomienda dejarlas abiertas unos minutos mientras se empieza a circular.<\/p>\n<p>No obstante, no es lo m\u00e1s conveniente que las ventanillas permanezcan bajas cuando se conduce a velocidades mayores a 80 km\/h ya que en ese momento se modifica el coeficiente aerodin\u00e1mico del veh\u00edculo, provocando una mayor resistencia al movimiento del veh\u00edculo y, por lo tanto, mayor esfuerzo del motor. A velocidades altas, el aire acondicionado es m\u00e1s eficiente siempre y cuando se coloque a una temperatura moderada: entre 21\u00b0 y 23\u00b0.<\/p>\n<p>Orientar las salidas de aire es otra opci\u00f3n para enviar fr\u00edo al lugar del que proviene el calor.<\/p>\n<p>Tambi\u00e9n, ayuda a ahorrar hasta un 30% de combustible y a que se enfr\u00ede m\u00e1s r\u00e1pido el auto el encendido del recirculador durante algunos minutos.<\/p>\n<p><em>\u201cEn los sistemas manuales o de comando manual, tener siempre la precauci\u00f3n de que, al momento de encendido del motor, el aire acondicionado se encuentre apagado desde el inicio, que es el momento donde m\u00e1s consumo podemos tener y vamos a estar restando fuerza al veh\u00edculo\u201d<\/em>, dijo Luis Toso, director de Automotive Regional Services.<\/p>\n<h3><span style=\"color: #003366;\"><strong>Otros consejos para ahorrar combustible<\/strong><\/span><\/h3>\n<p>Otra recomendaci\u00f3n no menor para gastar menos nafta es evitar la aceleraci\u00f3n y el frenado innecesarios. En el movimiento de un veh\u00edculo, la energ\u00eda es necesaria para acelerarlo, para lo cual se utiliza la mayor parte del combustible, as\u00ed como para superar la resistencia del aire, lo que es bastante insignificante a bajas velocidades.<\/p>\n<p><em>\u201cLas aceleraciones y desaceleraciones sucesivas afectan severamente al consumo de combustible. Por ejemplo, variar entre 75 km\/h y 85 km\/h cada 18 segundos puede aumentar el consumo en un 20% (Natural Resources Canada NRCan, 2016b). En cambio, manejar a una velocidad moderada y constante requiere menos energ\u00eda. La potencia m\u00e1xima de un motor s\u00f3lo se utiliza durante aceleraciones fuertes o a velocidades altas. Cuando un veh\u00edculo frena, la energ\u00eda se pierde\u201d<\/em>, indica el informe de Energ\u00eda.<\/p>\n<p>Por su parte, Salvador Gil, Ingeniero en Energ\u00eda de la UNSAM, dio algunos otros tips que ayudar\u00e1n a gastar menos combustible:<\/p>\n<ul>\n<li>Conducci\u00f3n eficiente y segura. Tr\u00e1nsito lento en ciudades.<\/li>\n<li>El consumo depende del peso del veh\u00edculo y fricci\u00f3n con el aire. Ambas perdidas de energ\u00eda son proporcionales al cubo de la velocidad. Si la velocidad aumenta al doble, el consumo se multiplica por 8.<\/li>\n<li>Alivianar el veh\u00edculo, no llevar carga de m\u00e1s.<\/li>\n<li>Porta equipajes aumentan la resistencia con el aire.<\/li>\n<li>En verano dejar el veh\u00edculo en la sombra. Usar pantallas solares o parasoles en los vidrios cuando se lo deja al sol.<\/li>\n<li>Presi\u00f3n de los neum\u00e1ticos: ruedas con poca presi\u00f3n aumentan el consumo en un 5% al 3%.<\/li>\n<li>Mantener limpios los filtros de aire y aceite, seg\u00fan indica el servicio del veh\u00edculo.<\/li>\n<\/ul>\n<h3><span style=\"color: #003366;\"><strong>\u00bfCu\u00e1nto aument\u00f3 la nafta en diciembre?<\/strong><\/span><\/h3>\n<p>El ahorro de combustible resulta necesario en un marco de fuertes aumentos: el primer gran aumento se produjo en la \u00faltima semana del gobierno de Alberto Fern\u00e1ndez, cuando las petroleras aplicaron un ajuste promedio del 30% en el precio final de los destilados, aprovechando el fin del congelamiento firmado con la gesti\u00f3n anterior.<\/p>\n<p>Luego, tras el salto del d\u00f3lar oficial que se dio el mi\u00e9rcoles 13 de diciembre, los valores volvieron a dispararse. A pocas horas del debut del nuevo precio del d\u00f3lar, las compa\u00f1\u00edas aplicaron aumentos de entre el 30 y el 37% en todos sus productos.<\/p>\n<p>As\u00ed, 2023 cerr\u00f3 con un aumento de combustibles del 260% en total, de acuerdo a declaraciones del presidente de la C\u00e1mara de Empresarios de Combustibles, Ra\u00fal Castellanos. Adem\u00e1s, en la primera semana de enero las petroleras ya aplicaron otra suba de 27%.<\/p>\n<h3><span style=\"color: #003366;\"><strong>\u00bfCu\u00e1nto cuesta pasar el auto de nafta a gas?<\/strong><\/span><\/h3>\n<p>En este contexto, muchos eval\u00faan la posibilidad de cambiar el auto a Gas Natural Comprimido (GNC), combustible que es m\u00e1s econ\u00f3mico ya que consume menos. Adem\u00e1s, seg\u00fan Gil, el auto tendr\u00e1 entre un 7 y un 15% m\u00e1s de energ\u00eda.<\/p>\n<p>El especialista tambi\u00e9n destac\u00f3 que cuanto m\u00e1s se utiliza el veh\u00edculo, por ejemplo, el caso de un taxi, el dinero invertido en el cambio se podr\u00eda amortizar en menos de un a\u00f1o. Ahora bien, en el caso de una persona que utiliza el auto para ir al trabajo y hacer alg\u00fan viaje de fin de semana recorre en promedio 12.000 km al a\u00f1o, por lo que el plazo de amortizaci\u00f3n se extiende a 3-4 a\u00f1os.<\/p>\n<p>En tanto, de acuerdo a Toso, tambi\u00e9n hay que considerar que muchas veces la performance del veh\u00edculo no es la misma que para lo cual fue dise\u00f1ado con el combustible de f\u00e1brica original. Alguna de las caracter\u00edsticas que pueden cambiar es la potencia.<\/p>\n<p>Seg\u00fan Toso, el costo de cambiar de nafta a gas es de entre $700.000 y $1.000.000, dependiendo el nivel de tecnolog\u00eda que se est\u00e9 ofreciendo y la del auto.<\/p>\n<p><em>(Infobae)<\/em><\/p>\n","protected":false},"excerpt":{"rendered":"<p>En el \u00faltimo mes, los combustibles se incrementaron exponencialmente y ahorrarlo resulta necesario. Una de las funciones que m\u00e1s consume es el aire acondicionado, pero [&hellip;]<\/p>\n","protected":false},"author":1,"featured_media":2495,"comment_status":"open","ping_status":"closed","sticky":false,"template":"","format":"standard","meta":{"footnotes":""},"categories":[10],"tags":[],"class_list":["post-2494","post","type-post","status-publish","format-standard","has-post-thumbnail","hentry","category-economia"],"better_featured_image":{"id":2495,"alt_text":"","caption":"","description":"","media_type":"image","media_details":{"width":720,"height":405,"file":"2024\/01\/nafta-e1705013395392.jpg","filesize":55673,"sizes":{"medium":{"file":"nafta-300x169.jpg","width":300,"height":169,"mime-type":"image\/jpeg","filesize":11024,"source_url":"https:\/\/nuevodigitaldeescobar.com.ar\/wp-content\/uploads\/2024\/01\/nafta-300x169.jpg"},"thumbnail":{"file":"nafta-150x150.jpg","width":150,"height":150,"mime-type":"image\/jpeg","filesize":5798,"source_url":"https:\/\/nuevodigitaldeescobar.com.ar\/wp-content\/uploads\/2024\/01\/nafta-150x150.jpg"},"covernews-medium":{"file":"nafta-540x340.jpg","width":540,"height":340,"mime-type":"image\/jpeg","filesize":27609,"source_url":"https:\/\/nuevodigitaldeescobar.com.ar\/wp-content\/uploads\/2024\/01\/nafta-540x340.jpg"},"covernews-medium-square":{"file":"nafta-400x250.jpg","width":400,"height":250,"mime-type":"image\/jpeg","filesize":17918,"source_url":"https:\/\/nuevodigitaldeescobar.com.ar\/wp-content\/uploads\/2024\/01\/nafta-400x250.jpg"}},"image_meta":{"aperture":"0","credit":"","camera":"","caption":"","created_timestamp":"0","copyright":"","focal_length":"0","iso":"0","shutter_speed":"0","title":"","orientation":"0","keywords":[]}},"post":2494,"source_url":"https:\/\/nuevodigitaldeescobar.com.ar\/wp-content\/uploads\/2024\/01\/nafta-e1705013395392.jpg"},"yoast_head":"<!-- This site is optimized with the Yoast SEO plugin v26.1.1 - https:\/\/yoast.com\/wordpress\/plugins\/seo\/ -->\n<title>\u00bfCu\u00e1nta nafta consume el aire acondicionado del auto? - Nuevo Digital de Escobar<\/title>\n<meta name=\"robots\" content=\"index, follow, max-snippet:-1, max-image-preview:large, max-video-preview:-1\" \/>\n<link rel=\"canonical\" href=\"https:\/\/nuevodigitaldeescobar.com.ar\/?p=2494\" \/>\n<meta property=\"og:locale\" content=\"es_ES\" \/>\n<meta property=\"og:type\" content=\"article\" \/>\n<meta property=\"og:title\" content=\"\u00bfCu\u00e1nta nafta consume el aire acondicionado del auto? - Nuevo Digital de Escobar\" \/>\n<meta property=\"og:description\" content=\"En el \u00faltimo mes, los combustibles se incrementaron exponencialmente y ahorrarlo resulta necesario. Una de las funciones que m\u00e1s consume es el aire acondicionado, pero [&hellip;]\" \/>\n<meta property=\"og:url\" content=\"https:\/\/nuevodigitaldeescobar.com.ar\/?p=2494\" \/>\n<meta property=\"og:site_name\" content=\"Nuevo Digital de Escobar\" \/>\n<meta property=\"article:publisher\" content=\"https:\/\/www.facebook.com\/NUEVODigitalDeEscobar\" \/>\n<meta property=\"article:published_time\" content=\"2024-01-14T10:00:00+00:00\" \/>\n<meta property=\"og:image\" content=\"https:\/\/nuevodigitaldeescobar.com.ar\/wp-content\/uploads\/2024\/01\/nafta-e1705013395392.jpg\" \/>\n\t<meta property=\"og:image:width\" content=\"720\" \/>\n\t<meta property=\"og:image:height\" content=\"405\" \/>\n\t<meta property=\"og:image:type\" content=\"image\/jpeg\" \/>\n<meta name=\"author\" content=\"Redacci\u00f3n\" \/>\n<meta name=\"twitter:card\" content=\"summary_large_image\" \/>\n<meta name=\"twitter:creator\" content=\"@nuevodigescobar\" \/>\n<meta name=\"twitter:site\" content=\"@nuevodigescobar\" \/>\n<meta name=\"twitter:label1\" content=\"Escrito por\" \/>\n\t<meta name=\"twitter:data1\" content=\"Redacci\u00f3n\" \/>\n\t<meta name=\"twitter:label2\" content=\"Tiempo de lectura\" \/>\n\t<meta name=\"twitter:data2\" content=\"5 minutos\" \/>\n<script type=\"application\/ld+json\" class=\"yoast-schema-graph\">{\"@context\":\"https:\/\/schema.org\",\"@graph\":[{\"@type\":\"Article\",\"@id\":\"https:\/\/nuevodigitaldeescobar.com.ar\/?p=2494#article\",\"isPartOf\":{\"@id\":\"https:\/\/nuevodigitaldeescobar.com.ar\/?p=2494\"},\"author\":{\"name\":\"Redacci\u00f3n\",\"@id\":\"https:\/\/nuevodigitaldeescobar.com.ar\/#\/schema\/person\/035e90a8efe9a80e6eec22656ad6ea4c\"},\"headline\":\"\u00bfCu\u00e1nta nafta consume el aire acondicionado del auto?\",\"datePublished\":\"2024-01-14T10:00:00+00:00\",\"mainEntityOfPage\":{\"@id\":\"https:\/\/nuevodigitaldeescobar.com.ar\/?p=2494\"},\"wordCount\":1005,\"commentCount\":0,\"publisher\":{\"@id\":\"https:\/\/nuevodigitaldeescobar.com.ar\/#organization\"},\"image\":{\"@id\":\"https:\/\/nuevodigitaldeescobar.com.ar\/?p=2494#primaryimage\"},\"thumbnailUrl\":\"https:\/\/nuevodigitaldeescobar.com.ar\/wp-content\/uploads\/2024\/01\/nafta-e1705013395392.jpg\",\"articleSection\":[\"Econom\u00eda\"],\"inLanguage\":\"es\",\"potentialAction\":[{\"@type\":\"CommentAction\",\"name\":\"Comment\",\"target\":[\"https:\/\/nuevodigitaldeescobar.com.ar\/?p=2494#respond\"]}]},{\"@type\":\"WebPage\",\"@id\":\"https:\/\/nuevodigitaldeescobar.com.ar\/?p=2494\",\"url\":\"https:\/\/nuevodigitaldeescobar.com.ar\/?p=2494\",\"name\":\"\u00bfCu\u00e1nta nafta consume el aire acondicionado del auto? - Nuevo Digital de Escobar\",\"isPartOf\":{\"@id\":\"https:\/\/nuevodigitaldeescobar.com.ar\/#website\"},\"primaryImageOfPage\":{\"@id\":\"https:\/\/nuevodigitaldeescobar.com.ar\/?p=2494#primaryimage\"},\"image\":{\"@id\":\"https:\/\/nuevodigitaldeescobar.com.ar\/?p=2494#primaryimage\"},\"thumbnailUrl\":\"https:\/\/nuevodigitaldeescobar.com.ar\/wp-content\/uploads\/2024\/01\/nafta-e1705013395392.jpg\",\"datePublished\":\"2024-01-14T10:00:00+00:00\",\"breadcrumb\":{\"@id\":\"https:\/\/nuevodigitaldeescobar.com.ar\/?p=2494#breadcrumb\"},\"inLanguage\":\"es\",\"potentialAction\":[{\"@type\":\"ReadAction\",\"target\":[\"https:\/\/nuevodigitaldeescobar.com.ar\/?p=2494\"]}]},{\"@type\":\"ImageObject\",\"inLanguage\":\"es\",\"@id\":\"https:\/\/nuevodigitaldeescobar.com.ar\/?p=2494#primaryimage\",\"url\":\"https:\/\/nuevodigitaldeescobar.com.ar\/wp-content\/uploads\/2024\/01\/nafta-e1705013395392.jpg\",\"contentUrl\":\"https:\/\/nuevodigitaldeescobar.com.ar\/wp-content\/uploads\/2024\/01\/nafta-e1705013395392.jpg\",\"width\":720,\"height\":405},{\"@type\":\"BreadcrumbList\",\"@id\":\"https:\/\/nuevodigitaldeescobar.com.ar\/?p=2494#breadcrumb\",\"itemListElement\":[{\"@type\":\"ListItem\",\"position\":1,\"name\":\"Portada\",\"item\":\"https:\/\/nuevodigitaldeescobar.com.ar\/\"},{\"@type\":\"ListItem\",\"position\":2,\"name\":\"\u00bfCu\u00e1nta nafta consume el aire acondicionado del auto?\"}]},{\"@type\":\"WebSite\",\"@id\":\"https:\/\/nuevodigitaldeescobar.com.ar\/#website\",\"url\":\"https:\/\/nuevodigitaldeescobar.com.ar\/\",\"name\":\"Nuevo Digital de Escobar\",\"description\":\"La vida escobarense. Directora: Rosana Brunner\",\"publisher\":{\"@id\":\"https:\/\/nuevodigitaldeescobar.com.ar\/#organization\"},\"potentialAction\":[{\"@type\":\"SearchAction\",\"target\":{\"@type\":\"EntryPoint\",\"urlTemplate\":\"https:\/\/nuevodigitaldeescobar.com.ar\/?s={search_term_string}\"},\"query-input\":{\"@type\":\"PropertyValueSpecification\",\"valueRequired\":true,\"valueName\":\"search_term_string\"}}],\"inLanguage\":\"es\"},{\"@type\":\"Organization\",\"@id\":\"https:\/\/nuevodigitaldeescobar.com.ar\/#organization\",\"name\":\"Nuevo Digital de Escobar\",\"url\":\"https:\/\/nuevodigitaldeescobar.com.ar\/\",\"logo\":{\"@type\":\"ImageObject\",\"inLanguage\":\"es\",\"@id\":\"https:\/\/nuevodigitaldeescobar.com.ar\/#\/schema\/logo\/image\/\",\"url\":\"https:\/\/nuevodigitaldeescobar.com.ar\/wp-content\/uploads\/2025\/05\/cropped-logo-nuevo2.jpg\",\"contentUrl\":\"https:\/\/nuevodigitaldeescobar.com.ar\/wp-content\/uploads\/2025\/05\/cropped-logo-nuevo2.jpg\",\"width\":305,\"height\":305,\"caption\":\"Nuevo Digital de Escobar\"},\"image\":{\"@id\":\"https:\/\/nuevodigitaldeescobar.com.ar\/#\/schema\/logo\/image\/\"},\"sameAs\":[\"https:\/\/www.facebook.com\/NUEVODigitalDeEscobar\",\"https:\/\/x.com\/nuevodigescobar\",\"https:\/\/www.instagram.com\/nuevodigitaldeescobar\"]},{\"@type\":\"Person\",\"@id\":\"https:\/\/nuevodigitaldeescobar.com.ar\/#\/schema\/person\/035e90a8efe9a80e6eec22656ad6ea4c\",\"name\":\"Redacci\u00f3n\",\"image\":{\"@type\":\"ImageObject\",\"inLanguage\":\"es\",\"@id\":\"https:\/\/nuevodigitaldeescobar.com.ar\/#\/schema\/person\/image\/\",\"url\":\"https:\/\/secure.gravatar.com\/avatar\/8af8f40000c24e9eef3034f2be5998a372bb1389e64b1a4a36b3a7979142220d?s=96&d=mm&r=g\",\"contentUrl\":\"https:\/\/secure.gravatar.com\/avatar\/8af8f40000c24e9eef3034f2be5998a372bb1389e64b1a4a36b3a7979142220d?s=96&d=mm&r=g\",\"caption\":\"Redacci\u00f3n\"},\"sameAs\":[\"http:\/\/nuevodigitaldeescobar.com.ar\"],\"url\":\"https:\/\/nuevodigitaldeescobar.com.ar\/?author=1\"}]}<\/script>\n<!-- \/ Yoast SEO plugin. -->","yoast_head_json":{"title":"\u00bfCu\u00e1nta nafta consume el aire acondicionado del auto? - Nuevo Digital de Escobar","robots":{"index":"index","follow":"follow","max-snippet":"max-snippet:-1","max-image-preview":"max-image-preview:large","max-video-preview":"max-video-preview:-1"},"canonical":"https:\/\/nuevodigitaldeescobar.com.ar\/?p=2494","og_locale":"es_ES","og_type":"article","og_title":"\u00bfCu\u00e1nta nafta consume el aire acondicionado del auto? - Nuevo Digital de Escobar","og_description":"En el \u00faltimo mes, los combustibles se incrementaron exponencialmente y ahorrarlo resulta necesario. Una de las funciones que m\u00e1s consume es el aire acondicionado, pero [&hellip;]","og_url":"https:\/\/nuevodigitaldeescobar.com.ar\/?p=2494","og_site_name":"Nuevo Digital de Escobar","article_publisher":"https:\/\/www.facebook.com\/NUEVODigitalDeEscobar","article_published_time":"2024-01-14T10:00:00+00:00","og_image":[{"width":720,"height":405,"url":"https:\/\/nuevodigitaldeescobar.com.ar\/wp-content\/uploads\/2024\/01\/nafta-e1705013395392.jpg","type":"image\/jpeg"}],"author":"Redacci\u00f3n","twitter_card":"summary_large_image","twitter_creator":"@nuevodigescobar","twitter_site":"@nuevodigescobar","twitter_misc":{"Escrito por":"Redacci\u00f3n","Tiempo de lectura":"5 minutos"},"schema":{"@context":"https:\/\/schema.org","@graph":[{"@type":"Article","@id":"https:\/\/nuevodigitaldeescobar.com.ar\/?p=2494#article","isPartOf":{"@id":"https:\/\/nuevodigitaldeescobar.com.ar\/?p=2494"},"author":{"name":"Redacci\u00f3n","@id":"https:\/\/nuevodigitaldeescobar.com.ar\/#\/schema\/person\/035e90a8efe9a80e6eec22656ad6ea4c"},"headline":"\u00bfCu\u00e1nta nafta consume el aire acondicionado del auto?","datePublished":"2024-01-14T10:00:00+00:00","mainEntityOfPage":{"@id":"https:\/\/nuevodigitaldeescobar.com.ar\/?p=2494"},"wordCount":1005,"commentCount":0,"publisher":{"@id":"https:\/\/nuevodigitaldeescobar.com.ar\/#organization"},"image":{"@id":"https:\/\/nuevodigitaldeescobar.com.ar\/?p=2494#primaryimage"},"thumbnailUrl":"https:\/\/nuevodigitaldeescobar.com.ar\/wp-content\/uploads\/2024\/01\/nafta-e1705013395392.jpg","articleSection":["Econom\u00eda"],"inLanguage":"es","potentialAction":[{"@type":"CommentAction","name":"Comment","target":["https:\/\/nuevodigitaldeescobar.com.ar\/?p=2494#respond"]}]},{"@type":"WebPage","@id":"https:\/\/nuevodigitaldeescobar.com.ar\/?p=2494","url":"https:\/\/nuevodigitaldeescobar.com.ar\/?p=2494","name":"\u00bfCu\u00e1nta nafta consume el aire acondicionado del auto? - Nuevo Digital de Escobar","isPartOf":{"@id":"https:\/\/nuevodigitaldeescobar.com.ar\/#website"},"primaryImageOfPage":{"@id":"https:\/\/nuevodigitaldeescobar.com.ar\/?p=2494#primaryimage"},"image":{"@id":"https:\/\/nuevodigitaldeescobar.com.ar\/?p=2494#primaryimage"},"thumbnailUrl":"https:\/\/nuevodigitaldeescobar.com.ar\/wp-content\/uploads\/2024\/01\/nafta-e1705013395392.jpg","datePublished":"2024-01-14T10:00:00+00:00","breadcrumb":{"@id":"https:\/\/nuevodigitaldeescobar.com.ar\/?p=2494#breadcrumb"},"inLanguage":"es","potentialAction":[{"@type":"ReadAction","target":["https:\/\/nuevodigitaldeescobar.com.ar\/?p=2494"]}]},{"@type":"ImageObject","inLanguage":"es","@id":"https:\/\/nuevodigitaldeescobar.com.ar\/?p=2494#primaryimage","url":"https:\/\/nuevodigitaldeescobar.com.ar\/wp-content\/uploads\/2024\/01\/nafta-e1705013395392.jpg","contentUrl":"https:\/\/nuevodigitaldeescobar.com.ar\/wp-content\/uploads\/2024\/01\/nafta-e1705013395392.jpg","width":720,"height":405},{"@type":"BreadcrumbList","@id":"https:\/\/nuevodigitaldeescobar.com.ar\/?p=2494#breadcrumb","itemListElement":[{"@type":"ListItem","position":1,"name":"Portada","item":"https:\/\/nuevodigitaldeescobar.com.ar\/"},{"@type":"ListItem","position":2,"name":"\u00bfCu\u00e1nta nafta consume el aire acondicionado del auto?"}]},{"@type":"WebSite","@id":"https:\/\/nuevodigitaldeescobar.com.ar\/#website","url":"https:\/\/nuevodigitaldeescobar.com.ar\/","name":"Nuevo Digital de Escobar","description":"La vida escobarense. Directora: Rosana Brunner","publisher":{"@id":"https:\/\/nuevodigitaldeescobar.com.ar\/#organization"},"potentialAction":[{"@type":"SearchAction","target":{"@type":"EntryPoint","urlTemplate":"https:\/\/nuevodigitaldeescobar.com.ar\/?s={search_term_string}"},"query-input":{"@type":"PropertyValueSpecification","valueRequired":true,"valueName":"search_term_string"}}],"inLanguage":"es"},{"@type":"Organization","@id":"https:\/\/nuevodigitaldeescobar.com.ar\/#organization","name":"Nuevo Digital de Escobar","url":"https:\/\/nuevodigitaldeescobar.com.ar\/","logo":{"@type":"ImageObject","inLanguage":"es","@id":"https:\/\/nuevodigitaldeescobar.com.ar\/#\/schema\/logo\/image\/","url":"https:\/\/nuevodigitaldeescobar.com.ar\/wp-content\/uploads\/2025\/05\/cropped-logo-nuevo2.jpg","contentUrl":"https:\/\/nuevodigitaldeescobar.com.ar\/wp-content\/uploads\/2025\/05\/cropped-logo-nuevo2.jpg","width":305,"height":305,"caption":"Nuevo Digital de Escobar"},"image":{"@id":"https:\/\/nuevodigitaldeescobar.com.ar\/#\/schema\/logo\/image\/"},"sameAs":["https:\/\/www.facebook.com\/NUEVODigitalDeEscobar","https:\/\/x.com\/nuevodigescobar","https:\/\/www.instagram.com\/nuevodigitaldeescobar"]},{"@type":"Person","@id":"https:\/\/nuevodigitaldeescobar.com.ar\/#\/schema\/person\/035e90a8efe9a80e6eec22656ad6ea4c","name":"Redacci\u00f3n","image":{"@type":"ImageObject","inLanguage":"es","@id":"https:\/\/nuevodigitaldeescobar.com.ar\/#\/schema\/person\/image\/","url":"https:\/\/secure.gravatar.com\/avatar\/8af8f40000c24e9eef3034f2be5998a372bb1389e64b1a4a36b3a7979142220d?s=96&d=mm&r=g","contentUrl":"https:\/\/secure.gravatar.com\/avatar\/8af8f40000c24e9eef3034f2be5998a372bb1389e64b1a4a36b3a7979142220d?s=96&d=mm&r=g","caption":"Redacci\u00f3n"},"sameAs":["http:\/\/nuevodigitaldeescobar.com.ar"],"url":"https:\/\/nuevodigitaldeescobar.com.ar\/?author=1"}]}},"featured_image_urls":{"full":["https:\/\/nuevodigitaldeescobar.com.ar\/wp-content\/uploads\/2024\/01\/nafta-e1705013395392.jpg",720,405,false],"thumbnail":["https:\/\/nuevodigitaldeescobar.com.ar\/wp-content\/uploads\/2024\/01\/nafta-150x150.jpg",150,150,true],"medium":["https:\/\/nuevodigitaldeescobar.com.ar\/wp-content\/uploads\/2024\/01\/nafta-300x169.jpg",300,169,true],"medium_large":["https:\/\/nuevodigitaldeescobar.com.ar\/wp-content\/uploads\/2024\/01\/nafta-e1705013395392.jpg",640,360,false],"large":["https:\/\/nuevodigitaldeescobar.com.ar\/wp-content\/uploads\/2024\/01\/nafta-e1705013395392.jpg",640,360,false],"1536x1536":["https:\/\/nuevodigitaldeescobar.com.ar\/wp-content\/uploads\/2024\/01\/nafta-e1705013395392.jpg",720,405,false],"2048x2048":["https:\/\/nuevodigitaldeescobar.com.ar\/wp-content\/uploads\/2024\/01\/nafta-e1705013395392.jpg",720,405,false]},"author_info":{"display_name":"Redacci\u00f3n","author_link":"https:\/\/nuevodigitaldeescobar.com.ar\/?author=1"},"category_info":"<a href=\"https:\/\/nuevodigitaldeescobar.com.ar\/?cat=10\" rel=\"category\">Econom\u00eda<\/a>","tag_info":"Econom\u00eda","comment_count":"0","_links":{"self":[{"href":"https:\/\/nuevodigitaldeescobar.com.ar\/index.php?rest_route=\/wp\/v2\/posts\/2494","targetHints":{"allow":["GET"]}}],"collection":[{"href":"https:\/\/nuevodigitaldeescobar.com.ar\/index.php?rest_route=\/wp\/v2\/posts"}],"about":[{"href":"https:\/\/nuevodigitaldeescobar.com.ar\/index.php?rest_route=\/wp\/v2\/types\/post"}],"author":[{"embeddable":true,"href":"https:\/\/nuevodigitaldeescobar.com.ar\/index.php?rest_route=\/wp\/v2\/users\/1"}],"replies":[{"embeddable":true,"href":"https:\/\/nuevodigitaldeescobar.com.ar\/index.php?rest_route=%2Fwp%2Fv2%2Fcomments&post=2494"}],"version-history":[{"count":1,"href":"https:\/\/nuevodigitaldeescobar.com.ar\/index.php?rest_route=\/wp\/v2\/posts\/2494\/revisions"}],"predecessor-version":[{"id":2496,"href":"https:\/\/nuevodigitaldeescobar.com.ar\/index.php?rest_route=\/wp\/v2\/posts\/2494\/revisions\/2496"}],"wp:featuredmedia":[{"embeddable":true,"href":"https:\/\/nuevodigitaldeescobar.com.ar\/index.php?rest_route=\/wp\/v2\/media\/2495"}],"wp:attachment":[{"href":"https:\/\/nuevodigitaldeescobar.com.ar\/index.php?rest_route=%2Fwp%2Fv2%2Fmedia&parent=2494"}],"wp:term":[{"taxonomy":"category","embeddable":true,"href":"https:\/\/nuevodigitaldeescobar.com.ar\/index.php?rest_route=%2Fwp%2Fv2%2Fcategories&post=2494"},{"taxonomy":"post_tag","embeddable":true,"href":"https:\/\/nuevodigitaldeescobar.com.ar\/index.php?rest_route=%2Fwp%2Fv2%2Ftags&post=2494"}],"curies":[{"name":"wp","href":"https:\/\/api.w.org\/{rel}","templated":true}]}}