{"id":2564,"date":"2024-01-15T07:00:00","date_gmt":"2024-01-15T10:00:00","guid":{"rendered":"https:\/\/nuevodigitaldeescobar.com.ar\/?p=2564"},"modified":"2024-01-15T05:34:49","modified_gmt":"2024-01-15T08:34:49","slug":"el-gobierno-planea-armar-una-fiscalia-especial-enfocada-en-la-lucha-contra-la-corrupcion","status":"publish","type":"post","link":"https:\/\/nuevodigitaldeescobar.com.ar\/?p=2564","title":{"rendered":"El Gobierno planea armar una fiscal\u00eda especial enfocada en la lucha contra la corrupci\u00f3n"},"content":{"rendered":"<p><span style=\"color: #003366;\"><strong><em>Mariano C\u00faneo Libarona, titular del ministerio de Justicia, sostuvo que la lucha contra la corrupci\u00f3n \u00abes prioridad\u00bb y, adem\u00e1s, habl\u00f3 sobre la posibilidad de establecer una baja de la edad de imputabilidad, como la implementaci\u00f3n del juicio por jurados.<\/em><\/strong><\/span><\/p>\n<p>El Gobierno nacional proyecta el armado de una fiscal\u00eda especial que plantea el objetivo de luchar contra la corrupci\u00f3n, una de las prioridades que persigue el Poder Ejecutivo, al igual que cuestiones vinculadas a la detenci\u00f3n del narcotr\u00e1fico y la trata de personas.<\/p>\n<p>As\u00ed lo hizo saber este domingo, en declaraciones radiales, el ministro de Justicia nacional, Mariano C\u00faneo Libarona, puntualizando en una de las <em>\u00abprioridades\u00bb<\/em> que mantiene en carpeta el Gobierno de Javier Milei como el armado de una <em>\u00abfiscal\u00eda especial dedicada a combatir la corrupci\u00f3n\u00bb<\/em>.<\/p>\n<p><em>\u00abLa lucha contra la corrupci\u00f3n es prioridad, hay algunas cosas que descubrimos que se van a denunciar\u00bb<\/em>, adelant\u00f3 C\u00faneo Libarona, quien asegur\u00f3 que el ministerio de Justicia acompa\u00f1ar\u00e1 a dicha fiscal\u00eda como una <em>\u00abherramienta de apoyo para los fiscales y jueces para que cumplan sus tareas\u00bb<\/em>.<\/p>\n<p>Adem\u00e1s, remarc\u00f3 que <em>\u00aba trav\u00e9s de la Oficina Anticorrupci\u00f3n haremos todas las denuncias que hagan falta\u00bb<\/em>, asegurando que <em>\u00abnosotros no podemos perseguir\u00bb<\/em> ya que <em>\u00abes trabajo del Ministerio P\u00fablico\u00bb<\/em>.<\/p>\n<p><em>\u00abQue se quede tranquila la ciudadan\u00eda, vamos con todo contra el delito. Se va a atacar m\u00e1s que antes a la corrupci\u00f3n\u00bb<\/em>, asegur\u00f3 el abogado, aclarando que <em>\u00abno desaparece la persecuci\u00f3n\u00bb<\/em> contra la corrupci\u00f3n, pero que se llevar\u00e1 adelante <em>\u00aba trav\u00e9s de los organismos correspondientes\u00bb<\/em>.<\/p>\n<h3><span style=\"color: #003366;\"><strong>Baja de la edad de imputabilidad, uno de los planteos del Gobierno<\/strong><\/span><\/h3>\n<p>La baja de la edad de imputabilidad de un menor para que vaya a la c\u00e1rcel es uno de los temas que se baraj\u00f3 en la pol\u00edtica pero que no se lleg\u00f3 a profundizar en la cuesti\u00f3n.<\/p>\n<p>Sin embargo, C\u00faneo Libarona admiti\u00f3 que la gesti\u00f3n analiza reducirla hasta los 14 a\u00f1os, ya que <em>\u00abel chico ya muestra una personalidad que necesita atenci\u00f3n y sanci\u00f3n\u00bb<\/em>. <em>\u00abDividir por el tipo de delito carece de sentido\u00bb<\/em>, sostuvo, asegurando que ser\u00e1 importante cumplir con los pasos correspondientes como <em>\u00abla prevenci\u00f3n del delito, segundo el juicio y tercero y m\u00e1s importante, la reinserci\u00f3n a la sociedad\u00bb<\/em>.<\/p>\n<p>En ese sentido, profundiz\u00f3 en la idea de una <em>\u00abReeducaci\u00f3n, resocializaci\u00f3n, obligaci\u00f3n de estudio y obligaci\u00f3n de trabajo\u00bb<\/em>. <em>\u00abYo no creo en la sanci\u00f3n, yo creo que tenemos que darle herramientas para que pueda reinsertarse en la sociedad\u00bb<\/em>, dijo C\u00faneo Libarona, ya que <em>\u00abno sirve meter a un chico a un lugar que es un desastre\u00bb<\/em>.<\/p>\n<p>Otra de las ideas que persigue la cartera Justicia, es la implementaci\u00f3n de implementaci\u00f3n del juicio por jurados: <em>\u00abMe interesa la voluntad popular, nadie va a sospechar de un jurado\u00bb<\/em>. <em>\u00abLa toga te distingue\u00bb<\/em>, sostuvo el abogado, al expresar que la prenda de vestir representa la neutralidad e imparcialidad del juez.<\/p>\n<p>Por \u00faltimo, dijo que el elegido para ocupar el cargo de la Procuraci\u00f3n General de la Naci\u00f3n es Marcelo Lucini, y respecto a la vacante en la Corte Suprema, sostuvo que le gustar\u00eda que el espacio sea ocupado por una mujer, que reemplace a Elena Highton de Nolasco, quien renunci\u00f3 en octubre del a\u00f1o 2021.<\/p>\n<p><em>(Cr\u00f3nica)<\/em><\/p>\n","protected":false},"excerpt":{"rendered":"<p>Mariano C\u00faneo Libarona, titular del ministerio de Justicia, sostuvo que la lucha contra la corrupci\u00f3n \u00abes prioridad\u00bb y, adem\u00e1s, habl\u00f3 sobre la posibilidad de establecer [&hellip;]<\/p>\n","protected":false},"author":1,"featured_media":2565,"comment_status":"open","ping_status":"closed","sticky":false,"template":"","format":"standard","meta":{"footnotes":""},"categories":[61],"tags":[],"class_list":["post-2564","post","type-post","status-publish","format-standard","has-post-thumbnail","hentry","category-nacionales"],"better_featured_image":{"id":2565,"alt_text":"","caption":"","description":"","media_type":"image","media_details":{"width":720,"height":406,"file":"2024\/01\/mariano-cuneo-libarona.jpg","filesize":59602,"sizes":{"medium":{"file":"mariano-cuneo-libarona-300x169.jpg","width":300,"height":169,"mime-type":"image\/jpeg","filesize":10351,"source_url":"https:\/\/nuevodigitaldeescobar.com.ar\/wp-content\/uploads\/2024\/01\/mariano-cuneo-libarona-300x169.jpg"},"thumbnail":{"file":"mariano-cuneo-libarona-150x150.jpg","width":150,"height":150,"mime-type":"image\/jpeg","filesize":5120,"source_url":"https:\/\/nuevodigitaldeescobar.com.ar\/wp-content\/uploads\/2024\/01\/mariano-cuneo-libarona-150x150.jpg"},"covernews-medium":{"file":"mariano-cuneo-libarona-540x340.jpg","width":540,"height":340,"mime-type":"image\/jpeg","filesize":28150,"source_url":"https:\/\/nuevodigitaldeescobar.com.ar\/wp-content\/uploads\/2024\/01\/mariano-cuneo-libarona-540x340.jpg"},"covernews-medium-square":{"file":"mariano-cuneo-libarona-400x250.jpg","width":400,"height":250,"mime-type":"image\/jpeg","filesize":17626,"source_url":"https:\/\/nuevodigitaldeescobar.com.ar\/wp-content\/uploads\/2024\/01\/mariano-cuneo-libarona-400x250.jpg"}},"image_meta":{"aperture":"0","credit":"","camera":"","caption":"","created_timestamp":"0","copyright":"","focal_length":"0","iso":"0","shutter_speed":"0","title":"","orientation":"0","keywords":[]}},"post":2564,"source_url":"https:\/\/nuevodigitaldeescobar.com.ar\/wp-content\/uploads\/2024\/01\/mariano-cuneo-libarona.jpg"},"yoast_head":"<!-- This site is optimized with the Yoast SEO plugin v26.1.1 - https:\/\/yoast.com\/wordpress\/plugins\/seo\/ -->\n<title>El Gobierno planea armar una fiscal\u00eda especial enfocada en la lucha contra la corrupci\u00f3n - Nuevo Digital de Escobar<\/title>\n<meta name=\"robots\" content=\"index, follow, max-snippet:-1, max-image-preview:large, max-video-preview:-1\" \/>\n<link rel=\"canonical\" href=\"https:\/\/nuevodigitaldeescobar.com.ar\/?p=2564\" \/>\n<meta property=\"og:locale\" content=\"es_ES\" \/>\n<meta property=\"og:type\" content=\"article\" \/>\n<meta property=\"og:title\" content=\"El Gobierno planea armar una fiscal\u00eda especial enfocada en la lucha contra la corrupci\u00f3n - Nuevo Digital de Escobar\" \/>\n<meta property=\"og:description\" content=\"Mariano C\u00faneo Libarona, titular del ministerio de Justicia, sostuvo que la lucha contra la corrupci\u00f3n \u00abes prioridad\u00bb y, adem\u00e1s, habl\u00f3 sobre la posibilidad de establecer [&hellip;]\" \/>\n<meta property=\"og:url\" content=\"https:\/\/nuevodigitaldeescobar.com.ar\/?p=2564\" \/>\n<meta property=\"og:site_name\" content=\"Nuevo Digital de Escobar\" \/>\n<meta property=\"article:publisher\" content=\"https:\/\/www.facebook.com\/NUEVODigitalDeEscobar\" \/>\n<meta property=\"article:published_time\" content=\"2024-01-15T10:00:00+00:00\" \/>\n<meta property=\"og:image\" content=\"https:\/\/nuevodigitaldeescobar.com.ar\/wp-content\/uploads\/2024\/01\/mariano-cuneo-libarona.jpg\" \/>\n\t<meta property=\"og:image:width\" content=\"720\" \/>\n\t<meta property=\"og:image:height\" content=\"406\" \/>\n\t<meta property=\"og:image:type\" content=\"image\/jpeg\" \/>\n<meta name=\"author\" content=\"Redacci\u00f3n\" \/>\n<meta name=\"twitter:card\" content=\"summary_large_image\" \/>\n<meta name=\"twitter:creator\" content=\"@nuevodigescobar\" \/>\n<meta name=\"twitter:site\" content=\"@nuevodigescobar\" \/>\n<meta name=\"twitter:label1\" content=\"Escrito por\" \/>\n\t<meta name=\"twitter:data1\" content=\"Redacci\u00f3n\" \/>\n\t<meta name=\"twitter:label2\" content=\"Tiempo de lectura\" \/>\n\t<meta name=\"twitter:data2\" content=\"3 minutos\" \/>\n<script type=\"application\/ld+json\" class=\"yoast-schema-graph\">{\"@context\":\"https:\/\/schema.org\",\"@graph\":[{\"@type\":\"Article\",\"@id\":\"https:\/\/nuevodigitaldeescobar.com.ar\/?p=2564#article\",\"isPartOf\":{\"@id\":\"https:\/\/nuevodigitaldeescobar.com.ar\/?p=2564\"},\"author\":{\"name\":\"Redacci\u00f3n\",\"@id\":\"https:\/\/nuevodigitaldeescobar.com.ar\/#\/schema\/person\/035e90a8efe9a80e6eec22656ad6ea4c\"},\"headline\":\"El Gobierno planea armar una fiscal\u00eda especial enfocada en la lucha contra la corrupci\u00f3n\",\"datePublished\":\"2024-01-15T10:00:00+00:00\",\"mainEntityOfPage\":{\"@id\":\"https:\/\/nuevodigitaldeescobar.com.ar\/?p=2564\"},\"wordCount\":585,\"commentCount\":0,\"publisher\":{\"@id\":\"https:\/\/nuevodigitaldeescobar.com.ar\/#organization\"},\"image\":{\"@id\":\"https:\/\/nuevodigitaldeescobar.com.ar\/?p=2564#primaryimage\"},\"thumbnailUrl\":\"https:\/\/nuevodigitaldeescobar.com.ar\/wp-content\/uploads\/2024\/01\/mariano-cuneo-libarona.jpg\",\"articleSection\":[\"Nacionales\"],\"inLanguage\":\"es\",\"potentialAction\":[{\"@type\":\"CommentAction\",\"name\":\"Comment\",\"target\":[\"https:\/\/nuevodigitaldeescobar.com.ar\/?p=2564#respond\"]}]},{\"@type\":\"WebPage\",\"@id\":\"https:\/\/nuevodigitaldeescobar.com.ar\/?p=2564\",\"url\":\"https:\/\/nuevodigitaldeescobar.com.ar\/?p=2564\",\"name\":\"El Gobierno planea armar una fiscal\u00eda especial enfocada en la lucha contra la corrupci\u00f3n - Nuevo Digital de Escobar\",\"isPartOf\":{\"@id\":\"https:\/\/nuevodigitaldeescobar.com.ar\/#website\"},\"primaryImageOfPage\":{\"@id\":\"https:\/\/nuevodigitaldeescobar.com.ar\/?p=2564#primaryimage\"},\"image\":{\"@id\":\"https:\/\/nuevodigitaldeescobar.com.ar\/?p=2564#primaryimage\"},\"thumbnailUrl\":\"https:\/\/nuevodigitaldeescobar.com.ar\/wp-content\/uploads\/2024\/01\/mariano-cuneo-libarona.jpg\",\"datePublished\":\"2024-01-15T10:00:00+00:00\",\"breadcrumb\":{\"@id\":\"https:\/\/nuevodigitaldeescobar.com.ar\/?p=2564#breadcrumb\"},\"inLanguage\":\"es\",\"potentialAction\":[{\"@type\":\"ReadAction\",\"target\":[\"https:\/\/nuevodigitaldeescobar.com.ar\/?p=2564\"]}]},{\"@type\":\"ImageObject\",\"inLanguage\":\"es\",\"@id\":\"https:\/\/nuevodigitaldeescobar.com.ar\/?p=2564#primaryimage\",\"url\":\"https:\/\/nuevodigitaldeescobar.com.ar\/wp-content\/uploads\/2024\/01\/mariano-cuneo-libarona.jpg\",\"contentUrl\":\"https:\/\/nuevodigitaldeescobar.com.ar\/wp-content\/uploads\/2024\/01\/mariano-cuneo-libarona.jpg\",\"width\":720,\"height\":406},{\"@type\":\"BreadcrumbList\",\"@id\":\"https:\/\/nuevodigitaldeescobar.com.ar\/?p=2564#breadcrumb\",\"itemListElement\":[{\"@type\":\"ListItem\",\"position\":1,\"name\":\"Portada\",\"item\":\"https:\/\/nuevodigitaldeescobar.com.ar\/\"},{\"@type\":\"ListItem\",\"position\":2,\"name\":\"El Gobierno planea armar una fiscal\u00eda especial enfocada en la lucha contra la corrupci\u00f3n\"}]},{\"@type\":\"WebSite\",\"@id\":\"https:\/\/nuevodigitaldeescobar.com.ar\/#website\",\"url\":\"https:\/\/nuevodigitaldeescobar.com.ar\/\",\"name\":\"Nuevo Digital de Escobar\",\"description\":\"La vida escobarense. Directora: Rosana Brunner\",\"publisher\":{\"@id\":\"https:\/\/nuevodigitaldeescobar.com.ar\/#organization\"},\"potentialAction\":[{\"@type\":\"SearchAction\",\"target\":{\"@type\":\"EntryPoint\",\"urlTemplate\":\"https:\/\/nuevodigitaldeescobar.com.ar\/?s={search_term_string}\"},\"query-input\":{\"@type\":\"PropertyValueSpecification\",\"valueRequired\":true,\"valueName\":\"search_term_string\"}}],\"inLanguage\":\"es\"},{\"@type\":\"Organization\",\"@id\":\"https:\/\/nuevodigitaldeescobar.com.ar\/#organization\",\"name\":\"Nuevo Digital de Escobar\",\"url\":\"https:\/\/nuevodigitaldeescobar.com.ar\/\",\"logo\":{\"@type\":\"ImageObject\",\"inLanguage\":\"es\",\"@id\":\"https:\/\/nuevodigitaldeescobar.com.ar\/#\/schema\/logo\/image\/\",\"url\":\"https:\/\/nuevodigitaldeescobar.com.ar\/wp-content\/uploads\/2025\/05\/cropped-logo-nuevo2.jpg\",\"contentUrl\":\"https:\/\/nuevodigitaldeescobar.com.ar\/wp-content\/uploads\/2025\/05\/cropped-logo-nuevo2.jpg\",\"width\":305,\"height\":305,\"caption\":\"Nuevo Digital de Escobar\"},\"image\":{\"@id\":\"https:\/\/nuevodigitaldeescobar.com.ar\/#\/schema\/logo\/image\/\"},\"sameAs\":[\"https:\/\/www.facebook.com\/NUEVODigitalDeEscobar\",\"https:\/\/x.com\/nuevodigescobar\",\"https:\/\/www.instagram.com\/nuevodigitaldeescobar\"]},{\"@type\":\"Person\",\"@id\":\"https:\/\/nuevodigitaldeescobar.com.ar\/#\/schema\/person\/035e90a8efe9a80e6eec22656ad6ea4c\",\"name\":\"Redacci\u00f3n\",\"image\":{\"@type\":\"ImageObject\",\"inLanguage\":\"es\",\"@id\":\"https:\/\/nuevodigitaldeescobar.com.ar\/#\/schema\/person\/image\/\",\"url\":\"https:\/\/secure.gravatar.com\/avatar\/8af8f40000c24e9eef3034f2be5998a372bb1389e64b1a4a36b3a7979142220d?s=96&d=mm&r=g\",\"contentUrl\":\"https:\/\/secure.gravatar.com\/avatar\/8af8f40000c24e9eef3034f2be5998a372bb1389e64b1a4a36b3a7979142220d?s=96&d=mm&r=g\",\"caption\":\"Redacci\u00f3n\"},\"sameAs\":[\"http:\/\/nuevodigitaldeescobar.com.ar\"],\"url\":\"https:\/\/nuevodigitaldeescobar.com.ar\/?author=1\"}]}<\/script>\n<!-- \/ Yoast SEO plugin. -->","yoast_head_json":{"title":"El Gobierno planea armar una fiscal\u00eda especial enfocada en la lucha contra la corrupci\u00f3n - Nuevo Digital de Escobar","robots":{"index":"index","follow":"follow","max-snippet":"max-snippet:-1","max-image-preview":"max-image-preview:large","max-video-preview":"max-video-preview:-1"},"canonical":"https:\/\/nuevodigitaldeescobar.com.ar\/?p=2564","og_locale":"es_ES","og_type":"article","og_title":"El Gobierno planea armar una fiscal\u00eda especial enfocada en la lucha contra la corrupci\u00f3n - Nuevo Digital de Escobar","og_description":"Mariano C\u00faneo Libarona, titular del ministerio de Justicia, sostuvo que la lucha contra la corrupci\u00f3n \u00abes prioridad\u00bb y, adem\u00e1s, habl\u00f3 sobre la posibilidad de establecer [&hellip;]","og_url":"https:\/\/nuevodigitaldeescobar.com.ar\/?p=2564","og_site_name":"Nuevo Digital de Escobar","article_publisher":"https:\/\/www.facebook.com\/NUEVODigitalDeEscobar","article_published_time":"2024-01-15T10:00:00+00:00","og_image":[{"width":720,"height":406,"url":"https:\/\/nuevodigitaldeescobar.com.ar\/wp-content\/uploads\/2024\/01\/mariano-cuneo-libarona.jpg","type":"image\/jpeg"}],"author":"Redacci\u00f3n","twitter_card":"summary_large_image","twitter_creator":"@nuevodigescobar","twitter_site":"@nuevodigescobar","twitter_misc":{"Escrito por":"Redacci\u00f3n","Tiempo de lectura":"3 minutos"},"schema":{"@context":"https:\/\/schema.org","@graph":[{"@type":"Article","@id":"https:\/\/nuevodigitaldeescobar.com.ar\/?p=2564#article","isPartOf":{"@id":"https:\/\/nuevodigitaldeescobar.com.ar\/?p=2564"},"author":{"name":"Redacci\u00f3n","@id":"https:\/\/nuevodigitaldeescobar.com.ar\/#\/schema\/person\/035e90a8efe9a80e6eec22656ad6ea4c"},"headline":"El Gobierno planea armar una fiscal\u00eda especial enfocada en la lucha contra la corrupci\u00f3n","datePublished":"2024-01-15T10:00:00+00:00","mainEntityOfPage":{"@id":"https:\/\/nuevodigitaldeescobar.com.ar\/?p=2564"},"wordCount":585,"commentCount":0,"publisher":{"@id":"https:\/\/nuevodigitaldeescobar.com.ar\/#organization"},"image":{"@id":"https:\/\/nuevodigitaldeescobar.com.ar\/?p=2564#primaryimage"},"thumbnailUrl":"https:\/\/nuevodigitaldeescobar.com.ar\/wp-content\/uploads\/2024\/01\/mariano-cuneo-libarona.jpg","articleSection":["Nacionales"],"inLanguage":"es","potentialAction":[{"@type":"CommentAction","name":"Comment","target":["https:\/\/nuevodigitaldeescobar.com.ar\/?p=2564#respond"]}]},{"@type":"WebPage","@id":"https:\/\/nuevodigitaldeescobar.com.ar\/?p=2564","url":"https:\/\/nuevodigitaldeescobar.com.ar\/?p=2564","name":"El Gobierno planea armar una fiscal\u00eda especial enfocada en la lucha contra la corrupci\u00f3n - Nuevo Digital de Escobar","isPartOf":{"@id":"https:\/\/nuevodigitaldeescobar.com.ar\/#website"},"primaryImageOfPage":{"@id":"https:\/\/nuevodigitaldeescobar.com.ar\/?p=2564#primaryimage"},"image":{"@id":"https:\/\/nuevodigitaldeescobar.com.ar\/?p=2564#primaryimage"},"thumbnailUrl":"https:\/\/nuevodigitaldeescobar.com.ar\/wp-content\/uploads\/2024\/01\/mariano-cuneo-libarona.jpg","datePublished":"2024-01-15T10:00:00+00:00","breadcrumb":{"@id":"https:\/\/nuevodigitaldeescobar.com.ar\/?p=2564#breadcrumb"},"inLanguage":"es","potentialAction":[{"@type":"ReadAction","target":["https:\/\/nuevodigitaldeescobar.com.ar\/?p=2564"]}]},{"@type":"ImageObject","inLanguage":"es","@id":"https:\/\/nuevodigitaldeescobar.com.ar\/?p=2564#primaryimage","url":"https:\/\/nuevodigitaldeescobar.com.ar\/wp-content\/uploads\/2024\/01\/mariano-cuneo-libarona.jpg","contentUrl":"https:\/\/nuevodigitaldeescobar.com.ar\/wp-content\/uploads\/2024\/01\/mariano-cuneo-libarona.jpg","width":720,"height":406},{"@type":"BreadcrumbList","@id":"https:\/\/nuevodigitaldeescobar.com.ar\/?p=2564#breadcrumb","itemListElement":[{"@type":"ListItem","position":1,"name":"Portada","item":"https:\/\/nuevodigitaldeescobar.com.ar\/"},{"@type":"ListItem","position":2,"name":"El Gobierno planea armar una fiscal\u00eda especial enfocada en la lucha contra la corrupci\u00f3n"}]},{"@type":"WebSite","@id":"https:\/\/nuevodigitaldeescobar.com.ar\/#website","url":"https:\/\/nuevodigitaldeescobar.com.ar\/","name":"Nuevo Digital de Escobar","description":"La vida escobarense. Directora: Rosana Brunner","publisher":{"@id":"https:\/\/nuevodigitaldeescobar.com.ar\/#organization"},"potentialAction":[{"@type":"SearchAction","target":{"@type":"EntryPoint","urlTemplate":"https:\/\/nuevodigitaldeescobar.com.ar\/?s={search_term_string}"},"query-input":{"@type":"PropertyValueSpecification","valueRequired":true,"valueName":"search_term_string"}}],"inLanguage":"es"},{"@type":"Organization","@id":"https:\/\/nuevodigitaldeescobar.com.ar\/#organization","name":"Nuevo Digital de Escobar","url":"https:\/\/nuevodigitaldeescobar.com.ar\/","logo":{"@type":"ImageObject","inLanguage":"es","@id":"https:\/\/nuevodigitaldeescobar.com.ar\/#\/schema\/logo\/image\/","url":"https:\/\/nuevodigitaldeescobar.com.ar\/wp-content\/uploads\/2025\/05\/cropped-logo-nuevo2.jpg","contentUrl":"https:\/\/nuevodigitaldeescobar.com.ar\/wp-content\/uploads\/2025\/05\/cropped-logo-nuevo2.jpg","width":305,"height":305,"caption":"Nuevo Digital de Escobar"},"image":{"@id":"https:\/\/nuevodigitaldeescobar.com.ar\/#\/schema\/logo\/image\/"},"sameAs":["https:\/\/www.facebook.com\/NUEVODigitalDeEscobar","https:\/\/x.com\/nuevodigescobar","https:\/\/www.instagram.com\/nuevodigitaldeescobar"]},{"@type":"Person","@id":"https:\/\/nuevodigitaldeescobar.com.ar\/#\/schema\/person\/035e90a8efe9a80e6eec22656ad6ea4c","name":"Redacci\u00f3n","image":{"@type":"ImageObject","inLanguage":"es","@id":"https:\/\/nuevodigitaldeescobar.com.ar\/#\/schema\/person\/image\/","url":"https:\/\/secure.gravatar.com\/avatar\/8af8f40000c24e9eef3034f2be5998a372bb1389e64b1a4a36b3a7979142220d?s=96&d=mm&r=g","contentUrl":"https:\/\/secure.gravatar.com\/avatar\/8af8f40000c24e9eef3034f2be5998a372bb1389e64b1a4a36b3a7979142220d?s=96&d=mm&r=g","caption":"Redacci\u00f3n"},"sameAs":["http:\/\/nuevodigitaldeescobar.com.ar"],"url":"https:\/\/nuevodigitaldeescobar.com.ar\/?author=1"}]}},"featured_image_urls":{"full":["https:\/\/nuevodigitaldeescobar.com.ar\/wp-content\/uploads\/2024\/01\/mariano-cuneo-libarona.jpg",720,406,false],"thumbnail":["https:\/\/nuevodigitaldeescobar.com.ar\/wp-content\/uploads\/2024\/01\/mariano-cuneo-libarona-150x150.jpg",150,150,true],"medium":["https:\/\/nuevodigitaldeescobar.com.ar\/wp-content\/uploads\/2024\/01\/mariano-cuneo-libarona-300x169.jpg",300,169,true],"medium_large":["https:\/\/nuevodigitaldeescobar.com.ar\/wp-content\/uploads\/2024\/01\/mariano-cuneo-libarona.jpg",640,361,false],"large":["https:\/\/nuevodigitaldeescobar.com.ar\/wp-content\/uploads\/2024\/01\/mariano-cuneo-libarona.jpg",640,361,false],"1536x1536":["https:\/\/nuevodigitaldeescobar.com.ar\/wp-content\/uploads\/2024\/01\/mariano-cuneo-libarona.jpg",720,406,false],"2048x2048":["https:\/\/nuevodigitaldeescobar.com.ar\/wp-content\/uploads\/2024\/01\/mariano-cuneo-libarona.jpg",720,406,false]},"author_info":{"display_name":"Redacci\u00f3n","author_link":"https:\/\/nuevodigitaldeescobar.com.ar\/?author=1"},"category_info":"<a href=\"https:\/\/nuevodigitaldeescobar.com.ar\/?cat=61\" rel=\"category\">Nacionales<\/a>","tag_info":"Nacionales","comment_count":"0","_links":{"self":[{"href":"https:\/\/nuevodigitaldeescobar.com.ar\/index.php?rest_route=\/wp\/v2\/posts\/2564","targetHints":{"allow":["GET"]}}],"collection":[{"href":"https:\/\/nuevodigitaldeescobar.com.ar\/index.php?rest_route=\/wp\/v2\/posts"}],"about":[{"href":"https:\/\/nuevodigitaldeescobar.com.ar\/index.php?rest_route=\/wp\/v2\/types\/post"}],"author":[{"embeddable":true,"href":"https:\/\/nuevodigitaldeescobar.com.ar\/index.php?rest_route=\/wp\/v2\/users\/1"}],"replies":[{"embeddable":true,"href":"https:\/\/nuevodigitaldeescobar.com.ar\/index.php?rest_route=%2Fwp%2Fv2%2Fcomments&post=2564"}],"version-history":[{"count":1,"href":"https:\/\/nuevodigitaldeescobar.com.ar\/index.php?rest_route=\/wp\/v2\/posts\/2564\/revisions"}],"predecessor-version":[{"id":2566,"href":"https:\/\/nuevodigitaldeescobar.com.ar\/index.php?rest_route=\/wp\/v2\/posts\/2564\/revisions\/2566"}],"wp:featuredmedia":[{"embeddable":true,"href":"https:\/\/nuevodigitaldeescobar.com.ar\/index.php?rest_route=\/wp\/v2\/media\/2565"}],"wp:attachment":[{"href":"https:\/\/nuevodigitaldeescobar.com.ar\/index.php?rest_route=%2Fwp%2Fv2%2Fmedia&parent=2564"}],"wp:term":[{"taxonomy":"category","embeddable":true,"href":"https:\/\/nuevodigitaldeescobar.com.ar\/index.php?rest_route=%2Fwp%2Fv2%2Fcategories&post=2564"},{"taxonomy":"post_tag","embeddable":true,"href":"https:\/\/nuevodigitaldeescobar.com.ar\/index.php?rest_route=%2Fwp%2Fv2%2Ftags&post=2564"}],"curies":[{"name":"wp","href":"https:\/\/api.w.org\/{rel}","templated":true}]}}