{"id":2607,"date":"2024-01-17T07:00:00","date_gmt":"2024-01-17T10:00:00","guid":{"rendered":"https:\/\/nuevodigitaldeescobar.com.ar\/?p=2607"},"modified":"2024-01-16T21:04:09","modified_gmt":"2024-01-17T00:04:09","slug":"patricia-bullrich-le-pidio-a-la-justicia-que-expulse-del-pais-a-los-extranjeros-no-residentes-que-cometen-delitos","status":"publish","type":"post","link":"https:\/\/nuevodigitaldeescobar.com.ar\/?p=2607","title":{"rendered":"Patricia Bullrich le pidi\u00f3 a la Justicia que expulse del pa\u00eds a los extranjeros no residentes que cometen delitos"},"content":{"rendered":"<p><span style=\"color: #003366;\"><strong><em>La ministra de Seguridad de la Naci\u00f3n se refiri\u00f3 a la tr\u00e1gica toma de terrenos en La Matanza y habl\u00f3 de \u201cpermisividad\u201d en la provincia de Buenos Aires respecto de las usurpaciones.<\/em><\/strong><\/span><\/p>\n<p><!--more--><\/p>\n<hr \/>\n<p>La ministra de Seguridad, Patricia Bullrich, reclam\u00f3 ayer que la Justicia expulse del pa\u00eds a los extranjeros que no tienen residencia y que cometan delitos, a la vez que apunt\u00f3 contra la provincia de Buenos Aires por la tr\u00e1gica toma de terrenos en La Matanza que dej\u00f3 5 muertos durante un enfrentamiento.<\/p>\n<p><em>\u201cEn caso de haber personas que usurpan terrenos que son extranjeros que no tienen domicilio permanente en la Argentina, la Justicia deber\u00eda proceder a echarlos del pa\u00eds de manera inmediata\u201d<\/em>, afirm\u00f3 la funcionaria.<\/p>\n<p>Durante una entrevista radial, Bullrich reforz\u00f3 su idea: <em>\u201cEl que viene a usurpar, a matar, debe ser expulsado a menos que haya nacido en Argentina o tenga una residencia permanente. Esa es una medida correctiva que hay que hacer de manera inmediata\u201d<\/em>, subray\u00f3.<\/p>\n<p>En los \u00faltimos d\u00edas, desde la Ciudad de Buenos Aires salieron a reclamar que se acelere la expulsi\u00f3n de delincuentes extranjeros y que, para eso, se reponga un decreto firmado en 2017, en el Gobierno de Mauricio Macri, cuando Bullrich tambi\u00e9n estaba al frente de la cartera de Seguridad.<\/p>\n<p>Primero fue el jefe de Gobierno porte\u00f1o, Jorge Macri, y luego su ministro de Seguridad, Waldo Wolff, quienes pidieron expulsar a los delincuentes extranjeros.<\/p>\n<p><em>\u201cHay que expulsar a los extranjeros sin ciudadan\u00eda que delinquen\u201d<\/em>, escribi\u00f3 en su cuenta de la red social X (ex Twitter) Jorge Macri, al hacer referencia a un hecho policial ocurrido en las \u00faltimas horas en la Ciudad.<\/p>\n<p><em>\u201cVamos a trabajar para restituir el decreto 70\/2017 de Migraciones que permite la expulsi\u00f3n de ciudadanos extranjeros que delinquen en nuestro pa\u00eds. Es con orden<\/em>\u201d, escribi\u00f3 en la misma red que Waldo Woff, tras dar una serie de datos que muestran la participaci\u00f3n de extranjeros en hechos delictivos en la Ciudad de Buenos Aires.<\/p>\n<p>En enero de 2017, Macri y su gabinete firmaron el Decreto 70 que modific\u00f3 la Ley de Migraciones. Ampar\u00e1ndose en la definici\u00f3n de que cada Estado tiene <em>\u201cla prerrogativa soberana de decidir los criterios de admisi\u00f3n y expulsi\u00f3n de los no nacionales\u201d<\/em>, se cre\u00f3 un <em>\u201cprocedimiento migratorio especial sumar\u00edsimo\u201d<\/em> para negar el ingreso y expulsar a delincuentes extranjeros con mayor agilidad.<\/p>\n<p>El argumento en ese entonces radic\u00f3 en <em>\u201cla duraci\u00f3n de los procesos administrativos y judiciales\u201d<\/em> y en el incremento de personas de nacionalidad extranjera bajo custodia del Servicio Penitenciario que en 2016 alcanz\u00f3 al 21,3% de la poblaci\u00f3n carcelaria total, pero que, al analizar la cantidad de personas detenidas por narcotr\u00e1fico, la cifra de inmigrantes sub\u00eda al 33% en aquel a\u00f1o.<\/p>\n<p>Ese decreto fue derogado por el Gobierno de Alberto Fern\u00e1ndez en 2021 argumentando que el DNU de Macri hab\u00eda modificado <em>\u201caspectos sustanciales\u201d<\/em> de la Ley de Migraciones <em>\u201cque resultan irreconciliables con nuestra Constituci\u00f3n Nacional y con el sistema internacional de protecci\u00f3n de los derechos humanos, entre los que cabe mencionar la violaci\u00f3n al principio del debido proceso, al derecho a contar con asistencia y defensa legal, la restricci\u00f3n a un control amplio y suficiente del poder judicial sobre los actos de la autoridad administrativa, la amplitud con la que se prev\u00e9 la retenci\u00f3n preventiva del y de la migrante sin definir las causas que la habilitan y la restricci\u00f3n a los derechos de reunificaci\u00f3n familiar y dispensa por razones humanitarias\u201d<\/em>.<\/p>\n<p>Adem\u00e1s de sostener que la pol\u00edtica migratoria de Cambiemos no evidenci\u00f3 <em>\u201cmejoras ponderables en otros aspectos\u201d<\/em>, desde la entrada en vigencia del Decreto 70 en 2017 <em>\u201cse agrav\u00f3 exponencialmente la litigiosidad en materia migratoria\u201d<\/em>, dijeron en aquel momento.<\/p>\n<h3><span style=\"color: #003366;\"><strong>La relaci\u00f3n con la provincia de Buenos Aires tras la tr\u00e1gica toma en La Matanza<\/strong><\/span><\/h3>\n<p>La ministra habl\u00f3 extensamente sobre la toma de terrenos en La Matanza, donde cinco personas murieron en medio de un enfrentamiento. En ese sentido, apunt\u00f3 contra las autoridades provinciales y municipales, habl\u00f3 de <em>\u201cpermisividad\u201d<\/em> y hasta esboz\u00f3 una posible connivencia pol\u00edtica con los usurpadores.<\/p>\n<p><em>\u201cCreemos que la permisividad permanente que existe en la provincia de Buenos Aires respecto a las usurpaciones generan un clima en el que las personas pueden tomar un terreno sin consecuencias. Es un tema que viene sucediendo hace tiempo y es absolutamente contrario a lo que pensamos. Creemos que hay que tomar decisiones urgentes respecto de los desalojos\u201d<\/em>, dijo la ministra.<\/p>\n<p>Bullrich sostuvo que lo que ocurre en La Matanza <em>\u201ces un caso especial\u00edsimo<\/em>\u201d porque, afirm\u00f3, hay <em>\u201cconnivencia entre punteros que se convierten en narcotraficantes, y tambi\u00e9n hay pol\u00edticos que lucran con esto\u201d<\/em>.<\/p>\n<p>La excandidata presidencial tambi\u00e9n dijo que habla \u201c<em>permanentemente\u201d<\/em> con el Gobierno de la provincia de Buenos Aires y que est\u00e1n terminando de acordar la participaci\u00f3n de las fuerzas federales de seguridad. De todas formas, advirti\u00f3 que <em>\u201cuna cosa es el rol de la Polic\u00eda y otra es la permisividad respecto a la usurpaci\u00f3n\u201d<\/em>.<\/p>\n<p><em>\u201cEl hecho es que las usurpaciones no son inmediatamente evacuadas para que la tierra se recupere y todos los argentinos est\u00e9n en igualdad ante la ley. En eso tenemos una diferencia muy fuerte con el Gobierno de la provincia de Buenos Aires, en especial en La Matanza, que permiten que se tomen tierras y no act\u00faan de manera inmediata. Tierra que se usurpa, tierra que se desaloja, esa es nuestra consigna y estamos para ayudar a la Provincia de Buenos Aires en lo que nos pidan. La tierra no se usurpa, esa es la consigna de nuestro gobierno y la vamos a llevar adelante\u201d<\/em>, apunt\u00f3.<\/p>\n<h3><span style=\"color: #003366;\"><strong>La situaci\u00f3n que vive Santa Fe y las amenazas al gobernador Pullaro<\/strong><\/span><\/h3>\n<p>Bullrich tambi\u00e9n fue consultada sobre la situaci\u00f3n respecto del narcotr\u00e1fico que vive la provincia de Santa Fe y las amenazas que viene recibiendo el gobernador Maximiliano Pullaro. La ministra cont\u00f3 que habl\u00f3 este martes por la ma\u00f1ana con el mandatario y que el viernes lo recibir\u00e1 en el Ministerio de Seguridad.<\/p>\n<p><em>\u201cTenemos a todo nuestro personal penitenciario amenazado, est\u00e1n con 140 presos de alto riesgo que tenemos en c\u00e1rceles federales. Hay que trabajar bajo esta presi\u00f3n, en el Ministerio de Seguridad se reciben amenazas todo el tiempo. Intentan sacarnos de la cancha, pero no nos van a sacar\u201d<\/em>, dijo Bullrich.<\/p>\n<p>Adem\u00e1s, dijo que la posible presencia del Ej\u00e9rcito en Rosario <em>\u201cno es algo que est\u00e9 decidido\u201d<\/em>, y si bien dijo que no es su cartera, cont\u00f3 que tuvo una reuni\u00f3n con el Ministerio de Defensa.<\/p>\n<p>Adem\u00e1s, a Bullrich le preguntaron directamente si la situaci\u00f3n que vivi\u00f3 la semana pasada Ecuador, en la que bandas narcos pusieron en jaque al Gobierno, pueden darse en la Argentina.<\/p>\n<p><em>\u201cDepende de lo que hagamos. Si nosotros golpeamos todos los d\u00edas, las amenazas van a ser todos los d\u00edas para desbaratar el \u00e1nimo de las fuerzas de seguridad, asustar a las familias y a los ciudadanos. Nosotros no vamos regular el delito, no vamos a decir \u2018ustedes manejen la zona tranquilos\u2019. Nosotros vamos a ir a fondo y cuando uno va a fondo va a recibir amenazas y va a estar bajo presi\u00f3n\u201d<\/em>, asegur\u00f3.<\/p>\n<p>Y agreg\u00f3: <em>\u201cPor eso tenemos que equipar y proteger a nuestras fuerzas federales. Por eso presentamos el art\u00edculo 34 de leg\u00edtima defensa que est\u00e1 en la Ley \u00d3mnibus, eso tiene que salir porque las fuerzas de seguridad si sienten que van a terminar presos por actuar, la posibilidad de que bajen los brazos es enorme\u201d<\/em>.<\/p>\n<p><em>(Infobae)<\/em><\/p>\n","protected":false},"excerpt":{"rendered":"<p>La ministra de Seguridad de la Naci\u00f3n se refiri\u00f3 a la tr\u00e1gica toma de terrenos en La Matanza y habl\u00f3 de \u201cpermisividad\u201d en la provincia [&hellip;]<\/p>\n","protected":false},"author":1,"featured_media":2608,"comment_status":"open","ping_status":"closed","sticky":false,"template":"","format":"standard","meta":{"footnotes":""},"categories":[7],"tags":[],"class_list":["post-2607","post","type-post","status-publish","format-standard","has-post-thumbnail","hentry","category-interes-general"],"better_featured_image":{"id":2608,"alt_text":"","caption":"","description":"","media_type":"image","media_details":{"width":720,"height":480,"file":"2024\/01\/patricia-bollrich-e1705449840278.jpg","filesize":80028,"sizes":{"medium":{"file":"patricia-bollrich-300x200.jpg","width":300,"height":200,"mime-type":"image\/jpeg","filesize":15120,"source_url":"https:\/\/nuevodigitaldeescobar.com.ar\/wp-content\/uploads\/2024\/01\/patricia-bollrich-300x200.jpg"},"thumbnail":{"file":"patricia-bollrich-150x150.jpg","width":150,"height":150,"mime-type":"image\/jpeg","filesize":7141,"source_url":"https:\/\/nuevodigitaldeescobar.com.ar\/wp-content\/uploads\/2024\/01\/patricia-bollrich-150x150.jpg"},"covernews-slider-center":{"file":"patricia-bollrich-768x500.jpg","width":768,"height":500,"mime-type":"image\/jpeg","filesize":62031,"source_url":"https:\/\/nuevodigitaldeescobar.com.ar\/wp-content\/uploads\/2024\/01\/patricia-bollrich-768x500.jpg"},"covernews-medium":{"file":"patricia-bollrich-540x340.jpg","width":540,"height":340,"mime-type":"image\/jpeg","filesize":34799,"source_url":"https:\/\/nuevodigitaldeescobar.com.ar\/wp-content\/uploads\/2024\/01\/patricia-bollrich-540x340.jpg"},"covernews-medium-square":{"file":"patricia-bollrich-400x250.jpg","width":400,"height":250,"mime-type":"image\/jpeg","filesize":22063,"source_url":"https:\/\/nuevodigitaldeescobar.com.ar\/wp-content\/uploads\/2024\/01\/patricia-bollrich-400x250.jpg"}},"image_meta":{"aperture":"0","credit":"","camera":"","caption":"","created_timestamp":"0","copyright":"","focal_length":"0","iso":"0","shutter_speed":"0","title":"","orientation":"0","keywords":[]}},"post":2607,"source_url":"https:\/\/nuevodigitaldeescobar.com.ar\/wp-content\/uploads\/2024\/01\/patricia-bollrich-e1705449840278.jpg"},"yoast_head":"<!-- This site is optimized with the Yoast SEO plugin v26.1.1 - https:\/\/yoast.com\/wordpress\/plugins\/seo\/ -->\n<title>Patricia Bullrich le pidi\u00f3 a la Justicia que expulse del pa\u00eds a los extranjeros no residentes que cometen delitos - Nuevo Digital de Escobar<\/title>\n<meta name=\"robots\" content=\"index, follow, max-snippet:-1, max-image-preview:large, max-video-preview:-1\" \/>\n<link rel=\"canonical\" href=\"https:\/\/nuevodigitaldeescobar.com.ar\/?p=2607\" \/>\n<meta property=\"og:locale\" content=\"es_ES\" \/>\n<meta property=\"og:type\" content=\"article\" \/>\n<meta property=\"og:title\" content=\"Patricia Bullrich le pidi\u00f3 a la Justicia que expulse del pa\u00eds a los extranjeros no residentes que cometen delitos - Nuevo Digital de Escobar\" \/>\n<meta property=\"og:description\" content=\"La ministra de Seguridad de la Naci\u00f3n se refiri\u00f3 a la tr\u00e1gica toma de terrenos en La Matanza y habl\u00f3 de \u201cpermisividad\u201d en la provincia [&hellip;]\" \/>\n<meta property=\"og:url\" content=\"https:\/\/nuevodigitaldeescobar.com.ar\/?p=2607\" \/>\n<meta property=\"og:site_name\" content=\"Nuevo Digital de Escobar\" \/>\n<meta property=\"article:publisher\" content=\"https:\/\/www.facebook.com\/NUEVODigitalDeEscobar\" \/>\n<meta property=\"article:published_time\" content=\"2024-01-17T10:00:00+00:00\" \/>\n<meta property=\"og:image\" content=\"https:\/\/nuevodigitaldeescobar.com.ar\/wp-content\/uploads\/2024\/01\/patricia-bollrich-e1705449840278.jpg\" \/>\n\t<meta property=\"og:image:width\" content=\"720\" \/>\n\t<meta property=\"og:image:height\" content=\"480\" \/>\n\t<meta property=\"og:image:type\" content=\"image\/jpeg\" \/>\n<meta name=\"author\" content=\"Redacci\u00f3n\" \/>\n<meta name=\"twitter:card\" content=\"summary_large_image\" \/>\n<meta name=\"twitter:creator\" content=\"@nuevodigescobar\" \/>\n<meta name=\"twitter:site\" content=\"@nuevodigescobar\" \/>\n<meta name=\"twitter:label1\" content=\"Escrito por\" \/>\n\t<meta name=\"twitter:data1\" content=\"Redacci\u00f3n\" \/>\n\t<meta name=\"twitter:label2\" content=\"Tiempo de lectura\" \/>\n\t<meta name=\"twitter:data2\" content=\"6 minutos\" \/>\n<script type=\"application\/ld+json\" class=\"yoast-schema-graph\">{\"@context\":\"https:\/\/schema.org\",\"@graph\":[{\"@type\":\"Article\",\"@id\":\"https:\/\/nuevodigitaldeescobar.com.ar\/?p=2607#article\",\"isPartOf\":{\"@id\":\"https:\/\/nuevodigitaldeescobar.com.ar\/?p=2607\"},\"author\":{\"name\":\"Redacci\u00f3n\",\"@id\":\"https:\/\/nuevodigitaldeescobar.com.ar\/#\/schema\/person\/035e90a8efe9a80e6eec22656ad6ea4c\"},\"headline\":\"Patricia Bullrich le pidi\u00f3 a la Justicia que expulse del pa\u00eds a los extranjeros no residentes que cometen delitos\",\"datePublished\":\"2024-01-17T10:00:00+00:00\",\"mainEntityOfPage\":{\"@id\":\"https:\/\/nuevodigitaldeescobar.com.ar\/?p=2607\"},\"wordCount\":1295,\"commentCount\":0,\"publisher\":{\"@id\":\"https:\/\/nuevodigitaldeescobar.com.ar\/#organization\"},\"image\":{\"@id\":\"https:\/\/nuevodigitaldeescobar.com.ar\/?p=2607#primaryimage\"},\"thumbnailUrl\":\"https:\/\/nuevodigitaldeescobar.com.ar\/wp-content\/uploads\/2024\/01\/patricia-bollrich-e1705449840278.jpg\",\"articleSection\":[\"Inter\u00e9s general\"],\"inLanguage\":\"es\",\"potentialAction\":[{\"@type\":\"CommentAction\",\"name\":\"Comment\",\"target\":[\"https:\/\/nuevodigitaldeescobar.com.ar\/?p=2607#respond\"]}]},{\"@type\":\"WebPage\",\"@id\":\"https:\/\/nuevodigitaldeescobar.com.ar\/?p=2607\",\"url\":\"https:\/\/nuevodigitaldeescobar.com.ar\/?p=2607\",\"name\":\"Patricia Bullrich le pidi\u00f3 a la Justicia que expulse del pa\u00eds a los extranjeros no residentes que cometen delitos - Nuevo Digital de Escobar\",\"isPartOf\":{\"@id\":\"https:\/\/nuevodigitaldeescobar.com.ar\/#website\"},\"primaryImageOfPage\":{\"@id\":\"https:\/\/nuevodigitaldeescobar.com.ar\/?p=2607#primaryimage\"},\"image\":{\"@id\":\"https:\/\/nuevodigitaldeescobar.com.ar\/?p=2607#primaryimage\"},\"thumbnailUrl\":\"https:\/\/nuevodigitaldeescobar.com.ar\/wp-content\/uploads\/2024\/01\/patricia-bollrich-e1705449840278.jpg\",\"datePublished\":\"2024-01-17T10:00:00+00:00\",\"breadcrumb\":{\"@id\":\"https:\/\/nuevodigitaldeescobar.com.ar\/?p=2607#breadcrumb\"},\"inLanguage\":\"es\",\"potentialAction\":[{\"@type\":\"ReadAction\",\"target\":[\"https:\/\/nuevodigitaldeescobar.com.ar\/?p=2607\"]}]},{\"@type\":\"ImageObject\",\"inLanguage\":\"es\",\"@id\":\"https:\/\/nuevodigitaldeescobar.com.ar\/?p=2607#primaryimage\",\"url\":\"https:\/\/nuevodigitaldeescobar.com.ar\/wp-content\/uploads\/2024\/01\/patricia-bollrich-e1705449840278.jpg\",\"contentUrl\":\"https:\/\/nuevodigitaldeescobar.com.ar\/wp-content\/uploads\/2024\/01\/patricia-bollrich-e1705449840278.jpg\",\"width\":720,\"height\":480},{\"@type\":\"BreadcrumbList\",\"@id\":\"https:\/\/nuevodigitaldeescobar.com.ar\/?p=2607#breadcrumb\",\"itemListElement\":[{\"@type\":\"ListItem\",\"position\":1,\"name\":\"Portada\",\"item\":\"https:\/\/nuevodigitaldeescobar.com.ar\/\"},{\"@type\":\"ListItem\",\"position\":2,\"name\":\"Patricia Bullrich le pidi\u00f3 a la Justicia que expulse del pa\u00eds a los extranjeros no residentes que cometen delitos\"}]},{\"@type\":\"WebSite\",\"@id\":\"https:\/\/nuevodigitaldeescobar.com.ar\/#website\",\"url\":\"https:\/\/nuevodigitaldeescobar.com.ar\/\",\"name\":\"Nuevo Digital de Escobar\",\"description\":\"La vida escobarense. Directora: Rosana Brunner\",\"publisher\":{\"@id\":\"https:\/\/nuevodigitaldeescobar.com.ar\/#organization\"},\"potentialAction\":[{\"@type\":\"SearchAction\",\"target\":{\"@type\":\"EntryPoint\",\"urlTemplate\":\"https:\/\/nuevodigitaldeescobar.com.ar\/?s={search_term_string}\"},\"query-input\":{\"@type\":\"PropertyValueSpecification\",\"valueRequired\":true,\"valueName\":\"search_term_string\"}}],\"inLanguage\":\"es\"},{\"@type\":\"Organization\",\"@id\":\"https:\/\/nuevodigitaldeescobar.com.ar\/#organization\",\"name\":\"Nuevo Digital de Escobar\",\"url\":\"https:\/\/nuevodigitaldeescobar.com.ar\/\",\"logo\":{\"@type\":\"ImageObject\",\"inLanguage\":\"es\",\"@id\":\"https:\/\/nuevodigitaldeescobar.com.ar\/#\/schema\/logo\/image\/\",\"url\":\"https:\/\/nuevodigitaldeescobar.com.ar\/wp-content\/uploads\/2025\/05\/cropped-logo-nuevo2.jpg\",\"contentUrl\":\"https:\/\/nuevodigitaldeescobar.com.ar\/wp-content\/uploads\/2025\/05\/cropped-logo-nuevo2.jpg\",\"width\":305,\"height\":305,\"caption\":\"Nuevo Digital de Escobar\"},\"image\":{\"@id\":\"https:\/\/nuevodigitaldeescobar.com.ar\/#\/schema\/logo\/image\/\"},\"sameAs\":[\"https:\/\/www.facebook.com\/NUEVODigitalDeEscobar\",\"https:\/\/x.com\/nuevodigescobar\",\"https:\/\/www.instagram.com\/nuevodigitaldeescobar\"]},{\"@type\":\"Person\",\"@id\":\"https:\/\/nuevodigitaldeescobar.com.ar\/#\/schema\/person\/035e90a8efe9a80e6eec22656ad6ea4c\",\"name\":\"Redacci\u00f3n\",\"image\":{\"@type\":\"ImageObject\",\"inLanguage\":\"es\",\"@id\":\"https:\/\/nuevodigitaldeescobar.com.ar\/#\/schema\/person\/image\/\",\"url\":\"https:\/\/secure.gravatar.com\/avatar\/8af8f40000c24e9eef3034f2be5998a372bb1389e64b1a4a36b3a7979142220d?s=96&d=mm&r=g\",\"contentUrl\":\"https:\/\/secure.gravatar.com\/avatar\/8af8f40000c24e9eef3034f2be5998a372bb1389e64b1a4a36b3a7979142220d?s=96&d=mm&r=g\",\"caption\":\"Redacci\u00f3n\"},\"sameAs\":[\"http:\/\/nuevodigitaldeescobar.com.ar\"],\"url\":\"https:\/\/nuevodigitaldeescobar.com.ar\/?author=1\"}]}<\/script>\n<!-- \/ Yoast SEO plugin. -->","yoast_head_json":{"title":"Patricia Bullrich le pidi\u00f3 a la Justicia que expulse del pa\u00eds a los extranjeros no residentes que cometen delitos - Nuevo Digital de Escobar","robots":{"index":"index","follow":"follow","max-snippet":"max-snippet:-1","max-image-preview":"max-image-preview:large","max-video-preview":"max-video-preview:-1"},"canonical":"https:\/\/nuevodigitaldeescobar.com.ar\/?p=2607","og_locale":"es_ES","og_type":"article","og_title":"Patricia Bullrich le pidi\u00f3 a la Justicia que expulse del pa\u00eds a los extranjeros no residentes que cometen delitos - Nuevo Digital de Escobar","og_description":"La ministra de Seguridad de la Naci\u00f3n se refiri\u00f3 a la tr\u00e1gica toma de terrenos en La Matanza y habl\u00f3 de \u201cpermisividad\u201d en la provincia [&hellip;]","og_url":"https:\/\/nuevodigitaldeescobar.com.ar\/?p=2607","og_site_name":"Nuevo Digital de Escobar","article_publisher":"https:\/\/www.facebook.com\/NUEVODigitalDeEscobar","article_published_time":"2024-01-17T10:00:00+00:00","og_image":[{"width":720,"height":480,"url":"https:\/\/nuevodigitaldeescobar.com.ar\/wp-content\/uploads\/2024\/01\/patricia-bollrich-e1705449840278.jpg","type":"image\/jpeg"}],"author":"Redacci\u00f3n","twitter_card":"summary_large_image","twitter_creator":"@nuevodigescobar","twitter_site":"@nuevodigescobar","twitter_misc":{"Escrito por":"Redacci\u00f3n","Tiempo de lectura":"6 minutos"},"schema":{"@context":"https:\/\/schema.org","@graph":[{"@type":"Article","@id":"https:\/\/nuevodigitaldeescobar.com.ar\/?p=2607#article","isPartOf":{"@id":"https:\/\/nuevodigitaldeescobar.com.ar\/?p=2607"},"author":{"name":"Redacci\u00f3n","@id":"https:\/\/nuevodigitaldeescobar.com.ar\/#\/schema\/person\/035e90a8efe9a80e6eec22656ad6ea4c"},"headline":"Patricia Bullrich le pidi\u00f3 a la Justicia que expulse del pa\u00eds a los extranjeros no residentes que cometen delitos","datePublished":"2024-01-17T10:00:00+00:00","mainEntityOfPage":{"@id":"https:\/\/nuevodigitaldeescobar.com.ar\/?p=2607"},"wordCount":1295,"commentCount":0,"publisher":{"@id":"https:\/\/nuevodigitaldeescobar.com.ar\/#organization"},"image":{"@id":"https:\/\/nuevodigitaldeescobar.com.ar\/?p=2607#primaryimage"},"thumbnailUrl":"https:\/\/nuevodigitaldeescobar.com.ar\/wp-content\/uploads\/2024\/01\/patricia-bollrich-e1705449840278.jpg","articleSection":["Inter\u00e9s general"],"inLanguage":"es","potentialAction":[{"@type":"CommentAction","name":"Comment","target":["https:\/\/nuevodigitaldeescobar.com.ar\/?p=2607#respond"]}]},{"@type":"WebPage","@id":"https:\/\/nuevodigitaldeescobar.com.ar\/?p=2607","url":"https:\/\/nuevodigitaldeescobar.com.ar\/?p=2607","name":"Patricia Bullrich le pidi\u00f3 a la Justicia que expulse del pa\u00eds a los extranjeros no residentes que cometen delitos - Nuevo Digital de Escobar","isPartOf":{"@id":"https:\/\/nuevodigitaldeescobar.com.ar\/#website"},"primaryImageOfPage":{"@id":"https:\/\/nuevodigitaldeescobar.com.ar\/?p=2607#primaryimage"},"image":{"@id":"https:\/\/nuevodigitaldeescobar.com.ar\/?p=2607#primaryimage"},"thumbnailUrl":"https:\/\/nuevodigitaldeescobar.com.ar\/wp-content\/uploads\/2024\/01\/patricia-bollrich-e1705449840278.jpg","datePublished":"2024-01-17T10:00:00+00:00","breadcrumb":{"@id":"https:\/\/nuevodigitaldeescobar.com.ar\/?p=2607#breadcrumb"},"inLanguage":"es","potentialAction":[{"@type":"ReadAction","target":["https:\/\/nuevodigitaldeescobar.com.ar\/?p=2607"]}]},{"@type":"ImageObject","inLanguage":"es","@id":"https:\/\/nuevodigitaldeescobar.com.ar\/?p=2607#primaryimage","url":"https:\/\/nuevodigitaldeescobar.com.ar\/wp-content\/uploads\/2024\/01\/patricia-bollrich-e1705449840278.jpg","contentUrl":"https:\/\/nuevodigitaldeescobar.com.ar\/wp-content\/uploads\/2024\/01\/patricia-bollrich-e1705449840278.jpg","width":720,"height":480},{"@type":"BreadcrumbList","@id":"https:\/\/nuevodigitaldeescobar.com.ar\/?p=2607#breadcrumb","itemListElement":[{"@type":"ListItem","position":1,"name":"Portada","item":"https:\/\/nuevodigitaldeescobar.com.ar\/"},{"@type":"ListItem","position":2,"name":"Patricia Bullrich le pidi\u00f3 a la Justicia que expulse del pa\u00eds a los extranjeros no residentes que cometen delitos"}]},{"@type":"WebSite","@id":"https:\/\/nuevodigitaldeescobar.com.ar\/#website","url":"https:\/\/nuevodigitaldeescobar.com.ar\/","name":"Nuevo Digital de Escobar","description":"La vida escobarense. Directora: Rosana Brunner","publisher":{"@id":"https:\/\/nuevodigitaldeescobar.com.ar\/#organization"},"potentialAction":[{"@type":"SearchAction","target":{"@type":"EntryPoint","urlTemplate":"https:\/\/nuevodigitaldeescobar.com.ar\/?s={search_term_string}"},"query-input":{"@type":"PropertyValueSpecification","valueRequired":true,"valueName":"search_term_string"}}],"inLanguage":"es"},{"@type":"Organization","@id":"https:\/\/nuevodigitaldeescobar.com.ar\/#organization","name":"Nuevo Digital de Escobar","url":"https:\/\/nuevodigitaldeescobar.com.ar\/","logo":{"@type":"ImageObject","inLanguage":"es","@id":"https:\/\/nuevodigitaldeescobar.com.ar\/#\/schema\/logo\/image\/","url":"https:\/\/nuevodigitaldeescobar.com.ar\/wp-content\/uploads\/2025\/05\/cropped-logo-nuevo2.jpg","contentUrl":"https:\/\/nuevodigitaldeescobar.com.ar\/wp-content\/uploads\/2025\/05\/cropped-logo-nuevo2.jpg","width":305,"height":305,"caption":"Nuevo Digital de Escobar"},"image":{"@id":"https:\/\/nuevodigitaldeescobar.com.ar\/#\/schema\/logo\/image\/"},"sameAs":["https:\/\/www.facebook.com\/NUEVODigitalDeEscobar","https:\/\/x.com\/nuevodigescobar","https:\/\/www.instagram.com\/nuevodigitaldeescobar"]},{"@type":"Person","@id":"https:\/\/nuevodigitaldeescobar.com.ar\/#\/schema\/person\/035e90a8efe9a80e6eec22656ad6ea4c","name":"Redacci\u00f3n","image":{"@type":"ImageObject","inLanguage":"es","@id":"https:\/\/nuevodigitaldeescobar.com.ar\/#\/schema\/person\/image\/","url":"https:\/\/secure.gravatar.com\/avatar\/8af8f40000c24e9eef3034f2be5998a372bb1389e64b1a4a36b3a7979142220d?s=96&d=mm&r=g","contentUrl":"https:\/\/secure.gravatar.com\/avatar\/8af8f40000c24e9eef3034f2be5998a372bb1389e64b1a4a36b3a7979142220d?s=96&d=mm&r=g","caption":"Redacci\u00f3n"},"sameAs":["http:\/\/nuevodigitaldeescobar.com.ar"],"url":"https:\/\/nuevodigitaldeescobar.com.ar\/?author=1"}]}},"featured_image_urls":{"full":["https:\/\/nuevodigitaldeescobar.com.ar\/wp-content\/uploads\/2024\/01\/patricia-bollrich-e1705449840278.jpg",720,480,false],"thumbnail":["https:\/\/nuevodigitaldeescobar.com.ar\/wp-content\/uploads\/2024\/01\/patricia-bollrich-150x150.jpg",150,150,true],"medium":["https:\/\/nuevodigitaldeescobar.com.ar\/wp-content\/uploads\/2024\/01\/patricia-bollrich-300x200.jpg",300,200,true],"medium_large":["https:\/\/nuevodigitaldeescobar.com.ar\/wp-content\/uploads\/2024\/01\/patricia-bollrich-e1705449840278.jpg",640,427,false],"large":["https:\/\/nuevodigitaldeescobar.com.ar\/wp-content\/uploads\/2024\/01\/patricia-bollrich-e1705449840278.jpg",640,427,false],"1536x1536":["https:\/\/nuevodigitaldeescobar.com.ar\/wp-content\/uploads\/2024\/01\/patricia-bollrich-e1705449840278.jpg",720,480,false],"2048x2048":["https:\/\/nuevodigitaldeescobar.com.ar\/wp-content\/uploads\/2024\/01\/patricia-bollrich-e1705449840278.jpg",720,480,false]},"author_info":{"display_name":"Redacci\u00f3n","author_link":"https:\/\/nuevodigitaldeescobar.com.ar\/?author=1"},"category_info":"<a href=\"https:\/\/nuevodigitaldeescobar.com.ar\/?cat=7\" rel=\"category\">Inter\u00e9s general<\/a>","tag_info":"Inter\u00e9s general","comment_count":"0","_links":{"self":[{"href":"https:\/\/nuevodigitaldeescobar.com.ar\/index.php?rest_route=\/wp\/v2\/posts\/2607","targetHints":{"allow":["GET"]}}],"collection":[{"href":"https:\/\/nuevodigitaldeescobar.com.ar\/index.php?rest_route=\/wp\/v2\/posts"}],"about":[{"href":"https:\/\/nuevodigitaldeescobar.com.ar\/index.php?rest_route=\/wp\/v2\/types\/post"}],"author":[{"embeddable":true,"href":"https:\/\/nuevodigitaldeescobar.com.ar\/index.php?rest_route=\/wp\/v2\/users\/1"}],"replies":[{"embeddable":true,"href":"https:\/\/nuevodigitaldeescobar.com.ar\/index.php?rest_route=%2Fwp%2Fv2%2Fcomments&post=2607"}],"version-history":[{"count":1,"href":"https:\/\/nuevodigitaldeescobar.com.ar\/index.php?rest_route=\/wp\/v2\/posts\/2607\/revisions"}],"predecessor-version":[{"id":2609,"href":"https:\/\/nuevodigitaldeescobar.com.ar\/index.php?rest_route=\/wp\/v2\/posts\/2607\/revisions\/2609"}],"wp:featuredmedia":[{"embeddable":true,"href":"https:\/\/nuevodigitaldeescobar.com.ar\/index.php?rest_route=\/wp\/v2\/media\/2608"}],"wp:attachment":[{"href":"https:\/\/nuevodigitaldeescobar.com.ar\/index.php?rest_route=%2Fwp%2Fv2%2Fmedia&parent=2607"}],"wp:term":[{"taxonomy":"category","embeddable":true,"href":"https:\/\/nuevodigitaldeescobar.com.ar\/index.php?rest_route=%2Fwp%2Fv2%2Fcategories&post=2607"},{"taxonomy":"post_tag","embeddable":true,"href":"https:\/\/nuevodigitaldeescobar.com.ar\/index.php?rest_route=%2Fwp%2Fv2%2Ftags&post=2607"}],"curies":[{"name":"wp","href":"https:\/\/api.w.org\/{rel}","templated":true}]}}