{"id":27,"date":"2023-10-17T16:31:26","date_gmt":"2023-10-17T14:31:26","guid":{"rendered":"https:\/\/nuevodigitaldeescobar.com.ar\/?p=27"},"modified":"2023-10-17T17:38:42","modified_gmt":"2023-10-17T15:38:42","slug":"formamos-parte-de-una-gestion-que-saldo-deudas-historicas-para-dignificar-la-vida-de-nuestros-vecinos-y-vecinas","status":"publish","type":"post","link":"https:\/\/nuevodigitaldeescobar.com.ar\/?p=27","title":{"rendered":"\u201cFormamos parte de una gesti\u00f3n que sald\u00f3 deudas hist\u00f3ricas para dignificar la vida de nuestros vecinos y vecinas\u201d"},"content":{"rendered":"\n<p>La actual secretaria de Planificaci\u00f3n e Infraestructura del Municipio y segunda candidata en la lista de concejales de Uni\u00f3n por la Patria en Escobar, Ver\u00f3nica \u201cMichu\u201d Sabena, se refiri\u00f3 a la gesti\u00f3n del intendente Ariel Sujarchuk y a los desaf\u00edos que plantea este 2023.<\/p>\n\n\n\n<!--more-->\n\n\n\n<p>&nbsp;\u201cLas obras que venimos construyendo en cada una de las localidades y, en especial en los barrios hist\u00f3ricamente postergados, trajeron soluciones inmediatas a nuestros vecinos y vecinas, y forman parte de una planificaci\u00f3n estrat\u00e9gica para el desarrollo del distrito. Por eso le pido a toda la comunidad escobarense que nos apoye en las pr\u00f3ximas elecciones, tenemos que ratificar el triunfo contundente en las PASO para consolidar este proyecto que trajo progreso a todo Escobar y dignific\u00f3 la vida de nuestros vecinos y vecinas\u201d, mencion\u00f3.<br><br>Durante la gesti\u00f3n Sujarchuk, Sabena se desempe\u00f1\u00f3 como titular de la Agencia de Tr\u00e1nsito, fue elegida concejal en las elecciones de 2019 y cuenta con el honor de haber sido la primera mujer en ejercer como intendenta al asumir de manera interina en dos oportunidades. \u201cQuienes acompa\u00f1amos un proyecto, no necesitamos atarnos a una silla sino aportar a la construcci\u00f3n del distrito que so\u00f1amos desde el lugar que sea necesario. Nuestra responsabilidad de gesti\u00f3n con Ariel siempre ser\u00e1 escuchar a nuestros vecinos y vecinas y trabajar en funci\u00f3n de sus necesidades\u201d, explica Sabena. Y agrega: \u201cAriel ha hecho realidad obras so\u00f1adas, pero tambi\u00e9n las impensadas como el Hospital del Bicentenario en Gar\u00edn, el Hospital Municipal en Savio, el saneamiento del arroyo Bedoya, los jardines municipales, la repavimentaci\u00f3n integral de la Ruta 25, los tres microestadios, y la UDP en Maschwitz, entre tantas otras\u201d.<br><br>Actualmente, la funcionaria est\u00e1 a cargo de proyectos de gran envergadura como la repavimentaci\u00f3n y ampliaci\u00f3n de la Ruta 26, la nueva escuela primaria municipal en Maquinista Savio, la hist\u00f3rica extensi\u00f3n de red de gas, el jard\u00edn municipal en Matheu, el Centro de Desarrollo Integral en Bel\u00e9n de Escobar, e importantes obras cloacales y proyectos de viviendas en distintas localidades, por citar algunas de las que est\u00e1n actualmente en desarrollo.<br><br>\u201cEstas elecciones ser\u00e1n fundamentales no solo en Escobar, sino a nivel provincial y nacional. A diferencia de los cuatro a\u00f1os del macrismo, durante las actuales gestiones pudimos trabajar de una mejor manera, con m\u00e1s recursos y m\u00e1s posibilidades en funci\u00f3n de la gran cantidad de obras que nuestro distrito necesita. Por eso es importante seguir propiciando un Estado presente, sensible, que no deje a la gente librada a su suerte, sino que la contenga y la acompa\u00f1e desde la producci\u00f3n, el trabajo, la educaci\u00f3n y la salud\u201d, concluy\u00f3 Sabena.<\/p>\n\n\n\n<p><\/p>\n","protected":false},"excerpt":{"rendered":"<p>La actual secretaria de Planificaci\u00f3n e Infraestructura del Municipio y segunda candidata en la lista de concejales de Uni\u00f3n por la Patria en Escobar, Ver\u00f3nica [&hellip;]<\/p>\n","protected":false},"author":1,"featured_media":28,"comment_status":"open","ping_status":"open","sticky":false,"template":"","format":"standard","meta":{"footnotes":""},"categories":[6],"tags":[],"class_list":["post-27","post","type-post","status-publish","format-standard","has-post-thumbnail","hentry","category-politica"],"better_featured_image":{"id":28,"alt_text":"","caption":"","description":"","media_type":"image","media_details":{"width":2560,"height":1707,"file":"2023\/10\/002-scaled.jpg","filesize":644186,"sizes":{"medium":{"file":"002-300x200.jpg","width":300,"height":200,"mime-type":"image\/jpeg","filesize":32856,"source_url":"https:\/\/nuevodigitaldeescobar.com.ar\/wp-content\/uploads\/2023\/10\/002-300x200.jpg"},"large":{"file":"002-1024x683.jpg","width":1024,"height":683,"mime-type":"image\/jpeg","filesize":166341,"source_url":"https:\/\/nuevodigitaldeescobar.com.ar\/wp-content\/uploads\/2023\/10\/002-1024x683.jpg"},"thumbnail":{"file":"002-150x150.jpg","width":150,"height":150,"mime-type":"image\/jpeg","filesize":20358,"source_url":"https:\/\/nuevodigitaldeescobar.com.ar\/wp-content\/uploads\/2023\/10\/002-150x150.jpg"},"medium_large":{"file":"002-768x512.jpg","width":768,"height":512,"mime-type":"image\/jpeg","filesize":109558,"source_url":"https:\/\/nuevodigitaldeescobar.com.ar\/wp-content\/uploads\/2023\/10\/002-768x512.jpg"},"1536x1536":{"file":"002-1536x1024.jpg","width":1536,"height":1024,"mime-type":"image\/jpeg","filesize":300678,"source_url":"https:\/\/nuevodigitaldeescobar.com.ar\/wp-content\/uploads\/2023\/10\/002-1536x1024.jpg"},"2048x2048":{"file":"002-2048x1365.jpg","width":2048,"height":1365,"mime-type":"image\/jpeg","filesize":460198,"source_url":"https:\/\/nuevodigitaldeescobar.com.ar\/wp-content\/uploads\/2023\/10\/002-2048x1365.jpg"},"newsair-slider-full":{"file":"002-1280x720.jpg","width":1280,"height":720,"mime-type":"image\/jpeg","filesize":196575,"source_url":"https:\/\/nuevodigitaldeescobar.com.ar\/wp-content\/uploads\/2023\/10\/002-1280x720.jpg"},"newsair-featured":{"file":"002-1024x683.jpg","width":1024,"height":683,"mime-type":"image\/jpeg","filesize":166341,"source_url":"https:\/\/nuevodigitaldeescobar.com.ar\/wp-content\/uploads\/2023\/10\/002-1024x683.jpg"},"newsair-medium":{"file":"002-720x380.jpg","width":720,"height":380,"mime-type":"image\/jpeg","filesize":82148,"source_url":"https:\/\/nuevodigitaldeescobar.com.ar\/wp-content\/uploads\/2023\/10\/002-720x380.jpg"}},"image_meta":{"aperture":"3.5","credit":"","camera":"NIKON D750","caption":"","created_timestamp":"1679928670","copyright":"","focal_length":"70","iso":"250","shutter_speed":"0.00125","title":"","orientation":"1","keywords":[]},"original_image":"002.jpg"},"post":27,"source_url":"https:\/\/nuevodigitaldeescobar.com.ar\/wp-content\/uploads\/2023\/10\/002-scaled.jpg"},"yoast_head":"<!-- This site is optimized with the Yoast SEO plugin v26.1.1 - https:\/\/yoast.com\/wordpress\/plugins\/seo\/ -->\n<title>\u201cFormamos parte de una gesti\u00f3n que sald\u00f3 deudas hist\u00f3ricas para dignificar la vida de nuestros vecinos y vecinas\u201d - Nuevo Digital de Escobar<\/title>\n<meta name=\"robots\" content=\"index, follow, max-snippet:-1, max-image-preview:large, max-video-preview:-1\" \/>\n<link rel=\"canonical\" href=\"https:\/\/nuevodigitaldeescobar.com.ar\/?p=27\" \/>\n<meta property=\"og:locale\" content=\"es_ES\" \/>\n<meta property=\"og:type\" content=\"article\" \/>\n<meta property=\"og:title\" content=\"\u201cFormamos parte de una gesti\u00f3n que sald\u00f3 deudas hist\u00f3ricas para dignificar la vida de nuestros vecinos y vecinas\u201d - Nuevo Digital de Escobar\" \/>\n<meta property=\"og:description\" content=\"La actual secretaria de Planificaci\u00f3n e Infraestructura del Municipio y segunda candidata en la lista de concejales de Uni\u00f3n por la Patria en Escobar, Ver\u00f3nica [&hellip;]\" \/>\n<meta property=\"og:url\" content=\"https:\/\/nuevodigitaldeescobar.com.ar\/?p=27\" \/>\n<meta property=\"og:site_name\" content=\"Nuevo Digital de Escobar\" \/>\n<meta property=\"article:publisher\" content=\"https:\/\/www.facebook.com\/NUEVODigitalDeEscobar\" \/>\n<meta property=\"article:published_time\" content=\"2023-10-17T14:31:26+00:00\" \/>\n<meta property=\"article:modified_time\" content=\"2023-10-17T15:38:42+00:00\" \/>\n<meta property=\"og:image\" content=\"https:\/\/nuevodigitaldeescobar.com.ar\/wp-content\/uploads\/2023\/10\/002-scaled.jpg\" \/>\n\t<meta property=\"og:image:width\" content=\"2560\" \/>\n\t<meta property=\"og:image:height\" content=\"1707\" \/>\n\t<meta property=\"og:image:type\" content=\"image\/jpeg\" \/>\n<meta name=\"author\" content=\"Redacci\u00f3n\" \/>\n<meta name=\"twitter:card\" content=\"summary_large_image\" \/>\n<meta name=\"twitter:creator\" content=\"@nuevodigescobar\" \/>\n<meta name=\"twitter:site\" content=\"@nuevodigescobar\" \/>\n<meta name=\"twitter:label1\" content=\"Escrito por\" \/>\n\t<meta name=\"twitter:data1\" content=\"Redacci\u00f3n\" \/>\n\t<meta name=\"twitter:label2\" content=\"Tiempo de lectura\" \/>\n\t<meta name=\"twitter:data2\" content=\"2 minutos\" \/>\n<script type=\"application\/ld+json\" class=\"yoast-schema-graph\">{\"@context\":\"https:\/\/schema.org\",\"@graph\":[{\"@type\":\"Article\",\"@id\":\"https:\/\/nuevodigitaldeescobar.com.ar\/?p=27#article\",\"isPartOf\":{\"@id\":\"https:\/\/nuevodigitaldeescobar.com.ar\/?p=27\"},\"author\":{\"name\":\"Redacci\u00f3n\",\"@id\":\"https:\/\/nuevodigitaldeescobar.com.ar\/#\/schema\/person\/035e90a8efe9a80e6eec22656ad6ea4c\"},\"headline\":\"\u201cFormamos parte de una gesti\u00f3n que sald\u00f3 deudas hist\u00f3ricas para dignificar la vida de nuestros vecinos y vecinas\u201d\",\"datePublished\":\"2023-10-17T14:31:26+00:00\",\"dateModified\":\"2023-10-17T15:38:42+00:00\",\"mainEntityOfPage\":{\"@id\":\"https:\/\/nuevodigitaldeescobar.com.ar\/?p=27\"},\"wordCount\":482,\"commentCount\":0,\"publisher\":{\"@id\":\"https:\/\/nuevodigitaldeescobar.com.ar\/#organization\"},\"image\":{\"@id\":\"https:\/\/nuevodigitaldeescobar.com.ar\/?p=27#primaryimage\"},\"thumbnailUrl\":\"https:\/\/nuevodigitaldeescobar.com.ar\/wp-content\/uploads\/2023\/10\/002-scaled.jpg\",\"articleSection\":[\"Pol\u00edtica\"],\"inLanguage\":\"es\",\"potentialAction\":[{\"@type\":\"CommentAction\",\"name\":\"Comment\",\"target\":[\"https:\/\/nuevodigitaldeescobar.com.ar\/?p=27#respond\"]}]},{\"@type\":\"WebPage\",\"@id\":\"https:\/\/nuevodigitaldeescobar.com.ar\/?p=27\",\"url\":\"https:\/\/nuevodigitaldeescobar.com.ar\/?p=27\",\"name\":\"\u201cFormamos parte de una gesti\u00f3n que sald\u00f3 deudas hist\u00f3ricas para dignificar la vida de nuestros vecinos y vecinas\u201d - Nuevo Digital de Escobar\",\"isPartOf\":{\"@id\":\"https:\/\/nuevodigitaldeescobar.com.ar\/#website\"},\"primaryImageOfPage\":{\"@id\":\"https:\/\/nuevodigitaldeescobar.com.ar\/?p=27#primaryimage\"},\"image\":{\"@id\":\"https:\/\/nuevodigitaldeescobar.com.ar\/?p=27#primaryimage\"},\"thumbnailUrl\":\"https:\/\/nuevodigitaldeescobar.com.ar\/wp-content\/uploads\/2023\/10\/002-scaled.jpg\",\"datePublished\":\"2023-10-17T14:31:26+00:00\",\"dateModified\":\"2023-10-17T15:38:42+00:00\",\"breadcrumb\":{\"@id\":\"https:\/\/nuevodigitaldeescobar.com.ar\/?p=27#breadcrumb\"},\"inLanguage\":\"es\",\"potentialAction\":[{\"@type\":\"ReadAction\",\"target\":[\"https:\/\/nuevodigitaldeescobar.com.ar\/?p=27\"]}]},{\"@type\":\"ImageObject\",\"inLanguage\":\"es\",\"@id\":\"https:\/\/nuevodigitaldeescobar.com.ar\/?p=27#primaryimage\",\"url\":\"https:\/\/nuevodigitaldeescobar.com.ar\/wp-content\/uploads\/2023\/10\/002-scaled.jpg\",\"contentUrl\":\"https:\/\/nuevodigitaldeescobar.com.ar\/wp-content\/uploads\/2023\/10\/002-scaled.jpg\",\"width\":2560,\"height\":1707},{\"@type\":\"BreadcrumbList\",\"@id\":\"https:\/\/nuevodigitaldeescobar.com.ar\/?p=27#breadcrumb\",\"itemListElement\":[{\"@type\":\"ListItem\",\"position\":1,\"name\":\"Portada\",\"item\":\"https:\/\/nuevodigitaldeescobar.com.ar\/\"},{\"@type\":\"ListItem\",\"position\":2,\"name\":\"\u201cFormamos parte de una gesti\u00f3n que sald\u00f3 deudas hist\u00f3ricas para dignificar la vida de nuestros vecinos y vecinas\u201d\"}]},{\"@type\":\"WebSite\",\"@id\":\"https:\/\/nuevodigitaldeescobar.com.ar\/#website\",\"url\":\"https:\/\/nuevodigitaldeescobar.com.ar\/\",\"name\":\"Nuevo Digital de Escobar\",\"description\":\"La vida escobarense. Directora: Rosana Brunner\",\"publisher\":{\"@id\":\"https:\/\/nuevodigitaldeescobar.com.ar\/#organization\"},\"potentialAction\":[{\"@type\":\"SearchAction\",\"target\":{\"@type\":\"EntryPoint\",\"urlTemplate\":\"https:\/\/nuevodigitaldeescobar.com.ar\/?s={search_term_string}\"},\"query-input\":{\"@type\":\"PropertyValueSpecification\",\"valueRequired\":true,\"valueName\":\"search_term_string\"}}],\"inLanguage\":\"es\"},{\"@type\":\"Organization\",\"@id\":\"https:\/\/nuevodigitaldeescobar.com.ar\/#organization\",\"name\":\"Nuevo Digital de Escobar\",\"url\":\"https:\/\/nuevodigitaldeescobar.com.ar\/\",\"logo\":{\"@type\":\"ImageObject\",\"inLanguage\":\"es\",\"@id\":\"https:\/\/nuevodigitaldeescobar.com.ar\/#\/schema\/logo\/image\/\",\"url\":\"https:\/\/nuevodigitaldeescobar.com.ar\/wp-content\/uploads\/2025\/05\/cropped-logo-nuevo2.jpg\",\"contentUrl\":\"https:\/\/nuevodigitaldeescobar.com.ar\/wp-content\/uploads\/2025\/05\/cropped-logo-nuevo2.jpg\",\"width\":305,\"height\":305,\"caption\":\"Nuevo Digital de Escobar\"},\"image\":{\"@id\":\"https:\/\/nuevodigitaldeescobar.com.ar\/#\/schema\/logo\/image\/\"},\"sameAs\":[\"https:\/\/www.facebook.com\/NUEVODigitalDeEscobar\",\"https:\/\/x.com\/nuevodigescobar\",\"https:\/\/www.instagram.com\/nuevodigitaldeescobar\"]},{\"@type\":\"Person\",\"@id\":\"https:\/\/nuevodigitaldeescobar.com.ar\/#\/schema\/person\/035e90a8efe9a80e6eec22656ad6ea4c\",\"name\":\"Redacci\u00f3n\",\"image\":{\"@type\":\"ImageObject\",\"inLanguage\":\"es\",\"@id\":\"https:\/\/nuevodigitaldeescobar.com.ar\/#\/schema\/person\/image\/\",\"url\":\"https:\/\/secure.gravatar.com\/avatar\/8af8f40000c24e9eef3034f2be5998a372bb1389e64b1a4a36b3a7979142220d?s=96&d=mm&r=g\",\"contentUrl\":\"https:\/\/secure.gravatar.com\/avatar\/8af8f40000c24e9eef3034f2be5998a372bb1389e64b1a4a36b3a7979142220d?s=96&d=mm&r=g\",\"caption\":\"Redacci\u00f3n\"},\"sameAs\":[\"http:\/\/nuevodigitaldeescobar.com.ar\"],\"url\":\"https:\/\/nuevodigitaldeescobar.com.ar\/?author=1\"}]}<\/script>\n<!-- \/ Yoast SEO plugin. -->","yoast_head_json":{"title":"\u201cFormamos parte de una gesti\u00f3n que sald\u00f3 deudas hist\u00f3ricas para dignificar la vida de nuestros vecinos y vecinas\u201d - Nuevo Digital de Escobar","robots":{"index":"index","follow":"follow","max-snippet":"max-snippet:-1","max-image-preview":"max-image-preview:large","max-video-preview":"max-video-preview:-1"},"canonical":"https:\/\/nuevodigitaldeescobar.com.ar\/?p=27","og_locale":"es_ES","og_type":"article","og_title":"\u201cFormamos parte de una gesti\u00f3n que sald\u00f3 deudas hist\u00f3ricas para dignificar la vida de nuestros vecinos y vecinas\u201d - Nuevo Digital de Escobar","og_description":"La actual secretaria de Planificaci\u00f3n e Infraestructura del Municipio y segunda candidata en la lista de concejales de Uni\u00f3n por la Patria en Escobar, Ver\u00f3nica [&hellip;]","og_url":"https:\/\/nuevodigitaldeescobar.com.ar\/?p=27","og_site_name":"Nuevo Digital de Escobar","article_publisher":"https:\/\/www.facebook.com\/NUEVODigitalDeEscobar","article_published_time":"2023-10-17T14:31:26+00:00","article_modified_time":"2023-10-17T15:38:42+00:00","og_image":[{"width":2560,"height":1707,"url":"https:\/\/nuevodigitaldeescobar.com.ar\/wp-content\/uploads\/2023\/10\/002-scaled.jpg","type":"image\/jpeg"}],"author":"Redacci\u00f3n","twitter_card":"summary_large_image","twitter_creator":"@nuevodigescobar","twitter_site":"@nuevodigescobar","twitter_misc":{"Escrito por":"Redacci\u00f3n","Tiempo de lectura":"2 minutos"},"schema":{"@context":"https:\/\/schema.org","@graph":[{"@type":"Article","@id":"https:\/\/nuevodigitaldeescobar.com.ar\/?p=27#article","isPartOf":{"@id":"https:\/\/nuevodigitaldeescobar.com.ar\/?p=27"},"author":{"name":"Redacci\u00f3n","@id":"https:\/\/nuevodigitaldeescobar.com.ar\/#\/schema\/person\/035e90a8efe9a80e6eec22656ad6ea4c"},"headline":"\u201cFormamos parte de una gesti\u00f3n que sald\u00f3 deudas hist\u00f3ricas para dignificar la vida de nuestros vecinos y vecinas\u201d","datePublished":"2023-10-17T14:31:26+00:00","dateModified":"2023-10-17T15:38:42+00:00","mainEntityOfPage":{"@id":"https:\/\/nuevodigitaldeescobar.com.ar\/?p=27"},"wordCount":482,"commentCount":0,"publisher":{"@id":"https:\/\/nuevodigitaldeescobar.com.ar\/#organization"},"image":{"@id":"https:\/\/nuevodigitaldeescobar.com.ar\/?p=27#primaryimage"},"thumbnailUrl":"https:\/\/nuevodigitaldeescobar.com.ar\/wp-content\/uploads\/2023\/10\/002-scaled.jpg","articleSection":["Pol\u00edtica"],"inLanguage":"es","potentialAction":[{"@type":"CommentAction","name":"Comment","target":["https:\/\/nuevodigitaldeescobar.com.ar\/?p=27#respond"]}]},{"@type":"WebPage","@id":"https:\/\/nuevodigitaldeescobar.com.ar\/?p=27","url":"https:\/\/nuevodigitaldeescobar.com.ar\/?p=27","name":"\u201cFormamos parte de una gesti\u00f3n que sald\u00f3 deudas hist\u00f3ricas para dignificar la vida de nuestros vecinos y vecinas\u201d - Nuevo Digital de Escobar","isPartOf":{"@id":"https:\/\/nuevodigitaldeescobar.com.ar\/#website"},"primaryImageOfPage":{"@id":"https:\/\/nuevodigitaldeescobar.com.ar\/?p=27#primaryimage"},"image":{"@id":"https:\/\/nuevodigitaldeescobar.com.ar\/?p=27#primaryimage"},"thumbnailUrl":"https:\/\/nuevodigitaldeescobar.com.ar\/wp-content\/uploads\/2023\/10\/002-scaled.jpg","datePublished":"2023-10-17T14:31:26+00:00","dateModified":"2023-10-17T15:38:42+00:00","breadcrumb":{"@id":"https:\/\/nuevodigitaldeescobar.com.ar\/?p=27#breadcrumb"},"inLanguage":"es","potentialAction":[{"@type":"ReadAction","target":["https:\/\/nuevodigitaldeescobar.com.ar\/?p=27"]}]},{"@type":"ImageObject","inLanguage":"es","@id":"https:\/\/nuevodigitaldeescobar.com.ar\/?p=27#primaryimage","url":"https:\/\/nuevodigitaldeescobar.com.ar\/wp-content\/uploads\/2023\/10\/002-scaled.jpg","contentUrl":"https:\/\/nuevodigitaldeescobar.com.ar\/wp-content\/uploads\/2023\/10\/002-scaled.jpg","width":2560,"height":1707},{"@type":"BreadcrumbList","@id":"https:\/\/nuevodigitaldeescobar.com.ar\/?p=27#breadcrumb","itemListElement":[{"@type":"ListItem","position":1,"name":"Portada","item":"https:\/\/nuevodigitaldeescobar.com.ar\/"},{"@type":"ListItem","position":2,"name":"\u201cFormamos parte de una gesti\u00f3n que sald\u00f3 deudas hist\u00f3ricas para dignificar la vida de nuestros vecinos y vecinas\u201d"}]},{"@type":"WebSite","@id":"https:\/\/nuevodigitaldeescobar.com.ar\/#website","url":"https:\/\/nuevodigitaldeescobar.com.ar\/","name":"Nuevo Digital de Escobar","description":"La vida escobarense. Directora: Rosana Brunner","publisher":{"@id":"https:\/\/nuevodigitaldeescobar.com.ar\/#organization"},"potentialAction":[{"@type":"SearchAction","target":{"@type":"EntryPoint","urlTemplate":"https:\/\/nuevodigitaldeescobar.com.ar\/?s={search_term_string}"},"query-input":{"@type":"PropertyValueSpecification","valueRequired":true,"valueName":"search_term_string"}}],"inLanguage":"es"},{"@type":"Organization","@id":"https:\/\/nuevodigitaldeescobar.com.ar\/#organization","name":"Nuevo Digital de Escobar","url":"https:\/\/nuevodigitaldeescobar.com.ar\/","logo":{"@type":"ImageObject","inLanguage":"es","@id":"https:\/\/nuevodigitaldeescobar.com.ar\/#\/schema\/logo\/image\/","url":"https:\/\/nuevodigitaldeescobar.com.ar\/wp-content\/uploads\/2025\/05\/cropped-logo-nuevo2.jpg","contentUrl":"https:\/\/nuevodigitaldeescobar.com.ar\/wp-content\/uploads\/2025\/05\/cropped-logo-nuevo2.jpg","width":305,"height":305,"caption":"Nuevo Digital de Escobar"},"image":{"@id":"https:\/\/nuevodigitaldeescobar.com.ar\/#\/schema\/logo\/image\/"},"sameAs":["https:\/\/www.facebook.com\/NUEVODigitalDeEscobar","https:\/\/x.com\/nuevodigescobar","https:\/\/www.instagram.com\/nuevodigitaldeescobar"]},{"@type":"Person","@id":"https:\/\/nuevodigitaldeescobar.com.ar\/#\/schema\/person\/035e90a8efe9a80e6eec22656ad6ea4c","name":"Redacci\u00f3n","image":{"@type":"ImageObject","inLanguage":"es","@id":"https:\/\/nuevodigitaldeescobar.com.ar\/#\/schema\/person\/image\/","url":"https:\/\/secure.gravatar.com\/avatar\/8af8f40000c24e9eef3034f2be5998a372bb1389e64b1a4a36b3a7979142220d?s=96&d=mm&r=g","contentUrl":"https:\/\/secure.gravatar.com\/avatar\/8af8f40000c24e9eef3034f2be5998a372bb1389e64b1a4a36b3a7979142220d?s=96&d=mm&r=g","caption":"Redacci\u00f3n"},"sameAs":["http:\/\/nuevodigitaldeescobar.com.ar"],"url":"https:\/\/nuevodigitaldeescobar.com.ar\/?author=1"}]}},"featured_image_urls":{"full":["https:\/\/nuevodigitaldeescobar.com.ar\/wp-content\/uploads\/2023\/10\/002-scaled.jpg",2560,1707,false],"thumbnail":["https:\/\/nuevodigitaldeescobar.com.ar\/wp-content\/uploads\/2023\/10\/002-150x150.jpg",150,150,true],"medium":["https:\/\/nuevodigitaldeescobar.com.ar\/wp-content\/uploads\/2023\/10\/002-300x200.jpg",300,200,true],"medium_large":["https:\/\/nuevodigitaldeescobar.com.ar\/wp-content\/uploads\/2023\/10\/002-768x512.jpg",640,427,true],"large":["https:\/\/nuevodigitaldeescobar.com.ar\/wp-content\/uploads\/2023\/10\/002-1024x683.jpg",640,427,true],"1536x1536":["https:\/\/nuevodigitaldeescobar.com.ar\/wp-content\/uploads\/2023\/10\/002-1536x1024.jpg",1536,1024,true],"2048x2048":["https:\/\/nuevodigitaldeescobar.com.ar\/wp-content\/uploads\/2023\/10\/002-2048x1365.jpg",2048,1365,true]},"author_info":{"display_name":"Redacci\u00f3n","author_link":"https:\/\/nuevodigitaldeescobar.com.ar\/?author=1"},"category_info":"<a href=\"https:\/\/nuevodigitaldeescobar.com.ar\/?cat=6\" rel=\"category\">Pol\u00edtica<\/a>","tag_info":"Pol\u00edtica","comment_count":"0","_links":{"self":[{"href":"https:\/\/nuevodigitaldeescobar.com.ar\/index.php?rest_route=\/wp\/v2\/posts\/27","targetHints":{"allow":["GET"]}}],"collection":[{"href":"https:\/\/nuevodigitaldeescobar.com.ar\/index.php?rest_route=\/wp\/v2\/posts"}],"about":[{"href":"https:\/\/nuevodigitaldeescobar.com.ar\/index.php?rest_route=\/wp\/v2\/types\/post"}],"author":[{"embeddable":true,"href":"https:\/\/nuevodigitaldeescobar.com.ar\/index.php?rest_route=\/wp\/v2\/users\/1"}],"replies":[{"embeddable":true,"href":"https:\/\/nuevodigitaldeescobar.com.ar\/index.php?rest_route=%2Fwp%2Fv2%2Fcomments&post=27"}],"version-history":[{"count":2,"href":"https:\/\/nuevodigitaldeescobar.com.ar\/index.php?rest_route=\/wp\/v2\/posts\/27\/revisions"}],"predecessor-version":[{"id":80,"href":"https:\/\/nuevodigitaldeescobar.com.ar\/index.php?rest_route=\/wp\/v2\/posts\/27\/revisions\/80"}],"wp:featuredmedia":[{"embeddable":true,"href":"https:\/\/nuevodigitaldeescobar.com.ar\/index.php?rest_route=\/wp\/v2\/media\/28"}],"wp:attachment":[{"href":"https:\/\/nuevodigitaldeescobar.com.ar\/index.php?rest_route=%2Fwp%2Fv2%2Fmedia&parent=27"}],"wp:term":[{"taxonomy":"category","embeddable":true,"href":"https:\/\/nuevodigitaldeescobar.com.ar\/index.php?rest_route=%2Fwp%2Fv2%2Fcategories&post=27"},{"taxonomy":"post_tag","embeddable":true,"href":"https:\/\/nuevodigitaldeescobar.com.ar\/index.php?rest_route=%2Fwp%2Fv2%2Ftags&post=27"}],"curies":[{"name":"wp","href":"https:\/\/api.w.org\/{rel}","templated":true}]}}