{"id":2711,"date":"2024-01-19T07:00:00","date_gmt":"2024-01-19T10:00:00","guid":{"rendered":"https:\/\/nuevodigitaldeescobar.com.ar\/?p=2711"},"modified":"2024-01-18T19:17:46","modified_gmt":"2024-01-18T22:17:46","slug":"el-gobierno-descontara-el-dia-a-los-empleados-estatales-nacionales-que-adhieran-al-paro-del-proximo-24-de-enero","status":"publish","type":"post","link":"https:\/\/nuevodigitaldeescobar.com.ar\/?p=2711","title":{"rendered":"El Gobierno descontar\u00e1 el d\u00eda a los empleados estatales nacionales que adhieran al paro del pr\u00f3ximo 24 de enero"},"content":{"rendered":"<p><span style=\"color: #003366;\"><strong><em>As\u00ed lo inform\u00f3 el vocero presidencial, Manuel Adorni, durante su conferencia de prensa matutina. Adem\u00e1s, volvi\u00f3 a cruzar a Pablo Moyano.<\/em><\/strong><\/span><\/p>\n<p><!--more--><\/p>\n<hr \/>\n<p>El Gobierno nacional decidi\u00f3 que le descontar\u00e1 el d\u00eda a los empleados estatales que adhieran al paro del pr\u00f3ximo 24 de enero convocado por la Confederaci\u00f3n General del Trabajo (CGT).<\/p>\n<p>As\u00ed lo inform\u00f3 el vocero presidencial, Manuel Adorni, durante su conferencia de prensa matutina de este jueves: <em>\u201cSe ha tomado la decisi\u00f3n de descontar ese d\u00eda a todos los empleados estatales nacional que adhieran a esta medida\u00bb<\/em>.<\/p>\n<p><em>\u201cEl salario es una contraprestaci\u00f3n y quien no trabaja es razonable que no cobre. Seguimos esperando los argumentos del porqu\u00e9 del paro porque no nos terminan de quedar claro\u201d<\/em>, agreg\u00f3 Adorni.<\/p>\n<p>En esa l\u00ednea ratific\u00f3 el funcionamiento de la l\u00ednea 134 para <em>\u201ctodos aquellos que se sientan extorsionados u obligados en parar puedan hacer la denuncia an\u00f3nima\u00bb<\/em> en esa l\u00ednea.<\/p>\n<p>Adem\u00e1s, el portavoz del presidente Javier Milei volvi\u00f3 a cruzar al dirigente de Camioneros y de la CGT, Pablo Moyano: <em>\u201cEscuch\u00e9 decir al hijo de Hugo Moyano (Pablo) que el pa\u00eds est\u00e1 funcionando\u2026 Hay que ver lo que es para \u00e9l un pa\u00eds funcionando o para qui\u00e9nes funciona\u201d<\/em>.<\/p>\n<h3><span style=\"color: #003366;\"><strong>El oficialismo busca dictamen para trata la ley \u00f3mnibus<\/strong><\/span><\/h3>\n<p>El mi\u00e9rcoles, el presidente de la C\u00e1mara de Diputados, Mart\u00edn Menem, admiti\u00f3 que el oficialismo busca obtener dictamen en las pr\u00f3ximas horas y poder sesionar el s\u00e1bado en el recinto la Ley Bases, que se debate en comisiones desde la semana pasada.<\/p>\n<p>En este contexto, Adorni indic\u00f3: <em>\u201cNada est\u00e1 descartado. Efectivamente, es intenci\u00f3n de todos los que queremos acelerar el proceso de cambio que se sesione lo antes posible. Es estrictamente materia legislativa en lo que no intervenimos. Veremos si se puede dar o no\u201d<\/em>.<\/p>\n<h3><span style=\"color: #003366;\"><strong>Pa\u00f1os fr\u00edos a la dolarizaci\u00f3n <\/strong><\/span><\/h3>\n<p>En una ronda de prensa en el Foro de Davos, el ministro de Econom\u00eda, Luis Caputo, le puso pa\u00f1os fr\u00edos a la dolarizaci\u00f3n <em>\u201cporque todav\u00eda no est\u00e1n las condiciones dadas\u201d<\/em>.<\/p>\n<p><em>\u201cLa situaci\u00f3n argentina se deterior\u00f3 masivamente en el \u00faltimo cuarto. No hay apuro para esa dolarizaci\u00f3n. La prioridad es estabilizar la econom\u00eda\u201d<\/em>, sostuvo Caputo.<\/p>\n<p>Al ser consultado por el tema, Adorni argument\u00f3: <em>\u00abDurante meses, Milei habl\u00f3 sobren cu\u00e1l es el fin en materia de dolarizaci\u00f3n. \u00c9l siempre habl\u00f3 de competencias de monedas y ese es nuestro Norte\u00bb<\/em>.<\/p>\n<p><em>\u201cEste es un camino que va teniendo sus pasos. Hoy, el paso que estamos dando es la Ley Bases. De ley depender\u00e1 cu\u00e1les ser\u00e1n los pasos a seguir. Estamos convencidos de que la ley no llegue a buen destino, entendemos que en ese plano hipot\u00e9tico de que no llegue a aprobarse, el ajuste tenga que reverse\u201d<\/em>, explic\u00f3.<\/p>\n<h3><span style=\"color: #003366;\"><strong>Balance sobre la visita de Milei a Davos<\/strong><\/span><\/h3>\n<p>Sobre la visita del jefe de Estado al Foro Econ\u00f3mico Mundial, Adorni describi\u00f3: <em>\u00abHabitualmente, los mandatarios argentinos se dedicaban a ir a este tipo de foros a quedar bien o a pasar el momento\u00bb<\/em>.<\/p>\n<p><em>\u00abEl Presidente ha mostrado cu\u00e1les son sus convicciones y hacia d\u00f3nde pretende que vaya la Argentina, y nos honra que la Argentina vuelva efectivamente a ser un faro del mundo occidental\u201d<\/em>, a\u00f1adi\u00f3.<\/p>\n<p>Para Adorni, <em>\u00ablos mandatarios y los hombres de negocios se mostraron entusiasmados con el proceso de cambio que vive la Argentina, apelando a que la pol\u00edtica local est\u00e9 a la altura de este momento hist\u00f3rico y acompa\u00f1e el camino que se est\u00e1 empezando a trazar\u201d<\/em>.<\/p>\n<p><em>(NA)<\/em><\/p>\n","protected":false},"excerpt":{"rendered":"<p>As\u00ed lo inform\u00f3 el vocero presidencial, Manuel Adorni, durante su conferencia de prensa matutina. Adem\u00e1s, volvi\u00f3 a cruzar a Pablo Moyano.<\/p>\n","protected":false},"author":1,"featured_media":2712,"comment_status":"open","ping_status":"closed","sticky":false,"template":"","format":"standard","meta":{"footnotes":""},"categories":[6],"tags":[],"class_list":["post-2711","post","type-post","status-publish","format-standard","has-post-thumbnail","hentry","category-politica"],"better_featured_image":{"id":2712,"alt_text":"","caption":"","description":"","media_type":"image","media_details":{"width":720,"height":480,"file":"2024\/01\/manuel-adorni-vocero-e1705615196641.jpg","filesize":85334,"sizes":{"medium":{"file":"manuel-adorni-vocero-300x200.jpg","width":300,"height":200,"mime-type":"image\/jpeg","filesize":10155,"source_url":"https:\/\/nuevodigitaldeescobar.com.ar\/wp-content\/uploads\/2024\/01\/manuel-adorni-vocero-300x200.jpg"},"large":{"file":"manuel-adorni-vocero-1024x683.jpg","width":1024,"height":683,"mime-type":"image\/jpeg","filesize":56695,"source_url":"https:\/\/nuevodigitaldeescobar.com.ar\/wp-content\/uploads\/2024\/01\/manuel-adorni-vocero-1024x683.jpg"},"thumbnail":{"file":"manuel-adorni-vocero-150x150.jpg","width":150,"height":150,"mime-type":"image\/jpeg","filesize":5424,"source_url":"https:\/\/nuevodigitaldeescobar.com.ar\/wp-content\/uploads\/2024\/01\/manuel-adorni-vocero-150x150.jpg"},"medium_large":{"file":"manuel-adorni-vocero-768x512.jpg","width":768,"height":512,"mime-type":"image\/jpeg","filesize":37564,"source_url":"https:\/\/nuevodigitaldeescobar.com.ar\/wp-content\/uploads\/2024\/01\/manuel-adorni-vocero-768x512.jpg"},"covernews-slider-full":{"file":"manuel-adorni-vocero-1080x715.jpg","width":1080,"height":715,"mime-type":"image\/jpeg","filesize":64576,"source_url":"https:\/\/nuevodigitaldeescobar.com.ar\/wp-content\/uploads\/2024\/01\/manuel-adorni-vocero-1080x715.jpg"},"covernews-slider-center":{"file":"manuel-adorni-vocero-800x500.jpg","width":800,"height":500,"mime-type":"image\/jpeg","filesize":38468,"source_url":"https:\/\/nuevodigitaldeescobar.com.ar\/wp-content\/uploads\/2024\/01\/manuel-adorni-vocero-800x500.jpg"},"covernews-featured":{"file":"manuel-adorni-vocero-1024x683.jpg","width":1024,"height":683,"mime-type":"image\/jpeg","filesize":56695,"source_url":"https:\/\/nuevodigitaldeescobar.com.ar\/wp-content\/uploads\/2024\/01\/manuel-adorni-vocero-1024x683.jpg"},"covernews-medium":{"file":"manuel-adorni-vocero-540x340.jpg","width":540,"height":340,"mime-type":"image\/jpeg","filesize":22226,"source_url":"https:\/\/nuevodigitaldeescobar.com.ar\/wp-content\/uploads\/2024\/01\/manuel-adorni-vocero-540x340.jpg"},"covernews-medium-square":{"file":"manuel-adorni-vocero-400x250.jpg","width":400,"height":250,"mime-type":"image\/jpeg","filesize":14643,"source_url":"https:\/\/nuevodigitaldeescobar.com.ar\/wp-content\/uploads\/2024\/01\/manuel-adorni-vocero-400x250.jpg"}},"image_meta":{"aperture":"0","credit":"","camera":"","caption":"","created_timestamp":"0","copyright":"","focal_length":"0","iso":"0","shutter_speed":"0","title":"","orientation":"0","keywords":[]}},"post":2711,"source_url":"https:\/\/nuevodigitaldeescobar.com.ar\/wp-content\/uploads\/2024\/01\/manuel-adorni-vocero-e1705615196641.jpg"},"yoast_head":"<!-- This site is optimized with the Yoast SEO plugin v26.1.1 - https:\/\/yoast.com\/wordpress\/plugins\/seo\/ -->\n<title>El Gobierno descontar\u00e1 el d\u00eda a los empleados estatales nacionales que adhieran al paro del pr\u00f3ximo 24 de enero - Nuevo Digital de Escobar<\/title>\n<meta name=\"robots\" content=\"index, follow, max-snippet:-1, max-image-preview:large, max-video-preview:-1\" \/>\n<link rel=\"canonical\" href=\"https:\/\/nuevodigitaldeescobar.com.ar\/?p=2711\" \/>\n<meta property=\"og:locale\" content=\"es_ES\" \/>\n<meta property=\"og:type\" content=\"article\" \/>\n<meta property=\"og:title\" content=\"El Gobierno descontar\u00e1 el d\u00eda a los empleados estatales nacionales que adhieran al paro del pr\u00f3ximo 24 de enero - Nuevo Digital de Escobar\" \/>\n<meta property=\"og:description\" content=\"As\u00ed lo inform\u00f3 el vocero presidencial, Manuel Adorni, durante su conferencia de prensa matutina. Adem\u00e1s, volvi\u00f3 a cruzar a Pablo Moyano.\" \/>\n<meta property=\"og:url\" content=\"https:\/\/nuevodigitaldeescobar.com.ar\/?p=2711\" \/>\n<meta property=\"og:site_name\" content=\"Nuevo Digital de Escobar\" \/>\n<meta property=\"article:publisher\" content=\"https:\/\/www.facebook.com\/NUEVODigitalDeEscobar\" \/>\n<meta property=\"article:published_time\" content=\"2024-01-19T10:00:00+00:00\" \/>\n<meta property=\"og:image\" content=\"https:\/\/nuevodigitaldeescobar.com.ar\/wp-content\/uploads\/2024\/01\/manuel-adorni-vocero-e1705615196641.jpg\" \/>\n\t<meta property=\"og:image:width\" content=\"720\" \/>\n\t<meta property=\"og:image:height\" content=\"480\" \/>\n\t<meta property=\"og:image:type\" content=\"image\/jpeg\" \/>\n<meta name=\"author\" content=\"Redacci\u00f3n\" \/>\n<meta name=\"twitter:card\" content=\"summary_large_image\" \/>\n<meta name=\"twitter:creator\" content=\"@nuevodigescobar\" \/>\n<meta name=\"twitter:site\" content=\"@nuevodigescobar\" \/>\n<meta name=\"twitter:label1\" content=\"Escrito por\" \/>\n\t<meta name=\"twitter:data1\" content=\"Redacci\u00f3n\" \/>\n\t<meta name=\"twitter:label2\" content=\"Tiempo de lectura\" \/>\n\t<meta name=\"twitter:data2\" content=\"3 minutos\" \/>\n<script type=\"application\/ld+json\" class=\"yoast-schema-graph\">{\"@context\":\"https:\/\/schema.org\",\"@graph\":[{\"@type\":\"Article\",\"@id\":\"https:\/\/nuevodigitaldeescobar.com.ar\/?p=2711#article\",\"isPartOf\":{\"@id\":\"https:\/\/nuevodigitaldeescobar.com.ar\/?p=2711\"},\"author\":{\"name\":\"Redacci\u00f3n\",\"@id\":\"https:\/\/nuevodigitaldeescobar.com.ar\/#\/schema\/person\/035e90a8efe9a80e6eec22656ad6ea4c\"},\"headline\":\"El Gobierno descontar\u00e1 el d\u00eda a los empleados estatales nacionales que adhieran al paro del pr\u00f3ximo 24 de enero\",\"datePublished\":\"2024-01-19T10:00:00+00:00\",\"mainEntityOfPage\":{\"@id\":\"https:\/\/nuevodigitaldeescobar.com.ar\/?p=2711\"},\"wordCount\":622,\"commentCount\":0,\"publisher\":{\"@id\":\"https:\/\/nuevodigitaldeescobar.com.ar\/#organization\"},\"image\":{\"@id\":\"https:\/\/nuevodigitaldeescobar.com.ar\/?p=2711#primaryimage\"},\"thumbnailUrl\":\"https:\/\/nuevodigitaldeescobar.com.ar\/wp-content\/uploads\/2024\/01\/manuel-adorni-vocero-e1705615196641.jpg\",\"articleSection\":[\"Pol\u00edtica\"],\"inLanguage\":\"es\",\"potentialAction\":[{\"@type\":\"CommentAction\",\"name\":\"Comment\",\"target\":[\"https:\/\/nuevodigitaldeescobar.com.ar\/?p=2711#respond\"]}]},{\"@type\":\"WebPage\",\"@id\":\"https:\/\/nuevodigitaldeescobar.com.ar\/?p=2711\",\"url\":\"https:\/\/nuevodigitaldeescobar.com.ar\/?p=2711\",\"name\":\"El Gobierno descontar\u00e1 el d\u00eda a los empleados estatales nacionales que adhieran al paro del pr\u00f3ximo 24 de enero - Nuevo Digital de Escobar\",\"isPartOf\":{\"@id\":\"https:\/\/nuevodigitaldeescobar.com.ar\/#website\"},\"primaryImageOfPage\":{\"@id\":\"https:\/\/nuevodigitaldeescobar.com.ar\/?p=2711#primaryimage\"},\"image\":{\"@id\":\"https:\/\/nuevodigitaldeescobar.com.ar\/?p=2711#primaryimage\"},\"thumbnailUrl\":\"https:\/\/nuevodigitaldeescobar.com.ar\/wp-content\/uploads\/2024\/01\/manuel-adorni-vocero-e1705615196641.jpg\",\"datePublished\":\"2024-01-19T10:00:00+00:00\",\"breadcrumb\":{\"@id\":\"https:\/\/nuevodigitaldeescobar.com.ar\/?p=2711#breadcrumb\"},\"inLanguage\":\"es\",\"potentialAction\":[{\"@type\":\"ReadAction\",\"target\":[\"https:\/\/nuevodigitaldeescobar.com.ar\/?p=2711\"]}]},{\"@type\":\"ImageObject\",\"inLanguage\":\"es\",\"@id\":\"https:\/\/nuevodigitaldeescobar.com.ar\/?p=2711#primaryimage\",\"url\":\"https:\/\/nuevodigitaldeescobar.com.ar\/wp-content\/uploads\/2024\/01\/manuel-adorni-vocero-e1705615196641.jpg\",\"contentUrl\":\"https:\/\/nuevodigitaldeescobar.com.ar\/wp-content\/uploads\/2024\/01\/manuel-adorni-vocero-e1705615196641.jpg\",\"width\":720,\"height\":480},{\"@type\":\"BreadcrumbList\",\"@id\":\"https:\/\/nuevodigitaldeescobar.com.ar\/?p=2711#breadcrumb\",\"itemListElement\":[{\"@type\":\"ListItem\",\"position\":1,\"name\":\"Portada\",\"item\":\"https:\/\/nuevodigitaldeescobar.com.ar\/\"},{\"@type\":\"ListItem\",\"position\":2,\"name\":\"El Gobierno descontar\u00e1 el d\u00eda a los empleados estatales nacionales que adhieran al paro del pr\u00f3ximo 24 de enero\"}]},{\"@type\":\"WebSite\",\"@id\":\"https:\/\/nuevodigitaldeescobar.com.ar\/#website\",\"url\":\"https:\/\/nuevodigitaldeescobar.com.ar\/\",\"name\":\"Nuevo Digital de Escobar\",\"description\":\"La vida escobarense. Directora: Rosana Brunner\",\"publisher\":{\"@id\":\"https:\/\/nuevodigitaldeescobar.com.ar\/#organization\"},\"potentialAction\":[{\"@type\":\"SearchAction\",\"target\":{\"@type\":\"EntryPoint\",\"urlTemplate\":\"https:\/\/nuevodigitaldeescobar.com.ar\/?s={search_term_string}\"},\"query-input\":{\"@type\":\"PropertyValueSpecification\",\"valueRequired\":true,\"valueName\":\"search_term_string\"}}],\"inLanguage\":\"es\"},{\"@type\":\"Organization\",\"@id\":\"https:\/\/nuevodigitaldeescobar.com.ar\/#organization\",\"name\":\"Nuevo Digital de Escobar\",\"url\":\"https:\/\/nuevodigitaldeescobar.com.ar\/\",\"logo\":{\"@type\":\"ImageObject\",\"inLanguage\":\"es\",\"@id\":\"https:\/\/nuevodigitaldeescobar.com.ar\/#\/schema\/logo\/image\/\",\"url\":\"https:\/\/nuevodigitaldeescobar.com.ar\/wp-content\/uploads\/2025\/05\/cropped-logo-nuevo2.jpg\",\"contentUrl\":\"https:\/\/nuevodigitaldeescobar.com.ar\/wp-content\/uploads\/2025\/05\/cropped-logo-nuevo2.jpg\",\"width\":305,\"height\":305,\"caption\":\"Nuevo Digital de Escobar\"},\"image\":{\"@id\":\"https:\/\/nuevodigitaldeescobar.com.ar\/#\/schema\/logo\/image\/\"},\"sameAs\":[\"https:\/\/www.facebook.com\/NUEVODigitalDeEscobar\",\"https:\/\/x.com\/nuevodigescobar\",\"https:\/\/www.instagram.com\/nuevodigitaldeescobar\"]},{\"@type\":\"Person\",\"@id\":\"https:\/\/nuevodigitaldeescobar.com.ar\/#\/schema\/person\/035e90a8efe9a80e6eec22656ad6ea4c\",\"name\":\"Redacci\u00f3n\",\"image\":{\"@type\":\"ImageObject\",\"inLanguage\":\"es\",\"@id\":\"https:\/\/nuevodigitaldeescobar.com.ar\/#\/schema\/person\/image\/\",\"url\":\"https:\/\/secure.gravatar.com\/avatar\/8af8f40000c24e9eef3034f2be5998a372bb1389e64b1a4a36b3a7979142220d?s=96&d=mm&r=g\",\"contentUrl\":\"https:\/\/secure.gravatar.com\/avatar\/8af8f40000c24e9eef3034f2be5998a372bb1389e64b1a4a36b3a7979142220d?s=96&d=mm&r=g\",\"caption\":\"Redacci\u00f3n\"},\"sameAs\":[\"http:\/\/nuevodigitaldeescobar.com.ar\"],\"url\":\"https:\/\/nuevodigitaldeescobar.com.ar\/?author=1\"}]}<\/script>\n<!-- \/ Yoast SEO plugin. -->","yoast_head_json":{"title":"El Gobierno descontar\u00e1 el d\u00eda a los empleados estatales nacionales que adhieran al paro del pr\u00f3ximo 24 de enero - Nuevo Digital de Escobar","robots":{"index":"index","follow":"follow","max-snippet":"max-snippet:-1","max-image-preview":"max-image-preview:large","max-video-preview":"max-video-preview:-1"},"canonical":"https:\/\/nuevodigitaldeescobar.com.ar\/?p=2711","og_locale":"es_ES","og_type":"article","og_title":"El Gobierno descontar\u00e1 el d\u00eda a los empleados estatales nacionales que adhieran al paro del pr\u00f3ximo 24 de enero - Nuevo Digital de Escobar","og_description":"As\u00ed lo inform\u00f3 el vocero presidencial, Manuel Adorni, durante su conferencia de prensa matutina. Adem\u00e1s, volvi\u00f3 a cruzar a Pablo Moyano.","og_url":"https:\/\/nuevodigitaldeescobar.com.ar\/?p=2711","og_site_name":"Nuevo Digital de Escobar","article_publisher":"https:\/\/www.facebook.com\/NUEVODigitalDeEscobar","article_published_time":"2024-01-19T10:00:00+00:00","og_image":[{"width":720,"height":480,"url":"https:\/\/nuevodigitaldeescobar.com.ar\/wp-content\/uploads\/2024\/01\/manuel-adorni-vocero-e1705615196641.jpg","type":"image\/jpeg"}],"author":"Redacci\u00f3n","twitter_card":"summary_large_image","twitter_creator":"@nuevodigescobar","twitter_site":"@nuevodigescobar","twitter_misc":{"Escrito por":"Redacci\u00f3n","Tiempo de lectura":"3 minutos"},"schema":{"@context":"https:\/\/schema.org","@graph":[{"@type":"Article","@id":"https:\/\/nuevodigitaldeescobar.com.ar\/?p=2711#article","isPartOf":{"@id":"https:\/\/nuevodigitaldeescobar.com.ar\/?p=2711"},"author":{"name":"Redacci\u00f3n","@id":"https:\/\/nuevodigitaldeescobar.com.ar\/#\/schema\/person\/035e90a8efe9a80e6eec22656ad6ea4c"},"headline":"El Gobierno descontar\u00e1 el d\u00eda a los empleados estatales nacionales que adhieran al paro del pr\u00f3ximo 24 de enero","datePublished":"2024-01-19T10:00:00+00:00","mainEntityOfPage":{"@id":"https:\/\/nuevodigitaldeescobar.com.ar\/?p=2711"},"wordCount":622,"commentCount":0,"publisher":{"@id":"https:\/\/nuevodigitaldeescobar.com.ar\/#organization"},"image":{"@id":"https:\/\/nuevodigitaldeescobar.com.ar\/?p=2711#primaryimage"},"thumbnailUrl":"https:\/\/nuevodigitaldeescobar.com.ar\/wp-content\/uploads\/2024\/01\/manuel-adorni-vocero-e1705615196641.jpg","articleSection":["Pol\u00edtica"],"inLanguage":"es","potentialAction":[{"@type":"CommentAction","name":"Comment","target":["https:\/\/nuevodigitaldeescobar.com.ar\/?p=2711#respond"]}]},{"@type":"WebPage","@id":"https:\/\/nuevodigitaldeescobar.com.ar\/?p=2711","url":"https:\/\/nuevodigitaldeescobar.com.ar\/?p=2711","name":"El Gobierno descontar\u00e1 el d\u00eda a los empleados estatales nacionales que adhieran al paro del pr\u00f3ximo 24 de enero - Nuevo Digital de Escobar","isPartOf":{"@id":"https:\/\/nuevodigitaldeescobar.com.ar\/#website"},"primaryImageOfPage":{"@id":"https:\/\/nuevodigitaldeescobar.com.ar\/?p=2711#primaryimage"},"image":{"@id":"https:\/\/nuevodigitaldeescobar.com.ar\/?p=2711#primaryimage"},"thumbnailUrl":"https:\/\/nuevodigitaldeescobar.com.ar\/wp-content\/uploads\/2024\/01\/manuel-adorni-vocero-e1705615196641.jpg","datePublished":"2024-01-19T10:00:00+00:00","breadcrumb":{"@id":"https:\/\/nuevodigitaldeescobar.com.ar\/?p=2711#breadcrumb"},"inLanguage":"es","potentialAction":[{"@type":"ReadAction","target":["https:\/\/nuevodigitaldeescobar.com.ar\/?p=2711"]}]},{"@type":"ImageObject","inLanguage":"es","@id":"https:\/\/nuevodigitaldeescobar.com.ar\/?p=2711#primaryimage","url":"https:\/\/nuevodigitaldeescobar.com.ar\/wp-content\/uploads\/2024\/01\/manuel-adorni-vocero-e1705615196641.jpg","contentUrl":"https:\/\/nuevodigitaldeescobar.com.ar\/wp-content\/uploads\/2024\/01\/manuel-adorni-vocero-e1705615196641.jpg","width":720,"height":480},{"@type":"BreadcrumbList","@id":"https:\/\/nuevodigitaldeescobar.com.ar\/?p=2711#breadcrumb","itemListElement":[{"@type":"ListItem","position":1,"name":"Portada","item":"https:\/\/nuevodigitaldeescobar.com.ar\/"},{"@type":"ListItem","position":2,"name":"El Gobierno descontar\u00e1 el d\u00eda a los empleados estatales nacionales que adhieran al paro del pr\u00f3ximo 24 de enero"}]},{"@type":"WebSite","@id":"https:\/\/nuevodigitaldeescobar.com.ar\/#website","url":"https:\/\/nuevodigitaldeescobar.com.ar\/","name":"Nuevo Digital de Escobar","description":"La vida escobarense. Directora: Rosana Brunner","publisher":{"@id":"https:\/\/nuevodigitaldeescobar.com.ar\/#organization"},"potentialAction":[{"@type":"SearchAction","target":{"@type":"EntryPoint","urlTemplate":"https:\/\/nuevodigitaldeescobar.com.ar\/?s={search_term_string}"},"query-input":{"@type":"PropertyValueSpecification","valueRequired":true,"valueName":"search_term_string"}}],"inLanguage":"es"},{"@type":"Organization","@id":"https:\/\/nuevodigitaldeescobar.com.ar\/#organization","name":"Nuevo Digital de Escobar","url":"https:\/\/nuevodigitaldeescobar.com.ar\/","logo":{"@type":"ImageObject","inLanguage":"es","@id":"https:\/\/nuevodigitaldeescobar.com.ar\/#\/schema\/logo\/image\/","url":"https:\/\/nuevodigitaldeescobar.com.ar\/wp-content\/uploads\/2025\/05\/cropped-logo-nuevo2.jpg","contentUrl":"https:\/\/nuevodigitaldeescobar.com.ar\/wp-content\/uploads\/2025\/05\/cropped-logo-nuevo2.jpg","width":305,"height":305,"caption":"Nuevo Digital de Escobar"},"image":{"@id":"https:\/\/nuevodigitaldeescobar.com.ar\/#\/schema\/logo\/image\/"},"sameAs":["https:\/\/www.facebook.com\/NUEVODigitalDeEscobar","https:\/\/x.com\/nuevodigescobar","https:\/\/www.instagram.com\/nuevodigitaldeescobar"]},{"@type":"Person","@id":"https:\/\/nuevodigitaldeescobar.com.ar\/#\/schema\/person\/035e90a8efe9a80e6eec22656ad6ea4c","name":"Redacci\u00f3n","image":{"@type":"ImageObject","inLanguage":"es","@id":"https:\/\/nuevodigitaldeescobar.com.ar\/#\/schema\/person\/image\/","url":"https:\/\/secure.gravatar.com\/avatar\/8af8f40000c24e9eef3034f2be5998a372bb1389e64b1a4a36b3a7979142220d?s=96&d=mm&r=g","contentUrl":"https:\/\/secure.gravatar.com\/avatar\/8af8f40000c24e9eef3034f2be5998a372bb1389e64b1a4a36b3a7979142220d?s=96&d=mm&r=g","caption":"Redacci\u00f3n"},"sameAs":["http:\/\/nuevodigitaldeescobar.com.ar"],"url":"https:\/\/nuevodigitaldeescobar.com.ar\/?author=1"}]}},"featured_image_urls":{"full":["https:\/\/nuevodigitaldeescobar.com.ar\/wp-content\/uploads\/2024\/01\/manuel-adorni-vocero-e1705615196641.jpg",720,480,false],"thumbnail":["https:\/\/nuevodigitaldeescobar.com.ar\/wp-content\/uploads\/2024\/01\/manuel-adorni-vocero-150x150.jpg",150,150,true],"medium":["https:\/\/nuevodigitaldeescobar.com.ar\/wp-content\/uploads\/2024\/01\/manuel-adorni-vocero-300x200.jpg",300,200,true],"medium_large":["https:\/\/nuevodigitaldeescobar.com.ar\/wp-content\/uploads\/2024\/01\/manuel-adorni-vocero-768x512.jpg",640,427,true],"large":["https:\/\/nuevodigitaldeescobar.com.ar\/wp-content\/uploads\/2024\/01\/manuel-adorni-vocero-1024x683.jpg",640,427,true],"1536x1536":["https:\/\/nuevodigitaldeescobar.com.ar\/wp-content\/uploads\/2024\/01\/manuel-adorni-vocero-e1705615196641.jpg",720,480,false],"2048x2048":["https:\/\/nuevodigitaldeescobar.com.ar\/wp-content\/uploads\/2024\/01\/manuel-adorni-vocero-e1705615196641.jpg",720,480,false]},"author_info":{"display_name":"Redacci\u00f3n","author_link":"https:\/\/nuevodigitaldeescobar.com.ar\/?author=1"},"category_info":"<a href=\"https:\/\/nuevodigitaldeescobar.com.ar\/?cat=6\" rel=\"category\">Pol\u00edtica<\/a>","tag_info":"Pol\u00edtica","comment_count":"0","_links":{"self":[{"href":"https:\/\/nuevodigitaldeescobar.com.ar\/index.php?rest_route=\/wp\/v2\/posts\/2711","targetHints":{"allow":["GET"]}}],"collection":[{"href":"https:\/\/nuevodigitaldeescobar.com.ar\/index.php?rest_route=\/wp\/v2\/posts"}],"about":[{"href":"https:\/\/nuevodigitaldeescobar.com.ar\/index.php?rest_route=\/wp\/v2\/types\/post"}],"author":[{"embeddable":true,"href":"https:\/\/nuevodigitaldeescobar.com.ar\/index.php?rest_route=\/wp\/v2\/users\/1"}],"replies":[{"embeddable":true,"href":"https:\/\/nuevodigitaldeescobar.com.ar\/index.php?rest_route=%2Fwp%2Fv2%2Fcomments&post=2711"}],"version-history":[{"count":1,"href":"https:\/\/nuevodigitaldeescobar.com.ar\/index.php?rest_route=\/wp\/v2\/posts\/2711\/revisions"}],"predecessor-version":[{"id":2713,"href":"https:\/\/nuevodigitaldeescobar.com.ar\/index.php?rest_route=\/wp\/v2\/posts\/2711\/revisions\/2713"}],"wp:featuredmedia":[{"embeddable":true,"href":"https:\/\/nuevodigitaldeescobar.com.ar\/index.php?rest_route=\/wp\/v2\/media\/2712"}],"wp:attachment":[{"href":"https:\/\/nuevodigitaldeescobar.com.ar\/index.php?rest_route=%2Fwp%2Fv2%2Fmedia&parent=2711"}],"wp:term":[{"taxonomy":"category","embeddable":true,"href":"https:\/\/nuevodigitaldeescobar.com.ar\/index.php?rest_route=%2Fwp%2Fv2%2Fcategories&post=2711"},{"taxonomy":"post_tag","embeddable":true,"href":"https:\/\/nuevodigitaldeescobar.com.ar\/index.php?rest_route=%2Fwp%2Fv2%2Ftags&post=2711"}],"curies":[{"name":"wp","href":"https:\/\/api.w.org\/{rel}","templated":true}]}}