{"id":2791,"date":"2024-01-22T13:53:40","date_gmt":"2024-01-22T16:53:40","guid":{"rendered":"https:\/\/nuevodigitaldeescobar.com.ar\/?p=2791"},"modified":"2024-01-22T13:53:43","modified_gmt":"2024-01-22T16:53:43","slug":"ley-bases-desde-abril-las-jubilaciones-se-actualizaran-mensualmente-de-acuerdo-a-la-inflacion","status":"publish","type":"post","link":"https:\/\/nuevodigitaldeescobar.com.ar\/?p=2791","title":{"rendered":"Ley \u201cBases\u201d: desde abril las jubilaciones se actualizar\u00e1n mensualmente de acuerdo a la inflaci\u00f3n"},"content":{"rendered":"<p><span style=\"color: #003366;\"><strong><em>De esta manera, el Gobierno busca que los jubilados mantengan su poder adquisitivo. En el art\u00edculo establecen que el \u00edndice \u201cno podr\u00e1 producir la disminuci\u00f3n del haber\u201d. En marzo, se ajustar\u00e1 por la ley de movilidad.<\/em><\/strong><\/span><\/p>\n<p><!--more--><\/p>\n<hr \/>\n<p>En las nuevas modificaciones realizadas a la Ley \u201cBases\u201d para ser debatida en el Congreso, el Gobierno estableci\u00f3 que a partir del 1\u00b0 de abril, las jubilaciones se actualizar\u00e1n de acuerdo a la inflaci\u00f3n mensual.<\/p>\n<p><em>\u201cEl gobierno va a cumplir con el ajuste trimestral que les corresponde a todos los jubilados en marzo respetando la f\u00f3rmula actual\u201d<\/em>, se detalla al comienzo del art\u00edculo. Esto quiere decir que el tercer mes del a\u00f1o ser\u00e1 el \u00faltimo que se cobrar\u00e1 por la ley de movilidad.<\/p>\n<p>Seguido de ello, se informa que <em>\u201ca partir de abril comienza una actualizaci\u00f3n autom\u00e1tica por inflaci\u00f3n mensual en base al \u00faltimo dato de inflaci\u00f3n disponible del INDEC\u201d<\/em>. <em>\u201cAs\u00ed se les garantiza a los jubilados que mantengan su poder adquisitivo\u201d<\/em>, se lee.<\/p>\n<p>Adem\u00e1s, se destaca que <em>\u201cen ning\u00fan caso la aplicaci\u00f3n de dicho \u00edndice podr\u00e1 producir la disminuci\u00f3n del haber que percibe el beneficiario o la beneficiaria\u201d<\/em>.<\/p>\n<p>Por otra parte, en las nuevas modificaciones se inform\u00f3 que <strong>se eliminar\u00e1n las jubilaciones de privilegio para Presidente y Vicepresidente<\/strong>. <em>\u201cSe le pone fin a un privilegio de la casta en donde los presidentes acced\u00edan a una jubilaci\u00f3n millonaria y vitalicia\u201d<\/em>, precisa el art\u00edculo.<\/p>\n<p>Esta medida entrar\u00eda en vigencia para aquellos que finalicen su mandato una vez que se sancione la ley.<\/p>\n<h3><span style=\"color: #003366;\"><strong>El proyecto de Ley <em>\u201cBases\u201d<\/em> de Javier Milei con modificaciones<\/strong><\/span><\/h3>\n<p>Con modificaciones, el proyecto de Ley \u00d3mnibus del presidente Javier Milei lleg\u00f3 al Congreso en un borrador, que ya lleg\u00f3 a los despachos de los diputados. Lo hizo con cambios negociados con la oposici\u00f3n <em>\u201cdialoguista\u201d<\/em> que busca obtener este martes dictamen de mayor\u00eda y darle media sanci\u00f3n este jueves en Diputados.<\/p>\n<ul>\n<li>La iniciativa mantiene la f\u00f3rmula previsional hasta marzo inclusive y propone que a partir de abril <em>\u201cel \u00edndice de movilidad se obtendr\u00e1 mensualmente conforme al \u00faltimo dato de inflaci\u00f3n mensual disponible al momento de comenzar el ciclo de pago de cada mes\u201d<\/em>.<\/li>\n<li>Adem\u00e1s, se elimin\u00f3 la emergencia en materia social y de defensa y se redujo el plazo de las delegaciones legislativas a un a\u00f1o, con la posibilidad de prorrogar por un a\u00f1o m\u00e1s con aprobaci\u00f3n del Congreso.<\/li>\n<li>Sumado al cap\u00edtulo de retenciones, tras el reclamo de los gobernadores: <em>\u201cSe establecen en 0% para las econom\u00edas regionales. A su vez, se elimina la facultad del Poder Ejecutivo de poder subir los derechos de exportaci\u00f3n. Solamente se mantiene la facultad para poder reducirlas\u201d<\/em>.<\/li>\n<li>En cuanto a las privatizaciones, plantea: <em>\u201cSe elimin\u00f3 YPF del listado. Para Nucleoel\u00e9ctrica, Banco Naci\u00f3n y ARSAT se estableci\u00f3 que el Estado solamente puede realizar una privatizaci\u00f3n parcial, debiendo mantener el control de la empresa<\/em>\u201d.<\/li>\n<li>El proyecto aclara: <em>\u201cAdem\u00e1s, se incorpor\u00f3 expresamente, la participaci\u00f3n de la Comisi\u00f3n Bicameral de Privatizaciones de la Ley N 23.696 para el seguimiento de los tr\u00e1mites respectivos. Por otra parte, se elimin\u00f3 el art\u00edculo 9 y se ampli\u00f3 la redacci\u00f3n actual el art\u00edculo 35 de la Ley N\u00b0 24.804 con el fin de mantener el poder de veto en algunas decisiones de Nucleoel\u00e9ctrica Argentina Sociedad An\u00f3nima. Finalmente, se elimin\u00f3 el art\u00edculo 11 manteniendo la obligaci\u00f3n del Estado de tener una acci\u00f3n con derecho a veto para las decisiones que impliquen el cierre de la actividad\u201d<\/em>.<\/li>\n<\/ul>\n<p><em>(TN)<\/em><\/p>\n","protected":false},"excerpt":{"rendered":"<p>De esta manera, el Gobierno busca que los jubilados mantengan su poder adquisitivo. En el art\u00edculo establecen que el \u00edndice \u201cno podr\u00e1 producir la disminuci\u00f3n [&hellip;]<\/p>\n","protected":false},"author":1,"featured_media":2792,"comment_status":"open","ping_status":"closed","sticky":false,"template":"","format":"standard","meta":{"footnotes":""},"categories":[10,6],"tags":[],"class_list":["post-2791","post","type-post","status-publish","format-standard","has-post-thumbnail","hentry","category-economia","category-politica"],"better_featured_image":{"id":2792,"alt_text":"","caption":"","description":"","media_type":"image","media_details":{"width":720,"height":404,"file":"2024\/01\/camara-de-diputados-e1705942410671.jpg","filesize":111037,"sizes":{"medium":{"file":"camara-de-diputados-300x168.jpg","width":300,"height":168,"mime-type":"image\/jpeg","filesize":17604,"source_url":"https:\/\/nuevodigitaldeescobar.com.ar\/wp-content\/uploads\/2024\/01\/camara-de-diputados-300x168.jpg"},"thumbnail":{"file":"camara-de-diputados-150x150.jpg","width":150,"height":150,"mime-type":"image\/jpeg","filesize":8475,"source_url":"https:\/\/nuevodigitaldeescobar.com.ar\/wp-content\/uploads\/2024\/01\/camara-de-diputados-150x150.jpg"},"covernews-medium":{"file":"camara-de-diputados-540x340.jpg","width":540,"height":340,"mime-type":"image\/jpeg","filesize":50971,"source_url":"https:\/\/nuevodigitaldeescobar.com.ar\/wp-content\/uploads\/2024\/01\/camara-de-diputados-540x340.jpg"},"covernews-medium-square":{"file":"camara-de-diputados-400x250.jpg","width":400,"height":250,"mime-type":"image\/jpeg","filesize":30970,"source_url":"https:\/\/nuevodigitaldeescobar.com.ar\/wp-content\/uploads\/2024\/01\/camara-de-diputados-400x250.jpg"}},"image_meta":{"aperture":"0","credit":"","camera":"","caption":"","created_timestamp":"0","copyright":"","focal_length":"0","iso":"0","shutter_speed":"0","title":"","orientation":"0","keywords":[]}},"post":2791,"source_url":"https:\/\/nuevodigitaldeescobar.com.ar\/wp-content\/uploads\/2024\/01\/camara-de-diputados-e1705942410671.jpg"},"yoast_head":"<!-- This site is optimized with the Yoast SEO plugin v26.1.1 - https:\/\/yoast.com\/wordpress\/plugins\/seo\/ -->\n<title>Ley \u201cBases\u201d: desde abril las jubilaciones se actualizar\u00e1n mensualmente de acuerdo a la inflaci\u00f3n - Nuevo Digital de Escobar<\/title>\n<meta name=\"robots\" content=\"index, follow, max-snippet:-1, max-image-preview:large, max-video-preview:-1\" \/>\n<link rel=\"canonical\" href=\"https:\/\/nuevodigitaldeescobar.com.ar\/?p=2791\" \/>\n<meta property=\"og:locale\" content=\"es_ES\" \/>\n<meta property=\"og:type\" content=\"article\" \/>\n<meta property=\"og:title\" content=\"Ley \u201cBases\u201d: desde abril las jubilaciones se actualizar\u00e1n mensualmente de acuerdo a la inflaci\u00f3n - Nuevo Digital de Escobar\" \/>\n<meta property=\"og:description\" content=\"De esta manera, el Gobierno busca que los jubilados mantengan su poder adquisitivo. En el art\u00edculo establecen que el \u00edndice \u201cno podr\u00e1 producir la disminuci\u00f3n [&hellip;]\" \/>\n<meta property=\"og:url\" content=\"https:\/\/nuevodigitaldeescobar.com.ar\/?p=2791\" \/>\n<meta property=\"og:site_name\" content=\"Nuevo Digital de Escobar\" \/>\n<meta property=\"article:publisher\" content=\"https:\/\/www.facebook.com\/NUEVODigitalDeEscobar\" \/>\n<meta property=\"article:published_time\" content=\"2024-01-22T16:53:40+00:00\" \/>\n<meta property=\"article:modified_time\" content=\"2024-01-22T16:53:43+00:00\" \/>\n<meta property=\"og:image\" content=\"https:\/\/nuevodigitaldeescobar.com.ar\/wp-content\/uploads\/2024\/01\/camara-de-diputados-e1705942410671.jpg\" \/>\n\t<meta property=\"og:image:width\" content=\"720\" \/>\n\t<meta property=\"og:image:height\" content=\"404\" \/>\n\t<meta property=\"og:image:type\" content=\"image\/jpeg\" \/>\n<meta name=\"author\" content=\"Redacci\u00f3n\" \/>\n<meta name=\"twitter:card\" content=\"summary_large_image\" \/>\n<meta name=\"twitter:creator\" content=\"@nuevodigescobar\" \/>\n<meta name=\"twitter:site\" content=\"@nuevodigescobar\" \/>\n<meta name=\"twitter:label1\" content=\"Escrito por\" \/>\n\t<meta name=\"twitter:data1\" content=\"Redacci\u00f3n\" \/>\n\t<meta name=\"twitter:label2\" content=\"Tiempo de lectura\" \/>\n\t<meta name=\"twitter:data2\" content=\"3 minutos\" \/>\n<script type=\"application\/ld+json\" class=\"yoast-schema-graph\">{\"@context\":\"https:\/\/schema.org\",\"@graph\":[{\"@type\":\"Article\",\"@id\":\"https:\/\/nuevodigitaldeescobar.com.ar\/?p=2791#article\",\"isPartOf\":{\"@id\":\"https:\/\/nuevodigitaldeescobar.com.ar\/?p=2791\"},\"author\":{\"name\":\"Redacci\u00f3n\",\"@id\":\"https:\/\/nuevodigitaldeescobar.com.ar\/#\/schema\/person\/035e90a8efe9a80e6eec22656ad6ea4c\"},\"headline\":\"Ley \u201cBases\u201d: desde abril las jubilaciones se actualizar\u00e1n mensualmente de acuerdo a la inflaci\u00f3n\",\"datePublished\":\"2024-01-22T16:53:40+00:00\",\"dateModified\":\"2024-01-22T16:53:43+00:00\",\"mainEntityOfPage\":{\"@id\":\"https:\/\/nuevodigitaldeescobar.com.ar\/?p=2791\"},\"wordCount\":618,\"commentCount\":0,\"publisher\":{\"@id\":\"https:\/\/nuevodigitaldeescobar.com.ar\/#organization\"},\"image\":{\"@id\":\"https:\/\/nuevodigitaldeescobar.com.ar\/?p=2791#primaryimage\"},\"thumbnailUrl\":\"https:\/\/nuevodigitaldeescobar.com.ar\/wp-content\/uploads\/2024\/01\/camara-de-diputados-e1705942410671.jpg\",\"articleSection\":[\"Econom\u00eda\",\"Pol\u00edtica\"],\"inLanguage\":\"es\",\"potentialAction\":[{\"@type\":\"CommentAction\",\"name\":\"Comment\",\"target\":[\"https:\/\/nuevodigitaldeescobar.com.ar\/?p=2791#respond\"]}]},{\"@type\":\"WebPage\",\"@id\":\"https:\/\/nuevodigitaldeescobar.com.ar\/?p=2791\",\"url\":\"https:\/\/nuevodigitaldeescobar.com.ar\/?p=2791\",\"name\":\"Ley \u201cBases\u201d: desde abril las jubilaciones se actualizar\u00e1n mensualmente de acuerdo a la inflaci\u00f3n - Nuevo Digital de Escobar\",\"isPartOf\":{\"@id\":\"https:\/\/nuevodigitaldeescobar.com.ar\/#website\"},\"primaryImageOfPage\":{\"@id\":\"https:\/\/nuevodigitaldeescobar.com.ar\/?p=2791#primaryimage\"},\"image\":{\"@id\":\"https:\/\/nuevodigitaldeescobar.com.ar\/?p=2791#primaryimage\"},\"thumbnailUrl\":\"https:\/\/nuevodigitaldeescobar.com.ar\/wp-content\/uploads\/2024\/01\/camara-de-diputados-e1705942410671.jpg\",\"datePublished\":\"2024-01-22T16:53:40+00:00\",\"dateModified\":\"2024-01-22T16:53:43+00:00\",\"breadcrumb\":{\"@id\":\"https:\/\/nuevodigitaldeescobar.com.ar\/?p=2791#breadcrumb\"},\"inLanguage\":\"es\",\"potentialAction\":[{\"@type\":\"ReadAction\",\"target\":[\"https:\/\/nuevodigitaldeescobar.com.ar\/?p=2791\"]}]},{\"@type\":\"ImageObject\",\"inLanguage\":\"es\",\"@id\":\"https:\/\/nuevodigitaldeescobar.com.ar\/?p=2791#primaryimage\",\"url\":\"https:\/\/nuevodigitaldeescobar.com.ar\/wp-content\/uploads\/2024\/01\/camara-de-diputados-e1705942410671.jpg\",\"contentUrl\":\"https:\/\/nuevodigitaldeescobar.com.ar\/wp-content\/uploads\/2024\/01\/camara-de-diputados-e1705942410671.jpg\",\"width\":720,\"height\":404},{\"@type\":\"BreadcrumbList\",\"@id\":\"https:\/\/nuevodigitaldeescobar.com.ar\/?p=2791#breadcrumb\",\"itemListElement\":[{\"@type\":\"ListItem\",\"position\":1,\"name\":\"Portada\",\"item\":\"https:\/\/nuevodigitaldeescobar.com.ar\/\"},{\"@type\":\"ListItem\",\"position\":2,\"name\":\"Ley \u201cBases\u201d: desde abril las jubilaciones se actualizar\u00e1n mensualmente de acuerdo a la inflaci\u00f3n\"}]},{\"@type\":\"WebSite\",\"@id\":\"https:\/\/nuevodigitaldeescobar.com.ar\/#website\",\"url\":\"https:\/\/nuevodigitaldeescobar.com.ar\/\",\"name\":\"Nuevo Digital de Escobar\",\"description\":\"La vida escobarense. Directora: Rosana Brunner\",\"publisher\":{\"@id\":\"https:\/\/nuevodigitaldeescobar.com.ar\/#organization\"},\"potentialAction\":[{\"@type\":\"SearchAction\",\"target\":{\"@type\":\"EntryPoint\",\"urlTemplate\":\"https:\/\/nuevodigitaldeescobar.com.ar\/?s={search_term_string}\"},\"query-input\":{\"@type\":\"PropertyValueSpecification\",\"valueRequired\":true,\"valueName\":\"search_term_string\"}}],\"inLanguage\":\"es\"},{\"@type\":\"Organization\",\"@id\":\"https:\/\/nuevodigitaldeescobar.com.ar\/#organization\",\"name\":\"Nuevo Digital de Escobar\",\"url\":\"https:\/\/nuevodigitaldeescobar.com.ar\/\",\"logo\":{\"@type\":\"ImageObject\",\"inLanguage\":\"es\",\"@id\":\"https:\/\/nuevodigitaldeescobar.com.ar\/#\/schema\/logo\/image\/\",\"url\":\"https:\/\/nuevodigitaldeescobar.com.ar\/wp-content\/uploads\/2025\/05\/cropped-logo-nuevo2.jpg\",\"contentUrl\":\"https:\/\/nuevodigitaldeescobar.com.ar\/wp-content\/uploads\/2025\/05\/cropped-logo-nuevo2.jpg\",\"width\":305,\"height\":305,\"caption\":\"Nuevo Digital de Escobar\"},\"image\":{\"@id\":\"https:\/\/nuevodigitaldeescobar.com.ar\/#\/schema\/logo\/image\/\"},\"sameAs\":[\"https:\/\/www.facebook.com\/NUEVODigitalDeEscobar\",\"https:\/\/x.com\/nuevodigescobar\",\"https:\/\/www.instagram.com\/nuevodigitaldeescobar\"]},{\"@type\":\"Person\",\"@id\":\"https:\/\/nuevodigitaldeescobar.com.ar\/#\/schema\/person\/035e90a8efe9a80e6eec22656ad6ea4c\",\"name\":\"Redacci\u00f3n\",\"image\":{\"@type\":\"ImageObject\",\"inLanguage\":\"es\",\"@id\":\"https:\/\/nuevodigitaldeescobar.com.ar\/#\/schema\/person\/image\/\",\"url\":\"https:\/\/secure.gravatar.com\/avatar\/8af8f40000c24e9eef3034f2be5998a372bb1389e64b1a4a36b3a7979142220d?s=96&d=mm&r=g\",\"contentUrl\":\"https:\/\/secure.gravatar.com\/avatar\/8af8f40000c24e9eef3034f2be5998a372bb1389e64b1a4a36b3a7979142220d?s=96&d=mm&r=g\",\"caption\":\"Redacci\u00f3n\"},\"sameAs\":[\"http:\/\/nuevodigitaldeescobar.com.ar\"],\"url\":\"https:\/\/nuevodigitaldeescobar.com.ar\/?author=1\"}]}<\/script>\n<!-- \/ Yoast SEO plugin. -->","yoast_head_json":{"title":"Ley \u201cBases\u201d: desde abril las jubilaciones se actualizar\u00e1n mensualmente de acuerdo a la inflaci\u00f3n - Nuevo Digital de Escobar","robots":{"index":"index","follow":"follow","max-snippet":"max-snippet:-1","max-image-preview":"max-image-preview:large","max-video-preview":"max-video-preview:-1"},"canonical":"https:\/\/nuevodigitaldeescobar.com.ar\/?p=2791","og_locale":"es_ES","og_type":"article","og_title":"Ley \u201cBases\u201d: desde abril las jubilaciones se actualizar\u00e1n mensualmente de acuerdo a la inflaci\u00f3n - Nuevo Digital de Escobar","og_description":"De esta manera, el Gobierno busca que los jubilados mantengan su poder adquisitivo. En el art\u00edculo establecen que el \u00edndice \u201cno podr\u00e1 producir la disminuci\u00f3n [&hellip;]","og_url":"https:\/\/nuevodigitaldeescobar.com.ar\/?p=2791","og_site_name":"Nuevo Digital de Escobar","article_publisher":"https:\/\/www.facebook.com\/NUEVODigitalDeEscobar","article_published_time":"2024-01-22T16:53:40+00:00","article_modified_time":"2024-01-22T16:53:43+00:00","og_image":[{"width":720,"height":404,"url":"https:\/\/nuevodigitaldeescobar.com.ar\/wp-content\/uploads\/2024\/01\/camara-de-diputados-e1705942410671.jpg","type":"image\/jpeg"}],"author":"Redacci\u00f3n","twitter_card":"summary_large_image","twitter_creator":"@nuevodigescobar","twitter_site":"@nuevodigescobar","twitter_misc":{"Escrito por":"Redacci\u00f3n","Tiempo de lectura":"3 minutos"},"schema":{"@context":"https:\/\/schema.org","@graph":[{"@type":"Article","@id":"https:\/\/nuevodigitaldeescobar.com.ar\/?p=2791#article","isPartOf":{"@id":"https:\/\/nuevodigitaldeescobar.com.ar\/?p=2791"},"author":{"name":"Redacci\u00f3n","@id":"https:\/\/nuevodigitaldeescobar.com.ar\/#\/schema\/person\/035e90a8efe9a80e6eec22656ad6ea4c"},"headline":"Ley \u201cBases\u201d: desde abril las jubilaciones se actualizar\u00e1n mensualmente de acuerdo a la inflaci\u00f3n","datePublished":"2024-01-22T16:53:40+00:00","dateModified":"2024-01-22T16:53:43+00:00","mainEntityOfPage":{"@id":"https:\/\/nuevodigitaldeescobar.com.ar\/?p=2791"},"wordCount":618,"commentCount":0,"publisher":{"@id":"https:\/\/nuevodigitaldeescobar.com.ar\/#organization"},"image":{"@id":"https:\/\/nuevodigitaldeescobar.com.ar\/?p=2791#primaryimage"},"thumbnailUrl":"https:\/\/nuevodigitaldeescobar.com.ar\/wp-content\/uploads\/2024\/01\/camara-de-diputados-e1705942410671.jpg","articleSection":["Econom\u00eda","Pol\u00edtica"],"inLanguage":"es","potentialAction":[{"@type":"CommentAction","name":"Comment","target":["https:\/\/nuevodigitaldeescobar.com.ar\/?p=2791#respond"]}]},{"@type":"WebPage","@id":"https:\/\/nuevodigitaldeescobar.com.ar\/?p=2791","url":"https:\/\/nuevodigitaldeescobar.com.ar\/?p=2791","name":"Ley \u201cBases\u201d: desde abril las jubilaciones se actualizar\u00e1n mensualmente de acuerdo a la inflaci\u00f3n - Nuevo Digital de Escobar","isPartOf":{"@id":"https:\/\/nuevodigitaldeescobar.com.ar\/#website"},"primaryImageOfPage":{"@id":"https:\/\/nuevodigitaldeescobar.com.ar\/?p=2791#primaryimage"},"image":{"@id":"https:\/\/nuevodigitaldeescobar.com.ar\/?p=2791#primaryimage"},"thumbnailUrl":"https:\/\/nuevodigitaldeescobar.com.ar\/wp-content\/uploads\/2024\/01\/camara-de-diputados-e1705942410671.jpg","datePublished":"2024-01-22T16:53:40+00:00","dateModified":"2024-01-22T16:53:43+00:00","breadcrumb":{"@id":"https:\/\/nuevodigitaldeescobar.com.ar\/?p=2791#breadcrumb"},"inLanguage":"es","potentialAction":[{"@type":"ReadAction","target":["https:\/\/nuevodigitaldeescobar.com.ar\/?p=2791"]}]},{"@type":"ImageObject","inLanguage":"es","@id":"https:\/\/nuevodigitaldeescobar.com.ar\/?p=2791#primaryimage","url":"https:\/\/nuevodigitaldeescobar.com.ar\/wp-content\/uploads\/2024\/01\/camara-de-diputados-e1705942410671.jpg","contentUrl":"https:\/\/nuevodigitaldeescobar.com.ar\/wp-content\/uploads\/2024\/01\/camara-de-diputados-e1705942410671.jpg","width":720,"height":404},{"@type":"BreadcrumbList","@id":"https:\/\/nuevodigitaldeescobar.com.ar\/?p=2791#breadcrumb","itemListElement":[{"@type":"ListItem","position":1,"name":"Portada","item":"https:\/\/nuevodigitaldeescobar.com.ar\/"},{"@type":"ListItem","position":2,"name":"Ley \u201cBases\u201d: desde abril las jubilaciones se actualizar\u00e1n mensualmente de acuerdo a la inflaci\u00f3n"}]},{"@type":"WebSite","@id":"https:\/\/nuevodigitaldeescobar.com.ar\/#website","url":"https:\/\/nuevodigitaldeescobar.com.ar\/","name":"Nuevo Digital de Escobar","description":"La vida escobarense. Directora: Rosana Brunner","publisher":{"@id":"https:\/\/nuevodigitaldeescobar.com.ar\/#organization"},"potentialAction":[{"@type":"SearchAction","target":{"@type":"EntryPoint","urlTemplate":"https:\/\/nuevodigitaldeescobar.com.ar\/?s={search_term_string}"},"query-input":{"@type":"PropertyValueSpecification","valueRequired":true,"valueName":"search_term_string"}}],"inLanguage":"es"},{"@type":"Organization","@id":"https:\/\/nuevodigitaldeescobar.com.ar\/#organization","name":"Nuevo Digital de Escobar","url":"https:\/\/nuevodigitaldeescobar.com.ar\/","logo":{"@type":"ImageObject","inLanguage":"es","@id":"https:\/\/nuevodigitaldeescobar.com.ar\/#\/schema\/logo\/image\/","url":"https:\/\/nuevodigitaldeescobar.com.ar\/wp-content\/uploads\/2025\/05\/cropped-logo-nuevo2.jpg","contentUrl":"https:\/\/nuevodigitaldeescobar.com.ar\/wp-content\/uploads\/2025\/05\/cropped-logo-nuevo2.jpg","width":305,"height":305,"caption":"Nuevo Digital de Escobar"},"image":{"@id":"https:\/\/nuevodigitaldeescobar.com.ar\/#\/schema\/logo\/image\/"},"sameAs":["https:\/\/www.facebook.com\/NUEVODigitalDeEscobar","https:\/\/x.com\/nuevodigescobar","https:\/\/www.instagram.com\/nuevodigitaldeescobar"]},{"@type":"Person","@id":"https:\/\/nuevodigitaldeescobar.com.ar\/#\/schema\/person\/035e90a8efe9a80e6eec22656ad6ea4c","name":"Redacci\u00f3n","image":{"@type":"ImageObject","inLanguage":"es","@id":"https:\/\/nuevodigitaldeescobar.com.ar\/#\/schema\/person\/image\/","url":"https:\/\/secure.gravatar.com\/avatar\/8af8f40000c24e9eef3034f2be5998a372bb1389e64b1a4a36b3a7979142220d?s=96&d=mm&r=g","contentUrl":"https:\/\/secure.gravatar.com\/avatar\/8af8f40000c24e9eef3034f2be5998a372bb1389e64b1a4a36b3a7979142220d?s=96&d=mm&r=g","caption":"Redacci\u00f3n"},"sameAs":["http:\/\/nuevodigitaldeescobar.com.ar"],"url":"https:\/\/nuevodigitaldeescobar.com.ar\/?author=1"}]}},"featured_image_urls":{"full":["https:\/\/nuevodigitaldeescobar.com.ar\/wp-content\/uploads\/2024\/01\/camara-de-diputados-e1705942410671.jpg",720,404,false],"thumbnail":["https:\/\/nuevodigitaldeescobar.com.ar\/wp-content\/uploads\/2024\/01\/camara-de-diputados-150x150.jpg",150,150,true],"medium":["https:\/\/nuevodigitaldeescobar.com.ar\/wp-content\/uploads\/2024\/01\/camara-de-diputados-300x168.jpg",300,168,true],"medium_large":["https:\/\/nuevodigitaldeescobar.com.ar\/wp-content\/uploads\/2024\/01\/camara-de-diputados-e1705942410671.jpg",640,359,false],"large":["https:\/\/nuevodigitaldeescobar.com.ar\/wp-content\/uploads\/2024\/01\/camara-de-diputados-e1705942410671.jpg",640,359,false],"1536x1536":["https:\/\/nuevodigitaldeescobar.com.ar\/wp-content\/uploads\/2024\/01\/camara-de-diputados-e1705942410671.jpg",720,404,false],"2048x2048":["https:\/\/nuevodigitaldeescobar.com.ar\/wp-content\/uploads\/2024\/01\/camara-de-diputados-e1705942410671.jpg",720,404,false]},"author_info":{"display_name":"Redacci\u00f3n","author_link":"https:\/\/nuevodigitaldeescobar.com.ar\/?author=1"},"category_info":"<a href=\"https:\/\/nuevodigitaldeescobar.com.ar\/?cat=10\" rel=\"category\">Econom\u00eda<\/a> <a href=\"https:\/\/nuevodigitaldeescobar.com.ar\/?cat=6\" rel=\"category\">Pol\u00edtica<\/a>","tag_info":"Pol\u00edtica","comment_count":"0","_links":{"self":[{"href":"https:\/\/nuevodigitaldeescobar.com.ar\/index.php?rest_route=\/wp\/v2\/posts\/2791","targetHints":{"allow":["GET"]}}],"collection":[{"href":"https:\/\/nuevodigitaldeescobar.com.ar\/index.php?rest_route=\/wp\/v2\/posts"}],"about":[{"href":"https:\/\/nuevodigitaldeescobar.com.ar\/index.php?rest_route=\/wp\/v2\/types\/post"}],"author":[{"embeddable":true,"href":"https:\/\/nuevodigitaldeescobar.com.ar\/index.php?rest_route=\/wp\/v2\/users\/1"}],"replies":[{"embeddable":true,"href":"https:\/\/nuevodigitaldeescobar.com.ar\/index.php?rest_route=%2Fwp%2Fv2%2Fcomments&post=2791"}],"version-history":[{"count":1,"href":"https:\/\/nuevodigitaldeescobar.com.ar\/index.php?rest_route=\/wp\/v2\/posts\/2791\/revisions"}],"predecessor-version":[{"id":2793,"href":"https:\/\/nuevodigitaldeescobar.com.ar\/index.php?rest_route=\/wp\/v2\/posts\/2791\/revisions\/2793"}],"wp:featuredmedia":[{"embeddable":true,"href":"https:\/\/nuevodigitaldeescobar.com.ar\/index.php?rest_route=\/wp\/v2\/media\/2792"}],"wp:attachment":[{"href":"https:\/\/nuevodigitaldeescobar.com.ar\/index.php?rest_route=%2Fwp%2Fv2%2Fmedia&parent=2791"}],"wp:term":[{"taxonomy":"category","embeddable":true,"href":"https:\/\/nuevodigitaldeescobar.com.ar\/index.php?rest_route=%2Fwp%2Fv2%2Fcategories&post=2791"},{"taxonomy":"post_tag","embeddable":true,"href":"https:\/\/nuevodigitaldeescobar.com.ar\/index.php?rest_route=%2Fwp%2Fv2%2Ftags&post=2791"}],"curies":[{"name":"wp","href":"https:\/\/api.w.org\/{rel}","templated":true}]}}