{"id":2835,"date":"2024-01-24T07:00:00","date_gmt":"2024-01-24T10:00:00","guid":{"rendered":"https:\/\/nuevodigitaldeescobar.com.ar\/?p=2835"},"modified":"2024-01-23T22:32:47","modified_gmt":"2024-01-24T01:32:47","slug":"familiares-y-amigos-de-umma-marcharon-a-la-comisaria-de-villa-centenario-para-exigir-justicia-por-el-asesinato","status":"publish","type":"post","link":"https:\/\/nuevodigitaldeescobar.com.ar\/?p=2835","title":{"rendered":"Familiares y amigos de Umma marcharon a la comisar\u00eda de Villa Centenario para exigir justicia por el asesinato"},"content":{"rendered":"<p><span style=\"color: #003366;\"><strong><em>Poco m\u00e1s de un d\u00eda despu\u00e9s del crimen y a cuatro horas del \u00faltimo adi\u00f3s a la peque\u00f1a, los vecinos de Villa Fiorito decidieron reclamar justicia por el asesinato de la hija del custodio de Patricia Bullrich.<\/em><\/strong><\/span><\/p>\n<p><!--more--><\/p>\n<hr \/>\n<p>Familiares, vecinos y amigos organizaron una marcha por Umma en Villa Centenario, muy cerca del lugar donde la nena de nueve a\u00f1os fue asesinada este lunes. <em>\u201cNo podemos seguir as\u00ed. Este pa\u00eds no es lo que yo esperaba\u201d<\/em>, lament\u00f3 una ni\u00f1a de la misma edad de la v\u00edctima.<\/p>\n<p>Poco m\u00e1s de un d\u00eda despu\u00e9s del crimen y a cuatro horas del \u00faltimo adi\u00f3s a la peque\u00f1a, los amigos y familiares decidieron reclamar justicia y exigir que se encuentre y encarcele a los tres pr\u00f3fugos. Por tal motivo es que se movilizaron a la comisar\u00eda de Villa Centenario.<\/p>\n<h3><span style=\"color: #003366;\"><strong>Qu\u00e9 se sabe de los tres pr\u00f3fugos por el asesinato de Umma<\/strong><\/span><\/h3>\n<p>Los tres pr\u00f3fugos que est\u00e1n siendo intensamente buscados son Pastor Romero Medina, Axel <em>\u201cPelusa\u201d<\/em> Rojas y otro reconocido como <em>\u201cBarrita o Baltasar\u201d<\/em>, de quien no trascendi\u00f3 el nombre. Tienen entre 20 y 24 a\u00f1os.<\/p>\n<p>En el caso de Romero, la Polic\u00eda Cient\u00edfica descubri\u00f3 una huella de \u00e9l dentro del Toyota Corolla negro que utilizaron para cometer el crimen. Por su parte, Rojas logr\u00f3 ser detectado por los videos de las c\u00e1maras de seguridad que registraron los momentos previos al ataque.<\/p>\n<p>La polic\u00eda est\u00e1 realizando diversos allanamientos en Lomas de Zamora para poder encontrarlos. En tanto, el \u00fanico arrestado fue llevado a la fiscal\u00eda y se espera que sea indagado en las pr\u00f3ximas horas.<\/p>\n<p><em>(TN)<\/em><\/p>\n","protected":false},"excerpt":{"rendered":"<p>Poco m\u00e1s de un d\u00eda despu\u00e9s del crimen y a cuatro horas del \u00faltimo adi\u00f3s a la peque\u00f1a, los vecinos de Villa Fiorito decidieron reclamar [&hellip;]<\/p>\n","protected":false},"author":1,"featured_media":2836,"comment_status":"open","ping_status":"closed","sticky":false,"template":"","format":"standard","meta":{"footnotes":""},"categories":[13,15],"tags":[],"class_list":["post-2835","post","type-post","status-publish","format-standard","has-post-thumbnail","hentry","category-policiales","category-sociedad"],"better_featured_image":{"id":2836,"alt_text":"","caption":"","description":"","media_type":"image","media_details":{"width":720,"height":404,"file":"2024\/01\/marcha-umma-e1706059960660.jpg","filesize":84813,"sizes":{"medium":{"file":"marcha-umma-300x168.jpg","width":300,"height":168,"mime-type":"image\/jpeg","filesize":15697,"source_url":"https:\/\/nuevodigitaldeescobar.com.ar\/wp-content\/uploads\/2024\/01\/marcha-umma-300x168.jpg"},"thumbnail":{"file":"marcha-umma-150x150.jpg","width":150,"height":150,"mime-type":"image\/jpeg","filesize":7316,"source_url":"https:\/\/nuevodigitaldeescobar.com.ar\/wp-content\/uploads\/2024\/01\/marcha-umma-150x150.jpg"},"covernews-medium":{"file":"marcha-umma-540x340.jpg","width":540,"height":340,"mime-type":"image\/jpeg","filesize":41953,"source_url":"https:\/\/nuevodigitaldeescobar.com.ar\/wp-content\/uploads\/2024\/01\/marcha-umma-540x340.jpg"},"covernews-medium-square":{"file":"marcha-umma-400x250.jpg","width":400,"height":250,"mime-type":"image\/jpeg","filesize":26547,"source_url":"https:\/\/nuevodigitaldeescobar.com.ar\/wp-content\/uploads\/2024\/01\/marcha-umma-400x250.jpg"}},"image_meta":{"aperture":"0","credit":"","camera":"","caption":"","created_timestamp":"0","copyright":"","focal_length":"0","iso":"0","shutter_speed":"0","title":"","orientation":"0","keywords":[]}},"post":2835,"source_url":"https:\/\/nuevodigitaldeescobar.com.ar\/wp-content\/uploads\/2024\/01\/marcha-umma-e1706059960660.jpg"},"yoast_head":"<!-- This site is optimized with the Yoast SEO plugin v26.1.1 - https:\/\/yoast.com\/wordpress\/plugins\/seo\/ -->\n<title>Familiares y amigos de Umma marcharon a la comisar\u00eda de Villa Centenario para exigir justicia por el asesinato - Nuevo Digital de Escobar<\/title>\n<meta name=\"robots\" content=\"index, follow, max-snippet:-1, max-image-preview:large, max-video-preview:-1\" \/>\n<link rel=\"canonical\" href=\"https:\/\/nuevodigitaldeescobar.com.ar\/?p=2835\" \/>\n<meta property=\"og:locale\" content=\"es_ES\" \/>\n<meta property=\"og:type\" content=\"article\" \/>\n<meta property=\"og:title\" content=\"Familiares y amigos de Umma marcharon a la comisar\u00eda de Villa Centenario para exigir justicia por el asesinato - Nuevo Digital de Escobar\" \/>\n<meta property=\"og:description\" content=\"Poco m\u00e1s de un d\u00eda despu\u00e9s del crimen y a cuatro horas del \u00faltimo adi\u00f3s a la peque\u00f1a, los vecinos de Villa Fiorito decidieron reclamar [&hellip;]\" \/>\n<meta property=\"og:url\" content=\"https:\/\/nuevodigitaldeescobar.com.ar\/?p=2835\" \/>\n<meta property=\"og:site_name\" content=\"Nuevo Digital de Escobar\" \/>\n<meta property=\"article:publisher\" content=\"https:\/\/www.facebook.com\/NUEVODigitalDeEscobar\" \/>\n<meta property=\"article:published_time\" content=\"2024-01-24T10:00:00+00:00\" \/>\n<meta property=\"og:image\" content=\"https:\/\/nuevodigitaldeescobar.com.ar\/wp-content\/uploads\/2024\/01\/marcha-umma-e1706059960660.jpg\" \/>\n\t<meta property=\"og:image:width\" content=\"720\" \/>\n\t<meta property=\"og:image:height\" content=\"404\" \/>\n\t<meta property=\"og:image:type\" content=\"image\/jpeg\" \/>\n<meta name=\"author\" content=\"Redacci\u00f3n\" \/>\n<meta name=\"twitter:card\" content=\"summary_large_image\" \/>\n<meta name=\"twitter:creator\" content=\"@nuevodigescobar\" \/>\n<meta name=\"twitter:site\" content=\"@nuevodigescobar\" \/>\n<meta name=\"twitter:label1\" content=\"Escrito por\" \/>\n\t<meta name=\"twitter:data1\" content=\"Redacci\u00f3n\" \/>\n\t<meta name=\"twitter:label2\" content=\"Tiempo de lectura\" \/>\n\t<meta name=\"twitter:data2\" content=\"1 minuto\" \/>\n<script type=\"application\/ld+json\" class=\"yoast-schema-graph\">{\"@context\":\"https:\/\/schema.org\",\"@graph\":[{\"@type\":\"Article\",\"@id\":\"https:\/\/nuevodigitaldeescobar.com.ar\/?p=2835#article\",\"isPartOf\":{\"@id\":\"https:\/\/nuevodigitaldeescobar.com.ar\/?p=2835\"},\"author\":{\"name\":\"Redacci\u00f3n\",\"@id\":\"https:\/\/nuevodigitaldeescobar.com.ar\/#\/schema\/person\/035e90a8efe9a80e6eec22656ad6ea4c\"},\"headline\":\"Familiares y amigos de Umma marcharon a la comisar\u00eda de Villa Centenario para exigir justicia por el asesinato\",\"datePublished\":\"2024-01-24T10:00:00+00:00\",\"mainEntityOfPage\":{\"@id\":\"https:\/\/nuevodigitaldeescobar.com.ar\/?p=2835\"},\"wordCount\":303,\"commentCount\":0,\"publisher\":{\"@id\":\"https:\/\/nuevodigitaldeescobar.com.ar\/#organization\"},\"image\":{\"@id\":\"https:\/\/nuevodigitaldeescobar.com.ar\/?p=2835#primaryimage\"},\"thumbnailUrl\":\"https:\/\/nuevodigitaldeescobar.com.ar\/wp-content\/uploads\/2024\/01\/marcha-umma-e1706059960660.jpg\",\"articleSection\":[\"Policiales\",\"Sociedad\"],\"inLanguage\":\"es\",\"potentialAction\":[{\"@type\":\"CommentAction\",\"name\":\"Comment\",\"target\":[\"https:\/\/nuevodigitaldeescobar.com.ar\/?p=2835#respond\"]}]},{\"@type\":\"WebPage\",\"@id\":\"https:\/\/nuevodigitaldeescobar.com.ar\/?p=2835\",\"url\":\"https:\/\/nuevodigitaldeescobar.com.ar\/?p=2835\",\"name\":\"Familiares y amigos de Umma marcharon a la comisar\u00eda de Villa Centenario para exigir justicia por el asesinato - Nuevo Digital de Escobar\",\"isPartOf\":{\"@id\":\"https:\/\/nuevodigitaldeescobar.com.ar\/#website\"},\"primaryImageOfPage\":{\"@id\":\"https:\/\/nuevodigitaldeescobar.com.ar\/?p=2835#primaryimage\"},\"image\":{\"@id\":\"https:\/\/nuevodigitaldeescobar.com.ar\/?p=2835#primaryimage\"},\"thumbnailUrl\":\"https:\/\/nuevodigitaldeescobar.com.ar\/wp-content\/uploads\/2024\/01\/marcha-umma-e1706059960660.jpg\",\"datePublished\":\"2024-01-24T10:00:00+00:00\",\"breadcrumb\":{\"@id\":\"https:\/\/nuevodigitaldeescobar.com.ar\/?p=2835#breadcrumb\"},\"inLanguage\":\"es\",\"potentialAction\":[{\"@type\":\"ReadAction\",\"target\":[\"https:\/\/nuevodigitaldeescobar.com.ar\/?p=2835\"]}]},{\"@type\":\"ImageObject\",\"inLanguage\":\"es\",\"@id\":\"https:\/\/nuevodigitaldeescobar.com.ar\/?p=2835#primaryimage\",\"url\":\"https:\/\/nuevodigitaldeescobar.com.ar\/wp-content\/uploads\/2024\/01\/marcha-umma-e1706059960660.jpg\",\"contentUrl\":\"https:\/\/nuevodigitaldeescobar.com.ar\/wp-content\/uploads\/2024\/01\/marcha-umma-e1706059960660.jpg\",\"width\":720,\"height\":404},{\"@type\":\"BreadcrumbList\",\"@id\":\"https:\/\/nuevodigitaldeescobar.com.ar\/?p=2835#breadcrumb\",\"itemListElement\":[{\"@type\":\"ListItem\",\"position\":1,\"name\":\"Portada\",\"item\":\"https:\/\/nuevodigitaldeescobar.com.ar\/\"},{\"@type\":\"ListItem\",\"position\":2,\"name\":\"Familiares y amigos de Umma marcharon a la comisar\u00eda de Villa Centenario para exigir justicia por el asesinato\"}]},{\"@type\":\"WebSite\",\"@id\":\"https:\/\/nuevodigitaldeescobar.com.ar\/#website\",\"url\":\"https:\/\/nuevodigitaldeescobar.com.ar\/\",\"name\":\"Nuevo Digital de Escobar\",\"description\":\"La vida escobarense. Directora: Rosana Brunner\",\"publisher\":{\"@id\":\"https:\/\/nuevodigitaldeescobar.com.ar\/#organization\"},\"potentialAction\":[{\"@type\":\"SearchAction\",\"target\":{\"@type\":\"EntryPoint\",\"urlTemplate\":\"https:\/\/nuevodigitaldeescobar.com.ar\/?s={search_term_string}\"},\"query-input\":{\"@type\":\"PropertyValueSpecification\",\"valueRequired\":true,\"valueName\":\"search_term_string\"}}],\"inLanguage\":\"es\"},{\"@type\":\"Organization\",\"@id\":\"https:\/\/nuevodigitaldeescobar.com.ar\/#organization\",\"name\":\"Nuevo Digital de Escobar\",\"url\":\"https:\/\/nuevodigitaldeescobar.com.ar\/\",\"logo\":{\"@type\":\"ImageObject\",\"inLanguage\":\"es\",\"@id\":\"https:\/\/nuevodigitaldeescobar.com.ar\/#\/schema\/logo\/image\/\",\"url\":\"https:\/\/nuevodigitaldeescobar.com.ar\/wp-content\/uploads\/2025\/05\/cropped-logo-nuevo2.jpg\",\"contentUrl\":\"https:\/\/nuevodigitaldeescobar.com.ar\/wp-content\/uploads\/2025\/05\/cropped-logo-nuevo2.jpg\",\"width\":305,\"height\":305,\"caption\":\"Nuevo Digital de Escobar\"},\"image\":{\"@id\":\"https:\/\/nuevodigitaldeescobar.com.ar\/#\/schema\/logo\/image\/\"},\"sameAs\":[\"https:\/\/www.facebook.com\/NUEVODigitalDeEscobar\",\"https:\/\/x.com\/nuevodigescobar\",\"https:\/\/www.instagram.com\/nuevodigitaldeescobar\"]},{\"@type\":\"Person\",\"@id\":\"https:\/\/nuevodigitaldeescobar.com.ar\/#\/schema\/person\/035e90a8efe9a80e6eec22656ad6ea4c\",\"name\":\"Redacci\u00f3n\",\"image\":{\"@type\":\"ImageObject\",\"inLanguage\":\"es\",\"@id\":\"https:\/\/nuevodigitaldeescobar.com.ar\/#\/schema\/person\/image\/\",\"url\":\"https:\/\/secure.gravatar.com\/avatar\/8af8f40000c24e9eef3034f2be5998a372bb1389e64b1a4a36b3a7979142220d?s=96&d=mm&r=g\",\"contentUrl\":\"https:\/\/secure.gravatar.com\/avatar\/8af8f40000c24e9eef3034f2be5998a372bb1389e64b1a4a36b3a7979142220d?s=96&d=mm&r=g\",\"caption\":\"Redacci\u00f3n\"},\"sameAs\":[\"http:\/\/nuevodigitaldeescobar.com.ar\"],\"url\":\"https:\/\/nuevodigitaldeescobar.com.ar\/?author=1\"}]}<\/script>\n<!-- \/ Yoast SEO plugin. -->","yoast_head_json":{"title":"Familiares y amigos de Umma marcharon a la comisar\u00eda de Villa Centenario para exigir justicia por el asesinato - Nuevo Digital de Escobar","robots":{"index":"index","follow":"follow","max-snippet":"max-snippet:-1","max-image-preview":"max-image-preview:large","max-video-preview":"max-video-preview:-1"},"canonical":"https:\/\/nuevodigitaldeescobar.com.ar\/?p=2835","og_locale":"es_ES","og_type":"article","og_title":"Familiares y amigos de Umma marcharon a la comisar\u00eda de Villa Centenario para exigir justicia por el asesinato - Nuevo Digital de Escobar","og_description":"Poco m\u00e1s de un d\u00eda despu\u00e9s del crimen y a cuatro horas del \u00faltimo adi\u00f3s a la peque\u00f1a, los vecinos de Villa Fiorito decidieron reclamar [&hellip;]","og_url":"https:\/\/nuevodigitaldeescobar.com.ar\/?p=2835","og_site_name":"Nuevo Digital de Escobar","article_publisher":"https:\/\/www.facebook.com\/NUEVODigitalDeEscobar","article_published_time":"2024-01-24T10:00:00+00:00","og_image":[{"width":720,"height":404,"url":"https:\/\/nuevodigitaldeescobar.com.ar\/wp-content\/uploads\/2024\/01\/marcha-umma-e1706059960660.jpg","type":"image\/jpeg"}],"author":"Redacci\u00f3n","twitter_card":"summary_large_image","twitter_creator":"@nuevodigescobar","twitter_site":"@nuevodigescobar","twitter_misc":{"Escrito por":"Redacci\u00f3n","Tiempo de lectura":"1 minuto"},"schema":{"@context":"https:\/\/schema.org","@graph":[{"@type":"Article","@id":"https:\/\/nuevodigitaldeescobar.com.ar\/?p=2835#article","isPartOf":{"@id":"https:\/\/nuevodigitaldeescobar.com.ar\/?p=2835"},"author":{"name":"Redacci\u00f3n","@id":"https:\/\/nuevodigitaldeescobar.com.ar\/#\/schema\/person\/035e90a8efe9a80e6eec22656ad6ea4c"},"headline":"Familiares y amigos de Umma marcharon a la comisar\u00eda de Villa Centenario para exigir justicia por el asesinato","datePublished":"2024-01-24T10:00:00+00:00","mainEntityOfPage":{"@id":"https:\/\/nuevodigitaldeescobar.com.ar\/?p=2835"},"wordCount":303,"commentCount":0,"publisher":{"@id":"https:\/\/nuevodigitaldeescobar.com.ar\/#organization"},"image":{"@id":"https:\/\/nuevodigitaldeescobar.com.ar\/?p=2835#primaryimage"},"thumbnailUrl":"https:\/\/nuevodigitaldeescobar.com.ar\/wp-content\/uploads\/2024\/01\/marcha-umma-e1706059960660.jpg","articleSection":["Policiales","Sociedad"],"inLanguage":"es","potentialAction":[{"@type":"CommentAction","name":"Comment","target":["https:\/\/nuevodigitaldeescobar.com.ar\/?p=2835#respond"]}]},{"@type":"WebPage","@id":"https:\/\/nuevodigitaldeescobar.com.ar\/?p=2835","url":"https:\/\/nuevodigitaldeescobar.com.ar\/?p=2835","name":"Familiares y amigos de Umma marcharon a la comisar\u00eda de Villa Centenario para exigir justicia por el asesinato - Nuevo Digital de Escobar","isPartOf":{"@id":"https:\/\/nuevodigitaldeescobar.com.ar\/#website"},"primaryImageOfPage":{"@id":"https:\/\/nuevodigitaldeescobar.com.ar\/?p=2835#primaryimage"},"image":{"@id":"https:\/\/nuevodigitaldeescobar.com.ar\/?p=2835#primaryimage"},"thumbnailUrl":"https:\/\/nuevodigitaldeescobar.com.ar\/wp-content\/uploads\/2024\/01\/marcha-umma-e1706059960660.jpg","datePublished":"2024-01-24T10:00:00+00:00","breadcrumb":{"@id":"https:\/\/nuevodigitaldeescobar.com.ar\/?p=2835#breadcrumb"},"inLanguage":"es","potentialAction":[{"@type":"ReadAction","target":["https:\/\/nuevodigitaldeescobar.com.ar\/?p=2835"]}]},{"@type":"ImageObject","inLanguage":"es","@id":"https:\/\/nuevodigitaldeescobar.com.ar\/?p=2835#primaryimage","url":"https:\/\/nuevodigitaldeescobar.com.ar\/wp-content\/uploads\/2024\/01\/marcha-umma-e1706059960660.jpg","contentUrl":"https:\/\/nuevodigitaldeescobar.com.ar\/wp-content\/uploads\/2024\/01\/marcha-umma-e1706059960660.jpg","width":720,"height":404},{"@type":"BreadcrumbList","@id":"https:\/\/nuevodigitaldeescobar.com.ar\/?p=2835#breadcrumb","itemListElement":[{"@type":"ListItem","position":1,"name":"Portada","item":"https:\/\/nuevodigitaldeescobar.com.ar\/"},{"@type":"ListItem","position":2,"name":"Familiares y amigos de Umma marcharon a la comisar\u00eda de Villa Centenario para exigir justicia por el asesinato"}]},{"@type":"WebSite","@id":"https:\/\/nuevodigitaldeescobar.com.ar\/#website","url":"https:\/\/nuevodigitaldeescobar.com.ar\/","name":"Nuevo Digital de Escobar","description":"La vida escobarense. Directora: Rosana Brunner","publisher":{"@id":"https:\/\/nuevodigitaldeescobar.com.ar\/#organization"},"potentialAction":[{"@type":"SearchAction","target":{"@type":"EntryPoint","urlTemplate":"https:\/\/nuevodigitaldeescobar.com.ar\/?s={search_term_string}"},"query-input":{"@type":"PropertyValueSpecification","valueRequired":true,"valueName":"search_term_string"}}],"inLanguage":"es"},{"@type":"Organization","@id":"https:\/\/nuevodigitaldeescobar.com.ar\/#organization","name":"Nuevo Digital de Escobar","url":"https:\/\/nuevodigitaldeescobar.com.ar\/","logo":{"@type":"ImageObject","inLanguage":"es","@id":"https:\/\/nuevodigitaldeescobar.com.ar\/#\/schema\/logo\/image\/","url":"https:\/\/nuevodigitaldeescobar.com.ar\/wp-content\/uploads\/2025\/05\/cropped-logo-nuevo2.jpg","contentUrl":"https:\/\/nuevodigitaldeescobar.com.ar\/wp-content\/uploads\/2025\/05\/cropped-logo-nuevo2.jpg","width":305,"height":305,"caption":"Nuevo Digital de Escobar"},"image":{"@id":"https:\/\/nuevodigitaldeescobar.com.ar\/#\/schema\/logo\/image\/"},"sameAs":["https:\/\/www.facebook.com\/NUEVODigitalDeEscobar","https:\/\/x.com\/nuevodigescobar","https:\/\/www.instagram.com\/nuevodigitaldeescobar"]},{"@type":"Person","@id":"https:\/\/nuevodigitaldeescobar.com.ar\/#\/schema\/person\/035e90a8efe9a80e6eec22656ad6ea4c","name":"Redacci\u00f3n","image":{"@type":"ImageObject","inLanguage":"es","@id":"https:\/\/nuevodigitaldeescobar.com.ar\/#\/schema\/person\/image\/","url":"https:\/\/secure.gravatar.com\/avatar\/8af8f40000c24e9eef3034f2be5998a372bb1389e64b1a4a36b3a7979142220d?s=96&d=mm&r=g","contentUrl":"https:\/\/secure.gravatar.com\/avatar\/8af8f40000c24e9eef3034f2be5998a372bb1389e64b1a4a36b3a7979142220d?s=96&d=mm&r=g","caption":"Redacci\u00f3n"},"sameAs":["http:\/\/nuevodigitaldeescobar.com.ar"],"url":"https:\/\/nuevodigitaldeescobar.com.ar\/?author=1"}]}},"featured_image_urls":{"full":["https:\/\/nuevodigitaldeescobar.com.ar\/wp-content\/uploads\/2024\/01\/marcha-umma-e1706059960660.jpg",720,404,false],"thumbnail":["https:\/\/nuevodigitaldeescobar.com.ar\/wp-content\/uploads\/2024\/01\/marcha-umma-150x150.jpg",150,150,true],"medium":["https:\/\/nuevodigitaldeescobar.com.ar\/wp-content\/uploads\/2024\/01\/marcha-umma-300x168.jpg",300,168,true],"medium_large":["https:\/\/nuevodigitaldeescobar.com.ar\/wp-content\/uploads\/2024\/01\/marcha-umma-e1706059960660.jpg",640,359,false],"large":["https:\/\/nuevodigitaldeescobar.com.ar\/wp-content\/uploads\/2024\/01\/marcha-umma-e1706059960660.jpg",640,359,false],"1536x1536":["https:\/\/nuevodigitaldeescobar.com.ar\/wp-content\/uploads\/2024\/01\/marcha-umma-e1706059960660.jpg",720,404,false],"2048x2048":["https:\/\/nuevodigitaldeescobar.com.ar\/wp-content\/uploads\/2024\/01\/marcha-umma-e1706059960660.jpg",720,404,false]},"author_info":{"display_name":"Redacci\u00f3n","author_link":"https:\/\/nuevodigitaldeescobar.com.ar\/?author=1"},"category_info":"<a href=\"https:\/\/nuevodigitaldeescobar.com.ar\/?cat=13\" rel=\"category\">Policiales<\/a> <a href=\"https:\/\/nuevodigitaldeescobar.com.ar\/?cat=15\" rel=\"category\">Sociedad<\/a>","tag_info":"Sociedad","comment_count":"0","_links":{"self":[{"href":"https:\/\/nuevodigitaldeescobar.com.ar\/index.php?rest_route=\/wp\/v2\/posts\/2835","targetHints":{"allow":["GET"]}}],"collection":[{"href":"https:\/\/nuevodigitaldeescobar.com.ar\/index.php?rest_route=\/wp\/v2\/posts"}],"about":[{"href":"https:\/\/nuevodigitaldeescobar.com.ar\/index.php?rest_route=\/wp\/v2\/types\/post"}],"author":[{"embeddable":true,"href":"https:\/\/nuevodigitaldeescobar.com.ar\/index.php?rest_route=\/wp\/v2\/users\/1"}],"replies":[{"embeddable":true,"href":"https:\/\/nuevodigitaldeescobar.com.ar\/index.php?rest_route=%2Fwp%2Fv2%2Fcomments&post=2835"}],"version-history":[{"count":1,"href":"https:\/\/nuevodigitaldeescobar.com.ar\/index.php?rest_route=\/wp\/v2\/posts\/2835\/revisions"}],"predecessor-version":[{"id":2837,"href":"https:\/\/nuevodigitaldeescobar.com.ar\/index.php?rest_route=\/wp\/v2\/posts\/2835\/revisions\/2837"}],"wp:featuredmedia":[{"embeddable":true,"href":"https:\/\/nuevodigitaldeescobar.com.ar\/index.php?rest_route=\/wp\/v2\/media\/2836"}],"wp:attachment":[{"href":"https:\/\/nuevodigitaldeescobar.com.ar\/index.php?rest_route=%2Fwp%2Fv2%2Fmedia&parent=2835"}],"wp:term":[{"taxonomy":"category","embeddable":true,"href":"https:\/\/nuevodigitaldeescobar.com.ar\/index.php?rest_route=%2Fwp%2Fv2%2Fcategories&post=2835"},{"taxonomy":"post_tag","embeddable":true,"href":"https:\/\/nuevodigitaldeescobar.com.ar\/index.php?rest_route=%2Fwp%2Fv2%2Ftags&post=2835"}],"curies":[{"name":"wp","href":"https:\/\/api.w.org\/{rel}","templated":true}]}}