{"id":3067,"date":"2024-02-01T07:00:00","date_gmt":"2024-02-01T10:00:00","guid":{"rendered":"https:\/\/nuevodigitaldeescobar.com.ar\/?p=3067"},"modified":"2024-01-31T20:43:49","modified_gmt":"2024-01-31T23:43:49","slug":"el-fantasma-de-la-sequia-amenaza-los-cultivos-y-hay-preocupacion-en-el-campo-tras-15-dias-sin-lluvias","status":"publish","type":"post","link":"https:\/\/nuevodigitaldeescobar.com.ar\/?p=3067","title":{"rendered":"El fantasma de la sequ\u00eda amenaza los cultivos y hay preocupaci\u00f3n en el campo tras 15 d\u00edas sin lluvias"},"content":{"rendered":"<p><span style=\"color: #003366;\"><strong><em>La Oficina de Riesgo Agropecuario advirti\u00f3 sobre un fuerte descenso de los almacenajes h\u00eddricos, en especial para la soja de primera. La ausencia de precipitaciones y la ola de calor genera inquietud en el sector.<\/em><\/strong><\/span><\/p>\n<p><!--more--><\/p>\n<hr \/>\n<p>La falta de precipitaciones y las altas temperaturas aumentan la inquietud entre los productores del campo argentino, seg\u00fan alert\u00f3 en su informe semanal la Oficina de Riesgo Agropecuario (ORA) de la Secretar\u00eda de Agricultura de la Naci\u00f3n. La situaci\u00f3n se agrava y afecta principalmente a los cultivos de soja de primera.<\/p>\n<p>En tanto, si bien el ma\u00edz super\u00f3 su periodo cr\u00edtico, la atenci\u00f3n se centra ahora en la soja, que entra en una etapa m\u00e1s vulnerable al d\u00e9ficit h\u00eddrico. La preocupaci\u00f3n se intensifica en regiones como el sur de la zona n\u00facleo, el centro de C\u00f3rdoba y Formosa, y en menor medida en Entre R\u00edos, donde se observa una significativa disminuci\u00f3n de las reservas de agua en el suelo.<\/p>\n<p>En la regi\u00f3n n\u00facleo pampeana, los almacenajes h\u00eddricos, que alguna vez fueron regulares, ahora se reportan como escasos. La transformaci\u00f3n es evidente al observar la desaparici\u00f3n de \u00e1reas previamente clasificadas con reservas excesivas y revelan un cambio dr\u00e1stico en las condiciones del suelo en solo una semana, se\u00f1alaron.<\/p>\n<h3><span style=\"color: #003366;\"><strong>El Servicio Meteorol\u00f3gico Nacional pronostic\u00f3 lluvias por debajo de lo normal<\/strong><\/span><\/h3>\n<p>En este contexto, la ORA advirti\u00f3 que las perspectivas clim\u00e1ticas a corto plazo no auguran buenas noticias para los cultivos. El Servicio Meteorol\u00f3gico Nacional (SMN) contin\u00faa pronosticando precipitaciones por debajo de lo normal en la mayor\u00eda del \u00e1rea nacional de cultivos extensivos, acompa\u00f1adas de temperaturas muy superiores a la media semanal.<\/p>\n<p>Este panorama se traduce en alertas amarillas, naranjas e incluso rojas por temperaturas extremas en varias provincias, lo que anticipa d\u00edas de intensa presi\u00f3n sobre los cultivos en desarrollo.<\/p>\n<p>Aunque se vislumbra cierto alivio para la primera semana de febrero, con una normalizaci\u00f3n de las precipitaciones y acumulados estimados entre 20 y 40 mil\u00edmetros, los expertos se\u00f1alan que esta mejora no ser\u00e1 suficiente para compensar el d\u00e9ficit h\u00eddrico acumulado durante enero. La incertidumbre persiste, y los agricultores se preparan para enfrentar d\u00edas cr\u00edticos mientras aguardan la tan necesaria normalizaci\u00f3n clim\u00e1tica.<\/p>\n<p>A su vez, la ORA pronostic\u00f3 que, entre lunes y domingo, se anticipan altas temperaturas desde el norte de la Patagonia hasta el norte del pa\u00eds, con la posibilidad de olas de calor en diversas localidades de esta extensa regi\u00f3n. En particular, alertaron sobre la probabilidad de m\u00e1ximas superiores a los 35\u00b0C.<\/p>\n<p>En el noroeste y noreste argentino, algunas localidades podr\u00edan experimentar m\u00e1ximas que superen los 40\u00b0C durante esta semana, hasta el domingo 4.<\/p>\n<p>Este escenario se acent\u00faa en el norte de Santa Fe y C\u00f3rdoba, donde se prev\u00e9n temperaturas elevadas durante el viernes y el domingo. Sin embargo, a pesar de las condiciones t\u00e9rmicas extremas, no se esperan acumulados significativos durante la semana.<\/p>\n<p>Por \u00faltimo, en cuanto a las lluvias, se proyecta que entre lunes y jueves se registren precipitaciones de diversa intensidad en Mendoza, San Luis, San Juan y el noroeste argentino (NOA). Hacia el mi\u00e9rcoles y el viernes, podr\u00edan producirse lluvias aisladas en el sur de C\u00f3rdoba, La Pampa y el sur de Buenos Aires, as\u00ed como en las provincias de Neuqu\u00e9n, R\u00edo Negro y Chubut.<\/p>\n<p>Aunque estas precipitaciones ofrecen cierto alivio en algunas zonas, <em>\u201cla situaci\u00f3n generalizada de escasez h\u00eddrica plantea un desaf\u00edo continuo para los productores agropecuarios\u201d<\/em>.<\/p>\n<p><em>(TN)<\/em><\/p>\n","protected":false},"excerpt":{"rendered":"<p>La Oficina de Riesgo Agropecuario advirti\u00f3 sobre un fuerte descenso de los almacenajes h\u00eddricos, en especial para la soja de primera. La ausencia de precipitaciones [&hellip;]<\/p>\n","protected":false},"author":1,"featured_media":3068,"comment_status":"open","ping_status":"closed","sticky":false,"template":"","format":"standard","meta":{"footnotes":""},"categories":[14],"tags":[],"class_list":["post-3067","post","type-post","status-publish","format-standard","has-post-thumbnail","hentry","category-clima-medioambiente-y-sostenibilidad"],"better_featured_image":{"id":3068,"alt_text":"","caption":"","description":"","media_type":"image","media_details":{"width":720,"height":324,"file":"2024\/01\/cultivos-e1706744621502.jpg","filesize":466705,"sizes":{"medium":{"file":"cultivos-300x135.jpg","width":300,"height":135,"mime-type":"image\/jpeg","filesize":13065,"source_url":"https:\/\/nuevodigitaldeescobar.com.ar\/wp-content\/uploads\/2024\/01\/cultivos-300x135.jpg"},"large":{"file":"cultivos-1024x461.jpg","width":1024,"height":461,"mime-type":"image\/jpeg","filesize":156653,"source_url":"https:\/\/nuevodigitaldeescobar.com.ar\/wp-content\/uploads\/2024\/01\/cultivos-1024x461.jpg"},"thumbnail":{"file":"cultivos-150x150.jpg","width":150,"height":150,"mime-type":"image\/jpeg","filesize":7547,"source_url":"https:\/\/nuevodigitaldeescobar.com.ar\/wp-content\/uploads\/2024\/01\/cultivos-150x150.jpg"},"medium_large":{"file":"cultivos-768x346.jpg","width":768,"height":346,"mime-type":"image\/jpeg","filesize":88266,"source_url":"https:\/\/nuevodigitaldeescobar.com.ar\/wp-content\/uploads\/2024\/01\/cultivos-768x346.jpg"}},"image_meta":{"aperture":"0","credit":"","camera":"","caption":"","created_timestamp":"0","copyright":"","focal_length":"0","iso":"0","shutter_speed":"0","title":"","orientation":"0","keywords":[]}},"post":3067,"source_url":"https:\/\/nuevodigitaldeescobar.com.ar\/wp-content\/uploads\/2024\/01\/cultivos-e1706744621502.jpg"},"yoast_head":"<!-- This site is optimized with the Yoast SEO plugin v26.1.1 - https:\/\/yoast.com\/wordpress\/plugins\/seo\/ -->\n<title>El fantasma de la sequ\u00eda amenaza los cultivos y hay preocupaci\u00f3n en el campo tras 15 d\u00edas sin lluvias - Nuevo Digital de Escobar<\/title>\n<meta name=\"robots\" content=\"index, follow, max-snippet:-1, max-image-preview:large, max-video-preview:-1\" \/>\n<link rel=\"canonical\" href=\"https:\/\/nuevodigitaldeescobar.com.ar\/?p=3067\" \/>\n<meta property=\"og:locale\" content=\"es_ES\" \/>\n<meta property=\"og:type\" content=\"article\" \/>\n<meta property=\"og:title\" content=\"El fantasma de la sequ\u00eda amenaza los cultivos y hay preocupaci\u00f3n en el campo tras 15 d\u00edas sin lluvias - Nuevo Digital de Escobar\" \/>\n<meta property=\"og:description\" content=\"La Oficina de Riesgo Agropecuario advirti\u00f3 sobre un fuerte descenso de los almacenajes h\u00eddricos, en especial para la soja de primera. La ausencia de precipitaciones [&hellip;]\" \/>\n<meta property=\"og:url\" content=\"https:\/\/nuevodigitaldeescobar.com.ar\/?p=3067\" \/>\n<meta property=\"og:site_name\" content=\"Nuevo Digital de Escobar\" \/>\n<meta property=\"article:publisher\" content=\"https:\/\/www.facebook.com\/NUEVODigitalDeEscobar\" \/>\n<meta property=\"article:published_time\" content=\"2024-02-01T10:00:00+00:00\" \/>\n<meta property=\"og:image\" content=\"https:\/\/nuevodigitaldeescobar.com.ar\/wp-content\/uploads\/2024\/01\/cultivos-e1706744621502.jpg\" \/>\n\t<meta property=\"og:image:width\" content=\"720\" \/>\n\t<meta property=\"og:image:height\" content=\"324\" \/>\n\t<meta property=\"og:image:type\" content=\"image\/jpeg\" \/>\n<meta name=\"author\" content=\"Redacci\u00f3n\" \/>\n<meta name=\"twitter:card\" content=\"summary_large_image\" \/>\n<meta name=\"twitter:creator\" content=\"@nuevodigescobar\" \/>\n<meta name=\"twitter:site\" content=\"@nuevodigescobar\" \/>\n<meta name=\"twitter:label1\" content=\"Escrito por\" \/>\n\t<meta name=\"twitter:data1\" content=\"Redacci\u00f3n\" \/>\n\t<meta name=\"twitter:label2\" content=\"Tiempo de lectura\" \/>\n\t<meta name=\"twitter:data2\" content=\"3 minutos\" \/>\n<script type=\"application\/ld+json\" class=\"yoast-schema-graph\">{\"@context\":\"https:\/\/schema.org\",\"@graph\":[{\"@type\":\"Article\",\"@id\":\"https:\/\/nuevodigitaldeescobar.com.ar\/?p=3067#article\",\"isPartOf\":{\"@id\":\"https:\/\/nuevodigitaldeescobar.com.ar\/?p=3067\"},\"author\":{\"name\":\"Redacci\u00f3n\",\"@id\":\"https:\/\/nuevodigitaldeescobar.com.ar\/#\/schema\/person\/035e90a8efe9a80e6eec22656ad6ea4c\"},\"headline\":\"El fantasma de la sequ\u00eda amenaza los cultivos y hay preocupaci\u00f3n en el campo tras 15 d\u00edas sin lluvias\",\"datePublished\":\"2024-02-01T10:00:00+00:00\",\"mainEntityOfPage\":{\"@id\":\"https:\/\/nuevodigitaldeescobar.com.ar\/?p=3067\"},\"wordCount\":632,\"commentCount\":0,\"publisher\":{\"@id\":\"https:\/\/nuevodigitaldeescobar.com.ar\/#organization\"},\"image\":{\"@id\":\"https:\/\/nuevodigitaldeescobar.com.ar\/?p=3067#primaryimage\"},\"thumbnailUrl\":\"https:\/\/nuevodigitaldeescobar.com.ar\/wp-content\/uploads\/2024\/01\/cultivos-e1706744621502.jpg\",\"articleSection\":[\"Clima, Medioambiente y Sostenibilidad\"],\"inLanguage\":\"es\",\"potentialAction\":[{\"@type\":\"CommentAction\",\"name\":\"Comment\",\"target\":[\"https:\/\/nuevodigitaldeescobar.com.ar\/?p=3067#respond\"]}]},{\"@type\":\"WebPage\",\"@id\":\"https:\/\/nuevodigitaldeescobar.com.ar\/?p=3067\",\"url\":\"https:\/\/nuevodigitaldeescobar.com.ar\/?p=3067\",\"name\":\"El fantasma de la sequ\u00eda amenaza los cultivos y hay preocupaci\u00f3n en el campo tras 15 d\u00edas sin lluvias - Nuevo Digital de Escobar\",\"isPartOf\":{\"@id\":\"https:\/\/nuevodigitaldeescobar.com.ar\/#website\"},\"primaryImageOfPage\":{\"@id\":\"https:\/\/nuevodigitaldeescobar.com.ar\/?p=3067#primaryimage\"},\"image\":{\"@id\":\"https:\/\/nuevodigitaldeescobar.com.ar\/?p=3067#primaryimage\"},\"thumbnailUrl\":\"https:\/\/nuevodigitaldeescobar.com.ar\/wp-content\/uploads\/2024\/01\/cultivos-e1706744621502.jpg\",\"datePublished\":\"2024-02-01T10:00:00+00:00\",\"breadcrumb\":{\"@id\":\"https:\/\/nuevodigitaldeescobar.com.ar\/?p=3067#breadcrumb\"},\"inLanguage\":\"es\",\"potentialAction\":[{\"@type\":\"ReadAction\",\"target\":[\"https:\/\/nuevodigitaldeescobar.com.ar\/?p=3067\"]}]},{\"@type\":\"ImageObject\",\"inLanguage\":\"es\",\"@id\":\"https:\/\/nuevodigitaldeescobar.com.ar\/?p=3067#primaryimage\",\"url\":\"https:\/\/nuevodigitaldeescobar.com.ar\/wp-content\/uploads\/2024\/01\/cultivos-e1706744621502.jpg\",\"contentUrl\":\"https:\/\/nuevodigitaldeescobar.com.ar\/wp-content\/uploads\/2024\/01\/cultivos-e1706744621502.jpg\",\"width\":720,\"height\":324},{\"@type\":\"BreadcrumbList\",\"@id\":\"https:\/\/nuevodigitaldeescobar.com.ar\/?p=3067#breadcrumb\",\"itemListElement\":[{\"@type\":\"ListItem\",\"position\":1,\"name\":\"Portada\",\"item\":\"https:\/\/nuevodigitaldeescobar.com.ar\/\"},{\"@type\":\"ListItem\",\"position\":2,\"name\":\"El fantasma de la sequ\u00eda amenaza los cultivos y hay preocupaci\u00f3n en el campo tras 15 d\u00edas sin lluvias\"}]},{\"@type\":\"WebSite\",\"@id\":\"https:\/\/nuevodigitaldeescobar.com.ar\/#website\",\"url\":\"https:\/\/nuevodigitaldeescobar.com.ar\/\",\"name\":\"Nuevo Digital de Escobar\",\"description\":\"La vida escobarense. Directora: Rosana Brunner\",\"publisher\":{\"@id\":\"https:\/\/nuevodigitaldeescobar.com.ar\/#organization\"},\"potentialAction\":[{\"@type\":\"SearchAction\",\"target\":{\"@type\":\"EntryPoint\",\"urlTemplate\":\"https:\/\/nuevodigitaldeescobar.com.ar\/?s={search_term_string}\"},\"query-input\":{\"@type\":\"PropertyValueSpecification\",\"valueRequired\":true,\"valueName\":\"search_term_string\"}}],\"inLanguage\":\"es\"},{\"@type\":\"Organization\",\"@id\":\"https:\/\/nuevodigitaldeescobar.com.ar\/#organization\",\"name\":\"Nuevo Digital de Escobar\",\"url\":\"https:\/\/nuevodigitaldeescobar.com.ar\/\",\"logo\":{\"@type\":\"ImageObject\",\"inLanguage\":\"es\",\"@id\":\"https:\/\/nuevodigitaldeescobar.com.ar\/#\/schema\/logo\/image\/\",\"url\":\"https:\/\/nuevodigitaldeescobar.com.ar\/wp-content\/uploads\/2025\/05\/cropped-logo-nuevo2.jpg\",\"contentUrl\":\"https:\/\/nuevodigitaldeescobar.com.ar\/wp-content\/uploads\/2025\/05\/cropped-logo-nuevo2.jpg\",\"width\":305,\"height\":305,\"caption\":\"Nuevo Digital de Escobar\"},\"image\":{\"@id\":\"https:\/\/nuevodigitaldeescobar.com.ar\/#\/schema\/logo\/image\/\"},\"sameAs\":[\"https:\/\/www.facebook.com\/NUEVODigitalDeEscobar\",\"https:\/\/x.com\/nuevodigescobar\",\"https:\/\/www.instagram.com\/nuevodigitaldeescobar\"]},{\"@type\":\"Person\",\"@id\":\"https:\/\/nuevodigitaldeescobar.com.ar\/#\/schema\/person\/035e90a8efe9a80e6eec22656ad6ea4c\",\"name\":\"Redacci\u00f3n\",\"image\":{\"@type\":\"ImageObject\",\"inLanguage\":\"es\",\"@id\":\"https:\/\/nuevodigitaldeescobar.com.ar\/#\/schema\/person\/image\/\",\"url\":\"https:\/\/secure.gravatar.com\/avatar\/8af8f40000c24e9eef3034f2be5998a372bb1389e64b1a4a36b3a7979142220d?s=96&d=mm&r=g\",\"contentUrl\":\"https:\/\/secure.gravatar.com\/avatar\/8af8f40000c24e9eef3034f2be5998a372bb1389e64b1a4a36b3a7979142220d?s=96&d=mm&r=g\",\"caption\":\"Redacci\u00f3n\"},\"sameAs\":[\"http:\/\/nuevodigitaldeescobar.com.ar\"],\"url\":\"https:\/\/nuevodigitaldeescobar.com.ar\/?author=1\"}]}<\/script>\n<!-- \/ Yoast SEO plugin. -->","yoast_head_json":{"title":"El fantasma de la sequ\u00eda amenaza los cultivos y hay preocupaci\u00f3n en el campo tras 15 d\u00edas sin lluvias - Nuevo Digital de Escobar","robots":{"index":"index","follow":"follow","max-snippet":"max-snippet:-1","max-image-preview":"max-image-preview:large","max-video-preview":"max-video-preview:-1"},"canonical":"https:\/\/nuevodigitaldeescobar.com.ar\/?p=3067","og_locale":"es_ES","og_type":"article","og_title":"El fantasma de la sequ\u00eda amenaza los cultivos y hay preocupaci\u00f3n en el campo tras 15 d\u00edas sin lluvias - Nuevo Digital de Escobar","og_description":"La Oficina de Riesgo Agropecuario advirti\u00f3 sobre un fuerte descenso de los almacenajes h\u00eddricos, en especial para la soja de primera. La ausencia de precipitaciones [&hellip;]","og_url":"https:\/\/nuevodigitaldeescobar.com.ar\/?p=3067","og_site_name":"Nuevo Digital de Escobar","article_publisher":"https:\/\/www.facebook.com\/NUEVODigitalDeEscobar","article_published_time":"2024-02-01T10:00:00+00:00","og_image":[{"width":720,"height":324,"url":"https:\/\/nuevodigitaldeescobar.com.ar\/wp-content\/uploads\/2024\/01\/cultivos-e1706744621502.jpg","type":"image\/jpeg"}],"author":"Redacci\u00f3n","twitter_card":"summary_large_image","twitter_creator":"@nuevodigescobar","twitter_site":"@nuevodigescobar","twitter_misc":{"Escrito por":"Redacci\u00f3n","Tiempo de lectura":"3 minutos"},"schema":{"@context":"https:\/\/schema.org","@graph":[{"@type":"Article","@id":"https:\/\/nuevodigitaldeescobar.com.ar\/?p=3067#article","isPartOf":{"@id":"https:\/\/nuevodigitaldeescobar.com.ar\/?p=3067"},"author":{"name":"Redacci\u00f3n","@id":"https:\/\/nuevodigitaldeescobar.com.ar\/#\/schema\/person\/035e90a8efe9a80e6eec22656ad6ea4c"},"headline":"El fantasma de la sequ\u00eda amenaza los cultivos y hay preocupaci\u00f3n en el campo tras 15 d\u00edas sin lluvias","datePublished":"2024-02-01T10:00:00+00:00","mainEntityOfPage":{"@id":"https:\/\/nuevodigitaldeescobar.com.ar\/?p=3067"},"wordCount":632,"commentCount":0,"publisher":{"@id":"https:\/\/nuevodigitaldeescobar.com.ar\/#organization"},"image":{"@id":"https:\/\/nuevodigitaldeescobar.com.ar\/?p=3067#primaryimage"},"thumbnailUrl":"https:\/\/nuevodigitaldeescobar.com.ar\/wp-content\/uploads\/2024\/01\/cultivos-e1706744621502.jpg","articleSection":["Clima, Medioambiente y Sostenibilidad"],"inLanguage":"es","potentialAction":[{"@type":"CommentAction","name":"Comment","target":["https:\/\/nuevodigitaldeescobar.com.ar\/?p=3067#respond"]}]},{"@type":"WebPage","@id":"https:\/\/nuevodigitaldeescobar.com.ar\/?p=3067","url":"https:\/\/nuevodigitaldeescobar.com.ar\/?p=3067","name":"El fantasma de la sequ\u00eda amenaza los cultivos y hay preocupaci\u00f3n en el campo tras 15 d\u00edas sin lluvias - Nuevo Digital de Escobar","isPartOf":{"@id":"https:\/\/nuevodigitaldeescobar.com.ar\/#website"},"primaryImageOfPage":{"@id":"https:\/\/nuevodigitaldeescobar.com.ar\/?p=3067#primaryimage"},"image":{"@id":"https:\/\/nuevodigitaldeescobar.com.ar\/?p=3067#primaryimage"},"thumbnailUrl":"https:\/\/nuevodigitaldeescobar.com.ar\/wp-content\/uploads\/2024\/01\/cultivos-e1706744621502.jpg","datePublished":"2024-02-01T10:00:00+00:00","breadcrumb":{"@id":"https:\/\/nuevodigitaldeescobar.com.ar\/?p=3067#breadcrumb"},"inLanguage":"es","potentialAction":[{"@type":"ReadAction","target":["https:\/\/nuevodigitaldeescobar.com.ar\/?p=3067"]}]},{"@type":"ImageObject","inLanguage":"es","@id":"https:\/\/nuevodigitaldeescobar.com.ar\/?p=3067#primaryimage","url":"https:\/\/nuevodigitaldeescobar.com.ar\/wp-content\/uploads\/2024\/01\/cultivos-e1706744621502.jpg","contentUrl":"https:\/\/nuevodigitaldeescobar.com.ar\/wp-content\/uploads\/2024\/01\/cultivos-e1706744621502.jpg","width":720,"height":324},{"@type":"BreadcrumbList","@id":"https:\/\/nuevodigitaldeescobar.com.ar\/?p=3067#breadcrumb","itemListElement":[{"@type":"ListItem","position":1,"name":"Portada","item":"https:\/\/nuevodigitaldeescobar.com.ar\/"},{"@type":"ListItem","position":2,"name":"El fantasma de la sequ\u00eda amenaza los cultivos y hay preocupaci\u00f3n en el campo tras 15 d\u00edas sin lluvias"}]},{"@type":"WebSite","@id":"https:\/\/nuevodigitaldeescobar.com.ar\/#website","url":"https:\/\/nuevodigitaldeescobar.com.ar\/","name":"Nuevo Digital de Escobar","description":"La vida escobarense. Directora: Rosana Brunner","publisher":{"@id":"https:\/\/nuevodigitaldeescobar.com.ar\/#organization"},"potentialAction":[{"@type":"SearchAction","target":{"@type":"EntryPoint","urlTemplate":"https:\/\/nuevodigitaldeescobar.com.ar\/?s={search_term_string}"},"query-input":{"@type":"PropertyValueSpecification","valueRequired":true,"valueName":"search_term_string"}}],"inLanguage":"es"},{"@type":"Organization","@id":"https:\/\/nuevodigitaldeescobar.com.ar\/#organization","name":"Nuevo Digital de Escobar","url":"https:\/\/nuevodigitaldeescobar.com.ar\/","logo":{"@type":"ImageObject","inLanguage":"es","@id":"https:\/\/nuevodigitaldeescobar.com.ar\/#\/schema\/logo\/image\/","url":"https:\/\/nuevodigitaldeescobar.com.ar\/wp-content\/uploads\/2025\/05\/cropped-logo-nuevo2.jpg","contentUrl":"https:\/\/nuevodigitaldeescobar.com.ar\/wp-content\/uploads\/2025\/05\/cropped-logo-nuevo2.jpg","width":305,"height":305,"caption":"Nuevo Digital de Escobar"},"image":{"@id":"https:\/\/nuevodigitaldeescobar.com.ar\/#\/schema\/logo\/image\/"},"sameAs":["https:\/\/www.facebook.com\/NUEVODigitalDeEscobar","https:\/\/x.com\/nuevodigescobar","https:\/\/www.instagram.com\/nuevodigitaldeescobar"]},{"@type":"Person","@id":"https:\/\/nuevodigitaldeescobar.com.ar\/#\/schema\/person\/035e90a8efe9a80e6eec22656ad6ea4c","name":"Redacci\u00f3n","image":{"@type":"ImageObject","inLanguage":"es","@id":"https:\/\/nuevodigitaldeescobar.com.ar\/#\/schema\/person\/image\/","url":"https:\/\/secure.gravatar.com\/avatar\/8af8f40000c24e9eef3034f2be5998a372bb1389e64b1a4a36b3a7979142220d?s=96&d=mm&r=g","contentUrl":"https:\/\/secure.gravatar.com\/avatar\/8af8f40000c24e9eef3034f2be5998a372bb1389e64b1a4a36b3a7979142220d?s=96&d=mm&r=g","caption":"Redacci\u00f3n"},"sameAs":["http:\/\/nuevodigitaldeescobar.com.ar"],"url":"https:\/\/nuevodigitaldeescobar.com.ar\/?author=1"}]}},"featured_image_urls":{"full":["https:\/\/nuevodigitaldeescobar.com.ar\/wp-content\/uploads\/2024\/01\/cultivos-e1706744621502.jpg",720,324,false],"thumbnail":["https:\/\/nuevodigitaldeescobar.com.ar\/wp-content\/uploads\/2024\/01\/cultivos-150x150.jpg",150,150,true],"medium":["https:\/\/nuevodigitaldeescobar.com.ar\/wp-content\/uploads\/2024\/01\/cultivos-300x135.jpg",300,135,true],"medium_large":["https:\/\/nuevodigitaldeescobar.com.ar\/wp-content\/uploads\/2024\/01\/cultivos-768x346.jpg",640,288,true],"large":["https:\/\/nuevodigitaldeescobar.com.ar\/wp-content\/uploads\/2024\/01\/cultivos-1024x461.jpg",640,288,true],"1536x1536":["https:\/\/nuevodigitaldeescobar.com.ar\/wp-content\/uploads\/2024\/01\/cultivos-e1706744621502.jpg",720,324,false],"2048x2048":["https:\/\/nuevodigitaldeescobar.com.ar\/wp-content\/uploads\/2024\/01\/cultivos-e1706744621502.jpg",720,324,false]},"author_info":{"display_name":"Redacci\u00f3n","author_link":"https:\/\/nuevodigitaldeescobar.com.ar\/?author=1"},"category_info":"<a href=\"https:\/\/nuevodigitaldeescobar.com.ar\/?cat=14\" rel=\"category\">Clima, Medioambiente y Sostenibilidad<\/a>","tag_info":"Clima, Medioambiente y Sostenibilidad","comment_count":"0","_links":{"self":[{"href":"https:\/\/nuevodigitaldeescobar.com.ar\/index.php?rest_route=\/wp\/v2\/posts\/3067","targetHints":{"allow":["GET"]}}],"collection":[{"href":"https:\/\/nuevodigitaldeescobar.com.ar\/index.php?rest_route=\/wp\/v2\/posts"}],"about":[{"href":"https:\/\/nuevodigitaldeescobar.com.ar\/index.php?rest_route=\/wp\/v2\/types\/post"}],"author":[{"embeddable":true,"href":"https:\/\/nuevodigitaldeescobar.com.ar\/index.php?rest_route=\/wp\/v2\/users\/1"}],"replies":[{"embeddable":true,"href":"https:\/\/nuevodigitaldeescobar.com.ar\/index.php?rest_route=%2Fwp%2Fv2%2Fcomments&post=3067"}],"version-history":[{"count":1,"href":"https:\/\/nuevodigitaldeescobar.com.ar\/index.php?rest_route=\/wp\/v2\/posts\/3067\/revisions"}],"predecessor-version":[{"id":3069,"href":"https:\/\/nuevodigitaldeescobar.com.ar\/index.php?rest_route=\/wp\/v2\/posts\/3067\/revisions\/3069"}],"wp:featuredmedia":[{"embeddable":true,"href":"https:\/\/nuevodigitaldeescobar.com.ar\/index.php?rest_route=\/wp\/v2\/media\/3068"}],"wp:attachment":[{"href":"https:\/\/nuevodigitaldeescobar.com.ar\/index.php?rest_route=%2Fwp%2Fv2%2Fmedia&parent=3067"}],"wp:term":[{"taxonomy":"category","embeddable":true,"href":"https:\/\/nuevodigitaldeescobar.com.ar\/index.php?rest_route=%2Fwp%2Fv2%2Fcategories&post=3067"},{"taxonomy":"post_tag","embeddable":true,"href":"https:\/\/nuevodigitaldeescobar.com.ar\/index.php?rest_route=%2Fwp%2Fv2%2Ftags&post=3067"}],"curies":[{"name":"wp","href":"https:\/\/api.w.org\/{rel}","templated":true}]}}