{"id":3090,"date":"2024-02-02T15:02:52","date_gmt":"2024-02-02T18:02:52","guid":{"rendered":"https:\/\/nuevodigitaldeescobar.com.ar\/?p=3090"},"modified":"2024-02-02T15:02:56","modified_gmt":"2024-02-02T18:02:56","slug":"retiraron-el-barco-siniestrado-en-el-complejo-zarate-brazo-largo","status":"publish","type":"post","link":"https:\/\/nuevodigitaldeescobar.com.ar\/?p=3090","title":{"rendered":"Retiraron el barco siniestrado en el Complejo Zarate-Brazo Largo"},"content":{"rendered":"<p><span style=\"color: #003366;\"><strong><em>\u00abEl barco fue retirado y no se encontr\u00f3 al momento ninguna fisura comprometedora en la pila del puente\u00bb, inform\u00f3 el coordinador del operativo, Ernesto Arriaga.<\/em><\/strong><\/span><\/p>\n<p><!--more--><\/p>\n<hr \/>\n<p>Personal de Gendarmer\u00eda Nacional comenz\u00f3 a liberar el tr\u00e1nsito vehicular desde la localidad entrerriana de Ceibas y la bonaerense de Z\u00e1rate, luego de que este mediod\u00eda personal especializado retirara con dos remolques al buque de bandera Liberiana para trasladarlo a otro muelle en Z\u00e1rate, inform\u00f3 coordinador del operativo.<\/p>\n<p><em>\u00abEl barco fue retirado del Puente Mitre a las 12 del mediod\u00eda y no se encontr\u00f3 al momento ninguna fisura comprometedora en la pila del puente\u00bb<\/em>, inform\u00f3 el coordinador del operativo, Ernesto Arriaga, aunque personal especializado inspeccionar\u00e1 el lugar donde el domingo pasado se produjo el choque.<\/p>\n<figure id=\"attachment_3095\" aria-describedby=\"caption-attachment-3095\" style=\"width: 720px\" class=\"wp-caption alignnone\"><a href=\"https:\/\/nuevodigitaldeescobar.com.ar\/?attachment_id=3095\" rel=\"attachment wp-att-3095\"><img fetchpriority=\"high\" decoding=\"async\" class=\"size-full wp-image-3095\" src=\"http:\/\/nuevodigitaldeescobar.com.ar\/wp-content\/uploads\/2024\/02\/barco-puente-5-e1706896913879.jpg\" alt=\"\" width=\"720\" height=\"405\" \/><\/a><figcaption id=\"caption-attachment-3095\" class=\"wp-caption-text\">Foto: Alejandro Santa Cruz<\/figcaption><\/figure>\n<p>De a poco, el tr\u00e1nsito vehicular comenz\u00f3 a rehabilitarse desde la localidad entrerriana de Ceibas hasta Z\u00e1rate, en provincia de Buenos Aires, en un operativo coordinado por Gendarmer\u00eda Nacional.<\/p>\n<p>En tanto, el tr\u00e1nsito naval se liberar\u00e1 en el transcurso del d\u00eda de la mano de un operativo a cargo del personal de prefectura Naval, luego de que el barco sea trasladado al muelle Piapsa de la ciudad de Z\u00e1rate.<\/p>\n<p>Una empresa concesionaria inici\u00f3 el evento de remoci\u00f3n y traslado a las 9.45 de este viernes con un grupo de trabajo compuesto por 30 personas.<\/p>\n<figure id=\"attachment_3094\" aria-describedby=\"caption-attachment-3094\" style=\"width: 720px\" class=\"wp-caption alignnone\"><a href=\"https:\/\/nuevodigitaldeescobar.com.ar\/?attachment_id=3094\" rel=\"attachment wp-att-3094\"><img decoding=\"async\" class=\"size-full wp-image-3094\" src=\"http:\/\/nuevodigitaldeescobar.com.ar\/wp-content\/uploads\/2024\/02\/barco-puente-4-e1706896890350.jpg\" alt=\"\" width=\"720\" height=\"405\" \/><\/a><figcaption id=\"caption-attachment-3094\" class=\"wp-caption-text\">Foto: Alejandro Santa Cruz<\/figcaption><\/figure>\n<p>El operativo incluy\u00f3 el corte del tr\u00e1nsito en la ruta 12 y 14 a la altura del Puente Mitre del lado de provincia de Buenos Aires y desde Entre R\u00edos, con un procedimiento que dur\u00f3 dos horas.<\/p>\n<p>Desde el lado de la provincia de Entre R\u00edos, el corte de tr\u00e1nsito se produjo desde la localidad Ceibas y en la caminera de la polic\u00eda entrerriana, en la base de los dos puentes.<\/p>\n<p>En la isla Talavera, una de las islas que componen el sector bonaerense del Delta del r\u00edo Paran\u00e1, ubicada entre el r\u00edo Paran\u00e1 Guaz\u00fa y el Pasaje Talavera, en los partidos de San Fernando, Campana y Z\u00e1rate, no circularon veh\u00edculos y patrullaron m\u00f3viles de Gendarmer\u00eda nacional.<\/p>\n<figure id=\"attachment_3093\" aria-describedby=\"caption-attachment-3093\" style=\"width: 720px\" class=\"wp-caption alignnone\"><a href=\"https:\/\/nuevodigitaldeescobar.com.ar\/?attachment_id=3093\" rel=\"attachment wp-att-3093\"><img decoding=\"async\" class=\"size-full wp-image-3093\" src=\"http:\/\/nuevodigitaldeescobar.com.ar\/wp-content\/uploads\/2024\/02\/barco-puente-3-e1706896866685.jpg\" alt=\"\" width=\"720\" height=\"405\" \/><\/a><figcaption id=\"caption-attachment-3093\" class=\"wp-caption-text\">Foto: Alejandro Santa Cruz<\/figcaption><\/figure>\n<p>Antes, el titular de la empresa concesionaria a cargo del operativo, Carlos Paz, hab\u00eda indicado que <em>\u00ablos buzos hab\u00edan inspeccionado los da\u00f1os en el puente y en el barco y se cree que son da\u00f1os menores los producidos en el puente, pero un estructuralista tiene que revisarlo\u00bb<\/em>.<\/p>\n<p>Por su parte, Arriaga detall\u00f3 que se desplegaron m\u00e1s de diez m\u00f3viles de Gendarmer\u00eda en ambos lados del Puente Mitre para controlar la velocidad m\u00e1xima que no supere los 80 kil\u00f3metros por hora en ruta y los 60 kil\u00f3metros en los dos puentes.<\/p>\n<figure id=\"attachment_3092\" aria-describedby=\"caption-attachment-3092\" style=\"width: 720px\" class=\"wp-caption alignnone\"><a href=\"https:\/\/nuevodigitaldeescobar.com.ar\/?attachment_id=3092\" rel=\"attachment wp-att-3092\"><img loading=\"lazy\" decoding=\"async\" class=\"size-full wp-image-3092\" src=\"http:\/\/nuevodigitaldeescobar.com.ar\/wp-content\/uploads\/2024\/02\/barco-puente-2-e1706896842859.jpg\" alt=\"\" width=\"720\" height=\"405\" \/><\/a><figcaption id=\"caption-attachment-3092\" class=\"wp-caption-text\">Foto: Alejandro Santa Cruz<\/figcaption><\/figure>\n<h3><span style=\"color: #003366;\"><strong>La colisi\u00f3n<\/strong><\/span><\/h3>\n<p>El buque colision\u00f3 el domingo pasado contra uno de los pilares del puente que cruza el rio Paran\u00e1 Guaz\u00fa, y desde ese momento, se realizaron varias maniobras con el prop\u00f3sito de remolcarlo.<\/p>\n<p>La colisi\u00f3n ocurri\u00f3 cuando una embarcaci\u00f3n de gran porte, que se dirig\u00eda hacia el puerto santafesino de San Lorenzo, sin carga y con tripulaci\u00f3n m\u00ednima, roz\u00f3 uno de los pilares del puente, lo que caus\u00f3 su detenci\u00f3n y una aver\u00eda en el casco, del lado de estribor.<\/p>\n<p><em>\u00abTiene una aver\u00eda en la proa. Si bien no tenemos antecedentes de un siniestro parecido, afortunadamente no hay heridos\u00bb<\/em>, apuntaron voceros de la Prefectura.<\/p>\n<figure id=\"attachment_3091\" aria-describedby=\"caption-attachment-3091\" style=\"width: 720px\" class=\"wp-caption alignnone\"><a href=\"https:\/\/nuevodigitaldeescobar.com.ar\/?attachment_id=3091\" rel=\"attachment wp-att-3091\"><img loading=\"lazy\" decoding=\"async\" class=\"size-full wp-image-3091\" src=\"http:\/\/nuevodigitaldeescobar.com.ar\/wp-content\/uploads\/2024\/02\/barco-puente-1-e1706896810401.jpg\" alt=\"\" width=\"720\" height=\"405\" \/><\/a><figcaption id=\"caption-attachment-3091\" class=\"wp-caption-text\">Foto: Alejandro Santa Cruz<\/figcaption><\/figure>\n<p>Un comunicado oficial de la fuerza inform\u00f3 el lunes pasado que <em>\u00abun pr\u00e1ctico, en el momento en que el buque se encontraba navegando aguas arriba, sufri\u00f3 problemas en el tim\u00f3n, por causas que a\u00fan se desconocen, y perdi\u00f3 el control, colisionando con un pilar de protecci\u00f3n del puente sobre margen derecha del complejo, a la altura del kil\u00f3metro 106 del r\u00edo Paran\u00e1 de las Palmas\u00bb<\/em>.<\/p>\n<p><em>\u00abLa embarcaci\u00f3n siniestrada es de 228 metros de largo, 36.5 de manga ancho, proven\u00eda de Singapur con destino a San Lorenzo\u00bb<\/em>, agreg\u00f3 el documento.<\/p>\n<p>En el hecho, interviene el Juzgado Federal de Campana a cargo de Adri\u00e1n Gonz\u00e1lez Charvay, desde donde dieron la orden de remolcar el buque en el d\u00eda de hoy.<\/p>\n<p><em>(T\u00e9lam)<\/em><\/p>\n","protected":false},"excerpt":{"rendered":"<p>\u00abEl barco fue retirado y no se encontr\u00f3 al momento ninguna fisura comprometedora en la pila del puente\u00bb, inform\u00f3 el coordinador del operativo, Ernesto Arriaga.<\/p>\n","protected":false},"author":1,"featured_media":3096,"comment_status":"open","ping_status":"closed","sticky":false,"template":"","format":"standard","meta":{"footnotes":""},"categories":[7],"tags":[],"class_list":["post-3090","post","type-post","status-publish","format-standard","has-post-thumbnail","hentry","category-interes-general"],"better_featured_image":{"id":3096,"alt_text":"","caption":"","description":"","media_type":"image","media_details":{"width":720,"height":405,"file":"2024\/02\/barco-puente-6-e1706896963929.jpg","filesize":126529,"sizes":{"medium":{"file":"barco-puente-6-300x169.jpg","width":300,"height":169,"mime-type":"image\/jpeg","filesize":9661,"source_url":"https:\/\/nuevodigitaldeescobar.com.ar\/wp-content\/uploads\/2024\/02\/barco-puente-6-300x169.jpg"},"large":{"file":"barco-puente-6-1024x576.jpg","width":1024,"height":576,"mime-type":"image\/jpeg","filesize":72965,"source_url":"https:\/\/nuevodigitaldeescobar.com.ar\/wp-content\/uploads\/2024\/02\/barco-puente-6-1024x576.jpg"},"thumbnail":{"file":"barco-puente-6-150x150.jpg","width":150,"height":150,"mime-type":"image\/jpeg","filesize":5093,"source_url":"https:\/\/nuevodigitaldeescobar.com.ar\/wp-content\/uploads\/2024\/02\/barco-puente-6-150x150.jpg"},"medium_large":{"file":"barco-puente-6-768x432.jpg","width":768,"height":432,"mime-type":"image\/jpeg","filesize":44532,"source_url":"https:\/\/nuevodigitaldeescobar.com.ar\/wp-content\/uploads\/2024\/02\/barco-puente-6-768x432.jpg"}},"image_meta":{"aperture":"0","credit":"","camera":"","caption":"","created_timestamp":"0","copyright":"","focal_length":"0","iso":"0","shutter_speed":"0","title":"","orientation":"0","keywords":[]}},"post":3090,"source_url":"https:\/\/nuevodigitaldeescobar.com.ar\/wp-content\/uploads\/2024\/02\/barco-puente-6-e1706896963929.jpg"},"yoast_head":"<!-- This site is optimized with the Yoast SEO plugin v26.1.1 - https:\/\/yoast.com\/wordpress\/plugins\/seo\/ -->\n<title>Retiraron el barco siniestrado en el Complejo Zarate-Brazo Largo - Nuevo Digital de Escobar<\/title>\n<meta name=\"robots\" content=\"index, follow, max-snippet:-1, max-image-preview:large, max-video-preview:-1\" \/>\n<link rel=\"canonical\" href=\"https:\/\/nuevodigitaldeescobar.com.ar\/?p=3090\" \/>\n<meta property=\"og:locale\" content=\"es_ES\" \/>\n<meta property=\"og:type\" content=\"article\" \/>\n<meta property=\"og:title\" content=\"Retiraron el barco siniestrado en el Complejo Zarate-Brazo Largo - Nuevo Digital de Escobar\" \/>\n<meta property=\"og:description\" content=\"\u00abEl barco fue retirado y no se encontr\u00f3 al momento ninguna fisura comprometedora en la pila del puente\u00bb, inform\u00f3 el coordinador del operativo, Ernesto Arriaga.\" \/>\n<meta property=\"og:url\" content=\"https:\/\/nuevodigitaldeescobar.com.ar\/?p=3090\" \/>\n<meta property=\"og:site_name\" content=\"Nuevo Digital de Escobar\" \/>\n<meta property=\"article:publisher\" content=\"https:\/\/www.facebook.com\/NUEVODigitalDeEscobar\" \/>\n<meta property=\"article:published_time\" content=\"2024-02-02T18:02:52+00:00\" \/>\n<meta property=\"article:modified_time\" content=\"2024-02-02T18:02:56+00:00\" \/>\n<meta property=\"og:image\" content=\"https:\/\/nuevodigitaldeescobar.com.ar\/wp-content\/uploads\/2024\/02\/barco-puente-6-e1706896963929.jpg\" \/>\n\t<meta property=\"og:image:width\" content=\"720\" \/>\n\t<meta property=\"og:image:height\" content=\"405\" \/>\n\t<meta property=\"og:image:type\" content=\"image\/jpeg\" \/>\n<meta name=\"author\" content=\"Redacci\u00f3n\" \/>\n<meta name=\"twitter:card\" content=\"summary_large_image\" \/>\n<meta name=\"twitter:creator\" content=\"@nuevodigescobar\" \/>\n<meta name=\"twitter:site\" content=\"@nuevodigescobar\" \/>\n<meta name=\"twitter:label1\" content=\"Escrito por\" \/>\n\t<meta name=\"twitter:data1\" content=\"Redacci\u00f3n\" \/>\n\t<meta name=\"twitter:label2\" content=\"Tiempo de lectura\" \/>\n\t<meta name=\"twitter:data2\" content=\"4 minutos\" \/>\n<script type=\"application\/ld+json\" class=\"yoast-schema-graph\">{\"@context\":\"https:\/\/schema.org\",\"@graph\":[{\"@type\":\"Article\",\"@id\":\"https:\/\/nuevodigitaldeescobar.com.ar\/?p=3090#article\",\"isPartOf\":{\"@id\":\"https:\/\/nuevodigitaldeescobar.com.ar\/?p=3090\"},\"author\":{\"name\":\"Redacci\u00f3n\",\"@id\":\"https:\/\/nuevodigitaldeescobar.com.ar\/#\/schema\/person\/035e90a8efe9a80e6eec22656ad6ea4c\"},\"headline\":\"Retiraron el barco siniestrado en el Complejo Zarate-Brazo Largo\",\"datePublished\":\"2024-02-02T18:02:52+00:00\",\"dateModified\":\"2024-02-02T18:02:56+00:00\",\"mainEntityOfPage\":{\"@id\":\"https:\/\/nuevodigitaldeescobar.com.ar\/?p=3090\"},\"wordCount\":755,\"commentCount\":0,\"publisher\":{\"@id\":\"https:\/\/nuevodigitaldeescobar.com.ar\/#organization\"},\"image\":{\"@id\":\"https:\/\/nuevodigitaldeescobar.com.ar\/?p=3090#primaryimage\"},\"thumbnailUrl\":\"https:\/\/nuevodigitaldeescobar.com.ar\/wp-content\/uploads\/2024\/02\/barco-puente-6-e1706896963929.jpg\",\"articleSection\":[\"Inter\u00e9s general\"],\"inLanguage\":\"es\",\"potentialAction\":[{\"@type\":\"CommentAction\",\"name\":\"Comment\",\"target\":[\"https:\/\/nuevodigitaldeescobar.com.ar\/?p=3090#respond\"]}]},{\"@type\":\"WebPage\",\"@id\":\"https:\/\/nuevodigitaldeescobar.com.ar\/?p=3090\",\"url\":\"https:\/\/nuevodigitaldeescobar.com.ar\/?p=3090\",\"name\":\"Retiraron el barco siniestrado en el Complejo Zarate-Brazo Largo - Nuevo Digital de Escobar\",\"isPartOf\":{\"@id\":\"https:\/\/nuevodigitaldeescobar.com.ar\/#website\"},\"primaryImageOfPage\":{\"@id\":\"https:\/\/nuevodigitaldeescobar.com.ar\/?p=3090#primaryimage\"},\"image\":{\"@id\":\"https:\/\/nuevodigitaldeescobar.com.ar\/?p=3090#primaryimage\"},\"thumbnailUrl\":\"https:\/\/nuevodigitaldeescobar.com.ar\/wp-content\/uploads\/2024\/02\/barco-puente-6-e1706896963929.jpg\",\"datePublished\":\"2024-02-02T18:02:52+00:00\",\"dateModified\":\"2024-02-02T18:02:56+00:00\",\"breadcrumb\":{\"@id\":\"https:\/\/nuevodigitaldeescobar.com.ar\/?p=3090#breadcrumb\"},\"inLanguage\":\"es\",\"potentialAction\":[{\"@type\":\"ReadAction\",\"target\":[\"https:\/\/nuevodigitaldeescobar.com.ar\/?p=3090\"]}]},{\"@type\":\"ImageObject\",\"inLanguage\":\"es\",\"@id\":\"https:\/\/nuevodigitaldeescobar.com.ar\/?p=3090#primaryimage\",\"url\":\"https:\/\/nuevodigitaldeescobar.com.ar\/wp-content\/uploads\/2024\/02\/barco-puente-6-e1706896963929.jpg\",\"contentUrl\":\"https:\/\/nuevodigitaldeescobar.com.ar\/wp-content\/uploads\/2024\/02\/barco-puente-6-e1706896963929.jpg\",\"width\":720,\"height\":405},{\"@type\":\"BreadcrumbList\",\"@id\":\"https:\/\/nuevodigitaldeescobar.com.ar\/?p=3090#breadcrumb\",\"itemListElement\":[{\"@type\":\"ListItem\",\"position\":1,\"name\":\"Portada\",\"item\":\"https:\/\/nuevodigitaldeescobar.com.ar\/\"},{\"@type\":\"ListItem\",\"position\":2,\"name\":\"Retiraron el barco siniestrado en el Complejo Zarate-Brazo Largo\"}]},{\"@type\":\"WebSite\",\"@id\":\"https:\/\/nuevodigitaldeescobar.com.ar\/#website\",\"url\":\"https:\/\/nuevodigitaldeescobar.com.ar\/\",\"name\":\"Nuevo Digital de Escobar\",\"description\":\"La vida escobarense. Directora: Rosana Brunner\",\"publisher\":{\"@id\":\"https:\/\/nuevodigitaldeescobar.com.ar\/#organization\"},\"potentialAction\":[{\"@type\":\"SearchAction\",\"target\":{\"@type\":\"EntryPoint\",\"urlTemplate\":\"https:\/\/nuevodigitaldeescobar.com.ar\/?s={search_term_string}\"},\"query-input\":{\"@type\":\"PropertyValueSpecification\",\"valueRequired\":true,\"valueName\":\"search_term_string\"}}],\"inLanguage\":\"es\"},{\"@type\":\"Organization\",\"@id\":\"https:\/\/nuevodigitaldeescobar.com.ar\/#organization\",\"name\":\"Nuevo Digital de Escobar\",\"url\":\"https:\/\/nuevodigitaldeescobar.com.ar\/\",\"logo\":{\"@type\":\"ImageObject\",\"inLanguage\":\"es\",\"@id\":\"https:\/\/nuevodigitaldeescobar.com.ar\/#\/schema\/logo\/image\/\",\"url\":\"https:\/\/nuevodigitaldeescobar.com.ar\/wp-content\/uploads\/2025\/05\/cropped-logo-nuevo2.jpg\",\"contentUrl\":\"https:\/\/nuevodigitaldeescobar.com.ar\/wp-content\/uploads\/2025\/05\/cropped-logo-nuevo2.jpg\",\"width\":305,\"height\":305,\"caption\":\"Nuevo Digital de Escobar\"},\"image\":{\"@id\":\"https:\/\/nuevodigitaldeescobar.com.ar\/#\/schema\/logo\/image\/\"},\"sameAs\":[\"https:\/\/www.facebook.com\/NUEVODigitalDeEscobar\",\"https:\/\/x.com\/nuevodigescobar\",\"https:\/\/www.instagram.com\/nuevodigitaldeescobar\"]},{\"@type\":\"Person\",\"@id\":\"https:\/\/nuevodigitaldeescobar.com.ar\/#\/schema\/person\/035e90a8efe9a80e6eec22656ad6ea4c\",\"name\":\"Redacci\u00f3n\",\"image\":{\"@type\":\"ImageObject\",\"inLanguage\":\"es\",\"@id\":\"https:\/\/nuevodigitaldeescobar.com.ar\/#\/schema\/person\/image\/\",\"url\":\"https:\/\/secure.gravatar.com\/avatar\/8af8f40000c24e9eef3034f2be5998a372bb1389e64b1a4a36b3a7979142220d?s=96&d=mm&r=g\",\"contentUrl\":\"https:\/\/secure.gravatar.com\/avatar\/8af8f40000c24e9eef3034f2be5998a372bb1389e64b1a4a36b3a7979142220d?s=96&d=mm&r=g\",\"caption\":\"Redacci\u00f3n\"},\"sameAs\":[\"http:\/\/nuevodigitaldeescobar.com.ar\"],\"url\":\"https:\/\/nuevodigitaldeescobar.com.ar\/?author=1\"}]}<\/script>\n<!-- \/ Yoast SEO plugin. -->","yoast_head_json":{"title":"Retiraron el barco siniestrado en el Complejo Zarate-Brazo Largo - Nuevo Digital de Escobar","robots":{"index":"index","follow":"follow","max-snippet":"max-snippet:-1","max-image-preview":"max-image-preview:large","max-video-preview":"max-video-preview:-1"},"canonical":"https:\/\/nuevodigitaldeescobar.com.ar\/?p=3090","og_locale":"es_ES","og_type":"article","og_title":"Retiraron el barco siniestrado en el Complejo Zarate-Brazo Largo - Nuevo Digital de Escobar","og_description":"\u00abEl barco fue retirado y no se encontr\u00f3 al momento ninguna fisura comprometedora en la pila del puente\u00bb, inform\u00f3 el coordinador del operativo, Ernesto Arriaga.","og_url":"https:\/\/nuevodigitaldeescobar.com.ar\/?p=3090","og_site_name":"Nuevo Digital de Escobar","article_publisher":"https:\/\/www.facebook.com\/NUEVODigitalDeEscobar","article_published_time":"2024-02-02T18:02:52+00:00","article_modified_time":"2024-02-02T18:02:56+00:00","og_image":[{"width":720,"height":405,"url":"https:\/\/nuevodigitaldeescobar.com.ar\/wp-content\/uploads\/2024\/02\/barco-puente-6-e1706896963929.jpg","type":"image\/jpeg"}],"author":"Redacci\u00f3n","twitter_card":"summary_large_image","twitter_creator":"@nuevodigescobar","twitter_site":"@nuevodigescobar","twitter_misc":{"Escrito por":"Redacci\u00f3n","Tiempo de lectura":"4 minutos"},"schema":{"@context":"https:\/\/schema.org","@graph":[{"@type":"Article","@id":"https:\/\/nuevodigitaldeescobar.com.ar\/?p=3090#article","isPartOf":{"@id":"https:\/\/nuevodigitaldeescobar.com.ar\/?p=3090"},"author":{"name":"Redacci\u00f3n","@id":"https:\/\/nuevodigitaldeescobar.com.ar\/#\/schema\/person\/035e90a8efe9a80e6eec22656ad6ea4c"},"headline":"Retiraron el barco siniestrado en el Complejo Zarate-Brazo Largo","datePublished":"2024-02-02T18:02:52+00:00","dateModified":"2024-02-02T18:02:56+00:00","mainEntityOfPage":{"@id":"https:\/\/nuevodigitaldeescobar.com.ar\/?p=3090"},"wordCount":755,"commentCount":0,"publisher":{"@id":"https:\/\/nuevodigitaldeescobar.com.ar\/#organization"},"image":{"@id":"https:\/\/nuevodigitaldeescobar.com.ar\/?p=3090#primaryimage"},"thumbnailUrl":"https:\/\/nuevodigitaldeescobar.com.ar\/wp-content\/uploads\/2024\/02\/barco-puente-6-e1706896963929.jpg","articleSection":["Inter\u00e9s general"],"inLanguage":"es","potentialAction":[{"@type":"CommentAction","name":"Comment","target":["https:\/\/nuevodigitaldeescobar.com.ar\/?p=3090#respond"]}]},{"@type":"WebPage","@id":"https:\/\/nuevodigitaldeescobar.com.ar\/?p=3090","url":"https:\/\/nuevodigitaldeescobar.com.ar\/?p=3090","name":"Retiraron el barco siniestrado en el Complejo Zarate-Brazo Largo - Nuevo Digital de Escobar","isPartOf":{"@id":"https:\/\/nuevodigitaldeescobar.com.ar\/#website"},"primaryImageOfPage":{"@id":"https:\/\/nuevodigitaldeescobar.com.ar\/?p=3090#primaryimage"},"image":{"@id":"https:\/\/nuevodigitaldeescobar.com.ar\/?p=3090#primaryimage"},"thumbnailUrl":"https:\/\/nuevodigitaldeescobar.com.ar\/wp-content\/uploads\/2024\/02\/barco-puente-6-e1706896963929.jpg","datePublished":"2024-02-02T18:02:52+00:00","dateModified":"2024-02-02T18:02:56+00:00","breadcrumb":{"@id":"https:\/\/nuevodigitaldeescobar.com.ar\/?p=3090#breadcrumb"},"inLanguage":"es","potentialAction":[{"@type":"ReadAction","target":["https:\/\/nuevodigitaldeescobar.com.ar\/?p=3090"]}]},{"@type":"ImageObject","inLanguage":"es","@id":"https:\/\/nuevodigitaldeescobar.com.ar\/?p=3090#primaryimage","url":"https:\/\/nuevodigitaldeescobar.com.ar\/wp-content\/uploads\/2024\/02\/barco-puente-6-e1706896963929.jpg","contentUrl":"https:\/\/nuevodigitaldeescobar.com.ar\/wp-content\/uploads\/2024\/02\/barco-puente-6-e1706896963929.jpg","width":720,"height":405},{"@type":"BreadcrumbList","@id":"https:\/\/nuevodigitaldeescobar.com.ar\/?p=3090#breadcrumb","itemListElement":[{"@type":"ListItem","position":1,"name":"Portada","item":"https:\/\/nuevodigitaldeescobar.com.ar\/"},{"@type":"ListItem","position":2,"name":"Retiraron el barco siniestrado en el Complejo Zarate-Brazo Largo"}]},{"@type":"WebSite","@id":"https:\/\/nuevodigitaldeescobar.com.ar\/#website","url":"https:\/\/nuevodigitaldeescobar.com.ar\/","name":"Nuevo Digital de Escobar","description":"La vida escobarense. Directora: Rosana Brunner","publisher":{"@id":"https:\/\/nuevodigitaldeescobar.com.ar\/#organization"},"potentialAction":[{"@type":"SearchAction","target":{"@type":"EntryPoint","urlTemplate":"https:\/\/nuevodigitaldeescobar.com.ar\/?s={search_term_string}"},"query-input":{"@type":"PropertyValueSpecification","valueRequired":true,"valueName":"search_term_string"}}],"inLanguage":"es"},{"@type":"Organization","@id":"https:\/\/nuevodigitaldeescobar.com.ar\/#organization","name":"Nuevo Digital de Escobar","url":"https:\/\/nuevodigitaldeescobar.com.ar\/","logo":{"@type":"ImageObject","inLanguage":"es","@id":"https:\/\/nuevodigitaldeescobar.com.ar\/#\/schema\/logo\/image\/","url":"https:\/\/nuevodigitaldeescobar.com.ar\/wp-content\/uploads\/2025\/05\/cropped-logo-nuevo2.jpg","contentUrl":"https:\/\/nuevodigitaldeescobar.com.ar\/wp-content\/uploads\/2025\/05\/cropped-logo-nuevo2.jpg","width":305,"height":305,"caption":"Nuevo Digital de Escobar"},"image":{"@id":"https:\/\/nuevodigitaldeescobar.com.ar\/#\/schema\/logo\/image\/"},"sameAs":["https:\/\/www.facebook.com\/NUEVODigitalDeEscobar","https:\/\/x.com\/nuevodigescobar","https:\/\/www.instagram.com\/nuevodigitaldeescobar"]},{"@type":"Person","@id":"https:\/\/nuevodigitaldeescobar.com.ar\/#\/schema\/person\/035e90a8efe9a80e6eec22656ad6ea4c","name":"Redacci\u00f3n","image":{"@type":"ImageObject","inLanguage":"es","@id":"https:\/\/nuevodigitaldeescobar.com.ar\/#\/schema\/person\/image\/","url":"https:\/\/secure.gravatar.com\/avatar\/8af8f40000c24e9eef3034f2be5998a372bb1389e64b1a4a36b3a7979142220d?s=96&d=mm&r=g","contentUrl":"https:\/\/secure.gravatar.com\/avatar\/8af8f40000c24e9eef3034f2be5998a372bb1389e64b1a4a36b3a7979142220d?s=96&d=mm&r=g","caption":"Redacci\u00f3n"},"sameAs":["http:\/\/nuevodigitaldeescobar.com.ar"],"url":"https:\/\/nuevodigitaldeescobar.com.ar\/?author=1"}]}},"featured_image_urls":{"full":["https:\/\/nuevodigitaldeescobar.com.ar\/wp-content\/uploads\/2024\/02\/barco-puente-6-e1706896963929.jpg",720,405,false],"thumbnail":["https:\/\/nuevodigitaldeescobar.com.ar\/wp-content\/uploads\/2024\/02\/barco-puente-6-150x150.jpg",150,150,true],"medium":["https:\/\/nuevodigitaldeescobar.com.ar\/wp-content\/uploads\/2024\/02\/barco-puente-6-300x169.jpg",300,169,true],"medium_large":["https:\/\/nuevodigitaldeescobar.com.ar\/wp-content\/uploads\/2024\/02\/barco-puente-6-768x432.jpg",640,360,true],"large":["https:\/\/nuevodigitaldeescobar.com.ar\/wp-content\/uploads\/2024\/02\/barco-puente-6-1024x576.jpg",640,360,true],"1536x1536":["https:\/\/nuevodigitaldeescobar.com.ar\/wp-content\/uploads\/2024\/02\/barco-puente-6-e1706896963929.jpg",720,405,false],"2048x2048":["https:\/\/nuevodigitaldeescobar.com.ar\/wp-content\/uploads\/2024\/02\/barco-puente-6-e1706896963929.jpg",720,405,false]},"author_info":{"display_name":"Redacci\u00f3n","author_link":"https:\/\/nuevodigitaldeescobar.com.ar\/?author=1"},"category_info":"<a href=\"https:\/\/nuevodigitaldeescobar.com.ar\/?cat=7\" rel=\"category\">Inter\u00e9s general<\/a>","tag_info":"Inter\u00e9s general","comment_count":"0","_links":{"self":[{"href":"https:\/\/nuevodigitaldeescobar.com.ar\/index.php?rest_route=\/wp\/v2\/posts\/3090","targetHints":{"allow":["GET"]}}],"collection":[{"href":"https:\/\/nuevodigitaldeescobar.com.ar\/index.php?rest_route=\/wp\/v2\/posts"}],"about":[{"href":"https:\/\/nuevodigitaldeescobar.com.ar\/index.php?rest_route=\/wp\/v2\/types\/post"}],"author":[{"embeddable":true,"href":"https:\/\/nuevodigitaldeescobar.com.ar\/index.php?rest_route=\/wp\/v2\/users\/1"}],"replies":[{"embeddable":true,"href":"https:\/\/nuevodigitaldeescobar.com.ar\/index.php?rest_route=%2Fwp%2Fv2%2Fcomments&post=3090"}],"version-history":[{"count":1,"href":"https:\/\/nuevodigitaldeescobar.com.ar\/index.php?rest_route=\/wp\/v2\/posts\/3090\/revisions"}],"predecessor-version":[{"id":3097,"href":"https:\/\/nuevodigitaldeescobar.com.ar\/index.php?rest_route=\/wp\/v2\/posts\/3090\/revisions\/3097"}],"wp:featuredmedia":[{"embeddable":true,"href":"https:\/\/nuevodigitaldeescobar.com.ar\/index.php?rest_route=\/wp\/v2\/media\/3096"}],"wp:attachment":[{"href":"https:\/\/nuevodigitaldeescobar.com.ar\/index.php?rest_route=%2Fwp%2Fv2%2Fmedia&parent=3090"}],"wp:term":[{"taxonomy":"category","embeddable":true,"href":"https:\/\/nuevodigitaldeescobar.com.ar\/index.php?rest_route=%2Fwp%2Fv2%2Fcategories&post=3090"},{"taxonomy":"post_tag","embeddable":true,"href":"https:\/\/nuevodigitaldeescobar.com.ar\/index.php?rest_route=%2Fwp%2Fv2%2Ftags&post=3090"}],"curies":[{"name":"wp","href":"https:\/\/api.w.org\/{rel}","templated":true}]}}