{"id":3103,"date":"2024-02-02T15:48:24","date_gmt":"2024-02-02T18:48:24","guid":{"rendered":"https:\/\/nuevodigitaldeescobar.com.ar\/?p=3103"},"modified":"2024-02-02T15:49:35","modified_gmt":"2024-02-02T18:49:35","slug":"dia-mundial-de-los-humedales-los-grandes-aliados-en-la-lucha-contra-el-cambio-climatico","status":"publish","type":"post","link":"https:\/\/nuevodigitaldeescobar.com.ar\/?p=3103","title":{"rendered":"D\u00eda Mundial de los Humedales, los grandes \u00abaliados\u00bb en la lucha contra el cambio clim\u00e1tico"},"content":{"rendered":"<p><span style=\"color: #003366;\"><strong><em>En el marco de su D\u00eda Mundial, que se conmemora cada 2 de febrero, especialistas se\u00f1alan la importancia de la existencia de estos ecosistemas, que alojan \u00abcasi la mitad de la biodiversidad del planeta\u00bb, y su conservaci\u00f3n a nivel mundial.<\/em><\/strong><\/span><\/p>\n<p><!--more--><\/p>\n<hr \/>\n<p>Los humedales son <em>\u00abgrandes aliados en la lucha contra el cambio clim\u00e1tico\u00bb<\/em> y alojan <em>\u00abcasi la mitad de la biodiversidad del planeta\u00bb<\/em>. En Argentina se estima que un 21,5% de su territorio est\u00e1 cubierto por ellos, se\u00f1alaron especialistas en el D\u00eda Mundial de los Humedales.<\/p>\n<p><a href=\"https:\/\/nuevodigitaldeescobar.com.ar\/?attachment_id=3104\" rel=\"attachment wp-att-3104\"><img fetchpriority=\"high\" decoding=\"async\" class=\"alignnone size-full wp-image-3104\" src=\"http:\/\/nuevodigitaldeescobar.com.ar\/wp-content\/uploads\/2024\/02\/humedales-1.jpg\" alt=\"\" width=\"720\" height=\"405\" srcset=\"https:\/\/nuevodigitaldeescobar.com.ar\/wp-content\/uploads\/2024\/02\/humedales-1.jpg 720w, https:\/\/nuevodigitaldeescobar.com.ar\/wp-content\/uploads\/2024\/02\/humedales-1-300x169.jpg 300w\" sizes=\"(max-width: 720px) 100vw, 720px\" \/><\/a><\/p>\n<p>Estas zonas de tierra inundadas, ya sea de forma temporal o permanente, son ecosistemas en donde el agua es su elemento central y define sus caracter\u00edsticas f\u00edsicas, vegetales, animales y c\u00f3mo estos se relacionan entre s\u00ed.<\/p>\n<p>En ese sentido, la Convenci\u00f3n Ramsar sobre los Humedales, un tratado internacional encargado de su conservaci\u00f3n a nivel mundial, propuso que este a\u00f1o el lema para concientizar sobre la importancia de estas \u00e1reas sea <em>\u00ablos humedales y el bienestar humano\u00bb<\/em>.<\/p>\n<p><em>\u00abLos humedales son uno de los tantos ecosistemas que existen en el pa\u00eds, como los de monta\u00f1a, pastizales, ecosistemas costeros-marinos, entre otros. Y existen a lo largo de todo el pa\u00eds. Se estima que un 21,5% del territorio nacional est\u00e1 cubierto por humedal\u00bb<\/em>, se\u00f1al\u00f3 Ana Di Pancracio, directora ejecutiva de la Fundaci\u00f3n Ambiente y Recursos Naturales (FARN).<\/p>\n<p><a href=\"https:\/\/nuevodigitaldeescobar.com.ar\/?attachment_id=3105\" rel=\"attachment wp-att-3105\"><img decoding=\"async\" class=\"alignnone size-full wp-image-3105\" src=\"http:\/\/nuevodigitaldeescobar.com.ar\/wp-content\/uploads\/2024\/02\/humedales-2.jpg\" alt=\"\" width=\"720\" height=\"405\" srcset=\"https:\/\/nuevodigitaldeescobar.com.ar\/wp-content\/uploads\/2024\/02\/humedales-2.jpg 720w, https:\/\/nuevodigitaldeescobar.com.ar\/wp-content\/uploads\/2024\/02\/humedales-2-300x169.jpg 300w\" sizes=\"(max-width: 720px) 100vw, 720px\" \/><\/a><\/p>\n<p>La especialista explic\u00f3 que Argentina tiene una gran diversidad de humedales en seis grandes regiones como la Cuenca del Plata, Chaco, Pampas, Patagonia, Puna y la zona costera Patag\u00f3nica, tanto en \u00e1reas urbanas como en periurbanas y rurales.<\/p>\n<p><em>\u00abLos humedales alojan al 40% de la biodiversidad mundial, casi la mitad de la biodiversidad del planeta y, entre sus funciones, adem\u00e1s de alojar esta variedad de seres vivos, son grandes filtros saturadores y reservorios de agua dulce, que es un elemento central para la vida\u00bb<\/em>, indic\u00f3.<\/p>\n<p>Adem\u00e1s, mitigan los impactos de las lluvias y almacenan carbono, m\u00e1s que los bosques y que ning\u00fan otro ecosistema, transform\u00e1ndolos en <em>\u00abgrandes aliados en la lucha contra el cambio clim\u00e1tico\u00bb<\/em>.<\/p>\n<p>Sin embargo, justamente una de las principales amenazas para estos ecosistemas es el cambio clim\u00e1tico ya que, al hacer m\u00e1s severos sucesos naturales como lluvias y sequ\u00edas, los tiempos de mayor o menor carga de agua se pueden ver acelerados y hacerse m\u00e1s graves.<\/p>\n<p><a href=\"https:\/\/nuevodigitaldeescobar.com.ar\/?attachment_id=3106\" rel=\"attachment wp-att-3106\"><img decoding=\"async\" class=\"alignnone size-full wp-image-3106\" src=\"http:\/\/nuevodigitaldeescobar.com.ar\/wp-content\/uploads\/2024\/02\/humedales-3.jpg\" alt=\"\" width=\"720\" height=\"405\" srcset=\"https:\/\/nuevodigitaldeescobar.com.ar\/wp-content\/uploads\/2024\/02\/humedales-3.jpg 720w, https:\/\/nuevodigitaldeescobar.com.ar\/wp-content\/uploads\/2024\/02\/humedales-3-300x169.jpg 300w\" sizes=\"(max-width: 720px) 100vw, 720px\" \/><\/a><\/p>\n<p>Otro factor negativo es el uso productivo de estas \u00e1reas, ocasionando la destrucci\u00f3n de estos h\u00e1bitats.<\/p>\n<p><em>\u00abLa principal amenaza para los humedales es que se los empieza a drenar hasta que despu\u00e9s se termina destinando el suelo a otro fin, poniendo en riesgo la funci\u00f3n natural que cumplen estos ecosistemas\u00bb<\/em>, a\u00f1adi\u00f3 la especialista en biodiversidad.<\/p>\n<h3><span style=\"color: #003366;\"><strong>La Convenci\u00f3n Ramsar<\/strong><\/span><\/h3>\n<p>Suscripta en esa ciudad iran\u00ed en 1971, advirti\u00f3 que <em>\u00abm\u00e1s del 80% de los humedales han desaparecido desde el siglo XVIII\u00bb<\/em>, con una tendencia que <em>\u00abse est\u00e1 acelerando\u00bb<\/em> ya que desde 1970 se perdieron el 35% de estas \u00e1reas a nivel mundial.<\/p>\n<p>Y agreg\u00f3 que el 81% de las especies de humedales continentales, y el 36% de las especies costeras y marinas, disminuyeron en los \u00faltimos 50 a\u00f1os, poniendo en riesgo <em>\u00abel bienestar humano, los medios de vida y la salud del planeta\u00bb<\/em>.<\/p>\n<p><a href=\"https:\/\/nuevodigitaldeescobar.com.ar\/?attachment_id=3107\" rel=\"attachment wp-att-3107\"><img loading=\"lazy\" decoding=\"async\" class=\"alignnone size-full wp-image-3107\" src=\"http:\/\/nuevodigitaldeescobar.com.ar\/wp-content\/uploads\/2024\/02\/humedales-4.jpg\" alt=\"\" width=\"720\" height=\"405\" srcset=\"https:\/\/nuevodigitaldeescobar.com.ar\/wp-content\/uploads\/2024\/02\/humedales-4.jpg 720w, https:\/\/nuevodigitaldeescobar.com.ar\/wp-content\/uploads\/2024\/02\/humedales-4-300x169.jpg 300w\" sizes=\"(max-width: 720px) 100vw, 720px\" \/><\/a><\/p>\n<h3><span style=\"color: #003366;\"><strong>Humedales Andinos<\/strong><\/span><\/h3>\n<p>Por su parte, la Alianza por los Humedales Andinos, integrada por organizaciones ambientales de Bolivia, Chile y Argentina, advirti\u00f3 que estos humedales <em>\u00abest\u00e1n en riesgo grave por los impactos de la crisis clim\u00e1tica, los cambios en el uso del suelo, y los impactos negativos de actividades extractivas como la miner\u00eda de litio y otros\u00bb<\/em>.<\/p>\n<p>Los humedales andinos (entre ellos salares, lagos y lagunas) son ecosistemas de alta importancia ambiental y social <em>\u00abmuy fr\u00e1giles por sus caracter\u00edsticas\u00bb<\/em>, que se encuentran ubicados predominantemente en la zona de la Puna en las provincias de La Rioja, Catamarca, Salta y Jujuy.<\/p>\n<p>Daniel Blanco, director ejecutivo de la Fundaci\u00f3n Humedales\/Wetlands International, expres\u00f3 que estos humedales se diferencian con otros ya que <em>\u00abes una matriz \u00e1rida\u00bb<\/em> con <em>\u00abun paisaje terrestre, des\u00e9rtico, donde los humedales est\u00e1n localizados en una peque\u00f1a parte del territorio\u00bb<\/em> y tienen <em>\u00abun valor particular porque es donde est\u00e1 el agua\u00bb<\/em>.<\/p>\n<p><a href=\"https:\/\/nuevodigitaldeescobar.com.ar\/?attachment_id=3108\" rel=\"attachment wp-att-3108\"><img loading=\"lazy\" decoding=\"async\" class=\"alignnone size-full wp-image-3108\" src=\"http:\/\/nuevodigitaldeescobar.com.ar\/wp-content\/uploads\/2024\/02\/humedales-5.jpg\" alt=\"\" width=\"720\" height=\"405\" srcset=\"https:\/\/nuevodigitaldeescobar.com.ar\/wp-content\/uploads\/2024\/02\/humedales-5.jpg 720w, https:\/\/nuevodigitaldeescobar.com.ar\/wp-content\/uploads\/2024\/02\/humedales-5-300x169.jpg 300w\" sizes=\"(max-width: 720px) 100vw, 720px\" \/><\/a><\/p>\n<p>En esos sitios se junta la fauna, la biodiversidad, comunidades que necesitan agua, desarrollan actividades productivas, ganaderas y es donde se forrajean las vegas.<\/p>\n<p><em>\u00abLas vegas son un tipo de humedal altoandino que son como colchones de pasto que se generan en lugares donde aflora el agua y es ah\u00ed donde el ganado pasta\u00bb<\/em>, agreg\u00f3.<\/p>\n<p>En particular, este tipo de humedales, que son como <em>\u00aboasis en un desierto\u00bb<\/em>, se ven principalmente amenazados por actividades mineras, en especial la de litio, que en los \u00faltimos a\u00f1os tom\u00f3 reconocimiento ya que <em>\u00abes una necesidad global para la transici\u00f3n energ\u00e9tica y el abandono del uso de los combustibles f\u00f3siles\u00bb<\/em>.<\/p>\n<p>Blanco apunt\u00f3 que la producci\u00f3n de litio <em>\u00abno es sustentable\u00bb<\/em> en tanto <em>\u00abpara extraerlo de los salares y salinas se utiliza un m\u00e9todo de evaporaci\u00f3n de agua en donde se extrae de la profundidad una salmuera de litio que se coloca en grandes piletas y se evapora\u00bb<\/em>.<\/p>\n<p><em>\u00abEn un ambiente semides\u00e9rtico y en una situaci\u00f3n de cambio clim\u00e1tico con per\u00edodos de sequ\u00eda, lo que se pierde es agua que se va a la atm\u00f3sfera\u00bb<\/em>, advirti\u00f3.<\/p>\n<p><a href=\"https:\/\/nuevodigitaldeescobar.com.ar\/?attachment_id=3109\" rel=\"attachment wp-att-3109\"><img loading=\"lazy\" decoding=\"async\" class=\"alignnone size-full wp-image-3109\" src=\"http:\/\/nuevodigitaldeescobar.com.ar\/wp-content\/uploads\/2024\/02\/humedales-6.jpg\" alt=\"\" width=\"720\" height=\"405\" srcset=\"https:\/\/nuevodigitaldeescobar.com.ar\/wp-content\/uploads\/2024\/02\/humedales-6.jpg 720w, https:\/\/nuevodigitaldeescobar.com.ar\/wp-content\/uploads\/2024\/02\/humedales-6-300x169.jpg 300w\" sizes=\"(max-width: 720px) 100vw, 720px\" \/><\/a><\/p>\n<p>Ambos especialistas coincidieron en que si desaparecen los humedales <em>\u00abqueda desamparada toda la biodiversidad que aloja, que vive y se reproduce en ellos\u00bb<\/em>, como as\u00ed tambi\u00e9n las comunidades enteras que viven en estas \u00e1reas, arriesgando su subsistencia.<\/p>\n<p>Se estima que los humedales protegen al 60% de la poblaci\u00f3n mundial contra mareas de tempestad, huracanes y tsunamis, seg\u00fan datos difundidos por la convenci\u00f3n, por lo que esperan, como cada 2 de febrero de cada a\u00f1o en el D\u00eda Mundial de los Humedales, <em>\u00abcrear conciencia acerca de su importancia para la humanidad y el planeta\u00bb<\/em>.<\/p>\n<p><em>(T\u00e9lam)<\/em><\/p>\n","protected":false},"excerpt":{"rendered":"<p>En el marco de su D\u00eda Mundial, que se conmemora cada 2 de febrero, especialistas se\u00f1alan la importancia de la existencia de estos ecosistemas, que [&hellip;]<\/p>\n","protected":false},"author":1,"featured_media":3110,"comment_status":"open","ping_status":"closed","sticky":false,"template":"","format":"standard","meta":{"footnotes":""},"categories":[14],"tags":[],"class_list":["post-3103","post","type-post","status-publish","format-standard","has-post-thumbnail","hentry","category-clima-medioambiente-y-sostenibilidad"],"better_featured_image":{"id":3110,"alt_text":"","caption":"","description":"","media_type":"image","media_details":{"width":720,"height":405,"file":"2024\/02\/humedales-7.jpg","filesize":240114,"sizes":{"medium":{"file":"humedales-7-300x169.jpg","width":300,"height":169,"mime-type":"image\/jpeg","filesize":17293,"source_url":"https:\/\/nuevodigitaldeescobar.com.ar\/wp-content\/uploads\/2024\/02\/humedales-7-300x169.jpg"},"thumbnail":{"file":"humedales-7-150x150.jpg","width":150,"height":150,"mime-type":"image\/jpeg","filesize":10179,"source_url":"https:\/\/nuevodigitaldeescobar.com.ar\/wp-content\/uploads\/2024\/02\/humedales-7-150x150.jpg"}},"image_meta":{"aperture":"0","credit":"","camera":"","caption":"","created_timestamp":"0","copyright":"","focal_length":"0","iso":"0","shutter_speed":"0","title":"","orientation":"0","keywords":[]}},"post":3103,"source_url":"https:\/\/nuevodigitaldeescobar.com.ar\/wp-content\/uploads\/2024\/02\/humedales-7.jpg"},"yoast_head":"<!-- This site is optimized with the Yoast SEO plugin v26.1.1 - https:\/\/yoast.com\/wordpress\/plugins\/seo\/ -->\n<title>D\u00eda Mundial de los Humedales, los grandes &quot;aliados&quot; en la lucha contra el cambio clim\u00e1tico - Nuevo Digital de Escobar<\/title>\n<meta name=\"robots\" content=\"index, follow, max-snippet:-1, max-image-preview:large, max-video-preview:-1\" \/>\n<link rel=\"canonical\" href=\"https:\/\/nuevodigitaldeescobar.com.ar\/?p=3103\" \/>\n<meta property=\"og:locale\" content=\"es_ES\" \/>\n<meta property=\"og:type\" content=\"article\" \/>\n<meta property=\"og:title\" content=\"D\u00eda Mundial de los Humedales, los grandes &quot;aliados&quot; en la lucha contra el cambio clim\u00e1tico - Nuevo Digital de Escobar\" \/>\n<meta property=\"og:description\" content=\"En el marco de su D\u00eda Mundial, que se conmemora cada 2 de febrero, especialistas se\u00f1alan la importancia de la existencia de estos ecosistemas, que [&hellip;]\" \/>\n<meta property=\"og:url\" content=\"https:\/\/nuevodigitaldeescobar.com.ar\/?p=3103\" \/>\n<meta property=\"og:site_name\" content=\"Nuevo Digital de Escobar\" \/>\n<meta property=\"article:publisher\" content=\"https:\/\/www.facebook.com\/NUEVODigitalDeEscobar\" \/>\n<meta property=\"article:published_time\" content=\"2024-02-02T18:48:24+00:00\" \/>\n<meta property=\"article:modified_time\" content=\"2024-02-02T18:49:35+00:00\" \/>\n<meta property=\"og:image\" content=\"https:\/\/nuevodigitaldeescobar.com.ar\/wp-content\/uploads\/2024\/02\/humedales-7.jpg\" \/>\n\t<meta property=\"og:image:width\" content=\"720\" \/>\n\t<meta property=\"og:image:height\" content=\"405\" \/>\n\t<meta property=\"og:image:type\" content=\"image\/jpeg\" \/>\n<meta name=\"author\" content=\"Redacci\u00f3n\" \/>\n<meta name=\"twitter:card\" content=\"summary_large_image\" \/>\n<meta name=\"twitter:creator\" content=\"@nuevodigescobar\" \/>\n<meta name=\"twitter:site\" content=\"@nuevodigescobar\" \/>\n<meta name=\"twitter:label1\" content=\"Escrito por\" \/>\n\t<meta name=\"twitter:data1\" content=\"Redacci\u00f3n\" \/>\n\t<meta name=\"twitter:label2\" content=\"Tiempo de lectura\" \/>\n\t<meta name=\"twitter:data2\" content=\"5 minutos\" \/>\n<script type=\"application\/ld+json\" class=\"yoast-schema-graph\">{\"@context\":\"https:\/\/schema.org\",\"@graph\":[{\"@type\":\"Article\",\"@id\":\"https:\/\/nuevodigitaldeescobar.com.ar\/?p=3103#article\",\"isPartOf\":{\"@id\":\"https:\/\/nuevodigitaldeescobar.com.ar\/?p=3103\"},\"author\":{\"name\":\"Redacci\u00f3n\",\"@id\":\"https:\/\/nuevodigitaldeescobar.com.ar\/#\/schema\/person\/035e90a8efe9a80e6eec22656ad6ea4c\"},\"headline\":\"D\u00eda Mundial de los Humedales, los grandes \u00abaliados\u00bb en la lucha contra el cambio clim\u00e1tico\",\"datePublished\":\"2024-02-02T18:48:24+00:00\",\"dateModified\":\"2024-02-02T18:49:35+00:00\",\"mainEntityOfPage\":{\"@id\":\"https:\/\/nuevodigitaldeescobar.com.ar\/?p=3103\"},\"wordCount\":1012,\"commentCount\":0,\"publisher\":{\"@id\":\"https:\/\/nuevodigitaldeescobar.com.ar\/#organization\"},\"image\":{\"@id\":\"https:\/\/nuevodigitaldeescobar.com.ar\/?p=3103#primaryimage\"},\"thumbnailUrl\":\"https:\/\/nuevodigitaldeescobar.com.ar\/wp-content\/uploads\/2024\/02\/humedales-7.jpg\",\"articleSection\":[\"Clima, Medioambiente y Sostenibilidad\"],\"inLanguage\":\"es\",\"potentialAction\":[{\"@type\":\"CommentAction\",\"name\":\"Comment\",\"target\":[\"https:\/\/nuevodigitaldeescobar.com.ar\/?p=3103#respond\"]}]},{\"@type\":\"WebPage\",\"@id\":\"https:\/\/nuevodigitaldeescobar.com.ar\/?p=3103\",\"url\":\"https:\/\/nuevodigitaldeescobar.com.ar\/?p=3103\",\"name\":\"D\u00eda Mundial de los Humedales, los grandes \\\"aliados\\\" en la lucha contra el cambio clim\u00e1tico - Nuevo Digital de Escobar\",\"isPartOf\":{\"@id\":\"https:\/\/nuevodigitaldeescobar.com.ar\/#website\"},\"primaryImageOfPage\":{\"@id\":\"https:\/\/nuevodigitaldeescobar.com.ar\/?p=3103#primaryimage\"},\"image\":{\"@id\":\"https:\/\/nuevodigitaldeescobar.com.ar\/?p=3103#primaryimage\"},\"thumbnailUrl\":\"https:\/\/nuevodigitaldeescobar.com.ar\/wp-content\/uploads\/2024\/02\/humedales-7.jpg\",\"datePublished\":\"2024-02-02T18:48:24+00:00\",\"dateModified\":\"2024-02-02T18:49:35+00:00\",\"breadcrumb\":{\"@id\":\"https:\/\/nuevodigitaldeescobar.com.ar\/?p=3103#breadcrumb\"},\"inLanguage\":\"es\",\"potentialAction\":[{\"@type\":\"ReadAction\",\"target\":[\"https:\/\/nuevodigitaldeescobar.com.ar\/?p=3103\"]}]},{\"@type\":\"ImageObject\",\"inLanguage\":\"es\",\"@id\":\"https:\/\/nuevodigitaldeescobar.com.ar\/?p=3103#primaryimage\",\"url\":\"https:\/\/nuevodigitaldeescobar.com.ar\/wp-content\/uploads\/2024\/02\/humedales-7.jpg\",\"contentUrl\":\"https:\/\/nuevodigitaldeescobar.com.ar\/wp-content\/uploads\/2024\/02\/humedales-7.jpg\",\"width\":720,\"height\":405},{\"@type\":\"BreadcrumbList\",\"@id\":\"https:\/\/nuevodigitaldeescobar.com.ar\/?p=3103#breadcrumb\",\"itemListElement\":[{\"@type\":\"ListItem\",\"position\":1,\"name\":\"Portada\",\"item\":\"https:\/\/nuevodigitaldeescobar.com.ar\/\"},{\"@type\":\"ListItem\",\"position\":2,\"name\":\"D\u00eda Mundial de los Humedales, los grandes &#8220;aliados&#8221; en la lucha contra el cambio clim\u00e1tico\"}]},{\"@type\":\"WebSite\",\"@id\":\"https:\/\/nuevodigitaldeescobar.com.ar\/#website\",\"url\":\"https:\/\/nuevodigitaldeescobar.com.ar\/\",\"name\":\"Nuevo Digital de Escobar\",\"description\":\"La vida escobarense. Directora: Rosana Brunner\",\"publisher\":{\"@id\":\"https:\/\/nuevodigitaldeescobar.com.ar\/#organization\"},\"potentialAction\":[{\"@type\":\"SearchAction\",\"target\":{\"@type\":\"EntryPoint\",\"urlTemplate\":\"https:\/\/nuevodigitaldeescobar.com.ar\/?s={search_term_string}\"},\"query-input\":{\"@type\":\"PropertyValueSpecification\",\"valueRequired\":true,\"valueName\":\"search_term_string\"}}],\"inLanguage\":\"es\"},{\"@type\":\"Organization\",\"@id\":\"https:\/\/nuevodigitaldeescobar.com.ar\/#organization\",\"name\":\"Nuevo Digital de Escobar\",\"url\":\"https:\/\/nuevodigitaldeescobar.com.ar\/\",\"logo\":{\"@type\":\"ImageObject\",\"inLanguage\":\"es\",\"@id\":\"https:\/\/nuevodigitaldeescobar.com.ar\/#\/schema\/logo\/image\/\",\"url\":\"https:\/\/nuevodigitaldeescobar.com.ar\/wp-content\/uploads\/2025\/05\/cropped-logo-nuevo2.jpg\",\"contentUrl\":\"https:\/\/nuevodigitaldeescobar.com.ar\/wp-content\/uploads\/2025\/05\/cropped-logo-nuevo2.jpg\",\"width\":305,\"height\":305,\"caption\":\"Nuevo Digital de Escobar\"},\"image\":{\"@id\":\"https:\/\/nuevodigitaldeescobar.com.ar\/#\/schema\/logo\/image\/\"},\"sameAs\":[\"https:\/\/www.facebook.com\/NUEVODigitalDeEscobar\",\"https:\/\/x.com\/nuevodigescobar\",\"https:\/\/www.instagram.com\/nuevodigitaldeescobar\"]},{\"@type\":\"Person\",\"@id\":\"https:\/\/nuevodigitaldeescobar.com.ar\/#\/schema\/person\/035e90a8efe9a80e6eec22656ad6ea4c\",\"name\":\"Redacci\u00f3n\",\"image\":{\"@type\":\"ImageObject\",\"inLanguage\":\"es\",\"@id\":\"https:\/\/nuevodigitaldeescobar.com.ar\/#\/schema\/person\/image\/\",\"url\":\"https:\/\/secure.gravatar.com\/avatar\/8af8f40000c24e9eef3034f2be5998a372bb1389e64b1a4a36b3a7979142220d?s=96&d=mm&r=g\",\"contentUrl\":\"https:\/\/secure.gravatar.com\/avatar\/8af8f40000c24e9eef3034f2be5998a372bb1389e64b1a4a36b3a7979142220d?s=96&d=mm&r=g\",\"caption\":\"Redacci\u00f3n\"},\"sameAs\":[\"http:\/\/nuevodigitaldeescobar.com.ar\"],\"url\":\"https:\/\/nuevodigitaldeescobar.com.ar\/?author=1\"}]}<\/script>\n<!-- \/ Yoast SEO plugin. -->","yoast_head_json":{"title":"D\u00eda Mundial de los Humedales, los grandes \"aliados\" en la lucha contra el cambio clim\u00e1tico - Nuevo Digital de Escobar","robots":{"index":"index","follow":"follow","max-snippet":"max-snippet:-1","max-image-preview":"max-image-preview:large","max-video-preview":"max-video-preview:-1"},"canonical":"https:\/\/nuevodigitaldeescobar.com.ar\/?p=3103","og_locale":"es_ES","og_type":"article","og_title":"D\u00eda Mundial de los Humedales, los grandes \"aliados\" en la lucha contra el cambio clim\u00e1tico - Nuevo Digital de Escobar","og_description":"En el marco de su D\u00eda Mundial, que se conmemora cada 2 de febrero, especialistas se\u00f1alan la importancia de la existencia de estos ecosistemas, que [&hellip;]","og_url":"https:\/\/nuevodigitaldeescobar.com.ar\/?p=3103","og_site_name":"Nuevo Digital de Escobar","article_publisher":"https:\/\/www.facebook.com\/NUEVODigitalDeEscobar","article_published_time":"2024-02-02T18:48:24+00:00","article_modified_time":"2024-02-02T18:49:35+00:00","og_image":[{"width":720,"height":405,"url":"https:\/\/nuevodigitaldeescobar.com.ar\/wp-content\/uploads\/2024\/02\/humedales-7.jpg","type":"image\/jpeg"}],"author":"Redacci\u00f3n","twitter_card":"summary_large_image","twitter_creator":"@nuevodigescobar","twitter_site":"@nuevodigescobar","twitter_misc":{"Escrito por":"Redacci\u00f3n","Tiempo de lectura":"5 minutos"},"schema":{"@context":"https:\/\/schema.org","@graph":[{"@type":"Article","@id":"https:\/\/nuevodigitaldeescobar.com.ar\/?p=3103#article","isPartOf":{"@id":"https:\/\/nuevodigitaldeescobar.com.ar\/?p=3103"},"author":{"name":"Redacci\u00f3n","@id":"https:\/\/nuevodigitaldeescobar.com.ar\/#\/schema\/person\/035e90a8efe9a80e6eec22656ad6ea4c"},"headline":"D\u00eda Mundial de los Humedales, los grandes \u00abaliados\u00bb en la lucha contra el cambio clim\u00e1tico","datePublished":"2024-02-02T18:48:24+00:00","dateModified":"2024-02-02T18:49:35+00:00","mainEntityOfPage":{"@id":"https:\/\/nuevodigitaldeescobar.com.ar\/?p=3103"},"wordCount":1012,"commentCount":0,"publisher":{"@id":"https:\/\/nuevodigitaldeescobar.com.ar\/#organization"},"image":{"@id":"https:\/\/nuevodigitaldeescobar.com.ar\/?p=3103#primaryimage"},"thumbnailUrl":"https:\/\/nuevodigitaldeescobar.com.ar\/wp-content\/uploads\/2024\/02\/humedales-7.jpg","articleSection":["Clima, Medioambiente y Sostenibilidad"],"inLanguage":"es","potentialAction":[{"@type":"CommentAction","name":"Comment","target":["https:\/\/nuevodigitaldeescobar.com.ar\/?p=3103#respond"]}]},{"@type":"WebPage","@id":"https:\/\/nuevodigitaldeescobar.com.ar\/?p=3103","url":"https:\/\/nuevodigitaldeescobar.com.ar\/?p=3103","name":"D\u00eda Mundial de los Humedales, los grandes \"aliados\" en la lucha contra el cambio clim\u00e1tico - Nuevo Digital de Escobar","isPartOf":{"@id":"https:\/\/nuevodigitaldeescobar.com.ar\/#website"},"primaryImageOfPage":{"@id":"https:\/\/nuevodigitaldeescobar.com.ar\/?p=3103#primaryimage"},"image":{"@id":"https:\/\/nuevodigitaldeescobar.com.ar\/?p=3103#primaryimage"},"thumbnailUrl":"https:\/\/nuevodigitaldeescobar.com.ar\/wp-content\/uploads\/2024\/02\/humedales-7.jpg","datePublished":"2024-02-02T18:48:24+00:00","dateModified":"2024-02-02T18:49:35+00:00","breadcrumb":{"@id":"https:\/\/nuevodigitaldeescobar.com.ar\/?p=3103#breadcrumb"},"inLanguage":"es","potentialAction":[{"@type":"ReadAction","target":["https:\/\/nuevodigitaldeescobar.com.ar\/?p=3103"]}]},{"@type":"ImageObject","inLanguage":"es","@id":"https:\/\/nuevodigitaldeescobar.com.ar\/?p=3103#primaryimage","url":"https:\/\/nuevodigitaldeescobar.com.ar\/wp-content\/uploads\/2024\/02\/humedales-7.jpg","contentUrl":"https:\/\/nuevodigitaldeescobar.com.ar\/wp-content\/uploads\/2024\/02\/humedales-7.jpg","width":720,"height":405},{"@type":"BreadcrumbList","@id":"https:\/\/nuevodigitaldeescobar.com.ar\/?p=3103#breadcrumb","itemListElement":[{"@type":"ListItem","position":1,"name":"Portada","item":"https:\/\/nuevodigitaldeescobar.com.ar\/"},{"@type":"ListItem","position":2,"name":"D\u00eda Mundial de los Humedales, los grandes &#8220;aliados&#8221; en la lucha contra el cambio clim\u00e1tico"}]},{"@type":"WebSite","@id":"https:\/\/nuevodigitaldeescobar.com.ar\/#website","url":"https:\/\/nuevodigitaldeescobar.com.ar\/","name":"Nuevo Digital de Escobar","description":"La vida escobarense. Directora: Rosana Brunner","publisher":{"@id":"https:\/\/nuevodigitaldeescobar.com.ar\/#organization"},"potentialAction":[{"@type":"SearchAction","target":{"@type":"EntryPoint","urlTemplate":"https:\/\/nuevodigitaldeescobar.com.ar\/?s={search_term_string}"},"query-input":{"@type":"PropertyValueSpecification","valueRequired":true,"valueName":"search_term_string"}}],"inLanguage":"es"},{"@type":"Organization","@id":"https:\/\/nuevodigitaldeescobar.com.ar\/#organization","name":"Nuevo Digital de Escobar","url":"https:\/\/nuevodigitaldeescobar.com.ar\/","logo":{"@type":"ImageObject","inLanguage":"es","@id":"https:\/\/nuevodigitaldeescobar.com.ar\/#\/schema\/logo\/image\/","url":"https:\/\/nuevodigitaldeescobar.com.ar\/wp-content\/uploads\/2025\/05\/cropped-logo-nuevo2.jpg","contentUrl":"https:\/\/nuevodigitaldeescobar.com.ar\/wp-content\/uploads\/2025\/05\/cropped-logo-nuevo2.jpg","width":305,"height":305,"caption":"Nuevo Digital de Escobar"},"image":{"@id":"https:\/\/nuevodigitaldeescobar.com.ar\/#\/schema\/logo\/image\/"},"sameAs":["https:\/\/www.facebook.com\/NUEVODigitalDeEscobar","https:\/\/x.com\/nuevodigescobar","https:\/\/www.instagram.com\/nuevodigitaldeescobar"]},{"@type":"Person","@id":"https:\/\/nuevodigitaldeescobar.com.ar\/#\/schema\/person\/035e90a8efe9a80e6eec22656ad6ea4c","name":"Redacci\u00f3n","image":{"@type":"ImageObject","inLanguage":"es","@id":"https:\/\/nuevodigitaldeescobar.com.ar\/#\/schema\/person\/image\/","url":"https:\/\/secure.gravatar.com\/avatar\/8af8f40000c24e9eef3034f2be5998a372bb1389e64b1a4a36b3a7979142220d?s=96&d=mm&r=g","contentUrl":"https:\/\/secure.gravatar.com\/avatar\/8af8f40000c24e9eef3034f2be5998a372bb1389e64b1a4a36b3a7979142220d?s=96&d=mm&r=g","caption":"Redacci\u00f3n"},"sameAs":["http:\/\/nuevodigitaldeescobar.com.ar"],"url":"https:\/\/nuevodigitaldeescobar.com.ar\/?author=1"}]}},"featured_image_urls":{"full":["https:\/\/nuevodigitaldeescobar.com.ar\/wp-content\/uploads\/2024\/02\/humedales-7.jpg",720,405,false],"thumbnail":["https:\/\/nuevodigitaldeescobar.com.ar\/wp-content\/uploads\/2024\/02\/humedales-7-150x150.jpg",150,150,true],"medium":["https:\/\/nuevodigitaldeescobar.com.ar\/wp-content\/uploads\/2024\/02\/humedales-7-300x169.jpg",300,169,true],"medium_large":["https:\/\/nuevodigitaldeescobar.com.ar\/wp-content\/uploads\/2024\/02\/humedales-7.jpg",640,360,false],"large":["https:\/\/nuevodigitaldeescobar.com.ar\/wp-content\/uploads\/2024\/02\/humedales-7.jpg",640,360,false],"1536x1536":["https:\/\/nuevodigitaldeescobar.com.ar\/wp-content\/uploads\/2024\/02\/humedales-7.jpg",720,405,false],"2048x2048":["https:\/\/nuevodigitaldeescobar.com.ar\/wp-content\/uploads\/2024\/02\/humedales-7.jpg",720,405,false]},"author_info":{"display_name":"Redacci\u00f3n","author_link":"https:\/\/nuevodigitaldeescobar.com.ar\/?author=1"},"category_info":"<a href=\"https:\/\/nuevodigitaldeescobar.com.ar\/?cat=14\" rel=\"category\">Clima, Medioambiente y Sostenibilidad<\/a>","tag_info":"Clima, Medioambiente y Sostenibilidad","comment_count":"0","_links":{"self":[{"href":"https:\/\/nuevodigitaldeescobar.com.ar\/index.php?rest_route=\/wp\/v2\/posts\/3103","targetHints":{"allow":["GET"]}}],"collection":[{"href":"https:\/\/nuevodigitaldeescobar.com.ar\/index.php?rest_route=\/wp\/v2\/posts"}],"about":[{"href":"https:\/\/nuevodigitaldeescobar.com.ar\/index.php?rest_route=\/wp\/v2\/types\/post"}],"author":[{"embeddable":true,"href":"https:\/\/nuevodigitaldeescobar.com.ar\/index.php?rest_route=\/wp\/v2\/users\/1"}],"replies":[{"embeddable":true,"href":"https:\/\/nuevodigitaldeescobar.com.ar\/index.php?rest_route=%2Fwp%2Fv2%2Fcomments&post=3103"}],"version-history":[{"count":1,"href":"https:\/\/nuevodigitaldeescobar.com.ar\/index.php?rest_route=\/wp\/v2\/posts\/3103\/revisions"}],"predecessor-version":[{"id":3111,"href":"https:\/\/nuevodigitaldeescobar.com.ar\/index.php?rest_route=\/wp\/v2\/posts\/3103\/revisions\/3111"}],"wp:featuredmedia":[{"embeddable":true,"href":"https:\/\/nuevodigitaldeescobar.com.ar\/index.php?rest_route=\/wp\/v2\/media\/3110"}],"wp:attachment":[{"href":"https:\/\/nuevodigitaldeescobar.com.ar\/index.php?rest_route=%2Fwp%2Fv2%2Fmedia&parent=3103"}],"wp:term":[{"taxonomy":"category","embeddable":true,"href":"https:\/\/nuevodigitaldeescobar.com.ar\/index.php?rest_route=%2Fwp%2Fv2%2Fcategories&post=3103"},{"taxonomy":"post_tag","embeddable":true,"href":"https:\/\/nuevodigitaldeescobar.com.ar\/index.php?rest_route=%2Fwp%2Fv2%2Ftags&post=3103"}],"curies":[{"name":"wp","href":"https:\/\/api.w.org\/{rel}","templated":true}]}}