{"id":3112,"date":"2024-02-03T07:00:00","date_gmt":"2024-02-03T10:00:00","guid":{"rendered":"https:\/\/nuevodigitaldeescobar.com.ar\/?p=3112"},"modified":"2024-02-02T17:26:57","modified_gmt":"2024-02-02T20:26:57","slug":"maximo-kirchner-critico-la-ley-de-bases-y-recibio-una-fuerte-respuesta-de-una-diputada-libertaria","status":"publish","type":"post","link":"https:\/\/nuevodigitaldeescobar.com.ar\/?p=3112","title":{"rendered":"M\u00e1ximo Kirchner critic\u00f3 la Ley de Bases y recibi\u00f3 una fuerte respuesta de una diputada libertaria"},"content":{"rendered":"<p><span style=\"color: #003366;\"><strong><em>El legislador de Uni\u00f3n por la Patria fue apuntado por el uso del tiempo durante su discurso y Cecilia Moreau intervino para defenderlo.<\/em><\/strong><\/span><\/p>\n<p><!--more--><\/p>\n<hr \/>\n<p>Pasado el mediod\u00eda de este viernes, cuando la tercera jornada de debate por la Ley \u00d3mnibus en Diputados ya llevaba varias horas, lleg\u00f3 el turno de la exposici\u00f3n de M\u00e1ximo Kirchner. Fue a las 14:40, tal como estaba previsto, cuando el legislador de Uni\u00f3n por la Patria tom\u00f3 la palabra para argumentar los motivos por los que no apoyar\u00e1 el proyecto que impulsa el oficialismo.<\/p>\n<p>Sin embargo, su discurso -en el que desliz\u00f3 cr\u00edticas contra Mart\u00edn Menem y realiz\u00f3 un repaso por la gesti\u00f3n econ\u00f3mica de Mauricio Macri, con varias menciones a Nicol\u00e1s Dujovne- termin\u00f3 generando pol\u00e9mica. Y no fue particularmente por sus dichos, sino por su actitud cuando comenzaron a sonar las alarmas que advierten a los diputados sobre el agotamiento del tiempo disponible para exponer.<\/p>\n<p>A pesar de la alerta, Kirchner continu\u00f3 hablando. En consecuencia, sus compa\u00f1eros de recinto, sobre todo los opositores a su espacio, empezaron a pedirle con gritos y abucheos que sintetizara sus palabras.<\/p>\n<p>Debido a la tensa situaci\u00f3n desencadenada, la diputada Cecilia Moreau -que en ese momento se encontraba a cargo de la sesi\u00f3n en reemplazo de Mart\u00edn Menem, que se hab\u00eda retirado minutos antes- debi\u00f3 intervenir para calmar a los integrantes de la c\u00e1mara y ordenar la sala.<\/p>\n<p><em>\u201cDiputados, nuestra bancada se hace cargo del tiempo, despu\u00e9s bajaremos a otro diputado\u201d<\/em>, interrumpi\u00f3 la representante de Uni\u00f3n por la Patria, que lo defendi\u00f3 y lo dej\u00f3 finalizar su discurso a pesar de los minutos extra.<\/p>\n<p>Fue entonces cuando M\u00e1ximo Kirchner les contest\u00f3 a sus colegas: <em>\u201cYo siempre los escuch\u00e9 a todos con mucho respeto, pido lo mismo. Reci\u00e9n un diputado de ustedes se pas\u00f3 tres minutos, \u00bfqu\u00e9 quieren que le haga? Es as\u00ed, dejen hablar y punto. Sean educados, si es lo que dec\u00eda Dujovne\u201d<\/em>, dijo con tono sarc\u00e1stico.<\/p>\n<p>Sin reparar en los gritos y las cr\u00edticas que continuaban a su alrededor, el legislador sigui\u00f3 haciendo una cronolog\u00eda de los a\u00f1os de la presidencia de Macri y la intervenci\u00f3n del FMI durante su gesti\u00f3n. En ese contexto, enunci\u00f3 una frase que caus\u00f3 la reacci\u00f3n de los de su espacio.<\/p>\n<p><em>\u201cLa Argentina tuvo solo 6 a\u00f1os de super\u00e1vit fiscal. Y pasaron cuando gobern\u00f3 el peronismo, no los liberales\u201d<\/em>, se\u00f1al\u00f3 en medio de aplausos de sus legisladores. Finalmente, pidi\u00f3 m\u00e1s humildad para sacar el pa\u00eds adelante y cerr\u00f3 su intervenci\u00f3n.<\/p>\n<p>No obstante, a pesar de que su micr\u00f3fono se apag\u00f3, la pol\u00e9mica en la C\u00e1mara de Diputados no ces\u00f3: cuando Kirchner termin\u00f3 su discurso, un diputado pidi\u00f3 la intervenci\u00f3n en la sesi\u00f3n y dijo que estaba sorprendido por el exceso de tiempo que se le dio a su par. No sigui\u00f3 con su descargo porque r\u00e1pidamente tom\u00f3 la palabra la siguiente oradora, la diputada Orozco de La Libertad Avanza, quien utiliz\u00f3 sus primeros minutos para criticar al legislador de Uni\u00f3n por la Patria por el episodio que acaba de protagonizar.<\/p>\n<blockquote class=\"twitter-tweet\" data-width=\"550\" data-dnt=\"true\">\n<p lang=\"es\" dir=\"ltr\">EXPLOSIVO DEBUT DE LA DIPUTADA EMILIA OROZCO EN UNO DE LOS MEJORES DISCURSOS DEL CONGRESO PARA ESTALLAR EN APLAUSOS:<\/p>\n<p>&quot;Siento verg\u00fcenza ajena, he trabajado duro. El diputado propinante (M\u00e1ximo Kirchner) tiene alergia a trabajar. Ustedes no nos pueden dar lecciones de NADA&quot;\u2026 <a href=\"https:\/\/t.co\/ykpBKSPcAJ\">pic.twitter.com\/ykpBKSPcAJ<\/a><\/p>\n<p>&mdash; Agarra la Pala (@agarra_pala) <a href=\"https:\/\/twitter.com\/agarra_pala\/status\/1753478369138581706?ref_src=twsrc%5Etfw\">February 2, 2024<\/a><\/p><\/blockquote>\n<p><script async src=\"https:\/\/platform.twitter.com\/widgets.js\" charset=\"utf-8\"><\/script><\/p>\n<p>Debate Ley Omnibus &#8211; Emilia Orozco<\/p>\n<p><em>\u201cEs mi primera intervenci\u00f3n en este recinto y jam\u00e1s pens\u00e9 que las primeras palabras que iba a decir es \u2018siento verg\u00fcenza ajena\u2019. He trabajado duro para llegar a esta banca porque entiendo que desde ac\u00e1 se hace la verdadera transformaci\u00f3n y no soy hija de nadie. Vengo de muy abajo\u201d<\/em>, comenz\u00f3 diciendo la libertaria en el marco de una dura respuesta al hijo de la ex vicepresidenta, Cristina Kirchner.<\/p>\n<p>En ese momento, M\u00e1ximo Kirchner se levant\u00f3 de su banca. Su accionar caus\u00f3 a\u00fan m\u00e1s enojo en quien expon\u00eda: <em>\u201cVolv\u00e9, por favor. Tiene alergia a trabajar\u201d<\/em>, dijo Orozco mientras Cecilia Moreau le solicitaba referirse <em>\u201ccon respeto\u201d<\/em> al resto de los colegas.<\/p>\n<p>Entre aplausos de oficialistas y otros diputados, la legisladora continu\u00f3 sobre Kirchner: <em>\u201cEn nombre de todos los diputados les voy a pedir disculpas a los argentinos porque tuvieron que aguantar un discurso paup\u00e9rrimo del heredero de la m\u00e1xima corrupci\u00f3n de este pa\u00eds\u201d<\/em>.<\/p>\n<p>Y concluy\u00f3 con un pedido a Moreau, a cargo de la c\u00e1mara: <em>\u201cEspero que, as\u00ed como fue muy honrosa con el tempo del diputado preopinante, espero que tambi\u00e9n lo sea conmigo, porque no me alcanzar\u00edan los d\u00edas para enumerar la cantidad de hechos de corrupci\u00f3n que realizaron\u201d<\/em>.<\/p>\n<p><em>(Infobae)<\/em><\/p>\n","protected":false},"excerpt":{"rendered":"<p>El legislador de Uni\u00f3n por la Patria fue apuntado por el uso del tiempo durante su discurso y Cecilia Moreau intervino para defenderlo.<\/p>\n","protected":false},"author":1,"featured_media":3113,"comment_status":"open","ping_status":"closed","sticky":false,"template":"","format":"standard","meta":{"footnotes":""},"categories":[6],"tags":[],"class_list":["post-3112","post","type-post","status-publish","format-standard","has-post-thumbnail","hentry","category-politica"],"better_featured_image":{"id":3113,"alt_text":"","caption":"","description":"","media_type":"image","media_details":{"width":720,"height":402,"file":"2024\/02\/emilia-orozco.jpg","filesize":228512,"sizes":{"medium":{"file":"emilia-orozco-300x168.jpg","width":300,"height":168,"mime-type":"image\/jpeg","filesize":19205,"source_url":"https:\/\/nuevodigitaldeescobar.com.ar\/wp-content\/uploads\/2024\/02\/emilia-orozco-300x168.jpg"},"thumbnail":{"file":"emilia-orozco-150x150.jpg","width":150,"height":150,"mime-type":"image\/jpeg","filesize":11105,"source_url":"https:\/\/nuevodigitaldeescobar.com.ar\/wp-content\/uploads\/2024\/02\/emilia-orozco-150x150.jpg"}},"image_meta":{"aperture":"0","credit":"","camera":"","caption":"","created_timestamp":"0","copyright":"","focal_length":"0","iso":"0","shutter_speed":"0","title":"","orientation":"0","keywords":[]}},"post":3112,"source_url":"https:\/\/nuevodigitaldeescobar.com.ar\/wp-content\/uploads\/2024\/02\/emilia-orozco.jpg"},"yoast_head":"<!-- This site is optimized with the Yoast SEO plugin v26.1.1 - https:\/\/yoast.com\/wordpress\/plugins\/seo\/ -->\n<title>M\u00e1ximo Kirchner critic\u00f3 la Ley de Bases y recibi\u00f3 una fuerte respuesta de una diputada libertaria - Nuevo Digital de Escobar<\/title>\n<meta name=\"robots\" content=\"index, follow, max-snippet:-1, max-image-preview:large, max-video-preview:-1\" \/>\n<link rel=\"canonical\" href=\"https:\/\/nuevodigitaldeescobar.com.ar\/?p=3112\" \/>\n<meta property=\"og:locale\" content=\"es_ES\" \/>\n<meta property=\"og:type\" content=\"article\" \/>\n<meta property=\"og:title\" content=\"M\u00e1ximo Kirchner critic\u00f3 la Ley de Bases y recibi\u00f3 una fuerte respuesta de una diputada libertaria - Nuevo Digital de Escobar\" \/>\n<meta property=\"og:description\" content=\"El legislador de Uni\u00f3n por la Patria fue apuntado por el uso del tiempo durante su discurso y Cecilia Moreau intervino para defenderlo.\" \/>\n<meta property=\"og:url\" content=\"https:\/\/nuevodigitaldeescobar.com.ar\/?p=3112\" \/>\n<meta property=\"og:site_name\" content=\"Nuevo Digital de Escobar\" \/>\n<meta property=\"article:publisher\" content=\"https:\/\/www.facebook.com\/NUEVODigitalDeEscobar\" \/>\n<meta property=\"article:published_time\" content=\"2024-02-03T10:00:00+00:00\" \/>\n<meta property=\"og:image\" content=\"https:\/\/nuevodigitaldeescobar.com.ar\/wp-content\/uploads\/2024\/02\/emilia-orozco.jpg\" \/>\n\t<meta property=\"og:image:width\" content=\"720\" \/>\n\t<meta property=\"og:image:height\" content=\"402\" \/>\n\t<meta property=\"og:image:type\" content=\"image\/jpeg\" \/>\n<meta name=\"author\" content=\"Redacci\u00f3n\" \/>\n<meta name=\"twitter:card\" content=\"summary_large_image\" \/>\n<meta name=\"twitter:creator\" content=\"@nuevodigescobar\" \/>\n<meta name=\"twitter:site\" content=\"@nuevodigescobar\" \/>\n<meta name=\"twitter:label1\" content=\"Escrito por\" \/>\n\t<meta name=\"twitter:data1\" content=\"Redacci\u00f3n\" \/>\n\t<meta name=\"twitter:label2\" content=\"Tiempo de lectura\" \/>\n\t<meta name=\"twitter:data2\" content=\"4 minutos\" \/>\n<script type=\"application\/ld+json\" class=\"yoast-schema-graph\">{\"@context\":\"https:\/\/schema.org\",\"@graph\":[{\"@type\":\"Article\",\"@id\":\"https:\/\/nuevodigitaldeescobar.com.ar\/?p=3112#article\",\"isPartOf\":{\"@id\":\"https:\/\/nuevodigitaldeescobar.com.ar\/?p=3112\"},\"author\":{\"name\":\"Redacci\u00f3n\",\"@id\":\"https:\/\/nuevodigitaldeescobar.com.ar\/#\/schema\/person\/035e90a8efe9a80e6eec22656ad6ea4c\"},\"headline\":\"M\u00e1ximo Kirchner critic\u00f3 la Ley de Bases y recibi\u00f3 una fuerte respuesta de una diputada libertaria\",\"datePublished\":\"2024-02-03T10:00:00+00:00\",\"mainEntityOfPage\":{\"@id\":\"https:\/\/nuevodigitaldeescobar.com.ar\/?p=3112\"},\"wordCount\":783,\"commentCount\":0,\"publisher\":{\"@id\":\"https:\/\/nuevodigitaldeescobar.com.ar\/#organization\"},\"image\":{\"@id\":\"https:\/\/nuevodigitaldeescobar.com.ar\/?p=3112#primaryimage\"},\"thumbnailUrl\":\"https:\/\/nuevodigitaldeescobar.com.ar\/wp-content\/uploads\/2024\/02\/emilia-orozco.jpg\",\"articleSection\":[\"Pol\u00edtica\"],\"inLanguage\":\"es\",\"potentialAction\":[{\"@type\":\"CommentAction\",\"name\":\"Comment\",\"target\":[\"https:\/\/nuevodigitaldeescobar.com.ar\/?p=3112#respond\"]}]},{\"@type\":\"WebPage\",\"@id\":\"https:\/\/nuevodigitaldeescobar.com.ar\/?p=3112\",\"url\":\"https:\/\/nuevodigitaldeescobar.com.ar\/?p=3112\",\"name\":\"M\u00e1ximo Kirchner critic\u00f3 la Ley de Bases y recibi\u00f3 una fuerte respuesta de una diputada libertaria - Nuevo Digital de Escobar\",\"isPartOf\":{\"@id\":\"https:\/\/nuevodigitaldeescobar.com.ar\/#website\"},\"primaryImageOfPage\":{\"@id\":\"https:\/\/nuevodigitaldeescobar.com.ar\/?p=3112#primaryimage\"},\"image\":{\"@id\":\"https:\/\/nuevodigitaldeescobar.com.ar\/?p=3112#primaryimage\"},\"thumbnailUrl\":\"https:\/\/nuevodigitaldeescobar.com.ar\/wp-content\/uploads\/2024\/02\/emilia-orozco.jpg\",\"datePublished\":\"2024-02-03T10:00:00+00:00\",\"breadcrumb\":{\"@id\":\"https:\/\/nuevodigitaldeescobar.com.ar\/?p=3112#breadcrumb\"},\"inLanguage\":\"es\",\"potentialAction\":[{\"@type\":\"ReadAction\",\"target\":[\"https:\/\/nuevodigitaldeescobar.com.ar\/?p=3112\"]}]},{\"@type\":\"ImageObject\",\"inLanguage\":\"es\",\"@id\":\"https:\/\/nuevodigitaldeescobar.com.ar\/?p=3112#primaryimage\",\"url\":\"https:\/\/nuevodigitaldeescobar.com.ar\/wp-content\/uploads\/2024\/02\/emilia-orozco.jpg\",\"contentUrl\":\"https:\/\/nuevodigitaldeescobar.com.ar\/wp-content\/uploads\/2024\/02\/emilia-orozco.jpg\",\"width\":720,\"height\":402},{\"@type\":\"BreadcrumbList\",\"@id\":\"https:\/\/nuevodigitaldeescobar.com.ar\/?p=3112#breadcrumb\",\"itemListElement\":[{\"@type\":\"ListItem\",\"position\":1,\"name\":\"Portada\",\"item\":\"https:\/\/nuevodigitaldeescobar.com.ar\/\"},{\"@type\":\"ListItem\",\"position\":2,\"name\":\"M\u00e1ximo Kirchner critic\u00f3 la Ley de Bases y recibi\u00f3 una fuerte respuesta de una diputada libertaria\"}]},{\"@type\":\"WebSite\",\"@id\":\"https:\/\/nuevodigitaldeescobar.com.ar\/#website\",\"url\":\"https:\/\/nuevodigitaldeescobar.com.ar\/\",\"name\":\"Nuevo Digital de Escobar\",\"description\":\"La vida escobarense. Directora: Rosana Brunner\",\"publisher\":{\"@id\":\"https:\/\/nuevodigitaldeescobar.com.ar\/#organization\"},\"potentialAction\":[{\"@type\":\"SearchAction\",\"target\":{\"@type\":\"EntryPoint\",\"urlTemplate\":\"https:\/\/nuevodigitaldeescobar.com.ar\/?s={search_term_string}\"},\"query-input\":{\"@type\":\"PropertyValueSpecification\",\"valueRequired\":true,\"valueName\":\"search_term_string\"}}],\"inLanguage\":\"es\"},{\"@type\":\"Organization\",\"@id\":\"https:\/\/nuevodigitaldeescobar.com.ar\/#organization\",\"name\":\"Nuevo Digital de Escobar\",\"url\":\"https:\/\/nuevodigitaldeescobar.com.ar\/\",\"logo\":{\"@type\":\"ImageObject\",\"inLanguage\":\"es\",\"@id\":\"https:\/\/nuevodigitaldeescobar.com.ar\/#\/schema\/logo\/image\/\",\"url\":\"https:\/\/nuevodigitaldeescobar.com.ar\/wp-content\/uploads\/2025\/05\/cropped-logo-nuevo2.jpg\",\"contentUrl\":\"https:\/\/nuevodigitaldeescobar.com.ar\/wp-content\/uploads\/2025\/05\/cropped-logo-nuevo2.jpg\",\"width\":305,\"height\":305,\"caption\":\"Nuevo Digital de Escobar\"},\"image\":{\"@id\":\"https:\/\/nuevodigitaldeescobar.com.ar\/#\/schema\/logo\/image\/\"},\"sameAs\":[\"https:\/\/www.facebook.com\/NUEVODigitalDeEscobar\",\"https:\/\/x.com\/nuevodigescobar\",\"https:\/\/www.instagram.com\/nuevodigitaldeescobar\"]},{\"@type\":\"Person\",\"@id\":\"https:\/\/nuevodigitaldeescobar.com.ar\/#\/schema\/person\/035e90a8efe9a80e6eec22656ad6ea4c\",\"name\":\"Redacci\u00f3n\",\"image\":{\"@type\":\"ImageObject\",\"inLanguage\":\"es\",\"@id\":\"https:\/\/nuevodigitaldeescobar.com.ar\/#\/schema\/person\/image\/\",\"url\":\"https:\/\/secure.gravatar.com\/avatar\/8af8f40000c24e9eef3034f2be5998a372bb1389e64b1a4a36b3a7979142220d?s=96&d=mm&r=g\",\"contentUrl\":\"https:\/\/secure.gravatar.com\/avatar\/8af8f40000c24e9eef3034f2be5998a372bb1389e64b1a4a36b3a7979142220d?s=96&d=mm&r=g\",\"caption\":\"Redacci\u00f3n\"},\"sameAs\":[\"http:\/\/nuevodigitaldeescobar.com.ar\"],\"url\":\"https:\/\/nuevodigitaldeescobar.com.ar\/?author=1\"}]}<\/script>\n<!-- \/ Yoast SEO plugin. -->","yoast_head_json":{"title":"M\u00e1ximo Kirchner critic\u00f3 la Ley de Bases y recibi\u00f3 una fuerte respuesta de una diputada libertaria - Nuevo Digital de Escobar","robots":{"index":"index","follow":"follow","max-snippet":"max-snippet:-1","max-image-preview":"max-image-preview:large","max-video-preview":"max-video-preview:-1"},"canonical":"https:\/\/nuevodigitaldeescobar.com.ar\/?p=3112","og_locale":"es_ES","og_type":"article","og_title":"M\u00e1ximo Kirchner critic\u00f3 la Ley de Bases y recibi\u00f3 una fuerte respuesta de una diputada libertaria - Nuevo Digital de Escobar","og_description":"El legislador de Uni\u00f3n por la Patria fue apuntado por el uso del tiempo durante su discurso y Cecilia Moreau intervino para defenderlo.","og_url":"https:\/\/nuevodigitaldeescobar.com.ar\/?p=3112","og_site_name":"Nuevo Digital de Escobar","article_publisher":"https:\/\/www.facebook.com\/NUEVODigitalDeEscobar","article_published_time":"2024-02-03T10:00:00+00:00","og_image":[{"width":720,"height":402,"url":"https:\/\/nuevodigitaldeescobar.com.ar\/wp-content\/uploads\/2024\/02\/emilia-orozco.jpg","type":"image\/jpeg"}],"author":"Redacci\u00f3n","twitter_card":"summary_large_image","twitter_creator":"@nuevodigescobar","twitter_site":"@nuevodigescobar","twitter_misc":{"Escrito por":"Redacci\u00f3n","Tiempo de lectura":"4 minutos"},"schema":{"@context":"https:\/\/schema.org","@graph":[{"@type":"Article","@id":"https:\/\/nuevodigitaldeescobar.com.ar\/?p=3112#article","isPartOf":{"@id":"https:\/\/nuevodigitaldeescobar.com.ar\/?p=3112"},"author":{"name":"Redacci\u00f3n","@id":"https:\/\/nuevodigitaldeescobar.com.ar\/#\/schema\/person\/035e90a8efe9a80e6eec22656ad6ea4c"},"headline":"M\u00e1ximo Kirchner critic\u00f3 la Ley de Bases y recibi\u00f3 una fuerte respuesta de una diputada libertaria","datePublished":"2024-02-03T10:00:00+00:00","mainEntityOfPage":{"@id":"https:\/\/nuevodigitaldeescobar.com.ar\/?p=3112"},"wordCount":783,"commentCount":0,"publisher":{"@id":"https:\/\/nuevodigitaldeescobar.com.ar\/#organization"},"image":{"@id":"https:\/\/nuevodigitaldeescobar.com.ar\/?p=3112#primaryimage"},"thumbnailUrl":"https:\/\/nuevodigitaldeescobar.com.ar\/wp-content\/uploads\/2024\/02\/emilia-orozco.jpg","articleSection":["Pol\u00edtica"],"inLanguage":"es","potentialAction":[{"@type":"CommentAction","name":"Comment","target":["https:\/\/nuevodigitaldeescobar.com.ar\/?p=3112#respond"]}]},{"@type":"WebPage","@id":"https:\/\/nuevodigitaldeescobar.com.ar\/?p=3112","url":"https:\/\/nuevodigitaldeescobar.com.ar\/?p=3112","name":"M\u00e1ximo Kirchner critic\u00f3 la Ley de Bases y recibi\u00f3 una fuerte respuesta de una diputada libertaria - Nuevo Digital de Escobar","isPartOf":{"@id":"https:\/\/nuevodigitaldeescobar.com.ar\/#website"},"primaryImageOfPage":{"@id":"https:\/\/nuevodigitaldeescobar.com.ar\/?p=3112#primaryimage"},"image":{"@id":"https:\/\/nuevodigitaldeescobar.com.ar\/?p=3112#primaryimage"},"thumbnailUrl":"https:\/\/nuevodigitaldeescobar.com.ar\/wp-content\/uploads\/2024\/02\/emilia-orozco.jpg","datePublished":"2024-02-03T10:00:00+00:00","breadcrumb":{"@id":"https:\/\/nuevodigitaldeescobar.com.ar\/?p=3112#breadcrumb"},"inLanguage":"es","potentialAction":[{"@type":"ReadAction","target":["https:\/\/nuevodigitaldeescobar.com.ar\/?p=3112"]}]},{"@type":"ImageObject","inLanguage":"es","@id":"https:\/\/nuevodigitaldeescobar.com.ar\/?p=3112#primaryimage","url":"https:\/\/nuevodigitaldeescobar.com.ar\/wp-content\/uploads\/2024\/02\/emilia-orozco.jpg","contentUrl":"https:\/\/nuevodigitaldeescobar.com.ar\/wp-content\/uploads\/2024\/02\/emilia-orozco.jpg","width":720,"height":402},{"@type":"BreadcrumbList","@id":"https:\/\/nuevodigitaldeescobar.com.ar\/?p=3112#breadcrumb","itemListElement":[{"@type":"ListItem","position":1,"name":"Portada","item":"https:\/\/nuevodigitaldeescobar.com.ar\/"},{"@type":"ListItem","position":2,"name":"M\u00e1ximo Kirchner critic\u00f3 la Ley de Bases y recibi\u00f3 una fuerte respuesta de una diputada libertaria"}]},{"@type":"WebSite","@id":"https:\/\/nuevodigitaldeescobar.com.ar\/#website","url":"https:\/\/nuevodigitaldeescobar.com.ar\/","name":"Nuevo Digital de Escobar","description":"La vida escobarense. Directora: Rosana Brunner","publisher":{"@id":"https:\/\/nuevodigitaldeescobar.com.ar\/#organization"},"potentialAction":[{"@type":"SearchAction","target":{"@type":"EntryPoint","urlTemplate":"https:\/\/nuevodigitaldeescobar.com.ar\/?s={search_term_string}"},"query-input":{"@type":"PropertyValueSpecification","valueRequired":true,"valueName":"search_term_string"}}],"inLanguage":"es"},{"@type":"Organization","@id":"https:\/\/nuevodigitaldeescobar.com.ar\/#organization","name":"Nuevo Digital de Escobar","url":"https:\/\/nuevodigitaldeescobar.com.ar\/","logo":{"@type":"ImageObject","inLanguage":"es","@id":"https:\/\/nuevodigitaldeescobar.com.ar\/#\/schema\/logo\/image\/","url":"https:\/\/nuevodigitaldeescobar.com.ar\/wp-content\/uploads\/2025\/05\/cropped-logo-nuevo2.jpg","contentUrl":"https:\/\/nuevodigitaldeescobar.com.ar\/wp-content\/uploads\/2025\/05\/cropped-logo-nuevo2.jpg","width":305,"height":305,"caption":"Nuevo Digital de Escobar"},"image":{"@id":"https:\/\/nuevodigitaldeescobar.com.ar\/#\/schema\/logo\/image\/"},"sameAs":["https:\/\/www.facebook.com\/NUEVODigitalDeEscobar","https:\/\/x.com\/nuevodigescobar","https:\/\/www.instagram.com\/nuevodigitaldeescobar"]},{"@type":"Person","@id":"https:\/\/nuevodigitaldeescobar.com.ar\/#\/schema\/person\/035e90a8efe9a80e6eec22656ad6ea4c","name":"Redacci\u00f3n","image":{"@type":"ImageObject","inLanguage":"es","@id":"https:\/\/nuevodigitaldeescobar.com.ar\/#\/schema\/person\/image\/","url":"https:\/\/secure.gravatar.com\/avatar\/8af8f40000c24e9eef3034f2be5998a372bb1389e64b1a4a36b3a7979142220d?s=96&d=mm&r=g","contentUrl":"https:\/\/secure.gravatar.com\/avatar\/8af8f40000c24e9eef3034f2be5998a372bb1389e64b1a4a36b3a7979142220d?s=96&d=mm&r=g","caption":"Redacci\u00f3n"},"sameAs":["http:\/\/nuevodigitaldeescobar.com.ar"],"url":"https:\/\/nuevodigitaldeescobar.com.ar\/?author=1"}]}},"featured_image_urls":{"full":["https:\/\/nuevodigitaldeescobar.com.ar\/wp-content\/uploads\/2024\/02\/emilia-orozco.jpg",720,402,false],"thumbnail":["https:\/\/nuevodigitaldeescobar.com.ar\/wp-content\/uploads\/2024\/02\/emilia-orozco-150x150.jpg",150,150,true],"medium":["https:\/\/nuevodigitaldeescobar.com.ar\/wp-content\/uploads\/2024\/02\/emilia-orozco-300x168.jpg",300,168,true],"medium_large":["https:\/\/nuevodigitaldeescobar.com.ar\/wp-content\/uploads\/2024\/02\/emilia-orozco.jpg",640,357,false],"large":["https:\/\/nuevodigitaldeescobar.com.ar\/wp-content\/uploads\/2024\/02\/emilia-orozco.jpg",640,357,false],"1536x1536":["https:\/\/nuevodigitaldeescobar.com.ar\/wp-content\/uploads\/2024\/02\/emilia-orozco.jpg",720,402,false],"2048x2048":["https:\/\/nuevodigitaldeescobar.com.ar\/wp-content\/uploads\/2024\/02\/emilia-orozco.jpg",720,402,false]},"author_info":{"display_name":"Redacci\u00f3n","author_link":"https:\/\/nuevodigitaldeescobar.com.ar\/?author=1"},"category_info":"<a href=\"https:\/\/nuevodigitaldeescobar.com.ar\/?cat=6\" rel=\"category\">Pol\u00edtica<\/a>","tag_info":"Pol\u00edtica","comment_count":"0","_links":{"self":[{"href":"https:\/\/nuevodigitaldeescobar.com.ar\/index.php?rest_route=\/wp\/v2\/posts\/3112","targetHints":{"allow":["GET"]}}],"collection":[{"href":"https:\/\/nuevodigitaldeescobar.com.ar\/index.php?rest_route=\/wp\/v2\/posts"}],"about":[{"href":"https:\/\/nuevodigitaldeescobar.com.ar\/index.php?rest_route=\/wp\/v2\/types\/post"}],"author":[{"embeddable":true,"href":"https:\/\/nuevodigitaldeescobar.com.ar\/index.php?rest_route=\/wp\/v2\/users\/1"}],"replies":[{"embeddable":true,"href":"https:\/\/nuevodigitaldeescobar.com.ar\/index.php?rest_route=%2Fwp%2Fv2%2Fcomments&post=3112"}],"version-history":[{"count":1,"href":"https:\/\/nuevodigitaldeescobar.com.ar\/index.php?rest_route=\/wp\/v2\/posts\/3112\/revisions"}],"predecessor-version":[{"id":3114,"href":"https:\/\/nuevodigitaldeescobar.com.ar\/index.php?rest_route=\/wp\/v2\/posts\/3112\/revisions\/3114"}],"wp:featuredmedia":[{"embeddable":true,"href":"https:\/\/nuevodigitaldeescobar.com.ar\/index.php?rest_route=\/wp\/v2\/media\/3113"}],"wp:attachment":[{"href":"https:\/\/nuevodigitaldeescobar.com.ar\/index.php?rest_route=%2Fwp%2Fv2%2Fmedia&parent=3112"}],"wp:term":[{"taxonomy":"category","embeddable":true,"href":"https:\/\/nuevodigitaldeescobar.com.ar\/index.php?rest_route=%2Fwp%2Fv2%2Fcategories&post=3112"},{"taxonomy":"post_tag","embeddable":true,"href":"https:\/\/nuevodigitaldeescobar.com.ar\/index.php?rest_route=%2Fwp%2Fv2%2Ftags&post=3112"}],"curies":[{"name":"wp","href":"https:\/\/api.w.org\/{rel}","templated":true}]}}