{"id":3144,"date":"2024-02-03T13:42:38","date_gmt":"2024-02-03T16:42:38","guid":{"rendered":"https:\/\/nuevodigitaldeescobar.com.ar\/?p=3144"},"modified":"2024-02-03T13:42:50","modified_gmt":"2024-02-03T16:42:50","slug":"mas-de-30-detenidos-por-los-incidentes-afuera-del-congreso-de-la-nacion","status":"publish","type":"post","link":"https:\/\/nuevodigitaldeescobar.com.ar\/?p=3144","title":{"rendered":"M\u00e1s de 30 detenidos por los incidentes afuera del Congreso de la Naci\u00f3n"},"content":{"rendered":"<p><span style=\"color: #003366;\"><strong><em>Los arrestos ocurrieron durante la manifestaci\u00f3n en contra de la Ley \u00d3mnibus. La cifra fue confirmada por la ministra de Seguridad, Patricia Bullrich, y su par prote\u00f1o, Waldo Wolff.<\/em><\/strong><\/span><\/p>\n<p><!--more--><\/p>\n<hr \/>\n<p>M\u00e1s de 30 personas fueron detenidas en las \u00faltimas horas por los incidentes ocurridos durante la protesta en las afueras del Congreso de la Naci\u00f3n, donde una multitud de manifestantes se concentr\u00f3 durante la tarde de este viernes para reclamar en contra de la Ley \u00d3mnibus, el proyecto impulsado por Javier Milei que finalmente obtuvo la aprobaci\u00f3n general de la C\u00e1mara de Diputados.<\/p>\n<p>El n\u00famero fue confirmado por la ministra de Seguridad, Patricia Bullrich, y su par porte\u00f1o, Waldo Wolff, quienes dieron a conocer la cifra total de las personas que fueron arrestadas en horas de la noche como consecuencia de los destrozos que se desataron despu\u00e9s de que los legisladores votaran la iniciativa del gobierno tras tres intensas jornadas de debate.<\/p>\n<p><a href=\"https:\/\/nuevodigitaldeescobar.com.ar\/?attachment_id=3145\" rel=\"attachment wp-att-3145\"><img fetchpriority=\"high\" decoding=\"async\" class=\"alignnone size-full wp-image-3145\" src=\"http:\/\/nuevodigitaldeescobar.com.ar\/wp-content\/uploads\/2024\/02\/incidentes-1-e1706978500813.jpg\" alt=\"\" width=\"720\" height=\"480\" \/><\/a><\/p>\n<p><em>\u201cYa hay 18 detenidos, m\u00e1s los de Ciudad, por los destrozos en el Congreso\u201d<\/em>, confirm\u00f3 la funcionaria nacional en sus redes sociales, quien hab\u00eda ordenado desplegar un gran operativo de seguridad durante la marcha a fin de hacer cumplir con su protocolo antipiquetes.<\/p>\n<p>En el mismo posteo, Bullrich destac\u00f3 la nacionalidad de dos de los arrestados y se\u00f1al\u00f3: <em>\u201cCasualmente dos chilenos, uno conocido por participar de la destrucci\u00f3n total del pa\u00eds hermano en 2019. \u00bfAhora, aqu\u00ed, haci\u00e9ndose el fot\u00f3grafo mientras incendiaba todo? Vamos a ir a fondo en la causa, investigar a cada uno de los involucrados y pedir la expulsi\u00f3n de los dos chilenos part\u00edcipes de este desastre\u201d<\/em>.<\/p>\n<p>A su parte oficial se sum\u00f3 el difundido por el ministerio de Seguridad de la Ciudad de Buenos Aires, cuyo comunicado inform\u00f3 que los agentes porte\u00f1os concretaron la detenci\u00f3n de otras 13 personas. En total, junto a los arrestados por las fuerzas federales, son 31.<\/p>\n<p><em>\u201cAyer por la noche tuvimos 12 mayores y un menor (detenidos), algunos con antecedentes policiales\u201d<\/em>, confirm\u00f3 Waldo Wolff, quien indic\u00f3 que las personas est\u00e1n identificadas, aunque por ley no pueden revelar su identidad. <em>\u201cNosotros cuando alguien comete un delito no le preguntamos de qu\u00e9 partido es\u201d<\/em>, dijo.<\/p>\n<p>En este sentido, el funcionario hizo menci\u00f3n a los gastos que incluy\u00f3 el operativo: <em>\u201cSumado a las roturas de tachos que han prendido fuego, de cestos y toda la provisi\u00f3n del servicio de arreglos y limpieza, est\u00e1 arriba de los 50 millones de pesos\u201d<\/em>. Con respecto a este punto, se\u00f1al\u00f3 que se har\u00e1n las gestiones legales correspondientes para que ese n\u00famero <em>\u201cla paguen los detenidos y las organizaciones sociales que convocaron a esto e hicieron esos destrozos\u201d<\/em>.<\/p>\n<p><a href=\"https:\/\/nuevodigitaldeescobar.com.ar\/?attachment_id=3147\" rel=\"attachment wp-att-3147\"><img decoding=\"async\" class=\"alignnone size-full wp-image-3147\" src=\"http:\/\/nuevodigitaldeescobar.com.ar\/wp-content\/uploads\/2024\/02\/incidentes-3-e1706978527156.jpg\" alt=\"\" width=\"720\" height=\"480\" \/><\/a><\/p>\n<p><em>\u201cLas fuerzas de seguridad hacen e hicieron lo que tienen que hacer. La verdad que me llama la atenci\u00f3n que hay gente que mientras est\u00e1 cortando la calle. Cortar la calle es un delito o una contravenci\u00f3n, depende qui\u00e9n lo mire, est\u00e1n diciendo que las fuerzas son represivas\u201d<\/em>, apunt\u00f3 Wolff, quien destac\u00f3 el operativo policial realizado durante las \u00faltimas jornadas en las inmediaciones del Congreso de la Naci\u00f3n.<\/p>\n<p>Finalmente, el ministro anticip\u00f3 que en marzo el jefe de Gobierno porte\u00f1o, Jorge Macri, llevar\u00e1 a la Legislatura <em>\u201cel proyecto de reiterancia\u201d<\/em> para reemplazar la actual ley de reincidencia, con el objetivo de aplicar un criterio de justicia m\u00e1s severo para quienes cometan delitos.<\/p>\n<p>Los disturbios afuera del Congreso comenzaron poco despu\u00e9s de las 20:30 horas de este viernes, cuando las fuerzas federales presentes en el operativo de seguridad comenzaron avanzar contra los manifestantes que se concentraban desde temprano en oposici\u00f3n a la Ley \u00d3mnibus, y que comenzaron a romper las baldosas para lanzarle a los efectivos.<\/p>\n<p>En medio de los hechos, la ministra de Seguridad, Patricia Bullrich, anunci\u00f3 que denunciar\u00e1 penalmente a los manifestantes que encabezaron disturbios. <em>\u201cPresentaremos una denuncia penal y pediremos la identificaci\u00f3n de todos los que quemaron bienes p\u00fablicos tirando piedras, destruyendo todo al pasar y atacando a funcionarios policiales. Felicito el profesionalismo de las Fuerzas Federales. Las organizaciones deber\u00e1n pagar los da\u00f1os causados y los gastos del operativo. El que las hace, las paga\u201d<\/em>, expres\u00f3.<\/p>\n<p><em>(Infobae)<\/em><\/p>\n","protected":false},"excerpt":{"rendered":"<p>Los arrestos ocurrieron durante la manifestaci\u00f3n en contra de la Ley \u00d3mnibus. La cifra fue confirmada por la ministra de Seguridad, Patricia Bullrich, y su [&hellip;]<\/p>\n","protected":false},"author":1,"featured_media":3146,"comment_status":"open","ping_status":"closed","sticky":false,"template":"","format":"standard","meta":{"footnotes":""},"categories":[13,6],"tags":[],"class_list":["post-3144","post","type-post","status-publish","format-standard","has-post-thumbnail","hentry","category-policiales","category-politica"],"better_featured_image":{"id":3146,"alt_text":"","caption":"","description":"","media_type":"image","media_details":{"width":720,"height":480,"file":"2024\/02\/incidentes-2-e1706978551220.jpg","filesize":44629,"sizes":{"medium":{"file":"incidentes-2-300x200.jpg","width":300,"height":200,"mime-type":"image\/jpeg","filesize":7917,"source_url":"https:\/\/nuevodigitaldeescobar.com.ar\/wp-content\/uploads\/2024\/02\/incidentes-2-300x200.jpg"},"thumbnail":{"file":"incidentes-2-150x150.jpg","width":150,"height":150,"mime-type":"image\/jpeg","filesize":3833,"source_url":"https:\/\/nuevodigitaldeescobar.com.ar\/wp-content\/uploads\/2024\/02\/incidentes-2-150x150.jpg"}},"image_meta":{"aperture":"0","credit":"","camera":"","caption":"","created_timestamp":"0","copyright":"","focal_length":"0","iso":"0","shutter_speed":"0","title":"","orientation":"0","keywords":[]}},"post":3144,"source_url":"https:\/\/nuevodigitaldeescobar.com.ar\/wp-content\/uploads\/2024\/02\/incidentes-2-e1706978551220.jpg"},"yoast_head":"<!-- This site is optimized with the Yoast SEO plugin v26.1.1 - https:\/\/yoast.com\/wordpress\/plugins\/seo\/ -->\n<title>M\u00e1s de 30 detenidos por los incidentes afuera del Congreso de la Naci\u00f3n - Nuevo Digital de Escobar<\/title>\n<meta name=\"robots\" content=\"index, follow, max-snippet:-1, max-image-preview:large, max-video-preview:-1\" \/>\n<link rel=\"canonical\" href=\"https:\/\/nuevodigitaldeescobar.com.ar\/?p=3144\" \/>\n<meta property=\"og:locale\" content=\"es_ES\" \/>\n<meta property=\"og:type\" content=\"article\" \/>\n<meta property=\"og:title\" content=\"M\u00e1s de 30 detenidos por los incidentes afuera del Congreso de la Naci\u00f3n - Nuevo Digital de Escobar\" \/>\n<meta property=\"og:description\" content=\"Los arrestos ocurrieron durante la manifestaci\u00f3n en contra de la Ley \u00d3mnibus. La cifra fue confirmada por la ministra de Seguridad, Patricia Bullrich, y su [&hellip;]\" \/>\n<meta property=\"og:url\" content=\"https:\/\/nuevodigitaldeescobar.com.ar\/?p=3144\" \/>\n<meta property=\"og:site_name\" content=\"Nuevo Digital de Escobar\" \/>\n<meta property=\"article:publisher\" content=\"https:\/\/www.facebook.com\/NUEVODigitalDeEscobar\" \/>\n<meta property=\"article:published_time\" content=\"2024-02-03T16:42:38+00:00\" \/>\n<meta property=\"article:modified_time\" content=\"2024-02-03T16:42:50+00:00\" \/>\n<meta property=\"og:image\" content=\"https:\/\/nuevodigitaldeescobar.com.ar\/wp-content\/uploads\/2024\/02\/incidentes-2-e1706978551220.jpg\" \/>\n\t<meta property=\"og:image:width\" content=\"720\" \/>\n\t<meta property=\"og:image:height\" content=\"480\" \/>\n\t<meta property=\"og:image:type\" content=\"image\/jpeg\" \/>\n<meta name=\"author\" content=\"Redacci\u00f3n\" \/>\n<meta name=\"twitter:card\" content=\"summary_large_image\" \/>\n<meta name=\"twitter:creator\" content=\"@nuevodigescobar\" \/>\n<meta name=\"twitter:site\" content=\"@nuevodigescobar\" \/>\n<meta name=\"twitter:label1\" content=\"Escrito por\" \/>\n\t<meta name=\"twitter:data1\" content=\"Redacci\u00f3n\" \/>\n\t<meta name=\"twitter:label2\" content=\"Tiempo de lectura\" \/>\n\t<meta name=\"twitter:data2\" content=\"3 minutos\" \/>\n<script type=\"application\/ld+json\" class=\"yoast-schema-graph\">{\"@context\":\"https:\/\/schema.org\",\"@graph\":[{\"@type\":\"Article\",\"@id\":\"https:\/\/nuevodigitaldeescobar.com.ar\/?p=3144#article\",\"isPartOf\":{\"@id\":\"https:\/\/nuevodigitaldeescobar.com.ar\/?p=3144\"},\"author\":{\"name\":\"Redacci\u00f3n\",\"@id\":\"https:\/\/nuevodigitaldeescobar.com.ar\/#\/schema\/person\/035e90a8efe9a80e6eec22656ad6ea4c\"},\"headline\":\"M\u00e1s de 30 detenidos por los incidentes afuera del Congreso de la Naci\u00f3n\",\"datePublished\":\"2024-02-03T16:42:38+00:00\",\"dateModified\":\"2024-02-03T16:42:50+00:00\",\"mainEntityOfPage\":{\"@id\":\"https:\/\/nuevodigitaldeescobar.com.ar\/?p=3144\"},\"wordCount\":713,\"commentCount\":0,\"publisher\":{\"@id\":\"https:\/\/nuevodigitaldeescobar.com.ar\/#organization\"},\"image\":{\"@id\":\"https:\/\/nuevodigitaldeescobar.com.ar\/?p=3144#primaryimage\"},\"thumbnailUrl\":\"https:\/\/nuevodigitaldeescobar.com.ar\/wp-content\/uploads\/2024\/02\/incidentes-2-e1706978551220.jpg\",\"articleSection\":[\"Policiales\",\"Pol\u00edtica\"],\"inLanguage\":\"es\",\"potentialAction\":[{\"@type\":\"CommentAction\",\"name\":\"Comment\",\"target\":[\"https:\/\/nuevodigitaldeescobar.com.ar\/?p=3144#respond\"]}]},{\"@type\":\"WebPage\",\"@id\":\"https:\/\/nuevodigitaldeescobar.com.ar\/?p=3144\",\"url\":\"https:\/\/nuevodigitaldeescobar.com.ar\/?p=3144\",\"name\":\"M\u00e1s de 30 detenidos por los incidentes afuera del Congreso de la Naci\u00f3n - Nuevo Digital de Escobar\",\"isPartOf\":{\"@id\":\"https:\/\/nuevodigitaldeescobar.com.ar\/#website\"},\"primaryImageOfPage\":{\"@id\":\"https:\/\/nuevodigitaldeescobar.com.ar\/?p=3144#primaryimage\"},\"image\":{\"@id\":\"https:\/\/nuevodigitaldeescobar.com.ar\/?p=3144#primaryimage\"},\"thumbnailUrl\":\"https:\/\/nuevodigitaldeescobar.com.ar\/wp-content\/uploads\/2024\/02\/incidentes-2-e1706978551220.jpg\",\"datePublished\":\"2024-02-03T16:42:38+00:00\",\"dateModified\":\"2024-02-03T16:42:50+00:00\",\"breadcrumb\":{\"@id\":\"https:\/\/nuevodigitaldeescobar.com.ar\/?p=3144#breadcrumb\"},\"inLanguage\":\"es\",\"potentialAction\":[{\"@type\":\"ReadAction\",\"target\":[\"https:\/\/nuevodigitaldeescobar.com.ar\/?p=3144\"]}]},{\"@type\":\"ImageObject\",\"inLanguage\":\"es\",\"@id\":\"https:\/\/nuevodigitaldeescobar.com.ar\/?p=3144#primaryimage\",\"url\":\"https:\/\/nuevodigitaldeescobar.com.ar\/wp-content\/uploads\/2024\/02\/incidentes-2-e1706978551220.jpg\",\"contentUrl\":\"https:\/\/nuevodigitaldeescobar.com.ar\/wp-content\/uploads\/2024\/02\/incidentes-2-e1706978551220.jpg\",\"width\":720,\"height\":480},{\"@type\":\"BreadcrumbList\",\"@id\":\"https:\/\/nuevodigitaldeescobar.com.ar\/?p=3144#breadcrumb\",\"itemListElement\":[{\"@type\":\"ListItem\",\"position\":1,\"name\":\"Portada\",\"item\":\"https:\/\/nuevodigitaldeescobar.com.ar\/\"},{\"@type\":\"ListItem\",\"position\":2,\"name\":\"M\u00e1s de 30 detenidos por los incidentes afuera del Congreso de la Naci\u00f3n\"}]},{\"@type\":\"WebSite\",\"@id\":\"https:\/\/nuevodigitaldeescobar.com.ar\/#website\",\"url\":\"https:\/\/nuevodigitaldeescobar.com.ar\/\",\"name\":\"Nuevo Digital de Escobar\",\"description\":\"La vida escobarense. Directora: Rosana Brunner\",\"publisher\":{\"@id\":\"https:\/\/nuevodigitaldeescobar.com.ar\/#organization\"},\"potentialAction\":[{\"@type\":\"SearchAction\",\"target\":{\"@type\":\"EntryPoint\",\"urlTemplate\":\"https:\/\/nuevodigitaldeescobar.com.ar\/?s={search_term_string}\"},\"query-input\":{\"@type\":\"PropertyValueSpecification\",\"valueRequired\":true,\"valueName\":\"search_term_string\"}}],\"inLanguage\":\"es\"},{\"@type\":\"Organization\",\"@id\":\"https:\/\/nuevodigitaldeescobar.com.ar\/#organization\",\"name\":\"Nuevo Digital de Escobar\",\"url\":\"https:\/\/nuevodigitaldeescobar.com.ar\/\",\"logo\":{\"@type\":\"ImageObject\",\"inLanguage\":\"es\",\"@id\":\"https:\/\/nuevodigitaldeescobar.com.ar\/#\/schema\/logo\/image\/\",\"url\":\"https:\/\/nuevodigitaldeescobar.com.ar\/wp-content\/uploads\/2025\/05\/cropped-logo-nuevo2.jpg\",\"contentUrl\":\"https:\/\/nuevodigitaldeescobar.com.ar\/wp-content\/uploads\/2025\/05\/cropped-logo-nuevo2.jpg\",\"width\":305,\"height\":305,\"caption\":\"Nuevo Digital de Escobar\"},\"image\":{\"@id\":\"https:\/\/nuevodigitaldeescobar.com.ar\/#\/schema\/logo\/image\/\"},\"sameAs\":[\"https:\/\/www.facebook.com\/NUEVODigitalDeEscobar\",\"https:\/\/x.com\/nuevodigescobar\",\"https:\/\/www.instagram.com\/nuevodigitaldeescobar\"]},{\"@type\":\"Person\",\"@id\":\"https:\/\/nuevodigitaldeescobar.com.ar\/#\/schema\/person\/035e90a8efe9a80e6eec22656ad6ea4c\",\"name\":\"Redacci\u00f3n\",\"image\":{\"@type\":\"ImageObject\",\"inLanguage\":\"es\",\"@id\":\"https:\/\/nuevodigitaldeescobar.com.ar\/#\/schema\/person\/image\/\",\"url\":\"https:\/\/secure.gravatar.com\/avatar\/8af8f40000c24e9eef3034f2be5998a372bb1389e64b1a4a36b3a7979142220d?s=96&d=mm&r=g\",\"contentUrl\":\"https:\/\/secure.gravatar.com\/avatar\/8af8f40000c24e9eef3034f2be5998a372bb1389e64b1a4a36b3a7979142220d?s=96&d=mm&r=g\",\"caption\":\"Redacci\u00f3n\"},\"sameAs\":[\"http:\/\/nuevodigitaldeescobar.com.ar\"],\"url\":\"https:\/\/nuevodigitaldeescobar.com.ar\/?author=1\"}]}<\/script>\n<!-- \/ Yoast SEO plugin. -->","yoast_head_json":{"title":"M\u00e1s de 30 detenidos por los incidentes afuera del Congreso de la Naci\u00f3n - Nuevo Digital de Escobar","robots":{"index":"index","follow":"follow","max-snippet":"max-snippet:-1","max-image-preview":"max-image-preview:large","max-video-preview":"max-video-preview:-1"},"canonical":"https:\/\/nuevodigitaldeescobar.com.ar\/?p=3144","og_locale":"es_ES","og_type":"article","og_title":"M\u00e1s de 30 detenidos por los incidentes afuera del Congreso de la Naci\u00f3n - Nuevo Digital de Escobar","og_description":"Los arrestos ocurrieron durante la manifestaci\u00f3n en contra de la Ley \u00d3mnibus. La cifra fue confirmada por la ministra de Seguridad, Patricia Bullrich, y su [&hellip;]","og_url":"https:\/\/nuevodigitaldeescobar.com.ar\/?p=3144","og_site_name":"Nuevo Digital de Escobar","article_publisher":"https:\/\/www.facebook.com\/NUEVODigitalDeEscobar","article_published_time":"2024-02-03T16:42:38+00:00","article_modified_time":"2024-02-03T16:42:50+00:00","og_image":[{"width":720,"height":480,"url":"https:\/\/nuevodigitaldeescobar.com.ar\/wp-content\/uploads\/2024\/02\/incidentes-2-e1706978551220.jpg","type":"image\/jpeg"}],"author":"Redacci\u00f3n","twitter_card":"summary_large_image","twitter_creator":"@nuevodigescobar","twitter_site":"@nuevodigescobar","twitter_misc":{"Escrito por":"Redacci\u00f3n","Tiempo de lectura":"3 minutos"},"schema":{"@context":"https:\/\/schema.org","@graph":[{"@type":"Article","@id":"https:\/\/nuevodigitaldeescobar.com.ar\/?p=3144#article","isPartOf":{"@id":"https:\/\/nuevodigitaldeescobar.com.ar\/?p=3144"},"author":{"name":"Redacci\u00f3n","@id":"https:\/\/nuevodigitaldeescobar.com.ar\/#\/schema\/person\/035e90a8efe9a80e6eec22656ad6ea4c"},"headline":"M\u00e1s de 30 detenidos por los incidentes afuera del Congreso de la Naci\u00f3n","datePublished":"2024-02-03T16:42:38+00:00","dateModified":"2024-02-03T16:42:50+00:00","mainEntityOfPage":{"@id":"https:\/\/nuevodigitaldeescobar.com.ar\/?p=3144"},"wordCount":713,"commentCount":0,"publisher":{"@id":"https:\/\/nuevodigitaldeescobar.com.ar\/#organization"},"image":{"@id":"https:\/\/nuevodigitaldeescobar.com.ar\/?p=3144#primaryimage"},"thumbnailUrl":"https:\/\/nuevodigitaldeescobar.com.ar\/wp-content\/uploads\/2024\/02\/incidentes-2-e1706978551220.jpg","articleSection":["Policiales","Pol\u00edtica"],"inLanguage":"es","potentialAction":[{"@type":"CommentAction","name":"Comment","target":["https:\/\/nuevodigitaldeescobar.com.ar\/?p=3144#respond"]}]},{"@type":"WebPage","@id":"https:\/\/nuevodigitaldeescobar.com.ar\/?p=3144","url":"https:\/\/nuevodigitaldeescobar.com.ar\/?p=3144","name":"M\u00e1s de 30 detenidos por los incidentes afuera del Congreso de la Naci\u00f3n - Nuevo Digital de Escobar","isPartOf":{"@id":"https:\/\/nuevodigitaldeescobar.com.ar\/#website"},"primaryImageOfPage":{"@id":"https:\/\/nuevodigitaldeescobar.com.ar\/?p=3144#primaryimage"},"image":{"@id":"https:\/\/nuevodigitaldeescobar.com.ar\/?p=3144#primaryimage"},"thumbnailUrl":"https:\/\/nuevodigitaldeescobar.com.ar\/wp-content\/uploads\/2024\/02\/incidentes-2-e1706978551220.jpg","datePublished":"2024-02-03T16:42:38+00:00","dateModified":"2024-02-03T16:42:50+00:00","breadcrumb":{"@id":"https:\/\/nuevodigitaldeescobar.com.ar\/?p=3144#breadcrumb"},"inLanguage":"es","potentialAction":[{"@type":"ReadAction","target":["https:\/\/nuevodigitaldeescobar.com.ar\/?p=3144"]}]},{"@type":"ImageObject","inLanguage":"es","@id":"https:\/\/nuevodigitaldeescobar.com.ar\/?p=3144#primaryimage","url":"https:\/\/nuevodigitaldeescobar.com.ar\/wp-content\/uploads\/2024\/02\/incidentes-2-e1706978551220.jpg","contentUrl":"https:\/\/nuevodigitaldeescobar.com.ar\/wp-content\/uploads\/2024\/02\/incidentes-2-e1706978551220.jpg","width":720,"height":480},{"@type":"BreadcrumbList","@id":"https:\/\/nuevodigitaldeescobar.com.ar\/?p=3144#breadcrumb","itemListElement":[{"@type":"ListItem","position":1,"name":"Portada","item":"https:\/\/nuevodigitaldeescobar.com.ar\/"},{"@type":"ListItem","position":2,"name":"M\u00e1s de 30 detenidos por los incidentes afuera del Congreso de la Naci\u00f3n"}]},{"@type":"WebSite","@id":"https:\/\/nuevodigitaldeescobar.com.ar\/#website","url":"https:\/\/nuevodigitaldeescobar.com.ar\/","name":"Nuevo Digital de Escobar","description":"La vida escobarense. Directora: Rosana Brunner","publisher":{"@id":"https:\/\/nuevodigitaldeescobar.com.ar\/#organization"},"potentialAction":[{"@type":"SearchAction","target":{"@type":"EntryPoint","urlTemplate":"https:\/\/nuevodigitaldeescobar.com.ar\/?s={search_term_string}"},"query-input":{"@type":"PropertyValueSpecification","valueRequired":true,"valueName":"search_term_string"}}],"inLanguage":"es"},{"@type":"Organization","@id":"https:\/\/nuevodigitaldeescobar.com.ar\/#organization","name":"Nuevo Digital de Escobar","url":"https:\/\/nuevodigitaldeescobar.com.ar\/","logo":{"@type":"ImageObject","inLanguage":"es","@id":"https:\/\/nuevodigitaldeescobar.com.ar\/#\/schema\/logo\/image\/","url":"https:\/\/nuevodigitaldeescobar.com.ar\/wp-content\/uploads\/2025\/05\/cropped-logo-nuevo2.jpg","contentUrl":"https:\/\/nuevodigitaldeescobar.com.ar\/wp-content\/uploads\/2025\/05\/cropped-logo-nuevo2.jpg","width":305,"height":305,"caption":"Nuevo Digital de Escobar"},"image":{"@id":"https:\/\/nuevodigitaldeescobar.com.ar\/#\/schema\/logo\/image\/"},"sameAs":["https:\/\/www.facebook.com\/NUEVODigitalDeEscobar","https:\/\/x.com\/nuevodigescobar","https:\/\/www.instagram.com\/nuevodigitaldeescobar"]},{"@type":"Person","@id":"https:\/\/nuevodigitaldeescobar.com.ar\/#\/schema\/person\/035e90a8efe9a80e6eec22656ad6ea4c","name":"Redacci\u00f3n","image":{"@type":"ImageObject","inLanguage":"es","@id":"https:\/\/nuevodigitaldeescobar.com.ar\/#\/schema\/person\/image\/","url":"https:\/\/secure.gravatar.com\/avatar\/8af8f40000c24e9eef3034f2be5998a372bb1389e64b1a4a36b3a7979142220d?s=96&d=mm&r=g","contentUrl":"https:\/\/secure.gravatar.com\/avatar\/8af8f40000c24e9eef3034f2be5998a372bb1389e64b1a4a36b3a7979142220d?s=96&d=mm&r=g","caption":"Redacci\u00f3n"},"sameAs":["http:\/\/nuevodigitaldeescobar.com.ar"],"url":"https:\/\/nuevodigitaldeescobar.com.ar\/?author=1"}]}},"featured_image_urls":{"full":["https:\/\/nuevodigitaldeescobar.com.ar\/wp-content\/uploads\/2024\/02\/incidentes-2-e1706978551220.jpg",720,480,false],"thumbnail":["https:\/\/nuevodigitaldeescobar.com.ar\/wp-content\/uploads\/2024\/02\/incidentes-2-150x150.jpg",150,150,true],"medium":["https:\/\/nuevodigitaldeescobar.com.ar\/wp-content\/uploads\/2024\/02\/incidentes-2-300x200.jpg",300,200,true],"medium_large":["https:\/\/nuevodigitaldeescobar.com.ar\/wp-content\/uploads\/2024\/02\/incidentes-2-e1706978551220.jpg",640,427,false],"large":["https:\/\/nuevodigitaldeescobar.com.ar\/wp-content\/uploads\/2024\/02\/incidentes-2-e1706978551220.jpg",640,427,false],"1536x1536":["https:\/\/nuevodigitaldeescobar.com.ar\/wp-content\/uploads\/2024\/02\/incidentes-2-e1706978551220.jpg",720,480,false],"2048x2048":["https:\/\/nuevodigitaldeescobar.com.ar\/wp-content\/uploads\/2024\/02\/incidentes-2-e1706978551220.jpg",720,480,false]},"author_info":{"display_name":"Redacci\u00f3n","author_link":"https:\/\/nuevodigitaldeescobar.com.ar\/?author=1"},"category_info":"<a href=\"https:\/\/nuevodigitaldeescobar.com.ar\/?cat=13\" rel=\"category\">Policiales<\/a> <a href=\"https:\/\/nuevodigitaldeescobar.com.ar\/?cat=6\" rel=\"category\">Pol\u00edtica<\/a>","tag_info":"Pol\u00edtica","comment_count":"0","_links":{"self":[{"href":"https:\/\/nuevodigitaldeescobar.com.ar\/index.php?rest_route=\/wp\/v2\/posts\/3144","targetHints":{"allow":["GET"]}}],"collection":[{"href":"https:\/\/nuevodigitaldeescobar.com.ar\/index.php?rest_route=\/wp\/v2\/posts"}],"about":[{"href":"https:\/\/nuevodigitaldeescobar.com.ar\/index.php?rest_route=\/wp\/v2\/types\/post"}],"author":[{"embeddable":true,"href":"https:\/\/nuevodigitaldeescobar.com.ar\/index.php?rest_route=\/wp\/v2\/users\/1"}],"replies":[{"embeddable":true,"href":"https:\/\/nuevodigitaldeescobar.com.ar\/index.php?rest_route=%2Fwp%2Fv2%2Fcomments&post=3144"}],"version-history":[{"count":1,"href":"https:\/\/nuevodigitaldeescobar.com.ar\/index.php?rest_route=\/wp\/v2\/posts\/3144\/revisions"}],"predecessor-version":[{"id":3148,"href":"https:\/\/nuevodigitaldeescobar.com.ar\/index.php?rest_route=\/wp\/v2\/posts\/3144\/revisions\/3148"}],"wp:featuredmedia":[{"embeddable":true,"href":"https:\/\/nuevodigitaldeescobar.com.ar\/index.php?rest_route=\/wp\/v2\/media\/3146"}],"wp:attachment":[{"href":"https:\/\/nuevodigitaldeescobar.com.ar\/index.php?rest_route=%2Fwp%2Fv2%2Fmedia&parent=3144"}],"wp:term":[{"taxonomy":"category","embeddable":true,"href":"https:\/\/nuevodigitaldeescobar.com.ar\/index.php?rest_route=%2Fwp%2Fv2%2Fcategories&post=3144"},{"taxonomy":"post_tag","embeddable":true,"href":"https:\/\/nuevodigitaldeescobar.com.ar\/index.php?rest_route=%2Fwp%2Fv2%2Ftags&post=3144"}],"curies":[{"name":"wp","href":"https:\/\/api.w.org\/{rel}","templated":true}]}}