{"id":3276,"date":"2024-02-06T09:17:00","date_gmt":"2024-02-06T12:17:00","guid":{"rendered":"https:\/\/nuevodigitaldeescobar.com.ar\/?p=3276"},"modified":"2024-02-06T15:19:45","modified_gmt":"2024-02-06T18:19:45","slug":"el-salvador-bukele-logro-un-aplastante-triunfo-electoral-y-afirmo-que-colaborara-con-milei-en-la-lucha-contra-la-inseguridad","status":"publish","type":"post","link":"https:\/\/nuevodigitaldeescobar.com.ar\/?p=3276","title":{"rendered":"El Salvador: Bukele logr\u00f3 un aplastante triunfo electoral y afirm\u00f3 que colaborar\u00e1 con Milei en la lucha contra la inseguridad"},"content":{"rendered":"<p><span style=\"color: #003366;\"><strong><em>El mandatario centroamericano obtuvo un amplio respaldo en las urnas y se refiri\u00f3 a la Argentina.<\/em><\/strong><\/span><\/p>\n<p><!--more--><\/p>\n<hr \/>\n<p>El presidente de El Salvador, Nayib Bukele, logr\u00f3 un aplastante triunfo en las elecciones y obtuvo la reelecci\u00f3n, al tiempo que confirm\u00f3 que colaborar\u00e1 con su par argentino, Javier Milei, en la lucha contra la inseguridad.<\/p>\n<p>El mandatario centroamericano sostuvo que hab\u00eda logrado la reelecci\u00f3n en los comicios del domingo con m\u00e1s del 85% de los votos y calific\u00f3 su triunfo como un <em>\u00abr\u00e9cord en toda la historia democr\u00e1tica del mundo\u00bb<\/em>. El Tribunal Supremo Electoral (TSE) a\u00fan no hab\u00eda anunciado los resultados oficiales.<\/p>\n<p>El mandatario de 42 a\u00f1os habr\u00eda logrado extender su mandato hasta 2029 gracias al rotundo \u00e9xito de su <em>\u00abguerra\u00bb<\/em> contra las pandillas que, en apenas cinco a\u00f1os, llev\u00f3 al pa\u00eds centroamericano de ser el m\u00e1s peligroso del mundo a uno de los m\u00e1s seguros de Am\u00e9rica.<\/p>\n<p><em>\u00abDe acuerdo a nuestros n\u00fameros, hemos ganado la elecci\u00f3n presidencial con m\u00e1s del 85% de los votos\u00bb<\/em>, escribi\u00f3 Bukele en su cuenta de X. <em>\u00abEl r\u00e9cord en toda la historia democr\u00e1tica del mundo\u00bb<\/em>, agreg\u00f3.<\/p>\n<p>Los 6,2 millones de salvadore\u00f1os habilitados para votar tambi\u00e9n eligieron a los diputados del Congreso unicameral para el periodo 2024-2027. Bukele dijo que su partido Nuevas Ideas habr\u00eda obtenido al menos 58 de 60 diputados, lo que consolidar\u00eda su poder.<\/p>\n<p>A pesar de tener el apoyo de ocho de cada 10 salvadore\u00f1os en edad de votar, el plan de seguridad de Bukele ha levantado se\u00f1alamientos de supuestas violaciones a los derechos humanos y su participaci\u00f3n en los comicios fue cuestionada por la oposici\u00f3n y parte de la comunidad internacional porque la Constituci\u00f3n proh\u00edbe la reelecci\u00f3n inmediata.<\/p>\n<p>De convertirse en el primer mandatario salvadore\u00f1o en ser reelecto en casi 100 a\u00f1os, Bukele ha prometido que el r\u00e9gimen de excepci\u00f3n seguir\u00e1 hasta que capturen al \u00faltimo pandillero y su vicepresidente dijo a Reuters esta semana que mantendr\u00e1 al bitcoin como moneda de curso legal a pesar de la poca aceptaci\u00f3n y que el bukelismo es un proyecto de d\u00e9cadas.<\/p>\n<p><em>\u00abSi nosotros hemos ya superado nuestro c\u00e1ncer con met\u00e1stasis, que eran las pandillas, ahora s\u00f3lo queda recuperarnos (&#8230;) lo que viene para El Salvador es un periodo de prosperidad\u00bb<\/em>, dijo Bukele el domingo tras ejercer su voto en San Salvador, ataviado en una camiseta cian -como el color de su partido-, jeans y una gorra blanca.<\/p>\n<p>Al ser consultado sobre si planeaba reformar la Constituci\u00f3n para incluir la reelecci\u00f3n indefinida, el mandatario dijo que no cre\u00eda que <em>\u00absea necesaria una reforma constitucional\u00bb<\/em>, pero no respondi\u00f3 si intentar\u00eda postularse para un tercer mandato.<\/p>\n<h3><span style=\"color: #003366;\"><strong>Colaboraci\u00f3n con la Argentina<\/strong><\/span><\/h3>\n<p>El presidente salvadore\u00f1o tambi\u00e9n confirm\u00f3 que colaborar\u00e1 con el Gobierno de La Libertad Avanza en la lucha contra la inseguridad, aunque consider\u00f3 que en la Argentina no ser\u00e1n necesarias medidas tan dr\u00e1sticas como las que implement\u00f3 en su pa\u00eds.<\/p>\n<p>En una conferencia de prensa antes de que finalizaran los comicios, Bukele manifest\u00f3 al diario La Naci\u00f3n que existen contactos con el equipo de Milei para cooperar en la lucha contra el delito.<\/p>\n<p>De todos modos, el mandatario salvadore\u00f1o aclar\u00f3 que las medidas que deber\u00eda aplicar el Gobierno argentino tendr\u00edan que ser diferentes, porque <em>\u00abel problema de la inseguridad de la Argentina no es tan apremiante\u00bb<\/em> como el del pa\u00eds centroamericano.<\/p>\n<p><em>\u201cAnte problemas m\u00e1s peque\u00f1os, tal vez el medicamento puede ser m\u00e1s peque\u00f1o\u201d<\/em>, respondi\u00f3 Bukele ante un nutrido auditorio de periodistas en un hotel de la capital de El Salvador.<\/p>\n<p><em>(NA)<\/em><\/p>\n","protected":false},"excerpt":{"rendered":"<p>El mandatario centroamericano obtuvo un amplio respaldo en las urnas y se refiri\u00f3 a la Argentina.<\/p>\n","protected":false},"author":1,"featured_media":3277,"comment_status":"open","ping_status":"closed","sticky":false,"template":"","format":"standard","meta":{"footnotes":""},"categories":[6],"tags":[164,158],"class_list":["post-3276","post","type-post","status-publish","format-standard","has-post-thumbnail","hentry","category-politica","tag-bukele","tag-milei"],"better_featured_image":{"id":3277,"alt_text":"","caption":"","description":"","media_type":"image","media_details":{"width":720,"height":480,"file":"2024\/02\/nayib-bukele-e1707243541785.jpg","filesize":98433,"sizes":{"medium":{"file":"nayib-bukele-300x200.jpg","width":300,"height":200,"mime-type":"image\/jpeg","filesize":9596,"source_url":"https:\/\/nuevodigitaldeescobar.com.ar\/wp-content\/uploads\/2024\/02\/nayib-bukele-300x200.jpg"},"large":{"file":"nayib-bukele-1024x682.jpg","width":1024,"height":682,"mime-type":"image\/jpeg","filesize":61001,"source_url":"https:\/\/nuevodigitaldeescobar.com.ar\/wp-content\/uploads\/2024\/02\/nayib-bukele-1024x682.jpg"},"thumbnail":{"file":"nayib-bukele-150x150.jpg","width":150,"height":150,"mime-type":"image\/jpeg","filesize":4356,"source_url":"https:\/\/nuevodigitaldeescobar.com.ar\/wp-content\/uploads\/2024\/02\/nayib-bukele-150x150.jpg"},"medium_large":{"file":"nayib-bukele-768x512.jpg","width":768,"height":512,"mime-type":"image\/jpeg","filesize":38938,"source_url":"https:\/\/nuevodigitaldeescobar.com.ar\/wp-content\/uploads\/2024\/02\/nayib-bukele-768x512.jpg"}},"image_meta":{"aperture":"0","credit":"","camera":"","caption":"","created_timestamp":"0","copyright":"","focal_length":"0","iso":"0","shutter_speed":"0","title":"","orientation":"0","keywords":[]}},"post":3276,"source_url":"https:\/\/nuevodigitaldeescobar.com.ar\/wp-content\/uploads\/2024\/02\/nayib-bukele-e1707243541785.jpg"},"yoast_head":"<!-- This site is optimized with the Yoast SEO plugin v26.1.1 - https:\/\/yoast.com\/wordpress\/plugins\/seo\/ -->\n<title>El Salvador: Bukele logr\u00f3 un aplastante triunfo electoral y afirm\u00f3 que colaborar\u00e1 con Milei en la lucha contra la inseguridad - Nuevo Digital de Escobar<\/title>\n<meta name=\"robots\" content=\"index, follow, max-snippet:-1, max-image-preview:large, max-video-preview:-1\" \/>\n<link rel=\"canonical\" href=\"https:\/\/nuevodigitaldeescobar.com.ar\/?p=3276\" \/>\n<meta property=\"og:locale\" content=\"es_ES\" \/>\n<meta property=\"og:type\" content=\"article\" \/>\n<meta property=\"og:title\" content=\"El Salvador: Bukele logr\u00f3 un aplastante triunfo electoral y afirm\u00f3 que colaborar\u00e1 con Milei en la lucha contra la inseguridad - Nuevo Digital de Escobar\" \/>\n<meta property=\"og:description\" content=\"El mandatario centroamericano obtuvo un amplio respaldo en las urnas y se refiri\u00f3 a la Argentina.\" \/>\n<meta property=\"og:url\" content=\"https:\/\/nuevodigitaldeescobar.com.ar\/?p=3276\" \/>\n<meta property=\"og:site_name\" content=\"Nuevo Digital de Escobar\" \/>\n<meta property=\"article:publisher\" content=\"https:\/\/www.facebook.com\/NUEVODigitalDeEscobar\" \/>\n<meta property=\"article:published_time\" content=\"2024-02-06T12:17:00+00:00\" \/>\n<meta property=\"article:modified_time\" content=\"2024-02-06T18:19:45+00:00\" \/>\n<meta property=\"og:image\" content=\"https:\/\/nuevodigitaldeescobar.com.ar\/wp-content\/uploads\/2024\/02\/nayib-bukele-e1707243541785.jpg\" \/>\n\t<meta property=\"og:image:width\" content=\"720\" \/>\n\t<meta property=\"og:image:height\" content=\"480\" \/>\n\t<meta property=\"og:image:type\" content=\"image\/jpeg\" \/>\n<meta name=\"author\" content=\"Redacci\u00f3n\" \/>\n<meta name=\"twitter:card\" content=\"summary_large_image\" \/>\n<meta name=\"twitter:creator\" content=\"@nuevodigescobar\" \/>\n<meta name=\"twitter:site\" content=\"@nuevodigescobar\" \/>\n<meta name=\"twitter:label1\" content=\"Escrito por\" \/>\n\t<meta name=\"twitter:data1\" content=\"Redacci\u00f3n\" \/>\n\t<meta name=\"twitter:label2\" content=\"Tiempo de lectura\" \/>\n\t<meta name=\"twitter:data2\" content=\"3 minutos\" \/>\n<script type=\"application\/ld+json\" class=\"yoast-schema-graph\">{\"@context\":\"https:\/\/schema.org\",\"@graph\":[{\"@type\":\"Article\",\"@id\":\"https:\/\/nuevodigitaldeescobar.com.ar\/?p=3276#article\",\"isPartOf\":{\"@id\":\"https:\/\/nuevodigitaldeescobar.com.ar\/?p=3276\"},\"author\":{\"name\":\"Redacci\u00f3n\",\"@id\":\"https:\/\/nuevodigitaldeescobar.com.ar\/#\/schema\/person\/035e90a8efe9a80e6eec22656ad6ea4c\"},\"headline\":\"El Salvador: Bukele logr\u00f3 un aplastante triunfo electoral y afirm\u00f3 que colaborar\u00e1 con Milei en la lucha contra la inseguridad\",\"datePublished\":\"2024-02-06T12:17:00+00:00\",\"dateModified\":\"2024-02-06T18:19:45+00:00\",\"mainEntityOfPage\":{\"@id\":\"https:\/\/nuevodigitaldeescobar.com.ar\/?p=3276\"},\"wordCount\":641,\"commentCount\":0,\"publisher\":{\"@id\":\"https:\/\/nuevodigitaldeescobar.com.ar\/#organization\"},\"image\":{\"@id\":\"https:\/\/nuevodigitaldeescobar.com.ar\/?p=3276#primaryimage\"},\"thumbnailUrl\":\"https:\/\/nuevodigitaldeescobar.com.ar\/wp-content\/uploads\/2024\/02\/nayib-bukele-e1707243541785.jpg\",\"keywords\":[\"bukele\",\"milei\"],\"articleSection\":[\"Pol\u00edtica\"],\"inLanguage\":\"es\",\"potentialAction\":[{\"@type\":\"CommentAction\",\"name\":\"Comment\",\"target\":[\"https:\/\/nuevodigitaldeescobar.com.ar\/?p=3276#respond\"]}]},{\"@type\":\"WebPage\",\"@id\":\"https:\/\/nuevodigitaldeescobar.com.ar\/?p=3276\",\"url\":\"https:\/\/nuevodigitaldeescobar.com.ar\/?p=3276\",\"name\":\"El Salvador: Bukele logr\u00f3 un aplastante triunfo electoral y afirm\u00f3 que colaborar\u00e1 con Milei en la lucha contra la inseguridad - Nuevo Digital de Escobar\",\"isPartOf\":{\"@id\":\"https:\/\/nuevodigitaldeescobar.com.ar\/#website\"},\"primaryImageOfPage\":{\"@id\":\"https:\/\/nuevodigitaldeescobar.com.ar\/?p=3276#primaryimage\"},\"image\":{\"@id\":\"https:\/\/nuevodigitaldeescobar.com.ar\/?p=3276#primaryimage\"},\"thumbnailUrl\":\"https:\/\/nuevodigitaldeescobar.com.ar\/wp-content\/uploads\/2024\/02\/nayib-bukele-e1707243541785.jpg\",\"datePublished\":\"2024-02-06T12:17:00+00:00\",\"dateModified\":\"2024-02-06T18:19:45+00:00\",\"breadcrumb\":{\"@id\":\"https:\/\/nuevodigitaldeescobar.com.ar\/?p=3276#breadcrumb\"},\"inLanguage\":\"es\",\"potentialAction\":[{\"@type\":\"ReadAction\",\"target\":[\"https:\/\/nuevodigitaldeescobar.com.ar\/?p=3276\"]}]},{\"@type\":\"ImageObject\",\"inLanguage\":\"es\",\"@id\":\"https:\/\/nuevodigitaldeescobar.com.ar\/?p=3276#primaryimage\",\"url\":\"https:\/\/nuevodigitaldeescobar.com.ar\/wp-content\/uploads\/2024\/02\/nayib-bukele-e1707243541785.jpg\",\"contentUrl\":\"https:\/\/nuevodigitaldeescobar.com.ar\/wp-content\/uploads\/2024\/02\/nayib-bukele-e1707243541785.jpg\",\"width\":720,\"height\":480},{\"@type\":\"BreadcrumbList\",\"@id\":\"https:\/\/nuevodigitaldeescobar.com.ar\/?p=3276#breadcrumb\",\"itemListElement\":[{\"@type\":\"ListItem\",\"position\":1,\"name\":\"Portada\",\"item\":\"https:\/\/nuevodigitaldeescobar.com.ar\/\"},{\"@type\":\"ListItem\",\"position\":2,\"name\":\"El Salvador: Bukele logr\u00f3 un aplastante triunfo electoral y afirm\u00f3 que colaborar\u00e1 con Milei en la lucha contra la inseguridad\"}]},{\"@type\":\"WebSite\",\"@id\":\"https:\/\/nuevodigitaldeescobar.com.ar\/#website\",\"url\":\"https:\/\/nuevodigitaldeescobar.com.ar\/\",\"name\":\"Nuevo Digital de Escobar\",\"description\":\"La vida escobarense. Directora: Rosana Brunner\",\"publisher\":{\"@id\":\"https:\/\/nuevodigitaldeescobar.com.ar\/#organization\"},\"potentialAction\":[{\"@type\":\"SearchAction\",\"target\":{\"@type\":\"EntryPoint\",\"urlTemplate\":\"https:\/\/nuevodigitaldeescobar.com.ar\/?s={search_term_string}\"},\"query-input\":{\"@type\":\"PropertyValueSpecification\",\"valueRequired\":true,\"valueName\":\"search_term_string\"}}],\"inLanguage\":\"es\"},{\"@type\":\"Organization\",\"@id\":\"https:\/\/nuevodigitaldeescobar.com.ar\/#organization\",\"name\":\"Nuevo Digital de Escobar\",\"url\":\"https:\/\/nuevodigitaldeescobar.com.ar\/\",\"logo\":{\"@type\":\"ImageObject\",\"inLanguage\":\"es\",\"@id\":\"https:\/\/nuevodigitaldeescobar.com.ar\/#\/schema\/logo\/image\/\",\"url\":\"https:\/\/nuevodigitaldeescobar.com.ar\/wp-content\/uploads\/2025\/05\/cropped-logo-nuevo2.jpg\",\"contentUrl\":\"https:\/\/nuevodigitaldeescobar.com.ar\/wp-content\/uploads\/2025\/05\/cropped-logo-nuevo2.jpg\",\"width\":305,\"height\":305,\"caption\":\"Nuevo Digital de Escobar\"},\"image\":{\"@id\":\"https:\/\/nuevodigitaldeescobar.com.ar\/#\/schema\/logo\/image\/\"},\"sameAs\":[\"https:\/\/www.facebook.com\/NUEVODigitalDeEscobar\",\"https:\/\/x.com\/nuevodigescobar\",\"https:\/\/www.instagram.com\/nuevodigitaldeescobar\"]},{\"@type\":\"Person\",\"@id\":\"https:\/\/nuevodigitaldeescobar.com.ar\/#\/schema\/person\/035e90a8efe9a80e6eec22656ad6ea4c\",\"name\":\"Redacci\u00f3n\",\"image\":{\"@type\":\"ImageObject\",\"inLanguage\":\"es\",\"@id\":\"https:\/\/nuevodigitaldeescobar.com.ar\/#\/schema\/person\/image\/\",\"url\":\"https:\/\/secure.gravatar.com\/avatar\/8af8f40000c24e9eef3034f2be5998a372bb1389e64b1a4a36b3a7979142220d?s=96&d=mm&r=g\",\"contentUrl\":\"https:\/\/secure.gravatar.com\/avatar\/8af8f40000c24e9eef3034f2be5998a372bb1389e64b1a4a36b3a7979142220d?s=96&d=mm&r=g\",\"caption\":\"Redacci\u00f3n\"},\"sameAs\":[\"http:\/\/nuevodigitaldeescobar.com.ar\"],\"url\":\"https:\/\/nuevodigitaldeescobar.com.ar\/?author=1\"}]}<\/script>\n<!-- \/ Yoast SEO plugin. -->","yoast_head_json":{"title":"El Salvador: Bukele logr\u00f3 un aplastante triunfo electoral y afirm\u00f3 que colaborar\u00e1 con Milei en la lucha contra la inseguridad - Nuevo Digital de Escobar","robots":{"index":"index","follow":"follow","max-snippet":"max-snippet:-1","max-image-preview":"max-image-preview:large","max-video-preview":"max-video-preview:-1"},"canonical":"https:\/\/nuevodigitaldeescobar.com.ar\/?p=3276","og_locale":"es_ES","og_type":"article","og_title":"El Salvador: Bukele logr\u00f3 un aplastante triunfo electoral y afirm\u00f3 que colaborar\u00e1 con Milei en la lucha contra la inseguridad - Nuevo Digital de Escobar","og_description":"El mandatario centroamericano obtuvo un amplio respaldo en las urnas y se refiri\u00f3 a la Argentina.","og_url":"https:\/\/nuevodigitaldeescobar.com.ar\/?p=3276","og_site_name":"Nuevo Digital de Escobar","article_publisher":"https:\/\/www.facebook.com\/NUEVODigitalDeEscobar","article_published_time":"2024-02-06T12:17:00+00:00","article_modified_time":"2024-02-06T18:19:45+00:00","og_image":[{"width":720,"height":480,"url":"https:\/\/nuevodigitaldeescobar.com.ar\/wp-content\/uploads\/2024\/02\/nayib-bukele-e1707243541785.jpg","type":"image\/jpeg"}],"author":"Redacci\u00f3n","twitter_card":"summary_large_image","twitter_creator":"@nuevodigescobar","twitter_site":"@nuevodigescobar","twitter_misc":{"Escrito por":"Redacci\u00f3n","Tiempo de lectura":"3 minutos"},"schema":{"@context":"https:\/\/schema.org","@graph":[{"@type":"Article","@id":"https:\/\/nuevodigitaldeescobar.com.ar\/?p=3276#article","isPartOf":{"@id":"https:\/\/nuevodigitaldeescobar.com.ar\/?p=3276"},"author":{"name":"Redacci\u00f3n","@id":"https:\/\/nuevodigitaldeescobar.com.ar\/#\/schema\/person\/035e90a8efe9a80e6eec22656ad6ea4c"},"headline":"El Salvador: Bukele logr\u00f3 un aplastante triunfo electoral y afirm\u00f3 que colaborar\u00e1 con Milei en la lucha contra la inseguridad","datePublished":"2024-02-06T12:17:00+00:00","dateModified":"2024-02-06T18:19:45+00:00","mainEntityOfPage":{"@id":"https:\/\/nuevodigitaldeescobar.com.ar\/?p=3276"},"wordCount":641,"commentCount":0,"publisher":{"@id":"https:\/\/nuevodigitaldeescobar.com.ar\/#organization"},"image":{"@id":"https:\/\/nuevodigitaldeescobar.com.ar\/?p=3276#primaryimage"},"thumbnailUrl":"https:\/\/nuevodigitaldeescobar.com.ar\/wp-content\/uploads\/2024\/02\/nayib-bukele-e1707243541785.jpg","keywords":["bukele","milei"],"articleSection":["Pol\u00edtica"],"inLanguage":"es","potentialAction":[{"@type":"CommentAction","name":"Comment","target":["https:\/\/nuevodigitaldeescobar.com.ar\/?p=3276#respond"]}]},{"@type":"WebPage","@id":"https:\/\/nuevodigitaldeescobar.com.ar\/?p=3276","url":"https:\/\/nuevodigitaldeescobar.com.ar\/?p=3276","name":"El Salvador: Bukele logr\u00f3 un aplastante triunfo electoral y afirm\u00f3 que colaborar\u00e1 con Milei en la lucha contra la inseguridad - Nuevo Digital de Escobar","isPartOf":{"@id":"https:\/\/nuevodigitaldeescobar.com.ar\/#website"},"primaryImageOfPage":{"@id":"https:\/\/nuevodigitaldeescobar.com.ar\/?p=3276#primaryimage"},"image":{"@id":"https:\/\/nuevodigitaldeescobar.com.ar\/?p=3276#primaryimage"},"thumbnailUrl":"https:\/\/nuevodigitaldeescobar.com.ar\/wp-content\/uploads\/2024\/02\/nayib-bukele-e1707243541785.jpg","datePublished":"2024-02-06T12:17:00+00:00","dateModified":"2024-02-06T18:19:45+00:00","breadcrumb":{"@id":"https:\/\/nuevodigitaldeescobar.com.ar\/?p=3276#breadcrumb"},"inLanguage":"es","potentialAction":[{"@type":"ReadAction","target":["https:\/\/nuevodigitaldeescobar.com.ar\/?p=3276"]}]},{"@type":"ImageObject","inLanguage":"es","@id":"https:\/\/nuevodigitaldeescobar.com.ar\/?p=3276#primaryimage","url":"https:\/\/nuevodigitaldeescobar.com.ar\/wp-content\/uploads\/2024\/02\/nayib-bukele-e1707243541785.jpg","contentUrl":"https:\/\/nuevodigitaldeescobar.com.ar\/wp-content\/uploads\/2024\/02\/nayib-bukele-e1707243541785.jpg","width":720,"height":480},{"@type":"BreadcrumbList","@id":"https:\/\/nuevodigitaldeescobar.com.ar\/?p=3276#breadcrumb","itemListElement":[{"@type":"ListItem","position":1,"name":"Portada","item":"https:\/\/nuevodigitaldeescobar.com.ar\/"},{"@type":"ListItem","position":2,"name":"El Salvador: Bukele logr\u00f3 un aplastante triunfo electoral y afirm\u00f3 que colaborar\u00e1 con Milei en la lucha contra la inseguridad"}]},{"@type":"WebSite","@id":"https:\/\/nuevodigitaldeescobar.com.ar\/#website","url":"https:\/\/nuevodigitaldeescobar.com.ar\/","name":"Nuevo Digital de Escobar","description":"La vida escobarense. Directora: Rosana Brunner","publisher":{"@id":"https:\/\/nuevodigitaldeescobar.com.ar\/#organization"},"potentialAction":[{"@type":"SearchAction","target":{"@type":"EntryPoint","urlTemplate":"https:\/\/nuevodigitaldeescobar.com.ar\/?s={search_term_string}"},"query-input":{"@type":"PropertyValueSpecification","valueRequired":true,"valueName":"search_term_string"}}],"inLanguage":"es"},{"@type":"Organization","@id":"https:\/\/nuevodigitaldeescobar.com.ar\/#organization","name":"Nuevo Digital de Escobar","url":"https:\/\/nuevodigitaldeescobar.com.ar\/","logo":{"@type":"ImageObject","inLanguage":"es","@id":"https:\/\/nuevodigitaldeescobar.com.ar\/#\/schema\/logo\/image\/","url":"https:\/\/nuevodigitaldeescobar.com.ar\/wp-content\/uploads\/2025\/05\/cropped-logo-nuevo2.jpg","contentUrl":"https:\/\/nuevodigitaldeescobar.com.ar\/wp-content\/uploads\/2025\/05\/cropped-logo-nuevo2.jpg","width":305,"height":305,"caption":"Nuevo Digital de Escobar"},"image":{"@id":"https:\/\/nuevodigitaldeescobar.com.ar\/#\/schema\/logo\/image\/"},"sameAs":["https:\/\/www.facebook.com\/NUEVODigitalDeEscobar","https:\/\/x.com\/nuevodigescobar","https:\/\/www.instagram.com\/nuevodigitaldeescobar"]},{"@type":"Person","@id":"https:\/\/nuevodigitaldeescobar.com.ar\/#\/schema\/person\/035e90a8efe9a80e6eec22656ad6ea4c","name":"Redacci\u00f3n","image":{"@type":"ImageObject","inLanguage":"es","@id":"https:\/\/nuevodigitaldeescobar.com.ar\/#\/schema\/person\/image\/","url":"https:\/\/secure.gravatar.com\/avatar\/8af8f40000c24e9eef3034f2be5998a372bb1389e64b1a4a36b3a7979142220d?s=96&d=mm&r=g","contentUrl":"https:\/\/secure.gravatar.com\/avatar\/8af8f40000c24e9eef3034f2be5998a372bb1389e64b1a4a36b3a7979142220d?s=96&d=mm&r=g","caption":"Redacci\u00f3n"},"sameAs":["http:\/\/nuevodigitaldeescobar.com.ar"],"url":"https:\/\/nuevodigitaldeescobar.com.ar\/?author=1"}]}},"featured_image_urls":{"full":["https:\/\/nuevodigitaldeescobar.com.ar\/wp-content\/uploads\/2024\/02\/nayib-bukele-e1707243541785.jpg",720,480,false],"thumbnail":["https:\/\/nuevodigitaldeescobar.com.ar\/wp-content\/uploads\/2024\/02\/nayib-bukele-150x150.jpg",150,150,true],"medium":["https:\/\/nuevodigitaldeescobar.com.ar\/wp-content\/uploads\/2024\/02\/nayib-bukele-300x200.jpg",300,200,true],"medium_large":["https:\/\/nuevodigitaldeescobar.com.ar\/wp-content\/uploads\/2024\/02\/nayib-bukele-768x512.jpg",640,427,true],"large":["https:\/\/nuevodigitaldeescobar.com.ar\/wp-content\/uploads\/2024\/02\/nayib-bukele-1024x682.jpg",640,426,true],"1536x1536":["https:\/\/nuevodigitaldeescobar.com.ar\/wp-content\/uploads\/2024\/02\/nayib-bukele-e1707243541785.jpg",720,480,false],"2048x2048":["https:\/\/nuevodigitaldeescobar.com.ar\/wp-content\/uploads\/2024\/02\/nayib-bukele-e1707243541785.jpg",720,480,false]},"author_info":{"display_name":"Redacci\u00f3n","author_link":"https:\/\/nuevodigitaldeescobar.com.ar\/?author=1"},"category_info":"<a href=\"https:\/\/nuevodigitaldeescobar.com.ar\/?cat=6\" rel=\"category\">Pol\u00edtica<\/a>","tag_info":"Pol\u00edtica","comment_count":"0","_links":{"self":[{"href":"https:\/\/nuevodigitaldeescobar.com.ar\/index.php?rest_route=\/wp\/v2\/posts\/3276","targetHints":{"allow":["GET"]}}],"collection":[{"href":"https:\/\/nuevodigitaldeescobar.com.ar\/index.php?rest_route=\/wp\/v2\/posts"}],"about":[{"href":"https:\/\/nuevodigitaldeescobar.com.ar\/index.php?rest_route=\/wp\/v2\/types\/post"}],"author":[{"embeddable":true,"href":"https:\/\/nuevodigitaldeescobar.com.ar\/index.php?rest_route=\/wp\/v2\/users\/1"}],"replies":[{"embeddable":true,"href":"https:\/\/nuevodigitaldeescobar.com.ar\/index.php?rest_route=%2Fwp%2Fv2%2Fcomments&post=3276"}],"version-history":[{"count":1,"href":"https:\/\/nuevodigitaldeescobar.com.ar\/index.php?rest_route=\/wp\/v2\/posts\/3276\/revisions"}],"predecessor-version":[{"id":3278,"href":"https:\/\/nuevodigitaldeescobar.com.ar\/index.php?rest_route=\/wp\/v2\/posts\/3276\/revisions\/3278"}],"wp:featuredmedia":[{"embeddable":true,"href":"https:\/\/nuevodigitaldeescobar.com.ar\/index.php?rest_route=\/wp\/v2\/media\/3277"}],"wp:attachment":[{"href":"https:\/\/nuevodigitaldeescobar.com.ar\/index.php?rest_route=%2Fwp%2Fv2%2Fmedia&parent=3276"}],"wp:term":[{"taxonomy":"category","embeddable":true,"href":"https:\/\/nuevodigitaldeescobar.com.ar\/index.php?rest_route=%2Fwp%2Fv2%2Fcategories&post=3276"},{"taxonomy":"post_tag","embeddable":true,"href":"https:\/\/nuevodigitaldeescobar.com.ar\/index.php?rest_route=%2Fwp%2Fv2%2Ftags&post=3276"}],"curies":[{"name":"wp","href":"https:\/\/api.w.org\/{rel}","templated":true}]}}