{"id":3310,"date":"2024-02-07T15:08:46","date_gmt":"2024-02-07T18:08:46","guid":{"rendered":"https:\/\/nuevodigitaldeescobar.com.ar\/?p=3310"},"modified":"2024-02-07T15:08:58","modified_gmt":"2024-02-07T18:08:58","slug":"fallecio-el-tula-el-hincha-mas-famoso-de-la-seleccion-argentina","status":"publish","type":"post","link":"https:\/\/nuevodigitaldeescobar.com.ar\/?p=3310","title":{"rendered":"Falleci\u00f3 \u201cEl Tula\u201d, el hincha m\u00e1s famoso de la Selecci\u00f3n Argentina"},"content":{"rendered":"<p><span style=\"color: #003366;\"><strong><em>Carlos Pascual falleci\u00f3 a los 83 a\u00f1os luego de permanecer internado una semana. Recibi\u00f3 el premio The Best a la mejor hinchada tras el Mundial de Qatar 2022.<\/em><\/strong><\/span><\/p>\n<p><!--more--><\/p>\n<hr \/>\n<p>Carlos Pascual, conocido como <em>\u201cEl Tula\u201d<\/em> y emblem\u00e1tico hincha de la Selecci\u00f3n argentina, falleci\u00f3 hoy a los 83 a\u00f1os, luego de permanecer internado en un centro de salud en coma inducido.<\/p>\n<p><em>\u201cEl Tula\u201d<\/em>, se hizo famoso por el acompa\u00f1amiento que le brind\u00f3 a la Selecci\u00f3n nacional en las distintas competencias nacionales e internacionales que jug\u00f3. Adem\u00e1s, su pico m\u00e1ximo lo logr\u00f3 el a\u00f1o pasado, cuando recibi\u00f3 el premio The Best de la FIFA a <em>\u201cmejor hinchada\u201d<\/em> en representaci\u00f3n de todos los argentinos tras el Mundial de Qatar 2022.<\/p>\n<p>Se encontraba internado en estado delicado, en coma inducido, seg\u00fan inform\u00f3 su familia mediante las redes sociales hace algunos d\u00edas, en donde pidieron una cadena de oraci\u00f3n por su salud.<\/p>\n<p><em>\u201cEl hombre del bombo\u201d<\/em>, como fue conocido mundialmente, hab\u00eda sido intervenido quir\u00fargicamente el mi\u00e9rcoles 31 de enero en el sanatorio Mitre de la ciudad de Buenos Aires, por complicaciones derivadas de una dura enfermedad contra la que luchaba hace varios a\u00f1os.<\/p>\n<p>Naci\u00f3 en Rosario, pero recorri\u00f3 Argentina y el mundo acompa\u00f1ando a la Selecci\u00f3n nacional de forma ininterrumpida desde el Mundial de Alemania 1974 hasta el \u00faltimo en Qatar 2022, y tambi\u00e9n se hizo presente en las Copas Am\u00e9ricas.<\/p>\n<p>Su peregrinaci\u00f3n junto a la Albiceleste termin\u00f3 con la coronaci\u00f3n en los premios The Best, a fines de febrero de 2023, en la que recibi\u00f3 el premio <em>\u201ca la mejor hinchada\u201d<\/em> en representaci\u00f3n de todos los argentinos en tierras qatar\u00edes.<\/p>\n<p>En aquella jornada hist\u00f3rica para el deporte nacional, ya que Lionel Messi, Emiliano <em>\u201cDibu\u201d<\/em> Mart\u00ednez y Lionel Scaloni junto a Tula, arrasaron con todos los premios en los que compitieron, el protagonista de esta historia subi\u00f3 al escenario con toda la liturgia a cuestas: camiseta de la Selecci\u00f3n, cadenas, cruz, gorra piluso y bombo con im\u00e1genes del papa Francisco y Eva Per\u00f3n.<\/p>\n<p><em>\u00abComo argentino estoy muy contento porque nos llevamos todos los premios. El Dibu, Scaloni, Messi. Ahora yo como hincha estoy muy contento porque soy el primer bombo: Alemania 1974. Desde ese d\u00eda hist\u00f3rico para ac\u00e1 estuve en todos los Mundiales y Copas Am\u00e9ricas\u00bb<\/em>, dijo aquel d\u00eda, tras recibir el premio The Best de la FIFA.<\/p>\n<p><em>\u00abA esta altura, a los 82 a\u00f1os, estuve en todos lados. Soy pobre, pero viaj\u00e9 por todo el mundo. Soy un hincha m\u00e1s que vengo a representar a los miles de argentinos que estuvimos alentando a nuestra querida Selecci\u00f3n y a los millones que festejaron el triunfo. Argentina estaba triste y nos dieron una alegr\u00eda inmensa\u00bb<\/em>, remarc\u00f3.<\/p>\n<p>Pascual, tambi\u00e9n se destac\u00f3 por su amor y fanatismo por Rosario Central, una pasi\u00f3n de herencia paterna. Desde chico vivi\u00f3 en el barrio donde se emplaza el club con el estadio Gigante de Arroyito. Su hijo, hace un tiempo, cont\u00f3 que su padre comenz\u00f3 a tocar el bombo en las tribunas por mera casualidad.<\/p>\n<p><em>\u201cViv\u00eda a tres cuadras de la cancha. Y un d\u00eda simplemente not\u00f3 que en la hinchada hab\u00eda una persona que hab\u00eda dejado de tocar el bombo. Entonces se ofreci\u00f3 voluntariamente porque le llamaba mucho la atenci\u00f3n y se lo entregaron. Y es por eso que hoy es \u2018el Tula y su bombo\u2019\u201d<\/em>, explic\u00f3 en una entrevista.<\/p>\n<p><em>(NA)<\/em><\/p>\n","protected":false},"excerpt":{"rendered":"<p>Carlos Pascual falleci\u00f3 a los 83 a\u00f1os luego de permanecer internado una semana. Recibi\u00f3 el premio The Best a la mejor hinchada tras el Mundial [&hellip;]<\/p>\n","protected":false},"author":1,"featured_media":3311,"comment_status":"open","ping_status":"closed","sticky":false,"template":"","format":"standard","meta":{"footnotes":""},"categories":[8,15],"tags":[],"class_list":["post-3310","post","type-post","status-publish","format-standard","has-post-thumbnail","hentry","category-deportes","category-sociedad"],"better_featured_image":{"id":3311,"alt_text":"","caption":"","description":"","media_type":"image","media_details":{"width":720,"height":480,"file":"2024\/02\/el-tula-e1707329300936.jpg","filesize":186073,"sizes":{"medium":{"file":"el-tula-300x200.jpg","width":300,"height":200,"mime-type":"image\/jpeg","filesize":15615,"source_url":"https:\/\/nuevodigitaldeescobar.com.ar\/wp-content\/uploads\/2024\/02\/el-tula-300x200.jpg"},"large":{"file":"el-tula-1024x683.jpg","width":1024,"height":683,"mime-type":"image\/jpeg","filesize":116750,"source_url":"https:\/\/nuevodigitaldeescobar.com.ar\/wp-content\/uploads\/2024\/02\/el-tula-1024x683.jpg"},"thumbnail":{"file":"el-tula-150x150.jpg","width":150,"height":150,"mime-type":"image\/jpeg","filesize":7745,"source_url":"https:\/\/nuevodigitaldeescobar.com.ar\/wp-content\/uploads\/2024\/02\/el-tula-150x150.jpg"},"medium_large":{"file":"el-tula-768x512.jpg","width":768,"height":512,"mime-type":"image\/jpeg","filesize":74094,"source_url":"https:\/\/nuevodigitaldeescobar.com.ar\/wp-content\/uploads\/2024\/02\/el-tula-768x512.jpg"}},"image_meta":{"aperture":"0","credit":"","camera":"","caption":"","created_timestamp":"0","copyright":"","focal_length":"0","iso":"0","shutter_speed":"0","title":"","orientation":"0","keywords":[]}},"post":3310,"source_url":"https:\/\/nuevodigitaldeescobar.com.ar\/wp-content\/uploads\/2024\/02\/el-tula-e1707329300936.jpg"},"yoast_head":"<!-- This site is optimized with the Yoast SEO plugin v26.1.1 - https:\/\/yoast.com\/wordpress\/plugins\/seo\/ -->\n<title>Falleci\u00f3 \u201cEl Tula\u201d, el hincha m\u00e1s famoso de la Selecci\u00f3n Argentina - Nuevo Digital de Escobar<\/title>\n<meta name=\"robots\" content=\"index, follow, max-snippet:-1, max-image-preview:large, max-video-preview:-1\" \/>\n<link rel=\"canonical\" href=\"https:\/\/nuevodigitaldeescobar.com.ar\/?p=3310\" \/>\n<meta property=\"og:locale\" content=\"es_ES\" \/>\n<meta property=\"og:type\" content=\"article\" \/>\n<meta property=\"og:title\" content=\"Falleci\u00f3 \u201cEl Tula\u201d, el hincha m\u00e1s famoso de la Selecci\u00f3n Argentina - Nuevo Digital de Escobar\" \/>\n<meta property=\"og:description\" content=\"Carlos Pascual falleci\u00f3 a los 83 a\u00f1os luego de permanecer internado una semana. Recibi\u00f3 el premio The Best a la mejor hinchada tras el Mundial [&hellip;]\" \/>\n<meta property=\"og:url\" content=\"https:\/\/nuevodigitaldeescobar.com.ar\/?p=3310\" \/>\n<meta property=\"og:site_name\" content=\"Nuevo Digital de Escobar\" \/>\n<meta property=\"article:publisher\" content=\"https:\/\/www.facebook.com\/NUEVODigitalDeEscobar\" \/>\n<meta property=\"article:published_time\" content=\"2024-02-07T18:08:46+00:00\" \/>\n<meta property=\"article:modified_time\" content=\"2024-02-07T18:08:58+00:00\" \/>\n<meta property=\"og:image\" content=\"https:\/\/nuevodigitaldeescobar.com.ar\/wp-content\/uploads\/2024\/02\/el-tula-e1707329300936.jpg\" \/>\n\t<meta property=\"og:image:width\" content=\"720\" \/>\n\t<meta property=\"og:image:height\" content=\"480\" \/>\n\t<meta property=\"og:image:type\" content=\"image\/jpeg\" \/>\n<meta name=\"author\" content=\"Redacci\u00f3n\" \/>\n<meta name=\"twitter:card\" content=\"summary_large_image\" \/>\n<meta name=\"twitter:creator\" content=\"@nuevodigescobar\" \/>\n<meta name=\"twitter:site\" content=\"@nuevodigescobar\" \/>\n<meta name=\"twitter:label1\" content=\"Escrito por\" \/>\n\t<meta name=\"twitter:data1\" content=\"Redacci\u00f3n\" \/>\n\t<meta name=\"twitter:label2\" content=\"Tiempo de lectura\" \/>\n\t<meta name=\"twitter:data2\" content=\"3 minutos\" \/>\n<script type=\"application\/ld+json\" class=\"yoast-schema-graph\">{\"@context\":\"https:\/\/schema.org\",\"@graph\":[{\"@type\":\"Article\",\"@id\":\"https:\/\/nuevodigitaldeescobar.com.ar\/?p=3310#article\",\"isPartOf\":{\"@id\":\"https:\/\/nuevodigitaldeescobar.com.ar\/?p=3310\"},\"author\":{\"name\":\"Redacci\u00f3n\",\"@id\":\"https:\/\/nuevodigitaldeescobar.com.ar\/#\/schema\/person\/035e90a8efe9a80e6eec22656ad6ea4c\"},\"headline\":\"Falleci\u00f3 \u201cEl Tula\u201d, el hincha m\u00e1s famoso de la Selecci\u00f3n Argentina\",\"datePublished\":\"2024-02-07T18:08:46+00:00\",\"dateModified\":\"2024-02-07T18:08:58+00:00\",\"mainEntityOfPage\":{\"@id\":\"https:\/\/nuevodigitaldeescobar.com.ar\/?p=3310\"},\"wordCount\":598,\"commentCount\":0,\"publisher\":{\"@id\":\"https:\/\/nuevodigitaldeescobar.com.ar\/#organization\"},\"image\":{\"@id\":\"https:\/\/nuevodigitaldeescobar.com.ar\/?p=3310#primaryimage\"},\"thumbnailUrl\":\"https:\/\/nuevodigitaldeescobar.com.ar\/wp-content\/uploads\/2024\/02\/el-tula-e1707329300936.jpg\",\"articleSection\":[\"Deportes\",\"Sociedad\"],\"inLanguage\":\"es\",\"potentialAction\":[{\"@type\":\"CommentAction\",\"name\":\"Comment\",\"target\":[\"https:\/\/nuevodigitaldeescobar.com.ar\/?p=3310#respond\"]}]},{\"@type\":\"WebPage\",\"@id\":\"https:\/\/nuevodigitaldeescobar.com.ar\/?p=3310\",\"url\":\"https:\/\/nuevodigitaldeescobar.com.ar\/?p=3310\",\"name\":\"Falleci\u00f3 \u201cEl Tula\u201d, el hincha m\u00e1s famoso de la Selecci\u00f3n Argentina - Nuevo Digital de Escobar\",\"isPartOf\":{\"@id\":\"https:\/\/nuevodigitaldeescobar.com.ar\/#website\"},\"primaryImageOfPage\":{\"@id\":\"https:\/\/nuevodigitaldeescobar.com.ar\/?p=3310#primaryimage\"},\"image\":{\"@id\":\"https:\/\/nuevodigitaldeescobar.com.ar\/?p=3310#primaryimage\"},\"thumbnailUrl\":\"https:\/\/nuevodigitaldeescobar.com.ar\/wp-content\/uploads\/2024\/02\/el-tula-e1707329300936.jpg\",\"datePublished\":\"2024-02-07T18:08:46+00:00\",\"dateModified\":\"2024-02-07T18:08:58+00:00\",\"breadcrumb\":{\"@id\":\"https:\/\/nuevodigitaldeescobar.com.ar\/?p=3310#breadcrumb\"},\"inLanguage\":\"es\",\"potentialAction\":[{\"@type\":\"ReadAction\",\"target\":[\"https:\/\/nuevodigitaldeescobar.com.ar\/?p=3310\"]}]},{\"@type\":\"ImageObject\",\"inLanguage\":\"es\",\"@id\":\"https:\/\/nuevodigitaldeescobar.com.ar\/?p=3310#primaryimage\",\"url\":\"https:\/\/nuevodigitaldeescobar.com.ar\/wp-content\/uploads\/2024\/02\/el-tula-e1707329300936.jpg\",\"contentUrl\":\"https:\/\/nuevodigitaldeescobar.com.ar\/wp-content\/uploads\/2024\/02\/el-tula-e1707329300936.jpg\",\"width\":720,\"height\":480},{\"@type\":\"BreadcrumbList\",\"@id\":\"https:\/\/nuevodigitaldeescobar.com.ar\/?p=3310#breadcrumb\",\"itemListElement\":[{\"@type\":\"ListItem\",\"position\":1,\"name\":\"Portada\",\"item\":\"https:\/\/nuevodigitaldeescobar.com.ar\/\"},{\"@type\":\"ListItem\",\"position\":2,\"name\":\"Falleci\u00f3 \u201cEl Tula\u201d, el hincha m\u00e1s famoso de la Selecci\u00f3n Argentina\"}]},{\"@type\":\"WebSite\",\"@id\":\"https:\/\/nuevodigitaldeescobar.com.ar\/#website\",\"url\":\"https:\/\/nuevodigitaldeescobar.com.ar\/\",\"name\":\"Nuevo Digital de Escobar\",\"description\":\"La vida escobarense. Directora: Rosana Brunner\",\"publisher\":{\"@id\":\"https:\/\/nuevodigitaldeescobar.com.ar\/#organization\"},\"potentialAction\":[{\"@type\":\"SearchAction\",\"target\":{\"@type\":\"EntryPoint\",\"urlTemplate\":\"https:\/\/nuevodigitaldeescobar.com.ar\/?s={search_term_string}\"},\"query-input\":{\"@type\":\"PropertyValueSpecification\",\"valueRequired\":true,\"valueName\":\"search_term_string\"}}],\"inLanguage\":\"es\"},{\"@type\":\"Organization\",\"@id\":\"https:\/\/nuevodigitaldeescobar.com.ar\/#organization\",\"name\":\"Nuevo Digital de Escobar\",\"url\":\"https:\/\/nuevodigitaldeescobar.com.ar\/\",\"logo\":{\"@type\":\"ImageObject\",\"inLanguage\":\"es\",\"@id\":\"https:\/\/nuevodigitaldeescobar.com.ar\/#\/schema\/logo\/image\/\",\"url\":\"https:\/\/nuevodigitaldeescobar.com.ar\/wp-content\/uploads\/2025\/05\/cropped-logo-nuevo2.jpg\",\"contentUrl\":\"https:\/\/nuevodigitaldeescobar.com.ar\/wp-content\/uploads\/2025\/05\/cropped-logo-nuevo2.jpg\",\"width\":305,\"height\":305,\"caption\":\"Nuevo Digital de Escobar\"},\"image\":{\"@id\":\"https:\/\/nuevodigitaldeescobar.com.ar\/#\/schema\/logo\/image\/\"},\"sameAs\":[\"https:\/\/www.facebook.com\/NUEVODigitalDeEscobar\",\"https:\/\/x.com\/nuevodigescobar\",\"https:\/\/www.instagram.com\/nuevodigitaldeescobar\"]},{\"@type\":\"Person\",\"@id\":\"https:\/\/nuevodigitaldeescobar.com.ar\/#\/schema\/person\/035e90a8efe9a80e6eec22656ad6ea4c\",\"name\":\"Redacci\u00f3n\",\"image\":{\"@type\":\"ImageObject\",\"inLanguage\":\"es\",\"@id\":\"https:\/\/nuevodigitaldeescobar.com.ar\/#\/schema\/person\/image\/\",\"url\":\"https:\/\/secure.gravatar.com\/avatar\/8af8f40000c24e9eef3034f2be5998a372bb1389e64b1a4a36b3a7979142220d?s=96&d=mm&r=g\",\"contentUrl\":\"https:\/\/secure.gravatar.com\/avatar\/8af8f40000c24e9eef3034f2be5998a372bb1389e64b1a4a36b3a7979142220d?s=96&d=mm&r=g\",\"caption\":\"Redacci\u00f3n\"},\"sameAs\":[\"http:\/\/nuevodigitaldeescobar.com.ar\"],\"url\":\"https:\/\/nuevodigitaldeescobar.com.ar\/?author=1\"}]}<\/script>\n<!-- \/ Yoast SEO plugin. -->","yoast_head_json":{"title":"Falleci\u00f3 \u201cEl Tula\u201d, el hincha m\u00e1s famoso de la Selecci\u00f3n Argentina - Nuevo Digital de Escobar","robots":{"index":"index","follow":"follow","max-snippet":"max-snippet:-1","max-image-preview":"max-image-preview:large","max-video-preview":"max-video-preview:-1"},"canonical":"https:\/\/nuevodigitaldeescobar.com.ar\/?p=3310","og_locale":"es_ES","og_type":"article","og_title":"Falleci\u00f3 \u201cEl Tula\u201d, el hincha m\u00e1s famoso de la Selecci\u00f3n Argentina - Nuevo Digital de Escobar","og_description":"Carlos Pascual falleci\u00f3 a los 83 a\u00f1os luego de permanecer internado una semana. Recibi\u00f3 el premio The Best a la mejor hinchada tras el Mundial [&hellip;]","og_url":"https:\/\/nuevodigitaldeescobar.com.ar\/?p=3310","og_site_name":"Nuevo Digital de Escobar","article_publisher":"https:\/\/www.facebook.com\/NUEVODigitalDeEscobar","article_published_time":"2024-02-07T18:08:46+00:00","article_modified_time":"2024-02-07T18:08:58+00:00","og_image":[{"width":720,"height":480,"url":"https:\/\/nuevodigitaldeescobar.com.ar\/wp-content\/uploads\/2024\/02\/el-tula-e1707329300936.jpg","type":"image\/jpeg"}],"author":"Redacci\u00f3n","twitter_card":"summary_large_image","twitter_creator":"@nuevodigescobar","twitter_site":"@nuevodigescobar","twitter_misc":{"Escrito por":"Redacci\u00f3n","Tiempo de lectura":"3 minutos"},"schema":{"@context":"https:\/\/schema.org","@graph":[{"@type":"Article","@id":"https:\/\/nuevodigitaldeescobar.com.ar\/?p=3310#article","isPartOf":{"@id":"https:\/\/nuevodigitaldeescobar.com.ar\/?p=3310"},"author":{"name":"Redacci\u00f3n","@id":"https:\/\/nuevodigitaldeescobar.com.ar\/#\/schema\/person\/035e90a8efe9a80e6eec22656ad6ea4c"},"headline":"Falleci\u00f3 \u201cEl Tula\u201d, el hincha m\u00e1s famoso de la Selecci\u00f3n Argentina","datePublished":"2024-02-07T18:08:46+00:00","dateModified":"2024-02-07T18:08:58+00:00","mainEntityOfPage":{"@id":"https:\/\/nuevodigitaldeescobar.com.ar\/?p=3310"},"wordCount":598,"commentCount":0,"publisher":{"@id":"https:\/\/nuevodigitaldeescobar.com.ar\/#organization"},"image":{"@id":"https:\/\/nuevodigitaldeescobar.com.ar\/?p=3310#primaryimage"},"thumbnailUrl":"https:\/\/nuevodigitaldeescobar.com.ar\/wp-content\/uploads\/2024\/02\/el-tula-e1707329300936.jpg","articleSection":["Deportes","Sociedad"],"inLanguage":"es","potentialAction":[{"@type":"CommentAction","name":"Comment","target":["https:\/\/nuevodigitaldeescobar.com.ar\/?p=3310#respond"]}]},{"@type":"WebPage","@id":"https:\/\/nuevodigitaldeescobar.com.ar\/?p=3310","url":"https:\/\/nuevodigitaldeescobar.com.ar\/?p=3310","name":"Falleci\u00f3 \u201cEl Tula\u201d, el hincha m\u00e1s famoso de la Selecci\u00f3n Argentina - Nuevo Digital de Escobar","isPartOf":{"@id":"https:\/\/nuevodigitaldeescobar.com.ar\/#website"},"primaryImageOfPage":{"@id":"https:\/\/nuevodigitaldeescobar.com.ar\/?p=3310#primaryimage"},"image":{"@id":"https:\/\/nuevodigitaldeescobar.com.ar\/?p=3310#primaryimage"},"thumbnailUrl":"https:\/\/nuevodigitaldeescobar.com.ar\/wp-content\/uploads\/2024\/02\/el-tula-e1707329300936.jpg","datePublished":"2024-02-07T18:08:46+00:00","dateModified":"2024-02-07T18:08:58+00:00","breadcrumb":{"@id":"https:\/\/nuevodigitaldeescobar.com.ar\/?p=3310#breadcrumb"},"inLanguage":"es","potentialAction":[{"@type":"ReadAction","target":["https:\/\/nuevodigitaldeescobar.com.ar\/?p=3310"]}]},{"@type":"ImageObject","inLanguage":"es","@id":"https:\/\/nuevodigitaldeescobar.com.ar\/?p=3310#primaryimage","url":"https:\/\/nuevodigitaldeescobar.com.ar\/wp-content\/uploads\/2024\/02\/el-tula-e1707329300936.jpg","contentUrl":"https:\/\/nuevodigitaldeescobar.com.ar\/wp-content\/uploads\/2024\/02\/el-tula-e1707329300936.jpg","width":720,"height":480},{"@type":"BreadcrumbList","@id":"https:\/\/nuevodigitaldeescobar.com.ar\/?p=3310#breadcrumb","itemListElement":[{"@type":"ListItem","position":1,"name":"Portada","item":"https:\/\/nuevodigitaldeescobar.com.ar\/"},{"@type":"ListItem","position":2,"name":"Falleci\u00f3 \u201cEl Tula\u201d, el hincha m\u00e1s famoso de la Selecci\u00f3n Argentina"}]},{"@type":"WebSite","@id":"https:\/\/nuevodigitaldeescobar.com.ar\/#website","url":"https:\/\/nuevodigitaldeescobar.com.ar\/","name":"Nuevo Digital de Escobar","description":"La vida escobarense. Directora: Rosana Brunner","publisher":{"@id":"https:\/\/nuevodigitaldeescobar.com.ar\/#organization"},"potentialAction":[{"@type":"SearchAction","target":{"@type":"EntryPoint","urlTemplate":"https:\/\/nuevodigitaldeescobar.com.ar\/?s={search_term_string}"},"query-input":{"@type":"PropertyValueSpecification","valueRequired":true,"valueName":"search_term_string"}}],"inLanguage":"es"},{"@type":"Organization","@id":"https:\/\/nuevodigitaldeescobar.com.ar\/#organization","name":"Nuevo Digital de Escobar","url":"https:\/\/nuevodigitaldeescobar.com.ar\/","logo":{"@type":"ImageObject","inLanguage":"es","@id":"https:\/\/nuevodigitaldeescobar.com.ar\/#\/schema\/logo\/image\/","url":"https:\/\/nuevodigitaldeescobar.com.ar\/wp-content\/uploads\/2025\/05\/cropped-logo-nuevo2.jpg","contentUrl":"https:\/\/nuevodigitaldeescobar.com.ar\/wp-content\/uploads\/2025\/05\/cropped-logo-nuevo2.jpg","width":305,"height":305,"caption":"Nuevo Digital de Escobar"},"image":{"@id":"https:\/\/nuevodigitaldeescobar.com.ar\/#\/schema\/logo\/image\/"},"sameAs":["https:\/\/www.facebook.com\/NUEVODigitalDeEscobar","https:\/\/x.com\/nuevodigescobar","https:\/\/www.instagram.com\/nuevodigitaldeescobar"]},{"@type":"Person","@id":"https:\/\/nuevodigitaldeescobar.com.ar\/#\/schema\/person\/035e90a8efe9a80e6eec22656ad6ea4c","name":"Redacci\u00f3n","image":{"@type":"ImageObject","inLanguage":"es","@id":"https:\/\/nuevodigitaldeescobar.com.ar\/#\/schema\/person\/image\/","url":"https:\/\/secure.gravatar.com\/avatar\/8af8f40000c24e9eef3034f2be5998a372bb1389e64b1a4a36b3a7979142220d?s=96&d=mm&r=g","contentUrl":"https:\/\/secure.gravatar.com\/avatar\/8af8f40000c24e9eef3034f2be5998a372bb1389e64b1a4a36b3a7979142220d?s=96&d=mm&r=g","caption":"Redacci\u00f3n"},"sameAs":["http:\/\/nuevodigitaldeescobar.com.ar"],"url":"https:\/\/nuevodigitaldeescobar.com.ar\/?author=1"}]}},"featured_image_urls":{"full":["https:\/\/nuevodigitaldeescobar.com.ar\/wp-content\/uploads\/2024\/02\/el-tula-e1707329300936.jpg",720,480,false],"thumbnail":["https:\/\/nuevodigitaldeescobar.com.ar\/wp-content\/uploads\/2024\/02\/el-tula-150x150.jpg",150,150,true],"medium":["https:\/\/nuevodigitaldeescobar.com.ar\/wp-content\/uploads\/2024\/02\/el-tula-300x200.jpg",300,200,true],"medium_large":["https:\/\/nuevodigitaldeescobar.com.ar\/wp-content\/uploads\/2024\/02\/el-tula-768x512.jpg",640,427,true],"large":["https:\/\/nuevodigitaldeescobar.com.ar\/wp-content\/uploads\/2024\/02\/el-tula-1024x683.jpg",640,427,true],"1536x1536":["https:\/\/nuevodigitaldeescobar.com.ar\/wp-content\/uploads\/2024\/02\/el-tula-e1707329300936.jpg",720,480,false],"2048x2048":["https:\/\/nuevodigitaldeescobar.com.ar\/wp-content\/uploads\/2024\/02\/el-tula-e1707329300936.jpg",720,480,false]},"author_info":{"display_name":"Redacci\u00f3n","author_link":"https:\/\/nuevodigitaldeescobar.com.ar\/?author=1"},"category_info":"<a href=\"https:\/\/nuevodigitaldeescobar.com.ar\/?cat=8\" rel=\"category\">Deportes<\/a> <a href=\"https:\/\/nuevodigitaldeescobar.com.ar\/?cat=15\" rel=\"category\">Sociedad<\/a>","tag_info":"Sociedad","comment_count":"0","_links":{"self":[{"href":"https:\/\/nuevodigitaldeescobar.com.ar\/index.php?rest_route=\/wp\/v2\/posts\/3310","targetHints":{"allow":["GET"]}}],"collection":[{"href":"https:\/\/nuevodigitaldeescobar.com.ar\/index.php?rest_route=\/wp\/v2\/posts"}],"about":[{"href":"https:\/\/nuevodigitaldeescobar.com.ar\/index.php?rest_route=\/wp\/v2\/types\/post"}],"author":[{"embeddable":true,"href":"https:\/\/nuevodigitaldeescobar.com.ar\/index.php?rest_route=\/wp\/v2\/users\/1"}],"replies":[{"embeddable":true,"href":"https:\/\/nuevodigitaldeescobar.com.ar\/index.php?rest_route=%2Fwp%2Fv2%2Fcomments&post=3310"}],"version-history":[{"count":1,"href":"https:\/\/nuevodigitaldeescobar.com.ar\/index.php?rest_route=\/wp\/v2\/posts\/3310\/revisions"}],"predecessor-version":[{"id":3312,"href":"https:\/\/nuevodigitaldeescobar.com.ar\/index.php?rest_route=\/wp\/v2\/posts\/3310\/revisions\/3312"}],"wp:featuredmedia":[{"embeddable":true,"href":"https:\/\/nuevodigitaldeescobar.com.ar\/index.php?rest_route=\/wp\/v2\/media\/3311"}],"wp:attachment":[{"href":"https:\/\/nuevodigitaldeescobar.com.ar\/index.php?rest_route=%2Fwp%2Fv2%2Fmedia&parent=3310"}],"wp:term":[{"taxonomy":"category","embeddable":true,"href":"https:\/\/nuevodigitaldeescobar.com.ar\/index.php?rest_route=%2Fwp%2Fv2%2Fcategories&post=3310"},{"taxonomy":"post_tag","embeddable":true,"href":"https:\/\/nuevodigitaldeescobar.com.ar\/index.php?rest_route=%2Fwp%2Fv2%2Ftags&post=3310"}],"curies":[{"name":"wp","href":"https:\/\/api.w.org\/{rel}","templated":true}]}}