{"id":3316,"date":"2024-02-07T15:44:18","date_gmt":"2024-02-07T18:44:18","guid":{"rendered":"https:\/\/nuevodigitaldeescobar.com.ar\/?p=3316"},"modified":"2024-02-07T15:44:30","modified_gmt":"2024-02-07T18:44:30","slug":"caputo-adelanto-que-las-cuentas-publicas-cerraron-enero-en-equilibrio-financiero","status":"publish","type":"post","link":"https:\/\/nuevodigitaldeescobar.com.ar\/?p=3316","title":{"rendered":"Caputo adelant\u00f3 que las cuentas p\u00fablicas cerraron enero en equilibrio financiero"},"content":{"rendered":"<p><span style=\"color: #003366;\"><strong><em>El ministro de Econom\u00eda dijo que el retroceso de la Ley Bases \u201cno afecta en lo m\u00e1s m\u00ednimo\u201d el programa econ\u00f3mico.<\/em><\/strong><\/span><\/p>\n<p><!--more--><\/p>\n<hr \/>\n<p>El ministro de Econom\u00eda, Luis <em>\u00abToto\u00bb<\/em> Caputo, adelant\u00f3 esta ma\u00f1ana que el Sector P\u00fablico cerr\u00f3 enero <em>\u00aben equilibrio financiero\u00bb<\/em>, a pesar de que el primer mes del a\u00f1o suele ser <em>\u00abm\u00e1s sensible por los intereses de la deuda\u00bb<\/em>.<\/p>\n<p><em>\u00abEn enero ya estamos en equilibrio financiero\u00bb<\/em>, sostuvo el ministro en declaraciones televisivas, anticipando el informe que al respecto la Secretar\u00eda de Hacienda tiene previsto difundir el pr\u00f3ximo 22 de febrero. <em>\u201cTenemos la expectativa de un mejor segundo semestre\u201d<\/em>, anticip\u00f3 Caputo.<\/p>\n<p>Asimismo, asegur\u00f3 que la vuelta a comisiones de la Ley Bases <em>\u201cno afecta en lo m\u00e1s m\u00ednimo\u201d<\/em> el programa econ\u00f3mico ya que, en la primera versi\u00f3n de la norma que la Casa Rosada gir\u00f3 al Congreso, incluyeron solo 20 a 25% de las medidas que ten\u00edan pensado aplicar desde el Ministerio de Econom\u00eda, mientras que 75% de lo ideado estaba por fuera de la ley -que en ese momento ten\u00eda el cap\u00edtulo fiscal-.<\/p>\n<p><em>\u201cNosotros sab\u00edamos que siempre iba a existir la posibilidad de que no pasara\u201d<\/em>, asegur\u00f3 el funcionario, a la vez que afirm\u00f3: <em>\u201cComo ministro no se me va la vida en esa ley porque es muy poco lo que hemos puesto ah\u00ed\u201d<\/em>.<\/p>\n<p>Sin embargo, insisti\u00f3 que, sin la ley, <em>\u00abvamos a profundizar el ajuste en las partidas ya conocidas. Pero estamos abiertos al di\u00e1logo\u00bb<\/em>.<\/p>\n<p>Para Caputo, el proyecto que naufrag\u00f3 en la C\u00e1mara de Diputados busca <em>\u00absacar el pie del Estado de la cabeza de la gente, busca tambi\u00e9n que se pueda desarrollar el sector privado\u00bb<\/em>.<\/p>\n<p>Por otra parte, el funcionario sostuvo en declaraciones a La Naci\u00f3n+ que <em>\u00abDesde el Gobierno siempre dijimos que este primer semestre iba a ser muy duro. Por eso este sinceramiento de los precios se refleja inmediatamente en inflaci\u00f3n. Pero no hay otra forma de resolver el problema\u00bb<\/em>.<\/p>\n<p><em>\u00abLa gente entiende eso y me lo dice en la calle. Entiende que este sacrificio tiene un prop\u00f3sito, que nos va a llevar a buen puerto. La situaci\u00f3n va a empezar a estar mejor cuando se empiece a controlar la inflaci\u00f3n y volvamos a crecer\u00bb<\/em>, resalt\u00f3 el ministro.<\/p>\n<p>Respecto a la inflaci\u00f3n, estim\u00f3 que <em>\u00abya est\u00e1 bajando. En enero va a ser del 20%, va a ser m\u00e1s baja en febrero y, probablemente, m\u00e1s baja a\u00fan en marzo\u00bb<\/em>. <em>\u00abEsto quiere decir que el ancla fiscal est\u00e1 funcionando. Creo que vamos a tener un segundo semestre mucho m\u00e1s calmo\u00bb<\/em>, a\u00f1adi\u00f3.<\/p>\n<p>En tanto, al referirse a las jubilaciones, Caputo dijo que <em>\u00abestamos cerca con la oposici\u00f3n de llegar a una f\u00f3rmula (de aumento de haberes) mucho m\u00e1s razonable, que permita proteger a los jubilados de la inflaci\u00f3n\u00bb<\/em>.<\/p>\n<p><em>(Filo.news)<\/em><\/p>\n","protected":false},"excerpt":{"rendered":"<p>El ministro de Econom\u00eda dijo que el retroceso de la Ley Bases \u201cno afecta en lo m\u00e1s m\u00ednimo\u201d el programa econ\u00f3mico.<\/p>\n","protected":false},"author":1,"featured_media":2448,"comment_status":"open","ping_status":"closed","sticky":false,"template":"","format":"standard","meta":{"footnotes":""},"categories":[10],"tags":[],"class_list":["post-3316","post","type-post","status-publish","format-standard","has-post-thumbnail","hentry","category-economia"],"better_featured_image":{"id":2448,"alt_text":"","caption":"","description":"","media_type":"image","media_details":{"width":720,"height":405,"file":"2024\/01\/luis-caputo-1-e1704847838102.jpg","filesize":51296,"sizes":{"medium":{"file":"luis-caputo-1-300x169.jpg","width":300,"height":169,"mime-type":"image\/jpeg","filesize":6530,"source_url":"https:\/\/nuevodigitaldeescobar.com.ar\/wp-content\/uploads\/2024\/01\/luis-caputo-1-300x169.jpg"},"thumbnail":{"file":"luis-caputo-1-150x150.jpg","width":150,"height":150,"mime-type":"image\/jpeg","filesize":4146,"source_url":"https:\/\/nuevodigitaldeescobar.com.ar\/wp-content\/uploads\/2024\/01\/luis-caputo-1-150x150.jpg"},"medium_large":{"file":"luis-caputo-1-768x432.jpg","width":768,"height":432,"mime-type":"image\/jpeg","filesize":23737,"source_url":"https:\/\/nuevodigitaldeescobar.com.ar\/wp-content\/uploads\/2024\/01\/luis-caputo-1-768x432.jpg"},"covernews-slider-center":{"file":"luis-caputo-1-800x500.jpg","width":800,"height":500,"mime-type":"image\/jpeg","filesize":28403,"source_url":"https:\/\/nuevodigitaldeescobar.com.ar\/wp-content\/uploads\/2024\/01\/luis-caputo-1-800x500.jpg"},"covernews-medium":{"file":"luis-caputo-1-540x340.jpg","width":540,"height":340,"mime-type":"image\/jpeg","filesize":16573,"source_url":"https:\/\/nuevodigitaldeescobar.com.ar\/wp-content\/uploads\/2024\/01\/luis-caputo-1-540x340.jpg"},"covernews-medium-square":{"file":"luis-caputo-1-400x250.jpg","width":400,"height":250,"mime-type":"image\/jpeg","filesize":10808,"source_url":"https:\/\/nuevodigitaldeescobar.com.ar\/wp-content\/uploads\/2024\/01\/luis-caputo-1-400x250.jpg"}},"image_meta":{"aperture":"0","credit":"","camera":"","caption":"","created_timestamp":"0","copyright":"","focal_length":"0","iso":"0","shutter_speed":"0","title":"","orientation":"0","keywords":[]}},"post":2447,"source_url":"https:\/\/nuevodigitaldeescobar.com.ar\/wp-content\/uploads\/2024\/01\/luis-caputo-1-e1704847838102.jpg"},"yoast_head":"<!-- This site is optimized with the Yoast SEO plugin v26.1.1 - https:\/\/yoast.com\/wordpress\/plugins\/seo\/ -->\n<title>Caputo adelant\u00f3 que las cuentas p\u00fablicas cerraron enero en equilibrio financiero - Nuevo Digital de Escobar<\/title>\n<meta name=\"robots\" content=\"index, follow, max-snippet:-1, max-image-preview:large, max-video-preview:-1\" \/>\n<link rel=\"canonical\" href=\"https:\/\/nuevodigitaldeescobar.com.ar\/?p=3316\" \/>\n<meta property=\"og:locale\" content=\"es_ES\" \/>\n<meta property=\"og:type\" content=\"article\" \/>\n<meta property=\"og:title\" content=\"Caputo adelant\u00f3 que las cuentas p\u00fablicas cerraron enero en equilibrio financiero - Nuevo Digital de Escobar\" \/>\n<meta property=\"og:description\" content=\"El ministro de Econom\u00eda dijo que el retroceso de la Ley Bases \u201cno afecta en lo m\u00e1s m\u00ednimo\u201d el programa econ\u00f3mico.\" \/>\n<meta property=\"og:url\" content=\"https:\/\/nuevodigitaldeescobar.com.ar\/?p=3316\" \/>\n<meta property=\"og:site_name\" content=\"Nuevo Digital de Escobar\" \/>\n<meta property=\"article:publisher\" content=\"https:\/\/www.facebook.com\/NUEVODigitalDeEscobar\" \/>\n<meta property=\"article:published_time\" content=\"2024-02-07T18:44:18+00:00\" \/>\n<meta property=\"article:modified_time\" content=\"2024-02-07T18:44:30+00:00\" \/>\n<meta property=\"og:image\" content=\"https:\/\/nuevodigitaldeescobar.com.ar\/wp-content\/uploads\/2024\/01\/luis-caputo-1-e1704847838102.jpg\" \/>\n\t<meta property=\"og:image:width\" content=\"720\" \/>\n\t<meta property=\"og:image:height\" content=\"405\" \/>\n\t<meta property=\"og:image:type\" content=\"image\/jpeg\" \/>\n<meta name=\"author\" content=\"Redacci\u00f3n\" \/>\n<meta name=\"twitter:card\" content=\"summary_large_image\" \/>\n<meta name=\"twitter:creator\" content=\"@nuevodigescobar\" \/>\n<meta name=\"twitter:site\" content=\"@nuevodigescobar\" \/>\n<meta name=\"twitter:label1\" content=\"Escrito por\" \/>\n\t<meta name=\"twitter:data1\" content=\"Redacci\u00f3n\" \/>\n\t<meta name=\"twitter:label2\" content=\"Tiempo de lectura\" \/>\n\t<meta name=\"twitter:data2\" content=\"2 minutos\" \/>\n<script type=\"application\/ld+json\" class=\"yoast-schema-graph\">{\"@context\":\"https:\/\/schema.org\",\"@graph\":[{\"@type\":\"Article\",\"@id\":\"https:\/\/nuevodigitaldeescobar.com.ar\/?p=3316#article\",\"isPartOf\":{\"@id\":\"https:\/\/nuevodigitaldeescobar.com.ar\/?p=3316\"},\"author\":{\"name\":\"Redacci\u00f3n\",\"@id\":\"https:\/\/nuevodigitaldeescobar.com.ar\/#\/schema\/person\/035e90a8efe9a80e6eec22656ad6ea4c\"},\"headline\":\"Caputo adelant\u00f3 que las cuentas p\u00fablicas cerraron enero en equilibrio financiero\",\"datePublished\":\"2024-02-07T18:44:18+00:00\",\"dateModified\":\"2024-02-07T18:44:30+00:00\",\"mainEntityOfPage\":{\"@id\":\"https:\/\/nuevodigitaldeescobar.com.ar\/?p=3316\"},\"wordCount\":497,\"commentCount\":0,\"publisher\":{\"@id\":\"https:\/\/nuevodigitaldeescobar.com.ar\/#organization\"},\"image\":{\"@id\":\"https:\/\/nuevodigitaldeescobar.com.ar\/?p=3316#primaryimage\"},\"thumbnailUrl\":\"https:\/\/nuevodigitaldeescobar.com.ar\/wp-content\/uploads\/2024\/01\/luis-caputo-1-e1704847838102.jpg\",\"articleSection\":[\"Econom\u00eda\"],\"inLanguage\":\"es\",\"potentialAction\":[{\"@type\":\"CommentAction\",\"name\":\"Comment\",\"target\":[\"https:\/\/nuevodigitaldeescobar.com.ar\/?p=3316#respond\"]}]},{\"@type\":\"WebPage\",\"@id\":\"https:\/\/nuevodigitaldeescobar.com.ar\/?p=3316\",\"url\":\"https:\/\/nuevodigitaldeescobar.com.ar\/?p=3316\",\"name\":\"Caputo adelant\u00f3 que las cuentas p\u00fablicas cerraron enero en equilibrio financiero - Nuevo Digital de Escobar\",\"isPartOf\":{\"@id\":\"https:\/\/nuevodigitaldeescobar.com.ar\/#website\"},\"primaryImageOfPage\":{\"@id\":\"https:\/\/nuevodigitaldeescobar.com.ar\/?p=3316#primaryimage\"},\"image\":{\"@id\":\"https:\/\/nuevodigitaldeescobar.com.ar\/?p=3316#primaryimage\"},\"thumbnailUrl\":\"https:\/\/nuevodigitaldeescobar.com.ar\/wp-content\/uploads\/2024\/01\/luis-caputo-1-e1704847838102.jpg\",\"datePublished\":\"2024-02-07T18:44:18+00:00\",\"dateModified\":\"2024-02-07T18:44:30+00:00\",\"breadcrumb\":{\"@id\":\"https:\/\/nuevodigitaldeescobar.com.ar\/?p=3316#breadcrumb\"},\"inLanguage\":\"es\",\"potentialAction\":[{\"@type\":\"ReadAction\",\"target\":[\"https:\/\/nuevodigitaldeescobar.com.ar\/?p=3316\"]}]},{\"@type\":\"ImageObject\",\"inLanguage\":\"es\",\"@id\":\"https:\/\/nuevodigitaldeescobar.com.ar\/?p=3316#primaryimage\",\"url\":\"https:\/\/nuevodigitaldeescobar.com.ar\/wp-content\/uploads\/2024\/01\/luis-caputo-1-e1704847838102.jpg\",\"contentUrl\":\"https:\/\/nuevodigitaldeescobar.com.ar\/wp-content\/uploads\/2024\/01\/luis-caputo-1-e1704847838102.jpg\",\"width\":720,\"height\":405},{\"@type\":\"BreadcrumbList\",\"@id\":\"https:\/\/nuevodigitaldeescobar.com.ar\/?p=3316#breadcrumb\",\"itemListElement\":[{\"@type\":\"ListItem\",\"position\":1,\"name\":\"Portada\",\"item\":\"https:\/\/nuevodigitaldeescobar.com.ar\/\"},{\"@type\":\"ListItem\",\"position\":2,\"name\":\"Caputo adelant\u00f3 que las cuentas p\u00fablicas cerraron enero en equilibrio financiero\"}]},{\"@type\":\"WebSite\",\"@id\":\"https:\/\/nuevodigitaldeescobar.com.ar\/#website\",\"url\":\"https:\/\/nuevodigitaldeescobar.com.ar\/\",\"name\":\"Nuevo Digital de Escobar\",\"description\":\"La vida escobarense. Directora: Rosana Brunner\",\"publisher\":{\"@id\":\"https:\/\/nuevodigitaldeescobar.com.ar\/#organization\"},\"potentialAction\":[{\"@type\":\"SearchAction\",\"target\":{\"@type\":\"EntryPoint\",\"urlTemplate\":\"https:\/\/nuevodigitaldeescobar.com.ar\/?s={search_term_string}\"},\"query-input\":{\"@type\":\"PropertyValueSpecification\",\"valueRequired\":true,\"valueName\":\"search_term_string\"}}],\"inLanguage\":\"es\"},{\"@type\":\"Organization\",\"@id\":\"https:\/\/nuevodigitaldeescobar.com.ar\/#organization\",\"name\":\"Nuevo Digital de Escobar\",\"url\":\"https:\/\/nuevodigitaldeescobar.com.ar\/\",\"logo\":{\"@type\":\"ImageObject\",\"inLanguage\":\"es\",\"@id\":\"https:\/\/nuevodigitaldeescobar.com.ar\/#\/schema\/logo\/image\/\",\"url\":\"https:\/\/nuevodigitaldeescobar.com.ar\/wp-content\/uploads\/2025\/05\/cropped-logo-nuevo2.jpg\",\"contentUrl\":\"https:\/\/nuevodigitaldeescobar.com.ar\/wp-content\/uploads\/2025\/05\/cropped-logo-nuevo2.jpg\",\"width\":305,\"height\":305,\"caption\":\"Nuevo Digital de Escobar\"},\"image\":{\"@id\":\"https:\/\/nuevodigitaldeescobar.com.ar\/#\/schema\/logo\/image\/\"},\"sameAs\":[\"https:\/\/www.facebook.com\/NUEVODigitalDeEscobar\",\"https:\/\/x.com\/nuevodigescobar\",\"https:\/\/www.instagram.com\/nuevodigitaldeescobar\"]},{\"@type\":\"Person\",\"@id\":\"https:\/\/nuevodigitaldeescobar.com.ar\/#\/schema\/person\/035e90a8efe9a80e6eec22656ad6ea4c\",\"name\":\"Redacci\u00f3n\",\"image\":{\"@type\":\"ImageObject\",\"inLanguage\":\"es\",\"@id\":\"https:\/\/nuevodigitaldeescobar.com.ar\/#\/schema\/person\/image\/\",\"url\":\"https:\/\/secure.gravatar.com\/avatar\/8af8f40000c24e9eef3034f2be5998a372bb1389e64b1a4a36b3a7979142220d?s=96&d=mm&r=g\",\"contentUrl\":\"https:\/\/secure.gravatar.com\/avatar\/8af8f40000c24e9eef3034f2be5998a372bb1389e64b1a4a36b3a7979142220d?s=96&d=mm&r=g\",\"caption\":\"Redacci\u00f3n\"},\"sameAs\":[\"http:\/\/nuevodigitaldeescobar.com.ar\"],\"url\":\"https:\/\/nuevodigitaldeescobar.com.ar\/?author=1\"}]}<\/script>\n<!-- \/ Yoast SEO plugin. -->","yoast_head_json":{"title":"Caputo adelant\u00f3 que las cuentas p\u00fablicas cerraron enero en equilibrio financiero - Nuevo Digital de Escobar","robots":{"index":"index","follow":"follow","max-snippet":"max-snippet:-1","max-image-preview":"max-image-preview:large","max-video-preview":"max-video-preview:-1"},"canonical":"https:\/\/nuevodigitaldeescobar.com.ar\/?p=3316","og_locale":"es_ES","og_type":"article","og_title":"Caputo adelant\u00f3 que las cuentas p\u00fablicas cerraron enero en equilibrio financiero - Nuevo Digital de Escobar","og_description":"El ministro de Econom\u00eda dijo que el retroceso de la Ley Bases \u201cno afecta en lo m\u00e1s m\u00ednimo\u201d el programa econ\u00f3mico.","og_url":"https:\/\/nuevodigitaldeescobar.com.ar\/?p=3316","og_site_name":"Nuevo Digital de Escobar","article_publisher":"https:\/\/www.facebook.com\/NUEVODigitalDeEscobar","article_published_time":"2024-02-07T18:44:18+00:00","article_modified_time":"2024-02-07T18:44:30+00:00","og_image":[{"width":720,"height":405,"url":"https:\/\/nuevodigitaldeescobar.com.ar\/wp-content\/uploads\/2024\/01\/luis-caputo-1-e1704847838102.jpg","type":"image\/jpeg"}],"author":"Redacci\u00f3n","twitter_card":"summary_large_image","twitter_creator":"@nuevodigescobar","twitter_site":"@nuevodigescobar","twitter_misc":{"Escrito por":"Redacci\u00f3n","Tiempo de lectura":"2 minutos"},"schema":{"@context":"https:\/\/schema.org","@graph":[{"@type":"Article","@id":"https:\/\/nuevodigitaldeescobar.com.ar\/?p=3316#article","isPartOf":{"@id":"https:\/\/nuevodigitaldeescobar.com.ar\/?p=3316"},"author":{"name":"Redacci\u00f3n","@id":"https:\/\/nuevodigitaldeescobar.com.ar\/#\/schema\/person\/035e90a8efe9a80e6eec22656ad6ea4c"},"headline":"Caputo adelant\u00f3 que las cuentas p\u00fablicas cerraron enero en equilibrio financiero","datePublished":"2024-02-07T18:44:18+00:00","dateModified":"2024-02-07T18:44:30+00:00","mainEntityOfPage":{"@id":"https:\/\/nuevodigitaldeescobar.com.ar\/?p=3316"},"wordCount":497,"commentCount":0,"publisher":{"@id":"https:\/\/nuevodigitaldeescobar.com.ar\/#organization"},"image":{"@id":"https:\/\/nuevodigitaldeescobar.com.ar\/?p=3316#primaryimage"},"thumbnailUrl":"https:\/\/nuevodigitaldeescobar.com.ar\/wp-content\/uploads\/2024\/01\/luis-caputo-1-e1704847838102.jpg","articleSection":["Econom\u00eda"],"inLanguage":"es","potentialAction":[{"@type":"CommentAction","name":"Comment","target":["https:\/\/nuevodigitaldeescobar.com.ar\/?p=3316#respond"]}]},{"@type":"WebPage","@id":"https:\/\/nuevodigitaldeescobar.com.ar\/?p=3316","url":"https:\/\/nuevodigitaldeescobar.com.ar\/?p=3316","name":"Caputo adelant\u00f3 que las cuentas p\u00fablicas cerraron enero en equilibrio financiero - Nuevo Digital de Escobar","isPartOf":{"@id":"https:\/\/nuevodigitaldeescobar.com.ar\/#website"},"primaryImageOfPage":{"@id":"https:\/\/nuevodigitaldeescobar.com.ar\/?p=3316#primaryimage"},"image":{"@id":"https:\/\/nuevodigitaldeescobar.com.ar\/?p=3316#primaryimage"},"thumbnailUrl":"https:\/\/nuevodigitaldeescobar.com.ar\/wp-content\/uploads\/2024\/01\/luis-caputo-1-e1704847838102.jpg","datePublished":"2024-02-07T18:44:18+00:00","dateModified":"2024-02-07T18:44:30+00:00","breadcrumb":{"@id":"https:\/\/nuevodigitaldeescobar.com.ar\/?p=3316#breadcrumb"},"inLanguage":"es","potentialAction":[{"@type":"ReadAction","target":["https:\/\/nuevodigitaldeescobar.com.ar\/?p=3316"]}]},{"@type":"ImageObject","inLanguage":"es","@id":"https:\/\/nuevodigitaldeescobar.com.ar\/?p=3316#primaryimage","url":"https:\/\/nuevodigitaldeescobar.com.ar\/wp-content\/uploads\/2024\/01\/luis-caputo-1-e1704847838102.jpg","contentUrl":"https:\/\/nuevodigitaldeescobar.com.ar\/wp-content\/uploads\/2024\/01\/luis-caputo-1-e1704847838102.jpg","width":720,"height":405},{"@type":"BreadcrumbList","@id":"https:\/\/nuevodigitaldeescobar.com.ar\/?p=3316#breadcrumb","itemListElement":[{"@type":"ListItem","position":1,"name":"Portada","item":"https:\/\/nuevodigitaldeescobar.com.ar\/"},{"@type":"ListItem","position":2,"name":"Caputo adelant\u00f3 que las cuentas p\u00fablicas cerraron enero en equilibrio financiero"}]},{"@type":"WebSite","@id":"https:\/\/nuevodigitaldeescobar.com.ar\/#website","url":"https:\/\/nuevodigitaldeescobar.com.ar\/","name":"Nuevo Digital de Escobar","description":"La vida escobarense. Directora: Rosana Brunner","publisher":{"@id":"https:\/\/nuevodigitaldeescobar.com.ar\/#organization"},"potentialAction":[{"@type":"SearchAction","target":{"@type":"EntryPoint","urlTemplate":"https:\/\/nuevodigitaldeescobar.com.ar\/?s={search_term_string}"},"query-input":{"@type":"PropertyValueSpecification","valueRequired":true,"valueName":"search_term_string"}}],"inLanguage":"es"},{"@type":"Organization","@id":"https:\/\/nuevodigitaldeescobar.com.ar\/#organization","name":"Nuevo Digital de Escobar","url":"https:\/\/nuevodigitaldeescobar.com.ar\/","logo":{"@type":"ImageObject","inLanguage":"es","@id":"https:\/\/nuevodigitaldeescobar.com.ar\/#\/schema\/logo\/image\/","url":"https:\/\/nuevodigitaldeescobar.com.ar\/wp-content\/uploads\/2025\/05\/cropped-logo-nuevo2.jpg","contentUrl":"https:\/\/nuevodigitaldeescobar.com.ar\/wp-content\/uploads\/2025\/05\/cropped-logo-nuevo2.jpg","width":305,"height":305,"caption":"Nuevo Digital de Escobar"},"image":{"@id":"https:\/\/nuevodigitaldeescobar.com.ar\/#\/schema\/logo\/image\/"},"sameAs":["https:\/\/www.facebook.com\/NUEVODigitalDeEscobar","https:\/\/x.com\/nuevodigescobar","https:\/\/www.instagram.com\/nuevodigitaldeescobar"]},{"@type":"Person","@id":"https:\/\/nuevodigitaldeescobar.com.ar\/#\/schema\/person\/035e90a8efe9a80e6eec22656ad6ea4c","name":"Redacci\u00f3n","image":{"@type":"ImageObject","inLanguage":"es","@id":"https:\/\/nuevodigitaldeescobar.com.ar\/#\/schema\/person\/image\/","url":"https:\/\/secure.gravatar.com\/avatar\/8af8f40000c24e9eef3034f2be5998a372bb1389e64b1a4a36b3a7979142220d?s=96&d=mm&r=g","contentUrl":"https:\/\/secure.gravatar.com\/avatar\/8af8f40000c24e9eef3034f2be5998a372bb1389e64b1a4a36b3a7979142220d?s=96&d=mm&r=g","caption":"Redacci\u00f3n"},"sameAs":["http:\/\/nuevodigitaldeescobar.com.ar"],"url":"https:\/\/nuevodigitaldeescobar.com.ar\/?author=1"}]}},"featured_image_urls":{"full":["https:\/\/nuevodigitaldeescobar.com.ar\/wp-content\/uploads\/2024\/01\/luis-caputo-1-e1704847838102.jpg",720,405,false],"thumbnail":["https:\/\/nuevodigitaldeescobar.com.ar\/wp-content\/uploads\/2024\/01\/luis-caputo-1-150x150.jpg",150,150,true],"medium":["https:\/\/nuevodigitaldeescobar.com.ar\/wp-content\/uploads\/2024\/01\/luis-caputo-1-300x169.jpg",300,169,true],"medium_large":["https:\/\/nuevodigitaldeescobar.com.ar\/wp-content\/uploads\/2024\/01\/luis-caputo-1-768x432.jpg",640,360,true],"large":["https:\/\/nuevodigitaldeescobar.com.ar\/wp-content\/uploads\/2024\/01\/luis-caputo-1-e1704847838102.jpg",640,360,false],"1536x1536":["https:\/\/nuevodigitaldeescobar.com.ar\/wp-content\/uploads\/2024\/01\/luis-caputo-1-e1704847838102.jpg",720,405,false],"2048x2048":["https:\/\/nuevodigitaldeescobar.com.ar\/wp-content\/uploads\/2024\/01\/luis-caputo-1-e1704847838102.jpg",720,405,false]},"author_info":{"display_name":"Redacci\u00f3n","author_link":"https:\/\/nuevodigitaldeescobar.com.ar\/?author=1"},"category_info":"<a href=\"https:\/\/nuevodigitaldeescobar.com.ar\/?cat=10\" rel=\"category\">Econom\u00eda<\/a>","tag_info":"Econom\u00eda","comment_count":"0","_links":{"self":[{"href":"https:\/\/nuevodigitaldeescobar.com.ar\/index.php?rest_route=\/wp\/v2\/posts\/3316","targetHints":{"allow":["GET"]}}],"collection":[{"href":"https:\/\/nuevodigitaldeescobar.com.ar\/index.php?rest_route=\/wp\/v2\/posts"}],"about":[{"href":"https:\/\/nuevodigitaldeescobar.com.ar\/index.php?rest_route=\/wp\/v2\/types\/post"}],"author":[{"embeddable":true,"href":"https:\/\/nuevodigitaldeescobar.com.ar\/index.php?rest_route=\/wp\/v2\/users\/1"}],"replies":[{"embeddable":true,"href":"https:\/\/nuevodigitaldeescobar.com.ar\/index.php?rest_route=%2Fwp%2Fv2%2Fcomments&post=3316"}],"version-history":[{"count":1,"href":"https:\/\/nuevodigitaldeescobar.com.ar\/index.php?rest_route=\/wp\/v2\/posts\/3316\/revisions"}],"predecessor-version":[{"id":3317,"href":"https:\/\/nuevodigitaldeescobar.com.ar\/index.php?rest_route=\/wp\/v2\/posts\/3316\/revisions\/3317"}],"wp:featuredmedia":[{"embeddable":true,"href":"https:\/\/nuevodigitaldeescobar.com.ar\/index.php?rest_route=\/wp\/v2\/media\/2448"}],"wp:attachment":[{"href":"https:\/\/nuevodigitaldeescobar.com.ar\/index.php?rest_route=%2Fwp%2Fv2%2Fmedia&parent=3316"}],"wp:term":[{"taxonomy":"category","embeddable":true,"href":"https:\/\/nuevodigitaldeescobar.com.ar\/index.php?rest_route=%2Fwp%2Fv2%2Fcategories&post=3316"},{"taxonomy":"post_tag","embeddable":true,"href":"https:\/\/nuevodigitaldeescobar.com.ar\/index.php?rest_route=%2Fwp%2Fv2%2Ftags&post=3316"}],"curies":[{"name":"wp","href":"https:\/\/api.w.org\/{rel}","templated":true}]}}