{"id":3328,"date":"2024-02-08T07:00:00","date_gmt":"2024-02-08T10:00:00","guid":{"rendered":"https:\/\/nuevodigitaldeescobar.com.ar\/?p=3328"},"modified":"2024-02-07T19:19:22","modified_gmt":"2024-02-07T22:19:22","slug":"prision-preventiva-para-14-acusados-de-matar-a-tomas-tello","status":"publish","type":"post","link":"https:\/\/nuevodigitaldeescobar.com.ar\/?p=3328","title":{"rendered":"Prisi\u00f3n preventiva para 14 acusados de matar a Tom\u00e1s Tello"},"content":{"rendered":"<p><span style=\"color: #003366;\"><strong><em>Cuatro de los acusados, identificados como Dami\u00e1n Kopelian (27), Federico Gonzalo Brand\u00e1n (23), Roberto Nicol\u00e1s de Jes\u00fas Ochoa (27) y Carlos Amestoy (29), fueron considerados \u00abcoautores\u00bb del delito de \u00abhomicidio agravado por haber sido cometido con alevos\u00eda y por el concurso premeditado de dos o m\u00e1s personas\u00bb.<\/em><\/strong><\/span><\/p>\n<p><!--more--><\/p>\n<hr \/>\n<p>La Justicia de Garant\u00edas de Mar del Tuy\u00fa dict\u00f3 este martes la prisi\u00f3n preventiva de 14 acusados del crimen de Tom\u00e1s Tello, el joven de 18 a\u00f1os asesinado de una pu\u00f1alada por una patota durante los festejos en A\u00f1o Nuevo en la localidad balnearia de Santa Teresita, al considerar que fue v\u00edctima de una <em>\u00abcacer\u00eda humana\u00bb<\/em> en la que cada uno de los imputados tuvo <em>\u00abun rol determinado\u00bb<\/em> para cometerlo, informaron fuentes judiciales.<\/p>\n<p>Seg\u00fan consigna un medio regional, cuatro de los acusados, identificados como Dami\u00e1n <em>\u201cKope\u201d<\/em> Kopelian (27), Federico Gonzalo Brand\u00e1n (23), Roberto Nicol\u00e1s de Jes\u00fas Ochoa (27) y Carlos Amestoy (29), fueron considerados <em>\u00abcoautores\u00bb<\/em> del delito de <em>\u00abhomicidio agravado por haber sido cometido con alevos\u00eda y por el concurso premeditado de dos o m\u00e1s personas\u00bb<\/em>, mientras que a diez se les atribuye una participaci\u00f3n necesaria en ese crimen, de acuerdo a la resoluci\u00f3n del juez de Garant\u00edas 4 de Mar el Tuy\u00fa, Diego Olivera Zapiola.<\/p>\n<p>En la resoluci\u00f3n de 381 p\u00e1ginas, el juez de Garant\u00edas calific\u00f3 al ataque a Tello como <em>\u201cuna suerte de cacer\u00eda humana\u201d<\/em>, y tambi\u00e9n lo consider\u00f3 <em>\u201cuna emboscada\u201d<\/em> por la cantidad de personas que intervinieron en el hecho.<\/p>\n<p><em>\u201cA esta altura ha de ponerse nuevamente de resalto la extrema violencia del ataque, la organizaci\u00f3n del mismo con m\u00faltiples sujetos en el que cada uno cumple un rol determinado para finalmente en el marco del despliegue llevado a cabo acorralar a la v\u00edctima en el pasillo de entrada de una vivienda y turnarse para atacarlo a golpes de puntapi\u00e9s, pu\u00f1os, piedras y botellazos, en la cabeza y en el cuerpo, mientras que a su vez imped\u00edan simult\u00e1neamente que sus amigos pudieran socorrerlo\u201d<\/em>, sostuvo el juez Olivera Zapiola.<\/p>\n<h3><span style=\"color: #003366;\"><strong>Prisi\u00f3n preventiva<\/strong><\/span><\/h3>\n<p>Tal como solicit\u00f3 el fiscal Pablo Gamaleri, de la Unidad Funcional de Instrucci\u00f3n (UFI) 1 de Mar de Aj\u00f3, se dict\u00f3 la prisi\u00f3n preventiva por el delito de <em>\u201cpart\u00edcipes necesarios\u201d<\/em> a los acusados Avedis Kopelian (57) -padre de <em>\u00abKope\u00bb<\/em>-, Diego Roberto Cejas (30), Carlos Nahuel Flecha (28), Octavio Brian Cejas (23), Juli\u00e1n Agust\u00edn Cejas (24), Lucas Carrillo (18), Alexis Gonz\u00e1lez (18), Dylan Dami\u00e1n Morel (18), Dylan Agust\u00edn Ch\u00e1vez (18) e Iv\u00e1n Ezequiel Canaveri (25).<\/p>\n<p>Para el juez, las acciones llevadas a cabo por estas 10 personas <em>\u201chan sido las que permitieron la perpetraci\u00f3n del il\u00edcito, los constantes hostigamientos y agresiones que padeciera Tello, previo a su muerte fueron un factor determinante (\u2026), al igual que el bloqueo de todo auxilio\u201d<\/em>.<\/p>\n<p><em>(InfoGEI)<\/em><\/p>\n","protected":false},"excerpt":{"rendered":"<p>Cuatro de los acusados, identificados como Dami\u00e1n Kopelian (27), Federico Gonzalo Brand\u00e1n (23), Roberto Nicol\u00e1s de Jes\u00fas Ochoa (27) y Carlos Amestoy (29), fueron considerados [&hellip;]<\/p>\n","protected":false},"author":1,"featured_media":3329,"comment_status":"open","ping_status":"closed","sticky":false,"template":"","format":"standard","meta":{"footnotes":""},"categories":[61,13],"tags":[],"class_list":["post-3328","post","type-post","status-publish","format-standard","has-post-thumbnail","hentry","category-nacionales","category-policiales"],"better_featured_image":{"id":3329,"alt_text":"","caption":"","description":"","media_type":"image","media_details":{"width":720,"height":419,"file":"2024\/02\/crimen-tomas-e1707344348369.jpg","filesize":102802,"sizes":{"medium":{"file":"crimen-tomas-300x175.jpg","width":300,"height":175,"mime-type":"image\/jpeg","filesize":12681,"source_url":"https:\/\/nuevodigitaldeescobar.com.ar\/wp-content\/uploads\/2024\/02\/crimen-tomas-300x175.jpg"},"thumbnail":{"file":"crimen-tomas-150x150.jpg","width":150,"height":150,"mime-type":"image\/jpeg","filesize":6607,"source_url":"https:\/\/nuevodigitaldeescobar.com.ar\/wp-content\/uploads\/2024\/02\/crimen-tomas-150x150.jpg"},"medium_large":{"file":"crimen-tomas-768x447.jpg","width":768,"height":447,"mime-type":"image\/jpeg","filesize":53502,"source_url":"https:\/\/nuevodigitaldeescobar.com.ar\/wp-content\/uploads\/2024\/02\/crimen-tomas-768x447.jpg"}},"image_meta":{"aperture":"0","credit":"","camera":"","caption":"","created_timestamp":"0","copyright":"","focal_length":"0","iso":"0","shutter_speed":"0","title":"","orientation":"0","keywords":[]}},"post":3328,"source_url":"https:\/\/nuevodigitaldeescobar.com.ar\/wp-content\/uploads\/2024\/02\/crimen-tomas-e1707344348369.jpg"},"yoast_head":"<!-- This site is optimized with the Yoast SEO plugin v26.1.1 - https:\/\/yoast.com\/wordpress\/plugins\/seo\/ -->\n<title>Prisi\u00f3n preventiva para 14 acusados de matar a Tom\u00e1s Tello - Nuevo Digital de Escobar<\/title>\n<meta name=\"robots\" content=\"index, follow, max-snippet:-1, max-image-preview:large, max-video-preview:-1\" \/>\n<link rel=\"canonical\" href=\"https:\/\/nuevodigitaldeescobar.com.ar\/?p=3328\" \/>\n<meta property=\"og:locale\" content=\"es_ES\" \/>\n<meta property=\"og:type\" content=\"article\" \/>\n<meta property=\"og:title\" content=\"Prisi\u00f3n preventiva para 14 acusados de matar a Tom\u00e1s Tello - Nuevo Digital de Escobar\" \/>\n<meta property=\"og:description\" content=\"Cuatro de los acusados, identificados como Dami\u00e1n Kopelian (27), Federico Gonzalo Brand\u00e1n (23), Roberto Nicol\u00e1s de Jes\u00fas Ochoa (27) y Carlos Amestoy (29), fueron considerados [&hellip;]\" \/>\n<meta property=\"og:url\" content=\"https:\/\/nuevodigitaldeescobar.com.ar\/?p=3328\" \/>\n<meta property=\"og:site_name\" content=\"Nuevo Digital de Escobar\" \/>\n<meta property=\"article:publisher\" content=\"https:\/\/www.facebook.com\/NUEVODigitalDeEscobar\" \/>\n<meta property=\"article:published_time\" content=\"2024-02-08T10:00:00+00:00\" \/>\n<meta property=\"og:image\" content=\"https:\/\/nuevodigitaldeescobar.com.ar\/wp-content\/uploads\/2024\/02\/crimen-tomas-e1707344348369.jpg\" \/>\n\t<meta property=\"og:image:width\" content=\"720\" \/>\n\t<meta property=\"og:image:height\" content=\"419\" \/>\n\t<meta property=\"og:image:type\" content=\"image\/jpeg\" \/>\n<meta name=\"author\" content=\"Redacci\u00f3n\" \/>\n<meta name=\"twitter:card\" content=\"summary_large_image\" \/>\n<meta name=\"twitter:creator\" content=\"@nuevodigescobar\" \/>\n<meta name=\"twitter:site\" content=\"@nuevodigescobar\" \/>\n<meta name=\"twitter:label1\" content=\"Escrito por\" \/>\n\t<meta name=\"twitter:data1\" content=\"Redacci\u00f3n\" \/>\n\t<meta name=\"twitter:label2\" content=\"Tiempo de lectura\" \/>\n\t<meta name=\"twitter:data2\" content=\"2 minutos\" \/>\n<script type=\"application\/ld+json\" class=\"yoast-schema-graph\">{\"@context\":\"https:\/\/schema.org\",\"@graph\":[{\"@type\":\"Article\",\"@id\":\"https:\/\/nuevodigitaldeescobar.com.ar\/?p=3328#article\",\"isPartOf\":{\"@id\":\"https:\/\/nuevodigitaldeescobar.com.ar\/?p=3328\"},\"author\":{\"name\":\"Redacci\u00f3n\",\"@id\":\"https:\/\/nuevodigitaldeescobar.com.ar\/#\/schema\/person\/035e90a8efe9a80e6eec22656ad6ea4c\"},\"headline\":\"Prisi\u00f3n preventiva para 14 acusados de matar a Tom\u00e1s Tello\",\"datePublished\":\"2024-02-08T10:00:00+00:00\",\"mainEntityOfPage\":{\"@id\":\"https:\/\/nuevodigitaldeescobar.com.ar\/?p=3328\"},\"wordCount\":487,\"commentCount\":0,\"publisher\":{\"@id\":\"https:\/\/nuevodigitaldeescobar.com.ar\/#organization\"},\"image\":{\"@id\":\"https:\/\/nuevodigitaldeescobar.com.ar\/?p=3328#primaryimage\"},\"thumbnailUrl\":\"https:\/\/nuevodigitaldeescobar.com.ar\/wp-content\/uploads\/2024\/02\/crimen-tomas-e1707344348369.jpg\",\"articleSection\":[\"Nacionales\",\"Policiales\"],\"inLanguage\":\"es\",\"potentialAction\":[{\"@type\":\"CommentAction\",\"name\":\"Comment\",\"target\":[\"https:\/\/nuevodigitaldeescobar.com.ar\/?p=3328#respond\"]}]},{\"@type\":\"WebPage\",\"@id\":\"https:\/\/nuevodigitaldeescobar.com.ar\/?p=3328\",\"url\":\"https:\/\/nuevodigitaldeescobar.com.ar\/?p=3328\",\"name\":\"Prisi\u00f3n preventiva para 14 acusados de matar a Tom\u00e1s Tello - Nuevo Digital de Escobar\",\"isPartOf\":{\"@id\":\"https:\/\/nuevodigitaldeescobar.com.ar\/#website\"},\"primaryImageOfPage\":{\"@id\":\"https:\/\/nuevodigitaldeescobar.com.ar\/?p=3328#primaryimage\"},\"image\":{\"@id\":\"https:\/\/nuevodigitaldeescobar.com.ar\/?p=3328#primaryimage\"},\"thumbnailUrl\":\"https:\/\/nuevodigitaldeescobar.com.ar\/wp-content\/uploads\/2024\/02\/crimen-tomas-e1707344348369.jpg\",\"datePublished\":\"2024-02-08T10:00:00+00:00\",\"breadcrumb\":{\"@id\":\"https:\/\/nuevodigitaldeescobar.com.ar\/?p=3328#breadcrumb\"},\"inLanguage\":\"es\",\"potentialAction\":[{\"@type\":\"ReadAction\",\"target\":[\"https:\/\/nuevodigitaldeescobar.com.ar\/?p=3328\"]}]},{\"@type\":\"ImageObject\",\"inLanguage\":\"es\",\"@id\":\"https:\/\/nuevodigitaldeescobar.com.ar\/?p=3328#primaryimage\",\"url\":\"https:\/\/nuevodigitaldeescobar.com.ar\/wp-content\/uploads\/2024\/02\/crimen-tomas-e1707344348369.jpg\",\"contentUrl\":\"https:\/\/nuevodigitaldeescobar.com.ar\/wp-content\/uploads\/2024\/02\/crimen-tomas-e1707344348369.jpg\",\"width\":720,\"height\":419},{\"@type\":\"BreadcrumbList\",\"@id\":\"https:\/\/nuevodigitaldeescobar.com.ar\/?p=3328#breadcrumb\",\"itemListElement\":[{\"@type\":\"ListItem\",\"position\":1,\"name\":\"Portada\",\"item\":\"https:\/\/nuevodigitaldeescobar.com.ar\/\"},{\"@type\":\"ListItem\",\"position\":2,\"name\":\"Prisi\u00f3n preventiva para 14 acusados de matar a Tom\u00e1s Tello\"}]},{\"@type\":\"WebSite\",\"@id\":\"https:\/\/nuevodigitaldeescobar.com.ar\/#website\",\"url\":\"https:\/\/nuevodigitaldeescobar.com.ar\/\",\"name\":\"Nuevo Digital de Escobar\",\"description\":\"La vida escobarense. Directora: Rosana Brunner\",\"publisher\":{\"@id\":\"https:\/\/nuevodigitaldeescobar.com.ar\/#organization\"},\"potentialAction\":[{\"@type\":\"SearchAction\",\"target\":{\"@type\":\"EntryPoint\",\"urlTemplate\":\"https:\/\/nuevodigitaldeescobar.com.ar\/?s={search_term_string}\"},\"query-input\":{\"@type\":\"PropertyValueSpecification\",\"valueRequired\":true,\"valueName\":\"search_term_string\"}}],\"inLanguage\":\"es\"},{\"@type\":\"Organization\",\"@id\":\"https:\/\/nuevodigitaldeescobar.com.ar\/#organization\",\"name\":\"Nuevo Digital de Escobar\",\"url\":\"https:\/\/nuevodigitaldeescobar.com.ar\/\",\"logo\":{\"@type\":\"ImageObject\",\"inLanguage\":\"es\",\"@id\":\"https:\/\/nuevodigitaldeescobar.com.ar\/#\/schema\/logo\/image\/\",\"url\":\"https:\/\/nuevodigitaldeescobar.com.ar\/wp-content\/uploads\/2025\/05\/cropped-logo-nuevo2.jpg\",\"contentUrl\":\"https:\/\/nuevodigitaldeescobar.com.ar\/wp-content\/uploads\/2025\/05\/cropped-logo-nuevo2.jpg\",\"width\":305,\"height\":305,\"caption\":\"Nuevo Digital de Escobar\"},\"image\":{\"@id\":\"https:\/\/nuevodigitaldeescobar.com.ar\/#\/schema\/logo\/image\/\"},\"sameAs\":[\"https:\/\/www.facebook.com\/NUEVODigitalDeEscobar\",\"https:\/\/x.com\/nuevodigescobar\",\"https:\/\/www.instagram.com\/nuevodigitaldeescobar\"]},{\"@type\":\"Person\",\"@id\":\"https:\/\/nuevodigitaldeescobar.com.ar\/#\/schema\/person\/035e90a8efe9a80e6eec22656ad6ea4c\",\"name\":\"Redacci\u00f3n\",\"image\":{\"@type\":\"ImageObject\",\"inLanguage\":\"es\",\"@id\":\"https:\/\/nuevodigitaldeescobar.com.ar\/#\/schema\/person\/image\/\",\"url\":\"https:\/\/secure.gravatar.com\/avatar\/8af8f40000c24e9eef3034f2be5998a372bb1389e64b1a4a36b3a7979142220d?s=96&d=mm&r=g\",\"contentUrl\":\"https:\/\/secure.gravatar.com\/avatar\/8af8f40000c24e9eef3034f2be5998a372bb1389e64b1a4a36b3a7979142220d?s=96&d=mm&r=g\",\"caption\":\"Redacci\u00f3n\"},\"sameAs\":[\"http:\/\/nuevodigitaldeescobar.com.ar\"],\"url\":\"https:\/\/nuevodigitaldeescobar.com.ar\/?author=1\"}]}<\/script>\n<!-- \/ Yoast SEO plugin. -->","yoast_head_json":{"title":"Prisi\u00f3n preventiva para 14 acusados de matar a Tom\u00e1s Tello - Nuevo Digital de Escobar","robots":{"index":"index","follow":"follow","max-snippet":"max-snippet:-1","max-image-preview":"max-image-preview:large","max-video-preview":"max-video-preview:-1"},"canonical":"https:\/\/nuevodigitaldeescobar.com.ar\/?p=3328","og_locale":"es_ES","og_type":"article","og_title":"Prisi\u00f3n preventiva para 14 acusados de matar a Tom\u00e1s Tello - Nuevo Digital de Escobar","og_description":"Cuatro de los acusados, identificados como Dami\u00e1n Kopelian (27), Federico Gonzalo Brand\u00e1n (23), Roberto Nicol\u00e1s de Jes\u00fas Ochoa (27) y Carlos Amestoy (29), fueron considerados [&hellip;]","og_url":"https:\/\/nuevodigitaldeescobar.com.ar\/?p=3328","og_site_name":"Nuevo Digital de Escobar","article_publisher":"https:\/\/www.facebook.com\/NUEVODigitalDeEscobar","article_published_time":"2024-02-08T10:00:00+00:00","og_image":[{"width":720,"height":419,"url":"https:\/\/nuevodigitaldeescobar.com.ar\/wp-content\/uploads\/2024\/02\/crimen-tomas-e1707344348369.jpg","type":"image\/jpeg"}],"author":"Redacci\u00f3n","twitter_card":"summary_large_image","twitter_creator":"@nuevodigescobar","twitter_site":"@nuevodigescobar","twitter_misc":{"Escrito por":"Redacci\u00f3n","Tiempo de lectura":"2 minutos"},"schema":{"@context":"https:\/\/schema.org","@graph":[{"@type":"Article","@id":"https:\/\/nuevodigitaldeescobar.com.ar\/?p=3328#article","isPartOf":{"@id":"https:\/\/nuevodigitaldeescobar.com.ar\/?p=3328"},"author":{"name":"Redacci\u00f3n","@id":"https:\/\/nuevodigitaldeescobar.com.ar\/#\/schema\/person\/035e90a8efe9a80e6eec22656ad6ea4c"},"headline":"Prisi\u00f3n preventiva para 14 acusados de matar a Tom\u00e1s Tello","datePublished":"2024-02-08T10:00:00+00:00","mainEntityOfPage":{"@id":"https:\/\/nuevodigitaldeescobar.com.ar\/?p=3328"},"wordCount":487,"commentCount":0,"publisher":{"@id":"https:\/\/nuevodigitaldeescobar.com.ar\/#organization"},"image":{"@id":"https:\/\/nuevodigitaldeescobar.com.ar\/?p=3328#primaryimage"},"thumbnailUrl":"https:\/\/nuevodigitaldeescobar.com.ar\/wp-content\/uploads\/2024\/02\/crimen-tomas-e1707344348369.jpg","articleSection":["Nacionales","Policiales"],"inLanguage":"es","potentialAction":[{"@type":"CommentAction","name":"Comment","target":["https:\/\/nuevodigitaldeescobar.com.ar\/?p=3328#respond"]}]},{"@type":"WebPage","@id":"https:\/\/nuevodigitaldeescobar.com.ar\/?p=3328","url":"https:\/\/nuevodigitaldeescobar.com.ar\/?p=3328","name":"Prisi\u00f3n preventiva para 14 acusados de matar a Tom\u00e1s Tello - Nuevo Digital de Escobar","isPartOf":{"@id":"https:\/\/nuevodigitaldeescobar.com.ar\/#website"},"primaryImageOfPage":{"@id":"https:\/\/nuevodigitaldeescobar.com.ar\/?p=3328#primaryimage"},"image":{"@id":"https:\/\/nuevodigitaldeescobar.com.ar\/?p=3328#primaryimage"},"thumbnailUrl":"https:\/\/nuevodigitaldeescobar.com.ar\/wp-content\/uploads\/2024\/02\/crimen-tomas-e1707344348369.jpg","datePublished":"2024-02-08T10:00:00+00:00","breadcrumb":{"@id":"https:\/\/nuevodigitaldeescobar.com.ar\/?p=3328#breadcrumb"},"inLanguage":"es","potentialAction":[{"@type":"ReadAction","target":["https:\/\/nuevodigitaldeescobar.com.ar\/?p=3328"]}]},{"@type":"ImageObject","inLanguage":"es","@id":"https:\/\/nuevodigitaldeescobar.com.ar\/?p=3328#primaryimage","url":"https:\/\/nuevodigitaldeescobar.com.ar\/wp-content\/uploads\/2024\/02\/crimen-tomas-e1707344348369.jpg","contentUrl":"https:\/\/nuevodigitaldeescobar.com.ar\/wp-content\/uploads\/2024\/02\/crimen-tomas-e1707344348369.jpg","width":720,"height":419},{"@type":"BreadcrumbList","@id":"https:\/\/nuevodigitaldeescobar.com.ar\/?p=3328#breadcrumb","itemListElement":[{"@type":"ListItem","position":1,"name":"Portada","item":"https:\/\/nuevodigitaldeescobar.com.ar\/"},{"@type":"ListItem","position":2,"name":"Prisi\u00f3n preventiva para 14 acusados de matar a Tom\u00e1s Tello"}]},{"@type":"WebSite","@id":"https:\/\/nuevodigitaldeescobar.com.ar\/#website","url":"https:\/\/nuevodigitaldeescobar.com.ar\/","name":"Nuevo Digital de Escobar","description":"La vida escobarense. Directora: Rosana Brunner","publisher":{"@id":"https:\/\/nuevodigitaldeescobar.com.ar\/#organization"},"potentialAction":[{"@type":"SearchAction","target":{"@type":"EntryPoint","urlTemplate":"https:\/\/nuevodigitaldeescobar.com.ar\/?s={search_term_string}"},"query-input":{"@type":"PropertyValueSpecification","valueRequired":true,"valueName":"search_term_string"}}],"inLanguage":"es"},{"@type":"Organization","@id":"https:\/\/nuevodigitaldeescobar.com.ar\/#organization","name":"Nuevo Digital de Escobar","url":"https:\/\/nuevodigitaldeescobar.com.ar\/","logo":{"@type":"ImageObject","inLanguage":"es","@id":"https:\/\/nuevodigitaldeescobar.com.ar\/#\/schema\/logo\/image\/","url":"https:\/\/nuevodigitaldeescobar.com.ar\/wp-content\/uploads\/2025\/05\/cropped-logo-nuevo2.jpg","contentUrl":"https:\/\/nuevodigitaldeescobar.com.ar\/wp-content\/uploads\/2025\/05\/cropped-logo-nuevo2.jpg","width":305,"height":305,"caption":"Nuevo Digital de Escobar"},"image":{"@id":"https:\/\/nuevodigitaldeescobar.com.ar\/#\/schema\/logo\/image\/"},"sameAs":["https:\/\/www.facebook.com\/NUEVODigitalDeEscobar","https:\/\/x.com\/nuevodigescobar","https:\/\/www.instagram.com\/nuevodigitaldeescobar"]},{"@type":"Person","@id":"https:\/\/nuevodigitaldeescobar.com.ar\/#\/schema\/person\/035e90a8efe9a80e6eec22656ad6ea4c","name":"Redacci\u00f3n","image":{"@type":"ImageObject","inLanguage":"es","@id":"https:\/\/nuevodigitaldeescobar.com.ar\/#\/schema\/person\/image\/","url":"https:\/\/secure.gravatar.com\/avatar\/8af8f40000c24e9eef3034f2be5998a372bb1389e64b1a4a36b3a7979142220d?s=96&d=mm&r=g","contentUrl":"https:\/\/secure.gravatar.com\/avatar\/8af8f40000c24e9eef3034f2be5998a372bb1389e64b1a4a36b3a7979142220d?s=96&d=mm&r=g","caption":"Redacci\u00f3n"},"sameAs":["http:\/\/nuevodigitaldeescobar.com.ar"],"url":"https:\/\/nuevodigitaldeescobar.com.ar\/?author=1"}]}},"featured_image_urls":{"full":["https:\/\/nuevodigitaldeescobar.com.ar\/wp-content\/uploads\/2024\/02\/crimen-tomas-e1707344348369.jpg",720,419,false],"thumbnail":["https:\/\/nuevodigitaldeescobar.com.ar\/wp-content\/uploads\/2024\/02\/crimen-tomas-150x150.jpg",150,150,true],"medium":["https:\/\/nuevodigitaldeescobar.com.ar\/wp-content\/uploads\/2024\/02\/crimen-tomas-300x175.jpg",300,175,true],"medium_large":["https:\/\/nuevodigitaldeescobar.com.ar\/wp-content\/uploads\/2024\/02\/crimen-tomas-768x447.jpg",640,373,true],"large":["https:\/\/nuevodigitaldeescobar.com.ar\/wp-content\/uploads\/2024\/02\/crimen-tomas-e1707344348369.jpg",640,372,false],"1536x1536":["https:\/\/nuevodigitaldeescobar.com.ar\/wp-content\/uploads\/2024\/02\/crimen-tomas-e1707344348369.jpg",720,419,false],"2048x2048":["https:\/\/nuevodigitaldeescobar.com.ar\/wp-content\/uploads\/2024\/02\/crimen-tomas-e1707344348369.jpg",720,419,false]},"author_info":{"display_name":"Redacci\u00f3n","author_link":"https:\/\/nuevodigitaldeescobar.com.ar\/?author=1"},"category_info":"<a href=\"https:\/\/nuevodigitaldeescobar.com.ar\/?cat=61\" rel=\"category\">Nacionales<\/a> <a href=\"https:\/\/nuevodigitaldeescobar.com.ar\/?cat=13\" rel=\"category\">Policiales<\/a>","tag_info":"Policiales","comment_count":"0","_links":{"self":[{"href":"https:\/\/nuevodigitaldeescobar.com.ar\/index.php?rest_route=\/wp\/v2\/posts\/3328","targetHints":{"allow":["GET"]}}],"collection":[{"href":"https:\/\/nuevodigitaldeescobar.com.ar\/index.php?rest_route=\/wp\/v2\/posts"}],"about":[{"href":"https:\/\/nuevodigitaldeescobar.com.ar\/index.php?rest_route=\/wp\/v2\/types\/post"}],"author":[{"embeddable":true,"href":"https:\/\/nuevodigitaldeescobar.com.ar\/index.php?rest_route=\/wp\/v2\/users\/1"}],"replies":[{"embeddable":true,"href":"https:\/\/nuevodigitaldeescobar.com.ar\/index.php?rest_route=%2Fwp%2Fv2%2Fcomments&post=3328"}],"version-history":[{"count":1,"href":"https:\/\/nuevodigitaldeescobar.com.ar\/index.php?rest_route=\/wp\/v2\/posts\/3328\/revisions"}],"predecessor-version":[{"id":3330,"href":"https:\/\/nuevodigitaldeescobar.com.ar\/index.php?rest_route=\/wp\/v2\/posts\/3328\/revisions\/3330"}],"wp:featuredmedia":[{"embeddable":true,"href":"https:\/\/nuevodigitaldeescobar.com.ar\/index.php?rest_route=\/wp\/v2\/media\/3329"}],"wp:attachment":[{"href":"https:\/\/nuevodigitaldeescobar.com.ar\/index.php?rest_route=%2Fwp%2Fv2%2Fmedia&parent=3328"}],"wp:term":[{"taxonomy":"category","embeddable":true,"href":"https:\/\/nuevodigitaldeescobar.com.ar\/index.php?rest_route=%2Fwp%2Fv2%2Fcategories&post=3328"},{"taxonomy":"post_tag","embeddable":true,"href":"https:\/\/nuevodigitaldeescobar.com.ar\/index.php?rest_route=%2Fwp%2Fv2%2Ftags&post=3328"}],"curies":[{"name":"wp","href":"https:\/\/api.w.org\/{rel}","templated":true}]}}