{"id":3458,"date":"2024-02-14T17:25:46","date_gmt":"2024-02-14T20:25:46","guid":{"rendered":"https:\/\/nuevodigitaldeescobar.com.ar\/?p=3458"},"modified":"2024-02-14T17:25:58","modified_gmt":"2024-02-14T20:25:58","slug":"mi-primer-viaje-al-mar-empezo-la-edicion-2024-del-programa-municipal","status":"publish","type":"post","link":"https:\/\/nuevodigitaldeescobar.com.ar\/?p=3458","title":{"rendered":"Mi Primer Viaje al Mar: empez\u00f3 la edici\u00f3n 2024 del programa municipal"},"content":{"rendered":"\n<p>Ya lleg\u00f3 a Villa Gesell el primer grupo de 150 chicos y adolescentes que se traslad\u00f3 a la Costa Atl\u00e1ntica en el marco de la sexta edici\u00f3n del Programa Municipal \u201cMi Primer Viaje al Mar\u201d.<\/p>\n\n\n\n<!--more-->\n\n\n\n<figure class=\"wp-block-image size-full\"><img fetchpriority=\"high\" decoding=\"async\" width=\"1000\" height=\"665\" src=\"http:\/\/nuevodigitaldeescobar.com.ar\/wp-content\/uploads\/2024\/02\/whatsapp_image_2024-02-14_at_13_07_11.jpeg\" alt=\"\" class=\"wp-image-3460\" srcset=\"https:\/\/nuevodigitaldeescobar.com.ar\/wp-content\/uploads\/2024\/02\/whatsapp_image_2024-02-14_at_13_07_11.jpeg 1000w, https:\/\/nuevodigitaldeescobar.com.ar\/wp-content\/uploads\/2024\/02\/whatsapp_image_2024-02-14_at_13_07_11-300x200.jpeg 300w, https:\/\/nuevodigitaldeescobar.com.ar\/wp-content\/uploads\/2024\/02\/whatsapp_image_2024-02-14_at_13_07_11-768x511.jpeg 768w\" sizes=\"(max-width: 1000px) 100vw, 1000px\" \/><\/figure>\n\n\n\n<p>En tanto, el segundo grupo arribar\u00e1 este viernes para totalizar 280 viajeros del partido de Escobar que participan de esta iniciativa entre el 14 y el 18 de febrero.<\/p>\n\n\n\n<figure class=\"wp-block-image size-full\"><img decoding=\"async\" width=\"1000\" height=\"665\" src=\"http:\/\/nuevodigitaldeescobar.com.ar\/wp-content\/uploads\/2024\/02\/whatsapp_image_2024-02-14_at_13_06_52.jpeg\" alt=\"\" class=\"wp-image-3459\" srcset=\"https:\/\/nuevodigitaldeescobar.com.ar\/wp-content\/uploads\/2024\/02\/whatsapp_image_2024-02-14_at_13_06_52.jpeg 1000w, https:\/\/nuevodigitaldeescobar.com.ar\/wp-content\/uploads\/2024\/02\/whatsapp_image_2024-02-14_at_13_06_52-300x200.jpeg 300w, https:\/\/nuevodigitaldeescobar.com.ar\/wp-content\/uploads\/2024\/02\/whatsapp_image_2024-02-14_at_13_06_52-768x511.jpeg 768w\" sizes=\"(max-width: 1000px) 100vw, 1000px\" \/><\/figure>\n\n\n\n<p><br>Los participantes provienen de las distintas Colonias de Verano, el equipo de hockey del polideportivo de Maquinista Savio, la Escuela de Liderazgo, Deporte Social e integrados del \u00e1rea de discapacidad del Municipio. Al contingente lo completan coordinadores, personal de sanidad, guardavidas y profesores.<\/p>\n\n\n\n<figure class=\"wp-block-image size-full\"><img decoding=\"async\" width=\"1000\" height=\"665\" src=\"http:\/\/nuevodigitaldeescobar.com.ar\/wp-content\/uploads\/2024\/02\/whatsapp_image_2024-02-14_at_13_15_24.jpeg\" alt=\"\" class=\"wp-image-3462\" srcset=\"https:\/\/nuevodigitaldeescobar.com.ar\/wp-content\/uploads\/2024\/02\/whatsapp_image_2024-02-14_at_13_15_24.jpeg 1000w, https:\/\/nuevodigitaldeescobar.com.ar\/wp-content\/uploads\/2024\/02\/whatsapp_image_2024-02-14_at_13_15_24-300x200.jpeg 300w, https:\/\/nuevodigitaldeescobar.com.ar\/wp-content\/uploads\/2024\/02\/whatsapp_image_2024-02-14_at_13_15_24-768x511.jpeg 768w\" sizes=\"(max-width: 1000px) 100vw, 1000px\" \/><\/figure>\n\n\n\n<p>\u201cEste programa, basado en la inclusi\u00f3n y la solidaridad, les da la posibilidad a 280 familias de cumplir un sue\u00f1o. Por eso, por el derecho a ser felices y a pasarla bien, nos llena el alma de felicidad realizar esta experiencia caracterizada por el compa\u00f1erismo y el amor con las y los chicos del distrito\u201d, afirm\u00f3 el intendente Ariel Sujarchuk.<\/p>\n\n\n\n<p><\/p>\n","protected":false},"excerpt":{"rendered":"<p>Ya lleg\u00f3 a Villa Gesell el primer grupo de 150 chicos y adolescentes que se traslad\u00f3 a la Costa Atl\u00e1ntica en el marco de la [&hellip;]<\/p>\n","protected":false},"author":1,"featured_media":3461,"comment_status":"open","ping_status":"open","sticky":false,"template":"","format":"standard","meta":{"footnotes":""},"categories":[15],"tags":[174],"class_list":["post-3458","post","type-post","status-publish","format-standard","has-post-thumbnail","hentry","category-sociedad","tag-mi-primer-viaje-al-mar"],"better_featured_image":{"id":3461,"alt_text":"","caption":"","description":"","media_type":"image","media_details":{"width":1000,"height":665,"file":"2024\/02\/whatsapp_image_2024-02-14_at_13_07_45.jpeg","filesize":193881,"sizes":{"medium":{"file":"whatsapp_image_2024-02-14_at_13_07_45-300x200.jpeg","width":300,"height":200,"mime-type":"image\/jpeg","filesize":14804,"source_url":"https:\/\/nuevodigitaldeescobar.com.ar\/wp-content\/uploads\/2024\/02\/whatsapp_image_2024-02-14_at_13_07_45-300x200.jpeg"},"thumbnail":{"file":"whatsapp_image_2024-02-14_at_13_07_45-150x150.jpeg","width":150,"height":150,"mime-type":"image\/jpeg","filesize":6819,"source_url":"https:\/\/nuevodigitaldeescobar.com.ar\/wp-content\/uploads\/2024\/02\/whatsapp_image_2024-02-14_at_13_07_45-150x150.jpeg"},"medium_large":{"file":"whatsapp_image_2024-02-14_at_13_07_45-768x511.jpeg","width":768,"height":511,"mime-type":"image\/jpeg","filesize":65939,"source_url":"https:\/\/nuevodigitaldeescobar.com.ar\/wp-content\/uploads\/2024\/02\/whatsapp_image_2024-02-14_at_13_07_45-768x511.jpeg"}},"image_meta":{"aperture":"0","credit":"","camera":"","caption":"","created_timestamp":"0","copyright":"","focal_length":"0","iso":"0","shutter_speed":"0","title":"","orientation":"0","keywords":[]}},"post":3458,"source_url":"https:\/\/nuevodigitaldeescobar.com.ar\/wp-content\/uploads\/2024\/02\/whatsapp_image_2024-02-14_at_13_07_45.jpeg"},"yoast_head":"<!-- This site is optimized with the Yoast SEO plugin v26.1.1 - https:\/\/yoast.com\/wordpress\/plugins\/seo\/ -->\n<title>Mi Primer Viaje al Mar: empez\u00f3 la edici\u00f3n 2024 del programa municipal - Nuevo Digital de Escobar<\/title>\n<meta name=\"robots\" content=\"index, follow, max-snippet:-1, max-image-preview:large, max-video-preview:-1\" \/>\n<link rel=\"canonical\" href=\"https:\/\/nuevodigitaldeescobar.com.ar\/?p=3458\" \/>\n<meta property=\"og:locale\" content=\"es_ES\" \/>\n<meta property=\"og:type\" content=\"article\" \/>\n<meta property=\"og:title\" content=\"Mi Primer Viaje al Mar: empez\u00f3 la edici\u00f3n 2024 del programa municipal - Nuevo Digital de Escobar\" \/>\n<meta property=\"og:description\" content=\"Ya lleg\u00f3 a Villa Gesell el primer grupo de 150 chicos y adolescentes que se traslad\u00f3 a la Costa Atl\u00e1ntica en el marco de la [&hellip;]\" \/>\n<meta property=\"og:url\" content=\"https:\/\/nuevodigitaldeescobar.com.ar\/?p=3458\" \/>\n<meta property=\"og:site_name\" content=\"Nuevo Digital de Escobar\" \/>\n<meta property=\"article:publisher\" content=\"https:\/\/www.facebook.com\/NUEVODigitalDeEscobar\" \/>\n<meta property=\"article:published_time\" content=\"2024-02-14T20:25:46+00:00\" \/>\n<meta property=\"article:modified_time\" content=\"2024-02-14T20:25:58+00:00\" \/>\n<meta property=\"og:image\" content=\"https:\/\/nuevodigitaldeescobar.com.ar\/wp-content\/uploads\/2024\/02\/whatsapp_image_2024-02-14_at_13_07_45.jpeg\" \/>\n\t<meta property=\"og:image:width\" content=\"1000\" \/>\n\t<meta property=\"og:image:height\" content=\"665\" \/>\n\t<meta property=\"og:image:type\" content=\"image\/jpeg\" \/>\n<meta name=\"author\" content=\"Redacci\u00f3n\" \/>\n<meta name=\"twitter:card\" content=\"summary_large_image\" \/>\n<meta name=\"twitter:creator\" content=\"@nuevodigescobar\" \/>\n<meta name=\"twitter:site\" content=\"@nuevodigescobar\" \/>\n<meta name=\"twitter:label1\" content=\"Escrito por\" \/>\n\t<meta name=\"twitter:data1\" content=\"Redacci\u00f3n\" \/>\n\t<meta name=\"twitter:label2\" content=\"Tiempo de lectura\" \/>\n\t<meta name=\"twitter:data2\" content=\"1 minuto\" \/>\n<script type=\"application\/ld+json\" class=\"yoast-schema-graph\">{\"@context\":\"https:\/\/schema.org\",\"@graph\":[{\"@type\":\"Article\",\"@id\":\"https:\/\/nuevodigitaldeescobar.com.ar\/?p=3458#article\",\"isPartOf\":{\"@id\":\"https:\/\/nuevodigitaldeescobar.com.ar\/?p=3458\"},\"author\":{\"name\":\"Redacci\u00f3n\",\"@id\":\"https:\/\/nuevodigitaldeescobar.com.ar\/#\/schema\/person\/035e90a8efe9a80e6eec22656ad6ea4c\"},\"headline\":\"Mi Primer Viaje al Mar: empez\u00f3 la edici\u00f3n 2024 del programa municipal\",\"datePublished\":\"2024-02-14T20:25:46+00:00\",\"dateModified\":\"2024-02-14T20:25:58+00:00\",\"mainEntityOfPage\":{\"@id\":\"https:\/\/nuevodigitaldeescobar.com.ar\/?p=3458\"},\"wordCount\":179,\"commentCount\":0,\"publisher\":{\"@id\":\"https:\/\/nuevodigitaldeescobar.com.ar\/#organization\"},\"image\":{\"@id\":\"https:\/\/nuevodigitaldeescobar.com.ar\/?p=3458#primaryimage\"},\"thumbnailUrl\":\"https:\/\/nuevodigitaldeescobar.com.ar\/wp-content\/uploads\/2024\/02\/whatsapp_image_2024-02-14_at_13_07_45.jpeg\",\"keywords\":[\"Mi Primer Viaje al Mar\"],\"articleSection\":[\"Sociedad\"],\"inLanguage\":\"es\",\"potentialAction\":[{\"@type\":\"CommentAction\",\"name\":\"Comment\",\"target\":[\"https:\/\/nuevodigitaldeescobar.com.ar\/?p=3458#respond\"]}]},{\"@type\":\"WebPage\",\"@id\":\"https:\/\/nuevodigitaldeescobar.com.ar\/?p=3458\",\"url\":\"https:\/\/nuevodigitaldeescobar.com.ar\/?p=3458\",\"name\":\"Mi Primer Viaje al Mar: empez\u00f3 la edici\u00f3n 2024 del programa municipal - Nuevo Digital de Escobar\",\"isPartOf\":{\"@id\":\"https:\/\/nuevodigitaldeescobar.com.ar\/#website\"},\"primaryImageOfPage\":{\"@id\":\"https:\/\/nuevodigitaldeescobar.com.ar\/?p=3458#primaryimage\"},\"image\":{\"@id\":\"https:\/\/nuevodigitaldeescobar.com.ar\/?p=3458#primaryimage\"},\"thumbnailUrl\":\"https:\/\/nuevodigitaldeescobar.com.ar\/wp-content\/uploads\/2024\/02\/whatsapp_image_2024-02-14_at_13_07_45.jpeg\",\"datePublished\":\"2024-02-14T20:25:46+00:00\",\"dateModified\":\"2024-02-14T20:25:58+00:00\",\"breadcrumb\":{\"@id\":\"https:\/\/nuevodigitaldeescobar.com.ar\/?p=3458#breadcrumb\"},\"inLanguage\":\"es\",\"potentialAction\":[{\"@type\":\"ReadAction\",\"target\":[\"https:\/\/nuevodigitaldeescobar.com.ar\/?p=3458\"]}]},{\"@type\":\"ImageObject\",\"inLanguage\":\"es\",\"@id\":\"https:\/\/nuevodigitaldeescobar.com.ar\/?p=3458#primaryimage\",\"url\":\"https:\/\/nuevodigitaldeescobar.com.ar\/wp-content\/uploads\/2024\/02\/whatsapp_image_2024-02-14_at_13_07_45.jpeg\",\"contentUrl\":\"https:\/\/nuevodigitaldeescobar.com.ar\/wp-content\/uploads\/2024\/02\/whatsapp_image_2024-02-14_at_13_07_45.jpeg\",\"width\":1000,\"height\":665},{\"@type\":\"BreadcrumbList\",\"@id\":\"https:\/\/nuevodigitaldeescobar.com.ar\/?p=3458#breadcrumb\",\"itemListElement\":[{\"@type\":\"ListItem\",\"position\":1,\"name\":\"Portada\",\"item\":\"https:\/\/nuevodigitaldeescobar.com.ar\/\"},{\"@type\":\"ListItem\",\"position\":2,\"name\":\"Mi Primer Viaje al Mar: empez\u00f3 la edici\u00f3n 2024 del programa municipal\"}]},{\"@type\":\"WebSite\",\"@id\":\"https:\/\/nuevodigitaldeescobar.com.ar\/#website\",\"url\":\"https:\/\/nuevodigitaldeescobar.com.ar\/\",\"name\":\"Nuevo Digital de Escobar\",\"description\":\"La vida escobarense. Directora: Rosana Brunner\",\"publisher\":{\"@id\":\"https:\/\/nuevodigitaldeescobar.com.ar\/#organization\"},\"potentialAction\":[{\"@type\":\"SearchAction\",\"target\":{\"@type\":\"EntryPoint\",\"urlTemplate\":\"https:\/\/nuevodigitaldeescobar.com.ar\/?s={search_term_string}\"},\"query-input\":{\"@type\":\"PropertyValueSpecification\",\"valueRequired\":true,\"valueName\":\"search_term_string\"}}],\"inLanguage\":\"es\"},{\"@type\":\"Organization\",\"@id\":\"https:\/\/nuevodigitaldeescobar.com.ar\/#organization\",\"name\":\"Nuevo Digital de Escobar\",\"url\":\"https:\/\/nuevodigitaldeescobar.com.ar\/\",\"logo\":{\"@type\":\"ImageObject\",\"inLanguage\":\"es\",\"@id\":\"https:\/\/nuevodigitaldeescobar.com.ar\/#\/schema\/logo\/image\/\",\"url\":\"https:\/\/nuevodigitaldeescobar.com.ar\/wp-content\/uploads\/2025\/05\/cropped-logo-nuevo2.jpg\",\"contentUrl\":\"https:\/\/nuevodigitaldeescobar.com.ar\/wp-content\/uploads\/2025\/05\/cropped-logo-nuevo2.jpg\",\"width\":305,\"height\":305,\"caption\":\"Nuevo Digital de Escobar\"},\"image\":{\"@id\":\"https:\/\/nuevodigitaldeescobar.com.ar\/#\/schema\/logo\/image\/\"},\"sameAs\":[\"https:\/\/www.facebook.com\/NUEVODigitalDeEscobar\",\"https:\/\/x.com\/nuevodigescobar\",\"https:\/\/www.instagram.com\/nuevodigitaldeescobar\"]},{\"@type\":\"Person\",\"@id\":\"https:\/\/nuevodigitaldeescobar.com.ar\/#\/schema\/person\/035e90a8efe9a80e6eec22656ad6ea4c\",\"name\":\"Redacci\u00f3n\",\"image\":{\"@type\":\"ImageObject\",\"inLanguage\":\"es\",\"@id\":\"https:\/\/nuevodigitaldeescobar.com.ar\/#\/schema\/person\/image\/\",\"url\":\"https:\/\/secure.gravatar.com\/avatar\/8af8f40000c24e9eef3034f2be5998a372bb1389e64b1a4a36b3a7979142220d?s=96&d=mm&r=g\",\"contentUrl\":\"https:\/\/secure.gravatar.com\/avatar\/8af8f40000c24e9eef3034f2be5998a372bb1389e64b1a4a36b3a7979142220d?s=96&d=mm&r=g\",\"caption\":\"Redacci\u00f3n\"},\"sameAs\":[\"http:\/\/nuevodigitaldeescobar.com.ar\"],\"url\":\"https:\/\/nuevodigitaldeescobar.com.ar\/?author=1\"}]}<\/script>\n<!-- \/ Yoast SEO plugin. -->","yoast_head_json":{"title":"Mi Primer Viaje al Mar: empez\u00f3 la edici\u00f3n 2024 del programa municipal - Nuevo Digital de Escobar","robots":{"index":"index","follow":"follow","max-snippet":"max-snippet:-1","max-image-preview":"max-image-preview:large","max-video-preview":"max-video-preview:-1"},"canonical":"https:\/\/nuevodigitaldeescobar.com.ar\/?p=3458","og_locale":"es_ES","og_type":"article","og_title":"Mi Primer Viaje al Mar: empez\u00f3 la edici\u00f3n 2024 del programa municipal - Nuevo Digital de Escobar","og_description":"Ya lleg\u00f3 a Villa Gesell el primer grupo de 150 chicos y adolescentes que se traslad\u00f3 a la Costa Atl\u00e1ntica en el marco de la [&hellip;]","og_url":"https:\/\/nuevodigitaldeescobar.com.ar\/?p=3458","og_site_name":"Nuevo Digital de Escobar","article_publisher":"https:\/\/www.facebook.com\/NUEVODigitalDeEscobar","article_published_time":"2024-02-14T20:25:46+00:00","article_modified_time":"2024-02-14T20:25:58+00:00","og_image":[{"width":1000,"height":665,"url":"https:\/\/nuevodigitaldeescobar.com.ar\/wp-content\/uploads\/2024\/02\/whatsapp_image_2024-02-14_at_13_07_45.jpeg","type":"image\/jpeg"}],"author":"Redacci\u00f3n","twitter_card":"summary_large_image","twitter_creator":"@nuevodigescobar","twitter_site":"@nuevodigescobar","twitter_misc":{"Escrito por":"Redacci\u00f3n","Tiempo de lectura":"1 minuto"},"schema":{"@context":"https:\/\/schema.org","@graph":[{"@type":"Article","@id":"https:\/\/nuevodigitaldeescobar.com.ar\/?p=3458#article","isPartOf":{"@id":"https:\/\/nuevodigitaldeescobar.com.ar\/?p=3458"},"author":{"name":"Redacci\u00f3n","@id":"https:\/\/nuevodigitaldeescobar.com.ar\/#\/schema\/person\/035e90a8efe9a80e6eec22656ad6ea4c"},"headline":"Mi Primer Viaje al Mar: empez\u00f3 la edici\u00f3n 2024 del programa municipal","datePublished":"2024-02-14T20:25:46+00:00","dateModified":"2024-02-14T20:25:58+00:00","mainEntityOfPage":{"@id":"https:\/\/nuevodigitaldeescobar.com.ar\/?p=3458"},"wordCount":179,"commentCount":0,"publisher":{"@id":"https:\/\/nuevodigitaldeescobar.com.ar\/#organization"},"image":{"@id":"https:\/\/nuevodigitaldeescobar.com.ar\/?p=3458#primaryimage"},"thumbnailUrl":"https:\/\/nuevodigitaldeescobar.com.ar\/wp-content\/uploads\/2024\/02\/whatsapp_image_2024-02-14_at_13_07_45.jpeg","keywords":["Mi Primer Viaje al Mar"],"articleSection":["Sociedad"],"inLanguage":"es","potentialAction":[{"@type":"CommentAction","name":"Comment","target":["https:\/\/nuevodigitaldeescobar.com.ar\/?p=3458#respond"]}]},{"@type":"WebPage","@id":"https:\/\/nuevodigitaldeescobar.com.ar\/?p=3458","url":"https:\/\/nuevodigitaldeescobar.com.ar\/?p=3458","name":"Mi Primer Viaje al Mar: empez\u00f3 la edici\u00f3n 2024 del programa municipal - Nuevo Digital de Escobar","isPartOf":{"@id":"https:\/\/nuevodigitaldeescobar.com.ar\/#website"},"primaryImageOfPage":{"@id":"https:\/\/nuevodigitaldeescobar.com.ar\/?p=3458#primaryimage"},"image":{"@id":"https:\/\/nuevodigitaldeescobar.com.ar\/?p=3458#primaryimage"},"thumbnailUrl":"https:\/\/nuevodigitaldeescobar.com.ar\/wp-content\/uploads\/2024\/02\/whatsapp_image_2024-02-14_at_13_07_45.jpeg","datePublished":"2024-02-14T20:25:46+00:00","dateModified":"2024-02-14T20:25:58+00:00","breadcrumb":{"@id":"https:\/\/nuevodigitaldeescobar.com.ar\/?p=3458#breadcrumb"},"inLanguage":"es","potentialAction":[{"@type":"ReadAction","target":["https:\/\/nuevodigitaldeescobar.com.ar\/?p=3458"]}]},{"@type":"ImageObject","inLanguage":"es","@id":"https:\/\/nuevodigitaldeescobar.com.ar\/?p=3458#primaryimage","url":"https:\/\/nuevodigitaldeescobar.com.ar\/wp-content\/uploads\/2024\/02\/whatsapp_image_2024-02-14_at_13_07_45.jpeg","contentUrl":"https:\/\/nuevodigitaldeescobar.com.ar\/wp-content\/uploads\/2024\/02\/whatsapp_image_2024-02-14_at_13_07_45.jpeg","width":1000,"height":665},{"@type":"BreadcrumbList","@id":"https:\/\/nuevodigitaldeescobar.com.ar\/?p=3458#breadcrumb","itemListElement":[{"@type":"ListItem","position":1,"name":"Portada","item":"https:\/\/nuevodigitaldeescobar.com.ar\/"},{"@type":"ListItem","position":2,"name":"Mi Primer Viaje al Mar: empez\u00f3 la edici\u00f3n 2024 del programa municipal"}]},{"@type":"WebSite","@id":"https:\/\/nuevodigitaldeescobar.com.ar\/#website","url":"https:\/\/nuevodigitaldeescobar.com.ar\/","name":"Nuevo Digital de Escobar","description":"La vida escobarense. Directora: Rosana Brunner","publisher":{"@id":"https:\/\/nuevodigitaldeescobar.com.ar\/#organization"},"potentialAction":[{"@type":"SearchAction","target":{"@type":"EntryPoint","urlTemplate":"https:\/\/nuevodigitaldeescobar.com.ar\/?s={search_term_string}"},"query-input":{"@type":"PropertyValueSpecification","valueRequired":true,"valueName":"search_term_string"}}],"inLanguage":"es"},{"@type":"Organization","@id":"https:\/\/nuevodigitaldeescobar.com.ar\/#organization","name":"Nuevo Digital de Escobar","url":"https:\/\/nuevodigitaldeescobar.com.ar\/","logo":{"@type":"ImageObject","inLanguage":"es","@id":"https:\/\/nuevodigitaldeescobar.com.ar\/#\/schema\/logo\/image\/","url":"https:\/\/nuevodigitaldeescobar.com.ar\/wp-content\/uploads\/2025\/05\/cropped-logo-nuevo2.jpg","contentUrl":"https:\/\/nuevodigitaldeescobar.com.ar\/wp-content\/uploads\/2025\/05\/cropped-logo-nuevo2.jpg","width":305,"height":305,"caption":"Nuevo Digital de Escobar"},"image":{"@id":"https:\/\/nuevodigitaldeescobar.com.ar\/#\/schema\/logo\/image\/"},"sameAs":["https:\/\/www.facebook.com\/NUEVODigitalDeEscobar","https:\/\/x.com\/nuevodigescobar","https:\/\/www.instagram.com\/nuevodigitaldeescobar"]},{"@type":"Person","@id":"https:\/\/nuevodigitaldeescobar.com.ar\/#\/schema\/person\/035e90a8efe9a80e6eec22656ad6ea4c","name":"Redacci\u00f3n","image":{"@type":"ImageObject","inLanguage":"es","@id":"https:\/\/nuevodigitaldeescobar.com.ar\/#\/schema\/person\/image\/","url":"https:\/\/secure.gravatar.com\/avatar\/8af8f40000c24e9eef3034f2be5998a372bb1389e64b1a4a36b3a7979142220d?s=96&d=mm&r=g","contentUrl":"https:\/\/secure.gravatar.com\/avatar\/8af8f40000c24e9eef3034f2be5998a372bb1389e64b1a4a36b3a7979142220d?s=96&d=mm&r=g","caption":"Redacci\u00f3n"},"sameAs":["http:\/\/nuevodigitaldeescobar.com.ar"],"url":"https:\/\/nuevodigitaldeescobar.com.ar\/?author=1"}]}},"featured_image_urls":{"full":["https:\/\/nuevodigitaldeescobar.com.ar\/wp-content\/uploads\/2024\/02\/whatsapp_image_2024-02-14_at_13_07_45.jpeg",1000,665,false],"thumbnail":["https:\/\/nuevodigitaldeescobar.com.ar\/wp-content\/uploads\/2024\/02\/whatsapp_image_2024-02-14_at_13_07_45-150x150.jpeg",150,150,true],"medium":["https:\/\/nuevodigitaldeescobar.com.ar\/wp-content\/uploads\/2024\/02\/whatsapp_image_2024-02-14_at_13_07_45-300x200.jpeg",300,200,true],"medium_large":["https:\/\/nuevodigitaldeescobar.com.ar\/wp-content\/uploads\/2024\/02\/whatsapp_image_2024-02-14_at_13_07_45-768x511.jpeg",640,426,true],"large":["https:\/\/nuevodigitaldeescobar.com.ar\/wp-content\/uploads\/2024\/02\/whatsapp_image_2024-02-14_at_13_07_45.jpeg",640,426,false],"1536x1536":["https:\/\/nuevodigitaldeescobar.com.ar\/wp-content\/uploads\/2024\/02\/whatsapp_image_2024-02-14_at_13_07_45.jpeg",1000,665,false],"2048x2048":["https:\/\/nuevodigitaldeescobar.com.ar\/wp-content\/uploads\/2024\/02\/whatsapp_image_2024-02-14_at_13_07_45.jpeg",1000,665,false]},"author_info":{"display_name":"Redacci\u00f3n","author_link":"https:\/\/nuevodigitaldeescobar.com.ar\/?author=1"},"category_info":"<a href=\"https:\/\/nuevodigitaldeescobar.com.ar\/?cat=15\" rel=\"category\">Sociedad<\/a>","tag_info":"Sociedad","comment_count":"0","_links":{"self":[{"href":"https:\/\/nuevodigitaldeescobar.com.ar\/index.php?rest_route=\/wp\/v2\/posts\/3458","targetHints":{"allow":["GET"]}}],"collection":[{"href":"https:\/\/nuevodigitaldeescobar.com.ar\/index.php?rest_route=\/wp\/v2\/posts"}],"about":[{"href":"https:\/\/nuevodigitaldeescobar.com.ar\/index.php?rest_route=\/wp\/v2\/types\/post"}],"author":[{"embeddable":true,"href":"https:\/\/nuevodigitaldeescobar.com.ar\/index.php?rest_route=\/wp\/v2\/users\/1"}],"replies":[{"embeddable":true,"href":"https:\/\/nuevodigitaldeescobar.com.ar\/index.php?rest_route=%2Fwp%2Fv2%2Fcomments&post=3458"}],"version-history":[{"count":1,"href":"https:\/\/nuevodigitaldeescobar.com.ar\/index.php?rest_route=\/wp\/v2\/posts\/3458\/revisions"}],"predecessor-version":[{"id":3463,"href":"https:\/\/nuevodigitaldeescobar.com.ar\/index.php?rest_route=\/wp\/v2\/posts\/3458\/revisions\/3463"}],"wp:featuredmedia":[{"embeddable":true,"href":"https:\/\/nuevodigitaldeescobar.com.ar\/index.php?rest_route=\/wp\/v2\/media\/3461"}],"wp:attachment":[{"href":"https:\/\/nuevodigitaldeescobar.com.ar\/index.php?rest_route=%2Fwp%2Fv2%2Fmedia&parent=3458"}],"wp:term":[{"taxonomy":"category","embeddable":true,"href":"https:\/\/nuevodigitaldeescobar.com.ar\/index.php?rest_route=%2Fwp%2Fv2%2Fcategories&post=3458"},{"taxonomy":"post_tag","embeddable":true,"href":"https:\/\/nuevodigitaldeescobar.com.ar\/index.php?rest_route=%2Fwp%2Fv2%2Ftags&post=3458"}],"curies":[{"name":"wp","href":"https:\/\/api.w.org\/{rel}","templated":true}]}}