{"id":3470,"date":"2024-02-15T07:00:00","date_gmt":"2024-02-15T10:00:00","guid":{"rendered":"https:\/\/nuevodigitaldeescobar.com.ar\/?p=3470"},"modified":"2024-02-14T20:51:16","modified_gmt":"2024-02-14T23:51:16","slug":"senado-gate-los-radicales-de-maximiliano-abad-en-crisis-por-los-empleados-fantasmas-en-la-provincia-de-buenos-aires","status":"publish","type":"post","link":"https:\/\/nuevodigitaldeescobar.com.ar\/?p=3470","title":{"rendered":"Los radicales de Maximiliano Abad en crisis por los \u00abempleados fantasmas\u00bb en la provincia de Buenos Aires"},"content":{"rendered":"<p><span style=\"color: #003366;\"><strong><em>Mientras en la pol\u00edtica bonaerense se viven momentos de tensi\u00f3n por el modelo de financiamiento de los partidos, los radicales mostraban un silencio llamativo tras el descubrimiento de la causa Chocolate Rigau y la aparici\u00f3n de \u201cempleados fantasmas\u201d en la Legislatura.<\/em><\/strong><\/span><\/p>\n<p><!--more--><\/p>\n<hr \/>\n<p>Los radicales bonaerenses, nucleados detr\u00e1s de Maximiliano Abad, tuvieron su <em>\u201cChocolate\u201d<\/em> y se llama Hugo Muguerza, un radical platense que respond\u00eda al fallecido Javier Quinterno, aunque desconocido por el Comit\u00e9 de La Plata a trav\u00e9s de un comunicado.<\/p>\n<p>El hombre fue detectado por los investigadores a partir del an\u00e1lisis de videos en los que se lo ve con el pulgar levantado, saludando a Rigau, en los cajeros del Banco Provincia de 7 y 54, lo que puso el ojo en el seguimiento de Muguerza.<\/p>\n<p>Seg\u00fan dej\u00f3 trascender la fiscal Betina Lacki, son 39 las tarjetas de empleados fantasma del Senado cuyos sueldos son de aproximadamente 700.000 pesos que, seg\u00fan se presume, son para el financiamiento de los radicales.<\/p>\n<p>Ante las consultas, los dirigentes radicales no se hicieron eco de estas novedades, aunque la causa tiene avances y se espera que los 39 nombres de las tarjetas comiencen a desfilar por la fiscal\u00eda de Lacki.<\/p>\n<blockquote class=\"twitter-tweet\" data-width=\"550\" data-dnt=\"true\">\n<p lang=\"es\" dir=\"ltr\">El rol de este otro \u201cChocolate\u201d que desvi\u00f3 fondos del Senado bonaerense para la pol\u00edtica \u2013o para pol\u00edticos- explica el silencio de la UCR desde que estall\u00f3 el esc\u00e1ndalo con &quot;Chocolate&quot; Rigau; en especial, de su Comit\u00e9 Provincia, que lidera &quot;Maxi&quot; Abad:<a href=\"https:\/\/t.co\/Qsz9dUlK9G\">https:\/\/t.co\/Qsz9dUlK9G<\/a> <a href=\"https:\/\/t.co\/jvvKewh57j\">pic.twitter.com\/jvvKewh57j<\/a><\/p>\n<p>&mdash; Hugo Alconada Mon (@halconada) <a href=\"https:\/\/twitter.com\/halconada\/status\/1757042936695411087?ref_src=twsrc%5Etfw\">February 12, 2024<\/a><\/p><\/blockquote>\n<p><script async src=\"https:\/\/platform.twitter.com\/widgets.js\" charset=\"utf-8\"><\/script><\/p>\n<p>Sin embargo, un asesor que presta servicio dentro de la C\u00e1mara se\u00f1al\u00f3: <em>\u201cyo cobro, pero laburo. No todo el sueldo es para m\u00ed. Lo dividimos entre varios y me queda poco. Pero el nombre del recibo de sueldo es m\u00edo\u201d<\/em>.<\/p>\n<p>Por su parte, Muguerza, radical de toda la vida, fue parte de la gesti\u00f3n de Julio Garro como subsecretario de Espacio P\u00fablico en la primera etapa de gesti\u00f3n. Luego, el entonces alcalde Pro se deshizo de los radicales y Muguerza dej\u00f3 el cargo.<\/p>\n<p>Ahora, queda analizar el resultado de los detalles de la investigaci\u00f3n y el impacto en el sector libertario, teniendo a Carolina Piparo como una de las principales apuntadas.<\/p>\n<p>Piparo, que no sab\u00eda los detalles de c\u00f3mo tomar <em>\u00abpresupuesto para la pol\u00edtica\u00bb<\/em>, se encolumn\u00f3 detr\u00e1s del ahora concejal de La Plata, Guillermo Bard\u00f3n, con extensa experiencia en la administraci\u00f3n de recursos para las cajas chicas y que logr\u00f3 tender los puentes para que la platense pueda hacerse de, seg\u00fan la causa judicial, m\u00e1s de una veintena de tarjetas. Ahora, se espera que los tiempos pol\u00edticos no hagan una cobertura de la diputada nacional y la investigaci\u00f3n tenga un cause normal.<\/p>\n<p><em>(Nova)<\/em><\/p>\n","protected":false},"excerpt":{"rendered":"<p>Mientras en la pol\u00edtica bonaerense se viven momentos de tensi\u00f3n por el modelo de financiamiento de los partidos, los radicales mostraban un silencio llamativo tras [&hellip;]<\/p>\n","protected":false},"author":1,"featured_media":3472,"comment_status":"open","ping_status":"closed","sticky":false,"template":"","format":"standard","meta":{"footnotes":""},"categories":[6],"tags":[],"class_list":["post-3470","post","type-post","status-publish","format-standard","has-post-thumbnail","hentry","category-politica"],"better_featured_image":{"id":3472,"alt_text":"","caption":"","description":"","media_type":"image","media_details":{"width":720,"height":442,"file":"2024\/02\/maximiliano-abad-e1707954650543.jpg","filesize":113125,"sizes":{"medium":{"file":"maximiliano-abad-e1707954650543-300x184.jpg","width":300,"height":184,"mime-type":"image\/jpeg","filesize":11748,"source_url":"https:\/\/nuevodigitaldeescobar.com.ar\/wp-content\/uploads\/2024\/02\/maximiliano-abad-e1707954650543-300x184.jpg"},"thumbnail":{"file":"maximiliano-abad-e1707954650543-150x150.jpg","width":150,"height":150,"mime-type":"image\/jpeg","filesize":5774,"source_url":"https:\/\/nuevodigitaldeescobar.com.ar\/wp-content\/uploads\/2024\/02\/maximiliano-abad-e1707954650543-150x150.jpg"},"medium_large":{"file":"maximiliano-abad-768x555.jpg","width":768,"height":555,"mime-type":"image\/jpeg","filesize":56295,"source_url":"https:\/\/nuevodigitaldeescobar.com.ar\/wp-content\/uploads\/2024\/02\/maximiliano-abad-768x555.jpg"}},"image_meta":{"aperture":"0","credit":"","camera":"","caption":"","created_timestamp":"0","copyright":"","focal_length":"0","iso":"0","shutter_speed":"0","title":"","orientation":"0","keywords":[]}},"post":3470,"source_url":"https:\/\/nuevodigitaldeescobar.com.ar\/wp-content\/uploads\/2024\/02\/maximiliano-abad-e1707954650543.jpg"},"yoast_head":"<!-- This site is optimized with the Yoast SEO plugin v26.1.1 - https:\/\/yoast.com\/wordpress\/plugins\/seo\/ -->\n<title>Los radicales de Maximiliano Abad en crisis por los &quot;empleados fantasmas&quot; en la provincia de Buenos Aires - Nuevo Digital de Escobar<\/title>\n<meta name=\"robots\" content=\"index, follow, max-snippet:-1, max-image-preview:large, max-video-preview:-1\" \/>\n<link rel=\"canonical\" href=\"https:\/\/nuevodigitaldeescobar.com.ar\/?p=3470\" \/>\n<meta property=\"og:locale\" content=\"es_ES\" \/>\n<meta property=\"og:type\" content=\"article\" \/>\n<meta property=\"og:title\" content=\"Los radicales de Maximiliano Abad en crisis por los &quot;empleados fantasmas&quot; en la provincia de Buenos Aires - Nuevo Digital de Escobar\" \/>\n<meta property=\"og:description\" content=\"Mientras en la pol\u00edtica bonaerense se viven momentos de tensi\u00f3n por el modelo de financiamiento de los partidos, los radicales mostraban un silencio llamativo tras [&hellip;]\" \/>\n<meta property=\"og:url\" content=\"https:\/\/nuevodigitaldeescobar.com.ar\/?p=3470\" \/>\n<meta property=\"og:site_name\" content=\"Nuevo Digital de Escobar\" \/>\n<meta property=\"article:publisher\" content=\"https:\/\/www.facebook.com\/NUEVODigitalDeEscobar\" \/>\n<meta property=\"article:published_time\" content=\"2024-02-15T10:00:00+00:00\" \/>\n<meta property=\"og:image\" content=\"https:\/\/nuevodigitaldeescobar.com.ar\/wp-content\/uploads\/2024\/02\/maximiliano-abad-e1707954650543.jpg\" \/>\n\t<meta property=\"og:image:width\" content=\"720\" \/>\n\t<meta property=\"og:image:height\" content=\"442\" \/>\n\t<meta property=\"og:image:type\" content=\"image\/jpeg\" \/>\n<meta name=\"author\" content=\"Redacci\u00f3n\" \/>\n<meta name=\"twitter:card\" content=\"summary_large_image\" \/>\n<meta name=\"twitter:creator\" content=\"@nuevodigescobar\" \/>\n<meta name=\"twitter:site\" content=\"@nuevodigescobar\" \/>\n<meta name=\"twitter:label1\" content=\"Escrito por\" \/>\n\t<meta name=\"twitter:data1\" content=\"Redacci\u00f3n\" \/>\n\t<meta name=\"twitter:label2\" content=\"Tiempo de lectura\" \/>\n\t<meta name=\"twitter:data2\" content=\"2 minutos\" \/>\n<script type=\"application\/ld+json\" class=\"yoast-schema-graph\">{\"@context\":\"https:\/\/schema.org\",\"@graph\":[{\"@type\":\"Article\",\"@id\":\"https:\/\/nuevodigitaldeescobar.com.ar\/?p=3470#article\",\"isPartOf\":{\"@id\":\"https:\/\/nuevodigitaldeescobar.com.ar\/?p=3470\"},\"author\":{\"name\":\"Redacci\u00f3n\",\"@id\":\"https:\/\/nuevodigitaldeescobar.com.ar\/#\/schema\/person\/035e90a8efe9a80e6eec22656ad6ea4c\"},\"headline\":\"Los radicales de Maximiliano Abad en crisis por los \u00abempleados fantasmas\u00bb en la provincia de Buenos Aires\",\"datePublished\":\"2024-02-15T10:00:00+00:00\",\"mainEntityOfPage\":{\"@id\":\"https:\/\/nuevodigitaldeescobar.com.ar\/?p=3470\"},\"wordCount\":432,\"commentCount\":0,\"publisher\":{\"@id\":\"https:\/\/nuevodigitaldeescobar.com.ar\/#organization\"},\"image\":{\"@id\":\"https:\/\/nuevodigitaldeescobar.com.ar\/?p=3470#primaryimage\"},\"thumbnailUrl\":\"https:\/\/nuevodigitaldeescobar.com.ar\/wp-content\/uploads\/2024\/02\/maximiliano-abad-e1707954650543.jpg\",\"articleSection\":[\"Pol\u00edtica\"],\"inLanguage\":\"es\",\"potentialAction\":[{\"@type\":\"CommentAction\",\"name\":\"Comment\",\"target\":[\"https:\/\/nuevodigitaldeescobar.com.ar\/?p=3470#respond\"]}]},{\"@type\":\"WebPage\",\"@id\":\"https:\/\/nuevodigitaldeescobar.com.ar\/?p=3470\",\"url\":\"https:\/\/nuevodigitaldeescobar.com.ar\/?p=3470\",\"name\":\"Los radicales de Maximiliano Abad en crisis por los \\\"empleados fantasmas\\\" en la provincia de Buenos Aires - Nuevo Digital de Escobar\",\"isPartOf\":{\"@id\":\"https:\/\/nuevodigitaldeescobar.com.ar\/#website\"},\"primaryImageOfPage\":{\"@id\":\"https:\/\/nuevodigitaldeescobar.com.ar\/?p=3470#primaryimage\"},\"image\":{\"@id\":\"https:\/\/nuevodigitaldeescobar.com.ar\/?p=3470#primaryimage\"},\"thumbnailUrl\":\"https:\/\/nuevodigitaldeescobar.com.ar\/wp-content\/uploads\/2024\/02\/maximiliano-abad-e1707954650543.jpg\",\"datePublished\":\"2024-02-15T10:00:00+00:00\",\"breadcrumb\":{\"@id\":\"https:\/\/nuevodigitaldeescobar.com.ar\/?p=3470#breadcrumb\"},\"inLanguage\":\"es\",\"potentialAction\":[{\"@type\":\"ReadAction\",\"target\":[\"https:\/\/nuevodigitaldeescobar.com.ar\/?p=3470\"]}]},{\"@type\":\"ImageObject\",\"inLanguage\":\"es\",\"@id\":\"https:\/\/nuevodigitaldeescobar.com.ar\/?p=3470#primaryimage\",\"url\":\"https:\/\/nuevodigitaldeescobar.com.ar\/wp-content\/uploads\/2024\/02\/maximiliano-abad-e1707954650543.jpg\",\"contentUrl\":\"https:\/\/nuevodigitaldeescobar.com.ar\/wp-content\/uploads\/2024\/02\/maximiliano-abad-e1707954650543.jpg\",\"width\":720,\"height\":442},{\"@type\":\"BreadcrumbList\",\"@id\":\"https:\/\/nuevodigitaldeescobar.com.ar\/?p=3470#breadcrumb\",\"itemListElement\":[{\"@type\":\"ListItem\",\"position\":1,\"name\":\"Portada\",\"item\":\"https:\/\/nuevodigitaldeescobar.com.ar\/\"},{\"@type\":\"ListItem\",\"position\":2,\"name\":\"Los radicales de Maximiliano Abad en crisis por los &#8220;empleados fantasmas&#8221; en la provincia de Buenos Aires\"}]},{\"@type\":\"WebSite\",\"@id\":\"https:\/\/nuevodigitaldeescobar.com.ar\/#website\",\"url\":\"https:\/\/nuevodigitaldeescobar.com.ar\/\",\"name\":\"Nuevo Digital de Escobar\",\"description\":\"La vida escobarense. Directora: Rosana Brunner\",\"publisher\":{\"@id\":\"https:\/\/nuevodigitaldeescobar.com.ar\/#organization\"},\"potentialAction\":[{\"@type\":\"SearchAction\",\"target\":{\"@type\":\"EntryPoint\",\"urlTemplate\":\"https:\/\/nuevodigitaldeescobar.com.ar\/?s={search_term_string}\"},\"query-input\":{\"@type\":\"PropertyValueSpecification\",\"valueRequired\":true,\"valueName\":\"search_term_string\"}}],\"inLanguage\":\"es\"},{\"@type\":\"Organization\",\"@id\":\"https:\/\/nuevodigitaldeescobar.com.ar\/#organization\",\"name\":\"Nuevo Digital de Escobar\",\"url\":\"https:\/\/nuevodigitaldeescobar.com.ar\/\",\"logo\":{\"@type\":\"ImageObject\",\"inLanguage\":\"es\",\"@id\":\"https:\/\/nuevodigitaldeescobar.com.ar\/#\/schema\/logo\/image\/\",\"url\":\"https:\/\/nuevodigitaldeescobar.com.ar\/wp-content\/uploads\/2025\/05\/cropped-logo-nuevo2.jpg\",\"contentUrl\":\"https:\/\/nuevodigitaldeescobar.com.ar\/wp-content\/uploads\/2025\/05\/cropped-logo-nuevo2.jpg\",\"width\":305,\"height\":305,\"caption\":\"Nuevo Digital de Escobar\"},\"image\":{\"@id\":\"https:\/\/nuevodigitaldeescobar.com.ar\/#\/schema\/logo\/image\/\"},\"sameAs\":[\"https:\/\/www.facebook.com\/NUEVODigitalDeEscobar\",\"https:\/\/x.com\/nuevodigescobar\",\"https:\/\/www.instagram.com\/nuevodigitaldeescobar\"]},{\"@type\":\"Person\",\"@id\":\"https:\/\/nuevodigitaldeescobar.com.ar\/#\/schema\/person\/035e90a8efe9a80e6eec22656ad6ea4c\",\"name\":\"Redacci\u00f3n\",\"image\":{\"@type\":\"ImageObject\",\"inLanguage\":\"es\",\"@id\":\"https:\/\/nuevodigitaldeescobar.com.ar\/#\/schema\/person\/image\/\",\"url\":\"https:\/\/secure.gravatar.com\/avatar\/8af8f40000c24e9eef3034f2be5998a372bb1389e64b1a4a36b3a7979142220d?s=96&d=mm&r=g\",\"contentUrl\":\"https:\/\/secure.gravatar.com\/avatar\/8af8f40000c24e9eef3034f2be5998a372bb1389e64b1a4a36b3a7979142220d?s=96&d=mm&r=g\",\"caption\":\"Redacci\u00f3n\"},\"sameAs\":[\"http:\/\/nuevodigitaldeescobar.com.ar\"],\"url\":\"https:\/\/nuevodigitaldeescobar.com.ar\/?author=1\"}]}<\/script>\n<!-- \/ Yoast SEO plugin. -->","yoast_head_json":{"title":"Los radicales de Maximiliano Abad en crisis por los \"empleados fantasmas\" en la provincia de Buenos Aires - Nuevo Digital de Escobar","robots":{"index":"index","follow":"follow","max-snippet":"max-snippet:-1","max-image-preview":"max-image-preview:large","max-video-preview":"max-video-preview:-1"},"canonical":"https:\/\/nuevodigitaldeescobar.com.ar\/?p=3470","og_locale":"es_ES","og_type":"article","og_title":"Los radicales de Maximiliano Abad en crisis por los \"empleados fantasmas\" en la provincia de Buenos Aires - Nuevo Digital de Escobar","og_description":"Mientras en la pol\u00edtica bonaerense se viven momentos de tensi\u00f3n por el modelo de financiamiento de los partidos, los radicales mostraban un silencio llamativo tras [&hellip;]","og_url":"https:\/\/nuevodigitaldeescobar.com.ar\/?p=3470","og_site_name":"Nuevo Digital de Escobar","article_publisher":"https:\/\/www.facebook.com\/NUEVODigitalDeEscobar","article_published_time":"2024-02-15T10:00:00+00:00","og_image":[{"width":720,"height":442,"url":"https:\/\/nuevodigitaldeescobar.com.ar\/wp-content\/uploads\/2024\/02\/maximiliano-abad-e1707954650543.jpg","type":"image\/jpeg"}],"author":"Redacci\u00f3n","twitter_card":"summary_large_image","twitter_creator":"@nuevodigescobar","twitter_site":"@nuevodigescobar","twitter_misc":{"Escrito por":"Redacci\u00f3n","Tiempo de lectura":"2 minutos"},"schema":{"@context":"https:\/\/schema.org","@graph":[{"@type":"Article","@id":"https:\/\/nuevodigitaldeescobar.com.ar\/?p=3470#article","isPartOf":{"@id":"https:\/\/nuevodigitaldeescobar.com.ar\/?p=3470"},"author":{"name":"Redacci\u00f3n","@id":"https:\/\/nuevodigitaldeescobar.com.ar\/#\/schema\/person\/035e90a8efe9a80e6eec22656ad6ea4c"},"headline":"Los radicales de Maximiliano Abad en crisis por los \u00abempleados fantasmas\u00bb en la provincia de Buenos Aires","datePublished":"2024-02-15T10:00:00+00:00","mainEntityOfPage":{"@id":"https:\/\/nuevodigitaldeescobar.com.ar\/?p=3470"},"wordCount":432,"commentCount":0,"publisher":{"@id":"https:\/\/nuevodigitaldeescobar.com.ar\/#organization"},"image":{"@id":"https:\/\/nuevodigitaldeescobar.com.ar\/?p=3470#primaryimage"},"thumbnailUrl":"https:\/\/nuevodigitaldeescobar.com.ar\/wp-content\/uploads\/2024\/02\/maximiliano-abad-e1707954650543.jpg","articleSection":["Pol\u00edtica"],"inLanguage":"es","potentialAction":[{"@type":"CommentAction","name":"Comment","target":["https:\/\/nuevodigitaldeescobar.com.ar\/?p=3470#respond"]}]},{"@type":"WebPage","@id":"https:\/\/nuevodigitaldeescobar.com.ar\/?p=3470","url":"https:\/\/nuevodigitaldeescobar.com.ar\/?p=3470","name":"Los radicales de Maximiliano Abad en crisis por los \"empleados fantasmas\" en la provincia de Buenos Aires - Nuevo Digital de Escobar","isPartOf":{"@id":"https:\/\/nuevodigitaldeescobar.com.ar\/#website"},"primaryImageOfPage":{"@id":"https:\/\/nuevodigitaldeescobar.com.ar\/?p=3470#primaryimage"},"image":{"@id":"https:\/\/nuevodigitaldeescobar.com.ar\/?p=3470#primaryimage"},"thumbnailUrl":"https:\/\/nuevodigitaldeescobar.com.ar\/wp-content\/uploads\/2024\/02\/maximiliano-abad-e1707954650543.jpg","datePublished":"2024-02-15T10:00:00+00:00","breadcrumb":{"@id":"https:\/\/nuevodigitaldeescobar.com.ar\/?p=3470#breadcrumb"},"inLanguage":"es","potentialAction":[{"@type":"ReadAction","target":["https:\/\/nuevodigitaldeescobar.com.ar\/?p=3470"]}]},{"@type":"ImageObject","inLanguage":"es","@id":"https:\/\/nuevodigitaldeescobar.com.ar\/?p=3470#primaryimage","url":"https:\/\/nuevodigitaldeescobar.com.ar\/wp-content\/uploads\/2024\/02\/maximiliano-abad-e1707954650543.jpg","contentUrl":"https:\/\/nuevodigitaldeescobar.com.ar\/wp-content\/uploads\/2024\/02\/maximiliano-abad-e1707954650543.jpg","width":720,"height":442},{"@type":"BreadcrumbList","@id":"https:\/\/nuevodigitaldeescobar.com.ar\/?p=3470#breadcrumb","itemListElement":[{"@type":"ListItem","position":1,"name":"Portada","item":"https:\/\/nuevodigitaldeescobar.com.ar\/"},{"@type":"ListItem","position":2,"name":"Los radicales de Maximiliano Abad en crisis por los &#8220;empleados fantasmas&#8221; en la provincia de Buenos Aires"}]},{"@type":"WebSite","@id":"https:\/\/nuevodigitaldeescobar.com.ar\/#website","url":"https:\/\/nuevodigitaldeescobar.com.ar\/","name":"Nuevo Digital de Escobar","description":"La vida escobarense. Directora: Rosana Brunner","publisher":{"@id":"https:\/\/nuevodigitaldeescobar.com.ar\/#organization"},"potentialAction":[{"@type":"SearchAction","target":{"@type":"EntryPoint","urlTemplate":"https:\/\/nuevodigitaldeescobar.com.ar\/?s={search_term_string}"},"query-input":{"@type":"PropertyValueSpecification","valueRequired":true,"valueName":"search_term_string"}}],"inLanguage":"es"},{"@type":"Organization","@id":"https:\/\/nuevodigitaldeescobar.com.ar\/#organization","name":"Nuevo Digital de Escobar","url":"https:\/\/nuevodigitaldeescobar.com.ar\/","logo":{"@type":"ImageObject","inLanguage":"es","@id":"https:\/\/nuevodigitaldeescobar.com.ar\/#\/schema\/logo\/image\/","url":"https:\/\/nuevodigitaldeescobar.com.ar\/wp-content\/uploads\/2025\/05\/cropped-logo-nuevo2.jpg","contentUrl":"https:\/\/nuevodigitaldeescobar.com.ar\/wp-content\/uploads\/2025\/05\/cropped-logo-nuevo2.jpg","width":305,"height":305,"caption":"Nuevo Digital de Escobar"},"image":{"@id":"https:\/\/nuevodigitaldeescobar.com.ar\/#\/schema\/logo\/image\/"},"sameAs":["https:\/\/www.facebook.com\/NUEVODigitalDeEscobar","https:\/\/x.com\/nuevodigescobar","https:\/\/www.instagram.com\/nuevodigitaldeescobar"]},{"@type":"Person","@id":"https:\/\/nuevodigitaldeescobar.com.ar\/#\/schema\/person\/035e90a8efe9a80e6eec22656ad6ea4c","name":"Redacci\u00f3n","image":{"@type":"ImageObject","inLanguage":"es","@id":"https:\/\/nuevodigitaldeescobar.com.ar\/#\/schema\/person\/image\/","url":"https:\/\/secure.gravatar.com\/avatar\/8af8f40000c24e9eef3034f2be5998a372bb1389e64b1a4a36b3a7979142220d?s=96&d=mm&r=g","contentUrl":"https:\/\/secure.gravatar.com\/avatar\/8af8f40000c24e9eef3034f2be5998a372bb1389e64b1a4a36b3a7979142220d?s=96&d=mm&r=g","caption":"Redacci\u00f3n"},"sameAs":["http:\/\/nuevodigitaldeescobar.com.ar"],"url":"https:\/\/nuevodigitaldeescobar.com.ar\/?author=1"}]}},"featured_image_urls":{"full":["https:\/\/nuevodigitaldeescobar.com.ar\/wp-content\/uploads\/2024\/02\/maximiliano-abad-e1707954650543.jpg",720,442,false],"thumbnail":["https:\/\/nuevodigitaldeescobar.com.ar\/wp-content\/uploads\/2024\/02\/maximiliano-abad-e1707954650543-150x150.jpg",150,150,true],"medium":["https:\/\/nuevodigitaldeescobar.com.ar\/wp-content\/uploads\/2024\/02\/maximiliano-abad-e1707954650543-300x184.jpg",300,184,true],"medium_large":["https:\/\/nuevodigitaldeescobar.com.ar\/wp-content\/uploads\/2024\/02\/maximiliano-abad-768x555.jpg",640,463,true],"large":["https:\/\/nuevodigitaldeescobar.com.ar\/wp-content\/uploads\/2024\/02\/maximiliano-abad-e1707954650543.jpg",640,393,false],"1536x1536":["https:\/\/nuevodigitaldeescobar.com.ar\/wp-content\/uploads\/2024\/02\/maximiliano-abad-e1707954650543.jpg",720,442,false],"2048x2048":["https:\/\/nuevodigitaldeescobar.com.ar\/wp-content\/uploads\/2024\/02\/maximiliano-abad-e1707954650543.jpg",720,442,false]},"author_info":{"display_name":"Redacci\u00f3n","author_link":"https:\/\/nuevodigitaldeescobar.com.ar\/?author=1"},"category_info":"<a href=\"https:\/\/nuevodigitaldeescobar.com.ar\/?cat=6\" rel=\"category\">Pol\u00edtica<\/a>","tag_info":"Pol\u00edtica","comment_count":"0","_links":{"self":[{"href":"https:\/\/nuevodigitaldeescobar.com.ar\/index.php?rest_route=\/wp\/v2\/posts\/3470","targetHints":{"allow":["GET"]}}],"collection":[{"href":"https:\/\/nuevodigitaldeescobar.com.ar\/index.php?rest_route=\/wp\/v2\/posts"}],"about":[{"href":"https:\/\/nuevodigitaldeescobar.com.ar\/index.php?rest_route=\/wp\/v2\/types\/post"}],"author":[{"embeddable":true,"href":"https:\/\/nuevodigitaldeescobar.com.ar\/index.php?rest_route=\/wp\/v2\/users\/1"}],"replies":[{"embeddable":true,"href":"https:\/\/nuevodigitaldeescobar.com.ar\/index.php?rest_route=%2Fwp%2Fv2%2Fcomments&post=3470"}],"version-history":[{"count":2,"href":"https:\/\/nuevodigitaldeescobar.com.ar\/index.php?rest_route=\/wp\/v2\/posts\/3470\/revisions"}],"predecessor-version":[{"id":3474,"href":"https:\/\/nuevodigitaldeescobar.com.ar\/index.php?rest_route=\/wp\/v2\/posts\/3470\/revisions\/3474"}],"wp:featuredmedia":[{"embeddable":true,"href":"https:\/\/nuevodigitaldeescobar.com.ar\/index.php?rest_route=\/wp\/v2\/media\/3472"}],"wp:attachment":[{"href":"https:\/\/nuevodigitaldeescobar.com.ar\/index.php?rest_route=%2Fwp%2Fv2%2Fmedia&parent=3470"}],"wp:term":[{"taxonomy":"category","embeddable":true,"href":"https:\/\/nuevodigitaldeescobar.com.ar\/index.php?rest_route=%2Fwp%2Fv2%2Fcategories&post=3470"},{"taxonomy":"post_tag","embeddable":true,"href":"https:\/\/nuevodigitaldeescobar.com.ar\/index.php?rest_route=%2Fwp%2Fv2%2Ftags&post=3470"}],"curies":[{"name":"wp","href":"https:\/\/api.w.org\/{rel}","templated":true}]}}