{"id":3475,"date":"2024-02-15T07:10:00","date_gmt":"2024-02-15T10:10:00","guid":{"rendered":"https:\/\/nuevodigitaldeescobar.com.ar\/?p=3475"},"modified":"2024-02-15T13:45:28","modified_gmt":"2024-02-15T16:45:28","slug":"abusos-sexuales-a-cambio-de-planes-gravisima-denuncia-de-patricia-bullrich-contra-jorge-capitanich-y-su-gestion-en-chaco","status":"publish","type":"post","link":"https:\/\/nuevodigitaldeescobar.com.ar\/?p=3475","title":{"rendered":"Abusos sexuales a cambio de planes: grav\u00edsima denuncia de Patricia Bullrich contra Jorge Capitanich y su gesti\u00f3n en Chaco"},"content":{"rendered":"<p><span style=\"color: #003366;\"><strong><em>La funcionaria se\u00f1al\u00f3 que avanzar\u00e1n con \u00abun cambio total y absoluto de estos gerentes de la explotaci\u00f3n total y absoluta\u00bb tras las denuncias de una red de trata.<\/em><\/strong><\/span><\/p>\n<p><!--more--><\/p>\n<hr \/>\n<p>Este mi\u00e9rcoles, en conferencia de prensa, la ministra de Seguridad Patricia Bullrich apunt\u00f3 contra los movimientos sociales, sindicatos y tambi\u00e9n contra la gesti\u00f3n de Jorge Capitanich en Chaco, que finaliz\u00f3 tras la derrota electoral del 2023.<\/p>\n<p>En este contexto, Bullrich denunci\u00f3 una red de trata que operaba en la provincia de Chaco, a trav\u00e9s de la entrega de planes sociales, y que seg\u00fan precis\u00f3, era comandada por el dirigente piquetero de la Corriente Clasista y Combativa, Jorge Bregui, detenido y acusado de prostituir mujeres a cambio de otorgar y administrar las asistencias.<\/p>\n<p>Adem\u00e1s de destacar las <em>\u201c80 mil llamadas que hablan de extorsi\u00f3n, aprietes, abusos sexuales, imposiciones\u201d<\/em> en contra de movimientos sociales y sindicatos desde que asumi\u00f3 el gobierno en diciembre, la funcionaria resalt\u00f3 que aplicar\u00e1n <em>\u201cun cambio total y absoluto de estos gerentes, que ya no son gerentes de la pobreza, sino de la explotaci\u00f3n total y absoluta del ser humano utilizando su condici\u00f3n de vulnerabilidad\u201d<\/em>.<\/p>\n<blockquote class=\"twitter-tweet\" data-width=\"550\" data-dnt=\"true\">\n<p lang=\"es\" dir=\"ltr\">LA MAFIA DE LOS PLANES<\/p>\n<p>La ministra de Seguridad, Patricia Bullrich, junto al ministro de Justicia, Mariano C\u00faneo Libarona, el gobernador de la provincia de Chaco, Leandro Zdero, su respectivo ministro de Seguridad, Hugo Matkovich, y el diputado provincial de la mencionada\u2026 <a href=\"https:\/\/t.co\/Ho99T9cDfq\">pic.twitter.com\/Ho99T9cDfq<\/a><\/p>\n<p>&mdash; Ministerio de Seguridad Nacional (@MinSeguridad_Ar) <a href=\"https:\/\/twitter.com\/MinSeguridad_Ar\/status\/1757840686701838373?ref_src=twsrc%5Etfw\">February 14, 2024<\/a><\/p><\/blockquote>\n<p><script async src=\"https:\/\/platform.twitter.com\/widgets.js\" charset=\"utf-8\"><\/script><\/p>\n<p>Durante la conferencia, la ministra Bullrich estuvo acompa\u00f1ada por el ministro de Justicia de la Naci\u00f3n, Mariano C\u00faneo Libarona; el nuevo gobernador de Chaco, Leandro Zdero; el diputado Iv\u00e1n Gy\u00f6ker; y el ministro de Seguridad de esa provincia, Hugo Daniel Matkovich.<\/p>\n<p>Ante esta situaci\u00f3n, el ex gobernador chaque\u00f1o, Jorge Capitanich, fue se\u00f1alado por los ministros que responden al presidente Javier Milei y lo acusaron de tener vinculaciones con la red de trata que reg\u00eda mientras estaba al frente de la provincia. Asimismo, afirmaron que desde el 2010 extorsionaron y abusaron a m\u00e1s de 70 mujeres en esa provincia, que eran <em>\u201centregadas\u201d<\/em> a funcionarios por medio de una organizaci\u00f3n social.<\/p>\n<p>Recordemos que el 2023 estuvo marcado por la desaparici\u00f3n y asesinato de Cecilia Strzyzowski a manos de la familia Sena, l\u00edderes piqueteros de la zona que se hab\u00edan postulado para distintos cargos en la provincia y son extremadamente cercanos al ex gobernador.<\/p>\n<blockquote class=\"twitter-tweet\" data-width=\"550\" data-dnt=\"true\">\n<p lang=\"es\" dir=\"ltr\">70 MUJERES ABUSADAS EN NOMBRE DE LA POL\u00cdTICA SOCIAL<\/p>\n<p>La organizaci\u00f3n criminal que las obligaba a prostituirse bajo amenaza de quitarles los planes sociales en Chaco qued\u00f3 desarticulada. <\/p>\n<p>En esta nueva Argentina no hay lugar para intermediarios que se aprovechen de los m\u00e1s\u2026 <a href=\"https:\/\/t.co\/5YKX4kNWER\">pic.twitter.com\/5YKX4kNWER<\/a><\/p>\n<p>&mdash; Patricia Bullrich (@PatoBullrich) <a href=\"https:\/\/twitter.com\/PatoBullrich\/status\/1757874314483790329?ref_src=twsrc%5Etfw\">February 14, 2024<\/a><\/p><\/blockquote>\n<p><script async src=\"https:\/\/platform.twitter.com\/widgets.js\" charset=\"utf-8\"><\/script><\/p>\n<p>La ministra plante\u00f3 que <em>\u201cel Gobierno anterior de Chaco dej\u00f3 hacer porque sus funcionarios recib\u00edan estas dadivas sexuales. Hasta eso se ha llegado\u201d<\/em>. Por su parte, C\u00faneo Libarona sostuvo que en Chaco opera una matriz delictiva con un proceder sistem\u00e1tico que cuenta con medios y una estructura para mantenerse en el tiempo, por lo que se comprometi\u00f3, instrumentado por el mandatario, a <em>\u201cdestruirla\u201d<\/em>. Adem\u00e1s, cont\u00f3 que trabaja en una nueva figura delictiva, un tipo penal especial, vinculado a los intermediarios de los planes sociales y al fraude con el dinero malversado de las ayudas estatales.<\/p>\n<p>En esa l\u00ednea, prometi\u00f3: <em>\u201cVamos a dar apoyos normativos, proponer nuevos delitos y el incremento de las penas para que se sancione con proporcionalidad y manos justa estos delitos tan aberrantes\u201d<\/em>, prometi\u00f3.<\/p>\n<p>Luego tom\u00f3 la palabra el gobernador Zdero, que decidi\u00f3 luchar contra la corrupci\u00f3n y revel\u00f3 que las denuncias fueron elevadas a la justicia provincial producto del <em>\u201cuso de beneficio sociales para el enriquecimiento de los dirigentes sociales cuando cada vez tenemos m\u00e1s pobres en la provincia del Chaco\u201d<\/em>.<\/p>\n<p><em>(Con informaci\u00f3n de Border Periodismo)<\/em><\/p>\n","protected":false},"excerpt":{"rendered":"<p>La funcionaria se\u00f1al\u00f3 que avanzar\u00e1n con \u00abun cambio total y absoluto de estos gerentes de la explotaci\u00f3n total y absoluta\u00bb tras las denuncias de una [&hellip;]<\/p>\n","protected":false},"author":1,"featured_media":3477,"comment_status":"open","ping_status":"closed","sticky":false,"template":"","format":"standard","meta":{"footnotes":""},"categories":[13,6],"tags":[],"class_list":["post-3475","post","type-post","status-publish","format-standard","has-post-thumbnail","hentry","category-policiales","category-politica"],"better_featured_image":{"id":3477,"alt_text":"","caption":"","description":"","media_type":"image","media_details":{"width":720,"height":405,"file":"2024\/02\/conferencia-seguridad-scaled-e1707964829605.jpg","filesize":408383,"sizes":{"medium":{"file":"conferencia-seguridad-300x169.jpg","width":300,"height":169,"mime-type":"image\/jpeg","filesize":10615,"source_url":"https:\/\/nuevodigitaldeescobar.com.ar\/wp-content\/uploads\/2024\/02\/conferencia-seguridad-300x169.jpg"},"large":{"file":"conferencia-seguridad-1024x576.jpg","width":1024,"height":576,"mime-type":"image\/jpeg","filesize":75611,"source_url":"https:\/\/nuevodigitaldeescobar.com.ar\/wp-content\/uploads\/2024\/02\/conferencia-seguridad-1024x576.jpg"},"thumbnail":{"file":"conferencia-seguridad-150x150.jpg","width":150,"height":150,"mime-type":"image\/jpeg","filesize":5842,"source_url":"https:\/\/nuevodigitaldeescobar.com.ar\/wp-content\/uploads\/2024\/02\/conferencia-seguridad-150x150.jpg"},"medium_large":{"file":"conferencia-seguridad-768x432.jpg","width":768,"height":432,"mime-type":"image\/jpeg","filesize":46159,"source_url":"https:\/\/nuevodigitaldeescobar.com.ar\/wp-content\/uploads\/2024\/02\/conferencia-seguridad-768x432.jpg"},"1536x1536":{"file":"conferencia-seguridad-1536x864.jpg","width":1536,"height":864,"mime-type":"image\/jpeg","filesize":156942,"source_url":"https:\/\/nuevodigitaldeescobar.com.ar\/wp-content\/uploads\/2024\/02\/conferencia-seguridad-1536x864.jpg"},"2048x2048":{"file":"conferencia-seguridad-2048x1152.jpg","width":2048,"height":1152,"mime-type":"image\/jpeg","filesize":268710,"source_url":"https:\/\/nuevodigitaldeescobar.com.ar\/wp-content\/uploads\/2024\/02\/conferencia-seguridad-2048x1152.jpg"}},"image_meta":{"aperture":"0","credit":"","camera":"","caption":"","created_timestamp":"0","copyright":"","focal_length":"0","iso":"0","shutter_speed":"0","title":"","orientation":"0","keywords":[]},"original_image":"conferencia-seguridad.jpg"},"post":3475,"source_url":"https:\/\/nuevodigitaldeescobar.com.ar\/wp-content\/uploads\/2024\/02\/conferencia-seguridad-scaled-e1707964829605.jpg"},"yoast_head":"<!-- This site is optimized with the Yoast SEO plugin v26.1.1 - https:\/\/yoast.com\/wordpress\/plugins\/seo\/ -->\n<title>Abusos sexuales a cambio de planes: grav\u00edsima denuncia de Patricia Bullrich contra Jorge Capitanich y su gesti\u00f3n en Chaco - Nuevo Digital de Escobar<\/title>\n<meta name=\"robots\" content=\"index, follow, max-snippet:-1, max-image-preview:large, max-video-preview:-1\" \/>\n<link rel=\"canonical\" href=\"https:\/\/nuevodigitaldeescobar.com.ar\/?p=3475\" \/>\n<meta property=\"og:locale\" content=\"es_ES\" \/>\n<meta property=\"og:type\" content=\"article\" \/>\n<meta property=\"og:title\" content=\"Abusos sexuales a cambio de planes: grav\u00edsima denuncia de Patricia Bullrich contra Jorge Capitanich y su gesti\u00f3n en Chaco - Nuevo Digital de Escobar\" \/>\n<meta property=\"og:description\" content=\"La funcionaria se\u00f1al\u00f3 que avanzar\u00e1n con \u00abun cambio total y absoluto de estos gerentes de la explotaci\u00f3n total y absoluta\u00bb tras las denuncias de una [&hellip;]\" \/>\n<meta property=\"og:url\" content=\"https:\/\/nuevodigitaldeescobar.com.ar\/?p=3475\" \/>\n<meta property=\"og:site_name\" content=\"Nuevo Digital de Escobar\" \/>\n<meta property=\"article:publisher\" content=\"https:\/\/www.facebook.com\/NUEVODigitalDeEscobar\" \/>\n<meta property=\"article:published_time\" content=\"2024-02-15T10:10:00+00:00\" \/>\n<meta property=\"article:modified_time\" content=\"2024-02-15T16:45:28+00:00\" \/>\n<meta property=\"og:image\" content=\"https:\/\/nuevodigitaldeescobar.com.ar\/wp-content\/uploads\/2024\/02\/conferencia-seguridad-scaled-e1707964829605.jpg\" \/>\n\t<meta property=\"og:image:width\" content=\"720\" \/>\n\t<meta property=\"og:image:height\" content=\"405\" \/>\n\t<meta property=\"og:image:type\" content=\"image\/jpeg\" \/>\n<meta name=\"author\" content=\"Redacci\u00f3n\" \/>\n<meta name=\"twitter:card\" content=\"summary_large_image\" \/>\n<meta name=\"twitter:creator\" content=\"@nuevodigescobar\" \/>\n<meta name=\"twitter:site\" content=\"@nuevodigescobar\" \/>\n<meta name=\"twitter:label1\" content=\"Escrito por\" \/>\n\t<meta name=\"twitter:data1\" content=\"Redacci\u00f3n\" \/>\n\t<meta name=\"twitter:label2\" content=\"Tiempo de lectura\" \/>\n\t<meta name=\"twitter:data2\" content=\"3 minutos\" \/>\n<script type=\"application\/ld+json\" class=\"yoast-schema-graph\">{\"@context\":\"https:\/\/schema.org\",\"@graph\":[{\"@type\":\"Article\",\"@id\":\"https:\/\/nuevodigitaldeescobar.com.ar\/?p=3475#article\",\"isPartOf\":{\"@id\":\"https:\/\/nuevodigitaldeescobar.com.ar\/?p=3475\"},\"author\":{\"name\":\"Redacci\u00f3n\",\"@id\":\"https:\/\/nuevodigitaldeescobar.com.ar\/#\/schema\/person\/035e90a8efe9a80e6eec22656ad6ea4c\"},\"headline\":\"Abusos sexuales a cambio de planes: grav\u00edsima denuncia de Patricia Bullrich contra Jorge Capitanich y su gesti\u00f3n en Chaco\",\"datePublished\":\"2024-02-15T10:10:00+00:00\",\"dateModified\":\"2024-02-15T16:45:28+00:00\",\"mainEntityOfPage\":{\"@id\":\"https:\/\/nuevodigitaldeescobar.com.ar\/?p=3475\"},\"wordCount\":577,\"commentCount\":0,\"publisher\":{\"@id\":\"https:\/\/nuevodigitaldeescobar.com.ar\/#organization\"},\"image\":{\"@id\":\"https:\/\/nuevodigitaldeescobar.com.ar\/?p=3475#primaryimage\"},\"thumbnailUrl\":\"https:\/\/nuevodigitaldeescobar.com.ar\/wp-content\/uploads\/2024\/02\/conferencia-seguridad-scaled-e1707964829605.jpg\",\"articleSection\":[\"Policiales\",\"Pol\u00edtica\"],\"inLanguage\":\"es\",\"potentialAction\":[{\"@type\":\"CommentAction\",\"name\":\"Comment\",\"target\":[\"https:\/\/nuevodigitaldeescobar.com.ar\/?p=3475#respond\"]}]},{\"@type\":\"WebPage\",\"@id\":\"https:\/\/nuevodigitaldeescobar.com.ar\/?p=3475\",\"url\":\"https:\/\/nuevodigitaldeescobar.com.ar\/?p=3475\",\"name\":\"Abusos sexuales a cambio de planes: grav\u00edsima denuncia de Patricia Bullrich contra Jorge Capitanich y su gesti\u00f3n en Chaco - Nuevo Digital de Escobar\",\"isPartOf\":{\"@id\":\"https:\/\/nuevodigitaldeescobar.com.ar\/#website\"},\"primaryImageOfPage\":{\"@id\":\"https:\/\/nuevodigitaldeescobar.com.ar\/?p=3475#primaryimage\"},\"image\":{\"@id\":\"https:\/\/nuevodigitaldeescobar.com.ar\/?p=3475#primaryimage\"},\"thumbnailUrl\":\"https:\/\/nuevodigitaldeescobar.com.ar\/wp-content\/uploads\/2024\/02\/conferencia-seguridad-scaled-e1707964829605.jpg\",\"datePublished\":\"2024-02-15T10:10:00+00:00\",\"dateModified\":\"2024-02-15T16:45:28+00:00\",\"breadcrumb\":{\"@id\":\"https:\/\/nuevodigitaldeescobar.com.ar\/?p=3475#breadcrumb\"},\"inLanguage\":\"es\",\"potentialAction\":[{\"@type\":\"ReadAction\",\"target\":[\"https:\/\/nuevodigitaldeescobar.com.ar\/?p=3475\"]}]},{\"@type\":\"ImageObject\",\"inLanguage\":\"es\",\"@id\":\"https:\/\/nuevodigitaldeescobar.com.ar\/?p=3475#primaryimage\",\"url\":\"https:\/\/nuevodigitaldeescobar.com.ar\/wp-content\/uploads\/2024\/02\/conferencia-seguridad-scaled-e1707964829605.jpg\",\"contentUrl\":\"https:\/\/nuevodigitaldeescobar.com.ar\/wp-content\/uploads\/2024\/02\/conferencia-seguridad-scaled-e1707964829605.jpg\",\"width\":720,\"height\":405},{\"@type\":\"BreadcrumbList\",\"@id\":\"https:\/\/nuevodigitaldeescobar.com.ar\/?p=3475#breadcrumb\",\"itemListElement\":[{\"@type\":\"ListItem\",\"position\":1,\"name\":\"Portada\",\"item\":\"https:\/\/nuevodigitaldeescobar.com.ar\/\"},{\"@type\":\"ListItem\",\"position\":2,\"name\":\"Abusos sexuales a cambio de planes: grav\u00edsima denuncia de Patricia Bullrich contra Jorge Capitanich y su gesti\u00f3n en Chaco\"}]},{\"@type\":\"WebSite\",\"@id\":\"https:\/\/nuevodigitaldeescobar.com.ar\/#website\",\"url\":\"https:\/\/nuevodigitaldeescobar.com.ar\/\",\"name\":\"Nuevo Digital de Escobar\",\"description\":\"La vida escobarense. Directora: Rosana Brunner\",\"publisher\":{\"@id\":\"https:\/\/nuevodigitaldeescobar.com.ar\/#organization\"},\"potentialAction\":[{\"@type\":\"SearchAction\",\"target\":{\"@type\":\"EntryPoint\",\"urlTemplate\":\"https:\/\/nuevodigitaldeescobar.com.ar\/?s={search_term_string}\"},\"query-input\":{\"@type\":\"PropertyValueSpecification\",\"valueRequired\":true,\"valueName\":\"search_term_string\"}}],\"inLanguage\":\"es\"},{\"@type\":\"Organization\",\"@id\":\"https:\/\/nuevodigitaldeescobar.com.ar\/#organization\",\"name\":\"Nuevo Digital de Escobar\",\"url\":\"https:\/\/nuevodigitaldeescobar.com.ar\/\",\"logo\":{\"@type\":\"ImageObject\",\"inLanguage\":\"es\",\"@id\":\"https:\/\/nuevodigitaldeescobar.com.ar\/#\/schema\/logo\/image\/\",\"url\":\"https:\/\/nuevodigitaldeescobar.com.ar\/wp-content\/uploads\/2025\/05\/cropped-logo-nuevo2.jpg\",\"contentUrl\":\"https:\/\/nuevodigitaldeescobar.com.ar\/wp-content\/uploads\/2025\/05\/cropped-logo-nuevo2.jpg\",\"width\":305,\"height\":305,\"caption\":\"Nuevo Digital de Escobar\"},\"image\":{\"@id\":\"https:\/\/nuevodigitaldeescobar.com.ar\/#\/schema\/logo\/image\/\"},\"sameAs\":[\"https:\/\/www.facebook.com\/NUEVODigitalDeEscobar\",\"https:\/\/x.com\/nuevodigescobar\",\"https:\/\/www.instagram.com\/nuevodigitaldeescobar\"]},{\"@type\":\"Person\",\"@id\":\"https:\/\/nuevodigitaldeescobar.com.ar\/#\/schema\/person\/035e90a8efe9a80e6eec22656ad6ea4c\",\"name\":\"Redacci\u00f3n\",\"image\":{\"@type\":\"ImageObject\",\"inLanguage\":\"es\",\"@id\":\"https:\/\/nuevodigitaldeescobar.com.ar\/#\/schema\/person\/image\/\",\"url\":\"https:\/\/secure.gravatar.com\/avatar\/8af8f40000c24e9eef3034f2be5998a372bb1389e64b1a4a36b3a7979142220d?s=96&d=mm&r=g\",\"contentUrl\":\"https:\/\/secure.gravatar.com\/avatar\/8af8f40000c24e9eef3034f2be5998a372bb1389e64b1a4a36b3a7979142220d?s=96&d=mm&r=g\",\"caption\":\"Redacci\u00f3n\"},\"sameAs\":[\"http:\/\/nuevodigitaldeescobar.com.ar\"],\"url\":\"https:\/\/nuevodigitaldeescobar.com.ar\/?author=1\"}]}<\/script>\n<!-- \/ Yoast SEO plugin. -->","yoast_head_json":{"title":"Abusos sexuales a cambio de planes: grav\u00edsima denuncia de Patricia Bullrich contra Jorge Capitanich y su gesti\u00f3n en Chaco - Nuevo Digital de Escobar","robots":{"index":"index","follow":"follow","max-snippet":"max-snippet:-1","max-image-preview":"max-image-preview:large","max-video-preview":"max-video-preview:-1"},"canonical":"https:\/\/nuevodigitaldeescobar.com.ar\/?p=3475","og_locale":"es_ES","og_type":"article","og_title":"Abusos sexuales a cambio de planes: grav\u00edsima denuncia de Patricia Bullrich contra Jorge Capitanich y su gesti\u00f3n en Chaco - Nuevo Digital de Escobar","og_description":"La funcionaria se\u00f1al\u00f3 que avanzar\u00e1n con \u00abun cambio total y absoluto de estos gerentes de la explotaci\u00f3n total y absoluta\u00bb tras las denuncias de una [&hellip;]","og_url":"https:\/\/nuevodigitaldeescobar.com.ar\/?p=3475","og_site_name":"Nuevo Digital de Escobar","article_publisher":"https:\/\/www.facebook.com\/NUEVODigitalDeEscobar","article_published_time":"2024-02-15T10:10:00+00:00","article_modified_time":"2024-02-15T16:45:28+00:00","og_image":[{"width":720,"height":405,"url":"https:\/\/nuevodigitaldeescobar.com.ar\/wp-content\/uploads\/2024\/02\/conferencia-seguridad-scaled-e1707964829605.jpg","type":"image\/jpeg"}],"author":"Redacci\u00f3n","twitter_card":"summary_large_image","twitter_creator":"@nuevodigescobar","twitter_site":"@nuevodigescobar","twitter_misc":{"Escrito por":"Redacci\u00f3n","Tiempo de lectura":"3 minutos"},"schema":{"@context":"https:\/\/schema.org","@graph":[{"@type":"Article","@id":"https:\/\/nuevodigitaldeescobar.com.ar\/?p=3475#article","isPartOf":{"@id":"https:\/\/nuevodigitaldeescobar.com.ar\/?p=3475"},"author":{"name":"Redacci\u00f3n","@id":"https:\/\/nuevodigitaldeescobar.com.ar\/#\/schema\/person\/035e90a8efe9a80e6eec22656ad6ea4c"},"headline":"Abusos sexuales a cambio de planes: grav\u00edsima denuncia de Patricia Bullrich contra Jorge Capitanich y su gesti\u00f3n en Chaco","datePublished":"2024-02-15T10:10:00+00:00","dateModified":"2024-02-15T16:45:28+00:00","mainEntityOfPage":{"@id":"https:\/\/nuevodigitaldeescobar.com.ar\/?p=3475"},"wordCount":577,"commentCount":0,"publisher":{"@id":"https:\/\/nuevodigitaldeescobar.com.ar\/#organization"},"image":{"@id":"https:\/\/nuevodigitaldeescobar.com.ar\/?p=3475#primaryimage"},"thumbnailUrl":"https:\/\/nuevodigitaldeescobar.com.ar\/wp-content\/uploads\/2024\/02\/conferencia-seguridad-scaled-e1707964829605.jpg","articleSection":["Policiales","Pol\u00edtica"],"inLanguage":"es","potentialAction":[{"@type":"CommentAction","name":"Comment","target":["https:\/\/nuevodigitaldeescobar.com.ar\/?p=3475#respond"]}]},{"@type":"WebPage","@id":"https:\/\/nuevodigitaldeescobar.com.ar\/?p=3475","url":"https:\/\/nuevodigitaldeescobar.com.ar\/?p=3475","name":"Abusos sexuales a cambio de planes: grav\u00edsima denuncia de Patricia Bullrich contra Jorge Capitanich y su gesti\u00f3n en Chaco - Nuevo Digital de Escobar","isPartOf":{"@id":"https:\/\/nuevodigitaldeescobar.com.ar\/#website"},"primaryImageOfPage":{"@id":"https:\/\/nuevodigitaldeescobar.com.ar\/?p=3475#primaryimage"},"image":{"@id":"https:\/\/nuevodigitaldeescobar.com.ar\/?p=3475#primaryimage"},"thumbnailUrl":"https:\/\/nuevodigitaldeescobar.com.ar\/wp-content\/uploads\/2024\/02\/conferencia-seguridad-scaled-e1707964829605.jpg","datePublished":"2024-02-15T10:10:00+00:00","dateModified":"2024-02-15T16:45:28+00:00","breadcrumb":{"@id":"https:\/\/nuevodigitaldeescobar.com.ar\/?p=3475#breadcrumb"},"inLanguage":"es","potentialAction":[{"@type":"ReadAction","target":["https:\/\/nuevodigitaldeescobar.com.ar\/?p=3475"]}]},{"@type":"ImageObject","inLanguage":"es","@id":"https:\/\/nuevodigitaldeescobar.com.ar\/?p=3475#primaryimage","url":"https:\/\/nuevodigitaldeescobar.com.ar\/wp-content\/uploads\/2024\/02\/conferencia-seguridad-scaled-e1707964829605.jpg","contentUrl":"https:\/\/nuevodigitaldeescobar.com.ar\/wp-content\/uploads\/2024\/02\/conferencia-seguridad-scaled-e1707964829605.jpg","width":720,"height":405},{"@type":"BreadcrumbList","@id":"https:\/\/nuevodigitaldeescobar.com.ar\/?p=3475#breadcrumb","itemListElement":[{"@type":"ListItem","position":1,"name":"Portada","item":"https:\/\/nuevodigitaldeescobar.com.ar\/"},{"@type":"ListItem","position":2,"name":"Abusos sexuales a cambio de planes: grav\u00edsima denuncia de Patricia Bullrich contra Jorge Capitanich y su gesti\u00f3n en Chaco"}]},{"@type":"WebSite","@id":"https:\/\/nuevodigitaldeescobar.com.ar\/#website","url":"https:\/\/nuevodigitaldeescobar.com.ar\/","name":"Nuevo Digital de Escobar","description":"La vida escobarense. Directora: Rosana Brunner","publisher":{"@id":"https:\/\/nuevodigitaldeescobar.com.ar\/#organization"},"potentialAction":[{"@type":"SearchAction","target":{"@type":"EntryPoint","urlTemplate":"https:\/\/nuevodigitaldeescobar.com.ar\/?s={search_term_string}"},"query-input":{"@type":"PropertyValueSpecification","valueRequired":true,"valueName":"search_term_string"}}],"inLanguage":"es"},{"@type":"Organization","@id":"https:\/\/nuevodigitaldeescobar.com.ar\/#organization","name":"Nuevo Digital de Escobar","url":"https:\/\/nuevodigitaldeescobar.com.ar\/","logo":{"@type":"ImageObject","inLanguage":"es","@id":"https:\/\/nuevodigitaldeescobar.com.ar\/#\/schema\/logo\/image\/","url":"https:\/\/nuevodigitaldeescobar.com.ar\/wp-content\/uploads\/2025\/05\/cropped-logo-nuevo2.jpg","contentUrl":"https:\/\/nuevodigitaldeescobar.com.ar\/wp-content\/uploads\/2025\/05\/cropped-logo-nuevo2.jpg","width":305,"height":305,"caption":"Nuevo Digital de Escobar"},"image":{"@id":"https:\/\/nuevodigitaldeescobar.com.ar\/#\/schema\/logo\/image\/"},"sameAs":["https:\/\/www.facebook.com\/NUEVODigitalDeEscobar","https:\/\/x.com\/nuevodigescobar","https:\/\/www.instagram.com\/nuevodigitaldeescobar"]},{"@type":"Person","@id":"https:\/\/nuevodigitaldeescobar.com.ar\/#\/schema\/person\/035e90a8efe9a80e6eec22656ad6ea4c","name":"Redacci\u00f3n","image":{"@type":"ImageObject","inLanguage":"es","@id":"https:\/\/nuevodigitaldeescobar.com.ar\/#\/schema\/person\/image\/","url":"https:\/\/secure.gravatar.com\/avatar\/8af8f40000c24e9eef3034f2be5998a372bb1389e64b1a4a36b3a7979142220d?s=96&d=mm&r=g","contentUrl":"https:\/\/secure.gravatar.com\/avatar\/8af8f40000c24e9eef3034f2be5998a372bb1389e64b1a4a36b3a7979142220d?s=96&d=mm&r=g","caption":"Redacci\u00f3n"},"sameAs":["http:\/\/nuevodigitaldeescobar.com.ar"],"url":"https:\/\/nuevodigitaldeescobar.com.ar\/?author=1"}]}},"featured_image_urls":{"full":["https:\/\/nuevodigitaldeescobar.com.ar\/wp-content\/uploads\/2024\/02\/conferencia-seguridad-scaled-e1707964829605.jpg",720,405,false],"thumbnail":["https:\/\/nuevodigitaldeescobar.com.ar\/wp-content\/uploads\/2024\/02\/conferencia-seguridad-150x150.jpg",150,150,true],"medium":["https:\/\/nuevodigitaldeescobar.com.ar\/wp-content\/uploads\/2024\/02\/conferencia-seguridad-300x169.jpg",300,169,true],"medium_large":["https:\/\/nuevodigitaldeescobar.com.ar\/wp-content\/uploads\/2024\/02\/conferencia-seguridad-768x432.jpg",640,360,true],"large":["https:\/\/nuevodigitaldeescobar.com.ar\/wp-content\/uploads\/2024\/02\/conferencia-seguridad-1024x576.jpg",640,360,true],"1536x1536":["https:\/\/nuevodigitaldeescobar.com.ar\/wp-content\/uploads\/2024\/02\/conferencia-seguridad-1536x864.jpg",1536,864,true],"2048x2048":["https:\/\/nuevodigitaldeescobar.com.ar\/wp-content\/uploads\/2024\/02\/conferencia-seguridad-2048x1152.jpg",2048,1152,true]},"author_info":{"display_name":"Redacci\u00f3n","author_link":"https:\/\/nuevodigitaldeescobar.com.ar\/?author=1"},"category_info":"<a href=\"https:\/\/nuevodigitaldeescobar.com.ar\/?cat=13\" rel=\"category\">Policiales<\/a> <a href=\"https:\/\/nuevodigitaldeescobar.com.ar\/?cat=6\" rel=\"category\">Pol\u00edtica<\/a>","tag_info":"Pol\u00edtica","comment_count":"0","_links":{"self":[{"href":"https:\/\/nuevodigitaldeescobar.com.ar\/index.php?rest_route=\/wp\/v2\/posts\/3475","targetHints":{"allow":["GET"]}}],"collection":[{"href":"https:\/\/nuevodigitaldeescobar.com.ar\/index.php?rest_route=\/wp\/v2\/posts"}],"about":[{"href":"https:\/\/nuevodigitaldeescobar.com.ar\/index.php?rest_route=\/wp\/v2\/types\/post"}],"author":[{"embeddable":true,"href":"https:\/\/nuevodigitaldeescobar.com.ar\/index.php?rest_route=\/wp\/v2\/users\/1"}],"replies":[{"embeddable":true,"href":"https:\/\/nuevodigitaldeescobar.com.ar\/index.php?rest_route=%2Fwp%2Fv2%2Fcomments&post=3475"}],"version-history":[{"count":1,"href":"https:\/\/nuevodigitaldeescobar.com.ar\/index.php?rest_route=\/wp\/v2\/posts\/3475\/revisions"}],"predecessor-version":[{"id":3478,"href":"https:\/\/nuevodigitaldeescobar.com.ar\/index.php?rest_route=\/wp\/v2\/posts\/3475\/revisions\/3478"}],"wp:featuredmedia":[{"embeddable":true,"href":"https:\/\/nuevodigitaldeescobar.com.ar\/index.php?rest_route=\/wp\/v2\/media\/3477"}],"wp:attachment":[{"href":"https:\/\/nuevodigitaldeescobar.com.ar\/index.php?rest_route=%2Fwp%2Fv2%2Fmedia&parent=3475"}],"wp:term":[{"taxonomy":"category","embeddable":true,"href":"https:\/\/nuevodigitaldeescobar.com.ar\/index.php?rest_route=%2Fwp%2Fv2%2Fcategories&post=3475"},{"taxonomy":"post_tag","embeddable":true,"href":"https:\/\/nuevodigitaldeescobar.com.ar\/index.php?rest_route=%2Fwp%2Fv2%2Ftags&post=3475"}],"curies":[{"name":"wp","href":"https:\/\/api.w.org\/{rel}","templated":true}]}}