{"id":3612,"date":"2024-02-20T13:37:11","date_gmt":"2024-02-20T16:37:11","guid":{"rendered":"https:\/\/nuevodigitaldeescobar.com.ar\/?p=3612"},"modified":"2024-02-20T13:37:23","modified_gmt":"2024-02-20T16:37:23","slug":"procesaron-a-emerenciano-sena-y-a-un-ex-funcionario-de-capitanich-por-trata-de-personas","status":"publish","type":"post","link":"https:\/\/nuevodigitaldeescobar.com.ar\/?p=3612","title":{"rendered":"Procesaron a Emerenciano Sena y a un ex funcionario de Capitanich por trata de personas"},"content":{"rendered":"<p><span style=\"color: #003366;\"><strong><em>El caso fue denunciado por Sergio Schoklender en 2010 y se reactiv\u00f3 tras el asesinato de Cecilia Strzyzowski. Tambi\u00e9n fue procesada Marcela Acu\u00f1a.<\/em><\/strong><\/span><\/p>\n<p><!--more--><\/p>\n<hr \/>\n<p>La jueza federal de Chaco Zunilda Niremperger proces\u00f3 hoy al dirigente piquetero Emerenciano Sena, a su mujer Marcela Acu\u00f1a, y a Osmar <em>\u201cQuint\u00edn\u201d<\/em> G\u00f3mez, un ex funcionario del gobierno de Jorge Capitanich y allegado a los Sena, en una causa por el delito de trata de personas.<\/p>\n<p>El expediente comenz\u00f3 en 2010, cuando Sergio Schoklender estaba al frente del programa Sue\u00f1os Compartidos y acus\u00f3 al piquetero, entre otros delitos, de someter a la servidumbre a las personas que trabajaban en un predio ubicado sobre la ruta 11.<\/p>\n<p>La causa estuvo parada durante casi 13 a\u00f1os, pero fue reactivada por el fiscal Patricio Sabadini, tras el asesinato de Cecilia Strzyzowski, con nuevos testimonios.<\/p>\n<p>Una de las testigos, Marcela Beatriz Leiva, cont\u00f3 c\u00f3mo lleg\u00f3 al clan Sena y revel\u00f3 las condiciones en las que trabajaban. <em>\u201cEl trato era siempre malo, hab\u00eda insultos, denigraban a todos los trabajadores, los manipulaban y amenazaban. Los obligaban a ir a las plazas para mostrar la fuerza que ten\u00eda el movimiento, les dec\u00edan que deb\u00edan llevar a los chicos para que estos aprendan el esp\u00edritu de lucha y a la vez sirvan de escudo para que no los repriman\u201d<\/em>, declar\u00f3 ante la Fiscal\u00eda.<\/p>\n<p>Sabadini tambi\u00e9n cit\u00f3 a Mar\u00eda Soledad Vega, quien ratific\u00f3 el maltrato que sufr\u00edan los trabajadores. <em>\u201cUn d\u00eda Marcela Acu\u00f1a golpe\u00f3 a una compa\u00f1era llamada Alejandra cuando estaba trabajando porque dec\u00eda que provocaba a los compa\u00f1eros y la humill\u00f3 despu\u00e9s en una reuni\u00f3n ante todos\u201d<\/em>, record\u00f3.<\/p>\n<p>Tambi\u00e9n declar\u00f3 Schoklender, quien le apunt\u00f3 al rol del gobernador Jorge Capitanich: <em>\u201cHubo una decisio\u0301n poli\u0301tica de la gobernacio\u0301n de negociar entre comillas con Emerenciano Sena y Marcela Acun\u0303a para no generar conflicto y cortes de puente y cortes en la ciudad\u201d<\/em>, sostuvo. El ex apoderado se reuni\u00f3 en ese momento con el gobernador y le explic\u00f3 los motivos del conflicto. Seg\u00fan el ex apoderado de las Madres, Sena pretend\u00eda que los pagos a los obreros se realicen en efectivo para <em>\u201cmanejar el dinero\u201d<\/em>. En cambio, la Fundaci\u00f3n impulsaba la bancarizaci\u00f3n de todos los empleados.<\/p>\n<p>Al comienzo, la causa estuvo a cargo del fiscal subrogante Gustavo Corregido, quien pidi\u00f3 imputar a los tres acusados, pero se encontr\u00f3 con la negativa del juez Carlos Skidelsky. La C\u00e1mara finalmente orden\u00f3 revocar ese fallo, pero la causa qued\u00f3 cajoneada durante a\u00f1os.<\/p>\n<p>La denuncia original de Schoklender apuntaba a tres delitos:<\/p>\n<p>1) Sometimiento a servidumbre a los trabajadores que prestaban servicios en el lugar, a quienes bajo extorsi\u00f3n y amenaza le sacaban parte de sus salarios, los somet\u00edan a horarios extendidos de trabajo, sin permitirles salir del predio, tambi\u00e9n deb\u00edan asistir a las protestas sociales y desobedecer las directivas de la fundaci\u00f3n Madres de Plaza de Mayo, lo que incluy\u00f3 el cese de actividades<\/p>\n<p>2) Sustracci\u00f3n y apoderamiento ileg\u00edtimo de ropa de trabajo, equipos de seguridad (cascos, barbijos, antiparras, etc.), dinero remitido para gastos de alimentaci\u00f3n y materiales de construcci\u00f3n- de aproximadamente 40 viviendas- remitidos por la Fundaci\u00f3n<\/p>\n<p>3) Usurpaci\u00f3n del predio del ex campo de tiro, cuya tenencia hab\u00eda sido conferida por el estado provincial a la Fundaci\u00f3n para cumplir la finalidad de los convenios.<\/p>\n<p>Para ese entonces, ya hab\u00eda explotado la guerra entre Schoklender y Sena. En respuesta a la denuncia, Sena habl\u00f3 de desmanejos financieros y hasta de <em>\u201cgrupos armados\u201d<\/em> que fueron trasladados al Chaco para amedrentar a los obreros.<\/p>\n<p>Tras un extenso proceso, la jueza Niremperger proces\u00f3 hoy a los Sena y a Osmar G\u00f3mez -designado en 2012 como empleado de la Secretar\u00eda General de la Gobernaci\u00f3n y actualmente detenido por un caso de abuso sexual- por el delito de trata de personas y trab\u00f3 un embargo sobre sus bienes hasta cubrir la suma de $31.000.000. <em>\u201cAnte el escenario descripto, las conclusiones del personal especializado interviniente, sumado a los dichos especi\u0301ficos de los trabajadores y de los agentes involucrados en los procedimientos llevados a cabo en el predio del Campo de Tiro, lucen cuanto menos suficientes para dar cuenta del contexto de aprovechamiento existente\u201d<\/em>, dice la resoluci\u00f3n de m\u00e1s de 60 carillas.<\/p>\n<p>Y agrega: <em>\u201cNo puede soslayarse la actitud intimidatoria que la posici\u00f3n asumida por los imputados ejerci\u0301a sobre las v\u00edctimas; por cuanto podi\u0301an decidir sobre su salario ya que al principio eran ellos los encargados de abonar los haberes en efectivo y de hacer firmar los recibos; como asi\u0301, eran quienes decidi\u0301an las horas que se registraban como laboradas ya que las tarjetas estaban en poder de los imputados y sus personas de confianza. Aunado al modo en que asumieron la direccio\u0301n del proyecto en el predio\u201d<\/em>.<\/p>\n<p>Sena y su mujer permanecen bajo prisi\u00f3n preventiva por el crimen de Cecilia y hace un mes fueron trasladados a c\u00e1rceles comunes. Esa investigaci\u00f3n contin\u00faa su curso para tratar de esclarecer c\u00f3mo desecharon el cuerpo.<\/p>\n<p><em>(Infobae)<\/em><\/p>\n","protected":false},"excerpt":{"rendered":"<p>El caso fue denunciado por Sergio Schoklender en 2010 y se reactiv\u00f3 tras el asesinato de Cecilia Strzyzowski. Tambi\u00e9n fue procesada Marcela Acu\u00f1a.<\/p>\n","protected":false},"author":1,"featured_media":3613,"comment_status":"open","ping_status":"closed","sticky":false,"template":"","format":"standard","meta":{"footnotes":""},"categories":[61],"tags":[],"class_list":["post-3612","post","type-post","status-publish","format-standard","has-post-thumbnail","hentry","category-nacionales"],"better_featured_image":{"id":3613,"alt_text":"","caption":"","description":"","media_type":"image","media_details":{"width":720,"height":405,"file":"2024\/02\/clan-sena-e1708447023438.jpg","filesize":71380,"sizes":{"medium":{"file":"clan-sena-300x169.jpg","width":300,"height":169,"mime-type":"image\/jpeg","filesize":13537,"source_url":"https:\/\/nuevodigitaldeescobar.com.ar\/wp-content\/uploads\/2024\/02\/clan-sena-300x169.jpg"},"thumbnail":{"file":"clan-sena-150x150.jpg","width":150,"height":150,"mime-type":"image\/jpeg","filesize":7097,"source_url":"https:\/\/nuevodigitaldeescobar.com.ar\/wp-content\/uploads\/2024\/02\/clan-sena-150x150.jpg"}},"image_meta":{"aperture":"0","credit":"","camera":"","caption":"","created_timestamp":"0","copyright":"","focal_length":"0","iso":"0","shutter_speed":"0","title":"","orientation":"0","keywords":[]}},"post":3612,"source_url":"https:\/\/nuevodigitaldeescobar.com.ar\/wp-content\/uploads\/2024\/02\/clan-sena-e1708447023438.jpg"},"yoast_head":"<!-- This site is optimized with the Yoast SEO plugin v26.1.1 - https:\/\/yoast.com\/wordpress\/plugins\/seo\/ -->\n<title>Procesaron a Emerenciano Sena y a un ex funcionario de Capitanich por trata de personas - Nuevo Digital de Escobar<\/title>\n<meta name=\"robots\" content=\"index, follow, max-snippet:-1, max-image-preview:large, max-video-preview:-1\" \/>\n<link rel=\"canonical\" href=\"https:\/\/nuevodigitaldeescobar.com.ar\/?p=3612\" \/>\n<meta property=\"og:locale\" content=\"es_ES\" \/>\n<meta property=\"og:type\" content=\"article\" \/>\n<meta property=\"og:title\" content=\"Procesaron a Emerenciano Sena y a un ex funcionario de Capitanich por trata de personas - Nuevo Digital de Escobar\" \/>\n<meta property=\"og:description\" content=\"El caso fue denunciado por Sergio Schoklender en 2010 y se reactiv\u00f3 tras el asesinato de Cecilia Strzyzowski. Tambi\u00e9n fue procesada Marcela Acu\u00f1a.\" \/>\n<meta property=\"og:url\" content=\"https:\/\/nuevodigitaldeescobar.com.ar\/?p=3612\" \/>\n<meta property=\"og:site_name\" content=\"Nuevo Digital de Escobar\" \/>\n<meta property=\"article:publisher\" content=\"https:\/\/www.facebook.com\/NUEVODigitalDeEscobar\" \/>\n<meta property=\"article:published_time\" content=\"2024-02-20T16:37:11+00:00\" \/>\n<meta property=\"article:modified_time\" content=\"2024-02-20T16:37:23+00:00\" \/>\n<meta property=\"og:image\" content=\"https:\/\/nuevodigitaldeescobar.com.ar\/wp-content\/uploads\/2024\/02\/clan-sena-e1708447023438.jpg\" \/>\n\t<meta property=\"og:image:width\" content=\"720\" \/>\n\t<meta property=\"og:image:height\" content=\"405\" \/>\n\t<meta property=\"og:image:type\" content=\"image\/jpeg\" \/>\n<meta name=\"author\" content=\"Redacci\u00f3n\" \/>\n<meta name=\"twitter:card\" content=\"summary_large_image\" \/>\n<meta name=\"twitter:creator\" content=\"@nuevodigescobar\" \/>\n<meta name=\"twitter:site\" content=\"@nuevodigescobar\" \/>\n<meta name=\"twitter:label1\" content=\"Escrito por\" \/>\n\t<meta name=\"twitter:data1\" content=\"Redacci\u00f3n\" \/>\n\t<meta name=\"twitter:label2\" content=\"Tiempo de lectura\" \/>\n\t<meta name=\"twitter:data2\" content=\"4 minutos\" \/>\n<script type=\"application\/ld+json\" class=\"yoast-schema-graph\">{\"@context\":\"https:\/\/schema.org\",\"@graph\":[{\"@type\":\"Article\",\"@id\":\"https:\/\/nuevodigitaldeescobar.com.ar\/?p=3612#article\",\"isPartOf\":{\"@id\":\"https:\/\/nuevodigitaldeescobar.com.ar\/?p=3612\"},\"author\":{\"name\":\"Redacci\u00f3n\",\"@id\":\"https:\/\/nuevodigitaldeescobar.com.ar\/#\/schema\/person\/035e90a8efe9a80e6eec22656ad6ea4c\"},\"headline\":\"Procesaron a Emerenciano Sena y a un ex funcionario de Capitanich por trata de personas\",\"datePublished\":\"2024-02-20T16:37:11+00:00\",\"dateModified\":\"2024-02-20T16:37:23+00:00\",\"mainEntityOfPage\":{\"@id\":\"https:\/\/nuevodigitaldeescobar.com.ar\/?p=3612\"},\"wordCount\":878,\"commentCount\":0,\"publisher\":{\"@id\":\"https:\/\/nuevodigitaldeescobar.com.ar\/#organization\"},\"image\":{\"@id\":\"https:\/\/nuevodigitaldeescobar.com.ar\/?p=3612#primaryimage\"},\"thumbnailUrl\":\"https:\/\/nuevodigitaldeescobar.com.ar\/wp-content\/uploads\/2024\/02\/clan-sena-e1708447023438.jpg\",\"articleSection\":[\"Nacionales\"],\"inLanguage\":\"es\",\"potentialAction\":[{\"@type\":\"CommentAction\",\"name\":\"Comment\",\"target\":[\"https:\/\/nuevodigitaldeescobar.com.ar\/?p=3612#respond\"]}]},{\"@type\":\"WebPage\",\"@id\":\"https:\/\/nuevodigitaldeescobar.com.ar\/?p=3612\",\"url\":\"https:\/\/nuevodigitaldeescobar.com.ar\/?p=3612\",\"name\":\"Procesaron a Emerenciano Sena y a un ex funcionario de Capitanich por trata de personas - Nuevo Digital de Escobar\",\"isPartOf\":{\"@id\":\"https:\/\/nuevodigitaldeescobar.com.ar\/#website\"},\"primaryImageOfPage\":{\"@id\":\"https:\/\/nuevodigitaldeescobar.com.ar\/?p=3612#primaryimage\"},\"image\":{\"@id\":\"https:\/\/nuevodigitaldeescobar.com.ar\/?p=3612#primaryimage\"},\"thumbnailUrl\":\"https:\/\/nuevodigitaldeescobar.com.ar\/wp-content\/uploads\/2024\/02\/clan-sena-e1708447023438.jpg\",\"datePublished\":\"2024-02-20T16:37:11+00:00\",\"dateModified\":\"2024-02-20T16:37:23+00:00\",\"breadcrumb\":{\"@id\":\"https:\/\/nuevodigitaldeescobar.com.ar\/?p=3612#breadcrumb\"},\"inLanguage\":\"es\",\"potentialAction\":[{\"@type\":\"ReadAction\",\"target\":[\"https:\/\/nuevodigitaldeescobar.com.ar\/?p=3612\"]}]},{\"@type\":\"ImageObject\",\"inLanguage\":\"es\",\"@id\":\"https:\/\/nuevodigitaldeescobar.com.ar\/?p=3612#primaryimage\",\"url\":\"https:\/\/nuevodigitaldeescobar.com.ar\/wp-content\/uploads\/2024\/02\/clan-sena-e1708447023438.jpg\",\"contentUrl\":\"https:\/\/nuevodigitaldeescobar.com.ar\/wp-content\/uploads\/2024\/02\/clan-sena-e1708447023438.jpg\",\"width\":720,\"height\":405},{\"@type\":\"BreadcrumbList\",\"@id\":\"https:\/\/nuevodigitaldeescobar.com.ar\/?p=3612#breadcrumb\",\"itemListElement\":[{\"@type\":\"ListItem\",\"position\":1,\"name\":\"Portada\",\"item\":\"https:\/\/nuevodigitaldeescobar.com.ar\/\"},{\"@type\":\"ListItem\",\"position\":2,\"name\":\"Procesaron a Emerenciano Sena y a un ex funcionario de Capitanich por trata de personas\"}]},{\"@type\":\"WebSite\",\"@id\":\"https:\/\/nuevodigitaldeescobar.com.ar\/#website\",\"url\":\"https:\/\/nuevodigitaldeescobar.com.ar\/\",\"name\":\"Nuevo Digital de Escobar\",\"description\":\"La vida escobarense. Directora: Rosana Brunner\",\"publisher\":{\"@id\":\"https:\/\/nuevodigitaldeescobar.com.ar\/#organization\"},\"potentialAction\":[{\"@type\":\"SearchAction\",\"target\":{\"@type\":\"EntryPoint\",\"urlTemplate\":\"https:\/\/nuevodigitaldeescobar.com.ar\/?s={search_term_string}\"},\"query-input\":{\"@type\":\"PropertyValueSpecification\",\"valueRequired\":true,\"valueName\":\"search_term_string\"}}],\"inLanguage\":\"es\"},{\"@type\":\"Organization\",\"@id\":\"https:\/\/nuevodigitaldeescobar.com.ar\/#organization\",\"name\":\"Nuevo Digital de Escobar\",\"url\":\"https:\/\/nuevodigitaldeescobar.com.ar\/\",\"logo\":{\"@type\":\"ImageObject\",\"inLanguage\":\"es\",\"@id\":\"https:\/\/nuevodigitaldeescobar.com.ar\/#\/schema\/logo\/image\/\",\"url\":\"https:\/\/nuevodigitaldeescobar.com.ar\/wp-content\/uploads\/2025\/05\/cropped-logo-nuevo2.jpg\",\"contentUrl\":\"https:\/\/nuevodigitaldeescobar.com.ar\/wp-content\/uploads\/2025\/05\/cropped-logo-nuevo2.jpg\",\"width\":305,\"height\":305,\"caption\":\"Nuevo Digital de Escobar\"},\"image\":{\"@id\":\"https:\/\/nuevodigitaldeescobar.com.ar\/#\/schema\/logo\/image\/\"},\"sameAs\":[\"https:\/\/www.facebook.com\/NUEVODigitalDeEscobar\",\"https:\/\/x.com\/nuevodigescobar\",\"https:\/\/www.instagram.com\/nuevodigitaldeescobar\"]},{\"@type\":\"Person\",\"@id\":\"https:\/\/nuevodigitaldeescobar.com.ar\/#\/schema\/person\/035e90a8efe9a80e6eec22656ad6ea4c\",\"name\":\"Redacci\u00f3n\",\"image\":{\"@type\":\"ImageObject\",\"inLanguage\":\"es\",\"@id\":\"https:\/\/nuevodigitaldeescobar.com.ar\/#\/schema\/person\/image\/\",\"url\":\"https:\/\/secure.gravatar.com\/avatar\/8af8f40000c24e9eef3034f2be5998a372bb1389e64b1a4a36b3a7979142220d?s=96&d=mm&r=g\",\"contentUrl\":\"https:\/\/secure.gravatar.com\/avatar\/8af8f40000c24e9eef3034f2be5998a372bb1389e64b1a4a36b3a7979142220d?s=96&d=mm&r=g\",\"caption\":\"Redacci\u00f3n\"},\"sameAs\":[\"http:\/\/nuevodigitaldeescobar.com.ar\"],\"url\":\"https:\/\/nuevodigitaldeescobar.com.ar\/?author=1\"}]}<\/script>\n<!-- \/ Yoast SEO plugin. -->","yoast_head_json":{"title":"Procesaron a Emerenciano Sena y a un ex funcionario de Capitanich por trata de personas - Nuevo Digital de Escobar","robots":{"index":"index","follow":"follow","max-snippet":"max-snippet:-1","max-image-preview":"max-image-preview:large","max-video-preview":"max-video-preview:-1"},"canonical":"https:\/\/nuevodigitaldeescobar.com.ar\/?p=3612","og_locale":"es_ES","og_type":"article","og_title":"Procesaron a Emerenciano Sena y a un ex funcionario de Capitanich por trata de personas - Nuevo Digital de Escobar","og_description":"El caso fue denunciado por Sergio Schoklender en 2010 y se reactiv\u00f3 tras el asesinato de Cecilia Strzyzowski. Tambi\u00e9n fue procesada Marcela Acu\u00f1a.","og_url":"https:\/\/nuevodigitaldeescobar.com.ar\/?p=3612","og_site_name":"Nuevo Digital de Escobar","article_publisher":"https:\/\/www.facebook.com\/NUEVODigitalDeEscobar","article_published_time":"2024-02-20T16:37:11+00:00","article_modified_time":"2024-02-20T16:37:23+00:00","og_image":[{"width":720,"height":405,"url":"https:\/\/nuevodigitaldeescobar.com.ar\/wp-content\/uploads\/2024\/02\/clan-sena-e1708447023438.jpg","type":"image\/jpeg"}],"author":"Redacci\u00f3n","twitter_card":"summary_large_image","twitter_creator":"@nuevodigescobar","twitter_site":"@nuevodigescobar","twitter_misc":{"Escrito por":"Redacci\u00f3n","Tiempo de lectura":"4 minutos"},"schema":{"@context":"https:\/\/schema.org","@graph":[{"@type":"Article","@id":"https:\/\/nuevodigitaldeescobar.com.ar\/?p=3612#article","isPartOf":{"@id":"https:\/\/nuevodigitaldeescobar.com.ar\/?p=3612"},"author":{"name":"Redacci\u00f3n","@id":"https:\/\/nuevodigitaldeescobar.com.ar\/#\/schema\/person\/035e90a8efe9a80e6eec22656ad6ea4c"},"headline":"Procesaron a Emerenciano Sena y a un ex funcionario de Capitanich por trata de personas","datePublished":"2024-02-20T16:37:11+00:00","dateModified":"2024-02-20T16:37:23+00:00","mainEntityOfPage":{"@id":"https:\/\/nuevodigitaldeescobar.com.ar\/?p=3612"},"wordCount":878,"commentCount":0,"publisher":{"@id":"https:\/\/nuevodigitaldeescobar.com.ar\/#organization"},"image":{"@id":"https:\/\/nuevodigitaldeescobar.com.ar\/?p=3612#primaryimage"},"thumbnailUrl":"https:\/\/nuevodigitaldeescobar.com.ar\/wp-content\/uploads\/2024\/02\/clan-sena-e1708447023438.jpg","articleSection":["Nacionales"],"inLanguage":"es","potentialAction":[{"@type":"CommentAction","name":"Comment","target":["https:\/\/nuevodigitaldeescobar.com.ar\/?p=3612#respond"]}]},{"@type":"WebPage","@id":"https:\/\/nuevodigitaldeescobar.com.ar\/?p=3612","url":"https:\/\/nuevodigitaldeescobar.com.ar\/?p=3612","name":"Procesaron a Emerenciano Sena y a un ex funcionario de Capitanich por trata de personas - Nuevo Digital de Escobar","isPartOf":{"@id":"https:\/\/nuevodigitaldeescobar.com.ar\/#website"},"primaryImageOfPage":{"@id":"https:\/\/nuevodigitaldeescobar.com.ar\/?p=3612#primaryimage"},"image":{"@id":"https:\/\/nuevodigitaldeescobar.com.ar\/?p=3612#primaryimage"},"thumbnailUrl":"https:\/\/nuevodigitaldeescobar.com.ar\/wp-content\/uploads\/2024\/02\/clan-sena-e1708447023438.jpg","datePublished":"2024-02-20T16:37:11+00:00","dateModified":"2024-02-20T16:37:23+00:00","breadcrumb":{"@id":"https:\/\/nuevodigitaldeescobar.com.ar\/?p=3612#breadcrumb"},"inLanguage":"es","potentialAction":[{"@type":"ReadAction","target":["https:\/\/nuevodigitaldeescobar.com.ar\/?p=3612"]}]},{"@type":"ImageObject","inLanguage":"es","@id":"https:\/\/nuevodigitaldeescobar.com.ar\/?p=3612#primaryimage","url":"https:\/\/nuevodigitaldeescobar.com.ar\/wp-content\/uploads\/2024\/02\/clan-sena-e1708447023438.jpg","contentUrl":"https:\/\/nuevodigitaldeescobar.com.ar\/wp-content\/uploads\/2024\/02\/clan-sena-e1708447023438.jpg","width":720,"height":405},{"@type":"BreadcrumbList","@id":"https:\/\/nuevodigitaldeescobar.com.ar\/?p=3612#breadcrumb","itemListElement":[{"@type":"ListItem","position":1,"name":"Portada","item":"https:\/\/nuevodigitaldeescobar.com.ar\/"},{"@type":"ListItem","position":2,"name":"Procesaron a Emerenciano Sena y a un ex funcionario de Capitanich por trata de personas"}]},{"@type":"WebSite","@id":"https:\/\/nuevodigitaldeescobar.com.ar\/#website","url":"https:\/\/nuevodigitaldeescobar.com.ar\/","name":"Nuevo Digital de Escobar","description":"La vida escobarense. Directora: Rosana Brunner","publisher":{"@id":"https:\/\/nuevodigitaldeescobar.com.ar\/#organization"},"potentialAction":[{"@type":"SearchAction","target":{"@type":"EntryPoint","urlTemplate":"https:\/\/nuevodigitaldeescobar.com.ar\/?s={search_term_string}"},"query-input":{"@type":"PropertyValueSpecification","valueRequired":true,"valueName":"search_term_string"}}],"inLanguage":"es"},{"@type":"Organization","@id":"https:\/\/nuevodigitaldeescobar.com.ar\/#organization","name":"Nuevo Digital de Escobar","url":"https:\/\/nuevodigitaldeescobar.com.ar\/","logo":{"@type":"ImageObject","inLanguage":"es","@id":"https:\/\/nuevodigitaldeescobar.com.ar\/#\/schema\/logo\/image\/","url":"https:\/\/nuevodigitaldeescobar.com.ar\/wp-content\/uploads\/2025\/05\/cropped-logo-nuevo2.jpg","contentUrl":"https:\/\/nuevodigitaldeescobar.com.ar\/wp-content\/uploads\/2025\/05\/cropped-logo-nuevo2.jpg","width":305,"height":305,"caption":"Nuevo Digital de Escobar"},"image":{"@id":"https:\/\/nuevodigitaldeescobar.com.ar\/#\/schema\/logo\/image\/"},"sameAs":["https:\/\/www.facebook.com\/NUEVODigitalDeEscobar","https:\/\/x.com\/nuevodigescobar","https:\/\/www.instagram.com\/nuevodigitaldeescobar"]},{"@type":"Person","@id":"https:\/\/nuevodigitaldeescobar.com.ar\/#\/schema\/person\/035e90a8efe9a80e6eec22656ad6ea4c","name":"Redacci\u00f3n","image":{"@type":"ImageObject","inLanguage":"es","@id":"https:\/\/nuevodigitaldeescobar.com.ar\/#\/schema\/person\/image\/","url":"https:\/\/secure.gravatar.com\/avatar\/8af8f40000c24e9eef3034f2be5998a372bb1389e64b1a4a36b3a7979142220d?s=96&d=mm&r=g","contentUrl":"https:\/\/secure.gravatar.com\/avatar\/8af8f40000c24e9eef3034f2be5998a372bb1389e64b1a4a36b3a7979142220d?s=96&d=mm&r=g","caption":"Redacci\u00f3n"},"sameAs":["http:\/\/nuevodigitaldeescobar.com.ar"],"url":"https:\/\/nuevodigitaldeescobar.com.ar\/?author=1"}]}},"featured_image_urls":{"full":["https:\/\/nuevodigitaldeescobar.com.ar\/wp-content\/uploads\/2024\/02\/clan-sena-e1708447023438.jpg",720,405,false],"thumbnail":["https:\/\/nuevodigitaldeescobar.com.ar\/wp-content\/uploads\/2024\/02\/clan-sena-150x150.jpg",150,150,true],"medium":["https:\/\/nuevodigitaldeescobar.com.ar\/wp-content\/uploads\/2024\/02\/clan-sena-300x169.jpg",300,169,true],"medium_large":["https:\/\/nuevodigitaldeescobar.com.ar\/wp-content\/uploads\/2024\/02\/clan-sena-e1708447023438.jpg",640,360,false],"large":["https:\/\/nuevodigitaldeescobar.com.ar\/wp-content\/uploads\/2024\/02\/clan-sena-e1708447023438.jpg",640,360,false],"1536x1536":["https:\/\/nuevodigitaldeescobar.com.ar\/wp-content\/uploads\/2024\/02\/clan-sena-e1708447023438.jpg",720,405,false],"2048x2048":["https:\/\/nuevodigitaldeescobar.com.ar\/wp-content\/uploads\/2024\/02\/clan-sena-e1708447023438.jpg",720,405,false]},"author_info":{"display_name":"Redacci\u00f3n","author_link":"https:\/\/nuevodigitaldeescobar.com.ar\/?author=1"},"category_info":"<a href=\"https:\/\/nuevodigitaldeescobar.com.ar\/?cat=61\" rel=\"category\">Nacionales<\/a>","tag_info":"Nacionales","comment_count":"0","_links":{"self":[{"href":"https:\/\/nuevodigitaldeescobar.com.ar\/index.php?rest_route=\/wp\/v2\/posts\/3612","targetHints":{"allow":["GET"]}}],"collection":[{"href":"https:\/\/nuevodigitaldeescobar.com.ar\/index.php?rest_route=\/wp\/v2\/posts"}],"about":[{"href":"https:\/\/nuevodigitaldeescobar.com.ar\/index.php?rest_route=\/wp\/v2\/types\/post"}],"author":[{"embeddable":true,"href":"https:\/\/nuevodigitaldeescobar.com.ar\/index.php?rest_route=\/wp\/v2\/users\/1"}],"replies":[{"embeddable":true,"href":"https:\/\/nuevodigitaldeescobar.com.ar\/index.php?rest_route=%2Fwp%2Fv2%2Fcomments&post=3612"}],"version-history":[{"count":1,"href":"https:\/\/nuevodigitaldeescobar.com.ar\/index.php?rest_route=\/wp\/v2\/posts\/3612\/revisions"}],"predecessor-version":[{"id":3614,"href":"https:\/\/nuevodigitaldeescobar.com.ar\/index.php?rest_route=\/wp\/v2\/posts\/3612\/revisions\/3614"}],"wp:featuredmedia":[{"embeddable":true,"href":"https:\/\/nuevodigitaldeescobar.com.ar\/index.php?rest_route=\/wp\/v2\/media\/3613"}],"wp:attachment":[{"href":"https:\/\/nuevodigitaldeescobar.com.ar\/index.php?rest_route=%2Fwp%2Fv2%2Fmedia&parent=3612"}],"wp:term":[{"taxonomy":"category","embeddable":true,"href":"https:\/\/nuevodigitaldeescobar.com.ar\/index.php?rest_route=%2Fwp%2Fv2%2Fcategories&post=3612"},{"taxonomy":"post_tag","embeddable":true,"href":"https:\/\/nuevodigitaldeescobar.com.ar\/index.php?rest_route=%2Fwp%2Fv2%2Ftags&post=3612"}],"curies":[{"name":"wp","href":"https:\/\/api.w.org\/{rel}","templated":true}]}}