{"id":3651,"date":"2024-02-22T07:00:00","date_gmt":"2024-02-22T10:00:00","guid":{"rendered":"https:\/\/nuevodigitaldeescobar.com.ar\/?p=3651"},"modified":"2024-02-21T16:54:15","modified_gmt":"2024-02-21T19:54:15","slug":"los-diputados-de-axel-kicillof-bloquearon-un-pedido-para-investigar-la-crisis-de-ioma","status":"publish","type":"post","link":"https:\/\/nuevodigitaldeescobar.com.ar\/?p=3651","title":{"rendered":"Los diputados de Axel Kicillof bloquearon un pedido para investigar la crisis de IOMA"},"content":{"rendered":"<p><span style=\"color: #003366;\"><strong><em>La oposici\u00f3n quiere declarar el Instituto Obra M\u00e9dica Asistencial en emergencia, pero el oficialismo se neg\u00f3 e impidi\u00f3 votar los proyectos.<\/em><\/strong><\/span><\/p>\n<p><!--more--><\/p>\n<hr \/>\n<p>La C\u00e1mara de Diputados de la provincia de Buenos Aires bloque\u00f3 el debate sobre tablas de un proyecto de ley para exigir una auditoria externa del Instituto Obra M\u00e9dico Asistencial (IOMA) de la provincia de Buenos Aires, que tiene m\u00e1s de dos millones de beneficiarios y enfrenta graves denuncias por irregularidades y falta de prestaciones.<\/p>\n<p>Ante la negativa de Uni\u00f3n por la Patria y aliados a tratar ese proyecto -y otros cuatros pedidos de informes o de declaraci\u00f3n de emergencia- para rescatar a la obra social, el debate se tens\u00f3 en el recinto entre la oposici\u00f3n a Axel Kicillof, que denunci\u00f3 la situaci\u00f3n catastr\u00f3fica de la obra social bonaerense, y los bloques oficialistas que prometieron una soluci\u00f3n.<\/p>\n<p>Alejandro Carrancio, de La Libertad Avanza, espet\u00f3: <em>\u201cIOMA es el problema n\u00famero uno de Axel Kicillof. Hace un a\u00f1o el gobernador promete que trabaja para recuperar la obra social. Hoy, encontramos que hay un mont\u00f3n de ca\u00eddas de convenios\u201d<\/em>.<\/p>\n<p>El diputado de La Libertad Avanza abog\u00f3 para que cada vez sean m\u00e1s los municipios que den libertad de elecci\u00f3n a sus afiliados. <em>\u201cIOMA tiene un presupuesto de 363.000 millones de pesos, y una deuda de m\u00e1s de 6.000 millones de pesos. En algunos distritos se lleg\u00f3 a que se atienda a puertas cerradas con guardia policial por la enorme demanda\u201d<\/em>.<\/p>\n<p>En el mismo sentido, el diputado Fernando Rovello, del PRO, dijo: <em>\u201cHay 100.000 afiliados sin cobertura en Mar del Plata. Otros tantos en Tandil y en Bah\u00eda Blanca. Es una cat\u00e1strofe nunca vista. Inusitada. Una crisis que no puede tapar el gobernador Axel Kicillof\u201d<\/em>.<\/p>\n<p>El diputado apunt\u00f3 directamente a Homero Giles, presidente del Instituto Obra M\u00e9dico Asistencial que el lunes brind\u00f3 informes ante un pedido de la C\u00e1mara de Diputados por la situaci\u00f3n financiera de la obra social. <em>\u201cTodos los meses 2.300.000 de afiliados aportan. \u00bfD\u00f3nde est\u00e1 la plata? Hay que preguntar a Homero Giles, que ayer vino gentilmente a dar informes. Es un calvario lo que vive d\u00eda a d\u00eda cada paciente\u201d.<\/em><\/p>\n<p>El diputado Claudio Frangul, (Acuerdo C\u00edvico- UCR- Gen) y autor del proyecto de ley para promover una auditoria externa sobre IOMA dijo: <em>\u201cSoy claro defensor de IOMA. No estoy de acuerdo con que cada trabajador pueda elegir libremente su obra social. Una Obra Social con m\u00e1s de dos millones de afiliados tiene que poder funcionar correctamente. Pero evidentemente est\u00e1 en crisis. Lo que est\u00e1 pasando en algunos municipios sucede por el p\u00e9simo funcionamiento en los \u00faltimos a\u00f1os. Hay que fortalecer IOMA, como sucedi\u00f3 durante la gobernaci\u00f3n de Anselmo Marini, exgobernador de la provincia de Buenos Aires\u201d<\/em>.<\/p>\n<p>Frangul se\u00f1al\u00f3: <em>\u201cAyer el presidente de IOMA reconoci\u00f3 que la cobertura de medicamentos est\u00e1 en el orden del 20 por ciento. Todas las prestaciones quedan muy atrasadas respecto a la inflaci\u00f3n. Nosotros hemos presentado un proyecto para hacer una auditoria externa de las cuentas, en acuerdo con la Facultad de Ciencias Econ\u00f3micas. No hemos tenido eco\u201d<\/em>.<\/p>\n<p>Por su parte, Laura Cano (Frente de Izquierda) dijo: <em>\u201cAyer Homero Giles dijo que el principal problema que tiene IOMA es la devaluaci\u00f3n y los intermediarios. Lo cierto es que viene hace m\u00e1s tiempo. IOMA tiene m\u00e1s de dos millones de afiliados de distintas dependencias. Y se financia con su aporte. Diputados y jueces no lo tienen obligatorio, quisiera saber cu\u00e1ntos lo tienen\u201d<\/em>.<\/p>\n<p>En similar sentido, Alejandra Lorden (UCR- Cambio Federal) exigi\u00f3 que se declare al IOMA en emergencia: <em>\u201c\u00a1Hace falta un cambio, ya!\u201d<\/em>, manifest\u00f3. Romina Braga (Coalici\u00f3n C\u00edvica) denunci\u00f3 un <em>\u201cestado calamitoso\u201d<\/em> de la obra social.<\/p>\n<p>Agust\u00edn Forchieri (PRO) hizo hincapi\u00e9 en una crisis <em>\u201cfenomenal\u201d<\/em> en el Instituto Obra M\u00e9dico Asistencial. Critic\u00f3 la compra de tierras para viviendas sociales y pidi\u00f3 remover las tomas de tierra en Los Hornos. <em>\u201cLas prioridades del gobierno no son las indicadas\u201d<\/em>.<\/p>\n<p>El diputado Alejandro Pulti (Uni\u00f3n por la Patria) defendi\u00f3 la gesti\u00f3n del gobierno: <em>\u201cLo de IOMA no es un conflicto pr\u00edstino. Hay muchos intereses y el gobernador Axel Kicillof se est\u00e1 ocupando. Lo estamos acompa\u00f1ando. Dentro de no muchos d\u00edas habr\u00e1 un principio de soluci\u00f3n\u201d<\/em>.<\/p>\n<p>Por \u00faltimo, Facundo Tignanelli (Uni\u00f3n por la Patria) tambi\u00e9n defendi\u00f3 la gesti\u00f3n de Kicillof ante el Instituto Obra M\u00e9dico Asistencial. Tignalleli resalt\u00f3 la labor institucional del cuerpo en sesione extraordinarias, frente a la par\u00e1lisis que marc\u00f3 a la Legislatura el a\u00f1o que pas\u00f3.<\/p>\n<p><em>(La Naci\u00f3n)<\/em><\/p>\n","protected":false},"excerpt":{"rendered":"<p>La oposici\u00f3n quiere declarar el Instituto Obra M\u00e9dica Asistencial en emergencia, pero el oficialismo se neg\u00f3 e impidi\u00f3 votar los proyectos.<\/p>\n","protected":false},"author":1,"featured_media":3652,"comment_status":"open","ping_status":"closed","sticky":false,"template":"","format":"standard","meta":{"footnotes":""},"categories":[7,6],"tags":[],"class_list":["post-3651","post","type-post","status-publish","format-standard","has-post-thumbnail","hentry","category-interes-general","category-politica"],"better_featured_image":{"id":3652,"alt_text":"","caption":"","description":"","media_type":"image","media_details":{"width":420,"height":280,"file":"2024\/02\/kicillof-homero-giles-IOMA.jpg","filesize":21315,"sizes":{"medium":{"file":"kicillof-homero-giles-IOMA-300x200.jpg","width":300,"height":200,"mime-type":"image\/jpeg","filesize":9880,"source_url":"https:\/\/nuevodigitaldeescobar.com.ar\/wp-content\/uploads\/2024\/02\/kicillof-homero-giles-IOMA-300x200.jpg"},"thumbnail":{"file":"kicillof-homero-giles-IOMA-150x150.jpg","width":150,"height":150,"mime-type":"image\/jpeg","filesize":4723,"source_url":"https:\/\/nuevodigitaldeescobar.com.ar\/wp-content\/uploads\/2024\/02\/kicillof-homero-giles-IOMA-150x150.jpg"}},"image_meta":{"aperture":"0","credit":"","camera":"","caption":"","created_timestamp":"0","copyright":"","focal_length":"0","iso":"0","shutter_speed":"0","title":"","orientation":"0","keywords":[]}},"post":3651,"source_url":"https:\/\/nuevodigitaldeescobar.com.ar\/wp-content\/uploads\/2024\/02\/kicillof-homero-giles-IOMA.jpg"},"yoast_head":"<!-- This site is optimized with the Yoast SEO plugin v26.1.1 - https:\/\/yoast.com\/wordpress\/plugins\/seo\/ -->\n<title>Los diputados de Axel Kicillof bloquearon un pedido para investigar la crisis de IOMA - Nuevo Digital de Escobar<\/title>\n<meta name=\"robots\" content=\"index, follow, max-snippet:-1, max-image-preview:large, max-video-preview:-1\" \/>\n<link rel=\"canonical\" href=\"https:\/\/nuevodigitaldeescobar.com.ar\/?p=3651\" \/>\n<meta property=\"og:locale\" content=\"es_ES\" \/>\n<meta property=\"og:type\" content=\"article\" \/>\n<meta property=\"og:title\" content=\"Los diputados de Axel Kicillof bloquearon un pedido para investigar la crisis de IOMA - Nuevo Digital de Escobar\" \/>\n<meta property=\"og:description\" content=\"La oposici\u00f3n quiere declarar el Instituto Obra M\u00e9dica Asistencial en emergencia, pero el oficialismo se neg\u00f3 e impidi\u00f3 votar los proyectos.\" \/>\n<meta property=\"og:url\" content=\"https:\/\/nuevodigitaldeescobar.com.ar\/?p=3651\" \/>\n<meta property=\"og:site_name\" content=\"Nuevo Digital de Escobar\" \/>\n<meta property=\"article:publisher\" content=\"https:\/\/www.facebook.com\/NUEVODigitalDeEscobar\" \/>\n<meta property=\"article:published_time\" content=\"2024-02-22T10:00:00+00:00\" \/>\n<meta property=\"og:image\" content=\"https:\/\/nuevodigitaldeescobar.com.ar\/wp-content\/uploads\/2024\/02\/kicillof-homero-giles-IOMA.jpg\" \/>\n\t<meta property=\"og:image:width\" content=\"420\" \/>\n\t<meta property=\"og:image:height\" content=\"280\" \/>\n\t<meta property=\"og:image:type\" content=\"image\/jpeg\" \/>\n<meta name=\"author\" content=\"Redacci\u00f3n\" \/>\n<meta name=\"twitter:card\" content=\"summary_large_image\" \/>\n<meta name=\"twitter:creator\" content=\"@nuevodigescobar\" \/>\n<meta name=\"twitter:site\" content=\"@nuevodigescobar\" \/>\n<meta name=\"twitter:label1\" content=\"Escrito por\" \/>\n\t<meta name=\"twitter:data1\" content=\"Redacci\u00f3n\" \/>\n\t<meta name=\"twitter:label2\" content=\"Tiempo de lectura\" \/>\n\t<meta name=\"twitter:data2\" content=\"4 minutos\" \/>\n<script type=\"application\/ld+json\" class=\"yoast-schema-graph\">{\"@context\":\"https:\/\/schema.org\",\"@graph\":[{\"@type\":\"Article\",\"@id\":\"https:\/\/nuevodigitaldeescobar.com.ar\/?p=3651#article\",\"isPartOf\":{\"@id\":\"https:\/\/nuevodigitaldeescobar.com.ar\/?p=3651\"},\"author\":{\"name\":\"Redacci\u00f3n\",\"@id\":\"https:\/\/nuevodigitaldeescobar.com.ar\/#\/schema\/person\/035e90a8efe9a80e6eec22656ad6ea4c\"},\"headline\":\"Los diputados de Axel Kicillof bloquearon un pedido para investigar la crisis de IOMA\",\"datePublished\":\"2024-02-22T10:00:00+00:00\",\"mainEntityOfPage\":{\"@id\":\"https:\/\/nuevodigitaldeescobar.com.ar\/?p=3651\"},\"wordCount\":795,\"commentCount\":0,\"publisher\":{\"@id\":\"https:\/\/nuevodigitaldeescobar.com.ar\/#organization\"},\"image\":{\"@id\":\"https:\/\/nuevodigitaldeescobar.com.ar\/?p=3651#primaryimage\"},\"thumbnailUrl\":\"https:\/\/nuevodigitaldeescobar.com.ar\/wp-content\/uploads\/2024\/02\/kicillof-homero-giles-IOMA.jpg\",\"articleSection\":[\"Inter\u00e9s general\",\"Pol\u00edtica\"],\"inLanguage\":\"es\",\"potentialAction\":[{\"@type\":\"CommentAction\",\"name\":\"Comment\",\"target\":[\"https:\/\/nuevodigitaldeescobar.com.ar\/?p=3651#respond\"]}]},{\"@type\":\"WebPage\",\"@id\":\"https:\/\/nuevodigitaldeescobar.com.ar\/?p=3651\",\"url\":\"https:\/\/nuevodigitaldeescobar.com.ar\/?p=3651\",\"name\":\"Los diputados de Axel Kicillof bloquearon un pedido para investigar la crisis de IOMA - Nuevo Digital de Escobar\",\"isPartOf\":{\"@id\":\"https:\/\/nuevodigitaldeescobar.com.ar\/#website\"},\"primaryImageOfPage\":{\"@id\":\"https:\/\/nuevodigitaldeescobar.com.ar\/?p=3651#primaryimage\"},\"image\":{\"@id\":\"https:\/\/nuevodigitaldeescobar.com.ar\/?p=3651#primaryimage\"},\"thumbnailUrl\":\"https:\/\/nuevodigitaldeescobar.com.ar\/wp-content\/uploads\/2024\/02\/kicillof-homero-giles-IOMA.jpg\",\"datePublished\":\"2024-02-22T10:00:00+00:00\",\"breadcrumb\":{\"@id\":\"https:\/\/nuevodigitaldeescobar.com.ar\/?p=3651#breadcrumb\"},\"inLanguage\":\"es\",\"potentialAction\":[{\"@type\":\"ReadAction\",\"target\":[\"https:\/\/nuevodigitaldeescobar.com.ar\/?p=3651\"]}]},{\"@type\":\"ImageObject\",\"inLanguage\":\"es\",\"@id\":\"https:\/\/nuevodigitaldeescobar.com.ar\/?p=3651#primaryimage\",\"url\":\"https:\/\/nuevodigitaldeescobar.com.ar\/wp-content\/uploads\/2024\/02\/kicillof-homero-giles-IOMA.jpg\",\"contentUrl\":\"https:\/\/nuevodigitaldeescobar.com.ar\/wp-content\/uploads\/2024\/02\/kicillof-homero-giles-IOMA.jpg\",\"width\":420,\"height\":280},{\"@type\":\"BreadcrumbList\",\"@id\":\"https:\/\/nuevodigitaldeescobar.com.ar\/?p=3651#breadcrumb\",\"itemListElement\":[{\"@type\":\"ListItem\",\"position\":1,\"name\":\"Portada\",\"item\":\"https:\/\/nuevodigitaldeescobar.com.ar\/\"},{\"@type\":\"ListItem\",\"position\":2,\"name\":\"Los diputados de Axel Kicillof bloquearon un pedido para investigar la crisis de IOMA\"}]},{\"@type\":\"WebSite\",\"@id\":\"https:\/\/nuevodigitaldeescobar.com.ar\/#website\",\"url\":\"https:\/\/nuevodigitaldeescobar.com.ar\/\",\"name\":\"Nuevo Digital de Escobar\",\"description\":\"La vida escobarense. Directora: Rosana Brunner\",\"publisher\":{\"@id\":\"https:\/\/nuevodigitaldeescobar.com.ar\/#organization\"},\"potentialAction\":[{\"@type\":\"SearchAction\",\"target\":{\"@type\":\"EntryPoint\",\"urlTemplate\":\"https:\/\/nuevodigitaldeescobar.com.ar\/?s={search_term_string}\"},\"query-input\":{\"@type\":\"PropertyValueSpecification\",\"valueRequired\":true,\"valueName\":\"search_term_string\"}}],\"inLanguage\":\"es\"},{\"@type\":\"Organization\",\"@id\":\"https:\/\/nuevodigitaldeescobar.com.ar\/#organization\",\"name\":\"Nuevo Digital de Escobar\",\"url\":\"https:\/\/nuevodigitaldeescobar.com.ar\/\",\"logo\":{\"@type\":\"ImageObject\",\"inLanguage\":\"es\",\"@id\":\"https:\/\/nuevodigitaldeescobar.com.ar\/#\/schema\/logo\/image\/\",\"url\":\"https:\/\/nuevodigitaldeescobar.com.ar\/wp-content\/uploads\/2025\/05\/cropped-logo-nuevo2.jpg\",\"contentUrl\":\"https:\/\/nuevodigitaldeescobar.com.ar\/wp-content\/uploads\/2025\/05\/cropped-logo-nuevo2.jpg\",\"width\":305,\"height\":305,\"caption\":\"Nuevo Digital de Escobar\"},\"image\":{\"@id\":\"https:\/\/nuevodigitaldeescobar.com.ar\/#\/schema\/logo\/image\/\"},\"sameAs\":[\"https:\/\/www.facebook.com\/NUEVODigitalDeEscobar\",\"https:\/\/x.com\/nuevodigescobar\",\"https:\/\/www.instagram.com\/nuevodigitaldeescobar\"]},{\"@type\":\"Person\",\"@id\":\"https:\/\/nuevodigitaldeescobar.com.ar\/#\/schema\/person\/035e90a8efe9a80e6eec22656ad6ea4c\",\"name\":\"Redacci\u00f3n\",\"image\":{\"@type\":\"ImageObject\",\"inLanguage\":\"es\",\"@id\":\"https:\/\/nuevodigitaldeescobar.com.ar\/#\/schema\/person\/image\/\",\"url\":\"https:\/\/secure.gravatar.com\/avatar\/8af8f40000c24e9eef3034f2be5998a372bb1389e64b1a4a36b3a7979142220d?s=96&d=mm&r=g\",\"contentUrl\":\"https:\/\/secure.gravatar.com\/avatar\/8af8f40000c24e9eef3034f2be5998a372bb1389e64b1a4a36b3a7979142220d?s=96&d=mm&r=g\",\"caption\":\"Redacci\u00f3n\"},\"sameAs\":[\"http:\/\/nuevodigitaldeescobar.com.ar\"],\"url\":\"https:\/\/nuevodigitaldeescobar.com.ar\/?author=1\"}]}<\/script>\n<!-- \/ Yoast SEO plugin. -->","yoast_head_json":{"title":"Los diputados de Axel Kicillof bloquearon un pedido para investigar la crisis de IOMA - Nuevo Digital de Escobar","robots":{"index":"index","follow":"follow","max-snippet":"max-snippet:-1","max-image-preview":"max-image-preview:large","max-video-preview":"max-video-preview:-1"},"canonical":"https:\/\/nuevodigitaldeescobar.com.ar\/?p=3651","og_locale":"es_ES","og_type":"article","og_title":"Los diputados de Axel Kicillof bloquearon un pedido para investigar la crisis de IOMA - Nuevo Digital de Escobar","og_description":"La oposici\u00f3n quiere declarar el Instituto Obra M\u00e9dica Asistencial en emergencia, pero el oficialismo se neg\u00f3 e impidi\u00f3 votar los proyectos.","og_url":"https:\/\/nuevodigitaldeescobar.com.ar\/?p=3651","og_site_name":"Nuevo Digital de Escobar","article_publisher":"https:\/\/www.facebook.com\/NUEVODigitalDeEscobar","article_published_time":"2024-02-22T10:00:00+00:00","og_image":[{"width":420,"height":280,"url":"https:\/\/nuevodigitaldeescobar.com.ar\/wp-content\/uploads\/2024\/02\/kicillof-homero-giles-IOMA.jpg","type":"image\/jpeg"}],"author":"Redacci\u00f3n","twitter_card":"summary_large_image","twitter_creator":"@nuevodigescobar","twitter_site":"@nuevodigescobar","twitter_misc":{"Escrito por":"Redacci\u00f3n","Tiempo de lectura":"4 minutos"},"schema":{"@context":"https:\/\/schema.org","@graph":[{"@type":"Article","@id":"https:\/\/nuevodigitaldeescobar.com.ar\/?p=3651#article","isPartOf":{"@id":"https:\/\/nuevodigitaldeescobar.com.ar\/?p=3651"},"author":{"name":"Redacci\u00f3n","@id":"https:\/\/nuevodigitaldeescobar.com.ar\/#\/schema\/person\/035e90a8efe9a80e6eec22656ad6ea4c"},"headline":"Los diputados de Axel Kicillof bloquearon un pedido para investigar la crisis de IOMA","datePublished":"2024-02-22T10:00:00+00:00","mainEntityOfPage":{"@id":"https:\/\/nuevodigitaldeescobar.com.ar\/?p=3651"},"wordCount":795,"commentCount":0,"publisher":{"@id":"https:\/\/nuevodigitaldeescobar.com.ar\/#organization"},"image":{"@id":"https:\/\/nuevodigitaldeescobar.com.ar\/?p=3651#primaryimage"},"thumbnailUrl":"https:\/\/nuevodigitaldeescobar.com.ar\/wp-content\/uploads\/2024\/02\/kicillof-homero-giles-IOMA.jpg","articleSection":["Inter\u00e9s general","Pol\u00edtica"],"inLanguage":"es","potentialAction":[{"@type":"CommentAction","name":"Comment","target":["https:\/\/nuevodigitaldeescobar.com.ar\/?p=3651#respond"]}]},{"@type":"WebPage","@id":"https:\/\/nuevodigitaldeescobar.com.ar\/?p=3651","url":"https:\/\/nuevodigitaldeescobar.com.ar\/?p=3651","name":"Los diputados de Axel Kicillof bloquearon un pedido para investigar la crisis de IOMA - Nuevo Digital de Escobar","isPartOf":{"@id":"https:\/\/nuevodigitaldeescobar.com.ar\/#website"},"primaryImageOfPage":{"@id":"https:\/\/nuevodigitaldeescobar.com.ar\/?p=3651#primaryimage"},"image":{"@id":"https:\/\/nuevodigitaldeescobar.com.ar\/?p=3651#primaryimage"},"thumbnailUrl":"https:\/\/nuevodigitaldeescobar.com.ar\/wp-content\/uploads\/2024\/02\/kicillof-homero-giles-IOMA.jpg","datePublished":"2024-02-22T10:00:00+00:00","breadcrumb":{"@id":"https:\/\/nuevodigitaldeescobar.com.ar\/?p=3651#breadcrumb"},"inLanguage":"es","potentialAction":[{"@type":"ReadAction","target":["https:\/\/nuevodigitaldeescobar.com.ar\/?p=3651"]}]},{"@type":"ImageObject","inLanguage":"es","@id":"https:\/\/nuevodigitaldeescobar.com.ar\/?p=3651#primaryimage","url":"https:\/\/nuevodigitaldeescobar.com.ar\/wp-content\/uploads\/2024\/02\/kicillof-homero-giles-IOMA.jpg","contentUrl":"https:\/\/nuevodigitaldeescobar.com.ar\/wp-content\/uploads\/2024\/02\/kicillof-homero-giles-IOMA.jpg","width":420,"height":280},{"@type":"BreadcrumbList","@id":"https:\/\/nuevodigitaldeescobar.com.ar\/?p=3651#breadcrumb","itemListElement":[{"@type":"ListItem","position":1,"name":"Portada","item":"https:\/\/nuevodigitaldeescobar.com.ar\/"},{"@type":"ListItem","position":2,"name":"Los diputados de Axel Kicillof bloquearon un pedido para investigar la crisis de IOMA"}]},{"@type":"WebSite","@id":"https:\/\/nuevodigitaldeescobar.com.ar\/#website","url":"https:\/\/nuevodigitaldeescobar.com.ar\/","name":"Nuevo Digital de Escobar","description":"La vida escobarense. Directora: Rosana Brunner","publisher":{"@id":"https:\/\/nuevodigitaldeescobar.com.ar\/#organization"},"potentialAction":[{"@type":"SearchAction","target":{"@type":"EntryPoint","urlTemplate":"https:\/\/nuevodigitaldeescobar.com.ar\/?s={search_term_string}"},"query-input":{"@type":"PropertyValueSpecification","valueRequired":true,"valueName":"search_term_string"}}],"inLanguage":"es"},{"@type":"Organization","@id":"https:\/\/nuevodigitaldeescobar.com.ar\/#organization","name":"Nuevo Digital de Escobar","url":"https:\/\/nuevodigitaldeescobar.com.ar\/","logo":{"@type":"ImageObject","inLanguage":"es","@id":"https:\/\/nuevodigitaldeescobar.com.ar\/#\/schema\/logo\/image\/","url":"https:\/\/nuevodigitaldeescobar.com.ar\/wp-content\/uploads\/2025\/05\/cropped-logo-nuevo2.jpg","contentUrl":"https:\/\/nuevodigitaldeescobar.com.ar\/wp-content\/uploads\/2025\/05\/cropped-logo-nuevo2.jpg","width":305,"height":305,"caption":"Nuevo Digital de Escobar"},"image":{"@id":"https:\/\/nuevodigitaldeescobar.com.ar\/#\/schema\/logo\/image\/"},"sameAs":["https:\/\/www.facebook.com\/NUEVODigitalDeEscobar","https:\/\/x.com\/nuevodigescobar","https:\/\/www.instagram.com\/nuevodigitaldeescobar"]},{"@type":"Person","@id":"https:\/\/nuevodigitaldeescobar.com.ar\/#\/schema\/person\/035e90a8efe9a80e6eec22656ad6ea4c","name":"Redacci\u00f3n","image":{"@type":"ImageObject","inLanguage":"es","@id":"https:\/\/nuevodigitaldeescobar.com.ar\/#\/schema\/person\/image\/","url":"https:\/\/secure.gravatar.com\/avatar\/8af8f40000c24e9eef3034f2be5998a372bb1389e64b1a4a36b3a7979142220d?s=96&d=mm&r=g","contentUrl":"https:\/\/secure.gravatar.com\/avatar\/8af8f40000c24e9eef3034f2be5998a372bb1389e64b1a4a36b3a7979142220d?s=96&d=mm&r=g","caption":"Redacci\u00f3n"},"sameAs":["http:\/\/nuevodigitaldeescobar.com.ar"],"url":"https:\/\/nuevodigitaldeescobar.com.ar\/?author=1"}]}},"featured_image_urls":{"full":["https:\/\/nuevodigitaldeescobar.com.ar\/wp-content\/uploads\/2024\/02\/kicillof-homero-giles-IOMA.jpg",420,280,false],"thumbnail":["https:\/\/nuevodigitaldeescobar.com.ar\/wp-content\/uploads\/2024\/02\/kicillof-homero-giles-IOMA-150x150.jpg",150,150,true],"medium":["https:\/\/nuevodigitaldeescobar.com.ar\/wp-content\/uploads\/2024\/02\/kicillof-homero-giles-IOMA-300x200.jpg",300,200,true],"medium_large":["https:\/\/nuevodigitaldeescobar.com.ar\/wp-content\/uploads\/2024\/02\/kicillof-homero-giles-IOMA.jpg",420,280,false],"large":["https:\/\/nuevodigitaldeescobar.com.ar\/wp-content\/uploads\/2024\/02\/kicillof-homero-giles-IOMA.jpg",420,280,false],"1536x1536":["https:\/\/nuevodigitaldeescobar.com.ar\/wp-content\/uploads\/2024\/02\/kicillof-homero-giles-IOMA.jpg",420,280,false],"2048x2048":["https:\/\/nuevodigitaldeescobar.com.ar\/wp-content\/uploads\/2024\/02\/kicillof-homero-giles-IOMA.jpg",420,280,false]},"author_info":{"display_name":"Redacci\u00f3n","author_link":"https:\/\/nuevodigitaldeescobar.com.ar\/?author=1"},"category_info":"<a href=\"https:\/\/nuevodigitaldeescobar.com.ar\/?cat=7\" rel=\"category\">Inter\u00e9s general<\/a> <a href=\"https:\/\/nuevodigitaldeescobar.com.ar\/?cat=6\" rel=\"category\">Pol\u00edtica<\/a>","tag_info":"Pol\u00edtica","comment_count":"0","_links":{"self":[{"href":"https:\/\/nuevodigitaldeescobar.com.ar\/index.php?rest_route=\/wp\/v2\/posts\/3651","targetHints":{"allow":["GET"]}}],"collection":[{"href":"https:\/\/nuevodigitaldeescobar.com.ar\/index.php?rest_route=\/wp\/v2\/posts"}],"about":[{"href":"https:\/\/nuevodigitaldeescobar.com.ar\/index.php?rest_route=\/wp\/v2\/types\/post"}],"author":[{"embeddable":true,"href":"https:\/\/nuevodigitaldeescobar.com.ar\/index.php?rest_route=\/wp\/v2\/users\/1"}],"replies":[{"embeddable":true,"href":"https:\/\/nuevodigitaldeescobar.com.ar\/index.php?rest_route=%2Fwp%2Fv2%2Fcomments&post=3651"}],"version-history":[{"count":1,"href":"https:\/\/nuevodigitaldeescobar.com.ar\/index.php?rest_route=\/wp\/v2\/posts\/3651\/revisions"}],"predecessor-version":[{"id":3653,"href":"https:\/\/nuevodigitaldeescobar.com.ar\/index.php?rest_route=\/wp\/v2\/posts\/3651\/revisions\/3653"}],"wp:featuredmedia":[{"embeddable":true,"href":"https:\/\/nuevodigitaldeescobar.com.ar\/index.php?rest_route=\/wp\/v2\/media\/3652"}],"wp:attachment":[{"href":"https:\/\/nuevodigitaldeescobar.com.ar\/index.php?rest_route=%2Fwp%2Fv2%2Fmedia&parent=3651"}],"wp:term":[{"taxonomy":"category","embeddable":true,"href":"https:\/\/nuevodigitaldeescobar.com.ar\/index.php?rest_route=%2Fwp%2Fv2%2Fcategories&post=3651"},{"taxonomy":"post_tag","embeddable":true,"href":"https:\/\/nuevodigitaldeescobar.com.ar\/index.php?rest_route=%2Fwp%2Fv2%2Ftags&post=3651"}],"curies":[{"name":"wp","href":"https:\/\/api.w.org\/{rel}","templated":true}]}}