{"id":368,"date":"2023-10-23T11:32:55","date_gmt":"2023-10-23T14:32:55","guid":{"rendered":"https:\/\/nuevodigitaldeescobar.com.ar\/?p=368"},"modified":"2023-10-23T11:32:59","modified_gmt":"2023-10-23T14:32:59","slug":"milei-tras-la-derrota-hay-que-abrazar-a-los-que-esten-dispuestos-a-ponerle-fin-al-kirchnerismo","status":"publish","type":"post","link":"https:\/\/nuevodigitaldeescobar.com.ar\/?p=368","title":{"rendered":"Milei, tras la derrota: \u00abHay que abrazar a los que est\u00e9n dispuestos a ponerle fin al kirchnerismo\u00bb"},"content":{"rendered":"<p><span style=\"color: #ff6600;\"><strong><em>El libertario habl\u00f3 el d\u00eda despu\u00e9s de los comicios y plante\u00f3 que el oficialismo lleg\u00f3 a su techo electoral.<\/em><\/strong><\/span><\/p>\n<p><!--more--><\/p>\n<p>El candidato presidencial de La Libertad Avanza, Javier Milei, celebr\u00f3 la elecci\u00f3n que realiz\u00f3 su espacio tras haber cosechado un 29,98%, a pesar de haber quedado detr\u00e1s de Sergio Massa (36,68%), aspirante de Uni\u00f3n por la Patria, y reiter\u00f3 la convocatoria a los sectores opositores para <em>\u00abponerle fin al kirchnerismo\u00bb<\/em>.<\/p>\n<p><em>\u00abTenemos con qu\u00e9 terminar con el kirchnerismo que ayer ha tocado su techo. Nosotros, respecto al balotaje estamos encontrando nuestro piso y tenemos mucho para crecer\u00bb<\/em>, vaticin\u00f3 en una entrevista que brind\u00f3 a Marcelo Longobardi para Radio Rivadavia, y reiter\u00f3: <em>\u00abM\u00e1s all\u00e1 de lo que ha sido el fragor de la batalla pol\u00edtica, estamos dispuestos a hacer tabula rasa y abrazar a todos los que est\u00e9n a ponerle un fin al kirchnerismo\u00bb<\/em>.<\/p>\n<p>En la misma l\u00ednea, subray\u00f3: <em>\u00abNuestro mensaje ha sido claro y vamos a intentar ampliar la construcci\u00f3n para ponerle la tapa del ata\u00fad al kirchnerismo\u00bb<\/em>.<\/p>\n<p>El diputado libertario sostuvo adem\u00e1s que ha sido v\u00edctima de <em>\u00abla compa\u00f1a sucia m\u00e1s \u00e1spera de la historia\u00bb<\/em>, pero se mostr\u00f3 a favor de dejar atr\u00e1s las agresiones para hacer <em>\u00abborr\u00f3n y cuenta nueva y barajar de nuevo\u00bb<\/em>. <em>\u00abDe qu\u00e9 nos sirve seguir abonando a todo eso si le vamos a dejar el poder al kirchnerismo; de mi parte, estoy dispuesto a dar vuelta la hoja y dar la pelear contra el kirchnerismo\u00bb<\/em>, remarc\u00f3.<\/p>\n<p><strong><em>\u00abEl resto puede estar dispuesto a no sumarse a esta situaci\u00f3n, pero si no lo hace tendremos kirchnerismo por 4 a\u00f1os m\u00e1s\u00bb<\/em><\/strong>, opin\u00f3 al tiempo que hizo expl\u00edcito su apoyo a Jorge Macri en la segunda vuelta que protagonizar\u00e1 en CABA contra Leandro Santoro.<\/p>\n<p>En otro pasaje de la entrevista, Milei revel\u00f3 que los puentes con Juntos por el Cambio <em>\u00abest\u00e1n tendidos\u00bb<\/em> y descart\u00f3 cr\u00edticas al referente y fundador Mauricio Macri.<\/p>\n<h3><strong>El techo del oficialismo<\/strong><\/h3>\n<p>Luego de que Sergio Massa se consolidara como el candidato con mayor caudal de votos, Milei se\u00f1al\u00f3 que el oficialismo alcanz\u00f3 su techo en las generales del domingo. <em>\u00abEn cuanto al trabajo que hemos hecho, estamos muy contentos. Somos el \u00fanico veh\u00edculo para terminar con el kirchnerismo\u00bb<\/em>, expres\u00f3.<\/p>\n<p>Asimismo, dijo que Uni\u00f3n por la Patria conquist\u00f3 una victoria p\u00edrrica tras haber <em>\u00abquemado las naves\u00bb<\/em> con <em>\u00abun nuevo plan platita con la tasa de inflaci\u00f3n que est\u00e1 en el 12% mensual, con un desequilibrio monetario y en el Banco Central\u00bb<\/em> lo que defini\u00f3 como la previa de la hiperinflaci\u00f3n.<\/p>\n<p><em>\u00abOjo con esto, hicieron una primera aproximaci\u00f3n, pero con esto alcanzaron el techo. Dos tercios le dijeron al kirchnerismo que no. Est\u00e1n poniendo toda la carne al asador, con la maquinaria del Estado, solo consiguieron un tercio\u00bb<\/em>, postul\u00f3.<\/p>\n<p>Para Milei, los votos que perdi\u00f3 la coalici\u00f3n opositora de Juntos por el Cambio viraron al oficialismo y anticip\u00f3 un acuerdo del l\u00edder del Frente Renovador con la Uni\u00f3n C\u00edvica Radical.<\/p>\n<p>Por otro lado, descart\u00f3 entablar un di\u00e1logo con el titular del Palacio de Hacienda y desminti\u00f3 un trabajo conjunto con el sindicalista Luis Barrionuevo: <em>\u00abNo es cierto que se haya incorporado, fue una de las tantas charlas que sostengo para arreglar el problema del mercado de trabajo. Ocup\u00e9monos de trabajar en terminar con el kirchnerismo\u00bb<\/em>, concluy\u00f3.<\/p>\n<p><em>(NA)<\/em><\/p>\n","protected":false},"excerpt":{"rendered":"<p>El libertario habl\u00f3 el d\u00eda despu\u00e9s de los comicios y plante\u00f3 que el oficialismo lleg\u00f3 a su techo electoral.<\/p>\n","protected":false},"author":1,"featured_media":369,"comment_status":"open","ping_status":"closed","sticky":false,"template":"","format":"standard","meta":{"footnotes":""},"categories":[6],"tags":[],"class_list":["post-368","post","type-post","status-publish","format-standard","has-post-thumbnail","hentry","category-politica"],"better_featured_image":{"id":369,"alt_text":"","caption":"","description":"","media_type":"image","media_details":{"width":720,"height":457,"file":"2023\/10\/milei-e1698071567729.jpg","filesize":82655,"sizes":{"medium":{"file":"milei-300x190.jpg","width":300,"height":190,"mime-type":"image\/jpeg","filesize":13571,"source_url":"https:\/\/nuevodigitaldeescobar.com.ar\/wp-content\/uploads\/2023\/10\/milei-300x190.jpg"},"thumbnail":{"file":"milei-150x150.jpg","width":150,"height":150,"mime-type":"image\/jpeg","filesize":6064,"source_url":"https:\/\/nuevodigitaldeescobar.com.ar\/wp-content\/uploads\/2023\/10\/milei-150x150.jpg"},"covernews-medium":{"file":"milei-540x340.jpg","width":540,"height":340,"mime-type":"image\/jpeg","filesize":33391,"source_url":"https:\/\/nuevodigitaldeescobar.com.ar\/wp-content\/uploads\/2023\/10\/milei-540x340.jpg"},"covernews-medium-square":{"file":"milei-400x250.jpg","width":400,"height":250,"mime-type":"image\/jpeg","filesize":20911,"source_url":"https:\/\/nuevodigitaldeescobar.com.ar\/wp-content\/uploads\/2023\/10\/milei-400x250.jpg"}},"image_meta":{"aperture":"0","credit":"","camera":"","caption":"","created_timestamp":"0","copyright":"","focal_length":"0","iso":"0","shutter_speed":"0","title":"","orientation":"0","keywords":[]}},"post":368,"source_url":"https:\/\/nuevodigitaldeescobar.com.ar\/wp-content\/uploads\/2023\/10\/milei-e1698071567729.jpg"},"yoast_head":"<!-- This site is optimized with the Yoast SEO plugin v26.1.1 - https:\/\/yoast.com\/wordpress\/plugins\/seo\/ -->\n<title>Milei, tras la derrota: &quot;Hay que abrazar a los que est\u00e9n dispuestos a ponerle fin al kirchnerismo&quot; - Nuevo Digital de Escobar<\/title>\n<meta name=\"robots\" content=\"index, follow, max-snippet:-1, max-image-preview:large, max-video-preview:-1\" \/>\n<link rel=\"canonical\" href=\"https:\/\/nuevodigitaldeescobar.com.ar\/?p=368\" \/>\n<meta property=\"og:locale\" content=\"es_ES\" \/>\n<meta property=\"og:type\" content=\"article\" \/>\n<meta property=\"og:title\" content=\"Milei, tras la derrota: &quot;Hay que abrazar a los que est\u00e9n dispuestos a ponerle fin al kirchnerismo&quot; - Nuevo Digital de Escobar\" \/>\n<meta property=\"og:description\" content=\"El libertario habl\u00f3 el d\u00eda despu\u00e9s de los comicios y plante\u00f3 que el oficialismo lleg\u00f3 a su techo electoral.\" \/>\n<meta property=\"og:url\" content=\"https:\/\/nuevodigitaldeescobar.com.ar\/?p=368\" \/>\n<meta property=\"og:site_name\" content=\"Nuevo Digital de Escobar\" \/>\n<meta property=\"article:publisher\" content=\"https:\/\/www.facebook.com\/NUEVODigitalDeEscobar\" \/>\n<meta property=\"article:published_time\" content=\"2023-10-23T14:32:55+00:00\" \/>\n<meta property=\"article:modified_time\" content=\"2023-10-23T14:32:59+00:00\" \/>\n<meta property=\"og:image\" content=\"https:\/\/nuevodigitaldeescobar.com.ar\/wp-content\/uploads\/2023\/10\/milei-e1698071567729.jpg\" \/>\n\t<meta property=\"og:image:width\" content=\"720\" \/>\n\t<meta property=\"og:image:height\" content=\"457\" \/>\n\t<meta property=\"og:image:type\" content=\"image\/jpeg\" \/>\n<meta name=\"author\" content=\"Redacci\u00f3n\" \/>\n<meta name=\"twitter:card\" content=\"summary_large_image\" \/>\n<meta name=\"twitter:creator\" content=\"@nuevodigescobar\" \/>\n<meta name=\"twitter:site\" content=\"@nuevodigescobar\" \/>\n<meta name=\"twitter:label1\" content=\"Escrito por\" \/>\n\t<meta name=\"twitter:data1\" content=\"Redacci\u00f3n\" \/>\n\t<meta name=\"twitter:label2\" content=\"Tiempo de lectura\" \/>\n\t<meta name=\"twitter:data2\" content=\"3 minutos\" \/>\n<script type=\"application\/ld+json\" class=\"yoast-schema-graph\">{\"@context\":\"https:\/\/schema.org\",\"@graph\":[{\"@type\":\"Article\",\"@id\":\"https:\/\/nuevodigitaldeescobar.com.ar\/?p=368#article\",\"isPartOf\":{\"@id\":\"https:\/\/nuevodigitaldeescobar.com.ar\/?p=368\"},\"author\":{\"name\":\"Redacci\u00f3n\",\"@id\":\"https:\/\/nuevodigitaldeescobar.com.ar\/#\/schema\/person\/035e90a8efe9a80e6eec22656ad6ea4c\"},\"headline\":\"Milei, tras la derrota: \u00abHay que abrazar a los que est\u00e9n dispuestos a ponerle fin al kirchnerismo\u00bb\",\"datePublished\":\"2023-10-23T14:32:55+00:00\",\"dateModified\":\"2023-10-23T14:32:59+00:00\",\"mainEntityOfPage\":{\"@id\":\"https:\/\/nuevodigitaldeescobar.com.ar\/?p=368\"},\"wordCount\":590,\"commentCount\":0,\"publisher\":{\"@id\":\"https:\/\/nuevodigitaldeescobar.com.ar\/#organization\"},\"image\":{\"@id\":\"https:\/\/nuevodigitaldeescobar.com.ar\/?p=368#primaryimage\"},\"thumbnailUrl\":\"https:\/\/nuevodigitaldeescobar.com.ar\/wp-content\/uploads\/2023\/10\/milei-e1698071567729.jpg\",\"articleSection\":[\"Pol\u00edtica\"],\"inLanguage\":\"es\",\"potentialAction\":[{\"@type\":\"CommentAction\",\"name\":\"Comment\",\"target\":[\"https:\/\/nuevodigitaldeescobar.com.ar\/?p=368#respond\"]}]},{\"@type\":\"WebPage\",\"@id\":\"https:\/\/nuevodigitaldeescobar.com.ar\/?p=368\",\"url\":\"https:\/\/nuevodigitaldeescobar.com.ar\/?p=368\",\"name\":\"Milei, tras la derrota: \\\"Hay que abrazar a los que est\u00e9n dispuestos a ponerle fin al kirchnerismo\\\" - Nuevo Digital de Escobar\",\"isPartOf\":{\"@id\":\"https:\/\/nuevodigitaldeescobar.com.ar\/#website\"},\"primaryImageOfPage\":{\"@id\":\"https:\/\/nuevodigitaldeescobar.com.ar\/?p=368#primaryimage\"},\"image\":{\"@id\":\"https:\/\/nuevodigitaldeescobar.com.ar\/?p=368#primaryimage\"},\"thumbnailUrl\":\"https:\/\/nuevodigitaldeescobar.com.ar\/wp-content\/uploads\/2023\/10\/milei-e1698071567729.jpg\",\"datePublished\":\"2023-10-23T14:32:55+00:00\",\"dateModified\":\"2023-10-23T14:32:59+00:00\",\"breadcrumb\":{\"@id\":\"https:\/\/nuevodigitaldeescobar.com.ar\/?p=368#breadcrumb\"},\"inLanguage\":\"es\",\"potentialAction\":[{\"@type\":\"ReadAction\",\"target\":[\"https:\/\/nuevodigitaldeescobar.com.ar\/?p=368\"]}]},{\"@type\":\"ImageObject\",\"inLanguage\":\"es\",\"@id\":\"https:\/\/nuevodigitaldeescobar.com.ar\/?p=368#primaryimage\",\"url\":\"https:\/\/nuevodigitaldeescobar.com.ar\/wp-content\/uploads\/2023\/10\/milei-e1698071567729.jpg\",\"contentUrl\":\"https:\/\/nuevodigitaldeescobar.com.ar\/wp-content\/uploads\/2023\/10\/milei-e1698071567729.jpg\",\"width\":720,\"height\":457},{\"@type\":\"BreadcrumbList\",\"@id\":\"https:\/\/nuevodigitaldeescobar.com.ar\/?p=368#breadcrumb\",\"itemListElement\":[{\"@type\":\"ListItem\",\"position\":1,\"name\":\"Portada\",\"item\":\"https:\/\/nuevodigitaldeescobar.com.ar\/\"},{\"@type\":\"ListItem\",\"position\":2,\"name\":\"Milei, tras la derrota: &#8220;Hay que abrazar a los que est\u00e9n dispuestos a ponerle fin al kirchnerismo&#8221;\"}]},{\"@type\":\"WebSite\",\"@id\":\"https:\/\/nuevodigitaldeescobar.com.ar\/#website\",\"url\":\"https:\/\/nuevodigitaldeescobar.com.ar\/\",\"name\":\"Nuevo Digital de Escobar\",\"description\":\"La vida escobarense. Directora: Rosana Brunner\",\"publisher\":{\"@id\":\"https:\/\/nuevodigitaldeescobar.com.ar\/#organization\"},\"potentialAction\":[{\"@type\":\"SearchAction\",\"target\":{\"@type\":\"EntryPoint\",\"urlTemplate\":\"https:\/\/nuevodigitaldeescobar.com.ar\/?s={search_term_string}\"},\"query-input\":{\"@type\":\"PropertyValueSpecification\",\"valueRequired\":true,\"valueName\":\"search_term_string\"}}],\"inLanguage\":\"es\"},{\"@type\":\"Organization\",\"@id\":\"https:\/\/nuevodigitaldeescobar.com.ar\/#organization\",\"name\":\"Nuevo Digital de Escobar\",\"url\":\"https:\/\/nuevodigitaldeescobar.com.ar\/\",\"logo\":{\"@type\":\"ImageObject\",\"inLanguage\":\"es\",\"@id\":\"https:\/\/nuevodigitaldeescobar.com.ar\/#\/schema\/logo\/image\/\",\"url\":\"https:\/\/nuevodigitaldeescobar.com.ar\/wp-content\/uploads\/2025\/05\/cropped-logo-nuevo2.jpg\",\"contentUrl\":\"https:\/\/nuevodigitaldeescobar.com.ar\/wp-content\/uploads\/2025\/05\/cropped-logo-nuevo2.jpg\",\"width\":305,\"height\":305,\"caption\":\"Nuevo Digital de Escobar\"},\"image\":{\"@id\":\"https:\/\/nuevodigitaldeescobar.com.ar\/#\/schema\/logo\/image\/\"},\"sameAs\":[\"https:\/\/www.facebook.com\/NUEVODigitalDeEscobar\",\"https:\/\/x.com\/nuevodigescobar\",\"https:\/\/www.instagram.com\/nuevodigitaldeescobar\"]},{\"@type\":\"Person\",\"@id\":\"https:\/\/nuevodigitaldeescobar.com.ar\/#\/schema\/person\/035e90a8efe9a80e6eec22656ad6ea4c\",\"name\":\"Redacci\u00f3n\",\"image\":{\"@type\":\"ImageObject\",\"inLanguage\":\"es\",\"@id\":\"https:\/\/nuevodigitaldeescobar.com.ar\/#\/schema\/person\/image\/\",\"url\":\"https:\/\/secure.gravatar.com\/avatar\/8af8f40000c24e9eef3034f2be5998a372bb1389e64b1a4a36b3a7979142220d?s=96&d=mm&r=g\",\"contentUrl\":\"https:\/\/secure.gravatar.com\/avatar\/8af8f40000c24e9eef3034f2be5998a372bb1389e64b1a4a36b3a7979142220d?s=96&d=mm&r=g\",\"caption\":\"Redacci\u00f3n\"},\"sameAs\":[\"http:\/\/nuevodigitaldeescobar.com.ar\"],\"url\":\"https:\/\/nuevodigitaldeescobar.com.ar\/?author=1\"}]}<\/script>\n<!-- \/ Yoast SEO plugin. -->","yoast_head_json":{"title":"Milei, tras la derrota: \"Hay que abrazar a los que est\u00e9n dispuestos a ponerle fin al kirchnerismo\" - Nuevo Digital de Escobar","robots":{"index":"index","follow":"follow","max-snippet":"max-snippet:-1","max-image-preview":"max-image-preview:large","max-video-preview":"max-video-preview:-1"},"canonical":"https:\/\/nuevodigitaldeescobar.com.ar\/?p=368","og_locale":"es_ES","og_type":"article","og_title":"Milei, tras la derrota: \"Hay que abrazar a los que est\u00e9n dispuestos a ponerle fin al kirchnerismo\" - Nuevo Digital de Escobar","og_description":"El libertario habl\u00f3 el d\u00eda despu\u00e9s de los comicios y plante\u00f3 que el oficialismo lleg\u00f3 a su techo electoral.","og_url":"https:\/\/nuevodigitaldeescobar.com.ar\/?p=368","og_site_name":"Nuevo Digital de Escobar","article_publisher":"https:\/\/www.facebook.com\/NUEVODigitalDeEscobar","article_published_time":"2023-10-23T14:32:55+00:00","article_modified_time":"2023-10-23T14:32:59+00:00","og_image":[{"width":720,"height":457,"url":"https:\/\/nuevodigitaldeescobar.com.ar\/wp-content\/uploads\/2023\/10\/milei-e1698071567729.jpg","type":"image\/jpeg"}],"author":"Redacci\u00f3n","twitter_card":"summary_large_image","twitter_creator":"@nuevodigescobar","twitter_site":"@nuevodigescobar","twitter_misc":{"Escrito por":"Redacci\u00f3n","Tiempo de lectura":"3 minutos"},"schema":{"@context":"https:\/\/schema.org","@graph":[{"@type":"Article","@id":"https:\/\/nuevodigitaldeescobar.com.ar\/?p=368#article","isPartOf":{"@id":"https:\/\/nuevodigitaldeescobar.com.ar\/?p=368"},"author":{"name":"Redacci\u00f3n","@id":"https:\/\/nuevodigitaldeescobar.com.ar\/#\/schema\/person\/035e90a8efe9a80e6eec22656ad6ea4c"},"headline":"Milei, tras la derrota: \u00abHay que abrazar a los que est\u00e9n dispuestos a ponerle fin al kirchnerismo\u00bb","datePublished":"2023-10-23T14:32:55+00:00","dateModified":"2023-10-23T14:32:59+00:00","mainEntityOfPage":{"@id":"https:\/\/nuevodigitaldeescobar.com.ar\/?p=368"},"wordCount":590,"commentCount":0,"publisher":{"@id":"https:\/\/nuevodigitaldeescobar.com.ar\/#organization"},"image":{"@id":"https:\/\/nuevodigitaldeescobar.com.ar\/?p=368#primaryimage"},"thumbnailUrl":"https:\/\/nuevodigitaldeescobar.com.ar\/wp-content\/uploads\/2023\/10\/milei-e1698071567729.jpg","articleSection":["Pol\u00edtica"],"inLanguage":"es","potentialAction":[{"@type":"CommentAction","name":"Comment","target":["https:\/\/nuevodigitaldeescobar.com.ar\/?p=368#respond"]}]},{"@type":"WebPage","@id":"https:\/\/nuevodigitaldeescobar.com.ar\/?p=368","url":"https:\/\/nuevodigitaldeescobar.com.ar\/?p=368","name":"Milei, tras la derrota: \"Hay que abrazar a los que est\u00e9n dispuestos a ponerle fin al kirchnerismo\" - Nuevo Digital de Escobar","isPartOf":{"@id":"https:\/\/nuevodigitaldeescobar.com.ar\/#website"},"primaryImageOfPage":{"@id":"https:\/\/nuevodigitaldeescobar.com.ar\/?p=368#primaryimage"},"image":{"@id":"https:\/\/nuevodigitaldeescobar.com.ar\/?p=368#primaryimage"},"thumbnailUrl":"https:\/\/nuevodigitaldeescobar.com.ar\/wp-content\/uploads\/2023\/10\/milei-e1698071567729.jpg","datePublished":"2023-10-23T14:32:55+00:00","dateModified":"2023-10-23T14:32:59+00:00","breadcrumb":{"@id":"https:\/\/nuevodigitaldeescobar.com.ar\/?p=368#breadcrumb"},"inLanguage":"es","potentialAction":[{"@type":"ReadAction","target":["https:\/\/nuevodigitaldeescobar.com.ar\/?p=368"]}]},{"@type":"ImageObject","inLanguage":"es","@id":"https:\/\/nuevodigitaldeescobar.com.ar\/?p=368#primaryimage","url":"https:\/\/nuevodigitaldeescobar.com.ar\/wp-content\/uploads\/2023\/10\/milei-e1698071567729.jpg","contentUrl":"https:\/\/nuevodigitaldeescobar.com.ar\/wp-content\/uploads\/2023\/10\/milei-e1698071567729.jpg","width":720,"height":457},{"@type":"BreadcrumbList","@id":"https:\/\/nuevodigitaldeescobar.com.ar\/?p=368#breadcrumb","itemListElement":[{"@type":"ListItem","position":1,"name":"Portada","item":"https:\/\/nuevodigitaldeescobar.com.ar\/"},{"@type":"ListItem","position":2,"name":"Milei, tras la derrota: &#8220;Hay que abrazar a los que est\u00e9n dispuestos a ponerle fin al kirchnerismo&#8221;"}]},{"@type":"WebSite","@id":"https:\/\/nuevodigitaldeescobar.com.ar\/#website","url":"https:\/\/nuevodigitaldeescobar.com.ar\/","name":"Nuevo Digital de Escobar","description":"La vida escobarense. Directora: Rosana Brunner","publisher":{"@id":"https:\/\/nuevodigitaldeescobar.com.ar\/#organization"},"potentialAction":[{"@type":"SearchAction","target":{"@type":"EntryPoint","urlTemplate":"https:\/\/nuevodigitaldeescobar.com.ar\/?s={search_term_string}"},"query-input":{"@type":"PropertyValueSpecification","valueRequired":true,"valueName":"search_term_string"}}],"inLanguage":"es"},{"@type":"Organization","@id":"https:\/\/nuevodigitaldeescobar.com.ar\/#organization","name":"Nuevo Digital de Escobar","url":"https:\/\/nuevodigitaldeescobar.com.ar\/","logo":{"@type":"ImageObject","inLanguage":"es","@id":"https:\/\/nuevodigitaldeescobar.com.ar\/#\/schema\/logo\/image\/","url":"https:\/\/nuevodigitaldeescobar.com.ar\/wp-content\/uploads\/2025\/05\/cropped-logo-nuevo2.jpg","contentUrl":"https:\/\/nuevodigitaldeescobar.com.ar\/wp-content\/uploads\/2025\/05\/cropped-logo-nuevo2.jpg","width":305,"height":305,"caption":"Nuevo Digital de Escobar"},"image":{"@id":"https:\/\/nuevodigitaldeescobar.com.ar\/#\/schema\/logo\/image\/"},"sameAs":["https:\/\/www.facebook.com\/NUEVODigitalDeEscobar","https:\/\/x.com\/nuevodigescobar","https:\/\/www.instagram.com\/nuevodigitaldeescobar"]},{"@type":"Person","@id":"https:\/\/nuevodigitaldeescobar.com.ar\/#\/schema\/person\/035e90a8efe9a80e6eec22656ad6ea4c","name":"Redacci\u00f3n","image":{"@type":"ImageObject","inLanguage":"es","@id":"https:\/\/nuevodigitaldeescobar.com.ar\/#\/schema\/person\/image\/","url":"https:\/\/secure.gravatar.com\/avatar\/8af8f40000c24e9eef3034f2be5998a372bb1389e64b1a4a36b3a7979142220d?s=96&d=mm&r=g","contentUrl":"https:\/\/secure.gravatar.com\/avatar\/8af8f40000c24e9eef3034f2be5998a372bb1389e64b1a4a36b3a7979142220d?s=96&d=mm&r=g","caption":"Redacci\u00f3n"},"sameAs":["http:\/\/nuevodigitaldeescobar.com.ar"],"url":"https:\/\/nuevodigitaldeescobar.com.ar\/?author=1"}]}},"featured_image_urls":{"full":["https:\/\/nuevodigitaldeescobar.com.ar\/wp-content\/uploads\/2023\/10\/milei-e1698071567729.jpg",720,457,false],"thumbnail":["https:\/\/nuevodigitaldeescobar.com.ar\/wp-content\/uploads\/2023\/10\/milei-150x150.jpg",150,150,true],"medium":["https:\/\/nuevodigitaldeescobar.com.ar\/wp-content\/uploads\/2023\/10\/milei-300x190.jpg",300,190,true],"medium_large":["https:\/\/nuevodigitaldeescobar.com.ar\/wp-content\/uploads\/2023\/10\/milei-e1698071567729.jpg",640,406,false],"large":["https:\/\/nuevodigitaldeescobar.com.ar\/wp-content\/uploads\/2023\/10\/milei-e1698071567729.jpg",640,406,false],"1536x1536":["https:\/\/nuevodigitaldeescobar.com.ar\/wp-content\/uploads\/2023\/10\/milei-e1698071567729.jpg",720,457,false],"2048x2048":["https:\/\/nuevodigitaldeescobar.com.ar\/wp-content\/uploads\/2023\/10\/milei-e1698071567729.jpg",720,457,false]},"author_info":{"display_name":"Redacci\u00f3n","author_link":"https:\/\/nuevodigitaldeescobar.com.ar\/?author=1"},"category_info":"<a href=\"https:\/\/nuevodigitaldeescobar.com.ar\/?cat=6\" rel=\"category\">Pol\u00edtica<\/a>","tag_info":"Pol\u00edtica","comment_count":"0","_links":{"self":[{"href":"https:\/\/nuevodigitaldeescobar.com.ar\/index.php?rest_route=\/wp\/v2\/posts\/368","targetHints":{"allow":["GET"]}}],"collection":[{"href":"https:\/\/nuevodigitaldeescobar.com.ar\/index.php?rest_route=\/wp\/v2\/posts"}],"about":[{"href":"https:\/\/nuevodigitaldeescobar.com.ar\/index.php?rest_route=\/wp\/v2\/types\/post"}],"author":[{"embeddable":true,"href":"https:\/\/nuevodigitaldeescobar.com.ar\/index.php?rest_route=\/wp\/v2\/users\/1"}],"replies":[{"embeddable":true,"href":"https:\/\/nuevodigitaldeescobar.com.ar\/index.php?rest_route=%2Fwp%2Fv2%2Fcomments&post=368"}],"version-history":[{"count":1,"href":"https:\/\/nuevodigitaldeescobar.com.ar\/index.php?rest_route=\/wp\/v2\/posts\/368\/revisions"}],"predecessor-version":[{"id":370,"href":"https:\/\/nuevodigitaldeescobar.com.ar\/index.php?rest_route=\/wp\/v2\/posts\/368\/revisions\/370"}],"wp:featuredmedia":[{"embeddable":true,"href":"https:\/\/nuevodigitaldeescobar.com.ar\/index.php?rest_route=\/wp\/v2\/media\/369"}],"wp:attachment":[{"href":"https:\/\/nuevodigitaldeescobar.com.ar\/index.php?rest_route=%2Fwp%2Fv2%2Fmedia&parent=368"}],"wp:term":[{"taxonomy":"category","embeddable":true,"href":"https:\/\/nuevodigitaldeescobar.com.ar\/index.php?rest_route=%2Fwp%2Fv2%2Fcategories&post=368"},{"taxonomy":"post_tag","embeddable":true,"href":"https:\/\/nuevodigitaldeescobar.com.ar\/index.php?rest_route=%2Fwp%2Fv2%2Ftags&post=368"}],"curies":[{"name":"wp","href":"https:\/\/api.w.org\/{rel}","templated":true}]}}