{"id":3718,"date":"2024-02-25T07:00:00","date_gmt":"2024-02-25T10:00:00","guid":{"rendered":"https:\/\/nuevodigitaldeescobar.com.ar\/?p=3718"},"modified":"2024-02-23T19:47:59","modified_gmt":"2024-02-23T22:47:59","slug":"mas-de-22-mil-beneficiarios-analizan-nuevas-irregularidades-en-el-potenciar-trabajo","status":"publish","type":"post","link":"https:\/\/nuevodigitaldeescobar.com.ar\/?p=3718","title":{"rendered":"M\u00e1s de 22 mil beneficiarios: analizan nuevas irregularidades en el Potenciar Trabajo"},"content":{"rendered":"<p><span style=\"color: #003366;\"><strong><em>La cartera que conduce Pettovello se present\u00f3 en la Justicia y comparti\u00f3 el resultado de su entrecruzamiento de informaci\u00f3n. Casi 3000 personas viajaron en avi\u00f3n o crucero y miles estuvieron fuera del pa\u00eds por m\u00e1s de 30 d\u00edas.<\/em><\/strong><\/span><\/p>\n<p><!--more--><\/p>\n<hr \/>\n<p>El pasado 30 de enero, el Ministerio de Capital Humano dio de baja a unos 27 mil beneficiarios del Potenciar Trabajo que ten\u00edan <em>\u201cincompatibilidades\u201d<\/em> con el reglamento de permanencia en el programa a trav\u00e9s del que el Gobierno paga la mitad de un salario m\u00ednimo vital y m\u00f3vil a cambio de una contraprestaci\u00f3n de cuatro horas diarias.<\/p>\n<p>Ahora la cartera que conduce Sandra Pettovello detect\u00f3 nuevas irregularidades en el programa y coloca su atenci\u00f3n en un grupo de personas que realizaron viajes de lujo al exterior, situaci\u00f3n que fue denunciada por el fiscal Guillermo Mariju\u00e1n en octubre de 2023. Seg\u00fan se pudo saber, se suspender\u00edan del programa a m\u00e1s de 22 mil personas.<\/p>\n<p>Esta semana, representantes del ministerio se presentaron en la fiscal\u00eda de Carlos R\u00edvolo, que lleva adelante la investigaci\u00f3n tras la denuncia de Mariju\u00e1n, para presentarle a la Justicia los resultados del trabajo interno que se realiz\u00f3 sobre los movimientos migratorios de beneficiarios. De all\u00ed se desprendi\u00f3 que 2939 titulares del Potenciar Trabajo usaron aviones y cruceros; 14.695 estuvieron en el exterior por m\u00e1s de 30 d\u00edas; 85 personas viajaron a destinos por fuera de Latinoam\u00e9rica y 4782 registraron m\u00e1s de uno de los criterios analizados anteriormente.<\/p>\n<p>Lo que las autoridades est\u00e1n cerca de probar es que un grupo de beneficiarios del Potenciar Trabajo no cumple con una condici\u00f3n fundamental: estar en situaci\u00f3n de vulnerabilidad, ya que se trata de personas que viajaron en cruceros o en avi\u00f3n; realizaron viajes a continentes como Europa o permanecieron fuera de la Argentina por m\u00e1s de 30 d\u00edas, lo que les impidi\u00f3 realizar sus tareas en el marco del programa. En ese marco, no se descarta que en el corto plazo pueda llegar a producirse una nueva baja de titulares del programa.<\/p>\n<p><em>\u201cSe estudia caso por caso y hay que reforzar bien el argumento para evitar amparos\u201d<\/em>, reconoci\u00f3 una fuente. La decisi\u00f3n podr\u00eda darse en estos d\u00edas, antes de liquidar los haberes de marzo.<\/p>\n<p>La denuncia original de Mariju\u00e1n marcaba que 817 beneficiarios utilizaron cruceros, mientras que 29.076 optaron por viajar en avi\u00f3n y 83.974 en otras embarcaciones. El Ministerio de Capital Humano entrecruz\u00f3 estas cifras para intentar llegar a un n\u00famero final de personas en situaci\u00f3n irregular. Los resultados ya fueron entregados a la Justicia.<\/p>\n<p>En enero pasado, por medio de la <a href=\"https:\/\/www.boletinoficial.gob.ar\/detalleAviso\/primera\/302141\/20240129\">resoluci\u00f3n 13\/2024<\/a>, publicada en el Bolet\u00edn Oficial, el Poder Ejecutivo resolvi\u00f3 suspender el pago del <em>\u201cSalario Social Complementario a los titulares del Potenciar Trabajo identificados en el listado que como anexo acompa\u00f1a a la presente medida\u201d<\/em>. Seg\u00fan datos oficiales, la decisi\u00f3n de suspender estos pagos represent\u00f3 un ahorro de $2 mil millones.<\/p>\n<h3><span style=\"color: #003366;\"><strong>Los planes sociales dejar\u00e1n de estar atados al salario m\u00ednimo<\/strong><\/span><\/h3>\n<p>En otro orden, el Gobierno anunci\u00f3 que los planes sociales dejar\u00e1n de estar atados a la evoluci\u00f3n del salario m\u00ednimo, que fue elevado a $180.000 en febrero. La decisi\u00f3n fue confirmada por el vocero presidencial Manuel Adorni durante la conferencia de prensa de este jueves.<\/p>\n<p><em>\u201cLos planes sociales van a ser descalzados del salario m\u00ednimo\u201d<\/em>, afirm\u00f3 Adorni. De esta manera, la decisi\u00f3n del Ejecutivo recae sobre los haberes que cobran los titulares del Potenciar Trabajo que, hasta el momento, paga directo al beneficiario la mitad del salario m\u00ednimo por una contraprestaci\u00f3n laboral de cuatro horas diarias. A principios de febrero, el monto fue de $78.000.<\/p>\n<p>La medida hab\u00eda sido adelantada a mediados de diciembre por el ministro de Econom\u00eda, Luis Caputo cuando anticip\u00f3 que iban a congelar los montos del plan social. En ese entonces, el titular del Palacio de Hacienda se\u00f1al\u00f3 que el Estado <em>\u201cno tiene m\u00e1s recursos\u201d<\/em> para continuar actualizando los pagos del plan social.<\/p>\n<p>Por eso, la remuneraci\u00f3n del plan Potenciar Trabajo no se actualizar\u00e1 y el valor de la prestaci\u00f3n ser\u00e1 sobre la base del Presupuesto 2023, que ten\u00eda partidas por $998.000 millones. Por su parte, el Gobierno anunciar\u00e1 por decreto un cambio dentro de Potenciar Trabajo, espec\u00edficamente, en su nombre y de qu\u00e9 manera subir\u00e1n los montos. Se comunicar\u00e1 en las pr\u00f3ximas semanas.<\/p>\n<p><em>(TN)<\/em><\/p>\n","protected":false},"excerpt":{"rendered":"<p>La cartera que conduce Pettovello se present\u00f3 en la Justicia y comparti\u00f3 el resultado de su entrecruzamiento de informaci\u00f3n. Casi 3000 personas viajaron en avi\u00f3n [&hellip;]<\/p>\n","protected":false},"author":1,"featured_media":3719,"comment_status":"open","ping_status":"closed","sticky":false,"template":"","format":"standard","meta":{"footnotes":""},"categories":[10],"tags":[],"class_list":["post-3718","post","type-post","status-publish","format-standard","has-post-thumbnail","hentry","category-economia"],"better_featured_image":{"id":3719,"alt_text":"","caption":"","description":"","media_type":"image","media_details":{"width":720,"height":406,"file":"2024\/02\/potenciar-trabajo-e1708728472453.jpg","filesize":51713,"sizes":{"medium":{"file":"potenciar-trabajo-300x169.jpg","width":300,"height":169,"mime-type":"image\/jpeg","filesize":12434,"source_url":"https:\/\/nuevodigitaldeescobar.com.ar\/wp-content\/uploads\/2024\/02\/potenciar-trabajo-300x169.jpg"},"thumbnail":{"file":"potenciar-trabajo-150x150.jpg","width":150,"height":150,"mime-type":"image\/jpeg","filesize":6176,"source_url":"https:\/\/nuevodigitaldeescobar.com.ar\/wp-content\/uploads\/2024\/02\/potenciar-trabajo-150x150.jpg"}},"image_meta":{"aperture":"0","credit":"","camera":"","caption":"","created_timestamp":"0","copyright":"","focal_length":"0","iso":"0","shutter_speed":"0","title":"","orientation":"0","keywords":[]}},"post":3718,"source_url":"https:\/\/nuevodigitaldeescobar.com.ar\/wp-content\/uploads\/2024\/02\/potenciar-trabajo-e1708728472453.jpg"},"yoast_head":"<!-- This site is optimized with the Yoast SEO plugin v26.1.1 - https:\/\/yoast.com\/wordpress\/plugins\/seo\/ -->\n<title>M\u00e1s de 22 mil beneficiarios: analizan nuevas irregularidades en el Potenciar Trabajo - Nuevo Digital de Escobar<\/title>\n<meta name=\"robots\" content=\"index, follow, max-snippet:-1, max-image-preview:large, max-video-preview:-1\" \/>\n<link rel=\"canonical\" href=\"https:\/\/nuevodigitaldeescobar.com.ar\/?p=3718\" \/>\n<meta property=\"og:locale\" content=\"es_ES\" \/>\n<meta property=\"og:type\" content=\"article\" \/>\n<meta property=\"og:title\" content=\"M\u00e1s de 22 mil beneficiarios: analizan nuevas irregularidades en el Potenciar Trabajo - Nuevo Digital de Escobar\" \/>\n<meta property=\"og:description\" content=\"La cartera que conduce Pettovello se present\u00f3 en la Justicia y comparti\u00f3 el resultado de su entrecruzamiento de informaci\u00f3n. Casi 3000 personas viajaron en avi\u00f3n [&hellip;]\" \/>\n<meta property=\"og:url\" content=\"https:\/\/nuevodigitaldeescobar.com.ar\/?p=3718\" \/>\n<meta property=\"og:site_name\" content=\"Nuevo Digital de Escobar\" \/>\n<meta property=\"article:publisher\" content=\"https:\/\/www.facebook.com\/NUEVODigitalDeEscobar\" \/>\n<meta property=\"article:published_time\" content=\"2024-02-25T10:00:00+00:00\" \/>\n<meta property=\"og:image\" content=\"https:\/\/nuevodigitaldeescobar.com.ar\/wp-content\/uploads\/2024\/02\/potenciar-trabajo-e1708728472453.jpg\" \/>\n\t<meta property=\"og:image:width\" content=\"720\" \/>\n\t<meta property=\"og:image:height\" content=\"406\" \/>\n\t<meta property=\"og:image:type\" content=\"image\/jpeg\" \/>\n<meta name=\"author\" content=\"Redacci\u00f3n\" \/>\n<meta name=\"twitter:card\" content=\"summary_large_image\" \/>\n<meta name=\"twitter:creator\" content=\"@nuevodigescobar\" \/>\n<meta name=\"twitter:site\" content=\"@nuevodigescobar\" \/>\n<meta name=\"twitter:label1\" content=\"Escrito por\" \/>\n\t<meta name=\"twitter:data1\" content=\"Redacci\u00f3n\" \/>\n\t<meta name=\"twitter:label2\" content=\"Tiempo de lectura\" \/>\n\t<meta name=\"twitter:data2\" content=\"4 minutos\" \/>\n<script type=\"application\/ld+json\" class=\"yoast-schema-graph\">{\"@context\":\"https:\/\/schema.org\",\"@graph\":[{\"@type\":\"Article\",\"@id\":\"https:\/\/nuevodigitaldeescobar.com.ar\/?p=3718#article\",\"isPartOf\":{\"@id\":\"https:\/\/nuevodigitaldeescobar.com.ar\/?p=3718\"},\"author\":{\"name\":\"Redacci\u00f3n\",\"@id\":\"https:\/\/nuevodigitaldeescobar.com.ar\/#\/schema\/person\/035e90a8efe9a80e6eec22656ad6ea4c\"},\"headline\":\"M\u00e1s de 22 mil beneficiarios: analizan nuevas irregularidades en el Potenciar Trabajo\",\"datePublished\":\"2024-02-25T10:00:00+00:00\",\"mainEntityOfPage\":{\"@id\":\"https:\/\/nuevodigitaldeescobar.com.ar\/?p=3718\"},\"wordCount\":754,\"commentCount\":0,\"publisher\":{\"@id\":\"https:\/\/nuevodigitaldeescobar.com.ar\/#organization\"},\"image\":{\"@id\":\"https:\/\/nuevodigitaldeescobar.com.ar\/?p=3718#primaryimage\"},\"thumbnailUrl\":\"https:\/\/nuevodigitaldeescobar.com.ar\/wp-content\/uploads\/2024\/02\/potenciar-trabajo-e1708728472453.jpg\",\"articleSection\":[\"Econom\u00eda\"],\"inLanguage\":\"es\",\"potentialAction\":[{\"@type\":\"CommentAction\",\"name\":\"Comment\",\"target\":[\"https:\/\/nuevodigitaldeescobar.com.ar\/?p=3718#respond\"]}]},{\"@type\":\"WebPage\",\"@id\":\"https:\/\/nuevodigitaldeescobar.com.ar\/?p=3718\",\"url\":\"https:\/\/nuevodigitaldeescobar.com.ar\/?p=3718\",\"name\":\"M\u00e1s de 22 mil beneficiarios: analizan nuevas irregularidades en el Potenciar Trabajo - Nuevo Digital de Escobar\",\"isPartOf\":{\"@id\":\"https:\/\/nuevodigitaldeescobar.com.ar\/#website\"},\"primaryImageOfPage\":{\"@id\":\"https:\/\/nuevodigitaldeescobar.com.ar\/?p=3718#primaryimage\"},\"image\":{\"@id\":\"https:\/\/nuevodigitaldeescobar.com.ar\/?p=3718#primaryimage\"},\"thumbnailUrl\":\"https:\/\/nuevodigitaldeescobar.com.ar\/wp-content\/uploads\/2024\/02\/potenciar-trabajo-e1708728472453.jpg\",\"datePublished\":\"2024-02-25T10:00:00+00:00\",\"breadcrumb\":{\"@id\":\"https:\/\/nuevodigitaldeescobar.com.ar\/?p=3718#breadcrumb\"},\"inLanguage\":\"es\",\"potentialAction\":[{\"@type\":\"ReadAction\",\"target\":[\"https:\/\/nuevodigitaldeescobar.com.ar\/?p=3718\"]}]},{\"@type\":\"ImageObject\",\"inLanguage\":\"es\",\"@id\":\"https:\/\/nuevodigitaldeescobar.com.ar\/?p=3718#primaryimage\",\"url\":\"https:\/\/nuevodigitaldeescobar.com.ar\/wp-content\/uploads\/2024\/02\/potenciar-trabajo-e1708728472453.jpg\",\"contentUrl\":\"https:\/\/nuevodigitaldeescobar.com.ar\/wp-content\/uploads\/2024\/02\/potenciar-trabajo-e1708728472453.jpg\",\"width\":720,\"height\":406},{\"@type\":\"BreadcrumbList\",\"@id\":\"https:\/\/nuevodigitaldeescobar.com.ar\/?p=3718#breadcrumb\",\"itemListElement\":[{\"@type\":\"ListItem\",\"position\":1,\"name\":\"Portada\",\"item\":\"https:\/\/nuevodigitaldeescobar.com.ar\/\"},{\"@type\":\"ListItem\",\"position\":2,\"name\":\"M\u00e1s de 22 mil beneficiarios: analizan nuevas irregularidades en el Potenciar Trabajo\"}]},{\"@type\":\"WebSite\",\"@id\":\"https:\/\/nuevodigitaldeescobar.com.ar\/#website\",\"url\":\"https:\/\/nuevodigitaldeescobar.com.ar\/\",\"name\":\"Nuevo Digital de Escobar\",\"description\":\"La vida escobarense. Directora: Rosana Brunner\",\"publisher\":{\"@id\":\"https:\/\/nuevodigitaldeescobar.com.ar\/#organization\"},\"potentialAction\":[{\"@type\":\"SearchAction\",\"target\":{\"@type\":\"EntryPoint\",\"urlTemplate\":\"https:\/\/nuevodigitaldeescobar.com.ar\/?s={search_term_string}\"},\"query-input\":{\"@type\":\"PropertyValueSpecification\",\"valueRequired\":true,\"valueName\":\"search_term_string\"}}],\"inLanguage\":\"es\"},{\"@type\":\"Organization\",\"@id\":\"https:\/\/nuevodigitaldeescobar.com.ar\/#organization\",\"name\":\"Nuevo Digital de Escobar\",\"url\":\"https:\/\/nuevodigitaldeescobar.com.ar\/\",\"logo\":{\"@type\":\"ImageObject\",\"inLanguage\":\"es\",\"@id\":\"https:\/\/nuevodigitaldeescobar.com.ar\/#\/schema\/logo\/image\/\",\"url\":\"https:\/\/nuevodigitaldeescobar.com.ar\/wp-content\/uploads\/2025\/05\/cropped-logo-nuevo2.jpg\",\"contentUrl\":\"https:\/\/nuevodigitaldeescobar.com.ar\/wp-content\/uploads\/2025\/05\/cropped-logo-nuevo2.jpg\",\"width\":305,\"height\":305,\"caption\":\"Nuevo Digital de Escobar\"},\"image\":{\"@id\":\"https:\/\/nuevodigitaldeescobar.com.ar\/#\/schema\/logo\/image\/\"},\"sameAs\":[\"https:\/\/www.facebook.com\/NUEVODigitalDeEscobar\",\"https:\/\/x.com\/nuevodigescobar\",\"https:\/\/www.instagram.com\/nuevodigitaldeescobar\"]},{\"@type\":\"Person\",\"@id\":\"https:\/\/nuevodigitaldeescobar.com.ar\/#\/schema\/person\/035e90a8efe9a80e6eec22656ad6ea4c\",\"name\":\"Redacci\u00f3n\",\"image\":{\"@type\":\"ImageObject\",\"inLanguage\":\"es\",\"@id\":\"https:\/\/nuevodigitaldeescobar.com.ar\/#\/schema\/person\/image\/\",\"url\":\"https:\/\/secure.gravatar.com\/avatar\/8af8f40000c24e9eef3034f2be5998a372bb1389e64b1a4a36b3a7979142220d?s=96&d=mm&r=g\",\"contentUrl\":\"https:\/\/secure.gravatar.com\/avatar\/8af8f40000c24e9eef3034f2be5998a372bb1389e64b1a4a36b3a7979142220d?s=96&d=mm&r=g\",\"caption\":\"Redacci\u00f3n\"},\"sameAs\":[\"http:\/\/nuevodigitaldeescobar.com.ar\"],\"url\":\"https:\/\/nuevodigitaldeescobar.com.ar\/?author=1\"}]}<\/script>\n<!-- \/ Yoast SEO plugin. -->","yoast_head_json":{"title":"M\u00e1s de 22 mil beneficiarios: analizan nuevas irregularidades en el Potenciar Trabajo - Nuevo Digital de Escobar","robots":{"index":"index","follow":"follow","max-snippet":"max-snippet:-1","max-image-preview":"max-image-preview:large","max-video-preview":"max-video-preview:-1"},"canonical":"https:\/\/nuevodigitaldeescobar.com.ar\/?p=3718","og_locale":"es_ES","og_type":"article","og_title":"M\u00e1s de 22 mil beneficiarios: analizan nuevas irregularidades en el Potenciar Trabajo - Nuevo Digital de Escobar","og_description":"La cartera que conduce Pettovello se present\u00f3 en la Justicia y comparti\u00f3 el resultado de su entrecruzamiento de informaci\u00f3n. Casi 3000 personas viajaron en avi\u00f3n [&hellip;]","og_url":"https:\/\/nuevodigitaldeescobar.com.ar\/?p=3718","og_site_name":"Nuevo Digital de Escobar","article_publisher":"https:\/\/www.facebook.com\/NUEVODigitalDeEscobar","article_published_time":"2024-02-25T10:00:00+00:00","og_image":[{"width":720,"height":406,"url":"https:\/\/nuevodigitaldeescobar.com.ar\/wp-content\/uploads\/2024\/02\/potenciar-trabajo-e1708728472453.jpg","type":"image\/jpeg"}],"author":"Redacci\u00f3n","twitter_card":"summary_large_image","twitter_creator":"@nuevodigescobar","twitter_site":"@nuevodigescobar","twitter_misc":{"Escrito por":"Redacci\u00f3n","Tiempo de lectura":"4 minutos"},"schema":{"@context":"https:\/\/schema.org","@graph":[{"@type":"Article","@id":"https:\/\/nuevodigitaldeescobar.com.ar\/?p=3718#article","isPartOf":{"@id":"https:\/\/nuevodigitaldeescobar.com.ar\/?p=3718"},"author":{"name":"Redacci\u00f3n","@id":"https:\/\/nuevodigitaldeescobar.com.ar\/#\/schema\/person\/035e90a8efe9a80e6eec22656ad6ea4c"},"headline":"M\u00e1s de 22 mil beneficiarios: analizan nuevas irregularidades en el Potenciar Trabajo","datePublished":"2024-02-25T10:00:00+00:00","mainEntityOfPage":{"@id":"https:\/\/nuevodigitaldeescobar.com.ar\/?p=3718"},"wordCount":754,"commentCount":0,"publisher":{"@id":"https:\/\/nuevodigitaldeescobar.com.ar\/#organization"},"image":{"@id":"https:\/\/nuevodigitaldeescobar.com.ar\/?p=3718#primaryimage"},"thumbnailUrl":"https:\/\/nuevodigitaldeescobar.com.ar\/wp-content\/uploads\/2024\/02\/potenciar-trabajo-e1708728472453.jpg","articleSection":["Econom\u00eda"],"inLanguage":"es","potentialAction":[{"@type":"CommentAction","name":"Comment","target":["https:\/\/nuevodigitaldeescobar.com.ar\/?p=3718#respond"]}]},{"@type":"WebPage","@id":"https:\/\/nuevodigitaldeescobar.com.ar\/?p=3718","url":"https:\/\/nuevodigitaldeescobar.com.ar\/?p=3718","name":"M\u00e1s de 22 mil beneficiarios: analizan nuevas irregularidades en el Potenciar Trabajo - Nuevo Digital de Escobar","isPartOf":{"@id":"https:\/\/nuevodigitaldeescobar.com.ar\/#website"},"primaryImageOfPage":{"@id":"https:\/\/nuevodigitaldeescobar.com.ar\/?p=3718#primaryimage"},"image":{"@id":"https:\/\/nuevodigitaldeescobar.com.ar\/?p=3718#primaryimage"},"thumbnailUrl":"https:\/\/nuevodigitaldeescobar.com.ar\/wp-content\/uploads\/2024\/02\/potenciar-trabajo-e1708728472453.jpg","datePublished":"2024-02-25T10:00:00+00:00","breadcrumb":{"@id":"https:\/\/nuevodigitaldeescobar.com.ar\/?p=3718#breadcrumb"},"inLanguage":"es","potentialAction":[{"@type":"ReadAction","target":["https:\/\/nuevodigitaldeescobar.com.ar\/?p=3718"]}]},{"@type":"ImageObject","inLanguage":"es","@id":"https:\/\/nuevodigitaldeescobar.com.ar\/?p=3718#primaryimage","url":"https:\/\/nuevodigitaldeescobar.com.ar\/wp-content\/uploads\/2024\/02\/potenciar-trabajo-e1708728472453.jpg","contentUrl":"https:\/\/nuevodigitaldeescobar.com.ar\/wp-content\/uploads\/2024\/02\/potenciar-trabajo-e1708728472453.jpg","width":720,"height":406},{"@type":"BreadcrumbList","@id":"https:\/\/nuevodigitaldeescobar.com.ar\/?p=3718#breadcrumb","itemListElement":[{"@type":"ListItem","position":1,"name":"Portada","item":"https:\/\/nuevodigitaldeescobar.com.ar\/"},{"@type":"ListItem","position":2,"name":"M\u00e1s de 22 mil beneficiarios: analizan nuevas irregularidades en el Potenciar Trabajo"}]},{"@type":"WebSite","@id":"https:\/\/nuevodigitaldeescobar.com.ar\/#website","url":"https:\/\/nuevodigitaldeescobar.com.ar\/","name":"Nuevo Digital de Escobar","description":"La vida escobarense. Directora: Rosana Brunner","publisher":{"@id":"https:\/\/nuevodigitaldeescobar.com.ar\/#organization"},"potentialAction":[{"@type":"SearchAction","target":{"@type":"EntryPoint","urlTemplate":"https:\/\/nuevodigitaldeescobar.com.ar\/?s={search_term_string}"},"query-input":{"@type":"PropertyValueSpecification","valueRequired":true,"valueName":"search_term_string"}}],"inLanguage":"es"},{"@type":"Organization","@id":"https:\/\/nuevodigitaldeescobar.com.ar\/#organization","name":"Nuevo Digital de Escobar","url":"https:\/\/nuevodigitaldeescobar.com.ar\/","logo":{"@type":"ImageObject","inLanguage":"es","@id":"https:\/\/nuevodigitaldeescobar.com.ar\/#\/schema\/logo\/image\/","url":"https:\/\/nuevodigitaldeescobar.com.ar\/wp-content\/uploads\/2025\/05\/cropped-logo-nuevo2.jpg","contentUrl":"https:\/\/nuevodigitaldeescobar.com.ar\/wp-content\/uploads\/2025\/05\/cropped-logo-nuevo2.jpg","width":305,"height":305,"caption":"Nuevo Digital de Escobar"},"image":{"@id":"https:\/\/nuevodigitaldeescobar.com.ar\/#\/schema\/logo\/image\/"},"sameAs":["https:\/\/www.facebook.com\/NUEVODigitalDeEscobar","https:\/\/x.com\/nuevodigescobar","https:\/\/www.instagram.com\/nuevodigitaldeescobar"]},{"@type":"Person","@id":"https:\/\/nuevodigitaldeescobar.com.ar\/#\/schema\/person\/035e90a8efe9a80e6eec22656ad6ea4c","name":"Redacci\u00f3n","image":{"@type":"ImageObject","inLanguage":"es","@id":"https:\/\/nuevodigitaldeescobar.com.ar\/#\/schema\/person\/image\/","url":"https:\/\/secure.gravatar.com\/avatar\/8af8f40000c24e9eef3034f2be5998a372bb1389e64b1a4a36b3a7979142220d?s=96&d=mm&r=g","contentUrl":"https:\/\/secure.gravatar.com\/avatar\/8af8f40000c24e9eef3034f2be5998a372bb1389e64b1a4a36b3a7979142220d?s=96&d=mm&r=g","caption":"Redacci\u00f3n"},"sameAs":["http:\/\/nuevodigitaldeescobar.com.ar"],"url":"https:\/\/nuevodigitaldeescobar.com.ar\/?author=1"}]}},"featured_image_urls":{"full":["https:\/\/nuevodigitaldeescobar.com.ar\/wp-content\/uploads\/2024\/02\/potenciar-trabajo-e1708728472453.jpg",720,406,false],"thumbnail":["https:\/\/nuevodigitaldeescobar.com.ar\/wp-content\/uploads\/2024\/02\/potenciar-trabajo-150x150.jpg",150,150,true],"medium":["https:\/\/nuevodigitaldeescobar.com.ar\/wp-content\/uploads\/2024\/02\/potenciar-trabajo-300x169.jpg",300,169,true],"medium_large":["https:\/\/nuevodigitaldeescobar.com.ar\/wp-content\/uploads\/2024\/02\/potenciar-trabajo-e1708728472453.jpg",640,361,false],"large":["https:\/\/nuevodigitaldeescobar.com.ar\/wp-content\/uploads\/2024\/02\/potenciar-trabajo-e1708728472453.jpg",640,361,false],"1536x1536":["https:\/\/nuevodigitaldeescobar.com.ar\/wp-content\/uploads\/2024\/02\/potenciar-trabajo-e1708728472453.jpg",720,406,false],"2048x2048":["https:\/\/nuevodigitaldeescobar.com.ar\/wp-content\/uploads\/2024\/02\/potenciar-trabajo-e1708728472453.jpg",720,406,false]},"author_info":{"display_name":"Redacci\u00f3n","author_link":"https:\/\/nuevodigitaldeescobar.com.ar\/?author=1"},"category_info":"<a href=\"https:\/\/nuevodigitaldeescobar.com.ar\/?cat=10\" rel=\"category\">Econom\u00eda<\/a>","tag_info":"Econom\u00eda","comment_count":"0","_links":{"self":[{"href":"https:\/\/nuevodigitaldeescobar.com.ar\/index.php?rest_route=\/wp\/v2\/posts\/3718","targetHints":{"allow":["GET"]}}],"collection":[{"href":"https:\/\/nuevodigitaldeescobar.com.ar\/index.php?rest_route=\/wp\/v2\/posts"}],"about":[{"href":"https:\/\/nuevodigitaldeescobar.com.ar\/index.php?rest_route=\/wp\/v2\/types\/post"}],"author":[{"embeddable":true,"href":"https:\/\/nuevodigitaldeescobar.com.ar\/index.php?rest_route=\/wp\/v2\/users\/1"}],"replies":[{"embeddable":true,"href":"https:\/\/nuevodigitaldeescobar.com.ar\/index.php?rest_route=%2Fwp%2Fv2%2Fcomments&post=3718"}],"version-history":[{"count":1,"href":"https:\/\/nuevodigitaldeescobar.com.ar\/index.php?rest_route=\/wp\/v2\/posts\/3718\/revisions"}],"predecessor-version":[{"id":3720,"href":"https:\/\/nuevodigitaldeescobar.com.ar\/index.php?rest_route=\/wp\/v2\/posts\/3718\/revisions\/3720"}],"wp:featuredmedia":[{"embeddable":true,"href":"https:\/\/nuevodigitaldeescobar.com.ar\/index.php?rest_route=\/wp\/v2\/media\/3719"}],"wp:attachment":[{"href":"https:\/\/nuevodigitaldeescobar.com.ar\/index.php?rest_route=%2Fwp%2Fv2%2Fmedia&parent=3718"}],"wp:term":[{"taxonomy":"category","embeddable":true,"href":"https:\/\/nuevodigitaldeescobar.com.ar\/index.php?rest_route=%2Fwp%2Fv2%2Fcategories&post=3718"},{"taxonomy":"post_tag","embeddable":true,"href":"https:\/\/nuevodigitaldeescobar.com.ar\/index.php?rest_route=%2Fwp%2Fv2%2Ftags&post=3718"}],"curies":[{"name":"wp","href":"https:\/\/api.w.org\/{rel}","templated":true}]}}