{"id":3776,"date":"2024-02-28T07:00:00","date_gmt":"2024-02-28T10:00:00","guid":{"rendered":"https:\/\/nuevodigitaldeescobar.com.ar\/?p=3776"},"modified":"2024-02-26T20:15:10","modified_gmt":"2024-02-26T23:15:10","slug":"causa-vialidad-la-fiscalia-pidio-duplicar-la-pena-contra-cristina-kirchner-e-incluyo-asociacion-ilicita","status":"publish","type":"post","link":"https:\/\/nuevodigitaldeescobar.com.ar\/?p=3776","title":{"rendered":"Causa Vialidad: la fiscal\u00eda pidi\u00f3 duplicar la pena contra Cristina Kirchner e incluy\u00f3 \u201casociaci\u00f3n il\u00edcita\u201d"},"content":{"rendered":"<p><span style=\"color: #003366;\"><strong><em>Diego Villar reclam\u00f3 12 a\u00f1os de prisi\u00f3n, al inaugurar las audiencias de apelaci\u00f3n ante la C\u00e1mara de Casaci\u00f3n.<\/em><\/strong><\/span><\/p>\n<p><!--more--><\/p>\n<hr \/>\n<p>El fiscal general ante la C\u00e1mara Federal de Casaci\u00f3n Mario Villar pidi\u00f3 este lunes duplicar la condena a seis a\u00f1os de prisi\u00f3n contra la ex presidenta Cristina Fern\u00e1ndez de Kirchner, a quien consider\u00f3 <em>\u201cjefa de una asociaci\u00f3n il\u00edcita\u201d<\/em> en el marco de la Causa Vialidad.<\/p>\n<p>Lo hizo a comenzar las audiencias de revisi\u00f3n de la sentencia dictada a fines de 2022 por el Tribunal Oral Federal n\u00famero dos, que por mayor\u00eda excluy\u00f3 la figura de la asociaci\u00f3n il\u00edcita y s\u00f3lo conden\u00f3 a la entonces vicepresidenta por <em>\u201cadministraci\u00f3n fraudulenta en perjuicio de la administraci\u00f3n p\u00fablica\u201d<\/em>.<\/p>\n<p>Al mismo tiempo, pidi\u00f3 la elevaci\u00f3n de las penas del ex secretario de Obras P\u00fablicas Jos\u00e9 Francisco L\u00f3pez, del ex titular de Vialidad Nacional Nelson Periotti y del propio L\u00e1zaro B\u00e1ez.<\/p>\n<p>Pero, adem\u00e1s, reclam\u00f3 que sea condenado el ex ministro de Planificaci\u00f3n Federal, Julio De Vido, quien fue absuelto en el juicio.<\/p>\n<p>El fiscal Villar coincidi\u00f3 con los argumentos de su colega que actu\u00f3 en el juicio, Diego Luciani, y afirm\u00f3 que durante el gobierno de N\u00e9stor Kirchner y los dos de Cristina Kirchner <em>\u201cfuncion\u00f3 una asociaci\u00f3n il\u00edcita\u201d<\/em> montada sobre el aparato estatal.<\/p>\n<p>De esa manera, <em>\u201cse proveyeron los fondos p\u00fablicos nacionales y se cre\u00f3 a un empresario de la construcci\u00f3n para adjudicar los contratos\u201d<\/em>.<\/p>\n<p>Ese empresario era L\u00e1zaro B\u00e1ez, tambi\u00e9n condenado en el juicio oral y apelante ahora en procura de su absoluci\u00f3n.<\/p>\n<p>Villar pidi\u00f3 que la ex presidenta sea condenada a 12 a\u00f1os de c\u00e1rcel, en lugar de los seis actuales.<\/p>\n<p>Seg\u00fan el fiscal Villar, B\u00e1ez fue central en esa <em>\u201cestructura de corrupci\u00f3n que se mont\u00f3 sobre un fin noble, como es la obra p\u00fablica vial\u201d<\/em>.<\/p>\n<p>Villar resumi\u00f3 en su alegato ante la Casaci\u00f3n los argumentos que hab\u00edan esgrimido Luciani y su colega Sergio Mola durante el juicio.<\/p>\n<p>En ese sentido, coincidi\u00f3 con la condena por administraci\u00f3n fraudulenta porque \u2013dijo- existieron <em>\u201cgraves hechos de corrupci\u00f3n\u201d<\/em>, pero refut\u00f3 el fallo de mayor\u00eda que descart\u00f3 la asociaci\u00f3n il\u00edcita porque <em>\u201chubo una estructura delictual organizada\u00bb<\/em>.<\/p>\n<p>Consider\u00f3 que la condena contra la ex presidenta, al m\u00e1ximo de la pena por <em>\u201cadministraci\u00f3n fraudulenta\u201d<\/em>, es err\u00f3nea porque toma a los 51 contratos adjudicados a empresas de B\u00e1ez como un \u00fanico delito.<\/p>\n<p>Si los delitos se sumaran uno a uno, el <em>\u201cconcurso\u201d<\/em> permitir\u00eda una pena mayor a\u00fan a los 12 a\u00f1os, ya que la figura de la asociaci\u00f3n il\u00edcita establece la existencia de una organizaci\u00f3n con perdurabilidad en el tiempo, estructura jer\u00e1rquica, la integraci\u00f3n de tres o m\u00e1s personas y la comisi\u00f3n de <em>\u201cdelitos indeterminados\u201d<\/em>.<\/p>\n<p>Villar consider\u00f3 que eso fue lo que ocurri\u00f3 y que cualquier interpretaci\u00f3n diferente significar\u00eda un <em>\u201cmal mensaje\u201d<\/em> a los funcionarios p\u00fablicos.<\/p>\n<p><em>\u201c\u00bfQu\u00e9 le estamos diciendo a los funcionarios que asumen el cargo, qu\u00e9 ejemplo les estamos dando?\u201d<\/em>, se pregunt\u00f3. <em>\u201cEsta pena no refleja la gravedad del hecho\u201d<\/em> e <em>\u201cincentiva a los funcionarios a cometer delitos\u201d<\/em>, afirm\u00f3.<\/p>\n<p>La C\u00e1mara de Casaci\u00f3n tiene previsto escuchar los argumentos de todas las partes que apelaron sus condenas.<\/p>\n<p>La defensa de Cristina Fern\u00e1ndez de Kirchner tiene fijada su audiencia para el pr\u00f3ximo 7 de marzo ante el Tribunal que estar\u00e1 integrado por Mariano Borinsky, Gustavo Hornos y Diego Barroetave\u00f1a.<\/p>\n<p><em>(NA)<\/em><\/p>\n","protected":false},"excerpt":{"rendered":"<p>Diego Villar reclam\u00f3 12 a\u00f1os de prisi\u00f3n, al inaugurar las audiencias de apelaci\u00f3n ante la C\u00e1mara de Casaci\u00f3n.<\/p>\n","protected":false},"author":1,"featured_media":3777,"comment_status":"open","ping_status":"closed","sticky":false,"template":"","format":"standard","meta":{"footnotes":""},"categories":[61],"tags":[],"class_list":["post-3776","post","type-post","status-publish","format-standard","has-post-thumbnail","hentry","category-nacionales"],"better_featured_image":{"id":3777,"alt_text":"","caption":"","description":"","media_type":"image","media_details":{"width":720,"height":401,"file":"2024\/02\/cfk-juicio-e1708989303127.jpg","filesize":113403,"sizes":{"medium":{"file":"cfk-juicio-300x167.jpg","width":300,"height":167,"mime-type":"image\/jpeg","filesize":11213,"source_url":"https:\/\/nuevodigitaldeescobar.com.ar\/wp-content\/uploads\/2024\/02\/cfk-juicio-300x167.jpg"},"large":{"file":"cfk-juicio-1024x570.jpg","width":1024,"height":570,"mime-type":"image\/jpeg","filesize":59400,"source_url":"https:\/\/nuevodigitaldeescobar.com.ar\/wp-content\/uploads\/2024\/02\/cfk-juicio-1024x570.jpg"},"thumbnail":{"file":"cfk-juicio-150x150.jpg","width":150,"height":150,"mime-type":"image\/jpeg","filesize":5989,"source_url":"https:\/\/nuevodigitaldeescobar.com.ar\/wp-content\/uploads\/2024\/02\/cfk-juicio-150x150.jpg"},"medium_large":{"file":"cfk-juicio-768x427.jpg","width":768,"height":427,"mime-type":"image\/jpeg","filesize":40292,"source_url":"https:\/\/nuevodigitaldeescobar.com.ar\/wp-content\/uploads\/2024\/02\/cfk-juicio-768x427.jpg"}},"image_meta":{"aperture":"0","credit":"","camera":"","caption":"","created_timestamp":"0","copyright":"","focal_length":"0","iso":"0","shutter_speed":"0","title":"","orientation":"0","keywords":[]}},"post":3776,"source_url":"https:\/\/nuevodigitaldeescobar.com.ar\/wp-content\/uploads\/2024\/02\/cfk-juicio-e1708989303127.jpg"},"yoast_head":"<!-- This site is optimized with the Yoast SEO plugin v26.1.1 - https:\/\/yoast.com\/wordpress\/plugins\/seo\/ -->\n<title>Causa Vialidad: la fiscal\u00eda pidi\u00f3 duplicar la pena contra Cristina Kirchner e incluy\u00f3 \u201casociaci\u00f3n il\u00edcita\u201d - Nuevo Digital de Escobar<\/title>\n<meta name=\"robots\" content=\"index, follow, max-snippet:-1, max-image-preview:large, max-video-preview:-1\" \/>\n<link rel=\"canonical\" href=\"https:\/\/nuevodigitaldeescobar.com.ar\/?p=3776\" \/>\n<meta property=\"og:locale\" content=\"es_ES\" \/>\n<meta property=\"og:type\" content=\"article\" \/>\n<meta property=\"og:title\" content=\"Causa Vialidad: la fiscal\u00eda pidi\u00f3 duplicar la pena contra Cristina Kirchner e incluy\u00f3 \u201casociaci\u00f3n il\u00edcita\u201d - Nuevo Digital de Escobar\" \/>\n<meta property=\"og:description\" content=\"Diego Villar reclam\u00f3 12 a\u00f1os de prisi\u00f3n, al inaugurar las audiencias de apelaci\u00f3n ante la C\u00e1mara de Casaci\u00f3n.\" \/>\n<meta property=\"og:url\" content=\"https:\/\/nuevodigitaldeescobar.com.ar\/?p=3776\" \/>\n<meta property=\"og:site_name\" content=\"Nuevo Digital de Escobar\" \/>\n<meta property=\"article:publisher\" content=\"https:\/\/www.facebook.com\/NUEVODigitalDeEscobar\" \/>\n<meta property=\"article:published_time\" content=\"2024-02-28T10:00:00+00:00\" \/>\n<meta property=\"og:image\" content=\"https:\/\/nuevodigitaldeescobar.com.ar\/wp-content\/uploads\/2024\/02\/cfk-juicio-e1708989303127.jpg\" \/>\n\t<meta property=\"og:image:width\" content=\"720\" \/>\n\t<meta property=\"og:image:height\" content=\"401\" \/>\n\t<meta property=\"og:image:type\" content=\"image\/jpeg\" \/>\n<meta name=\"author\" content=\"Redacci\u00f3n\" \/>\n<meta name=\"twitter:card\" content=\"summary_large_image\" \/>\n<meta name=\"twitter:creator\" content=\"@nuevodigescobar\" \/>\n<meta name=\"twitter:site\" content=\"@nuevodigescobar\" \/>\n<meta name=\"twitter:label1\" content=\"Escrito por\" \/>\n\t<meta name=\"twitter:data1\" content=\"Redacci\u00f3n\" \/>\n\t<meta name=\"twitter:label2\" content=\"Tiempo de lectura\" \/>\n\t<meta name=\"twitter:data2\" content=\"3 minutos\" \/>\n<script type=\"application\/ld+json\" class=\"yoast-schema-graph\">{\"@context\":\"https:\/\/schema.org\",\"@graph\":[{\"@type\":\"Article\",\"@id\":\"https:\/\/nuevodigitaldeescobar.com.ar\/?p=3776#article\",\"isPartOf\":{\"@id\":\"https:\/\/nuevodigitaldeescobar.com.ar\/?p=3776\"},\"author\":{\"name\":\"Redacci\u00f3n\",\"@id\":\"https:\/\/nuevodigitaldeescobar.com.ar\/#\/schema\/person\/035e90a8efe9a80e6eec22656ad6ea4c\"},\"headline\":\"Causa Vialidad: la fiscal\u00eda pidi\u00f3 duplicar la pena contra Cristina Kirchner e incluy\u00f3 \u201casociaci\u00f3n il\u00edcita\u201d\",\"datePublished\":\"2024-02-28T10:00:00+00:00\",\"mainEntityOfPage\":{\"@id\":\"https:\/\/nuevodigitaldeescobar.com.ar\/?p=3776\"},\"wordCount\":621,\"commentCount\":0,\"publisher\":{\"@id\":\"https:\/\/nuevodigitaldeescobar.com.ar\/#organization\"},\"image\":{\"@id\":\"https:\/\/nuevodigitaldeescobar.com.ar\/?p=3776#primaryimage\"},\"thumbnailUrl\":\"https:\/\/nuevodigitaldeescobar.com.ar\/wp-content\/uploads\/2024\/02\/cfk-juicio-e1708989303127.jpg\",\"articleSection\":[\"Nacionales\"],\"inLanguage\":\"es\",\"potentialAction\":[{\"@type\":\"CommentAction\",\"name\":\"Comment\",\"target\":[\"https:\/\/nuevodigitaldeescobar.com.ar\/?p=3776#respond\"]}]},{\"@type\":\"WebPage\",\"@id\":\"https:\/\/nuevodigitaldeescobar.com.ar\/?p=3776\",\"url\":\"https:\/\/nuevodigitaldeescobar.com.ar\/?p=3776\",\"name\":\"Causa Vialidad: la fiscal\u00eda pidi\u00f3 duplicar la pena contra Cristina Kirchner e incluy\u00f3 \u201casociaci\u00f3n il\u00edcita\u201d - Nuevo Digital de Escobar\",\"isPartOf\":{\"@id\":\"https:\/\/nuevodigitaldeescobar.com.ar\/#website\"},\"primaryImageOfPage\":{\"@id\":\"https:\/\/nuevodigitaldeescobar.com.ar\/?p=3776#primaryimage\"},\"image\":{\"@id\":\"https:\/\/nuevodigitaldeescobar.com.ar\/?p=3776#primaryimage\"},\"thumbnailUrl\":\"https:\/\/nuevodigitaldeescobar.com.ar\/wp-content\/uploads\/2024\/02\/cfk-juicio-e1708989303127.jpg\",\"datePublished\":\"2024-02-28T10:00:00+00:00\",\"breadcrumb\":{\"@id\":\"https:\/\/nuevodigitaldeescobar.com.ar\/?p=3776#breadcrumb\"},\"inLanguage\":\"es\",\"potentialAction\":[{\"@type\":\"ReadAction\",\"target\":[\"https:\/\/nuevodigitaldeescobar.com.ar\/?p=3776\"]}]},{\"@type\":\"ImageObject\",\"inLanguage\":\"es\",\"@id\":\"https:\/\/nuevodigitaldeescobar.com.ar\/?p=3776#primaryimage\",\"url\":\"https:\/\/nuevodigitaldeescobar.com.ar\/wp-content\/uploads\/2024\/02\/cfk-juicio-e1708989303127.jpg\",\"contentUrl\":\"https:\/\/nuevodigitaldeescobar.com.ar\/wp-content\/uploads\/2024\/02\/cfk-juicio-e1708989303127.jpg\",\"width\":720,\"height\":401},{\"@type\":\"BreadcrumbList\",\"@id\":\"https:\/\/nuevodigitaldeescobar.com.ar\/?p=3776#breadcrumb\",\"itemListElement\":[{\"@type\":\"ListItem\",\"position\":1,\"name\":\"Portada\",\"item\":\"https:\/\/nuevodigitaldeescobar.com.ar\/\"},{\"@type\":\"ListItem\",\"position\":2,\"name\":\"Causa Vialidad: la fiscal\u00eda pidi\u00f3 duplicar la pena contra Cristina Kirchner e incluy\u00f3 \u201casociaci\u00f3n il\u00edcita\u201d\"}]},{\"@type\":\"WebSite\",\"@id\":\"https:\/\/nuevodigitaldeescobar.com.ar\/#website\",\"url\":\"https:\/\/nuevodigitaldeescobar.com.ar\/\",\"name\":\"Nuevo Digital de Escobar\",\"description\":\"La vida escobarense. Directora: Rosana Brunner\",\"publisher\":{\"@id\":\"https:\/\/nuevodigitaldeescobar.com.ar\/#organization\"},\"potentialAction\":[{\"@type\":\"SearchAction\",\"target\":{\"@type\":\"EntryPoint\",\"urlTemplate\":\"https:\/\/nuevodigitaldeescobar.com.ar\/?s={search_term_string}\"},\"query-input\":{\"@type\":\"PropertyValueSpecification\",\"valueRequired\":true,\"valueName\":\"search_term_string\"}}],\"inLanguage\":\"es\"},{\"@type\":\"Organization\",\"@id\":\"https:\/\/nuevodigitaldeescobar.com.ar\/#organization\",\"name\":\"Nuevo Digital de Escobar\",\"url\":\"https:\/\/nuevodigitaldeescobar.com.ar\/\",\"logo\":{\"@type\":\"ImageObject\",\"inLanguage\":\"es\",\"@id\":\"https:\/\/nuevodigitaldeescobar.com.ar\/#\/schema\/logo\/image\/\",\"url\":\"https:\/\/nuevodigitaldeescobar.com.ar\/wp-content\/uploads\/2025\/05\/cropped-logo-nuevo2.jpg\",\"contentUrl\":\"https:\/\/nuevodigitaldeescobar.com.ar\/wp-content\/uploads\/2025\/05\/cropped-logo-nuevo2.jpg\",\"width\":305,\"height\":305,\"caption\":\"Nuevo Digital de Escobar\"},\"image\":{\"@id\":\"https:\/\/nuevodigitaldeescobar.com.ar\/#\/schema\/logo\/image\/\"},\"sameAs\":[\"https:\/\/www.facebook.com\/NUEVODigitalDeEscobar\",\"https:\/\/x.com\/nuevodigescobar\",\"https:\/\/www.instagram.com\/nuevodigitaldeescobar\"]},{\"@type\":\"Person\",\"@id\":\"https:\/\/nuevodigitaldeescobar.com.ar\/#\/schema\/person\/035e90a8efe9a80e6eec22656ad6ea4c\",\"name\":\"Redacci\u00f3n\",\"image\":{\"@type\":\"ImageObject\",\"inLanguage\":\"es\",\"@id\":\"https:\/\/nuevodigitaldeescobar.com.ar\/#\/schema\/person\/image\/\",\"url\":\"https:\/\/secure.gravatar.com\/avatar\/8af8f40000c24e9eef3034f2be5998a372bb1389e64b1a4a36b3a7979142220d?s=96&d=mm&r=g\",\"contentUrl\":\"https:\/\/secure.gravatar.com\/avatar\/8af8f40000c24e9eef3034f2be5998a372bb1389e64b1a4a36b3a7979142220d?s=96&d=mm&r=g\",\"caption\":\"Redacci\u00f3n\"},\"sameAs\":[\"http:\/\/nuevodigitaldeescobar.com.ar\"],\"url\":\"https:\/\/nuevodigitaldeescobar.com.ar\/?author=1\"}]}<\/script>\n<!-- \/ Yoast SEO plugin. -->","yoast_head_json":{"title":"Causa Vialidad: la fiscal\u00eda pidi\u00f3 duplicar la pena contra Cristina Kirchner e incluy\u00f3 \u201casociaci\u00f3n il\u00edcita\u201d - Nuevo Digital de Escobar","robots":{"index":"index","follow":"follow","max-snippet":"max-snippet:-1","max-image-preview":"max-image-preview:large","max-video-preview":"max-video-preview:-1"},"canonical":"https:\/\/nuevodigitaldeescobar.com.ar\/?p=3776","og_locale":"es_ES","og_type":"article","og_title":"Causa Vialidad: la fiscal\u00eda pidi\u00f3 duplicar la pena contra Cristina Kirchner e incluy\u00f3 \u201casociaci\u00f3n il\u00edcita\u201d - Nuevo Digital de Escobar","og_description":"Diego Villar reclam\u00f3 12 a\u00f1os de prisi\u00f3n, al inaugurar las audiencias de apelaci\u00f3n ante la C\u00e1mara de Casaci\u00f3n.","og_url":"https:\/\/nuevodigitaldeescobar.com.ar\/?p=3776","og_site_name":"Nuevo Digital de Escobar","article_publisher":"https:\/\/www.facebook.com\/NUEVODigitalDeEscobar","article_published_time":"2024-02-28T10:00:00+00:00","og_image":[{"width":720,"height":401,"url":"https:\/\/nuevodigitaldeescobar.com.ar\/wp-content\/uploads\/2024\/02\/cfk-juicio-e1708989303127.jpg","type":"image\/jpeg"}],"author":"Redacci\u00f3n","twitter_card":"summary_large_image","twitter_creator":"@nuevodigescobar","twitter_site":"@nuevodigescobar","twitter_misc":{"Escrito por":"Redacci\u00f3n","Tiempo de lectura":"3 minutos"},"schema":{"@context":"https:\/\/schema.org","@graph":[{"@type":"Article","@id":"https:\/\/nuevodigitaldeescobar.com.ar\/?p=3776#article","isPartOf":{"@id":"https:\/\/nuevodigitaldeescobar.com.ar\/?p=3776"},"author":{"name":"Redacci\u00f3n","@id":"https:\/\/nuevodigitaldeescobar.com.ar\/#\/schema\/person\/035e90a8efe9a80e6eec22656ad6ea4c"},"headline":"Causa Vialidad: la fiscal\u00eda pidi\u00f3 duplicar la pena contra Cristina Kirchner e incluy\u00f3 \u201casociaci\u00f3n il\u00edcita\u201d","datePublished":"2024-02-28T10:00:00+00:00","mainEntityOfPage":{"@id":"https:\/\/nuevodigitaldeescobar.com.ar\/?p=3776"},"wordCount":621,"commentCount":0,"publisher":{"@id":"https:\/\/nuevodigitaldeescobar.com.ar\/#organization"},"image":{"@id":"https:\/\/nuevodigitaldeescobar.com.ar\/?p=3776#primaryimage"},"thumbnailUrl":"https:\/\/nuevodigitaldeescobar.com.ar\/wp-content\/uploads\/2024\/02\/cfk-juicio-e1708989303127.jpg","articleSection":["Nacionales"],"inLanguage":"es","potentialAction":[{"@type":"CommentAction","name":"Comment","target":["https:\/\/nuevodigitaldeescobar.com.ar\/?p=3776#respond"]}]},{"@type":"WebPage","@id":"https:\/\/nuevodigitaldeescobar.com.ar\/?p=3776","url":"https:\/\/nuevodigitaldeescobar.com.ar\/?p=3776","name":"Causa Vialidad: la fiscal\u00eda pidi\u00f3 duplicar la pena contra Cristina Kirchner e incluy\u00f3 \u201casociaci\u00f3n il\u00edcita\u201d - Nuevo Digital de Escobar","isPartOf":{"@id":"https:\/\/nuevodigitaldeescobar.com.ar\/#website"},"primaryImageOfPage":{"@id":"https:\/\/nuevodigitaldeescobar.com.ar\/?p=3776#primaryimage"},"image":{"@id":"https:\/\/nuevodigitaldeescobar.com.ar\/?p=3776#primaryimage"},"thumbnailUrl":"https:\/\/nuevodigitaldeescobar.com.ar\/wp-content\/uploads\/2024\/02\/cfk-juicio-e1708989303127.jpg","datePublished":"2024-02-28T10:00:00+00:00","breadcrumb":{"@id":"https:\/\/nuevodigitaldeescobar.com.ar\/?p=3776#breadcrumb"},"inLanguage":"es","potentialAction":[{"@type":"ReadAction","target":["https:\/\/nuevodigitaldeescobar.com.ar\/?p=3776"]}]},{"@type":"ImageObject","inLanguage":"es","@id":"https:\/\/nuevodigitaldeescobar.com.ar\/?p=3776#primaryimage","url":"https:\/\/nuevodigitaldeescobar.com.ar\/wp-content\/uploads\/2024\/02\/cfk-juicio-e1708989303127.jpg","contentUrl":"https:\/\/nuevodigitaldeescobar.com.ar\/wp-content\/uploads\/2024\/02\/cfk-juicio-e1708989303127.jpg","width":720,"height":401},{"@type":"BreadcrumbList","@id":"https:\/\/nuevodigitaldeescobar.com.ar\/?p=3776#breadcrumb","itemListElement":[{"@type":"ListItem","position":1,"name":"Portada","item":"https:\/\/nuevodigitaldeescobar.com.ar\/"},{"@type":"ListItem","position":2,"name":"Causa Vialidad: la fiscal\u00eda pidi\u00f3 duplicar la pena contra Cristina Kirchner e incluy\u00f3 \u201casociaci\u00f3n il\u00edcita\u201d"}]},{"@type":"WebSite","@id":"https:\/\/nuevodigitaldeescobar.com.ar\/#website","url":"https:\/\/nuevodigitaldeescobar.com.ar\/","name":"Nuevo Digital de Escobar","description":"La vida escobarense. Directora: Rosana Brunner","publisher":{"@id":"https:\/\/nuevodigitaldeescobar.com.ar\/#organization"},"potentialAction":[{"@type":"SearchAction","target":{"@type":"EntryPoint","urlTemplate":"https:\/\/nuevodigitaldeescobar.com.ar\/?s={search_term_string}"},"query-input":{"@type":"PropertyValueSpecification","valueRequired":true,"valueName":"search_term_string"}}],"inLanguage":"es"},{"@type":"Organization","@id":"https:\/\/nuevodigitaldeescobar.com.ar\/#organization","name":"Nuevo Digital de Escobar","url":"https:\/\/nuevodigitaldeescobar.com.ar\/","logo":{"@type":"ImageObject","inLanguage":"es","@id":"https:\/\/nuevodigitaldeescobar.com.ar\/#\/schema\/logo\/image\/","url":"https:\/\/nuevodigitaldeescobar.com.ar\/wp-content\/uploads\/2025\/05\/cropped-logo-nuevo2.jpg","contentUrl":"https:\/\/nuevodigitaldeescobar.com.ar\/wp-content\/uploads\/2025\/05\/cropped-logo-nuevo2.jpg","width":305,"height":305,"caption":"Nuevo Digital de Escobar"},"image":{"@id":"https:\/\/nuevodigitaldeescobar.com.ar\/#\/schema\/logo\/image\/"},"sameAs":["https:\/\/www.facebook.com\/NUEVODigitalDeEscobar","https:\/\/x.com\/nuevodigescobar","https:\/\/www.instagram.com\/nuevodigitaldeescobar"]},{"@type":"Person","@id":"https:\/\/nuevodigitaldeescobar.com.ar\/#\/schema\/person\/035e90a8efe9a80e6eec22656ad6ea4c","name":"Redacci\u00f3n","image":{"@type":"ImageObject","inLanguage":"es","@id":"https:\/\/nuevodigitaldeescobar.com.ar\/#\/schema\/person\/image\/","url":"https:\/\/secure.gravatar.com\/avatar\/8af8f40000c24e9eef3034f2be5998a372bb1389e64b1a4a36b3a7979142220d?s=96&d=mm&r=g","contentUrl":"https:\/\/secure.gravatar.com\/avatar\/8af8f40000c24e9eef3034f2be5998a372bb1389e64b1a4a36b3a7979142220d?s=96&d=mm&r=g","caption":"Redacci\u00f3n"},"sameAs":["http:\/\/nuevodigitaldeescobar.com.ar"],"url":"https:\/\/nuevodigitaldeescobar.com.ar\/?author=1"}]}},"featured_image_urls":{"full":["https:\/\/nuevodigitaldeescobar.com.ar\/wp-content\/uploads\/2024\/02\/cfk-juicio-e1708989303127.jpg",720,401,false],"thumbnail":["https:\/\/nuevodigitaldeescobar.com.ar\/wp-content\/uploads\/2024\/02\/cfk-juicio-150x150.jpg",150,150,true],"medium":["https:\/\/nuevodigitaldeescobar.com.ar\/wp-content\/uploads\/2024\/02\/cfk-juicio-300x167.jpg",300,167,true],"medium_large":["https:\/\/nuevodigitaldeescobar.com.ar\/wp-content\/uploads\/2024\/02\/cfk-juicio-768x427.jpg",640,356,true],"large":["https:\/\/nuevodigitaldeescobar.com.ar\/wp-content\/uploads\/2024\/02\/cfk-juicio-1024x570.jpg",640,356,true],"1536x1536":["https:\/\/nuevodigitaldeescobar.com.ar\/wp-content\/uploads\/2024\/02\/cfk-juicio-e1708989303127.jpg",720,401,false],"2048x2048":["https:\/\/nuevodigitaldeescobar.com.ar\/wp-content\/uploads\/2024\/02\/cfk-juicio-e1708989303127.jpg",720,401,false]},"author_info":{"display_name":"Redacci\u00f3n","author_link":"https:\/\/nuevodigitaldeescobar.com.ar\/?author=1"},"category_info":"<a href=\"https:\/\/nuevodigitaldeescobar.com.ar\/?cat=61\" rel=\"category\">Nacionales<\/a>","tag_info":"Nacionales","comment_count":"0","_links":{"self":[{"href":"https:\/\/nuevodigitaldeescobar.com.ar\/index.php?rest_route=\/wp\/v2\/posts\/3776","targetHints":{"allow":["GET"]}}],"collection":[{"href":"https:\/\/nuevodigitaldeescobar.com.ar\/index.php?rest_route=\/wp\/v2\/posts"}],"about":[{"href":"https:\/\/nuevodigitaldeescobar.com.ar\/index.php?rest_route=\/wp\/v2\/types\/post"}],"author":[{"embeddable":true,"href":"https:\/\/nuevodigitaldeescobar.com.ar\/index.php?rest_route=\/wp\/v2\/users\/1"}],"replies":[{"embeddable":true,"href":"https:\/\/nuevodigitaldeescobar.com.ar\/index.php?rest_route=%2Fwp%2Fv2%2Fcomments&post=3776"}],"version-history":[{"count":1,"href":"https:\/\/nuevodigitaldeescobar.com.ar\/index.php?rest_route=\/wp\/v2\/posts\/3776\/revisions"}],"predecessor-version":[{"id":3778,"href":"https:\/\/nuevodigitaldeescobar.com.ar\/index.php?rest_route=\/wp\/v2\/posts\/3776\/revisions\/3778"}],"wp:featuredmedia":[{"embeddable":true,"href":"https:\/\/nuevodigitaldeescobar.com.ar\/index.php?rest_route=\/wp\/v2\/media\/3777"}],"wp:attachment":[{"href":"https:\/\/nuevodigitaldeescobar.com.ar\/index.php?rest_route=%2Fwp%2Fv2%2Fmedia&parent=3776"}],"wp:term":[{"taxonomy":"category","embeddable":true,"href":"https:\/\/nuevodigitaldeescobar.com.ar\/index.php?rest_route=%2Fwp%2Fv2%2Fcategories&post=3776"},{"taxonomy":"post_tag","embeddable":true,"href":"https:\/\/nuevodigitaldeescobar.com.ar\/index.php?rest_route=%2Fwp%2Fv2%2Ftags&post=3776"}],"curies":[{"name":"wp","href":"https:\/\/api.w.org\/{rel}","templated":true}]}}