{"id":3838,"date":"2024-03-01T07:00:00","date_gmt":"2024-03-01T10:00:00","guid":{"rendered":"https:\/\/nuevodigitaldeescobar.com.ar\/?p=3838"},"modified":"2024-02-29T17:40:29","modified_gmt":"2024-02-29T20:40:29","slug":"caso-chocolate-citaron-como-testigos-a-otros-tres-supuestos-empleados-del-senado-bonaerense-y-se-negaron-a-declarar-para-no-autoincriminarse","status":"publish","type":"post","link":"https:\/\/nuevodigitaldeescobar.com.ar\/?p=3838","title":{"rendered":"Caso \u201cChocolate\u201d: citaron como testigos a otros tres supuestos empleados del Senado bonaerense y se negaron a declarar para no autoincriminarse"},"content":{"rendered":"<p><span style=\"color: #003366;\"><strong><em>Son due\u00f1os de tarjetas de d\u00e9bito que oper\u00f3 Hugo Muguerza, \u201cel otro Chocolate\u201d; pidieron que los asista un abogado defensor y pidieron la eximici\u00f3n de prisi\u00f3n.<\/em><\/strong><\/span><\/p>\n<p><!--more--><\/p>\n<hr \/>\n<p>V\u00edctor Gabriel Uribe tiene 32 a\u00f1os, vive en la periferia de la ciudad de La Plata y, en los papeles, es empleado del Senado bonaerense. Pero la tarjeta de d\u00e9bito con la que, en teor\u00eda, cobra su salario, no la ten\u00eda \u00e9l. La usaba el <em>\u201cchocolate\u201d<\/em> de Pro y de la UCR, Hugo Muguerza, seg\u00fan reconstruy\u00f3 la Justicia. Y por eso, Uribe se present\u00f3 en tribunales con un objetivo: no terminar detenido.<\/p>\n<p>No fue el \u00fanico. Karina Elisabeth Saraqui (50 a\u00f1os) y Jonathan Iv\u00e1n Villegas (23), tambi\u00e9n aparecen en los papeles como empleados del Senado provincial y se presentaron ante la Justicia penal de esta capital. \u00bfPor qu\u00e9? Porque sus tarjetas de d\u00e9bito las usaban Muguerza y su pareja, Mar\u00eda Josefina Ortellado, como propias, y pidieron su eximici\u00f3n de prisi\u00f3n.<\/p>\n<p>Uribe, Saraqui y Villegas estaban citados a declarar como testigos en la investigaci\u00f3n sobre los <em>\u201cchocolates\u201d<\/em> que desviaron cientos de millones de pesos de las arcas p\u00fablicas, a trav\u00e9s de la Legislatura, durante los \u00faltimos a\u00f1os. Pero pidieron evitar esas declaraciones. Solicitaron que los releven de la obligaci\u00f3n de testificar lo que saben bajo juramento de decir la verdad porque tem\u00edan incriminarse. Invocaron su derecho a contar con un abogado defensor \u2013los tres, el mismo- y pidieron que se los exima de, eventualmente, terminar tras las rejas.<\/p>\n<p>Los testigos devenidos sospechosos se sumaron as\u00ed a otra mujer que d\u00edas antes hab\u00eda recorrido el mismo sendero. Ileana Mar\u00eda Daniela Salamanco (47 a\u00f1os), tambi\u00e9n empleada del Senado en los papeles, hab\u00eda sido citada a declarar como testigo, pero se encuadr\u00f3 a s\u00ed misma como potencial acusada y pidi\u00f3 que le permitan contar con asistencia letrada.<\/p>\n<p>Los cuatro empleados del Senado solicitaron, as\u00ed, pasar de testigos a eventuales imputados ante el juez de Garant\u00edas, Guillermo Federico Atencio, quien est\u00e1 a cargo de controlar los avances en la pesquisa que impulsa la fiscal Betina Lacki desde septiembre pasado, cuando Julio <em>\u201cChocolate\u201d<\/em> Rigau fue detenido en una sucursal del Banco Provincia con 48 tarjetas de d\u00e9bito de supuestos empleados de la C\u00e1mara de Diputados bonaerense.<\/p>\n<figure id=\"attachment_3840\" aria-describedby=\"caption-attachment-3840\" style=\"width: 420px\" class=\"wp-caption alignnone\"><a href=\"https:\/\/nuevodigitaldeescobar.com.ar\/?attachment_id=3840\" rel=\"attachment wp-att-3840\"><img fetchpriority=\"high\" decoding=\"async\" class=\"size-full wp-image-3840\" src=\"http:\/\/nuevodigitaldeescobar.com.ar\/wp-content\/uploads\/2024\/02\/El-juez-de-Garantias-de-La-Plata-Guillermo-Atencio.jpg\" alt=\"\" width=\"420\" height=\"280\" srcset=\"https:\/\/nuevodigitaldeescobar.com.ar\/wp-content\/uploads\/2024\/02\/El-juez-de-Garantias-de-La-Plata-Guillermo-Atencio.jpg 420w, https:\/\/nuevodigitaldeescobar.com.ar\/wp-content\/uploads\/2024\/02\/El-juez-de-Garantias-de-La-Plata-Guillermo-Atencio-300x200.jpg 300w\" sizes=\"(max-width: 420px) 100vw, 420px\" \/><\/a><figcaption id=\"caption-attachment-3840\" class=\"wp-caption-text\">El juez de Garant\u00edas de La Plata Guillermo Atencio avanza con el caso \u00abChocolate\u00bb por el fraude a la Legislatura bonaerense. Gentileza Infoca\u00f1uelas \u2013 Archivo.<\/figcaption><\/figure>\n<p>Fan\u00e1tico de River Plate, Uribe figura en los registros laborales como empleado del Senado provincial, aunque se desempe\u00f1\u00f3 en simult\u00e1neo durante 2023 en una empresa del sector hotelero y detall\u00f3 <em>\u201cservicios de limpieza\u201d<\/em> como actividad principal ante la Administraci\u00f3n Federal de Ingresos P\u00fablicos (AFIP).<\/p>\n<p>Al igual que otros supuestos empleados del Poder Legislativo bonaerense que aparecen como titulares de las tarjetas de d\u00e9bito que manejaron Rigau, Muguerza y Ortellado, Uribe, Saraqui y Villegas distan de mostrar un encuadro patrimonial holgado. Todo lo contrario.<\/p>\n<p>Uribe aparece en distintos registros oficiales como monotributista en el \u00e1rea de servicios y como beneficiario, actual o en el pasado, de dos programas de asistencias sociales. El primero, el sistema \u00fanico de asignaciones familiares; el segundo, el programa hogar, por el que se distribuyen garrafas, que garantiza el acceso a la garrafa a las familias de menores ingresos.<\/p>\n<p>Saraqui, por su parte, integra un grupo familiar que trabaja o aparenta trabajar en el Senado, seg\u00fan surge de los registros laborales. Son Mar\u00eda de los \u00c1ngeles (39), Kevin (26, empleado actual o en el pasado de la Municipalidad de La Plata) y Carla (36, que figura como beneficiaria de una Asignaci\u00f3n Universal por Hijo, AUH). Muguerza tambi\u00e9n oper\u00f3 las tarjetas de d\u00e9bito de ambos.<\/p>\n<p>Villegas sigue el mismo patr\u00f3n. Su padre, Alejandro (50, empleado actual o en el pasado de una empresa de caudales y beneficiario de una Asignaci\u00f3n Universal por Hijo) y Patricia (57) tambi\u00e9n aparecen en relaci\u00f3n de dependencia, real o no, en el Senado provincial, y Muguerza oper\u00f3 sus tarjetas de d\u00e9bito laborales.<\/p>\n<p>El an\u00e1lisis muestra dos datos adicionales. El primero, que Saraqui y Villegas declaran un domicilio en la misma cuadra: 140 entre las calles 515 y 517 del barrio San Carlos, en la periferia bonaerense. Y ese barrio, para m\u00e1s datos, es el que Muguerza coordina desde hace d\u00e9cadas para el radicalismo.<\/p>\n<p>El otro dato singular es que, pese a sus ingresos escasos, Uribe, Saraqui y Villegas no requirieron la asistencia de una defensor\u00eda oficial. Se presentaron en los tribunales con un letrado de la matr\u00edcula, Javier Fern\u00e1ndez, como lo hicieron \u2013con otros abogados-, los <em>\u201cchocolates\u201d<\/em> Rigau, Muguerza y Ortellado, y como tambi\u00e9n se presentaron Claudio y Facundo Albini, que en los \u00faltimos d\u00edas sumaron a su defensa a Maximiliano Rusconi, abogado de Carlos Menem, Julio de Vido, L\u00e1zaro B\u00e1ez, Nicol\u00e1s Ciccone y el acusado en la <em>\u201ccausa Nisman\u201d<\/em>, Diego Lagomarsino, entre otros.<\/p>\n<figure id=\"attachment_3839\" aria-describedby=\"caption-attachment-3839\" style=\"width: 420px\" class=\"wp-caption alignnone\"><a href=\"https:\/\/nuevodigitaldeescobar.com.ar\/?attachment_id=3839\" rel=\"attachment wp-att-3839\"><img decoding=\"async\" class=\"size-full wp-image-3839\" src=\"http:\/\/nuevodigitaldeescobar.com.ar\/wp-content\/uploads\/2024\/02\/Facundo-Albini.jpg\" alt=\"\" width=\"420\" height=\"280\" srcset=\"https:\/\/nuevodigitaldeescobar.com.ar\/wp-content\/uploads\/2024\/02\/Facundo-Albini.jpg 420w, https:\/\/nuevodigitaldeescobar.com.ar\/wp-content\/uploads\/2024\/02\/Facundo-Albini-300x200.jpg 300w\" sizes=\"(max-width: 420px) 100vw, 420px\" \/><\/a><figcaption id=\"caption-attachment-3839\" class=\"wp-caption-text\">Facundo Albini, involucrado en la trama de los \u00ab\u00f1oquis\u00bb de la Legislatura, tiene como abogado defensor a Maximiliano Rusconi, el letrado que asesora a Julio De Vido y L\u00e1zaro B\u00e1ez. HCD La Plata.<\/figcaption><\/figure>\n<p>Uribe, Saraqui y Villegas compartieron, adem\u00e1s, los lineamientos que esgrimi\u00f3 Salamanco cuando se present\u00f3 en tribunales. <em>\u201cTengo derecho a negarme a declarar sobre hechos propios o de guardar silencio sobre circunstancias que, judicialmente relevantes, podr\u00edan causarme perjuicio\u201d<\/em>, plante\u00f3 Salamanco, que invoc\u00f3 la Constituci\u00f3n Nacional y la Declaraci\u00f3n Universal de los Derechos Humanos, entre otros instrumentos internacionales, para fundamentarlo.<\/p>\n<p>Salamanco solicit\u00f3, adem\u00e1s, una eximici\u00f3n de prisi\u00f3n, tras sostener que podr\u00eda seguir el recorrido que ya siguieron algunos de los titulares de las 48 tarjetas de d\u00e9bito que Julio<em> \u201cChocolate\u201d<\/em> Rigau ten\u00eda en sus manos cuando lo detuvieron. \u00bfPor qu\u00e9? Porque algunos fueron citados como testigos y, a pedido de la fiscal Lacki, terminaron detenidos.<\/p>\n<p>Empleada del Senado bonaerense, en los papeles, Salamanco tambi\u00e9n figura ante la AFIP como dedicada a la venta de pan y productos de panader\u00eda y confiter\u00eda, y como empleada en una firma gastron\u00f3mica, adem\u00e1s de ser pareja de Leonardo Andr\u00e9s Muguerza, hijo del <em>\u201cchocolate\u201d<\/em> radical que trabaja para el Pro en el Senado bonaerense y que se encuentra sospechado de haber desviado al menos $300 millones de las arcas p\u00fablicas.<\/p>\n<p><em>(Por: Hugo Alconada Mon. La Naci\u00f3n)<\/em><\/p>\n","protected":false},"excerpt":{"rendered":"<p>Son due\u00f1os de tarjetas de d\u00e9bito que oper\u00f3 Hugo Muguerza, \u201cel otro Chocolate\u201d; pidieron que los asista un abogado defensor y pidieron la eximici\u00f3n de [&hellip;]<\/p>\n","protected":false},"author":1,"featured_media":3841,"comment_status":"open","ping_status":"closed","sticky":false,"template":"","format":"standard","meta":{"footnotes":""},"categories":[61],"tags":[],"class_list":["post-3838","post","type-post","status-publish","format-standard","has-post-thumbnail","hentry","category-nacionales"],"better_featured_image":{"id":3841,"alt_text":"","caption":"","description":"","media_type":"image","media_details":{"width":420,"height":280,"file":"2024\/02\/chocolates.jpg","filesize":23354,"sizes":{"medium":{"file":"chocolates-300x200.jpg","width":300,"height":200,"mime-type":"image\/jpeg","filesize":12497,"source_url":"https:\/\/nuevodigitaldeescobar.com.ar\/wp-content\/uploads\/2024\/02\/chocolates-300x200.jpg"},"thumbnail":{"file":"chocolates-150x150.jpg","width":150,"height":150,"mime-type":"image\/jpeg","filesize":5865,"source_url":"https:\/\/nuevodigitaldeescobar.com.ar\/wp-content\/uploads\/2024\/02\/chocolates-150x150.jpg"}},"image_meta":{"aperture":"0","credit":"","camera":"","caption":"","created_timestamp":"0","copyright":"","focal_length":"0","iso":"0","shutter_speed":"0","title":"","orientation":"0","keywords":[]}},"post":3838,"source_url":"https:\/\/nuevodigitaldeescobar.com.ar\/wp-content\/uploads\/2024\/02\/chocolates.jpg"},"yoast_head":"<!-- This site is optimized with the Yoast SEO plugin v26.1.1 - https:\/\/yoast.com\/wordpress\/plugins\/seo\/ -->\n<title>Caso \u201cChocolate\u201d: citaron como testigos a otros tres supuestos empleados del Senado bonaerense y se negaron a declarar para no autoincriminarse - Nuevo Digital de Escobar<\/title>\n<meta name=\"robots\" content=\"index, follow, max-snippet:-1, max-image-preview:large, max-video-preview:-1\" \/>\n<link rel=\"canonical\" href=\"https:\/\/nuevodigitaldeescobar.com.ar\/?p=3838\" \/>\n<meta property=\"og:locale\" content=\"es_ES\" \/>\n<meta property=\"og:type\" content=\"article\" \/>\n<meta property=\"og:title\" content=\"Caso \u201cChocolate\u201d: citaron como testigos a otros tres supuestos empleados del Senado bonaerense y se negaron a declarar para no autoincriminarse - Nuevo Digital de Escobar\" \/>\n<meta property=\"og:description\" content=\"Son due\u00f1os de tarjetas de d\u00e9bito que oper\u00f3 Hugo Muguerza, \u201cel otro Chocolate\u201d; pidieron que los asista un abogado defensor y pidieron la eximici\u00f3n de [&hellip;]\" \/>\n<meta property=\"og:url\" content=\"https:\/\/nuevodigitaldeescobar.com.ar\/?p=3838\" \/>\n<meta property=\"og:site_name\" content=\"Nuevo Digital de Escobar\" \/>\n<meta property=\"article:publisher\" content=\"https:\/\/www.facebook.com\/NUEVODigitalDeEscobar\" \/>\n<meta property=\"article:published_time\" content=\"2024-03-01T10:00:00+00:00\" \/>\n<meta property=\"og:image\" content=\"https:\/\/nuevodigitaldeescobar.com.ar\/wp-content\/uploads\/2024\/02\/chocolates.jpg\" \/>\n\t<meta property=\"og:image:width\" content=\"420\" \/>\n\t<meta property=\"og:image:height\" content=\"280\" \/>\n\t<meta property=\"og:image:type\" content=\"image\/jpeg\" \/>\n<meta name=\"author\" content=\"Redacci\u00f3n\" \/>\n<meta name=\"twitter:card\" content=\"summary_large_image\" \/>\n<meta name=\"twitter:creator\" content=\"@nuevodigescobar\" \/>\n<meta name=\"twitter:site\" content=\"@nuevodigescobar\" \/>\n<meta name=\"twitter:label1\" content=\"Escrito por\" \/>\n\t<meta name=\"twitter:data1\" content=\"Redacci\u00f3n\" \/>\n\t<meta name=\"twitter:label2\" content=\"Tiempo de lectura\" \/>\n\t<meta name=\"twitter:data2\" content=\"5 minutos\" \/>\n<script type=\"application\/ld+json\" class=\"yoast-schema-graph\">{\"@context\":\"https:\/\/schema.org\",\"@graph\":[{\"@type\":\"Article\",\"@id\":\"https:\/\/nuevodigitaldeescobar.com.ar\/?p=3838#article\",\"isPartOf\":{\"@id\":\"https:\/\/nuevodigitaldeescobar.com.ar\/?p=3838\"},\"author\":{\"name\":\"Redacci\u00f3n\",\"@id\":\"https:\/\/nuevodigitaldeescobar.com.ar\/#\/schema\/person\/035e90a8efe9a80e6eec22656ad6ea4c\"},\"headline\":\"Caso \u201cChocolate\u201d: citaron como testigos a otros tres supuestos empleados del Senado bonaerense y se negaron a declarar para no autoincriminarse\",\"datePublished\":\"2024-03-01T10:00:00+00:00\",\"mainEntityOfPage\":{\"@id\":\"https:\/\/nuevodigitaldeescobar.com.ar\/?p=3838\"},\"wordCount\":1112,\"commentCount\":0,\"publisher\":{\"@id\":\"https:\/\/nuevodigitaldeescobar.com.ar\/#organization\"},\"image\":{\"@id\":\"https:\/\/nuevodigitaldeescobar.com.ar\/?p=3838#primaryimage\"},\"thumbnailUrl\":\"https:\/\/nuevodigitaldeescobar.com.ar\/wp-content\/uploads\/2024\/02\/chocolates.jpg\",\"articleSection\":[\"Nacionales\"],\"inLanguage\":\"es\",\"potentialAction\":[{\"@type\":\"CommentAction\",\"name\":\"Comment\",\"target\":[\"https:\/\/nuevodigitaldeescobar.com.ar\/?p=3838#respond\"]}]},{\"@type\":\"WebPage\",\"@id\":\"https:\/\/nuevodigitaldeescobar.com.ar\/?p=3838\",\"url\":\"https:\/\/nuevodigitaldeescobar.com.ar\/?p=3838\",\"name\":\"Caso \u201cChocolate\u201d: citaron como testigos a otros tres supuestos empleados del Senado bonaerense y se negaron a declarar para no autoincriminarse - Nuevo Digital de Escobar\",\"isPartOf\":{\"@id\":\"https:\/\/nuevodigitaldeescobar.com.ar\/#website\"},\"primaryImageOfPage\":{\"@id\":\"https:\/\/nuevodigitaldeescobar.com.ar\/?p=3838#primaryimage\"},\"image\":{\"@id\":\"https:\/\/nuevodigitaldeescobar.com.ar\/?p=3838#primaryimage\"},\"thumbnailUrl\":\"https:\/\/nuevodigitaldeescobar.com.ar\/wp-content\/uploads\/2024\/02\/chocolates.jpg\",\"datePublished\":\"2024-03-01T10:00:00+00:00\",\"breadcrumb\":{\"@id\":\"https:\/\/nuevodigitaldeescobar.com.ar\/?p=3838#breadcrumb\"},\"inLanguage\":\"es\",\"potentialAction\":[{\"@type\":\"ReadAction\",\"target\":[\"https:\/\/nuevodigitaldeescobar.com.ar\/?p=3838\"]}]},{\"@type\":\"ImageObject\",\"inLanguage\":\"es\",\"@id\":\"https:\/\/nuevodigitaldeescobar.com.ar\/?p=3838#primaryimage\",\"url\":\"https:\/\/nuevodigitaldeescobar.com.ar\/wp-content\/uploads\/2024\/02\/chocolates.jpg\",\"contentUrl\":\"https:\/\/nuevodigitaldeescobar.com.ar\/wp-content\/uploads\/2024\/02\/chocolates.jpg\",\"width\":420,\"height\":280},{\"@type\":\"BreadcrumbList\",\"@id\":\"https:\/\/nuevodigitaldeescobar.com.ar\/?p=3838#breadcrumb\",\"itemListElement\":[{\"@type\":\"ListItem\",\"position\":1,\"name\":\"Portada\",\"item\":\"https:\/\/nuevodigitaldeescobar.com.ar\/\"},{\"@type\":\"ListItem\",\"position\":2,\"name\":\"Caso \u201cChocolate\u201d: citaron como testigos a otros tres supuestos empleados del Senado bonaerense y se negaron a declarar para no autoincriminarse\"}]},{\"@type\":\"WebSite\",\"@id\":\"https:\/\/nuevodigitaldeescobar.com.ar\/#website\",\"url\":\"https:\/\/nuevodigitaldeescobar.com.ar\/\",\"name\":\"Nuevo Digital de Escobar\",\"description\":\"La vida escobarense. Directora: Rosana Brunner\",\"publisher\":{\"@id\":\"https:\/\/nuevodigitaldeescobar.com.ar\/#organization\"},\"potentialAction\":[{\"@type\":\"SearchAction\",\"target\":{\"@type\":\"EntryPoint\",\"urlTemplate\":\"https:\/\/nuevodigitaldeescobar.com.ar\/?s={search_term_string}\"},\"query-input\":{\"@type\":\"PropertyValueSpecification\",\"valueRequired\":true,\"valueName\":\"search_term_string\"}}],\"inLanguage\":\"es\"},{\"@type\":\"Organization\",\"@id\":\"https:\/\/nuevodigitaldeescobar.com.ar\/#organization\",\"name\":\"Nuevo Digital de Escobar\",\"url\":\"https:\/\/nuevodigitaldeescobar.com.ar\/\",\"logo\":{\"@type\":\"ImageObject\",\"inLanguage\":\"es\",\"@id\":\"https:\/\/nuevodigitaldeescobar.com.ar\/#\/schema\/logo\/image\/\",\"url\":\"https:\/\/nuevodigitaldeescobar.com.ar\/wp-content\/uploads\/2025\/05\/cropped-logo-nuevo2.jpg\",\"contentUrl\":\"https:\/\/nuevodigitaldeescobar.com.ar\/wp-content\/uploads\/2025\/05\/cropped-logo-nuevo2.jpg\",\"width\":305,\"height\":305,\"caption\":\"Nuevo Digital de Escobar\"},\"image\":{\"@id\":\"https:\/\/nuevodigitaldeescobar.com.ar\/#\/schema\/logo\/image\/\"},\"sameAs\":[\"https:\/\/www.facebook.com\/NUEVODigitalDeEscobar\",\"https:\/\/x.com\/nuevodigescobar\",\"https:\/\/www.instagram.com\/nuevodigitaldeescobar\"]},{\"@type\":\"Person\",\"@id\":\"https:\/\/nuevodigitaldeescobar.com.ar\/#\/schema\/person\/035e90a8efe9a80e6eec22656ad6ea4c\",\"name\":\"Redacci\u00f3n\",\"image\":{\"@type\":\"ImageObject\",\"inLanguage\":\"es\",\"@id\":\"https:\/\/nuevodigitaldeescobar.com.ar\/#\/schema\/person\/image\/\",\"url\":\"https:\/\/secure.gravatar.com\/avatar\/8af8f40000c24e9eef3034f2be5998a372bb1389e64b1a4a36b3a7979142220d?s=96&d=mm&r=g\",\"contentUrl\":\"https:\/\/secure.gravatar.com\/avatar\/8af8f40000c24e9eef3034f2be5998a372bb1389e64b1a4a36b3a7979142220d?s=96&d=mm&r=g\",\"caption\":\"Redacci\u00f3n\"},\"sameAs\":[\"http:\/\/nuevodigitaldeescobar.com.ar\"],\"url\":\"https:\/\/nuevodigitaldeescobar.com.ar\/?author=1\"}]}<\/script>\n<!-- \/ Yoast SEO plugin. -->","yoast_head_json":{"title":"Caso \u201cChocolate\u201d: citaron como testigos a otros tres supuestos empleados del Senado bonaerense y se negaron a declarar para no autoincriminarse - Nuevo Digital de Escobar","robots":{"index":"index","follow":"follow","max-snippet":"max-snippet:-1","max-image-preview":"max-image-preview:large","max-video-preview":"max-video-preview:-1"},"canonical":"https:\/\/nuevodigitaldeescobar.com.ar\/?p=3838","og_locale":"es_ES","og_type":"article","og_title":"Caso \u201cChocolate\u201d: citaron como testigos a otros tres supuestos empleados del Senado bonaerense y se negaron a declarar para no autoincriminarse - Nuevo Digital de Escobar","og_description":"Son due\u00f1os de tarjetas de d\u00e9bito que oper\u00f3 Hugo Muguerza, \u201cel otro Chocolate\u201d; pidieron que los asista un abogado defensor y pidieron la eximici\u00f3n de [&hellip;]","og_url":"https:\/\/nuevodigitaldeescobar.com.ar\/?p=3838","og_site_name":"Nuevo Digital de Escobar","article_publisher":"https:\/\/www.facebook.com\/NUEVODigitalDeEscobar","article_published_time":"2024-03-01T10:00:00+00:00","og_image":[{"width":420,"height":280,"url":"https:\/\/nuevodigitaldeescobar.com.ar\/wp-content\/uploads\/2024\/02\/chocolates.jpg","type":"image\/jpeg"}],"author":"Redacci\u00f3n","twitter_card":"summary_large_image","twitter_creator":"@nuevodigescobar","twitter_site":"@nuevodigescobar","twitter_misc":{"Escrito por":"Redacci\u00f3n","Tiempo de lectura":"5 minutos"},"schema":{"@context":"https:\/\/schema.org","@graph":[{"@type":"Article","@id":"https:\/\/nuevodigitaldeescobar.com.ar\/?p=3838#article","isPartOf":{"@id":"https:\/\/nuevodigitaldeescobar.com.ar\/?p=3838"},"author":{"name":"Redacci\u00f3n","@id":"https:\/\/nuevodigitaldeescobar.com.ar\/#\/schema\/person\/035e90a8efe9a80e6eec22656ad6ea4c"},"headline":"Caso \u201cChocolate\u201d: citaron como testigos a otros tres supuestos empleados del Senado bonaerense y se negaron a declarar para no autoincriminarse","datePublished":"2024-03-01T10:00:00+00:00","mainEntityOfPage":{"@id":"https:\/\/nuevodigitaldeescobar.com.ar\/?p=3838"},"wordCount":1112,"commentCount":0,"publisher":{"@id":"https:\/\/nuevodigitaldeescobar.com.ar\/#organization"},"image":{"@id":"https:\/\/nuevodigitaldeescobar.com.ar\/?p=3838#primaryimage"},"thumbnailUrl":"https:\/\/nuevodigitaldeescobar.com.ar\/wp-content\/uploads\/2024\/02\/chocolates.jpg","articleSection":["Nacionales"],"inLanguage":"es","potentialAction":[{"@type":"CommentAction","name":"Comment","target":["https:\/\/nuevodigitaldeescobar.com.ar\/?p=3838#respond"]}]},{"@type":"WebPage","@id":"https:\/\/nuevodigitaldeescobar.com.ar\/?p=3838","url":"https:\/\/nuevodigitaldeescobar.com.ar\/?p=3838","name":"Caso \u201cChocolate\u201d: citaron como testigos a otros tres supuestos empleados del Senado bonaerense y se negaron a declarar para no autoincriminarse - Nuevo Digital de Escobar","isPartOf":{"@id":"https:\/\/nuevodigitaldeescobar.com.ar\/#website"},"primaryImageOfPage":{"@id":"https:\/\/nuevodigitaldeescobar.com.ar\/?p=3838#primaryimage"},"image":{"@id":"https:\/\/nuevodigitaldeescobar.com.ar\/?p=3838#primaryimage"},"thumbnailUrl":"https:\/\/nuevodigitaldeescobar.com.ar\/wp-content\/uploads\/2024\/02\/chocolates.jpg","datePublished":"2024-03-01T10:00:00+00:00","breadcrumb":{"@id":"https:\/\/nuevodigitaldeescobar.com.ar\/?p=3838#breadcrumb"},"inLanguage":"es","potentialAction":[{"@type":"ReadAction","target":["https:\/\/nuevodigitaldeescobar.com.ar\/?p=3838"]}]},{"@type":"ImageObject","inLanguage":"es","@id":"https:\/\/nuevodigitaldeescobar.com.ar\/?p=3838#primaryimage","url":"https:\/\/nuevodigitaldeescobar.com.ar\/wp-content\/uploads\/2024\/02\/chocolates.jpg","contentUrl":"https:\/\/nuevodigitaldeescobar.com.ar\/wp-content\/uploads\/2024\/02\/chocolates.jpg","width":420,"height":280},{"@type":"BreadcrumbList","@id":"https:\/\/nuevodigitaldeescobar.com.ar\/?p=3838#breadcrumb","itemListElement":[{"@type":"ListItem","position":1,"name":"Portada","item":"https:\/\/nuevodigitaldeescobar.com.ar\/"},{"@type":"ListItem","position":2,"name":"Caso \u201cChocolate\u201d: citaron como testigos a otros tres supuestos empleados del Senado bonaerense y se negaron a declarar para no autoincriminarse"}]},{"@type":"WebSite","@id":"https:\/\/nuevodigitaldeescobar.com.ar\/#website","url":"https:\/\/nuevodigitaldeescobar.com.ar\/","name":"Nuevo Digital de Escobar","description":"La vida escobarense. Directora: Rosana Brunner","publisher":{"@id":"https:\/\/nuevodigitaldeescobar.com.ar\/#organization"},"potentialAction":[{"@type":"SearchAction","target":{"@type":"EntryPoint","urlTemplate":"https:\/\/nuevodigitaldeescobar.com.ar\/?s={search_term_string}"},"query-input":{"@type":"PropertyValueSpecification","valueRequired":true,"valueName":"search_term_string"}}],"inLanguage":"es"},{"@type":"Organization","@id":"https:\/\/nuevodigitaldeescobar.com.ar\/#organization","name":"Nuevo Digital de Escobar","url":"https:\/\/nuevodigitaldeescobar.com.ar\/","logo":{"@type":"ImageObject","inLanguage":"es","@id":"https:\/\/nuevodigitaldeescobar.com.ar\/#\/schema\/logo\/image\/","url":"https:\/\/nuevodigitaldeescobar.com.ar\/wp-content\/uploads\/2025\/05\/cropped-logo-nuevo2.jpg","contentUrl":"https:\/\/nuevodigitaldeescobar.com.ar\/wp-content\/uploads\/2025\/05\/cropped-logo-nuevo2.jpg","width":305,"height":305,"caption":"Nuevo Digital de Escobar"},"image":{"@id":"https:\/\/nuevodigitaldeescobar.com.ar\/#\/schema\/logo\/image\/"},"sameAs":["https:\/\/www.facebook.com\/NUEVODigitalDeEscobar","https:\/\/x.com\/nuevodigescobar","https:\/\/www.instagram.com\/nuevodigitaldeescobar"]},{"@type":"Person","@id":"https:\/\/nuevodigitaldeescobar.com.ar\/#\/schema\/person\/035e90a8efe9a80e6eec22656ad6ea4c","name":"Redacci\u00f3n","image":{"@type":"ImageObject","inLanguage":"es","@id":"https:\/\/nuevodigitaldeescobar.com.ar\/#\/schema\/person\/image\/","url":"https:\/\/secure.gravatar.com\/avatar\/8af8f40000c24e9eef3034f2be5998a372bb1389e64b1a4a36b3a7979142220d?s=96&d=mm&r=g","contentUrl":"https:\/\/secure.gravatar.com\/avatar\/8af8f40000c24e9eef3034f2be5998a372bb1389e64b1a4a36b3a7979142220d?s=96&d=mm&r=g","caption":"Redacci\u00f3n"},"sameAs":["http:\/\/nuevodigitaldeescobar.com.ar"],"url":"https:\/\/nuevodigitaldeescobar.com.ar\/?author=1"}]}},"featured_image_urls":{"full":["https:\/\/nuevodigitaldeescobar.com.ar\/wp-content\/uploads\/2024\/02\/chocolates.jpg",420,280,false],"thumbnail":["https:\/\/nuevodigitaldeescobar.com.ar\/wp-content\/uploads\/2024\/02\/chocolates-150x150.jpg",150,150,true],"medium":["https:\/\/nuevodigitaldeescobar.com.ar\/wp-content\/uploads\/2024\/02\/chocolates-300x200.jpg",300,200,true],"medium_large":["https:\/\/nuevodigitaldeescobar.com.ar\/wp-content\/uploads\/2024\/02\/chocolates.jpg",420,280,false],"large":["https:\/\/nuevodigitaldeescobar.com.ar\/wp-content\/uploads\/2024\/02\/chocolates.jpg",420,280,false],"1536x1536":["https:\/\/nuevodigitaldeescobar.com.ar\/wp-content\/uploads\/2024\/02\/chocolates.jpg",420,280,false],"2048x2048":["https:\/\/nuevodigitaldeescobar.com.ar\/wp-content\/uploads\/2024\/02\/chocolates.jpg",420,280,false]},"author_info":{"display_name":"Redacci\u00f3n","author_link":"https:\/\/nuevodigitaldeescobar.com.ar\/?author=1"},"category_info":"<a href=\"https:\/\/nuevodigitaldeescobar.com.ar\/?cat=61\" rel=\"category\">Nacionales<\/a>","tag_info":"Nacionales","comment_count":"0","_links":{"self":[{"href":"https:\/\/nuevodigitaldeescobar.com.ar\/index.php?rest_route=\/wp\/v2\/posts\/3838","targetHints":{"allow":["GET"]}}],"collection":[{"href":"https:\/\/nuevodigitaldeescobar.com.ar\/index.php?rest_route=\/wp\/v2\/posts"}],"about":[{"href":"https:\/\/nuevodigitaldeescobar.com.ar\/index.php?rest_route=\/wp\/v2\/types\/post"}],"author":[{"embeddable":true,"href":"https:\/\/nuevodigitaldeescobar.com.ar\/index.php?rest_route=\/wp\/v2\/users\/1"}],"replies":[{"embeddable":true,"href":"https:\/\/nuevodigitaldeescobar.com.ar\/index.php?rest_route=%2Fwp%2Fv2%2Fcomments&post=3838"}],"version-history":[{"count":1,"href":"https:\/\/nuevodigitaldeescobar.com.ar\/index.php?rest_route=\/wp\/v2\/posts\/3838\/revisions"}],"predecessor-version":[{"id":3842,"href":"https:\/\/nuevodigitaldeescobar.com.ar\/index.php?rest_route=\/wp\/v2\/posts\/3838\/revisions\/3842"}],"wp:featuredmedia":[{"embeddable":true,"href":"https:\/\/nuevodigitaldeescobar.com.ar\/index.php?rest_route=\/wp\/v2\/media\/3841"}],"wp:attachment":[{"href":"https:\/\/nuevodigitaldeescobar.com.ar\/index.php?rest_route=%2Fwp%2Fv2%2Fmedia&parent=3838"}],"wp:term":[{"taxonomy":"category","embeddable":true,"href":"https:\/\/nuevodigitaldeescobar.com.ar\/index.php?rest_route=%2Fwp%2Fv2%2Fcategories&post=3838"},{"taxonomy":"post_tag","embeddable":true,"href":"https:\/\/nuevodigitaldeescobar.com.ar\/index.php?rest_route=%2Fwp%2Fv2%2Ftags&post=3838"}],"curies":[{"name":"wp","href":"https:\/\/api.w.org\/{rel}","templated":true}]}}