{"id":410,"date":"2023-10-24T14:11:21","date_gmt":"2023-10-24T17:11:21","guid":{"rendered":"https:\/\/nuevodigitaldeescobar.com.ar\/?p=410"},"modified":"2023-10-24T14:11:32","modified_gmt":"2023-10-24T17:11:32","slug":"el-rock-pesado-esta-de-luto-murio-ricardo-iorio","status":"publish","type":"post","link":"https:\/\/nuevodigitaldeescobar.com.ar\/?p=410","title":{"rendered":"El rock pesado est\u00e1 de luto: muri\u00f3 Ricardo Iorio"},"content":{"rendered":"<p><span style=\"color: #ff6600;\"><strong><em>Ricardo Iorio, m\u00e1ximo referente del heavy metal argentino, muri\u00f3 hoy a los 61 a\u00f1os de edad, producto de un infarto.<\/em><\/strong><\/span><\/p>\n<p><!--more--><\/p>\n<p>Su fallecimiento fue confirmado por Juan Ignacio Vitalini, abogado del m\u00fasico que en m\u00e1s de cuarenta a\u00f1os de carrera supo liderar las emblem\u00e1ticas bandas V8, Herm\u00e9tica y Almafuerte.<\/p>\n<p>De acuerdo al testimonio de Vitalini, la pareja del cantante fue quien le inform\u00f3 de la muerte de su representado, quien por la ma\u00f1ana sufri\u00f3 un paro card\u00edaco cuando estaba en su campo, ubicado en Sierra de la Ventana. Una ambulancia lleg\u00f3 a asistirlo, pero al momento de su arribo el m\u00fasico ya hab\u00eda fallecido.<\/p>\n<p><em>\u201cIorio es lo m\u00e1s grande del heavy nacional\u201d<\/em> cantaba su p\u00fablico en cada uno de sus recitales, y las palabras eran justas. Porque Ricardo no s\u00f3lo es considerado por muchos como el fundador del heavy metal argentino propiamente dicho, sino que, sin duda alguna, fue quien lider\u00f3 las bandas y compuso las canciones m\u00e1s emblem\u00e1ticas y populares del g\u00e9nero en nuestro pa\u00eds.<\/p>\n<p>Si bien el primer grupo que integr\u00f3 fue uno llamado Alarma, su carrera profesional comenz\u00f3 con la legendaria V8, banda que fund\u00f3 y lider\u00f3 como bajista y principal compositor, cuya formaci\u00f3n m\u00e1s emblem\u00e1tica se completaba con Alberto Zamarbide en voz, Osvaldo Civile en guitarra y Gustavo Rowek en bater\u00eda. Su primer disco, Luchando por el Metal, es un cl\u00e1sico de cl\u00e1sicos que encendi\u00f3 la llama de lo que, con los a\u00f1os, se convertir\u00eda en toda una escena musical.<\/p>\n<p><img fetchpriority=\"high\" decoding=\"async\" class=\"alignnone size-full wp-image-412\" src=\"http:\/\/nuevodigitaldeescobar.com.ar\/wp-content\/uploads\/2023\/10\/iorio-2.jpg\" alt=\"\" width=\"767\" height=\"431\" srcset=\"https:\/\/nuevodigitaldeescobar.com.ar\/wp-content\/uploads\/2023\/10\/iorio-2.jpg 767w, https:\/\/nuevodigitaldeescobar.com.ar\/wp-content\/uploads\/2023\/10\/iorio-2-300x169.jpg 300w\" sizes=\"(max-width: 767px) 100vw, 767px\" \/><\/p>\n<p>Tras la disoluci\u00f3n de V8, con la que edit\u00f3 tres discos de estudio, Iorio fund\u00f3 Herm\u00e9tica, quiz\u00e1s la agrupaci\u00f3n m\u00e1s importante de la historia del heavy metal nacional. Acompa\u00f1ado por Claudio O\u2019Connor en voz, Antonio <em>\u201cTano\u201d<\/em> Romano en guitarra y Claudio <em>\u201cPato\u201d<\/em> Strunz en bater\u00eda (el grupo tuvo otros dos bateristas antes, pero Strunz fue quien integr\u00f3 la formaci\u00f3n m\u00e1s recordada). Fue en Herm\u00e9tica donde Iorio se consolid\u00f3 como un compositor de peso y un letrista \u00fanico, cuya poes\u00eda, llena de personalidad, vuelo y sentimiento, lo convertir\u00eda en el \u00eddolo e \u00edcono que nunca dej\u00f3 de ser.<\/p>\n<p>Con tres incre\u00edbles LPs de estudio y un corto recorrido de tan solo 6 a\u00f1os, Herm\u00e9tica se convirti\u00f3 en una verdadera leyenda del rock pesado latinoamericano. Se separaron en el pico de su popularidad, cuando todo indicaba que su convocatoria no pod\u00eda hacer m\u00e1s que crecer, en medio de acusaciones cruzadas y rencores que nunca sanaron.<\/p>\n<p>Tras la ruptura, O\u2019Connor, Romano y Strunz fundaron Mal\u00f3n y captaron a gran parte del p\u00fablico <em>\u201cLa H\u201d<\/em> (como apodan los fans a la banda). Dolido y sinti\u00e9ndose traicionado por sus excompa\u00f1eros, Iorio baraj\u00f3 y dio de nuevo por segunda vez en su carrera. Convoc\u00f3 al virtuoso guitarrista Claudio <em>\u201cTano\u201d<\/em> Marciello (quien se convertir\u00eda en el m\u00e1s importante ladero de toda su carrera) y al baterista Claudio Cardacci y form\u00f3 Almafuerte, la banda con la que, con los a\u00f1os, terminar\u00eda por erigirse en una verdadera figura de la m\u00fasica y cultura populares de la Argentina.<\/p>\n<p>Si bien ya hac\u00eda coros y cantaba algunas canciones en sus bandas previas, fue en Almafuerte donde el bajista comenz\u00f3 a desempe\u00f1arse como cantante principal, faceta en la que se destac\u00f3 desde el minuto cero con su imponente voz grave, rasposa y llena de sentimiento y carisma. Tan distintivo era su timbre y tan personal y apasionada result\u00f3 ser su manera de interpretar, que cuesta entender c\u00f3mo tard\u00f3 tanto en animarse a ocupar el rol de frontman, lugar que, desde aquel entonces, jam\u00e1s abandon\u00f3.<\/p>\n<p>Con ocho LPs de estudio y a fuerza de una siempre creciente y bien merecida popularidad, Almafuerte traspas\u00f3 la barrera del heavy metal, g\u00e9nero siempre marginado a una condici\u00f3n de nicho, para convertirse en un acto ineludible del rock en general. Gracias a un cancionero que nada tiene que envidiarle a muchas de las m\u00e1s grandes glorias de la m\u00fasica popular de nuestro pa\u00eds, Iorio encontr\u00f3 en esta banda su lugar en el mundo. Fue all\u00ed donde pudo desarrollar todo su potencial como artista y donde, tambi\u00e9n, termin\u00f3 de construir su personalidad p\u00fablica. Una que tantas veces gener\u00f3 pol\u00e9micas y que, si bien lo hizo conocido ante un p\u00fablico ajeno al rock, le trajo varios problemas y perjuicios profesionales.<\/p>\n<p>Tras 21 a\u00f1os de actividad, y sin una separaci\u00f3n formal de por medio, Almafuerte dej\u00f3 de tocar y Iorio comenz\u00f3 a dedicarse a su carrera solista. Form\u00f3 una banda que llev\u00f3 su apellido como nombre, grab\u00f3 un disco de estudio y recorri\u00f3 el pa\u00eds interpretando en vivo cl\u00e1sicos de su extenso y genial repertorio. Pero despu\u00e9s de varios a\u00f1os de ruedo, y en medio de nuevos problemas, la agrupaci\u00f3n se disolvi\u00f3.<\/p>\n<p>Sin esperar demasiado tiempo, Iorio volvi\u00f3 a tocar con nuevos m\u00fasicos y, hace tan solo pocas semanas atr\u00e1s, lanz\u00f3 un nuevo tema. Un blues breve que, en su simpleza, demuestra el talento y carisma imposibles de ocultar de un autor que, probablemente, no se encontraba en su mejor momento personal.<\/p>\n<p>Hoy, 24 de octubre de 2023, Ricardo Iorio dej\u00f3 de existir f\u00edsicamente. Pero su leyenda vivir\u00e1 por siempre. Es tiempo de que su obra sea reivindicada por lo que es: la obra genial de uno de los m\u00fasicos m\u00e1s importantes de la historia del rock nacional.<\/p>\n<p><em>(TN)<\/em><\/p>\n","protected":false},"excerpt":{"rendered":"<p>Ricardo Iorio, m\u00e1ximo referente del heavy metal argentino, muri\u00f3 hoy a los 61 a\u00f1os de edad, producto de un infarto.<\/p>\n","protected":false},"author":1,"featured_media":411,"comment_status":"open","ping_status":"closed","sticky":false,"template":"","format":"standard","meta":{"footnotes":""},"categories":[11],"tags":[],"class_list":["post-410","post","type-post","status-publish","format-standard","has-post-thumbnail","hentry","category-cultura-arte-y-espectaculos"],"better_featured_image":{"id":411,"alt_text":"","caption":"","description":"","media_type":"image","media_details":{"width":767,"height":431,"file":"2023\/10\/iorio-1.jpg","filesize":65580,"sizes":{"medium":{"file":"iorio-1-300x169.jpg","width":300,"height":169,"mime-type":"image\/jpeg","filesize":11448,"source_url":"https:\/\/nuevodigitaldeescobar.com.ar\/wp-content\/uploads\/2023\/10\/iorio-1-300x169.jpg"},"thumbnail":{"file":"iorio-1-150x150.jpg","width":150,"height":150,"mime-type":"image\/jpeg","filesize":6320,"source_url":"https:\/\/nuevodigitaldeescobar.com.ar\/wp-content\/uploads\/2023\/10\/iorio-1-150x150.jpg"},"covernews-medium":{"file":"iorio-1-540x340.jpg","width":540,"height":340,"mime-type":"image\/jpeg","filesize":31344,"source_url":"https:\/\/nuevodigitaldeescobar.com.ar\/wp-content\/uploads\/2023\/10\/iorio-1-540x340.jpg"},"covernews-medium-square":{"file":"iorio-1-400x250.jpg","width":400,"height":250,"mime-type":"image\/jpeg","filesize":19665,"source_url":"https:\/\/nuevodigitaldeescobar.com.ar\/wp-content\/uploads\/2023\/10\/iorio-1-400x250.jpg"}},"image_meta":{"aperture":"0","credit":"","camera":"","caption":"","created_timestamp":"0","copyright":"","focal_length":"0","iso":"0","shutter_speed":"0","title":"","orientation":"0","keywords":[]}},"post":410,"source_url":"https:\/\/nuevodigitaldeescobar.com.ar\/wp-content\/uploads\/2023\/10\/iorio-1.jpg"},"yoast_head":"<!-- This site is optimized with the Yoast SEO plugin v26.1.1 - https:\/\/yoast.com\/wordpress\/plugins\/seo\/ -->\n<title>El rock pesado est\u00e1 de luto: muri\u00f3 Ricardo Iorio - Nuevo Digital de Escobar<\/title>\n<meta name=\"robots\" content=\"index, follow, max-snippet:-1, max-image-preview:large, max-video-preview:-1\" \/>\n<link rel=\"canonical\" href=\"https:\/\/nuevodigitaldeescobar.com.ar\/?p=410\" \/>\n<meta property=\"og:locale\" content=\"es_ES\" \/>\n<meta property=\"og:type\" content=\"article\" \/>\n<meta property=\"og:title\" content=\"El rock pesado est\u00e1 de luto: muri\u00f3 Ricardo Iorio - Nuevo Digital de Escobar\" \/>\n<meta property=\"og:description\" content=\"Ricardo Iorio, m\u00e1ximo referente del heavy metal argentino, muri\u00f3 hoy a los 61 a\u00f1os de edad, producto de un infarto.\" \/>\n<meta property=\"og:url\" content=\"https:\/\/nuevodigitaldeescobar.com.ar\/?p=410\" \/>\n<meta property=\"og:site_name\" content=\"Nuevo Digital de Escobar\" \/>\n<meta property=\"article:publisher\" content=\"https:\/\/www.facebook.com\/NUEVODigitalDeEscobar\" \/>\n<meta property=\"article:published_time\" content=\"2023-10-24T17:11:21+00:00\" \/>\n<meta property=\"article:modified_time\" content=\"2023-10-24T17:11:32+00:00\" \/>\n<meta property=\"og:image\" content=\"https:\/\/nuevodigitaldeescobar.com.ar\/wp-content\/uploads\/2023\/10\/iorio-1.jpg\" \/>\n\t<meta property=\"og:image:width\" content=\"767\" \/>\n\t<meta property=\"og:image:height\" content=\"431\" \/>\n\t<meta property=\"og:image:type\" content=\"image\/jpeg\" \/>\n<meta name=\"author\" content=\"Redacci\u00f3n\" \/>\n<meta name=\"twitter:card\" content=\"summary_large_image\" \/>\n<meta name=\"twitter:creator\" content=\"@nuevodigescobar\" \/>\n<meta name=\"twitter:site\" content=\"@nuevodigescobar\" \/>\n<meta name=\"twitter:label1\" content=\"Escrito por\" \/>\n\t<meta name=\"twitter:data1\" content=\"Redacci\u00f3n\" \/>\n\t<meta name=\"twitter:label2\" content=\"Tiempo de lectura\" \/>\n\t<meta name=\"twitter:data2\" content=\"5 minutos\" \/>\n<script type=\"application\/ld+json\" class=\"yoast-schema-graph\">{\"@context\":\"https:\/\/schema.org\",\"@graph\":[{\"@type\":\"Article\",\"@id\":\"https:\/\/nuevodigitaldeescobar.com.ar\/?p=410#article\",\"isPartOf\":{\"@id\":\"https:\/\/nuevodigitaldeescobar.com.ar\/?p=410\"},\"author\":{\"name\":\"Redacci\u00f3n\",\"@id\":\"https:\/\/nuevodigitaldeescobar.com.ar\/#\/schema\/person\/035e90a8efe9a80e6eec22656ad6ea4c\"},\"headline\":\"El rock pesado est\u00e1 de luto: muri\u00f3 Ricardo Iorio\",\"datePublished\":\"2023-10-24T17:11:21+00:00\",\"dateModified\":\"2023-10-24T17:11:32+00:00\",\"mainEntityOfPage\":{\"@id\":\"https:\/\/nuevodigitaldeescobar.com.ar\/?p=410\"},\"wordCount\":945,\"commentCount\":0,\"publisher\":{\"@id\":\"https:\/\/nuevodigitaldeescobar.com.ar\/#organization\"},\"image\":{\"@id\":\"https:\/\/nuevodigitaldeescobar.com.ar\/?p=410#primaryimage\"},\"thumbnailUrl\":\"https:\/\/nuevodigitaldeescobar.com.ar\/wp-content\/uploads\/2023\/10\/iorio-1.jpg\",\"articleSection\":[\"Cultura, Arte y Espect\u00e1culos\"],\"inLanguage\":\"es\",\"potentialAction\":[{\"@type\":\"CommentAction\",\"name\":\"Comment\",\"target\":[\"https:\/\/nuevodigitaldeescobar.com.ar\/?p=410#respond\"]}]},{\"@type\":\"WebPage\",\"@id\":\"https:\/\/nuevodigitaldeescobar.com.ar\/?p=410\",\"url\":\"https:\/\/nuevodigitaldeescobar.com.ar\/?p=410\",\"name\":\"El rock pesado est\u00e1 de luto: muri\u00f3 Ricardo Iorio - Nuevo Digital de Escobar\",\"isPartOf\":{\"@id\":\"https:\/\/nuevodigitaldeescobar.com.ar\/#website\"},\"primaryImageOfPage\":{\"@id\":\"https:\/\/nuevodigitaldeescobar.com.ar\/?p=410#primaryimage\"},\"image\":{\"@id\":\"https:\/\/nuevodigitaldeescobar.com.ar\/?p=410#primaryimage\"},\"thumbnailUrl\":\"https:\/\/nuevodigitaldeescobar.com.ar\/wp-content\/uploads\/2023\/10\/iorio-1.jpg\",\"datePublished\":\"2023-10-24T17:11:21+00:00\",\"dateModified\":\"2023-10-24T17:11:32+00:00\",\"breadcrumb\":{\"@id\":\"https:\/\/nuevodigitaldeescobar.com.ar\/?p=410#breadcrumb\"},\"inLanguage\":\"es\",\"potentialAction\":[{\"@type\":\"ReadAction\",\"target\":[\"https:\/\/nuevodigitaldeescobar.com.ar\/?p=410\"]}]},{\"@type\":\"ImageObject\",\"inLanguage\":\"es\",\"@id\":\"https:\/\/nuevodigitaldeescobar.com.ar\/?p=410#primaryimage\",\"url\":\"https:\/\/nuevodigitaldeescobar.com.ar\/wp-content\/uploads\/2023\/10\/iorio-1.jpg\",\"contentUrl\":\"https:\/\/nuevodigitaldeescobar.com.ar\/wp-content\/uploads\/2023\/10\/iorio-1.jpg\",\"width\":767,\"height\":431},{\"@type\":\"BreadcrumbList\",\"@id\":\"https:\/\/nuevodigitaldeescobar.com.ar\/?p=410#breadcrumb\",\"itemListElement\":[{\"@type\":\"ListItem\",\"position\":1,\"name\":\"Portada\",\"item\":\"https:\/\/nuevodigitaldeescobar.com.ar\/\"},{\"@type\":\"ListItem\",\"position\":2,\"name\":\"El rock pesado est\u00e1 de luto: muri\u00f3 Ricardo Iorio\"}]},{\"@type\":\"WebSite\",\"@id\":\"https:\/\/nuevodigitaldeescobar.com.ar\/#website\",\"url\":\"https:\/\/nuevodigitaldeescobar.com.ar\/\",\"name\":\"Nuevo Digital de Escobar\",\"description\":\"La vida escobarense. Directora: Rosana Brunner\",\"publisher\":{\"@id\":\"https:\/\/nuevodigitaldeescobar.com.ar\/#organization\"},\"potentialAction\":[{\"@type\":\"SearchAction\",\"target\":{\"@type\":\"EntryPoint\",\"urlTemplate\":\"https:\/\/nuevodigitaldeescobar.com.ar\/?s={search_term_string}\"},\"query-input\":{\"@type\":\"PropertyValueSpecification\",\"valueRequired\":true,\"valueName\":\"search_term_string\"}}],\"inLanguage\":\"es\"},{\"@type\":\"Organization\",\"@id\":\"https:\/\/nuevodigitaldeescobar.com.ar\/#organization\",\"name\":\"Nuevo Digital de Escobar\",\"url\":\"https:\/\/nuevodigitaldeescobar.com.ar\/\",\"logo\":{\"@type\":\"ImageObject\",\"inLanguage\":\"es\",\"@id\":\"https:\/\/nuevodigitaldeescobar.com.ar\/#\/schema\/logo\/image\/\",\"url\":\"https:\/\/nuevodigitaldeescobar.com.ar\/wp-content\/uploads\/2025\/05\/cropped-logo-nuevo2.jpg\",\"contentUrl\":\"https:\/\/nuevodigitaldeescobar.com.ar\/wp-content\/uploads\/2025\/05\/cropped-logo-nuevo2.jpg\",\"width\":305,\"height\":305,\"caption\":\"Nuevo Digital de Escobar\"},\"image\":{\"@id\":\"https:\/\/nuevodigitaldeescobar.com.ar\/#\/schema\/logo\/image\/\"},\"sameAs\":[\"https:\/\/www.facebook.com\/NUEVODigitalDeEscobar\",\"https:\/\/x.com\/nuevodigescobar\",\"https:\/\/www.instagram.com\/nuevodigitaldeescobar\"]},{\"@type\":\"Person\",\"@id\":\"https:\/\/nuevodigitaldeescobar.com.ar\/#\/schema\/person\/035e90a8efe9a80e6eec22656ad6ea4c\",\"name\":\"Redacci\u00f3n\",\"image\":{\"@type\":\"ImageObject\",\"inLanguage\":\"es\",\"@id\":\"https:\/\/nuevodigitaldeescobar.com.ar\/#\/schema\/person\/image\/\",\"url\":\"https:\/\/secure.gravatar.com\/avatar\/8af8f40000c24e9eef3034f2be5998a372bb1389e64b1a4a36b3a7979142220d?s=96&d=mm&r=g\",\"contentUrl\":\"https:\/\/secure.gravatar.com\/avatar\/8af8f40000c24e9eef3034f2be5998a372bb1389e64b1a4a36b3a7979142220d?s=96&d=mm&r=g\",\"caption\":\"Redacci\u00f3n\"},\"sameAs\":[\"http:\/\/nuevodigitaldeescobar.com.ar\"],\"url\":\"https:\/\/nuevodigitaldeescobar.com.ar\/?author=1\"}]}<\/script>\n<!-- \/ Yoast SEO plugin. -->","yoast_head_json":{"title":"El rock pesado est\u00e1 de luto: muri\u00f3 Ricardo Iorio - Nuevo Digital de Escobar","robots":{"index":"index","follow":"follow","max-snippet":"max-snippet:-1","max-image-preview":"max-image-preview:large","max-video-preview":"max-video-preview:-1"},"canonical":"https:\/\/nuevodigitaldeescobar.com.ar\/?p=410","og_locale":"es_ES","og_type":"article","og_title":"El rock pesado est\u00e1 de luto: muri\u00f3 Ricardo Iorio - Nuevo Digital de Escobar","og_description":"Ricardo Iorio, m\u00e1ximo referente del heavy metal argentino, muri\u00f3 hoy a los 61 a\u00f1os de edad, producto de un infarto.","og_url":"https:\/\/nuevodigitaldeescobar.com.ar\/?p=410","og_site_name":"Nuevo Digital de Escobar","article_publisher":"https:\/\/www.facebook.com\/NUEVODigitalDeEscobar","article_published_time":"2023-10-24T17:11:21+00:00","article_modified_time":"2023-10-24T17:11:32+00:00","og_image":[{"width":767,"height":431,"url":"https:\/\/nuevodigitaldeescobar.com.ar\/wp-content\/uploads\/2023\/10\/iorio-1.jpg","type":"image\/jpeg"}],"author":"Redacci\u00f3n","twitter_card":"summary_large_image","twitter_creator":"@nuevodigescobar","twitter_site":"@nuevodigescobar","twitter_misc":{"Escrito por":"Redacci\u00f3n","Tiempo de lectura":"5 minutos"},"schema":{"@context":"https:\/\/schema.org","@graph":[{"@type":"Article","@id":"https:\/\/nuevodigitaldeescobar.com.ar\/?p=410#article","isPartOf":{"@id":"https:\/\/nuevodigitaldeescobar.com.ar\/?p=410"},"author":{"name":"Redacci\u00f3n","@id":"https:\/\/nuevodigitaldeescobar.com.ar\/#\/schema\/person\/035e90a8efe9a80e6eec22656ad6ea4c"},"headline":"El rock pesado est\u00e1 de luto: muri\u00f3 Ricardo Iorio","datePublished":"2023-10-24T17:11:21+00:00","dateModified":"2023-10-24T17:11:32+00:00","mainEntityOfPage":{"@id":"https:\/\/nuevodigitaldeescobar.com.ar\/?p=410"},"wordCount":945,"commentCount":0,"publisher":{"@id":"https:\/\/nuevodigitaldeescobar.com.ar\/#organization"},"image":{"@id":"https:\/\/nuevodigitaldeescobar.com.ar\/?p=410#primaryimage"},"thumbnailUrl":"https:\/\/nuevodigitaldeescobar.com.ar\/wp-content\/uploads\/2023\/10\/iorio-1.jpg","articleSection":["Cultura, Arte y Espect\u00e1culos"],"inLanguage":"es","potentialAction":[{"@type":"CommentAction","name":"Comment","target":["https:\/\/nuevodigitaldeescobar.com.ar\/?p=410#respond"]}]},{"@type":"WebPage","@id":"https:\/\/nuevodigitaldeescobar.com.ar\/?p=410","url":"https:\/\/nuevodigitaldeescobar.com.ar\/?p=410","name":"El rock pesado est\u00e1 de luto: muri\u00f3 Ricardo Iorio - Nuevo Digital de Escobar","isPartOf":{"@id":"https:\/\/nuevodigitaldeescobar.com.ar\/#website"},"primaryImageOfPage":{"@id":"https:\/\/nuevodigitaldeescobar.com.ar\/?p=410#primaryimage"},"image":{"@id":"https:\/\/nuevodigitaldeescobar.com.ar\/?p=410#primaryimage"},"thumbnailUrl":"https:\/\/nuevodigitaldeescobar.com.ar\/wp-content\/uploads\/2023\/10\/iorio-1.jpg","datePublished":"2023-10-24T17:11:21+00:00","dateModified":"2023-10-24T17:11:32+00:00","breadcrumb":{"@id":"https:\/\/nuevodigitaldeescobar.com.ar\/?p=410#breadcrumb"},"inLanguage":"es","potentialAction":[{"@type":"ReadAction","target":["https:\/\/nuevodigitaldeescobar.com.ar\/?p=410"]}]},{"@type":"ImageObject","inLanguage":"es","@id":"https:\/\/nuevodigitaldeescobar.com.ar\/?p=410#primaryimage","url":"https:\/\/nuevodigitaldeescobar.com.ar\/wp-content\/uploads\/2023\/10\/iorio-1.jpg","contentUrl":"https:\/\/nuevodigitaldeescobar.com.ar\/wp-content\/uploads\/2023\/10\/iorio-1.jpg","width":767,"height":431},{"@type":"BreadcrumbList","@id":"https:\/\/nuevodigitaldeescobar.com.ar\/?p=410#breadcrumb","itemListElement":[{"@type":"ListItem","position":1,"name":"Portada","item":"https:\/\/nuevodigitaldeescobar.com.ar\/"},{"@type":"ListItem","position":2,"name":"El rock pesado est\u00e1 de luto: muri\u00f3 Ricardo Iorio"}]},{"@type":"WebSite","@id":"https:\/\/nuevodigitaldeescobar.com.ar\/#website","url":"https:\/\/nuevodigitaldeescobar.com.ar\/","name":"Nuevo Digital de Escobar","description":"La vida escobarense. Directora: Rosana Brunner","publisher":{"@id":"https:\/\/nuevodigitaldeescobar.com.ar\/#organization"},"potentialAction":[{"@type":"SearchAction","target":{"@type":"EntryPoint","urlTemplate":"https:\/\/nuevodigitaldeescobar.com.ar\/?s={search_term_string}"},"query-input":{"@type":"PropertyValueSpecification","valueRequired":true,"valueName":"search_term_string"}}],"inLanguage":"es"},{"@type":"Organization","@id":"https:\/\/nuevodigitaldeescobar.com.ar\/#organization","name":"Nuevo Digital de Escobar","url":"https:\/\/nuevodigitaldeescobar.com.ar\/","logo":{"@type":"ImageObject","inLanguage":"es","@id":"https:\/\/nuevodigitaldeescobar.com.ar\/#\/schema\/logo\/image\/","url":"https:\/\/nuevodigitaldeescobar.com.ar\/wp-content\/uploads\/2025\/05\/cropped-logo-nuevo2.jpg","contentUrl":"https:\/\/nuevodigitaldeescobar.com.ar\/wp-content\/uploads\/2025\/05\/cropped-logo-nuevo2.jpg","width":305,"height":305,"caption":"Nuevo Digital de Escobar"},"image":{"@id":"https:\/\/nuevodigitaldeescobar.com.ar\/#\/schema\/logo\/image\/"},"sameAs":["https:\/\/www.facebook.com\/NUEVODigitalDeEscobar","https:\/\/x.com\/nuevodigescobar","https:\/\/www.instagram.com\/nuevodigitaldeescobar"]},{"@type":"Person","@id":"https:\/\/nuevodigitaldeescobar.com.ar\/#\/schema\/person\/035e90a8efe9a80e6eec22656ad6ea4c","name":"Redacci\u00f3n","image":{"@type":"ImageObject","inLanguage":"es","@id":"https:\/\/nuevodigitaldeescobar.com.ar\/#\/schema\/person\/image\/","url":"https:\/\/secure.gravatar.com\/avatar\/8af8f40000c24e9eef3034f2be5998a372bb1389e64b1a4a36b3a7979142220d?s=96&d=mm&r=g","contentUrl":"https:\/\/secure.gravatar.com\/avatar\/8af8f40000c24e9eef3034f2be5998a372bb1389e64b1a4a36b3a7979142220d?s=96&d=mm&r=g","caption":"Redacci\u00f3n"},"sameAs":["http:\/\/nuevodigitaldeescobar.com.ar"],"url":"https:\/\/nuevodigitaldeescobar.com.ar\/?author=1"}]}},"featured_image_urls":{"full":["https:\/\/nuevodigitaldeescobar.com.ar\/wp-content\/uploads\/2023\/10\/iorio-1.jpg",767,431,false],"thumbnail":["https:\/\/nuevodigitaldeescobar.com.ar\/wp-content\/uploads\/2023\/10\/iorio-1-150x150.jpg",150,150,true],"medium":["https:\/\/nuevodigitaldeescobar.com.ar\/wp-content\/uploads\/2023\/10\/iorio-1-300x169.jpg",300,169,true],"medium_large":["https:\/\/nuevodigitaldeescobar.com.ar\/wp-content\/uploads\/2023\/10\/iorio-1.jpg",640,360,false],"large":["https:\/\/nuevodigitaldeescobar.com.ar\/wp-content\/uploads\/2023\/10\/iorio-1.jpg",640,360,false],"1536x1536":["https:\/\/nuevodigitaldeescobar.com.ar\/wp-content\/uploads\/2023\/10\/iorio-1.jpg",767,431,false],"2048x2048":["https:\/\/nuevodigitaldeescobar.com.ar\/wp-content\/uploads\/2023\/10\/iorio-1.jpg",767,431,false]},"author_info":{"display_name":"Redacci\u00f3n","author_link":"https:\/\/nuevodigitaldeescobar.com.ar\/?author=1"},"category_info":"<a href=\"https:\/\/nuevodigitaldeescobar.com.ar\/?cat=11\" rel=\"category\">Cultura, Arte y Espect\u00e1culos<\/a>","tag_info":"Cultura, Arte y Espect\u00e1culos","comment_count":"0","_links":{"self":[{"href":"https:\/\/nuevodigitaldeescobar.com.ar\/index.php?rest_route=\/wp\/v2\/posts\/410","targetHints":{"allow":["GET"]}}],"collection":[{"href":"https:\/\/nuevodigitaldeescobar.com.ar\/index.php?rest_route=\/wp\/v2\/posts"}],"about":[{"href":"https:\/\/nuevodigitaldeescobar.com.ar\/index.php?rest_route=\/wp\/v2\/types\/post"}],"author":[{"embeddable":true,"href":"https:\/\/nuevodigitaldeescobar.com.ar\/index.php?rest_route=\/wp\/v2\/users\/1"}],"replies":[{"embeddable":true,"href":"https:\/\/nuevodigitaldeescobar.com.ar\/index.php?rest_route=%2Fwp%2Fv2%2Fcomments&post=410"}],"version-history":[{"count":1,"href":"https:\/\/nuevodigitaldeescobar.com.ar\/index.php?rest_route=\/wp\/v2\/posts\/410\/revisions"}],"predecessor-version":[{"id":413,"href":"https:\/\/nuevodigitaldeescobar.com.ar\/index.php?rest_route=\/wp\/v2\/posts\/410\/revisions\/413"}],"wp:featuredmedia":[{"embeddable":true,"href":"https:\/\/nuevodigitaldeescobar.com.ar\/index.php?rest_route=\/wp\/v2\/media\/411"}],"wp:attachment":[{"href":"https:\/\/nuevodigitaldeescobar.com.ar\/index.php?rest_route=%2Fwp%2Fv2%2Fmedia&parent=410"}],"wp:term":[{"taxonomy":"category","embeddable":true,"href":"https:\/\/nuevodigitaldeescobar.com.ar\/index.php?rest_route=%2Fwp%2Fv2%2Fcategories&post=410"},{"taxonomy":"post_tag","embeddable":true,"href":"https:\/\/nuevodigitaldeescobar.com.ar\/index.php?rest_route=%2Fwp%2Fv2%2Ftags&post=410"}],"curies":[{"name":"wp","href":"https:\/\/api.w.org\/{rel}","templated":true}]}}