{"id":4104,"date":"2024-03-11T10:19:31","date_gmt":"2024-03-11T13:19:31","guid":{"rendered":"https:\/\/nuevodigitaldeescobar.com.ar\/?p=4104"},"modified":"2024-03-11T10:19:43","modified_gmt":"2024-03-11T13:19:43","slug":"antes-de-viajar-a-rosario-bullrich-anticipo-que-acusaran-a-los-narcos-de-terrorismo-y-explico-que-rol-tendran-las-ffaa","status":"publish","type":"post","link":"https:\/\/nuevodigitaldeescobar.com.ar\/?p=4104","title":{"rendered":"Antes de viajar a Rosario, Bullrich anticip\u00f3 que acusar\u00e1n a los narcos de terrorismo y explic\u00f3 qu\u00e9 rol tendr\u00e1n las FFAA"},"content":{"rendered":"<p><span style=\"color: #003366;\"><em><strong>\u201cVamos con todas las fuerzas y toda la decisi\u00f3n\u201d, dijo la ministra de Seguridad esta ma\u00f1ana, antes de viajar a Santa Fe para reunirse con el gobernador y constituir el comit\u00e9 de crisis por la escalada de violencia.<\/strong><\/em><\/span><\/p>\n<p><!--more--><\/p>\n<hr \/>\n<p>La ministra de Seguridad, Patricia Bullrich, anticip\u00f3 que acusar\u00e1n a los narcos de Rosario de cometer actos terroristas. La funcionaria habl\u00f3 minutos antes de emprender el viaje a la provincia de Santa Fe, donde tiene previsto reunirse con el gobernador Maximiliano Pullaro y constituir un comit\u00e9 de crisis luego del fin de semana de escalada de la violencia.<\/p>\n<p><em>\u201cEn los dos primeros meses de gesti\u00f3n hab\u00edamos logrado bajar los homicidios de una manera contundente. Generamos un nuevo r\u00e9gimen en las c\u00e1rceles y todo esto ha generado un intento de las bandas de recuperar un negocio que hoy tienen acotado, con un mecanismo de terror nunca visto, por lo cual van a estar implicados en acciones de terrorismo, como dice el art\u00edculo 41 del C\u00f3digo Penal\u201d<\/em>, asegur\u00f3 Bullrich este lunes en la puerta de su domicilio en CABA.<\/p>\n<p>El mecanismo de terror al que alude la ministra son los asesinatos que se registraron en los \u00faltimos d\u00edas como respuesta de las bandas narco que dominan la ciudad a las medidas aplicadas por el gobierno local en las c\u00e1rceles en las que est\u00e1n detenidos los integrantes de los clanes violentos. El \u00faltimo fue el crimen de Bruno Nicol\u00e1s Bussanich, un playero de 25 a\u00f1os que fue ejecutado a sangre fr\u00eda cuando cumpl\u00eda con sus tareas habituales.<\/p>\n<p>El art\u00edculo 41 quinquies del C\u00f3digo Penal al que se refiere la funcionaria aumenta las penas para este tipo de delitos. <em>\u201cCuando alguno de los delitos previstos en este C\u00f3digo hubiere sido cometido con la finalidad de aterrorizar a la poblaci\u00f3n u obligar a las autoridades p\u00fablicas nacionales o gobiernos extranjeros o agentes de una organizaci\u00f3n internacional a realizar un acto o abstenerse de hacerlo, la escala se incrementar\u00e1 en el doble del m\u00ednimo y el m\u00e1ximo\u201d<\/em>, prescribe.<\/p>\n<p>El gobierno nacional dispuso crear un comit\u00e9 de crisis y movilizar las fuerzas federales a Rosario. <em>\u201cVamos con toda la fuerza, con toda la decisi\u00f3n, con los medios que tenemos, aunque no son muchos porque hemos recibido medios muy deteriorados, no tenemos autos, no tenemos helic\u00f3pteros\u201d<\/em>, aclar\u00f3 Bullrich.<\/p>\n<p>La funcionaria del gabinete de Javier Milei, que este domingo tambi\u00e9n se refiri\u00f3 a la cuesti\u00f3n, anticip\u00f3 adem\u00e1s que las Fuerzas Armadas se limitar\u00e1n a prestar asistencia log\u00edstica de acuerdo a lo previsto en la Ley de Seguridad Interior.<\/p>\n<p><em>\u201cNosotros nos vamos a reunir con los familiares de las v\u00edctimas que quieran reunirse con nosotros, con el gobernador, vamos a recorrer las zonas m\u00e1s picantes y m\u00e1s dif\u00edciles de Rosario y vamos a tener una acci\u00f3n muy concreta, m\u00e1s profunda, porque nosotros ten\u00edamos realmente una baja de homicidios muy importante y hemos tenido este recrudecimiento de la violencia a partir de haberles cerrado los grifos del negocio\u201d<\/em>, puntualiz\u00f3.<\/p>\n<p>Finalmente, Bullrich hizo hincapi\u00e9 en las dificultades de la tarea que enfrentan: <em>\u201cTenemos que estar a la altura de la complejidad que nos han planteado, Rosario es una ciudad grande y es dif\u00edcil tener control sobre todos y cada uno de los ciudadanos que se mueven y no sab\u00e9s c\u00f3mo puede aparecer el atentado\u201d<\/em>.<\/p>\n<h3><span style=\"color: #003366;\"><strong>Las nuevas medidas de seguridad en Rosario<\/strong><\/span><\/h3>\n<p>Primero se dispondr\u00e1 un aumento sensible en la cantidad de personal de Gendarmer\u00eda y las otras fuerzas para patrullar y hacer tareas de inteligencia criminal, como as\u00ed tambi\u00e9n el despliegue de veh\u00edculos del Ej\u00e9rcito y la Armada. Est\u00e1n previsto que lleguen 50 autom\u00f3viles, 30 camionetas, cinco combis, dos colectivos y se pidi\u00f3 un helic\u00f3ptero para ser utilizado en transporte y en patrullaje y control por tierra y aire de Rosario. Todos los recursos ir\u00e1n a cubrir la mitad de Rosario. Estar\u00e1n en la zona sur, y en la zona noroeste, Empalme Graneros, barrio Ludue\u00f1a y Tablada, de donde son Los Monos.<\/p>\n<p>En una conferencia de prensa, tanto Bullrich, como el ministro de Defensa Luis Petri se pondr\u00e1n a disposici\u00f3n de Pullaro, explicar\u00e1n el despliegue que pondr\u00e1n en marcha en los pr\u00f3ximos d\u00edas y tambi\u00e9n pedir\u00e1n el tratamiento y la aprobaci\u00f3n de la denominada <em>\u201cley anti mafia\u201d<\/em>, que busca acelerar las investigaciones contra los grupos narcos y sus actividades delictivas. <em>\u201cCon esta ley se podr\u00e1 avanzar contra las asociaciones il\u00edcitas que act\u00faan ramificadas y con distintos fines y objetivos\u201d<\/em>, explicaron fuentes oficiales. La ministra expres\u00f3 en las \u00faltimas horas una fuerte cr\u00edtica al Congreso por no haber aprobado la Ley Bases que ten\u00eda entre sus art\u00edculos la declaraci\u00f3n de la emergencia en materia de seguridad.<\/p>\n<p>En el Ministerio de Seguridad evitaron criticar el accionar de Pullaro, pero se\u00f1alaron que, hasta la difusi\u00f3n de la foto en la que se ve a los detenidos en el penal de Pi\u00f1ero al estilo Bukele, <em>\u201chab\u00edan ca\u00eddo los homicidios en Rosario. En enero del 2023 hubo 26 asesinatos, mientras que en enero del 2024 hubo 15. Pero en febrero del 2023 hubo 33 asesinatos y en febrero del 2024 hubo s\u00f3lo 7. Eran buenos n\u00fameros, que mostraban un avance. Pero cuando se ajusta la calle, se corta el narcomenudeo, se cortan las extorsiones a comerciantes que se hac\u00edan desde las c\u00e1rceles, estos delincuentes pierden la paciencia y empiezan a hacer locuras\u201d<\/em>, explicaba anoche uno de los que estar\u00e1n este lunes en las reuniones entre los gobiernos de la provincia y de la Naci\u00f3n.<\/p>\n<h3><span style=\"color: #003366;\"><strong>Hay tres personas demoradas en Rosario y contin\u00faan buscando al asesino del playero<\/strong><\/span><\/h3>\n<p><em>\u201cVamos a poner todo lo que sea necesario para restituir la paz social\u201d<\/em>, afirm\u00f3 el ministro de Seguridad provincial, Pablo Cococcioni, que ofreci\u00f3 $10 millones por datos que lleven a capturar al asesino de Bruno Bussanich.<\/p>\n<p><a href=\"https:\/\/nuevodigitaldeescobar.com.ar\/?attachment_id=4105\" rel=\"attachment wp-att-4105\"><img fetchpriority=\"high\" decoding=\"async\" class=\"alignnone size-full wp-image-4105\" src=\"http:\/\/nuevodigitaldeescobar.com.ar\/wp-content\/uploads\/2024\/03\/ministro-seguridad-rosario-e1710162773597.jpg\" alt=\"\" width=\"720\" height=\"398\" \/><\/a><\/p>\n<p>El ministro de Seguridad de Santa Fe, Pablo Cococcioni, confirm\u00f3 hoy en una nueva conferencia de prensa el arresto de tres personas en el caso que investiga el crimen del playero Bruno Nicol\u00e1s Bussanich, asesinado el s\u00e1bado pasado, la \u00faltima v\u00edctima de una ola de cr\u00edmenes que paraliza a Rosario. <em>\u201cHay medidas que se est\u00e1n llevando a cabo en este momento y esperamos mayores novedades en las pr\u00f3ximas horas\u201d<\/em>, sostuvo el funcionario provincial.<\/p>\n<p><em>\u201cVamos a poner todo lo que sea necesario para restituir la paz social\u201d<\/em>, agreg\u00f3 el ministro.<\/p>\n<p>Seg\u00fan confirmaron fuentes judiciales, los aprehendidos fueron arrestados por los delitos de encubrimiento -uno de ellos ten\u00eda una moto robada-, junto a otros dos demorados por averiguaci\u00f3n de antecedentes. No hay, por el momento, detenidos imputados por el homicidio del playero.<\/p>\n<p>Tob\u00edas Barrios, el hombre detenido con la moto robada, es un delincuente vinculado a la banda de Mat\u00edas C\u00e9sar, hamp\u00f3n de Los Monos. Ya hab\u00eda sido condenado por atentados contra el poder judicial cometidos en 2018. Por lo pronto, se desconoce si tiene una vinculaci\u00f3n con el crimen de Bussanich.<\/p>\n<p><em>\u201cEstamos reforzando con toda nuestra polic\u00eda y en coordinaci\u00f3n con las fuerzas federales la ciudad de Rosario. Estamos poniendo todos los esfuerzos en esclarecer estos hechos y llevar a los culpables a la Justicia y a las c\u00e1rceles\u201d<\/em>, aseguro Cococcioni.<\/p>\n<p><em>\u201cEntendemos que hay que aplicar la ley, el r\u00e9gimen penitenciario debe ser muy estricto. Venimos de muchos a\u00f1os en los cuales se permiti\u00f3 que los presos hicieran lo que quisieran y organizar los delitos desde adentro de las c\u00e1rceles. En la provincia de Santa Fe tenemos que ser firmes, estos delincuentes van en contra de la sociedad que quiere vivir tranquila\u201d<\/em>, continu\u00f3 el ministro.<\/p>\n<p>El anuncio se suma al arribo de nuevos gendarmes a Rosario -una medida que ocurri\u00f3 c\u00edclicamente en la \u00faltima d\u00e9cada en cada escalada de violencia de impacto medi\u00e1tico- tras tensiones con el Gobierno nacional por el desarrollo del plan Bandera. Tambi\u00e9n, se suma a la oferta de $10 millones de pesos de la administraci\u00f3n Pullaro para quien d\u00e9 informaci\u00f3n que lleve a la captura del asesino de Bussanich. El contacto para entregar datos puede ser realizado a la l\u00ednea 911.<\/p>\n<p>Tras difundir la cara del sospechoso, cuya identidad todav\u00eda se desconoce, afirmaron:<\/p>\n<p><em>\u201cLa persona se encuentra sindicada como autor del hecho de homicidio, donde result\u00f3 v\u00edctima Bruno Nicolas Bussanich, de 25 a\u00f1os\u201d<\/em>. Para continuar: <em>\u201cQuienes puedan brindar informaci\u00f3n deben comunicarse al 911, al +54-3414 02-1280 contacto de Fiscal\u00eda Rosario, v\u00eda mail a <a href=\"mailto:aspelta@mpa.santafe.gov.ar\">aspelta@mpa.santafe.gov.ar<\/a>, contactarse en las redes sociales de Fiscal\u00eda o presentarse en el centro de justicia penal de rosario, sita en calle Sarmiento 2850 de Rosario\u201d<\/em>.<\/p>\n<figure id=\"attachment_4106\" aria-describedby=\"caption-attachment-4106\" style=\"width: 720px\" class=\"wp-caption alignnone\"><a href=\"https:\/\/nuevodigitaldeescobar.com.ar\/?attachment_id=4106\" rel=\"attachment wp-att-4106\"><img decoding=\"async\" class=\"size-full wp-image-4106\" src=\"http:\/\/nuevodigitaldeescobar.com.ar\/wp-content\/uploads\/2024\/03\/La-oferta-de-recompensa-para-esclarecer-el-crimen-de-Bussanich-e1710162820101.jpg\" alt=\"\" width=\"720\" height=\"720\" \/><\/a><figcaption id=\"caption-attachment-4106\" class=\"wp-caption-text\">La oferta de recompensa para esclarecer el crimen de Bussanich.<\/figcaption><\/figure>\n<h3><span style=\"color: #003366;\"><strong>Ofrecen $10 millones para quien entregue al asesino del playero en Rosario<\/strong><\/span><\/h3>\n<p>La oferta para datos que lleven a esclarecer el crimen de Bruno Bussanich fue realizada por el gobierno de Maximiliano Pullaro. En paralelo, los fiscales piden apoyo al p\u00fablico.<\/p>\n<p>El crimen de Bruno Nicol\u00e1s Bussanich mantiene a toda la ciudad de Rosario bajo la conmoci\u00f3n, el miedo y la impotencia. As\u00ed, los fiscales a cargo de esclarecer el caso piden la ayuda de todo un pueblo para dar con el paradero del sicario que asesin\u00f3 al playero este s\u00e1bado mientras trabajaba.<\/p>\n<p>Seg\u00fan informaron fuentes oficiales, el gobierno de Maximiliano Pullaro realiz\u00f3 una oferta p\u00fablica de $10 millones de pesos para quien aporte informaci\u00f3n para encontrar al asesino de Bussanich. <em>\u201cLa identidad de aquellas personas que aporten informaci\u00f3n ser\u00e1 preservada durante y despu\u00e9s de finalizada la investigaci\u00f3n\u201d<\/em>, asegura un comunicado.<\/p>\n<p>El contacto puede ser realizado a la l\u00ednea 911.<\/p>\n<p>Por otra parte, la Fiscal\u00eda Regional Segunda Circunscripci\u00f3n hizo un pedido de ayuda al p\u00fablico para resolver el hecho. Aclar\u00f3, tambi\u00e9n, que la identidad de quienes aporten informaci\u00f3n ser\u00e1 preservada.<\/p>\n<p><em>\u201cLa Fiscal\u00eda Regional Segunda Circunscripci\u00f3n solicita la colaboraci\u00f3n de la poblaci\u00f3n para dar con la persona que se observa en las im\u00e1genes\u201d<\/em>, comienza el comunicado que se conoci\u00f3 este domingo luego de que se revelaran los videos de las c\u00e1maras de seguridad de la estaci\u00f3n de servicio Puma en la que ocurri\u00f3 el crimen.<\/p>\n<p>Y sigue: <em>\u201cLa persona se encuentra sindicada como autor del hecho de homicidio, donde result\u00f3 v\u00edctima Bruno Nicolas Bussanich, de 25 a\u00f1os\u201d<\/em>. Para continuar: <em>\u201cQuienes puedan brindar informaci\u00f3n deben comunicarse al 911, al +54-3414 02-1280 contacto de Fiscal\u00eda Rosario, v\u00eda mail a <a href=\"mailto:aspelta@mpa.santafe.gov.ar\">aspelta@mpa.santafe.gov.ar<\/a>, contactarse en las redes sociales de Fiscal\u00eda o presentarse en el centro de justicia penal de rosario, sita en calle Sarmiento 2850 de Rosario\u201d<\/em>.<\/p>\n<figure id=\"attachment_4107\" aria-describedby=\"caption-attachment-4107\" style=\"width: 720px\" class=\"wp-caption alignnone\"><a href=\"https:\/\/nuevodigitaldeescobar.com.ar\/?attachment_id=4107\" rel=\"attachment wp-att-4107\"><img decoding=\"async\" class=\"size-full wp-image-4107\" src=\"http:\/\/nuevodigitaldeescobar.com.ar\/wp-content\/uploads\/2024\/03\/El-comunicado-de-la-fiscalia-e1710162872764.jpg\" alt=\"\" width=\"720\" height=\"720\" \/><\/a><figcaption id=\"caption-attachment-4107\" class=\"wp-caption-text\">El comunicado de la fiscal\u00eda.<\/figcaption><\/figure>\n<p>Para finalizar, expresaron: <em>\u201cLa identidad de aquellas personas que aporten informaci\u00f3n ser\u00e1 preservada durante y despu\u00e9s de finalizada la investigaci\u00f3n\u201d<\/em>.<\/p>\n<p>Luego de que se conocieran los videos del crimen, la imagen con la cara del agresor comenz\u00f3 a circular este domingo por todas las redes sociales: usuarios de todo el pa\u00eds compartieron la foto repudiando el hecho y exigiendo justicia por Bruno.<\/p>\n<figure id=\"attachment_4108\" aria-describedby=\"caption-attachment-4108\" style=\"width: 720px\" class=\"wp-caption alignnone\"><a href=\"https:\/\/nuevodigitaldeescobar.com.ar\/?attachment_id=4108\" rel=\"attachment wp-att-4108\"><img loading=\"lazy\" decoding=\"async\" class=\"size-full wp-image-4108\" src=\"http:\/\/nuevodigitaldeescobar.com.ar\/wp-content\/uploads\/2024\/03\/Bruno-Bussanich-el-playero-asesinado-en-Rosario-e1710162906918.jpg\" alt=\"\" width=\"720\" height=\"405\" \/><\/a><figcaption id=\"caption-attachment-4108\" class=\"wp-caption-text\">Bruno Bussanich, el playero asesinado en Rosario.<\/figcaption><\/figure>\n<h3><span style=\"color: #003366;\"><strong>El caso<\/strong><\/span><\/h3>\n<p>Este s\u00e1bado por la noche, Bruno trabajaba en la estaci\u00f3n de servicio Puma en atenci\u00f3n al p\u00fablico y de turno en los surtidores. Pero al momento del ataque estaba en una cabina del establecimiento, frente a la computadora. Fue all\u00ed que un sicario lleg\u00f3 y lo asesin\u00f3 a sangre fr\u00eda.<\/p>\n<p>El atacante, que hab\u00eda bajado de un auto, que se presume apareci\u00f3 incendiado, cruz\u00f3 la calle y se acerc\u00f3 hasta donde estaba Bruno para dispararle y luego huir.<\/p>\n<p>Su novia public\u00f3 un desgarrador mensaje en las redes sociales para despedirlo:<\/p>\n<p><em>\u201cCuidanos desde donde quieras que est\u00e9s ahora mi amor. Ac\u00e1 te vamos a extra\u00f1ar mucho con Valu, pero vamos a recordarte siempre con mucho amor. Alg\u00fan d\u00eda nos volveremos a reencontrar, por ahora es un hasta luego mi vida. Te voy a amar el resto de mi vida, fuiste el hombre de mis sue\u00f1os\u201d<\/em>, escribi\u00f3 tras su muerte.<\/p>\n<h3><span style=\"color: #003366;\"><strong>La ola de cuatro cr\u00edmenes en una semana<\/strong><\/span><\/h3>\n<p>El de Bruno fue el cuarto asesinato en tan solo una semana en la ciudad. H\u00e9ctor Ra\u00fal Figueroa era un taxista de 43 a\u00f1os al que le dispararon nueve veces en la zona sur de la localidad. La v\u00edctima sufri\u00f3 una emboscada que lo llev\u00f3 al tr\u00e1gico final: un pasajero que subi\u00f3 a su auto y viajaba en el asiento de adelante, pidi\u00f3 ir al lugar. Al llegar, un delincuente se acerc\u00f3 a la ventanilla del taxista y dispar\u00f3 de inmediato.<\/p>\n<figure id=\"attachment_4109\" aria-describedby=\"caption-attachment-4109\" style=\"width: 768px\" class=\"wp-caption alignnone\"><a href=\"https:\/\/nuevodigitaldeescobar.com.ar\/?attachment_id=4109\" rel=\"attachment wp-att-4109\"><img loading=\"lazy\" decoding=\"async\" class=\"size-full wp-image-4109\" src=\"http:\/\/nuevodigitaldeescobar.com.ar\/wp-content\/uploads\/2024\/03\/Asi-fue-el-crimen-del-playero-de-Rosario-desde-la-cabina.jpg\" alt=\"\" width=\"768\" height=\"432\" srcset=\"https:\/\/nuevodigitaldeescobar.com.ar\/wp-content\/uploads\/2024\/03\/Asi-fue-el-crimen-del-playero-de-Rosario-desde-la-cabina.jpg 768w, https:\/\/nuevodigitaldeescobar.com.ar\/wp-content\/uploads\/2024\/03\/Asi-fue-el-crimen-del-playero-de-Rosario-desde-la-cabina-300x169.jpg 300w\" sizes=\"(max-width: 768px) 100vw, 768px\" \/><\/a><figcaption id=\"caption-attachment-4109\" class=\"wp-caption-text\">As\u00ed fue el crimen del playero de Rosario desde la cabina.<\/figcaption><\/figure>\n<p>La segunda v\u00edctima fue Diego Alejandro Celentano, tambi\u00e9n taxista, de 32 a\u00f1os. El hombre recibi\u00f3 cinco disparos el mi\u00e9rcoles cuando estaba en la intersecci\u00f3n de las calles Alvear y Garmendia, en un sector conocido como <em>\u201cLa Mandarina\u201d<\/em>.<\/p>\n<p>A estos dos se suma el caso de Marcos Daloia, de 39 a\u00f1os. Era chofer de colectivo de la l\u00ednea K y fue baleado en la cabeza por un sicario mientras trabajaba durante el jueves. Despu\u00e9s de estar tres d\u00edas en estado cr\u00edtico, falleci\u00f3 este domingo.<\/p>\n<figure id=\"attachment_4110\" aria-describedby=\"caption-attachment-4110\" style=\"width: 720px\" class=\"wp-caption alignnone\"><a href=\"https:\/\/nuevodigitaldeescobar.com.ar\/?attachment_id=4110\" rel=\"attachment wp-att-4110\"><img loading=\"lazy\" decoding=\"async\" class=\"size-full wp-image-4110\" src=\"http:\/\/nuevodigitaldeescobar.com.ar\/wp-content\/uploads\/2024\/03\/Marcos-Daloia-el-colectivero-de-la-linea-K-de-Rosario-que-fue-baleado-e1710162991248.jpg\" alt=\"\" width=\"720\" height=\"405\" \/><\/a><figcaption id=\"caption-attachment-4110\" class=\"wp-caption-text\">Marcos Daloia, el colectivero de la l\u00ednea K de Rosario que fue baleado.<\/figcaption><\/figure>\n<p>Vecinos de Rosario se manifestaron: <em>\u201cSab\u00e9s que esto no es por robar, es para implementar el miedo\u201d<\/em>, coment\u00f3 una mujer y subray\u00f3: <em>\u201cLa mafia existe\u201d<\/em>. En este sentido, asegur\u00f3 que, tanto ella como otras tantas personas, prefieren resguardarse en sus casas: <em>\u201cVos sal\u00eds y no sab\u00e9s si sos el pr\u00f3ximo\u201d<\/em>.<\/p>\n<p><em>(Infobae)<\/em><\/p>\n","protected":false},"excerpt":{"rendered":"<p>\u201cVamos con todas las fuerzas y toda la decisi\u00f3n\u201d, dijo la ministra de Seguridad esta ma\u00f1ana, antes de viajar a Santa Fe para reunirse con [&hellip;]<\/p>\n","protected":false},"author":1,"featured_media":4111,"comment_status":"open","ping_status":"closed","sticky":false,"template":"","format":"standard","meta":{"footnotes":""},"categories":[61,13],"tags":[],"class_list":["post-4104","post","type-post","status-publish","format-standard","has-post-thumbnail","hentry","category-nacionales","category-policiales"],"better_featured_image":{"id":4111,"alt_text":"","caption":"","description":"","media_type":"image","media_details":{"width":720,"height":403,"file":"2024\/03\/bullrich-e1710163160652.jpg","filesize":252629,"sizes":{"medium":{"file":"bullrich-e1710163151597-300x168.jpg","width":300,"height":168,"mime-type":"image\/jpeg","filesize":11922,"source_url":"https:\/\/nuevodigitaldeescobar.com.ar\/wp-content\/uploads\/2024\/03\/bullrich-e1710163151597-300x168.jpg"},"large":{"file":"bullrich-1024x576.jpg","width":1024,"height":576,"mime-type":"image\/jpeg","filesize":106852,"source_url":"https:\/\/nuevodigitaldeescobar.com.ar\/wp-content\/uploads\/2024\/03\/bullrich-1024x576.jpg"},"thumbnail":{"file":"bullrich-e1710163151597-150x150.jpg","width":150,"height":150,"mime-type":"image\/jpeg","filesize":6185,"source_url":"https:\/\/nuevodigitaldeescobar.com.ar\/wp-content\/uploads\/2024\/03\/bullrich-e1710163151597-150x150.jpg"},"medium_large":{"file":"bullrich-e1710163151597-768x430.jpg","width":768,"height":430,"mime-type":"image\/jpeg","filesize":47627,"source_url":"https:\/\/nuevodigitaldeescobar.com.ar\/wp-content\/uploads\/2024\/03\/bullrich-e1710163151597-768x430.jpg"}},"image_meta":{"aperture":"0","credit":"","camera":"","caption":"","created_timestamp":"0","copyright":"","focal_length":"0","iso":"0","shutter_speed":"0","title":"","orientation":"0","keywords":[]}},"post":4104,"source_url":"https:\/\/nuevodigitaldeescobar.com.ar\/wp-content\/uploads\/2024\/03\/bullrich-e1710163160652.jpg"},"yoast_head":"<!-- This site is optimized with the Yoast SEO plugin v26.1.1 - https:\/\/yoast.com\/wordpress\/plugins\/seo\/ -->\n<title>Antes de viajar a Rosario, Bullrich anticip\u00f3 que acusar\u00e1n a los narcos de terrorismo y explic\u00f3 qu\u00e9 rol tendr\u00e1n las FFAA - Nuevo Digital de Escobar<\/title>\n<meta name=\"robots\" content=\"index, follow, max-snippet:-1, max-image-preview:large, max-video-preview:-1\" \/>\n<link rel=\"canonical\" href=\"https:\/\/nuevodigitaldeescobar.com.ar\/?p=4104\" \/>\n<meta property=\"og:locale\" content=\"es_ES\" \/>\n<meta property=\"og:type\" content=\"article\" \/>\n<meta property=\"og:title\" content=\"Antes de viajar a Rosario, Bullrich anticip\u00f3 que acusar\u00e1n a los narcos de terrorismo y explic\u00f3 qu\u00e9 rol tendr\u00e1n las FFAA - Nuevo Digital de Escobar\" \/>\n<meta property=\"og:description\" content=\"\u201cVamos con todas las fuerzas y toda la decisi\u00f3n\u201d, dijo la ministra de Seguridad esta ma\u00f1ana, antes de viajar a Santa Fe para reunirse con [&hellip;]\" \/>\n<meta property=\"og:url\" content=\"https:\/\/nuevodigitaldeescobar.com.ar\/?p=4104\" \/>\n<meta property=\"og:site_name\" content=\"Nuevo Digital de Escobar\" \/>\n<meta property=\"article:publisher\" content=\"https:\/\/www.facebook.com\/NUEVODigitalDeEscobar\" \/>\n<meta property=\"article:published_time\" content=\"2024-03-11T13:19:31+00:00\" \/>\n<meta property=\"article:modified_time\" content=\"2024-03-11T13:19:43+00:00\" \/>\n<meta property=\"og:image\" content=\"https:\/\/nuevodigitaldeescobar.com.ar\/wp-content\/uploads\/2024\/03\/bullrich-e1710163160652.jpg\" \/>\n\t<meta property=\"og:image:width\" content=\"720\" \/>\n\t<meta property=\"og:image:height\" content=\"403\" \/>\n\t<meta property=\"og:image:type\" content=\"image\/jpeg\" \/>\n<meta name=\"author\" content=\"Redacci\u00f3n\" \/>\n<meta name=\"twitter:card\" content=\"summary_large_image\" \/>\n<meta name=\"twitter:creator\" content=\"@nuevodigescobar\" \/>\n<meta name=\"twitter:site\" content=\"@nuevodigescobar\" \/>\n<meta name=\"twitter:label1\" content=\"Escrito por\" \/>\n\t<meta name=\"twitter:data1\" content=\"Redacci\u00f3n\" \/>\n\t<meta name=\"twitter:label2\" content=\"Tiempo de lectura\" \/>\n\t<meta name=\"twitter:data2\" content=\"12 minutos\" \/>\n<script type=\"application\/ld+json\" class=\"yoast-schema-graph\">{\"@context\":\"https:\/\/schema.org\",\"@graph\":[{\"@type\":\"Article\",\"@id\":\"https:\/\/nuevodigitaldeescobar.com.ar\/?p=4104#article\",\"isPartOf\":{\"@id\":\"https:\/\/nuevodigitaldeescobar.com.ar\/?p=4104\"},\"author\":{\"name\":\"Redacci\u00f3n\",\"@id\":\"https:\/\/nuevodigitaldeescobar.com.ar\/#\/schema\/person\/035e90a8efe9a80e6eec22656ad6ea4c\"},\"headline\":\"Antes de viajar a Rosario, Bullrich anticip\u00f3 que acusar\u00e1n a los narcos de terrorismo y explic\u00f3 qu\u00e9 rol tendr\u00e1n las FFAA\",\"datePublished\":\"2024-03-11T13:19:31+00:00\",\"dateModified\":\"2024-03-11T13:19:43+00:00\",\"mainEntityOfPage\":{\"@id\":\"https:\/\/nuevodigitaldeescobar.com.ar\/?p=4104\"},\"wordCount\":2383,\"commentCount\":0,\"publisher\":{\"@id\":\"https:\/\/nuevodigitaldeescobar.com.ar\/#organization\"},\"image\":{\"@id\":\"https:\/\/nuevodigitaldeescobar.com.ar\/?p=4104#primaryimage\"},\"thumbnailUrl\":\"https:\/\/nuevodigitaldeescobar.com.ar\/wp-content\/uploads\/2024\/03\/bullrich-e1710163160652.jpg\",\"articleSection\":[\"Nacionales\",\"Policiales\"],\"inLanguage\":\"es\",\"potentialAction\":[{\"@type\":\"CommentAction\",\"name\":\"Comment\",\"target\":[\"https:\/\/nuevodigitaldeescobar.com.ar\/?p=4104#respond\"]}]},{\"@type\":\"WebPage\",\"@id\":\"https:\/\/nuevodigitaldeescobar.com.ar\/?p=4104\",\"url\":\"https:\/\/nuevodigitaldeescobar.com.ar\/?p=4104\",\"name\":\"Antes de viajar a Rosario, Bullrich anticip\u00f3 que acusar\u00e1n a los narcos de terrorismo y explic\u00f3 qu\u00e9 rol tendr\u00e1n las FFAA - Nuevo Digital de Escobar\",\"isPartOf\":{\"@id\":\"https:\/\/nuevodigitaldeescobar.com.ar\/#website\"},\"primaryImageOfPage\":{\"@id\":\"https:\/\/nuevodigitaldeescobar.com.ar\/?p=4104#primaryimage\"},\"image\":{\"@id\":\"https:\/\/nuevodigitaldeescobar.com.ar\/?p=4104#primaryimage\"},\"thumbnailUrl\":\"https:\/\/nuevodigitaldeescobar.com.ar\/wp-content\/uploads\/2024\/03\/bullrich-e1710163160652.jpg\",\"datePublished\":\"2024-03-11T13:19:31+00:00\",\"dateModified\":\"2024-03-11T13:19:43+00:00\",\"breadcrumb\":{\"@id\":\"https:\/\/nuevodigitaldeescobar.com.ar\/?p=4104#breadcrumb\"},\"inLanguage\":\"es\",\"potentialAction\":[{\"@type\":\"ReadAction\",\"target\":[\"https:\/\/nuevodigitaldeescobar.com.ar\/?p=4104\"]}]},{\"@type\":\"ImageObject\",\"inLanguage\":\"es\",\"@id\":\"https:\/\/nuevodigitaldeescobar.com.ar\/?p=4104#primaryimage\",\"url\":\"https:\/\/nuevodigitaldeescobar.com.ar\/wp-content\/uploads\/2024\/03\/bullrich-e1710163160652.jpg\",\"contentUrl\":\"https:\/\/nuevodigitaldeescobar.com.ar\/wp-content\/uploads\/2024\/03\/bullrich-e1710163160652.jpg\",\"width\":720,\"height\":403},{\"@type\":\"BreadcrumbList\",\"@id\":\"https:\/\/nuevodigitaldeescobar.com.ar\/?p=4104#breadcrumb\",\"itemListElement\":[{\"@type\":\"ListItem\",\"position\":1,\"name\":\"Portada\",\"item\":\"https:\/\/nuevodigitaldeescobar.com.ar\/\"},{\"@type\":\"ListItem\",\"position\":2,\"name\":\"Antes de viajar a Rosario, Bullrich anticip\u00f3 que acusar\u00e1n a los narcos de terrorismo y explic\u00f3 qu\u00e9 rol tendr\u00e1n las FFAA\"}]},{\"@type\":\"WebSite\",\"@id\":\"https:\/\/nuevodigitaldeescobar.com.ar\/#website\",\"url\":\"https:\/\/nuevodigitaldeescobar.com.ar\/\",\"name\":\"Nuevo Digital de Escobar\",\"description\":\"La vida escobarense. Directora: Rosana Brunner\",\"publisher\":{\"@id\":\"https:\/\/nuevodigitaldeescobar.com.ar\/#organization\"},\"potentialAction\":[{\"@type\":\"SearchAction\",\"target\":{\"@type\":\"EntryPoint\",\"urlTemplate\":\"https:\/\/nuevodigitaldeescobar.com.ar\/?s={search_term_string}\"},\"query-input\":{\"@type\":\"PropertyValueSpecification\",\"valueRequired\":true,\"valueName\":\"search_term_string\"}}],\"inLanguage\":\"es\"},{\"@type\":\"Organization\",\"@id\":\"https:\/\/nuevodigitaldeescobar.com.ar\/#organization\",\"name\":\"Nuevo Digital de Escobar\",\"url\":\"https:\/\/nuevodigitaldeescobar.com.ar\/\",\"logo\":{\"@type\":\"ImageObject\",\"inLanguage\":\"es\",\"@id\":\"https:\/\/nuevodigitaldeescobar.com.ar\/#\/schema\/logo\/image\/\",\"url\":\"https:\/\/nuevodigitaldeescobar.com.ar\/wp-content\/uploads\/2025\/05\/cropped-logo-nuevo2.jpg\",\"contentUrl\":\"https:\/\/nuevodigitaldeescobar.com.ar\/wp-content\/uploads\/2025\/05\/cropped-logo-nuevo2.jpg\",\"width\":305,\"height\":305,\"caption\":\"Nuevo Digital de Escobar\"},\"image\":{\"@id\":\"https:\/\/nuevodigitaldeescobar.com.ar\/#\/schema\/logo\/image\/\"},\"sameAs\":[\"https:\/\/www.facebook.com\/NUEVODigitalDeEscobar\",\"https:\/\/x.com\/nuevodigescobar\",\"https:\/\/www.instagram.com\/nuevodigitaldeescobar\"]},{\"@type\":\"Person\",\"@id\":\"https:\/\/nuevodigitaldeescobar.com.ar\/#\/schema\/person\/035e90a8efe9a80e6eec22656ad6ea4c\",\"name\":\"Redacci\u00f3n\",\"image\":{\"@type\":\"ImageObject\",\"inLanguage\":\"es\",\"@id\":\"https:\/\/nuevodigitaldeescobar.com.ar\/#\/schema\/person\/image\/\",\"url\":\"https:\/\/secure.gravatar.com\/avatar\/8af8f40000c24e9eef3034f2be5998a372bb1389e64b1a4a36b3a7979142220d?s=96&d=mm&r=g\",\"contentUrl\":\"https:\/\/secure.gravatar.com\/avatar\/8af8f40000c24e9eef3034f2be5998a372bb1389e64b1a4a36b3a7979142220d?s=96&d=mm&r=g\",\"caption\":\"Redacci\u00f3n\"},\"sameAs\":[\"http:\/\/nuevodigitaldeescobar.com.ar\"],\"url\":\"https:\/\/nuevodigitaldeescobar.com.ar\/?author=1\"}]}<\/script>\n<!-- \/ Yoast SEO plugin. -->","yoast_head_json":{"title":"Antes de viajar a Rosario, Bullrich anticip\u00f3 que acusar\u00e1n a los narcos de terrorismo y explic\u00f3 qu\u00e9 rol tendr\u00e1n las FFAA - Nuevo Digital de Escobar","robots":{"index":"index","follow":"follow","max-snippet":"max-snippet:-1","max-image-preview":"max-image-preview:large","max-video-preview":"max-video-preview:-1"},"canonical":"https:\/\/nuevodigitaldeescobar.com.ar\/?p=4104","og_locale":"es_ES","og_type":"article","og_title":"Antes de viajar a Rosario, Bullrich anticip\u00f3 que acusar\u00e1n a los narcos de terrorismo y explic\u00f3 qu\u00e9 rol tendr\u00e1n las FFAA - Nuevo Digital de Escobar","og_description":"\u201cVamos con todas las fuerzas y toda la decisi\u00f3n\u201d, dijo la ministra de Seguridad esta ma\u00f1ana, antes de viajar a Santa Fe para reunirse con [&hellip;]","og_url":"https:\/\/nuevodigitaldeescobar.com.ar\/?p=4104","og_site_name":"Nuevo Digital de Escobar","article_publisher":"https:\/\/www.facebook.com\/NUEVODigitalDeEscobar","article_published_time":"2024-03-11T13:19:31+00:00","article_modified_time":"2024-03-11T13:19:43+00:00","og_image":[{"width":720,"height":403,"url":"https:\/\/nuevodigitaldeescobar.com.ar\/wp-content\/uploads\/2024\/03\/bullrich-e1710163160652.jpg","type":"image\/jpeg"}],"author":"Redacci\u00f3n","twitter_card":"summary_large_image","twitter_creator":"@nuevodigescobar","twitter_site":"@nuevodigescobar","twitter_misc":{"Escrito por":"Redacci\u00f3n","Tiempo de lectura":"12 minutos"},"schema":{"@context":"https:\/\/schema.org","@graph":[{"@type":"Article","@id":"https:\/\/nuevodigitaldeescobar.com.ar\/?p=4104#article","isPartOf":{"@id":"https:\/\/nuevodigitaldeescobar.com.ar\/?p=4104"},"author":{"name":"Redacci\u00f3n","@id":"https:\/\/nuevodigitaldeescobar.com.ar\/#\/schema\/person\/035e90a8efe9a80e6eec22656ad6ea4c"},"headline":"Antes de viajar a Rosario, Bullrich anticip\u00f3 que acusar\u00e1n a los narcos de terrorismo y explic\u00f3 qu\u00e9 rol tendr\u00e1n las FFAA","datePublished":"2024-03-11T13:19:31+00:00","dateModified":"2024-03-11T13:19:43+00:00","mainEntityOfPage":{"@id":"https:\/\/nuevodigitaldeescobar.com.ar\/?p=4104"},"wordCount":2383,"commentCount":0,"publisher":{"@id":"https:\/\/nuevodigitaldeescobar.com.ar\/#organization"},"image":{"@id":"https:\/\/nuevodigitaldeescobar.com.ar\/?p=4104#primaryimage"},"thumbnailUrl":"https:\/\/nuevodigitaldeescobar.com.ar\/wp-content\/uploads\/2024\/03\/bullrich-e1710163160652.jpg","articleSection":["Nacionales","Policiales"],"inLanguage":"es","potentialAction":[{"@type":"CommentAction","name":"Comment","target":["https:\/\/nuevodigitaldeescobar.com.ar\/?p=4104#respond"]}]},{"@type":"WebPage","@id":"https:\/\/nuevodigitaldeescobar.com.ar\/?p=4104","url":"https:\/\/nuevodigitaldeescobar.com.ar\/?p=4104","name":"Antes de viajar a Rosario, Bullrich anticip\u00f3 que acusar\u00e1n a los narcos de terrorismo y explic\u00f3 qu\u00e9 rol tendr\u00e1n las FFAA - Nuevo Digital de Escobar","isPartOf":{"@id":"https:\/\/nuevodigitaldeescobar.com.ar\/#website"},"primaryImageOfPage":{"@id":"https:\/\/nuevodigitaldeescobar.com.ar\/?p=4104#primaryimage"},"image":{"@id":"https:\/\/nuevodigitaldeescobar.com.ar\/?p=4104#primaryimage"},"thumbnailUrl":"https:\/\/nuevodigitaldeescobar.com.ar\/wp-content\/uploads\/2024\/03\/bullrich-e1710163160652.jpg","datePublished":"2024-03-11T13:19:31+00:00","dateModified":"2024-03-11T13:19:43+00:00","breadcrumb":{"@id":"https:\/\/nuevodigitaldeescobar.com.ar\/?p=4104#breadcrumb"},"inLanguage":"es","potentialAction":[{"@type":"ReadAction","target":["https:\/\/nuevodigitaldeescobar.com.ar\/?p=4104"]}]},{"@type":"ImageObject","inLanguage":"es","@id":"https:\/\/nuevodigitaldeescobar.com.ar\/?p=4104#primaryimage","url":"https:\/\/nuevodigitaldeescobar.com.ar\/wp-content\/uploads\/2024\/03\/bullrich-e1710163160652.jpg","contentUrl":"https:\/\/nuevodigitaldeescobar.com.ar\/wp-content\/uploads\/2024\/03\/bullrich-e1710163160652.jpg","width":720,"height":403},{"@type":"BreadcrumbList","@id":"https:\/\/nuevodigitaldeescobar.com.ar\/?p=4104#breadcrumb","itemListElement":[{"@type":"ListItem","position":1,"name":"Portada","item":"https:\/\/nuevodigitaldeescobar.com.ar\/"},{"@type":"ListItem","position":2,"name":"Antes de viajar a Rosario, Bullrich anticip\u00f3 que acusar\u00e1n a los narcos de terrorismo y explic\u00f3 qu\u00e9 rol tendr\u00e1n las FFAA"}]},{"@type":"WebSite","@id":"https:\/\/nuevodigitaldeescobar.com.ar\/#website","url":"https:\/\/nuevodigitaldeescobar.com.ar\/","name":"Nuevo Digital de Escobar","description":"La vida escobarense. Directora: Rosana Brunner","publisher":{"@id":"https:\/\/nuevodigitaldeescobar.com.ar\/#organization"},"potentialAction":[{"@type":"SearchAction","target":{"@type":"EntryPoint","urlTemplate":"https:\/\/nuevodigitaldeescobar.com.ar\/?s={search_term_string}"},"query-input":{"@type":"PropertyValueSpecification","valueRequired":true,"valueName":"search_term_string"}}],"inLanguage":"es"},{"@type":"Organization","@id":"https:\/\/nuevodigitaldeescobar.com.ar\/#organization","name":"Nuevo Digital de Escobar","url":"https:\/\/nuevodigitaldeescobar.com.ar\/","logo":{"@type":"ImageObject","inLanguage":"es","@id":"https:\/\/nuevodigitaldeescobar.com.ar\/#\/schema\/logo\/image\/","url":"https:\/\/nuevodigitaldeescobar.com.ar\/wp-content\/uploads\/2025\/05\/cropped-logo-nuevo2.jpg","contentUrl":"https:\/\/nuevodigitaldeescobar.com.ar\/wp-content\/uploads\/2025\/05\/cropped-logo-nuevo2.jpg","width":305,"height":305,"caption":"Nuevo Digital de Escobar"},"image":{"@id":"https:\/\/nuevodigitaldeescobar.com.ar\/#\/schema\/logo\/image\/"},"sameAs":["https:\/\/www.facebook.com\/NUEVODigitalDeEscobar","https:\/\/x.com\/nuevodigescobar","https:\/\/www.instagram.com\/nuevodigitaldeescobar"]},{"@type":"Person","@id":"https:\/\/nuevodigitaldeescobar.com.ar\/#\/schema\/person\/035e90a8efe9a80e6eec22656ad6ea4c","name":"Redacci\u00f3n","image":{"@type":"ImageObject","inLanguage":"es","@id":"https:\/\/nuevodigitaldeescobar.com.ar\/#\/schema\/person\/image\/","url":"https:\/\/secure.gravatar.com\/avatar\/8af8f40000c24e9eef3034f2be5998a372bb1389e64b1a4a36b3a7979142220d?s=96&d=mm&r=g","contentUrl":"https:\/\/secure.gravatar.com\/avatar\/8af8f40000c24e9eef3034f2be5998a372bb1389e64b1a4a36b3a7979142220d?s=96&d=mm&r=g","caption":"Redacci\u00f3n"},"sameAs":["http:\/\/nuevodigitaldeescobar.com.ar"],"url":"https:\/\/nuevodigitaldeescobar.com.ar\/?author=1"}]}},"featured_image_urls":{"full":["https:\/\/nuevodigitaldeescobar.com.ar\/wp-content\/uploads\/2024\/03\/bullrich-e1710163160652.jpg",720,403,false],"thumbnail":["https:\/\/nuevodigitaldeescobar.com.ar\/wp-content\/uploads\/2024\/03\/bullrich-e1710163151597-150x150.jpg",150,150,true],"medium":["https:\/\/nuevodigitaldeescobar.com.ar\/wp-content\/uploads\/2024\/03\/bullrich-e1710163151597-300x168.jpg",300,168,true],"medium_large":["https:\/\/nuevodigitaldeescobar.com.ar\/wp-content\/uploads\/2024\/03\/bullrich-e1710163151597-768x430.jpg",640,358,true],"large":["https:\/\/nuevodigitaldeescobar.com.ar\/wp-content\/uploads\/2024\/03\/bullrich-1024x576.jpg",640,360,true],"1536x1536":["https:\/\/nuevodigitaldeescobar.com.ar\/wp-content\/uploads\/2024\/03\/bullrich-e1710163160652.jpg",720,403,false],"2048x2048":["https:\/\/nuevodigitaldeescobar.com.ar\/wp-content\/uploads\/2024\/03\/bullrich-e1710163160652.jpg",720,403,false]},"author_info":{"display_name":"Redacci\u00f3n","author_link":"https:\/\/nuevodigitaldeescobar.com.ar\/?author=1"},"category_info":"<a href=\"https:\/\/nuevodigitaldeescobar.com.ar\/?cat=61\" rel=\"category\">Nacionales<\/a> <a href=\"https:\/\/nuevodigitaldeescobar.com.ar\/?cat=13\" rel=\"category\">Policiales<\/a>","tag_info":"Policiales","comment_count":"0","_links":{"self":[{"href":"https:\/\/nuevodigitaldeescobar.com.ar\/index.php?rest_route=\/wp\/v2\/posts\/4104","targetHints":{"allow":["GET"]}}],"collection":[{"href":"https:\/\/nuevodigitaldeescobar.com.ar\/index.php?rest_route=\/wp\/v2\/posts"}],"about":[{"href":"https:\/\/nuevodigitaldeescobar.com.ar\/index.php?rest_route=\/wp\/v2\/types\/post"}],"author":[{"embeddable":true,"href":"https:\/\/nuevodigitaldeescobar.com.ar\/index.php?rest_route=\/wp\/v2\/users\/1"}],"replies":[{"embeddable":true,"href":"https:\/\/nuevodigitaldeescobar.com.ar\/index.php?rest_route=%2Fwp%2Fv2%2Fcomments&post=4104"}],"version-history":[{"count":1,"href":"https:\/\/nuevodigitaldeescobar.com.ar\/index.php?rest_route=\/wp\/v2\/posts\/4104\/revisions"}],"predecessor-version":[{"id":4112,"href":"https:\/\/nuevodigitaldeescobar.com.ar\/index.php?rest_route=\/wp\/v2\/posts\/4104\/revisions\/4112"}],"wp:featuredmedia":[{"embeddable":true,"href":"https:\/\/nuevodigitaldeescobar.com.ar\/index.php?rest_route=\/wp\/v2\/media\/4111"}],"wp:attachment":[{"href":"https:\/\/nuevodigitaldeescobar.com.ar\/index.php?rest_route=%2Fwp%2Fv2%2Fmedia&parent=4104"}],"wp:term":[{"taxonomy":"category","embeddable":true,"href":"https:\/\/nuevodigitaldeescobar.com.ar\/index.php?rest_route=%2Fwp%2Fv2%2Fcategories&post=4104"},{"taxonomy":"post_tag","embeddable":true,"href":"https:\/\/nuevodigitaldeescobar.com.ar\/index.php?rest_route=%2Fwp%2Fv2%2Ftags&post=4104"}],"curies":[{"name":"wp","href":"https:\/\/api.w.org\/{rel}","templated":true}]}}