{"id":4129,"date":"2024-03-11T11:15:00","date_gmt":"2024-03-11T14:15:00","guid":{"rendered":"https:\/\/nuevodigitaldeescobar.com.ar\/?p=4129"},"modified":"2024-03-11T19:11:28","modified_gmt":"2024-03-11T22:11:28","slug":"rosario-en-conferencia-de-prensa-bullrich-dio-detalles-sobre-el-plan-para-detener-el-narcotrafico","status":"publish","type":"post","link":"https:\/\/nuevodigitaldeescobar.com.ar\/?p=4129","title":{"rendered":"Rosario: en conferencia de prensa, Bullrich dio detalles sobre el plan para detener el narcotr\u00e1fico"},"content":{"rendered":"<p><span style=\"color: #003366;\"><strong><em>La ministra de Seguridad declar\u00f3 que se reunir\u00eda con los familiares de las v\u00edctimas y asegur\u00f3 que junto con el gobernador Pullaro van a recorrer \u00ablas zonas m\u00e1s picantes y m\u00e1s dif\u00edciles de Rosario y vamos a tener una acci\u00f3n muy concreta, m\u00e1s profunda, porque nosotros ten\u00edamos realmente una baja de homicidios muy importante y hemos tenido este recrudecimiento de la violencia a partir de haberles cerrado los grifos del negocio\u201d.<\/em><\/strong><\/span><\/p>\n<p><!--more--><\/p>\n<hr \/>\n<p>Rosario, una ciudad que alguna vez fue conocida por su encanto provincial y sus calles bulliciosas, ahora se encuentra sumida en una espiral de violencia sin precedentes. La situaci\u00f3n lleg\u00f3 a tal punto que tanto el Gobierno Nacional como el Provincial tuvieron que tomar medidas dr\u00e1sticas para hacer frente a la crisis.<\/p>\n<p>Este lunes, en una conferencia de prensa, la ministra de Seguridad, Patricia Bullrich, junto al ministro de Defensa, Luis Petri, anunciaron medidas concretas para enfrentar la escalada de violencia desatada por el narcotr\u00e1fico en Rosario. Esta acci\u00f3n se da en el contexto de los recientes cr\u00edmenes, incluido el asesinato del playero de una estaci\u00f3n de servicios, que mantiene en vilo a los habitantes de la ciudad santafesina y conmocion\u00f3 al pa\u00eds.<\/p>\n<p>Bullrich y Petri llegaron a Rosario tras el anuncio del gobierno sobre la creaci\u00f3n de un comit\u00e9 de crisis integrado por las fuerzas de seguridad federales y con la colaboraci\u00f3n de las fuerzas armadas. En la conferencia, los funcionarios nacionales destacaron la necesidad de una respuesta efectiva y coordinada para hacer frente a la amenaza del narcotr\u00e1fico, que desaf\u00eda a todas las esferas del Estado y pone en riesgo la vida de los ciudadanos.<\/p>\n<p>El intendente de Rosario, Pablo Javkin, quien tambi\u00e9n particip\u00f3 en la conferencia, subray\u00f3 la importancia del trabajo conjunto de las diferentes instancias gubernamentales y sostuvo: <em>\u201cla crisis con el narcotr\u00e1fico desaf\u00eda a todos los poderes del Estado y la vida de los ciudadanos y eso requiere lo que tenemos hoy, una respuesta efectiva, con todo el peso y la fuerza del Estado en todas las facetas\u201d<\/em>.<\/p>\n<p>Por su parte, el ministro Petri se\u00f1al\u00f3 que la lucha contra el crimen organizado requiere de un Estado organizado y de la articulaci\u00f3n de pol\u00edticas entre los tres poderes para prevenir la comisi\u00f3n de delitos: <em>\u201cEs absolutamente imprescindible el trabajo articulado entre Naci\u00f3n, provincia y los municipios. Con la ministra de Seguridad entendemos que tenemos que colaborar con Rosario y con la provincia ante esta embestida del narcotr\u00e1fico. Las Fuerzas Armadas, en consonancia con la ley de seguridad interior, va a apoyar las operaciones con todos los efectos humanos y de infraestructura que las fuerzas armadas pueden proponer\u201d<\/em>, se\u00f1al\u00f3.<\/p>\n<p>En ese marco, anunci\u00f3 que en las pr\u00f3ximas 24 horas llegar\u00e1n a la ciudad integrantes de las fuerzas armadas para colaborar en diversas \u00e1reas, incluyendo el transporte t\u00e1ctico terrestre, a\u00e9reo y fluvial. Afirm\u00f3 que est\u00e1n convencidos de que se lograr\u00e1 derrotar al narcotr\u00e1fico mediante una acci\u00f3n decidida y coordinada.<\/p>\n<p>A su turno, la ministra Bullrich, destac\u00f3 los avances que se dieron en enero y febrero: <em>\u201cEn esos meses se baj\u00f3 el delito de manera contundente en Rosario. Se realizaron como nunca operativos con detenidos, incautaci\u00f3n de armas y drogas, y se trajo una lancha inteligente con capacidad de detectar cada uno de los botes que pueden intentar entrar a la costa\u201d<\/em>.<\/p>\n<p>Ante estos avances, la ministra acept\u00f3 que los tiempos son nuevamente complejos porque est\u00e1n atacando a <em>\u201cgente que estaba haciendo su trabajo\u201d<\/em> y asegur\u00f3 que est\u00e1n trabajando mancomunadamente <em>\u201cen un nuevo dise\u00f1o m\u00e1s a fondo que va a llevar al acorralamiento y encerramiento de todos y cada uno de los miembros de estas bandas. Vamos a pedirle a la Justicia la utilizaci\u00f3n de la ley antiterrorista, y estamos enviando al Congreso la ley anti mafia\u201d<\/em>, indic\u00f3.<\/p>\n<p><em>\u201cVamos a incrementar las operaciones de saturaci\u00f3n con espacial \u00e9nfasis en los horarios cr\u00edticos: de las 17 horas a las 7 de la ma\u00f1ana del d\u00eda siguiente. Vamos a trabajar fuerte sobre el lavado de dinero, el m\u00e1s oculto de los delitos, que muchas veces no est\u00e1 en los barrios humildes, sino en los de alta capacidad econ\u00f3mica de la ciudad\u201d<\/em>, coment\u00f3 Bullrich y adelant\u00f3 que le pedir\u00e1n a la Justicia <em>\u201cmedidas excepcionales\u201d<\/em> con el objetivo de avanzar sobre los delincuentes y desterrar el narcotr\u00e1fico de la provincia.<\/p>\n<h3><span style=\"color: #003366;\"><strong>Bullrich: \u201cLos narcotraficantes ser\u00e1n acusados como terroristas\u201d<\/strong><\/span><\/h3>\n<p>M\u00e1s temprano en la ma\u00f1ana de este lunes, la ministra de Seguridad nacional, Patricia Bullrich anticip\u00f3 -antes de su viaje a Rosario-que acusar\u00e1n a los narcotraficantes de cometer actos terroristas, y se\u00f1al\u00f3 que las fuerzas federales se movilizar\u00e1n a la ciudad para enfrentar esta situaci\u00f3n.<\/p>\n<p><em>\u201cVamos con toda la fuerza, con toda la decisi\u00f3n, con los medios que tenemos, aunque no son muchos, porque hemos recibido medios muy deteriorados, no tenemos autos, no tenemos helic\u00f3pteros\u201d<\/em>, aclar\u00f3 Bullrich.<\/p>\n<p>En este sentido, la funcionaria precis\u00f3 que reunir\u00eda con los familiares de las v\u00edctimas y asegur\u00f3 que, junto con el gobernador, van a recorrer <em>\u201clas zonas m\u00e1s picantes y m\u00e1s dif\u00edciles de Rosario y vamos a tener una acci\u00f3n muy concreta, m\u00e1s profunda, porque nosotros ten\u00edamos realmente una baja de homicidios muy importante y hemos tenido este recrudecimiento de la violencia a partir de haberles cerrado los grifos del negocio\u201d<\/em>, detall\u00f3.<\/p>\n<p><em>\u201cTenemos que estar a la altura de la complejidad que nos han planteado, Rosario es una ciudad grande y es dif\u00edcil tener control sobre todos y cada uno de los ciudadanos que se mueven y no sab\u00e9s c\u00f3mo puede aparecer el atentado\u201d<\/em>, sostuvo Bullrich en la puerta de su domicilio, previo a emprender su viaje.<\/p>\n<p>Adem\u00e1s, tanto Bullrich como el ministro de Defensa, Luis Petri, se comprometieron a trabajar en estrecha colaboraci\u00f3n con el gobierno provincial para combatir el narcotr\u00e1fico y garantizar la seguridad de los ciudadanos de Rosario. Se espera que en las pr\u00f3ximas horas se brinde otra conferencia de prensa donde se brinden detalles de las nuevas medidas para enfrentar esta crisis y restablecer la paz en la ciudad.<\/p>\n<h3><span style=\"color: #003366;\"><strong>Cronolog\u00eda del caos<\/strong><\/span><\/h3>\n<p>La inusual y pol\u00e9mica requisa sorpresa llevada a cabo hace m\u00e1s de una semana en la Unidad Penitenciaria N\u00ba 11 de Pi\u00f1ero, conocida como una de las principales c\u00e1rceles que albergan a los narcotraficantes de Rosario, desat\u00f3 una serie de represalias por parte de los grupos delictivos que operan en la ciudad. Esta acci\u00f3n, inspirada en el m\u00e9todo utilizado por el presidente de El Salvador, Nayib Bukele, para combatir a las pandillas en su pa\u00eds, gener\u00f3 una escalada de violencia que dej\u00f3 a Rosario en estado de alerta m\u00e1xima.<\/p>\n<p>Las im\u00e1genes publicadas por el gobierno de Pullaro, que muestran a grupos de presos sin remeras y fuertemente custodiados, reflejan la firme determinaci\u00f3n de las autoridades provinciales para enfrentar el crimen organizado. <em>\u201cTenemos un plan de Seguridad, sabemos c\u00f3mo llevarlo adelante y estamos trabajando para eso. Desde las c\u00e1rceles salen las \u00f3rdenes para hacerle la vida imposible a los santafesinos\u201d<\/em>, se\u00f1ala el texto oficial, dejando en claro la postura del gobierno provincial frente a la creciente amenaza del narcotr\u00e1fico.<\/p>\n<p>Sin embargo, esta acci\u00f3n no fue recibida con pasividad por parte de los grupos delictivos. Horas despu\u00e9s de la requisa en Pi\u00f1ero, se registr\u00f3 un ataque a tiros en la zona de Circunvalaci\u00f3n a un micro que trasladaba a penitenciarios, dejando como resultado un herido de bala. D\u00edas despu\u00e9s los homicidios y la violencia alcanzaron niveles alarmantes. El crimen del joven playero Bruno Bussanich de 25 a\u00f1os, asesinado a sangre fr\u00eda el pasado s\u00e1bado, fue el \u00faltimo episodio de una ola de violencia que tom\u00f3 dimensi\u00f3n nacional con los asesinatos de dos taxistas, y un chofer de colectivos en 48 horas.<\/p>\n<p>Ante este panorama, el gobernador de Santa Fe, Maximiliano Pullaro, solicit\u00f3 la formaci\u00f3n de un Comit\u00e9 de Crisis para abordar la escalada de violencia. El espacio estar\u00eda presidido por la Ministra de Seguridad, Patricia Bullrich, y copresidido por el propio gobernador, e integrado por altos mandos de distintas fuerzas de seguridad federales y provinciales.<\/p>\n<p>Adem\u00e1s, y en medio de esta crisis, las autoridades provinciales intensificaron sus esfuerzos para llevar a los responsables ante la justicia. el ministro de Seguridad de Santa Fe, Pablo Cococcioni, anunci\u00f3 este lunes el arresto de tres personas en relaci\u00f3n con el caso de Bussanich, aunque hasta el momento no hay detenidos imputados por el homicidio.<\/p>\n<p>Seg\u00fan se pudo conocer, entre los detenidos se encuentra Tob\u00edas Barrios, un delincuente vinculado a la banda de Mat\u00edas C\u00e9sar, conocido como uno de los l\u00edderes de <em>\u201cLos Monos\u201d<\/em>. Sin embargo, a\u00fan no se pudo precisar si Barrios fue quien le dispar\u00f3 a Bruno, en la estaci\u00f3n de servicio, en la madrugada del s\u00e1bado.<\/p>\n<h2><span style=\"color: #003366;\"><strong>Amenazaron de muerte a Nelson Castro<\/strong><\/span><\/h2>\n<p>Tambi\u00e9n amenazaron al equipo de TN. <em>\u201cLos vamos a sacar a tiros, el que avisa no traiciona (&#8230;) Van a terminar como (Jos\u00e9 Luis) Cabezas\u201d<\/em>.<\/p>\n<p><a href=\"https:\/\/nuevodigitaldeescobar.com.ar\/?attachment_id=4130\" rel=\"attachment wp-att-4130\"><img fetchpriority=\"high\" decoding=\"async\" class=\"alignnone size-full wp-image-4130\" src=\"http:\/\/nuevodigitaldeescobar.com.ar\/wp-content\/uploads\/2024\/03\/amenaza-nelson-castro-e1710194957303.jpg\" alt=\"\" width=\"720\" height=\"540\" \/><\/a><\/p>\n<p>En medio de la cobertura sobre la violencia narco en Rosario, el conductor Nelson Castro y el equipo de TN fueron amenazados de muerte mediante tres mensajes intimidatorios que le llegaron al periodista Sebasti\u00e1n Domenech. <em>\u201cVan a terminar como (Jos\u00e9 Luis) Cabezas\u201d<\/em>, le advirtieron en uno de los WhatsApp de un n\u00famero desconocido, en alusi\u00f3n al periodista de Revista Noticias asesinado por <em>\u201cla banca de los horneros\u201d<\/em>, en un episodio que involucraba al por entonces enigm\u00e1tico empresario, Alfredo Yabr\u00e1n.<\/p>\n<p><em>\u201cDecile que si llega a Segu\u00ed y Oro\u00f1o lo sacamos a tiros\u201d<\/em>, comenzaba la amenaza junto a una foto de la transmisi\u00f3n de TN en vivo donde se lo ve al conductor de Telenoche parado en una esquina de la ciudad. <em>\u201cEl que avisa no traiciona. Que se vaya de Rosario, no los queremos ac\u00e1\u201d<\/em>, puntualiz\u00f3 el mensaje firmado por <em>\u201cla mafia\u201d<\/em>.<\/p>\n<p><em>\u201cQue no se acerque a Francia y Segu\u00ed y a Oro\u00f1o y Segu\u00ed. Fuera de Rosario\u201d<\/em>, continuaban las intimidaciones.<\/p>\n<p>Seg\u00fan inform\u00f3 la periodista de TN Lorena Maciel, se est\u00e1 constituyendo una unidad fiscal para investigar las amenazas que recibieron Castro y el equipo que cubre la violencia narco en Rosario.<\/p>\n<p>Luego de las amenazas, Castro se refiri\u00f3 a las mismas y cont\u00f3: <em>\u201cNos enteramos viniendo hacia ac\u00e1, a trav\u00e9s de lo que est\u00e1 contando Sebasti\u00e1n. Hicimos esta parada y obviamente estamos impactados, por supuesto, porque claramente es una demostraci\u00f3n de lo que est\u00e1 pasando aqu\u00ed\u201d<\/em> y agreg\u00f3: <em>\u201cEstamos experimentando de la misma manera que experimentan, viven, padecen, sufren los habitantes de Rosario\u201d<\/em>.<\/p>\n<p>El periodista est\u00e1 desde muy temprano en la ciudad santafesina donde realiza una cobertura para mostrar la grave situaci\u00f3n que se vive all\u00ed. De hecho, estuvo recorriendo la estaci\u00f3n de servicio donde trabajaba Bruno Bussenich, quien fuera asesinado la noche del s\u00e1bado.<\/p>\n<p>Tambi\u00e9n recorri\u00f3 varias estaciones de servicio, de las cuales varias permanecen cerradas mientras que otras brindan servicios parciales. Tampoco hay taxis, ni colectivos, ni clases en las escuelas.<\/p>\n<p>Castro cont\u00f3 que los vecinos tienen miedo de salir a trabajar, y se cruz\u00f3 con un compa\u00f1ero del playero asesinado. El joven cont\u00f3 que no pudo ver el video donde se muestra la muerte de Bussenich. <em>\u201cSeguimos como se puede, la ciudad est\u00e1 as\u00ed, no sorprende que haya pasado. Ojal\u00e1 cese todo\u201d<\/em>, declar\u00f3, conmocionado.<\/p>\n<p><em>(BorderPeriodismo)<\/em><\/p>\n","protected":false},"excerpt":{"rendered":"<p>La ministra de Seguridad declar\u00f3 que se reunir\u00eda con los familiares de las v\u00edctimas y asegur\u00f3 que junto con el gobernador Pullaro van a recorrer [&hellip;]<\/p>\n","protected":false},"author":1,"featured_media":4131,"comment_status":"open","ping_status":"closed","sticky":false,"template":"","format":"standard","meta":{"footnotes":""},"categories":[61,13],"tags":[],"class_list":["post-4129","post","type-post","status-publish","format-standard","has-post-thumbnail","hentry","category-nacionales","category-policiales"],"better_featured_image":{"id":4131,"alt_text":"","caption":"","description":"","media_type":"image","media_details":{"width":720,"height":427,"file":"2024\/03\/bullrich-petri-pullaro-rosario-e1710195054777.jpg","filesize":60578,"sizes":{"medium":{"file":"bullrich-petri-pullaro-rosario-e1710195054777-300x178.jpg","width":300,"height":178,"mime-type":"image\/jpeg","filesize":9334,"source_url":"https:\/\/nuevodigitaldeescobar.com.ar\/wp-content\/uploads\/2024\/03\/bullrich-petri-pullaro-rosario-e1710195054777-300x178.jpg"},"thumbnail":{"file":"bullrich-petri-pullaro-rosario-e1710195054777-150x150.jpg","width":150,"height":150,"mime-type":"image\/jpeg","filesize":4365,"source_url":"https:\/\/nuevodigitaldeescobar.com.ar\/wp-content\/uploads\/2024\/03\/bullrich-petri-pullaro-rosario-e1710195054777-150x150.jpg"},"medium_large":{"file":"bullrich-petri-pullaro-rosario-768x576.jpg","width":768,"height":576,"mime-type":"image\/jpeg","filesize":39414,"source_url":"https:\/\/nuevodigitaldeescobar.com.ar\/wp-content\/uploads\/2024\/03\/bullrich-petri-pullaro-rosario-768x576.jpg"}},"image_meta":{"aperture":"0","credit":"","camera":"","caption":"","created_timestamp":"0","copyright":"","focal_length":"0","iso":"0","shutter_speed":"0","title":"","orientation":"0","keywords":[]}},"post":4129,"source_url":"https:\/\/nuevodigitaldeescobar.com.ar\/wp-content\/uploads\/2024\/03\/bullrich-petri-pullaro-rosario-e1710195054777.jpg"},"yoast_head":"<!-- This site is optimized with the Yoast SEO plugin v26.1.1 - https:\/\/yoast.com\/wordpress\/plugins\/seo\/ -->\n<title>Rosario: en conferencia de prensa, Bullrich dio detalles sobre el plan para detener el narcotr\u00e1fico - Nuevo Digital de Escobar<\/title>\n<meta name=\"robots\" content=\"index, follow, max-snippet:-1, max-image-preview:large, max-video-preview:-1\" \/>\n<link rel=\"canonical\" href=\"https:\/\/nuevodigitaldeescobar.com.ar\/?p=4129\" \/>\n<meta property=\"og:locale\" content=\"es_ES\" \/>\n<meta property=\"og:type\" content=\"article\" \/>\n<meta property=\"og:title\" content=\"Rosario: en conferencia de prensa, Bullrich dio detalles sobre el plan para detener el narcotr\u00e1fico - Nuevo Digital de Escobar\" \/>\n<meta property=\"og:description\" content=\"La ministra de Seguridad declar\u00f3 que se reunir\u00eda con los familiares de las v\u00edctimas y asegur\u00f3 que junto con el gobernador Pullaro van a recorrer [&hellip;]\" \/>\n<meta property=\"og:url\" content=\"https:\/\/nuevodigitaldeescobar.com.ar\/?p=4129\" \/>\n<meta property=\"og:site_name\" content=\"Nuevo Digital de Escobar\" \/>\n<meta property=\"article:publisher\" content=\"https:\/\/www.facebook.com\/NUEVODigitalDeEscobar\" \/>\n<meta property=\"article:published_time\" content=\"2024-03-11T14:15:00+00:00\" \/>\n<meta property=\"article:modified_time\" content=\"2024-03-11T22:11:28+00:00\" \/>\n<meta property=\"og:image\" content=\"https:\/\/nuevodigitaldeescobar.com.ar\/wp-content\/uploads\/2024\/03\/bullrich-petri-pullaro-rosario-e1710195054777.jpg\" \/>\n\t<meta property=\"og:image:width\" content=\"720\" \/>\n\t<meta property=\"og:image:height\" content=\"427\" \/>\n\t<meta property=\"og:image:type\" content=\"image\/jpeg\" \/>\n<meta name=\"author\" content=\"Redacci\u00f3n\" \/>\n<meta name=\"twitter:card\" content=\"summary_large_image\" \/>\n<meta name=\"twitter:creator\" content=\"@nuevodigescobar\" \/>\n<meta name=\"twitter:site\" content=\"@nuevodigescobar\" \/>\n<meta name=\"twitter:label1\" content=\"Escrito por\" \/>\n\t<meta name=\"twitter:data1\" content=\"Redacci\u00f3n\" \/>\n\t<meta name=\"twitter:label2\" content=\"Tiempo de lectura\" \/>\n\t<meta name=\"twitter:data2\" content=\"10 minutos\" \/>\n<script type=\"application\/ld+json\" class=\"yoast-schema-graph\">{\"@context\":\"https:\/\/schema.org\",\"@graph\":[{\"@type\":\"Article\",\"@id\":\"https:\/\/nuevodigitaldeescobar.com.ar\/?p=4129#article\",\"isPartOf\":{\"@id\":\"https:\/\/nuevodigitaldeescobar.com.ar\/?p=4129\"},\"author\":{\"name\":\"Redacci\u00f3n\",\"@id\":\"https:\/\/nuevodigitaldeescobar.com.ar\/#\/schema\/person\/035e90a8efe9a80e6eec22656ad6ea4c\"},\"headline\":\"Rosario: en conferencia de prensa, Bullrich dio detalles sobre el plan para detener el narcotr\u00e1fico\",\"datePublished\":\"2024-03-11T14:15:00+00:00\",\"dateModified\":\"2024-03-11T22:11:28+00:00\",\"mainEntityOfPage\":{\"@id\":\"https:\/\/nuevodigitaldeescobar.com.ar\/?p=4129\"},\"wordCount\":1967,\"commentCount\":0,\"publisher\":{\"@id\":\"https:\/\/nuevodigitaldeescobar.com.ar\/#organization\"},\"image\":{\"@id\":\"https:\/\/nuevodigitaldeescobar.com.ar\/?p=4129#primaryimage\"},\"thumbnailUrl\":\"https:\/\/nuevodigitaldeescobar.com.ar\/wp-content\/uploads\/2024\/03\/bullrich-petri-pullaro-rosario-e1710195054777.jpg\",\"articleSection\":[\"Nacionales\",\"Policiales\"],\"inLanguage\":\"es\",\"potentialAction\":[{\"@type\":\"CommentAction\",\"name\":\"Comment\",\"target\":[\"https:\/\/nuevodigitaldeescobar.com.ar\/?p=4129#respond\"]}]},{\"@type\":\"WebPage\",\"@id\":\"https:\/\/nuevodigitaldeescobar.com.ar\/?p=4129\",\"url\":\"https:\/\/nuevodigitaldeescobar.com.ar\/?p=4129\",\"name\":\"Rosario: en conferencia de prensa, Bullrich dio detalles sobre el plan para detener el narcotr\u00e1fico - Nuevo Digital de Escobar\",\"isPartOf\":{\"@id\":\"https:\/\/nuevodigitaldeescobar.com.ar\/#website\"},\"primaryImageOfPage\":{\"@id\":\"https:\/\/nuevodigitaldeescobar.com.ar\/?p=4129#primaryimage\"},\"image\":{\"@id\":\"https:\/\/nuevodigitaldeescobar.com.ar\/?p=4129#primaryimage\"},\"thumbnailUrl\":\"https:\/\/nuevodigitaldeescobar.com.ar\/wp-content\/uploads\/2024\/03\/bullrich-petri-pullaro-rosario-e1710195054777.jpg\",\"datePublished\":\"2024-03-11T14:15:00+00:00\",\"dateModified\":\"2024-03-11T22:11:28+00:00\",\"breadcrumb\":{\"@id\":\"https:\/\/nuevodigitaldeescobar.com.ar\/?p=4129#breadcrumb\"},\"inLanguage\":\"es\",\"potentialAction\":[{\"@type\":\"ReadAction\",\"target\":[\"https:\/\/nuevodigitaldeescobar.com.ar\/?p=4129\"]}]},{\"@type\":\"ImageObject\",\"inLanguage\":\"es\",\"@id\":\"https:\/\/nuevodigitaldeescobar.com.ar\/?p=4129#primaryimage\",\"url\":\"https:\/\/nuevodigitaldeescobar.com.ar\/wp-content\/uploads\/2024\/03\/bullrich-petri-pullaro-rosario-e1710195054777.jpg\",\"contentUrl\":\"https:\/\/nuevodigitaldeescobar.com.ar\/wp-content\/uploads\/2024\/03\/bullrich-petri-pullaro-rosario-e1710195054777.jpg\",\"width\":720,\"height\":427},{\"@type\":\"BreadcrumbList\",\"@id\":\"https:\/\/nuevodigitaldeescobar.com.ar\/?p=4129#breadcrumb\",\"itemListElement\":[{\"@type\":\"ListItem\",\"position\":1,\"name\":\"Portada\",\"item\":\"https:\/\/nuevodigitaldeescobar.com.ar\/\"},{\"@type\":\"ListItem\",\"position\":2,\"name\":\"Rosario: en conferencia de prensa, Bullrich dio detalles sobre el plan para detener el narcotr\u00e1fico\"}]},{\"@type\":\"WebSite\",\"@id\":\"https:\/\/nuevodigitaldeescobar.com.ar\/#website\",\"url\":\"https:\/\/nuevodigitaldeescobar.com.ar\/\",\"name\":\"Nuevo Digital de Escobar\",\"description\":\"La vida escobarense. Directora: Rosana Brunner\",\"publisher\":{\"@id\":\"https:\/\/nuevodigitaldeescobar.com.ar\/#organization\"},\"potentialAction\":[{\"@type\":\"SearchAction\",\"target\":{\"@type\":\"EntryPoint\",\"urlTemplate\":\"https:\/\/nuevodigitaldeescobar.com.ar\/?s={search_term_string}\"},\"query-input\":{\"@type\":\"PropertyValueSpecification\",\"valueRequired\":true,\"valueName\":\"search_term_string\"}}],\"inLanguage\":\"es\"},{\"@type\":\"Organization\",\"@id\":\"https:\/\/nuevodigitaldeescobar.com.ar\/#organization\",\"name\":\"Nuevo Digital de Escobar\",\"url\":\"https:\/\/nuevodigitaldeescobar.com.ar\/\",\"logo\":{\"@type\":\"ImageObject\",\"inLanguage\":\"es\",\"@id\":\"https:\/\/nuevodigitaldeescobar.com.ar\/#\/schema\/logo\/image\/\",\"url\":\"https:\/\/nuevodigitaldeescobar.com.ar\/wp-content\/uploads\/2025\/05\/cropped-logo-nuevo2.jpg\",\"contentUrl\":\"https:\/\/nuevodigitaldeescobar.com.ar\/wp-content\/uploads\/2025\/05\/cropped-logo-nuevo2.jpg\",\"width\":305,\"height\":305,\"caption\":\"Nuevo Digital de Escobar\"},\"image\":{\"@id\":\"https:\/\/nuevodigitaldeescobar.com.ar\/#\/schema\/logo\/image\/\"},\"sameAs\":[\"https:\/\/www.facebook.com\/NUEVODigitalDeEscobar\",\"https:\/\/x.com\/nuevodigescobar\",\"https:\/\/www.instagram.com\/nuevodigitaldeescobar\"]},{\"@type\":\"Person\",\"@id\":\"https:\/\/nuevodigitaldeescobar.com.ar\/#\/schema\/person\/035e90a8efe9a80e6eec22656ad6ea4c\",\"name\":\"Redacci\u00f3n\",\"image\":{\"@type\":\"ImageObject\",\"inLanguage\":\"es\",\"@id\":\"https:\/\/nuevodigitaldeescobar.com.ar\/#\/schema\/person\/image\/\",\"url\":\"https:\/\/secure.gravatar.com\/avatar\/8af8f40000c24e9eef3034f2be5998a372bb1389e64b1a4a36b3a7979142220d?s=96&d=mm&r=g\",\"contentUrl\":\"https:\/\/secure.gravatar.com\/avatar\/8af8f40000c24e9eef3034f2be5998a372bb1389e64b1a4a36b3a7979142220d?s=96&d=mm&r=g\",\"caption\":\"Redacci\u00f3n\"},\"sameAs\":[\"http:\/\/nuevodigitaldeescobar.com.ar\"],\"url\":\"https:\/\/nuevodigitaldeescobar.com.ar\/?author=1\"}]}<\/script>\n<!-- \/ Yoast SEO plugin. -->","yoast_head_json":{"title":"Rosario: en conferencia de prensa, Bullrich dio detalles sobre el plan para detener el narcotr\u00e1fico - Nuevo Digital de Escobar","robots":{"index":"index","follow":"follow","max-snippet":"max-snippet:-1","max-image-preview":"max-image-preview:large","max-video-preview":"max-video-preview:-1"},"canonical":"https:\/\/nuevodigitaldeescobar.com.ar\/?p=4129","og_locale":"es_ES","og_type":"article","og_title":"Rosario: en conferencia de prensa, Bullrich dio detalles sobre el plan para detener el narcotr\u00e1fico - Nuevo Digital de Escobar","og_description":"La ministra de Seguridad declar\u00f3 que se reunir\u00eda con los familiares de las v\u00edctimas y asegur\u00f3 que junto con el gobernador Pullaro van a recorrer [&hellip;]","og_url":"https:\/\/nuevodigitaldeescobar.com.ar\/?p=4129","og_site_name":"Nuevo Digital de Escobar","article_publisher":"https:\/\/www.facebook.com\/NUEVODigitalDeEscobar","article_published_time":"2024-03-11T14:15:00+00:00","article_modified_time":"2024-03-11T22:11:28+00:00","og_image":[{"width":720,"height":427,"url":"https:\/\/nuevodigitaldeescobar.com.ar\/wp-content\/uploads\/2024\/03\/bullrich-petri-pullaro-rosario-e1710195054777.jpg","type":"image\/jpeg"}],"author":"Redacci\u00f3n","twitter_card":"summary_large_image","twitter_creator":"@nuevodigescobar","twitter_site":"@nuevodigescobar","twitter_misc":{"Escrito por":"Redacci\u00f3n","Tiempo de lectura":"10 minutos"},"schema":{"@context":"https:\/\/schema.org","@graph":[{"@type":"Article","@id":"https:\/\/nuevodigitaldeescobar.com.ar\/?p=4129#article","isPartOf":{"@id":"https:\/\/nuevodigitaldeescobar.com.ar\/?p=4129"},"author":{"name":"Redacci\u00f3n","@id":"https:\/\/nuevodigitaldeescobar.com.ar\/#\/schema\/person\/035e90a8efe9a80e6eec22656ad6ea4c"},"headline":"Rosario: en conferencia de prensa, Bullrich dio detalles sobre el plan para detener el narcotr\u00e1fico","datePublished":"2024-03-11T14:15:00+00:00","dateModified":"2024-03-11T22:11:28+00:00","mainEntityOfPage":{"@id":"https:\/\/nuevodigitaldeescobar.com.ar\/?p=4129"},"wordCount":1967,"commentCount":0,"publisher":{"@id":"https:\/\/nuevodigitaldeescobar.com.ar\/#organization"},"image":{"@id":"https:\/\/nuevodigitaldeescobar.com.ar\/?p=4129#primaryimage"},"thumbnailUrl":"https:\/\/nuevodigitaldeescobar.com.ar\/wp-content\/uploads\/2024\/03\/bullrich-petri-pullaro-rosario-e1710195054777.jpg","articleSection":["Nacionales","Policiales"],"inLanguage":"es","potentialAction":[{"@type":"CommentAction","name":"Comment","target":["https:\/\/nuevodigitaldeescobar.com.ar\/?p=4129#respond"]}]},{"@type":"WebPage","@id":"https:\/\/nuevodigitaldeescobar.com.ar\/?p=4129","url":"https:\/\/nuevodigitaldeescobar.com.ar\/?p=4129","name":"Rosario: en conferencia de prensa, Bullrich dio detalles sobre el plan para detener el narcotr\u00e1fico - Nuevo Digital de Escobar","isPartOf":{"@id":"https:\/\/nuevodigitaldeescobar.com.ar\/#website"},"primaryImageOfPage":{"@id":"https:\/\/nuevodigitaldeescobar.com.ar\/?p=4129#primaryimage"},"image":{"@id":"https:\/\/nuevodigitaldeescobar.com.ar\/?p=4129#primaryimage"},"thumbnailUrl":"https:\/\/nuevodigitaldeescobar.com.ar\/wp-content\/uploads\/2024\/03\/bullrich-petri-pullaro-rosario-e1710195054777.jpg","datePublished":"2024-03-11T14:15:00+00:00","dateModified":"2024-03-11T22:11:28+00:00","breadcrumb":{"@id":"https:\/\/nuevodigitaldeescobar.com.ar\/?p=4129#breadcrumb"},"inLanguage":"es","potentialAction":[{"@type":"ReadAction","target":["https:\/\/nuevodigitaldeescobar.com.ar\/?p=4129"]}]},{"@type":"ImageObject","inLanguage":"es","@id":"https:\/\/nuevodigitaldeescobar.com.ar\/?p=4129#primaryimage","url":"https:\/\/nuevodigitaldeescobar.com.ar\/wp-content\/uploads\/2024\/03\/bullrich-petri-pullaro-rosario-e1710195054777.jpg","contentUrl":"https:\/\/nuevodigitaldeescobar.com.ar\/wp-content\/uploads\/2024\/03\/bullrich-petri-pullaro-rosario-e1710195054777.jpg","width":720,"height":427},{"@type":"BreadcrumbList","@id":"https:\/\/nuevodigitaldeescobar.com.ar\/?p=4129#breadcrumb","itemListElement":[{"@type":"ListItem","position":1,"name":"Portada","item":"https:\/\/nuevodigitaldeescobar.com.ar\/"},{"@type":"ListItem","position":2,"name":"Rosario: en conferencia de prensa, Bullrich dio detalles sobre el plan para detener el narcotr\u00e1fico"}]},{"@type":"WebSite","@id":"https:\/\/nuevodigitaldeescobar.com.ar\/#website","url":"https:\/\/nuevodigitaldeescobar.com.ar\/","name":"Nuevo Digital de Escobar","description":"La vida escobarense. Directora: Rosana Brunner","publisher":{"@id":"https:\/\/nuevodigitaldeescobar.com.ar\/#organization"},"potentialAction":[{"@type":"SearchAction","target":{"@type":"EntryPoint","urlTemplate":"https:\/\/nuevodigitaldeescobar.com.ar\/?s={search_term_string}"},"query-input":{"@type":"PropertyValueSpecification","valueRequired":true,"valueName":"search_term_string"}}],"inLanguage":"es"},{"@type":"Organization","@id":"https:\/\/nuevodigitaldeescobar.com.ar\/#organization","name":"Nuevo Digital de Escobar","url":"https:\/\/nuevodigitaldeescobar.com.ar\/","logo":{"@type":"ImageObject","inLanguage":"es","@id":"https:\/\/nuevodigitaldeescobar.com.ar\/#\/schema\/logo\/image\/","url":"https:\/\/nuevodigitaldeescobar.com.ar\/wp-content\/uploads\/2025\/05\/cropped-logo-nuevo2.jpg","contentUrl":"https:\/\/nuevodigitaldeescobar.com.ar\/wp-content\/uploads\/2025\/05\/cropped-logo-nuevo2.jpg","width":305,"height":305,"caption":"Nuevo Digital de Escobar"},"image":{"@id":"https:\/\/nuevodigitaldeescobar.com.ar\/#\/schema\/logo\/image\/"},"sameAs":["https:\/\/www.facebook.com\/NUEVODigitalDeEscobar","https:\/\/x.com\/nuevodigescobar","https:\/\/www.instagram.com\/nuevodigitaldeescobar"]},{"@type":"Person","@id":"https:\/\/nuevodigitaldeescobar.com.ar\/#\/schema\/person\/035e90a8efe9a80e6eec22656ad6ea4c","name":"Redacci\u00f3n","image":{"@type":"ImageObject","inLanguage":"es","@id":"https:\/\/nuevodigitaldeescobar.com.ar\/#\/schema\/person\/image\/","url":"https:\/\/secure.gravatar.com\/avatar\/8af8f40000c24e9eef3034f2be5998a372bb1389e64b1a4a36b3a7979142220d?s=96&d=mm&r=g","contentUrl":"https:\/\/secure.gravatar.com\/avatar\/8af8f40000c24e9eef3034f2be5998a372bb1389e64b1a4a36b3a7979142220d?s=96&d=mm&r=g","caption":"Redacci\u00f3n"},"sameAs":["http:\/\/nuevodigitaldeescobar.com.ar"],"url":"https:\/\/nuevodigitaldeescobar.com.ar\/?author=1"}]}},"featured_image_urls":{"full":["https:\/\/nuevodigitaldeescobar.com.ar\/wp-content\/uploads\/2024\/03\/bullrich-petri-pullaro-rosario-e1710195054777.jpg",720,427,false],"thumbnail":["https:\/\/nuevodigitaldeescobar.com.ar\/wp-content\/uploads\/2024\/03\/bullrich-petri-pullaro-rosario-e1710195054777-150x150.jpg",150,150,true],"medium":["https:\/\/nuevodigitaldeescobar.com.ar\/wp-content\/uploads\/2024\/03\/bullrich-petri-pullaro-rosario-e1710195054777-300x178.jpg",300,178,true],"medium_large":["https:\/\/nuevodigitaldeescobar.com.ar\/wp-content\/uploads\/2024\/03\/bullrich-petri-pullaro-rosario-768x576.jpg",640,480,true],"large":["https:\/\/nuevodigitaldeescobar.com.ar\/wp-content\/uploads\/2024\/03\/bullrich-petri-pullaro-rosario-e1710195054777.jpg",640,380,false],"1536x1536":["https:\/\/nuevodigitaldeescobar.com.ar\/wp-content\/uploads\/2024\/03\/bullrich-petri-pullaro-rosario-e1710195054777.jpg",720,427,false],"2048x2048":["https:\/\/nuevodigitaldeescobar.com.ar\/wp-content\/uploads\/2024\/03\/bullrich-petri-pullaro-rosario-e1710195054777.jpg",720,427,false]},"author_info":{"display_name":"Redacci\u00f3n","author_link":"https:\/\/nuevodigitaldeescobar.com.ar\/?author=1"},"category_info":"<a href=\"https:\/\/nuevodigitaldeescobar.com.ar\/?cat=61\" rel=\"category\">Nacionales<\/a> <a href=\"https:\/\/nuevodigitaldeescobar.com.ar\/?cat=13\" rel=\"category\">Policiales<\/a>","tag_info":"Policiales","comment_count":"0","_links":{"self":[{"href":"https:\/\/nuevodigitaldeescobar.com.ar\/index.php?rest_route=\/wp\/v2\/posts\/4129","targetHints":{"allow":["GET"]}}],"collection":[{"href":"https:\/\/nuevodigitaldeescobar.com.ar\/index.php?rest_route=\/wp\/v2\/posts"}],"about":[{"href":"https:\/\/nuevodigitaldeescobar.com.ar\/index.php?rest_route=\/wp\/v2\/types\/post"}],"author":[{"embeddable":true,"href":"https:\/\/nuevodigitaldeescobar.com.ar\/index.php?rest_route=\/wp\/v2\/users\/1"}],"replies":[{"embeddable":true,"href":"https:\/\/nuevodigitaldeescobar.com.ar\/index.php?rest_route=%2Fwp%2Fv2%2Fcomments&post=4129"}],"version-history":[{"count":1,"href":"https:\/\/nuevodigitaldeescobar.com.ar\/index.php?rest_route=\/wp\/v2\/posts\/4129\/revisions"}],"predecessor-version":[{"id":4132,"href":"https:\/\/nuevodigitaldeescobar.com.ar\/index.php?rest_route=\/wp\/v2\/posts\/4129\/revisions\/4132"}],"wp:featuredmedia":[{"embeddable":true,"href":"https:\/\/nuevodigitaldeescobar.com.ar\/index.php?rest_route=\/wp\/v2\/media\/4131"}],"wp:attachment":[{"href":"https:\/\/nuevodigitaldeescobar.com.ar\/index.php?rest_route=%2Fwp%2Fv2%2Fmedia&parent=4129"}],"wp:term":[{"taxonomy":"category","embeddable":true,"href":"https:\/\/nuevodigitaldeescobar.com.ar\/index.php?rest_route=%2Fwp%2Fv2%2Fcategories&post=4129"},{"taxonomy":"post_tag","embeddable":true,"href":"https:\/\/nuevodigitaldeescobar.com.ar\/index.php?rest_route=%2Fwp%2Fv2%2Ftags&post=4129"}],"curies":[{"name":"wp","href":"https:\/\/api.w.org\/{rel}","templated":true}]}}