{"id":4346,"date":"2024-03-21T11:45:22","date_gmt":"2024-03-21T14:45:22","guid":{"rendered":"https:\/\/nuevodigitaldeescobar.com.ar\/?p=4346"},"modified":"2024-03-21T12:04:58","modified_gmt":"2024-03-21T15:04:58","slug":"dimitri-el-alfajor-escobarense-que-nacio-para-representar-la-ciudad","status":"publish","type":"post","link":"https:\/\/nuevodigitaldeescobar.com.ar\/?p=4346","title":{"rendered":"Dimitri, el alfajor escobarense que naci\u00f3 para representar la ciudad"},"content":{"rendered":"\n<p class=\"has-vivid-cyan-blue-color has-text-color has-link-color wp-elements-250d4f9a3fda32f03aecf9ec80c31b7f\"><strong><em>Amante de la gastronom\u00eda de toda la vida, un arquitecto que trabaj\u00f3 por d\u00e9cadas en Havanna decidi\u00f3 emprender un sue\u00f1o y crear un alfajor artesanal con sello propio y con eslogan relacionado al pago chico.<\/em><\/strong><\/p>\n\n\n\n<!--more-->\n\n\n\n<p>La ciudad de la flor tiene un nuevo \u00edcono. O al menos puede tenerlo, porque el sue\u00f1o guardado de muchos a\u00f1os de un arquitecto empez\u00f3 a tomar forma. Se trata de Dimitri, el alfajor escobarense, que, con sabor artesanal, mucho trabajo y empe\u00f1o, busca asentarse en la zona y tambi\u00e9n hacerse fuerte, con su nombre e historia, en otros territorios.<\/p>\n\n\n<div class=\"wp-block-image\">\n<figure class=\"aligncenter size-large\"><img fetchpriority=\"high\" decoding=\"async\" width=\"881\" height=\"1024\" src=\"http:\/\/nuevodigitaldeescobar.com.ar\/wp-content\/uploads\/2024\/03\/membrillo-e1711032010695-881x1024.jpg\" alt=\"\" class=\"wp-image-4352\" srcset=\"https:\/\/nuevodigitaldeescobar.com.ar\/wp-content\/uploads\/2024\/03\/membrillo-e1711032010695-881x1024.jpg 881w, https:\/\/nuevodigitaldeescobar.com.ar\/wp-content\/uploads\/2024\/03\/membrillo-e1711032010695-258x300.jpg 258w, https:\/\/nuevodigitaldeescobar.com.ar\/wp-content\/uploads\/2024\/03\/membrillo-e1711032010695-768x893.jpg 768w, https:\/\/nuevodigitaldeescobar.com.ar\/wp-content\/uploads\/2024\/03\/membrillo-e1711032010695.jpg 898w\" sizes=\"(max-width: 881px) 100vw, 881px\" \/><figcaption class=\"wp-element-caption\">Con membrillo, otra de las opciones de Dimitri Factory.<\/figcaption><\/figure><\/div>\n\n\n<p>Incluso, este alfajor ya lleg\u00f3 a Estados Unidos: hay gente que por pedido sabore\u00f3 el producto en Brooklyn, Manhattan, Philadelphia y Miami. \u201cNo exportamos, no es la idea\u201d, explica Jorge Colzani, quien busca primero que el proyecto afinque en el pago chico.<\/p>\n\n\n<div class=\"wp-block-image\">\n<figure class=\"aligncenter size-large\"><img decoding=\"async\" width=\"768\" height=\"1024\" src=\"http:\/\/nuevodigitaldeescobar.com.ar\/wp-content\/uploads\/2024\/03\/394b82f8-eac7-4c09-b89a-44fcd23b26a5-768x1024.jpg\" alt=\"\" class=\"wp-image-4348\" srcset=\"https:\/\/nuevodigitaldeescobar.com.ar\/wp-content\/uploads\/2024\/03\/394b82f8-eac7-4c09-b89a-44fcd23b26a5-768x1024.jpg 768w, https:\/\/nuevodigitaldeescobar.com.ar\/wp-content\/uploads\/2024\/03\/394b82f8-eac7-4c09-b89a-44fcd23b26a5-225x300.jpg 225w, https:\/\/nuevodigitaldeescobar.com.ar\/wp-content\/uploads\/2024\/03\/394b82f8-eac7-4c09-b89a-44fcd23b26a5-1152x1536.jpg 1152w, https:\/\/nuevodigitaldeescobar.com.ar\/wp-content\/uploads\/2024\/03\/394b82f8-eac7-4c09-b89a-44fcd23b26a5.jpg 1200w\" sizes=\"(max-width: 768px) 100vw, 768px\" \/><\/figure><\/div>\n\n\n<p>Jorge es un arquitecto que se desempe\u00f1\u00f3 gran parte de su vida en la f\u00e1brica de alfajores Havanna, con base en Mar del Plata. Varias fueron sus funciones all\u00ed y tambi\u00e9n sus logros, aunque a veces los laureles los llevara otro. Eso s\u00ed, nada relacionado con lo gastron\u00f3mico. Lo suyo estaba ligado a su carrera.<\/p>\n\n\n<div class=\"wp-block-image\">\n<figure class=\"aligncenter size-large\"><img decoding=\"async\" width=\"882\" height=\"1024\" src=\"http:\/\/nuevodigitaldeescobar.com.ar\/wp-content\/uploads\/2024\/03\/maicena-dulce-e1711032136156-882x1024.jpg\" alt=\"\" class=\"wp-image-4351\" srcset=\"https:\/\/nuevodigitaldeescobar.com.ar\/wp-content\/uploads\/2024\/03\/maicena-dulce-e1711032136156-882x1024.jpg 882w, https:\/\/nuevodigitaldeescobar.com.ar\/wp-content\/uploads\/2024\/03\/maicena-dulce-e1711032136156-259x300.jpg 259w, https:\/\/nuevodigitaldeescobar.com.ar\/wp-content\/uploads\/2024\/03\/maicena-dulce-e1711032136156-768x891.jpg 768w, https:\/\/nuevodigitaldeescobar.com.ar\/wp-content\/uploads\/2024\/03\/maicena-dulce-e1711032136156.jpg 898w\" sizes=\"(max-width: 882px) 100vw, 882px\" \/><figcaption class=\"wp-element-caption\">Uno de los cl\u00e1sicos: maicena con dulce de leche.<\/figcaption><\/figure><\/div>\n\n\n<p>\u201cTrabaj\u00e9 all\u00ed hasta que se vendi\u00f3 al Grupo Exxel. Me qued\u00e9 con la idea de ver el esfuerzo, el trabajo\u2026 Siempre me gust\u00f3 la gastronom\u00eda, mientras tanto arm\u00e9 una marca, hice lo legal, todo lo relacionado con lo alimenticio, hasta que arranqu\u00e9. Tuve la colaboraci\u00f3n directa de la familia. No buscamos ser iguales, pero s\u00ed similares, no se pueden comparar 75 a\u00f1os de historia de Havanna con una empresa que reci\u00e9n empieza\u201d, explic\u00f3 Jorge Colzani.<\/p>\n\n\n\n<p>El alfajor escobarense se vende en dos estaciones Shell de Escobar, pronto estar\u00e1 tambi\u00e9n en Gar\u00edn y en un local exclusivo que se est\u00e1 preparando en Las Lomas 718. Cuenta con tres tipos de alfajores: maicena con dulce de leche, chocolate con dulce de leche y membrillo con frutos del bosque ba\u00f1ado en chocolate. \u201cLas masas son del mismo color, no tienen conservantes, tiene un vencimiento de 60 d\u00edas. Todo es artesanal, nunca tuvimos problemas de ning\u00fan tiempo. Tambi\u00e9n tenemos nutricionales de coco, frola, bombones\u2026\u201d, cuenta con orgullo su creador.<\/p>\n\n\n<div class=\"wp-block-image\">\n<figure class=\"aligncenter size-large\"><img loading=\"lazy\" decoding=\"async\" width=\"1024\" height=\"847\" src=\"http:\/\/nuevodigitaldeescobar.com.ar\/wp-content\/uploads\/2024\/03\/6a90844a-71f0-454e-8e73-02585d51e7ef-e1711032170819-1024x847.jpg\" alt=\"\" class=\"wp-image-4347\" srcset=\"https:\/\/nuevodigitaldeescobar.com.ar\/wp-content\/uploads\/2024\/03\/6a90844a-71f0-454e-8e73-02585d51e7ef-e1711032170819-1024x847.jpg 1024w, https:\/\/nuevodigitaldeescobar.com.ar\/wp-content\/uploads\/2024\/03\/6a90844a-71f0-454e-8e73-02585d51e7ef-e1711032170819-300x248.jpg 300w, https:\/\/nuevodigitaldeescobar.com.ar\/wp-content\/uploads\/2024\/03\/6a90844a-71f0-454e-8e73-02585d51e7ef-e1711032170819-768x635.jpg 768w, https:\/\/nuevodigitaldeescobar.com.ar\/wp-content\/uploads\/2024\/03\/6a90844a-71f0-454e-8e73-02585d51e7ef-e1711032170819.jpg 1200w\" sizes=\"(max-width: 1024px) 100vw, 1024px\" \/><\/figure><\/div>\n\n\n<p><strong>Escobarense de siempre<\/strong><\/p>\n\n\n\n<p>De ni\u00f1o sus padres ten\u00edan una casa de fines de semana en Gar\u00edn. Y tambi\u00e9n visitaban la hist\u00f3rica Hoster\u00eda El Cazador. Ya de adulto quiso volver y compr\u00f3 un lote en Escobar. Luego otro. \u201cY me fui arraigando\u201d, cont\u00f3 el escobarense por adopci\u00f3n.<\/p>\n\n\n<div class=\"wp-block-image\">\n<figure class=\"aligncenter size-large\"><img loading=\"lazy\" decoding=\"async\" width=\"576\" height=\"1024\" src=\"http:\/\/nuevodigitaldeescobar.com.ar\/wp-content\/uploads\/2024\/03\/choco-dulce-576x1024.jpg\" alt=\"\" class=\"wp-image-4350\"\/><figcaption class=\"wp-element-caption\">Chocolate y dulce de leche&#8230; irresistible.<\/figcaption><\/figure><\/div>\n\n\n<p>Con su alfajor, estuvo presente en la Expo Escobar, en la Fiesta de la Flor, en la Rural (este a\u00f1o estar\u00e1 nuevamente) y en la Feria Mundial del Alfajor durante tres a\u00f1os. \u201cGanamos el premio de la maicena, tambi\u00e9n soy integrante la C\u00e1mara Argentina del Alfajor, creada en Mar del Plata. Todo ese es un aval a nuestro trabajo\u201d, a\u00f1adi\u00f3.<\/p>\n\n\n\n<p>La cuenta de Instagram es <a href=\"https:\/\/www.instagram.com\/dimitrifactory\/\" target=\"_blank\" rel=\"noreferrer noopener\">@dimitrifactory<\/a> y el tel\u00e9fono de contacto 01167330773.<\/p>\n\n\n\n<p><\/p>\n","protected":false},"excerpt":{"rendered":"<p>Amante de la gastronom\u00eda de toda la vida, un arquitecto que trabaj\u00f3 por d\u00e9cadas en Havanna decidi\u00f3 emprender un sue\u00f1o y crear un alfajor artesanal [&hellip;]<\/p>\n","protected":false},"author":1,"featured_media":4349,"comment_status":"open","ping_status":"open","sticky":false,"template":"","format":"standard","meta":{"footnotes":""},"categories":[207],"tags":[209,208],"class_list":["post-4346","post","type-post","status-publish","format-standard","has-post-thumbnail","hentry","category-comercios","tag-alfajor-escobarense","tag-dimitri"],"better_featured_image":{"id":4349,"alt_text":"","caption":"","description":"","media_type":"image","media_details":{"width":1597,"height":1024,"file":"2024\/03\/802891d7-126d-49b4-a486-7b5bfdbdbde7-e1711033466867.jpg","filesize":202384,"sizes":{"medium":{"file":"802891d7-126d-49b4-a486-7b5bfdbdbde7-e1711033466867-300x192.jpg","width":300,"height":192,"mime-type":"image\/jpeg","filesize":15872,"source_url":"https:\/\/nuevodigitaldeescobar.com.ar\/wp-content\/uploads\/2024\/03\/802891d7-126d-49b4-a486-7b5bfdbdbde7-e1711033466867-300x192.jpg"},"large":{"file":"802891d7-126d-49b4-a486-7b5bfdbdbde7-e1711033466867-1024x657.jpg","width":1024,"height":657,"mime-type":"image\/jpeg","filesize":110605,"source_url":"https:\/\/nuevodigitaldeescobar.com.ar\/wp-content\/uploads\/2024\/03\/802891d7-126d-49b4-a486-7b5bfdbdbde7-e1711033466867-1024x657.jpg"},"thumbnail":{"file":"802891d7-126d-49b4-a486-7b5bfdbdbde7-e1711033466867-150x150.jpg","width":150,"height":150,"mime-type":"image\/jpeg","filesize":7556,"source_url":"https:\/\/nuevodigitaldeescobar.com.ar\/wp-content\/uploads\/2024\/03\/802891d7-126d-49b4-a486-7b5bfdbdbde7-e1711033466867-150x150.jpg"},"medium_large":{"file":"802891d7-126d-49b4-a486-7b5bfdbdbde7-e1711033466867-768x492.jpg","width":768,"height":492,"mime-type":"image\/jpeg","filesize":70456,"source_url":"https:\/\/nuevodigitaldeescobar.com.ar\/wp-content\/uploads\/2024\/03\/802891d7-126d-49b4-a486-7b5bfdbdbde7-e1711033466867-768x492.jpg"},"1536x1536":{"file":"802891d7-126d-49b4-a486-7b5bfdbdbde7-e1711033466867-1536x985.jpg","width":1536,"height":985,"mime-type":"image\/jpeg","filesize":200905,"source_url":"https:\/\/nuevodigitaldeescobar.com.ar\/wp-content\/uploads\/2024\/03\/802891d7-126d-49b4-a486-7b5bfdbdbde7-e1711033466867-1536x985.jpg"}},"image_meta":{"aperture":"0","credit":"","camera":"","caption":"","created_timestamp":"0","copyright":"","focal_length":"0","iso":"0","shutter_speed":"0","title":"","orientation":"0","keywords":[]}},"post":4346,"source_url":"https:\/\/nuevodigitaldeescobar.com.ar\/wp-content\/uploads\/2024\/03\/802891d7-126d-49b4-a486-7b5bfdbdbde7-e1711033466867.jpg"},"yoast_head":"<!-- This site is optimized with the Yoast SEO plugin v26.1.1 - https:\/\/yoast.com\/wordpress\/plugins\/seo\/ -->\n<title>Dimitri, el alfajor escobarense que naci\u00f3 para representar la ciudad - Nuevo Digital de Escobar<\/title>\n<meta name=\"robots\" content=\"index, follow, max-snippet:-1, max-image-preview:large, max-video-preview:-1\" \/>\n<link rel=\"canonical\" href=\"https:\/\/nuevodigitaldeescobar.com.ar\/?p=4346\" \/>\n<meta property=\"og:locale\" content=\"es_ES\" \/>\n<meta property=\"og:type\" content=\"article\" \/>\n<meta property=\"og:title\" content=\"Dimitri, el alfajor escobarense que naci\u00f3 para representar la ciudad - Nuevo Digital de Escobar\" \/>\n<meta property=\"og:description\" content=\"Amante de la gastronom\u00eda de toda la vida, un arquitecto que trabaj\u00f3 por d\u00e9cadas en Havanna decidi\u00f3 emprender un sue\u00f1o y crear un alfajor artesanal [&hellip;]\" \/>\n<meta property=\"og:url\" content=\"https:\/\/nuevodigitaldeescobar.com.ar\/?p=4346\" \/>\n<meta property=\"og:site_name\" content=\"Nuevo Digital de Escobar\" \/>\n<meta property=\"article:publisher\" content=\"https:\/\/www.facebook.com\/NUEVODigitalDeEscobar\" \/>\n<meta property=\"article:published_time\" content=\"2024-03-21T14:45:22+00:00\" \/>\n<meta property=\"article:modified_time\" content=\"2024-03-21T15:04:58+00:00\" \/>\n<meta property=\"og:image\" content=\"https:\/\/nuevodigitaldeescobar.com.ar\/wp-content\/uploads\/2024\/03\/802891d7-126d-49b4-a486-7b5bfdbdbde7-e1711033466867.jpg\" \/>\n\t<meta property=\"og:image:width\" content=\"1597\" \/>\n\t<meta property=\"og:image:height\" content=\"1024\" \/>\n\t<meta property=\"og:image:type\" content=\"image\/jpeg\" \/>\n<meta name=\"author\" content=\"Redacci\u00f3n\" \/>\n<meta name=\"twitter:card\" content=\"summary_large_image\" \/>\n<meta name=\"twitter:creator\" content=\"@nuevodigescobar\" \/>\n<meta name=\"twitter:site\" content=\"@nuevodigescobar\" \/>\n<meta name=\"twitter:label1\" content=\"Escrito por\" \/>\n\t<meta name=\"twitter:data1\" content=\"Redacci\u00f3n\" \/>\n\t<meta name=\"twitter:label2\" content=\"Tiempo de lectura\" \/>\n\t<meta name=\"twitter:data2\" content=\"3 minutos\" \/>\n<script type=\"application\/ld+json\" class=\"yoast-schema-graph\">{\"@context\":\"https:\/\/schema.org\",\"@graph\":[{\"@type\":\"Article\",\"@id\":\"https:\/\/nuevodigitaldeescobar.com.ar\/?p=4346#article\",\"isPartOf\":{\"@id\":\"https:\/\/nuevodigitaldeescobar.com.ar\/?p=4346\"},\"author\":{\"name\":\"Redacci\u00f3n\",\"@id\":\"https:\/\/nuevodigitaldeescobar.com.ar\/#\/schema\/person\/035e90a8efe9a80e6eec22656ad6ea4c\"},\"headline\":\"Dimitri, el alfajor escobarense que naci\u00f3 para representar la ciudad\",\"datePublished\":\"2024-03-21T14:45:22+00:00\",\"dateModified\":\"2024-03-21T15:04:58+00:00\",\"mainEntityOfPage\":{\"@id\":\"https:\/\/nuevodigitaldeescobar.com.ar\/?p=4346\"},\"wordCount\":539,\"commentCount\":0,\"publisher\":{\"@id\":\"https:\/\/nuevodigitaldeescobar.com.ar\/#organization\"},\"image\":{\"@id\":\"https:\/\/nuevodigitaldeescobar.com.ar\/?p=4346#primaryimage\"},\"thumbnailUrl\":\"https:\/\/nuevodigitaldeescobar.com.ar\/wp-content\/uploads\/2024\/03\/802891d7-126d-49b4-a486-7b5bfdbdbde7-e1711033466867.jpg\",\"keywords\":[\"alfajor escobarense\",\"Dimitri\"],\"articleSection\":[\"Comercios\"],\"inLanguage\":\"es\",\"potentialAction\":[{\"@type\":\"CommentAction\",\"name\":\"Comment\",\"target\":[\"https:\/\/nuevodigitaldeescobar.com.ar\/?p=4346#respond\"]}]},{\"@type\":\"WebPage\",\"@id\":\"https:\/\/nuevodigitaldeescobar.com.ar\/?p=4346\",\"url\":\"https:\/\/nuevodigitaldeescobar.com.ar\/?p=4346\",\"name\":\"Dimitri, el alfajor escobarense que naci\u00f3 para representar la ciudad - Nuevo Digital de Escobar\",\"isPartOf\":{\"@id\":\"https:\/\/nuevodigitaldeescobar.com.ar\/#website\"},\"primaryImageOfPage\":{\"@id\":\"https:\/\/nuevodigitaldeescobar.com.ar\/?p=4346#primaryimage\"},\"image\":{\"@id\":\"https:\/\/nuevodigitaldeescobar.com.ar\/?p=4346#primaryimage\"},\"thumbnailUrl\":\"https:\/\/nuevodigitaldeescobar.com.ar\/wp-content\/uploads\/2024\/03\/802891d7-126d-49b4-a486-7b5bfdbdbde7-e1711033466867.jpg\",\"datePublished\":\"2024-03-21T14:45:22+00:00\",\"dateModified\":\"2024-03-21T15:04:58+00:00\",\"breadcrumb\":{\"@id\":\"https:\/\/nuevodigitaldeescobar.com.ar\/?p=4346#breadcrumb\"},\"inLanguage\":\"es\",\"potentialAction\":[{\"@type\":\"ReadAction\",\"target\":[\"https:\/\/nuevodigitaldeescobar.com.ar\/?p=4346\"]}]},{\"@type\":\"ImageObject\",\"inLanguage\":\"es\",\"@id\":\"https:\/\/nuevodigitaldeescobar.com.ar\/?p=4346#primaryimage\",\"url\":\"https:\/\/nuevodigitaldeescobar.com.ar\/wp-content\/uploads\/2024\/03\/802891d7-126d-49b4-a486-7b5bfdbdbde7-e1711033466867.jpg\",\"contentUrl\":\"https:\/\/nuevodigitaldeescobar.com.ar\/wp-content\/uploads\/2024\/03\/802891d7-126d-49b4-a486-7b5bfdbdbde7-e1711033466867.jpg\",\"width\":1597,\"height\":1024},{\"@type\":\"BreadcrumbList\",\"@id\":\"https:\/\/nuevodigitaldeescobar.com.ar\/?p=4346#breadcrumb\",\"itemListElement\":[{\"@type\":\"ListItem\",\"position\":1,\"name\":\"Portada\",\"item\":\"https:\/\/nuevodigitaldeescobar.com.ar\/\"},{\"@type\":\"ListItem\",\"position\":2,\"name\":\"Dimitri, el alfajor escobarense que naci\u00f3 para representar la ciudad\"}]},{\"@type\":\"WebSite\",\"@id\":\"https:\/\/nuevodigitaldeescobar.com.ar\/#website\",\"url\":\"https:\/\/nuevodigitaldeescobar.com.ar\/\",\"name\":\"Nuevo Digital de Escobar\",\"description\":\"La vida escobarense. Directora: Rosana Brunner\",\"publisher\":{\"@id\":\"https:\/\/nuevodigitaldeescobar.com.ar\/#organization\"},\"potentialAction\":[{\"@type\":\"SearchAction\",\"target\":{\"@type\":\"EntryPoint\",\"urlTemplate\":\"https:\/\/nuevodigitaldeescobar.com.ar\/?s={search_term_string}\"},\"query-input\":{\"@type\":\"PropertyValueSpecification\",\"valueRequired\":true,\"valueName\":\"search_term_string\"}}],\"inLanguage\":\"es\"},{\"@type\":\"Organization\",\"@id\":\"https:\/\/nuevodigitaldeescobar.com.ar\/#organization\",\"name\":\"Nuevo Digital de Escobar\",\"url\":\"https:\/\/nuevodigitaldeescobar.com.ar\/\",\"logo\":{\"@type\":\"ImageObject\",\"inLanguage\":\"es\",\"@id\":\"https:\/\/nuevodigitaldeescobar.com.ar\/#\/schema\/logo\/image\/\",\"url\":\"https:\/\/nuevodigitaldeescobar.com.ar\/wp-content\/uploads\/2025\/05\/cropped-logo-nuevo2.jpg\",\"contentUrl\":\"https:\/\/nuevodigitaldeescobar.com.ar\/wp-content\/uploads\/2025\/05\/cropped-logo-nuevo2.jpg\",\"width\":305,\"height\":305,\"caption\":\"Nuevo Digital de Escobar\"},\"image\":{\"@id\":\"https:\/\/nuevodigitaldeescobar.com.ar\/#\/schema\/logo\/image\/\"},\"sameAs\":[\"https:\/\/www.facebook.com\/NUEVODigitalDeEscobar\",\"https:\/\/x.com\/nuevodigescobar\",\"https:\/\/www.instagram.com\/nuevodigitaldeescobar\"]},{\"@type\":\"Person\",\"@id\":\"https:\/\/nuevodigitaldeescobar.com.ar\/#\/schema\/person\/035e90a8efe9a80e6eec22656ad6ea4c\",\"name\":\"Redacci\u00f3n\",\"image\":{\"@type\":\"ImageObject\",\"inLanguage\":\"es\",\"@id\":\"https:\/\/nuevodigitaldeescobar.com.ar\/#\/schema\/person\/image\/\",\"url\":\"https:\/\/secure.gravatar.com\/avatar\/8af8f40000c24e9eef3034f2be5998a372bb1389e64b1a4a36b3a7979142220d?s=96&d=mm&r=g\",\"contentUrl\":\"https:\/\/secure.gravatar.com\/avatar\/8af8f40000c24e9eef3034f2be5998a372bb1389e64b1a4a36b3a7979142220d?s=96&d=mm&r=g\",\"caption\":\"Redacci\u00f3n\"},\"sameAs\":[\"http:\/\/nuevodigitaldeescobar.com.ar\"],\"url\":\"https:\/\/nuevodigitaldeescobar.com.ar\/?author=1\"}]}<\/script>\n<!-- \/ Yoast SEO plugin. -->","yoast_head_json":{"title":"Dimitri, el alfajor escobarense que naci\u00f3 para representar la ciudad - Nuevo Digital de Escobar","robots":{"index":"index","follow":"follow","max-snippet":"max-snippet:-1","max-image-preview":"max-image-preview:large","max-video-preview":"max-video-preview:-1"},"canonical":"https:\/\/nuevodigitaldeescobar.com.ar\/?p=4346","og_locale":"es_ES","og_type":"article","og_title":"Dimitri, el alfajor escobarense que naci\u00f3 para representar la ciudad - Nuevo Digital de Escobar","og_description":"Amante de la gastronom\u00eda de toda la vida, un arquitecto que trabaj\u00f3 por d\u00e9cadas en Havanna decidi\u00f3 emprender un sue\u00f1o y crear un alfajor artesanal [&hellip;]","og_url":"https:\/\/nuevodigitaldeescobar.com.ar\/?p=4346","og_site_name":"Nuevo Digital de Escobar","article_publisher":"https:\/\/www.facebook.com\/NUEVODigitalDeEscobar","article_published_time":"2024-03-21T14:45:22+00:00","article_modified_time":"2024-03-21T15:04:58+00:00","og_image":[{"width":1597,"height":1024,"url":"https:\/\/nuevodigitaldeescobar.com.ar\/wp-content\/uploads\/2024\/03\/802891d7-126d-49b4-a486-7b5bfdbdbde7-e1711033466867.jpg","type":"image\/jpeg"}],"author":"Redacci\u00f3n","twitter_card":"summary_large_image","twitter_creator":"@nuevodigescobar","twitter_site":"@nuevodigescobar","twitter_misc":{"Escrito por":"Redacci\u00f3n","Tiempo de lectura":"3 minutos"},"schema":{"@context":"https:\/\/schema.org","@graph":[{"@type":"Article","@id":"https:\/\/nuevodigitaldeescobar.com.ar\/?p=4346#article","isPartOf":{"@id":"https:\/\/nuevodigitaldeescobar.com.ar\/?p=4346"},"author":{"name":"Redacci\u00f3n","@id":"https:\/\/nuevodigitaldeescobar.com.ar\/#\/schema\/person\/035e90a8efe9a80e6eec22656ad6ea4c"},"headline":"Dimitri, el alfajor escobarense que naci\u00f3 para representar la ciudad","datePublished":"2024-03-21T14:45:22+00:00","dateModified":"2024-03-21T15:04:58+00:00","mainEntityOfPage":{"@id":"https:\/\/nuevodigitaldeescobar.com.ar\/?p=4346"},"wordCount":539,"commentCount":0,"publisher":{"@id":"https:\/\/nuevodigitaldeescobar.com.ar\/#organization"},"image":{"@id":"https:\/\/nuevodigitaldeescobar.com.ar\/?p=4346#primaryimage"},"thumbnailUrl":"https:\/\/nuevodigitaldeescobar.com.ar\/wp-content\/uploads\/2024\/03\/802891d7-126d-49b4-a486-7b5bfdbdbde7-e1711033466867.jpg","keywords":["alfajor escobarense","Dimitri"],"articleSection":["Comercios"],"inLanguage":"es","potentialAction":[{"@type":"CommentAction","name":"Comment","target":["https:\/\/nuevodigitaldeescobar.com.ar\/?p=4346#respond"]}]},{"@type":"WebPage","@id":"https:\/\/nuevodigitaldeescobar.com.ar\/?p=4346","url":"https:\/\/nuevodigitaldeescobar.com.ar\/?p=4346","name":"Dimitri, el alfajor escobarense que naci\u00f3 para representar la ciudad - Nuevo Digital de Escobar","isPartOf":{"@id":"https:\/\/nuevodigitaldeescobar.com.ar\/#website"},"primaryImageOfPage":{"@id":"https:\/\/nuevodigitaldeescobar.com.ar\/?p=4346#primaryimage"},"image":{"@id":"https:\/\/nuevodigitaldeescobar.com.ar\/?p=4346#primaryimage"},"thumbnailUrl":"https:\/\/nuevodigitaldeescobar.com.ar\/wp-content\/uploads\/2024\/03\/802891d7-126d-49b4-a486-7b5bfdbdbde7-e1711033466867.jpg","datePublished":"2024-03-21T14:45:22+00:00","dateModified":"2024-03-21T15:04:58+00:00","breadcrumb":{"@id":"https:\/\/nuevodigitaldeescobar.com.ar\/?p=4346#breadcrumb"},"inLanguage":"es","potentialAction":[{"@type":"ReadAction","target":["https:\/\/nuevodigitaldeescobar.com.ar\/?p=4346"]}]},{"@type":"ImageObject","inLanguage":"es","@id":"https:\/\/nuevodigitaldeescobar.com.ar\/?p=4346#primaryimage","url":"https:\/\/nuevodigitaldeescobar.com.ar\/wp-content\/uploads\/2024\/03\/802891d7-126d-49b4-a486-7b5bfdbdbde7-e1711033466867.jpg","contentUrl":"https:\/\/nuevodigitaldeescobar.com.ar\/wp-content\/uploads\/2024\/03\/802891d7-126d-49b4-a486-7b5bfdbdbde7-e1711033466867.jpg","width":1597,"height":1024},{"@type":"BreadcrumbList","@id":"https:\/\/nuevodigitaldeescobar.com.ar\/?p=4346#breadcrumb","itemListElement":[{"@type":"ListItem","position":1,"name":"Portada","item":"https:\/\/nuevodigitaldeescobar.com.ar\/"},{"@type":"ListItem","position":2,"name":"Dimitri, el alfajor escobarense que naci\u00f3 para representar la ciudad"}]},{"@type":"WebSite","@id":"https:\/\/nuevodigitaldeescobar.com.ar\/#website","url":"https:\/\/nuevodigitaldeescobar.com.ar\/","name":"Nuevo Digital de Escobar","description":"La vida escobarense. Directora: Rosana Brunner","publisher":{"@id":"https:\/\/nuevodigitaldeescobar.com.ar\/#organization"},"potentialAction":[{"@type":"SearchAction","target":{"@type":"EntryPoint","urlTemplate":"https:\/\/nuevodigitaldeescobar.com.ar\/?s={search_term_string}"},"query-input":{"@type":"PropertyValueSpecification","valueRequired":true,"valueName":"search_term_string"}}],"inLanguage":"es"},{"@type":"Organization","@id":"https:\/\/nuevodigitaldeescobar.com.ar\/#organization","name":"Nuevo Digital de Escobar","url":"https:\/\/nuevodigitaldeescobar.com.ar\/","logo":{"@type":"ImageObject","inLanguage":"es","@id":"https:\/\/nuevodigitaldeescobar.com.ar\/#\/schema\/logo\/image\/","url":"https:\/\/nuevodigitaldeescobar.com.ar\/wp-content\/uploads\/2025\/05\/cropped-logo-nuevo2.jpg","contentUrl":"https:\/\/nuevodigitaldeescobar.com.ar\/wp-content\/uploads\/2025\/05\/cropped-logo-nuevo2.jpg","width":305,"height":305,"caption":"Nuevo Digital de Escobar"},"image":{"@id":"https:\/\/nuevodigitaldeescobar.com.ar\/#\/schema\/logo\/image\/"},"sameAs":["https:\/\/www.facebook.com\/NUEVODigitalDeEscobar","https:\/\/x.com\/nuevodigescobar","https:\/\/www.instagram.com\/nuevodigitaldeescobar"]},{"@type":"Person","@id":"https:\/\/nuevodigitaldeescobar.com.ar\/#\/schema\/person\/035e90a8efe9a80e6eec22656ad6ea4c","name":"Redacci\u00f3n","image":{"@type":"ImageObject","inLanguage":"es","@id":"https:\/\/nuevodigitaldeescobar.com.ar\/#\/schema\/person\/image\/","url":"https:\/\/secure.gravatar.com\/avatar\/8af8f40000c24e9eef3034f2be5998a372bb1389e64b1a4a36b3a7979142220d?s=96&d=mm&r=g","contentUrl":"https:\/\/secure.gravatar.com\/avatar\/8af8f40000c24e9eef3034f2be5998a372bb1389e64b1a4a36b3a7979142220d?s=96&d=mm&r=g","caption":"Redacci\u00f3n"},"sameAs":["http:\/\/nuevodigitaldeescobar.com.ar"],"url":"https:\/\/nuevodigitaldeescobar.com.ar\/?author=1"}]}},"featured_image_urls":{"full":["https:\/\/nuevodigitaldeescobar.com.ar\/wp-content\/uploads\/2024\/03\/802891d7-126d-49b4-a486-7b5bfdbdbde7-e1711033466867.jpg",1597,1024,false],"thumbnail":["https:\/\/nuevodigitaldeescobar.com.ar\/wp-content\/uploads\/2024\/03\/802891d7-126d-49b4-a486-7b5bfdbdbde7-e1711033466867-150x150.jpg",150,150,true],"medium":["https:\/\/nuevodigitaldeescobar.com.ar\/wp-content\/uploads\/2024\/03\/802891d7-126d-49b4-a486-7b5bfdbdbde7-e1711033466867-300x192.jpg",300,192,true],"medium_large":["https:\/\/nuevodigitaldeescobar.com.ar\/wp-content\/uploads\/2024\/03\/802891d7-126d-49b4-a486-7b5bfdbdbde7-e1711033466867-768x492.jpg",640,410,true],"large":["https:\/\/nuevodigitaldeescobar.com.ar\/wp-content\/uploads\/2024\/03\/802891d7-126d-49b4-a486-7b5bfdbdbde7-e1711033466867-1024x657.jpg",640,411,true],"1536x1536":["https:\/\/nuevodigitaldeescobar.com.ar\/wp-content\/uploads\/2024\/03\/802891d7-126d-49b4-a486-7b5bfdbdbde7-e1711033466867-1536x985.jpg",1536,985,true],"2048x2048":["https:\/\/nuevodigitaldeescobar.com.ar\/wp-content\/uploads\/2024\/03\/802891d7-126d-49b4-a486-7b5bfdbdbde7-e1711033466867.jpg",1597,1024,false]},"author_info":{"display_name":"Redacci\u00f3n","author_link":"https:\/\/nuevodigitaldeescobar.com.ar\/?author=1"},"category_info":"<a href=\"https:\/\/nuevodigitaldeescobar.com.ar\/?cat=207\" rel=\"category\">Comercios<\/a>","tag_info":"Comercios","comment_count":"0","_links":{"self":[{"href":"https:\/\/nuevodigitaldeescobar.com.ar\/index.php?rest_route=\/wp\/v2\/posts\/4346","targetHints":{"allow":["GET"]}}],"collection":[{"href":"https:\/\/nuevodigitaldeescobar.com.ar\/index.php?rest_route=\/wp\/v2\/posts"}],"about":[{"href":"https:\/\/nuevodigitaldeescobar.com.ar\/index.php?rest_route=\/wp\/v2\/types\/post"}],"author":[{"embeddable":true,"href":"https:\/\/nuevodigitaldeescobar.com.ar\/index.php?rest_route=\/wp\/v2\/users\/1"}],"replies":[{"embeddable":true,"href":"https:\/\/nuevodigitaldeescobar.com.ar\/index.php?rest_route=%2Fwp%2Fv2%2Fcomments&post=4346"}],"version-history":[{"count":2,"href":"https:\/\/nuevodigitaldeescobar.com.ar\/index.php?rest_route=\/wp\/v2\/posts\/4346\/revisions"}],"predecessor-version":[{"id":4354,"href":"https:\/\/nuevodigitaldeescobar.com.ar\/index.php?rest_route=\/wp\/v2\/posts\/4346\/revisions\/4354"}],"wp:featuredmedia":[{"embeddable":true,"href":"https:\/\/nuevodigitaldeescobar.com.ar\/index.php?rest_route=\/wp\/v2\/media\/4349"}],"wp:attachment":[{"href":"https:\/\/nuevodigitaldeescobar.com.ar\/index.php?rest_route=%2Fwp%2Fv2%2Fmedia&parent=4346"}],"wp:term":[{"taxonomy":"category","embeddable":true,"href":"https:\/\/nuevodigitaldeescobar.com.ar\/index.php?rest_route=%2Fwp%2Fv2%2Fcategories&post=4346"},{"taxonomy":"post_tag","embeddable":true,"href":"https:\/\/nuevodigitaldeescobar.com.ar\/index.php?rest_route=%2Fwp%2Fv2%2Ftags&post=4346"}],"curies":[{"name":"wp","href":"https:\/\/api.w.org\/{rel}","templated":true}]}}