{"id":438,"date":"2023-10-25T13:54:15","date_gmt":"2023-10-25T16:54:15","guid":{"rendered":"https:\/\/nuevodigitaldeescobar.com.ar\/?p=438"},"modified":"2023-10-25T13:54:17","modified_gmt":"2023-10-25T16:54:17","slug":"marijuan-pidio-la-baja-de-160-mil-planes-sociales-cuyos-beneficiarios-viajaron-al-exterior","status":"publish","type":"post","link":"https:\/\/nuevodigitaldeescobar.com.ar\/?p=438","title":{"rendered":"Mariju\u00e1n pidi\u00f3 la baja de 160 mil planes sociales cuyos beneficiarios viajaron al exterior"},"content":{"rendered":"<p><span style=\"color: #ff6600;\"><strong><em>El fiscal federal determin\u00f3, en una investigaci\u00f3n que genera un gran impacto pol\u00edtico, que hubo traslados en aviones, barcos, micros e incluso cruceros de lujo. Casi 160 mil personas que cobraban el plan viajaron al exterior.<\/em><\/strong><\/span><\/p>\n<p><!--more--><\/p>\n<p>El fiscal federal Guillermo Mariju\u00e1n denunci\u00f3 hoy que, desde 2020 a la actualidad, 159.919 beneficiarios del plan social <em>\u201cPotenciar Trabajo\u201d<\/em> viajaron al exterior, <em>\u201ccircunstancia palmariamente incompatible con el requisito de alta vulnerabilidad econ\u00f3mica exigida por el citado Programa\u201d<\/em> y pidi\u00f3 que se investigue a las autoridades que no controlaron el cumplimiento del programa, adem\u00e1s de la baja de quienes lo cobran.<\/p>\n<p><em>\u201cLa falta de control de las personas que ingresan a este Programa como asimismo la ausencia de cualquier tipo de monitoreo sobre las que se encuentran inscriptas, demuestra un desprecio absoluto por parte de los funcionarios p\u00fabicos que manejan esta cartera tan importante del Estado Nacional. Esta responsabilidad no solo recae sobre lo acontecido, pues en la medida en que no cesen estas conductas il\u00edcitas, se continuar\u00e1n pagando beneficios que no corresponden\u201d<\/em>, sostuvo el fiscal en la denuncia que present\u00f3 hoy. La causa qued\u00f3 a cargo de la jueza federal Mar\u00eda Servini.<\/p>\n<p>La Unidad Fiscal para la Investigaci\u00f3n de Delitos relativos a la Seguridad Social (UFISeS), a cargo de Mariju\u00e1n, inici\u00f3 en abril pasado una investigaci\u00f3n preliminar sobre los movimientos migratorios de los beneficiarios del Potenciar Trabajo. A principio de mes recibi\u00f3 la informaci\u00f3n oficial que concluy\u00f3 que a partir del 2020 -cuando se inici\u00f3 el programa- 159.919 titulares reflejaron un total de 812.906 movimientos migratorios.<\/p>\n<p>La informaci\u00f3n obtenida brind\u00f3 detalles de esos movimientos: 817 en cruceros, 29.076 en avi\u00f3n, 83.974 en embarcaciones, 199.977 en \u00f3mnibus, 349.835 de forma particular por auto, y los restantes 149.227 no se especific\u00f3. De los movimientos en avi\u00f3n 20.832 fueron por el Aeropuerto Internacional de Ezeiza, 6.595 por el Aeroparque Jorge Newbery y los restantes 1.649 desde otros aeropuertos nacionales. Tambi\u00e9n se detallaron las aerol\u00edneas.<\/p>\n<p><em>\u201cEn lo atinente a la duraci\u00f3n de los viajes registrados desde 2020, surge de la base recibida que: 19.858 duraron entre 21 y 30 d\u00edas; 14.823 entre 31 y 50 d\u00edas; y 21.911 m\u00e1s de 51 d\u00edas\u201d<\/em>, completa el informe.<\/p>\n<p>Pero el trabajo tambi\u00e9n contempla que desde 2009 la cantidad de personas que hicieron viajes al exterior alcanza a 211.977 con 1.458.217 movimientos migratorios. De esos movimientos, 1.465 se realizaron mediante cruceros, 43.483 se efectuaron por v\u00eda a\u00e9rea, 202.677 mediante embarcaciones, 359.223 a trav\u00e9s de \u00f3mnibus, 527.081 en forma particular con auto y en los restantes 324.288 no se encuentra especificado.<\/p>\n<p>La denuncia de Mariju\u00e1n se concentr\u00f3 con los actuales 160 mil beneficiarios del <em>\u201cPotenciar Trabajo\u201d<\/em> que viajaron al exterior. El fiscal explic\u00f3 que el plan est\u00e1 destinado a personas que se encuentran <em>\u201cen alto riesgo o estado de vulnerabilidad social\u201d<\/em> y\/o que se desempe\u00f1an <em>\u201cen alguna actividad de la Econom\u00eda Popular\u201d<\/em>.<\/p>\n<figure id=\"attachment_439\" aria-describedby=\"caption-attachment-439\" style=\"width: 720px\" class=\"wp-caption alignnone\"><img fetchpriority=\"high\" decoding=\"async\" class=\"size-full wp-image-439\" src=\"http:\/\/nuevodigitaldeescobar.com.ar\/wp-content\/uploads\/2023\/10\/epi-marijuan.jpg\" alt=\"\" width=\"720\" height=\"405\" srcset=\"https:\/\/nuevodigitaldeescobar.com.ar\/wp-content\/uploads\/2023\/10\/epi-marijuan.jpg 720w, https:\/\/nuevodigitaldeescobar.com.ar\/wp-content\/uploads\/2023\/10\/epi-marijuan-300x169.jpg 300w\" sizes=\"(max-width: 720px) 100vw, 720px\" \/><figcaption id=\"caption-attachment-439\" class=\"wp-caption-text\">El fiscal Mariju\u00e1n y la ministra Tolosa Paz.<\/figcaption><\/figure>\n<p><em>\u201cEs dable inferir que este plan asistencial no resulta compatible y en consecuencia no puede ser percibido por aquellos individuos que se encuentran en condiciones econ\u00f3micas de realizar viajes al exterior del pa\u00eds. En ese sentido se entiende que quienes viajaron, al menos en forma recurrente y a trav\u00e9s de medios de transporte onerosos como resultan ser aviones y cruceros, no precisar\u00edan de ninguna contenci\u00f3n estatal\u201d<\/em>, destac\u00f3.<\/p>\n<p>El fiscal denunci\u00f3 a las autoridades del Ministerio de Desarrollo Social, a cargo de Victoria Tolosa Paz -electa el domingo diputada de la Naci\u00f3n por la provincia de Buenos Aires- <em>\u201chan omitido sistem\u00e1ticamente efectuar los controles que les competen, propiciando que miles de personas siguieran cobrando un beneficio destinado a los m\u00e1s necesitados mientras viajaban al exterior, circunstancia palmariamente incompatible con el requisito de alta vulnerabilidad econ\u00f3mica exigida por el citado Programa\u201d<\/em>.<\/p>\n<h3><strong>Los cuadros con la informaci\u00f3n migratoria<\/strong><\/h3>\n<p><img decoding=\"async\" class=\"alignnone size-full wp-image-440\" src=\"http:\/\/nuevodigitaldeescobar.com.ar\/wp-content\/uploads\/2023\/10\/epi-planes-1.jpg\" alt=\"\" width=\"720\" height=\"528\" srcset=\"https:\/\/nuevodigitaldeescobar.com.ar\/wp-content\/uploads\/2023\/10\/epi-planes-1.jpg 720w, https:\/\/nuevodigitaldeescobar.com.ar\/wp-content\/uploads\/2023\/10\/epi-planes-1-300x220.jpg 300w\" sizes=\"(max-width: 720px) 100vw, 720px\" \/> <img decoding=\"async\" class=\"alignnone size-full wp-image-441\" src=\"http:\/\/nuevodigitaldeescobar.com.ar\/wp-content\/uploads\/2023\/10\/epi-planes-2.jpg\" alt=\"\" width=\"720\" height=\"575\" srcset=\"https:\/\/nuevodigitaldeescobar.com.ar\/wp-content\/uploads\/2023\/10\/epi-planes-2.jpg 720w, https:\/\/nuevodigitaldeescobar.com.ar\/wp-content\/uploads\/2023\/10\/epi-planes-2-300x240.jpg 300w\" sizes=\"(max-width: 720px) 100vw, 720px\" \/> <img loading=\"lazy\" decoding=\"async\" class=\"alignnone size-full wp-image-442\" src=\"http:\/\/nuevodigitaldeescobar.com.ar\/wp-content\/uploads\/2023\/10\/epi-planes-3.jpg\" alt=\"\" width=\"720\" height=\"616\" srcset=\"https:\/\/nuevodigitaldeescobar.com.ar\/wp-content\/uploads\/2023\/10\/epi-planes-3.jpg 720w, https:\/\/nuevodigitaldeescobar.com.ar\/wp-content\/uploads\/2023\/10\/epi-planes-3-300x257.jpg 300w\" sizes=\"(max-width: 720px) 100vw, 720px\" \/> <img loading=\"lazy\" decoding=\"async\" class=\"alignnone size-full wp-image-443\" src=\"http:\/\/nuevodigitaldeescobar.com.ar\/wp-content\/uploads\/2023\/10\/epi-planes-4.jpg\" alt=\"\" width=\"720\" height=\"586\" srcset=\"https:\/\/nuevodigitaldeescobar.com.ar\/wp-content\/uploads\/2023\/10\/epi-planes-4.jpg 720w, https:\/\/nuevodigitaldeescobar.com.ar\/wp-content\/uploads\/2023\/10\/epi-planes-4-300x244.jpg 300w\" sizes=\"(max-width: 720px) 100vw, 720px\" \/><\/p>\n<p>As\u00ed, la Fiscal\u00eda pidi\u00f3 que se abra una investigaci\u00f3n por el delito de violaci\u00f3n de los deberes de funcionario p\u00fablico. En la denuncia el fiscal no menciona a los funcionarios que deben ser imputados.<\/p>\n<p>El fiscal tambi\u00e9n pidi\u00f3 la baja de las personas que cobran el plan y viajaron al exterior para <em>\u201chacer cesar los efectos del delito\u201d<\/em>. <em>\u201cResulta necesario que estas 159.919 personas que desde el a\u00f1o 2020 han venido percibiendo el Programa Potenciar Trabajo y que se ha podido determinar que durante su vigencia viajaron al exterior, muchas de ellas en numerosas oportunidades, dejen de cobrarlo puesto que demuestran una capacidad econ\u00f3mica muy distinta a la de aquellos a los que se dirige esta ayuda estatal\u201d<\/em>, explic\u00f3.<\/p>\n<p>Por \u00faltimo, la Fiscal\u00eda se\u00f1al\u00f3 que por cada plan se pagan 66 mil pesos por mes, lo que en total son 10.554.654.000 mensuales. <em>\u201cAl multiplicar este monto por todos los meses transcurridos desde, al menos, principios del a\u00f1o 2020 estamos hablando de una suma multimillonaria que habr\u00eda perjudicado a las ya debilitadas arcas de la Naci\u00f3n\u201d<\/em>, concluy\u00f3.<\/p>\n<p><em>(Infobae)<\/em><\/p>\n","protected":false},"excerpt":{"rendered":"<p>El fiscal federal determin\u00f3, en una investigaci\u00f3n que genera un gran impacto pol\u00edtico, que hubo traslados en aviones, barcos, micros e incluso cruceros de lujo. [&hellip;]<\/p>\n","protected":false},"author":1,"featured_media":444,"comment_status":"open","ping_status":"closed","sticky":false,"template":"","format":"standard","meta":{"footnotes":""},"categories":[13,6],"tags":[],"class_list":["post-438","post","type-post","status-publish","format-standard","has-post-thumbnail","hentry","category-policiales","category-politica"],"better_featured_image":{"id":444,"alt_text":"","caption":"","description":"","media_type":"image","media_details":{"width":720,"height":405,"file":"2023\/10\/planes-1.jpg","filesize":83356,"sizes":{"medium":{"file":"planes-1-300x169.jpg","width":300,"height":169,"mime-type":"image\/jpeg","filesize":20569,"source_url":"https:\/\/nuevodigitaldeescobar.com.ar\/wp-content\/uploads\/2023\/10\/planes-1-300x169.jpg"},"thumbnail":{"file":"planes-1-150x150.jpg","width":150,"height":150,"mime-type":"image\/jpeg","filesize":11934,"source_url":"https:\/\/nuevodigitaldeescobar.com.ar\/wp-content\/uploads\/2023\/10\/planes-1-150x150.jpg"},"covernews-medium":{"file":"planes-1-540x340.jpg","width":540,"height":340,"mime-type":"image\/jpeg","filesize":56636,"source_url":"https:\/\/nuevodigitaldeescobar.com.ar\/wp-content\/uploads\/2023\/10\/planes-1-540x340.jpg"},"covernews-medium-square":{"file":"planes-1-400x250.jpg","width":400,"height":250,"mime-type":"image\/jpeg","filesize":35077,"source_url":"https:\/\/nuevodigitaldeescobar.com.ar\/wp-content\/uploads\/2023\/10\/planes-1-400x250.jpg"}},"image_meta":{"aperture":"0","credit":"","camera":"","caption":"","created_timestamp":"0","copyright":"","focal_length":"0","iso":"0","shutter_speed":"0","title":"","orientation":"0","keywords":[]}},"post":438,"source_url":"https:\/\/nuevodigitaldeescobar.com.ar\/wp-content\/uploads\/2023\/10\/planes-1.jpg"},"yoast_head":"<!-- This site is optimized with the Yoast SEO plugin v26.1.1 - https:\/\/yoast.com\/wordpress\/plugins\/seo\/ -->\n<title>Mariju\u00e1n pidi\u00f3 la baja de 160 mil planes sociales cuyos beneficiarios viajaron al exterior - Nuevo Digital de Escobar<\/title>\n<meta name=\"robots\" content=\"index, follow, max-snippet:-1, max-image-preview:large, max-video-preview:-1\" \/>\n<link rel=\"canonical\" href=\"https:\/\/nuevodigitaldeescobar.com.ar\/?p=438\" \/>\n<meta property=\"og:locale\" content=\"es_ES\" \/>\n<meta property=\"og:type\" content=\"article\" \/>\n<meta property=\"og:title\" content=\"Mariju\u00e1n pidi\u00f3 la baja de 160 mil planes sociales cuyos beneficiarios viajaron al exterior - Nuevo Digital de Escobar\" \/>\n<meta property=\"og:description\" content=\"El fiscal federal determin\u00f3, en una investigaci\u00f3n que genera un gran impacto pol\u00edtico, que hubo traslados en aviones, barcos, micros e incluso cruceros de lujo. [&hellip;]\" \/>\n<meta property=\"og:url\" content=\"https:\/\/nuevodigitaldeescobar.com.ar\/?p=438\" \/>\n<meta property=\"og:site_name\" content=\"Nuevo Digital de Escobar\" \/>\n<meta property=\"article:publisher\" content=\"https:\/\/www.facebook.com\/NUEVODigitalDeEscobar\" \/>\n<meta property=\"article:published_time\" content=\"2023-10-25T16:54:15+00:00\" \/>\n<meta property=\"article:modified_time\" content=\"2023-10-25T16:54:17+00:00\" \/>\n<meta property=\"og:image\" content=\"https:\/\/nuevodigitaldeescobar.com.ar\/wp-content\/uploads\/2023\/10\/planes-1.jpg\" \/>\n\t<meta property=\"og:image:width\" content=\"720\" \/>\n\t<meta property=\"og:image:height\" content=\"405\" \/>\n\t<meta property=\"og:image:type\" content=\"image\/jpeg\" \/>\n<meta name=\"author\" content=\"Redacci\u00f3n\" \/>\n<meta name=\"twitter:card\" content=\"summary_large_image\" \/>\n<meta name=\"twitter:creator\" content=\"@nuevodigescobar\" \/>\n<meta name=\"twitter:site\" content=\"@nuevodigescobar\" \/>\n<meta name=\"twitter:label1\" content=\"Escrito por\" \/>\n\t<meta name=\"twitter:data1\" content=\"Redacci\u00f3n\" \/>\n\t<meta name=\"twitter:label2\" content=\"Tiempo de lectura\" \/>\n\t<meta name=\"twitter:data2\" content=\"4 minutos\" \/>\n<script type=\"application\/ld+json\" class=\"yoast-schema-graph\">{\"@context\":\"https:\/\/schema.org\",\"@graph\":[{\"@type\":\"Article\",\"@id\":\"https:\/\/nuevodigitaldeescobar.com.ar\/?p=438#article\",\"isPartOf\":{\"@id\":\"https:\/\/nuevodigitaldeescobar.com.ar\/?p=438\"},\"author\":{\"name\":\"Redacci\u00f3n\",\"@id\":\"https:\/\/nuevodigitaldeescobar.com.ar\/#\/schema\/person\/035e90a8efe9a80e6eec22656ad6ea4c\"},\"headline\":\"Mariju\u00e1n pidi\u00f3 la baja de 160 mil planes sociales cuyos beneficiarios viajaron al exterior\",\"datePublished\":\"2023-10-25T16:54:15+00:00\",\"dateModified\":\"2023-10-25T16:54:17+00:00\",\"mainEntityOfPage\":{\"@id\":\"https:\/\/nuevodigitaldeescobar.com.ar\/?p=438\"},\"wordCount\":836,\"commentCount\":0,\"publisher\":{\"@id\":\"https:\/\/nuevodigitaldeescobar.com.ar\/#organization\"},\"image\":{\"@id\":\"https:\/\/nuevodigitaldeescobar.com.ar\/?p=438#primaryimage\"},\"thumbnailUrl\":\"https:\/\/nuevodigitaldeescobar.com.ar\/wp-content\/uploads\/2023\/10\/planes-1.jpg\",\"articleSection\":[\"Policiales\",\"Pol\u00edtica\"],\"inLanguage\":\"es\",\"potentialAction\":[{\"@type\":\"CommentAction\",\"name\":\"Comment\",\"target\":[\"https:\/\/nuevodigitaldeescobar.com.ar\/?p=438#respond\"]}]},{\"@type\":\"WebPage\",\"@id\":\"https:\/\/nuevodigitaldeescobar.com.ar\/?p=438\",\"url\":\"https:\/\/nuevodigitaldeescobar.com.ar\/?p=438\",\"name\":\"Mariju\u00e1n pidi\u00f3 la baja de 160 mil planes sociales cuyos beneficiarios viajaron al exterior - Nuevo Digital de Escobar\",\"isPartOf\":{\"@id\":\"https:\/\/nuevodigitaldeescobar.com.ar\/#website\"},\"primaryImageOfPage\":{\"@id\":\"https:\/\/nuevodigitaldeescobar.com.ar\/?p=438#primaryimage\"},\"image\":{\"@id\":\"https:\/\/nuevodigitaldeescobar.com.ar\/?p=438#primaryimage\"},\"thumbnailUrl\":\"https:\/\/nuevodigitaldeescobar.com.ar\/wp-content\/uploads\/2023\/10\/planes-1.jpg\",\"datePublished\":\"2023-10-25T16:54:15+00:00\",\"dateModified\":\"2023-10-25T16:54:17+00:00\",\"breadcrumb\":{\"@id\":\"https:\/\/nuevodigitaldeescobar.com.ar\/?p=438#breadcrumb\"},\"inLanguage\":\"es\",\"potentialAction\":[{\"@type\":\"ReadAction\",\"target\":[\"https:\/\/nuevodigitaldeescobar.com.ar\/?p=438\"]}]},{\"@type\":\"ImageObject\",\"inLanguage\":\"es\",\"@id\":\"https:\/\/nuevodigitaldeescobar.com.ar\/?p=438#primaryimage\",\"url\":\"https:\/\/nuevodigitaldeescobar.com.ar\/wp-content\/uploads\/2023\/10\/planes-1.jpg\",\"contentUrl\":\"https:\/\/nuevodigitaldeescobar.com.ar\/wp-content\/uploads\/2023\/10\/planes-1.jpg\",\"width\":720,\"height\":405},{\"@type\":\"BreadcrumbList\",\"@id\":\"https:\/\/nuevodigitaldeescobar.com.ar\/?p=438#breadcrumb\",\"itemListElement\":[{\"@type\":\"ListItem\",\"position\":1,\"name\":\"Portada\",\"item\":\"https:\/\/nuevodigitaldeescobar.com.ar\/\"},{\"@type\":\"ListItem\",\"position\":2,\"name\":\"Mariju\u00e1n pidi\u00f3 la baja de 160 mil planes sociales cuyos beneficiarios viajaron al exterior\"}]},{\"@type\":\"WebSite\",\"@id\":\"https:\/\/nuevodigitaldeescobar.com.ar\/#website\",\"url\":\"https:\/\/nuevodigitaldeescobar.com.ar\/\",\"name\":\"Nuevo Digital de Escobar\",\"description\":\"La vida escobarense. Directora: Rosana Brunner\",\"publisher\":{\"@id\":\"https:\/\/nuevodigitaldeescobar.com.ar\/#organization\"},\"potentialAction\":[{\"@type\":\"SearchAction\",\"target\":{\"@type\":\"EntryPoint\",\"urlTemplate\":\"https:\/\/nuevodigitaldeescobar.com.ar\/?s={search_term_string}\"},\"query-input\":{\"@type\":\"PropertyValueSpecification\",\"valueRequired\":true,\"valueName\":\"search_term_string\"}}],\"inLanguage\":\"es\"},{\"@type\":\"Organization\",\"@id\":\"https:\/\/nuevodigitaldeescobar.com.ar\/#organization\",\"name\":\"Nuevo Digital de Escobar\",\"url\":\"https:\/\/nuevodigitaldeescobar.com.ar\/\",\"logo\":{\"@type\":\"ImageObject\",\"inLanguage\":\"es\",\"@id\":\"https:\/\/nuevodigitaldeescobar.com.ar\/#\/schema\/logo\/image\/\",\"url\":\"https:\/\/nuevodigitaldeescobar.com.ar\/wp-content\/uploads\/2025\/05\/cropped-logo-nuevo2.jpg\",\"contentUrl\":\"https:\/\/nuevodigitaldeescobar.com.ar\/wp-content\/uploads\/2025\/05\/cropped-logo-nuevo2.jpg\",\"width\":305,\"height\":305,\"caption\":\"Nuevo Digital de Escobar\"},\"image\":{\"@id\":\"https:\/\/nuevodigitaldeescobar.com.ar\/#\/schema\/logo\/image\/\"},\"sameAs\":[\"https:\/\/www.facebook.com\/NUEVODigitalDeEscobar\",\"https:\/\/x.com\/nuevodigescobar\",\"https:\/\/www.instagram.com\/nuevodigitaldeescobar\"]},{\"@type\":\"Person\",\"@id\":\"https:\/\/nuevodigitaldeescobar.com.ar\/#\/schema\/person\/035e90a8efe9a80e6eec22656ad6ea4c\",\"name\":\"Redacci\u00f3n\",\"image\":{\"@type\":\"ImageObject\",\"inLanguage\":\"es\",\"@id\":\"https:\/\/nuevodigitaldeescobar.com.ar\/#\/schema\/person\/image\/\",\"url\":\"https:\/\/secure.gravatar.com\/avatar\/8af8f40000c24e9eef3034f2be5998a372bb1389e64b1a4a36b3a7979142220d?s=96&d=mm&r=g\",\"contentUrl\":\"https:\/\/secure.gravatar.com\/avatar\/8af8f40000c24e9eef3034f2be5998a372bb1389e64b1a4a36b3a7979142220d?s=96&d=mm&r=g\",\"caption\":\"Redacci\u00f3n\"},\"sameAs\":[\"http:\/\/nuevodigitaldeescobar.com.ar\"],\"url\":\"https:\/\/nuevodigitaldeescobar.com.ar\/?author=1\"}]}<\/script>\n<!-- \/ Yoast SEO plugin. -->","yoast_head_json":{"title":"Mariju\u00e1n pidi\u00f3 la baja de 160 mil planes sociales cuyos beneficiarios viajaron al exterior - Nuevo Digital de Escobar","robots":{"index":"index","follow":"follow","max-snippet":"max-snippet:-1","max-image-preview":"max-image-preview:large","max-video-preview":"max-video-preview:-1"},"canonical":"https:\/\/nuevodigitaldeescobar.com.ar\/?p=438","og_locale":"es_ES","og_type":"article","og_title":"Mariju\u00e1n pidi\u00f3 la baja de 160 mil planes sociales cuyos beneficiarios viajaron al exterior - Nuevo Digital de Escobar","og_description":"El fiscal federal determin\u00f3, en una investigaci\u00f3n que genera un gran impacto pol\u00edtico, que hubo traslados en aviones, barcos, micros e incluso cruceros de lujo. [&hellip;]","og_url":"https:\/\/nuevodigitaldeescobar.com.ar\/?p=438","og_site_name":"Nuevo Digital de Escobar","article_publisher":"https:\/\/www.facebook.com\/NUEVODigitalDeEscobar","article_published_time":"2023-10-25T16:54:15+00:00","article_modified_time":"2023-10-25T16:54:17+00:00","og_image":[{"width":720,"height":405,"url":"https:\/\/nuevodigitaldeescobar.com.ar\/wp-content\/uploads\/2023\/10\/planes-1.jpg","type":"image\/jpeg"}],"author":"Redacci\u00f3n","twitter_card":"summary_large_image","twitter_creator":"@nuevodigescobar","twitter_site":"@nuevodigescobar","twitter_misc":{"Escrito por":"Redacci\u00f3n","Tiempo de lectura":"4 minutos"},"schema":{"@context":"https:\/\/schema.org","@graph":[{"@type":"Article","@id":"https:\/\/nuevodigitaldeescobar.com.ar\/?p=438#article","isPartOf":{"@id":"https:\/\/nuevodigitaldeescobar.com.ar\/?p=438"},"author":{"name":"Redacci\u00f3n","@id":"https:\/\/nuevodigitaldeescobar.com.ar\/#\/schema\/person\/035e90a8efe9a80e6eec22656ad6ea4c"},"headline":"Mariju\u00e1n pidi\u00f3 la baja de 160 mil planes sociales cuyos beneficiarios viajaron al exterior","datePublished":"2023-10-25T16:54:15+00:00","dateModified":"2023-10-25T16:54:17+00:00","mainEntityOfPage":{"@id":"https:\/\/nuevodigitaldeescobar.com.ar\/?p=438"},"wordCount":836,"commentCount":0,"publisher":{"@id":"https:\/\/nuevodigitaldeescobar.com.ar\/#organization"},"image":{"@id":"https:\/\/nuevodigitaldeescobar.com.ar\/?p=438#primaryimage"},"thumbnailUrl":"https:\/\/nuevodigitaldeescobar.com.ar\/wp-content\/uploads\/2023\/10\/planes-1.jpg","articleSection":["Policiales","Pol\u00edtica"],"inLanguage":"es","potentialAction":[{"@type":"CommentAction","name":"Comment","target":["https:\/\/nuevodigitaldeescobar.com.ar\/?p=438#respond"]}]},{"@type":"WebPage","@id":"https:\/\/nuevodigitaldeescobar.com.ar\/?p=438","url":"https:\/\/nuevodigitaldeescobar.com.ar\/?p=438","name":"Mariju\u00e1n pidi\u00f3 la baja de 160 mil planes sociales cuyos beneficiarios viajaron al exterior - Nuevo Digital de Escobar","isPartOf":{"@id":"https:\/\/nuevodigitaldeescobar.com.ar\/#website"},"primaryImageOfPage":{"@id":"https:\/\/nuevodigitaldeescobar.com.ar\/?p=438#primaryimage"},"image":{"@id":"https:\/\/nuevodigitaldeescobar.com.ar\/?p=438#primaryimage"},"thumbnailUrl":"https:\/\/nuevodigitaldeescobar.com.ar\/wp-content\/uploads\/2023\/10\/planes-1.jpg","datePublished":"2023-10-25T16:54:15+00:00","dateModified":"2023-10-25T16:54:17+00:00","breadcrumb":{"@id":"https:\/\/nuevodigitaldeescobar.com.ar\/?p=438#breadcrumb"},"inLanguage":"es","potentialAction":[{"@type":"ReadAction","target":["https:\/\/nuevodigitaldeescobar.com.ar\/?p=438"]}]},{"@type":"ImageObject","inLanguage":"es","@id":"https:\/\/nuevodigitaldeescobar.com.ar\/?p=438#primaryimage","url":"https:\/\/nuevodigitaldeescobar.com.ar\/wp-content\/uploads\/2023\/10\/planes-1.jpg","contentUrl":"https:\/\/nuevodigitaldeescobar.com.ar\/wp-content\/uploads\/2023\/10\/planes-1.jpg","width":720,"height":405},{"@type":"BreadcrumbList","@id":"https:\/\/nuevodigitaldeescobar.com.ar\/?p=438#breadcrumb","itemListElement":[{"@type":"ListItem","position":1,"name":"Portada","item":"https:\/\/nuevodigitaldeescobar.com.ar\/"},{"@type":"ListItem","position":2,"name":"Mariju\u00e1n pidi\u00f3 la baja de 160 mil planes sociales cuyos beneficiarios viajaron al exterior"}]},{"@type":"WebSite","@id":"https:\/\/nuevodigitaldeescobar.com.ar\/#website","url":"https:\/\/nuevodigitaldeescobar.com.ar\/","name":"Nuevo Digital de Escobar","description":"La vida escobarense. Directora: Rosana Brunner","publisher":{"@id":"https:\/\/nuevodigitaldeescobar.com.ar\/#organization"},"potentialAction":[{"@type":"SearchAction","target":{"@type":"EntryPoint","urlTemplate":"https:\/\/nuevodigitaldeescobar.com.ar\/?s={search_term_string}"},"query-input":{"@type":"PropertyValueSpecification","valueRequired":true,"valueName":"search_term_string"}}],"inLanguage":"es"},{"@type":"Organization","@id":"https:\/\/nuevodigitaldeescobar.com.ar\/#organization","name":"Nuevo Digital de Escobar","url":"https:\/\/nuevodigitaldeescobar.com.ar\/","logo":{"@type":"ImageObject","inLanguage":"es","@id":"https:\/\/nuevodigitaldeescobar.com.ar\/#\/schema\/logo\/image\/","url":"https:\/\/nuevodigitaldeescobar.com.ar\/wp-content\/uploads\/2025\/05\/cropped-logo-nuevo2.jpg","contentUrl":"https:\/\/nuevodigitaldeescobar.com.ar\/wp-content\/uploads\/2025\/05\/cropped-logo-nuevo2.jpg","width":305,"height":305,"caption":"Nuevo Digital de Escobar"},"image":{"@id":"https:\/\/nuevodigitaldeescobar.com.ar\/#\/schema\/logo\/image\/"},"sameAs":["https:\/\/www.facebook.com\/NUEVODigitalDeEscobar","https:\/\/x.com\/nuevodigescobar","https:\/\/www.instagram.com\/nuevodigitaldeescobar"]},{"@type":"Person","@id":"https:\/\/nuevodigitaldeescobar.com.ar\/#\/schema\/person\/035e90a8efe9a80e6eec22656ad6ea4c","name":"Redacci\u00f3n","image":{"@type":"ImageObject","inLanguage":"es","@id":"https:\/\/nuevodigitaldeescobar.com.ar\/#\/schema\/person\/image\/","url":"https:\/\/secure.gravatar.com\/avatar\/8af8f40000c24e9eef3034f2be5998a372bb1389e64b1a4a36b3a7979142220d?s=96&d=mm&r=g","contentUrl":"https:\/\/secure.gravatar.com\/avatar\/8af8f40000c24e9eef3034f2be5998a372bb1389e64b1a4a36b3a7979142220d?s=96&d=mm&r=g","caption":"Redacci\u00f3n"},"sameAs":["http:\/\/nuevodigitaldeescobar.com.ar"],"url":"https:\/\/nuevodigitaldeescobar.com.ar\/?author=1"}]}},"featured_image_urls":{"full":["https:\/\/nuevodigitaldeescobar.com.ar\/wp-content\/uploads\/2023\/10\/planes-1.jpg",720,405,false],"thumbnail":["https:\/\/nuevodigitaldeescobar.com.ar\/wp-content\/uploads\/2023\/10\/planes-1-150x150.jpg",150,150,true],"medium":["https:\/\/nuevodigitaldeescobar.com.ar\/wp-content\/uploads\/2023\/10\/planes-1-300x169.jpg",300,169,true],"medium_large":["https:\/\/nuevodigitaldeescobar.com.ar\/wp-content\/uploads\/2023\/10\/planes-1.jpg",640,360,false],"large":["https:\/\/nuevodigitaldeescobar.com.ar\/wp-content\/uploads\/2023\/10\/planes-1.jpg",640,360,false],"1536x1536":["https:\/\/nuevodigitaldeescobar.com.ar\/wp-content\/uploads\/2023\/10\/planes-1.jpg",720,405,false],"2048x2048":["https:\/\/nuevodigitaldeescobar.com.ar\/wp-content\/uploads\/2023\/10\/planes-1.jpg",720,405,false]},"author_info":{"display_name":"Redacci\u00f3n","author_link":"https:\/\/nuevodigitaldeescobar.com.ar\/?author=1"},"category_info":"<a href=\"https:\/\/nuevodigitaldeescobar.com.ar\/?cat=13\" rel=\"category\">Policiales<\/a> <a href=\"https:\/\/nuevodigitaldeescobar.com.ar\/?cat=6\" rel=\"category\">Pol\u00edtica<\/a>","tag_info":"Pol\u00edtica","comment_count":"0","_links":{"self":[{"href":"https:\/\/nuevodigitaldeescobar.com.ar\/index.php?rest_route=\/wp\/v2\/posts\/438","targetHints":{"allow":["GET"]}}],"collection":[{"href":"https:\/\/nuevodigitaldeescobar.com.ar\/index.php?rest_route=\/wp\/v2\/posts"}],"about":[{"href":"https:\/\/nuevodigitaldeescobar.com.ar\/index.php?rest_route=\/wp\/v2\/types\/post"}],"author":[{"embeddable":true,"href":"https:\/\/nuevodigitaldeescobar.com.ar\/index.php?rest_route=\/wp\/v2\/users\/1"}],"replies":[{"embeddable":true,"href":"https:\/\/nuevodigitaldeescobar.com.ar\/index.php?rest_route=%2Fwp%2Fv2%2Fcomments&post=438"}],"version-history":[{"count":1,"href":"https:\/\/nuevodigitaldeescobar.com.ar\/index.php?rest_route=\/wp\/v2\/posts\/438\/revisions"}],"predecessor-version":[{"id":445,"href":"https:\/\/nuevodigitaldeescobar.com.ar\/index.php?rest_route=\/wp\/v2\/posts\/438\/revisions\/445"}],"wp:featuredmedia":[{"embeddable":true,"href":"https:\/\/nuevodigitaldeescobar.com.ar\/index.php?rest_route=\/wp\/v2\/media\/444"}],"wp:attachment":[{"href":"https:\/\/nuevodigitaldeescobar.com.ar\/index.php?rest_route=%2Fwp%2Fv2%2Fmedia&parent=438"}],"wp:term":[{"taxonomy":"category","embeddable":true,"href":"https:\/\/nuevodigitaldeescobar.com.ar\/index.php?rest_route=%2Fwp%2Fv2%2Fcategories&post=438"},{"taxonomy":"post_tag","embeddable":true,"href":"https:\/\/nuevodigitaldeescobar.com.ar\/index.php?rest_route=%2Fwp%2Fv2%2Ftags&post=438"}],"curies":[{"name":"wp","href":"https:\/\/api.w.org\/{rel}","templated":true}]}}